{"id":27502,"date":"2022-04-01T12:19:31","date_gmt":"2022-04-01T19:19:31","guid":{"rendered":"https:\/\/fuentesfidedignas.com.mx\/?p=27502"},"modified":"2022-04-01T12:27:29","modified_gmt":"2022-04-01T19:27:29","slug":"a-banarse-dan-luz-verde-para-utilizar-playas-de-sinaloa-durante-semana-santa","status":"publish","type":"post","link":"https:\/\/fuentesfidedignas.com.mx\/index.php\/2022\/04\/01\/a-banarse-dan-luz-verde-para-utilizar-playas-de-sinaloa-durante-semana-santa\/","title":{"rendered":"\u00a1A ba\u00f1arse! Dan luz verde para utilizar playas de Sinaloa durante Semana Santa"},"content":{"rendered":"\n<p><strong><em>Esta evaluaci\u00f3n federal que cada a\u00f1o se realiza, previa al periodo vacacional por Semana Mayor.<\/em><\/strong><\/p>\n\n\n\n<p>Culiac\u00e1n, Sin.- Tras concluir el monitoreo a las playas en el estado, que encabeza la Comisi\u00f3n Federal de Protecci\u00f3n contra Riesgos Sanitarios (Cofepris) en coordinaci\u00f3n con la Secretar\u00eda de Salud, a trav\u00e9s de la Comisi\u00f3n Estatal para la Protecci\u00f3n contra Riesgos Sanitarios de Sinaloa (Coepriss), se establece que son aptas para uso recreativo.<\/p>\n\n\n\n<p>Al dar a conocer lo anterior, el titular de la Coepriss, Ing. Luis Alonso Garc\u00eda Corrales, dijo que, en atenci\u00f3n a las instrucciones del gobernador, Dr. Rub\u00e9n Rocha Moya, y del secretario de Salud, Mtro. H\u00e9ctor Melesio Cu\u00e9n Ojeda, participaron en esta evaluaci\u00f3n federal que cada a\u00f1o se realiza, previa al periodo vacacional de Semana Santa.<\/p>\n\n\n\n<p>\u201cConforme al calendario de la Cofepris para la realizaci\u00f3n de los muestreos, se determin\u00f3 que en cuanto la determinaci\u00f3n de los enterococos, dichos niveles se encuentran muy por debajo del l\u00edmite establecido (&lt;200 NMP\/100 ml); esto fue gracias a la media geom\u00e9trica de seis muestreos en cada uno de los puntos fijados, resultando las playas seguras y sin riesgo a la salud de los usuarios\u201d, asent\u00f3.<\/p>\n\n\n\n<p>En ese sentido, Garc\u00eda Corrales expuso que se realizaron 186 muestreos en las 22 playas incluidas en el programa: El Maviri (Ahome), Las Glorias (Guasave), Altata y El Tambor (Navolato), Playas de Ponce (Culiac\u00e1n), Cerritos, Zona Dorada I, Zona Dorada III, Zona dorada IV, Isla el Venado, Zona Dorada VI, Del Mar, Playa Norte, Los Pinos, Olas Altas, Isla del Chivo, Isla de La Piedra y El Card\u00f3n (Bah\u00eda de Mazatl\u00e1n) y, en el municipio de Escuinapa: Las Lupitas, Teacap\u00e1n y Las Cabras-Isla del Bosque.<\/p>\n\n\n\n<p>Cabe se\u00f1alar que el objetivo de estos muestreos prevacacionales, que se realizan en las principales playas tur\u00edsticas de M\u00e9xico, es informar de la aptitud para uso recreativo de las mismas, los resultados son difundidos en las p\u00e1ginas de Cofepris y de los organismos de salud estatales, as\u00ed como de y medios de comunicaci\u00f3n locales y nacionales.<\/p>\n","protected":false},"excerpt":{"rendered":"<p>Esta evaluaci\u00f3n federal que cada a\u00f1o se realiza, previa al periodo vacacional por Semana Mayor. Culiac\u00e1n, Sin.- Tras concluir el monitoreo a las playas en el estado, que encabeza la Comisi\u00f3n Federal de Protecci\u00f3n contra Riesgos Sanitarios (Cofepris) en coordinaci\u00f3n con la Secretar\u00eda de Salud, a trav\u00e9s de la Comisi\u00f3n Estatal para la Protecci\u00f3n contra [&hellip;]<\/p>\n","protected":false},"author":4,"featured_media":27506,"comment_status":"open","ping_status":"open","sticky":false,"template":"","format":"standard","meta":{"tdm_status":"","tdm_grid_status":"","footnotes":""},"categories":[37],"tags":[],"class_list":{"0":"post-27502","1":"post","2":"type-post","3":"status-publish","4":"format-standard","5":"has-post-thumbnail","7":"category-nota-principal"},"yoast_head":"<!-- This site is optimized with the Yoast SEO plugin v27.5 - https:\/\/yoast.com\/product\/yoast-seo-wordpress\/ -->\n<title>\u00a1A ba\u00f1arse! Dan luz verde para utilizar playas de Sinaloa durante Semana Santa - Fuentes Fidedignas<\/title>\n<meta name=\"robots\" content=\"index, follow, max-snippet:-1, max-image-preview:large, max-video-preview:-1\" \/>\n<link rel=\"canonical\" href=\"https:\/\/fuentesfidedignas.com.mx\/index.php\/2022\/04\/01\/a-banarse-dan-luz-verde-para-utilizar-playas-de-sinaloa-durante-semana-santa\/\" \/>\n<meta property=\"og:locale\" content=\"es_MX\" \/>\n<meta property=\"og:type\" content=\"article\" \/>\n<meta property=\"og:title\" content=\"\u00a1A ba\u00f1arse! Dan luz verde para utilizar playas de Sinaloa durante Semana Santa - Fuentes Fidedignas\" \/>\n<meta property=\"og:description\" content=\"Esta evaluaci\u00f3n federal que cada a\u00f1o se realiza, previa al periodo vacacional por Semana Mayor. Culiac\u00e1n, Sin.- Tras concluir el monitoreo a las playas en el estado, que encabeza la Comisi\u00f3n Federal de Protecci\u00f3n contra Riesgos Sanitarios (Cofepris) en coordinaci\u00f3n con la Secretar\u00eda de Salud, a trav\u00e9s de la Comisi\u00f3n Estatal para la Protecci\u00f3n contra [&hellip;]\" \/>\n<meta property=\"og:url\" content=\"https:\/\/fuentesfidedignas.com.mx\/index.php\/2022\/04\/01\/a-banarse-dan-luz-verde-para-utilizar-playas-de-sinaloa-durante-semana-santa\/\" \/>\n<meta property=\"og:site_name\" content=\"Fuentes Fidedignas\" \/>\n<meta property=\"article:publisher\" content=\"https:\/\/www.facebook.com\/Fuentes-Fidedignas-368234489921644\" \/>\n<meta property=\"article:published_time\" content=\"2022-04-01T19:19:31+00:00\" \/>\n<meta property=\"article:modified_time\" content=\"2022-04-01T19:27:29+00:00\" \/>\n<meta property=\"og:image\" content=\"https:\/\/fuentesfidedignas.com.mx\/wp-content\/uploads\/2022\/04\/ALTATA_AGUA.jpg\" \/>\n\t<meta property=\"og:image:width\" content=\"1280\" \/>\n\t<meta property=\"og:image:height\" content=\"960\" \/>\n\t<meta property=\"og:image:type\" content=\"image\/jpeg\" \/>\n<meta name=\"author\" content=\"Redacci\u00f3n\" \/>\n<meta name=\"twitter:card\" content=\"summary_large_image\" \/>\n<meta name=\"twitter:creator\" content=\"@fidedignas\" \/>\n<meta name=\"twitter:site\" content=\"@fidedignas\" \/>\n<meta name=\"twitter:label1\" content=\"Escrito por\" \/>\n\t<meta name=\"twitter:data1\" content=\"Redacci\u00f3n\" \/>\n\t<meta name=\"twitter:label2\" content=\"Tiempo de lectura\" \/>\n\t<meta name=\"twitter:data2\" content=\"2 minutos\" \/>\n<script type=\"application\/ld+json\" class=\"yoast-schema-graph\">{\"@context\":\"https:\\\/\\\/schema.org\",\"@graph\":[{\"@type\":\"Article\",\"@id\":\"https:\\\/\\\/fuentesfidedignas.com.mx\\\/index.php\\\/2022\\\/04\\\/01\\\/a-banarse-dan-luz-verde-para-utilizar-playas-de-sinaloa-durante-semana-santa\\\/#article\",\"isPartOf\":{\"@id\":\"https:\\\/\\\/fuentesfidedignas.com.mx\\\/index.php\\\/2022\\\/04\\\/01\\\/a-banarse-dan-luz-verde-para-utilizar-playas-de-sinaloa-durante-semana-santa\\\/\"},\"author\":{\"name\":\"Redacci\u00f3n\",\"@id\":\"https:\\\/\\\/fuentesfidedignas.com.mx\\\/#\\\/schema\\\/person\\\/331be9283d37198e2acd5750279085b0\"},\"headline\":\"\u00a1A ba\u00f1arse! Dan luz verde para utilizar playas de Sinaloa durante Semana Santa\",\"datePublished\":\"2022-04-01T19:19:31+00:00\",\"dateModified\":\"2022-04-01T19:27:29+00:00\",\"mainEntityOfPage\":{\"@id\":\"https:\\\/\\\/fuentesfidedignas.com.mx\\\/index.php\\\/2022\\\/04\\\/01\\\/a-banarse-dan-luz-verde-para-utilizar-playas-de-sinaloa-durante-semana-santa\\\/\"},\"wordCount\":376,\"commentCount\":0,\"publisher\":{\"@id\":\"https:\\\/\\\/fuentesfidedignas.com.mx\\\/#organization\"},\"image\":{\"@id\":\"https:\\\/\\\/fuentesfidedignas.com.mx\\\/index.php\\\/2022\\\/04\\\/01\\\/a-banarse-dan-luz-verde-para-utilizar-playas-de-sinaloa-durante-semana-santa\\\/#primaryimage\"},\"thumbnailUrl\":\"https:\\\/\\\/fuentesfidedignas.com.mx\\\/wp-content\\\/uploads\\\/2022\\\/04\\\/ALTATA_AGUA.jpg\",\"articleSection\":[\"NOTA PRINCIPAL\"],\"inLanguage\":\"es\",\"potentialAction\":[{\"@type\":\"CommentAction\",\"name\":\"Comment\",\"target\":[\"https:\\\/\\\/fuentesfidedignas.com.mx\\\/index.php\\\/2022\\\/04\\\/01\\\/a-banarse-dan-luz-verde-para-utilizar-playas-de-sinaloa-durante-semana-santa\\\/#respond\"]}]},{\"@type\":\"WebPage\",\"@id\":\"https:\\\/\\\/fuentesfidedignas.com.mx\\\/index.php\\\/2022\\\/04\\\/01\\\/a-banarse-dan-luz-verde-para-utilizar-playas-de-sinaloa-durante-semana-santa\\\/\",\"url\":\"https:\\\/\\\/fuentesfidedignas.com.mx\\\/index.php\\\/2022\\\/04\\\/01\\\/a-banarse-dan-luz-verde-para-utilizar-playas-de-sinaloa-durante-semana-santa\\\/\",\"name\":\"\u00a1A ba\u00f1arse! Dan luz verde para utilizar playas de Sinaloa durante Semana Santa - Fuentes Fidedignas\",\"isPartOf\":{\"@id\":\"https:\\\/\\\/fuentesfidedignas.com.mx\\\/#website\"},\"primaryImageOfPage\":{\"@id\":\"https:\\\/\\\/fuentesfidedignas.com.mx\\\/index.php\\\/2022\\\/04\\\/01\\\/a-banarse-dan-luz-verde-para-utilizar-playas-de-sinaloa-durante-semana-santa\\\/#primaryimage\"},\"image\":{\"@id\":\"https:\\\/\\\/fuentesfidedignas.com.mx\\\/index.php\\\/2022\\\/04\\\/01\\\/a-banarse-dan-luz-verde-para-utilizar-playas-de-sinaloa-durante-semana-santa\\\/#primaryimage\"},\"thumbnailUrl\":\"https:\\\/\\\/fuentesfidedignas.com.mx\\\/wp-content\\\/uploads\\\/2022\\\/04\\\/ALTATA_AGUA.jpg\",\"datePublished\":\"2022-04-01T19:19:31+00:00\",\"dateModified\":\"2022-04-01T19:27:29+00:00\",\"breadcrumb\":{\"@id\":\"https:\\\/\\\/fuentesfidedignas.com.mx\\\/index.php\\\/2022\\\/04\\\/01\\\/a-banarse-dan-luz-verde-para-utilizar-playas-de-sinaloa-durante-semana-santa\\\/#breadcrumb\"},\"inLanguage\":\"es\",\"potentialAction\":[{\"@type\":\"ReadAction\",\"target\":[\"https:\\\/\\\/fuentesfidedignas.com.mx\\\/index.php\\\/2022\\\/04\\\/01\\\/a-banarse-dan-luz-verde-para-utilizar-playas-de-sinaloa-durante-semana-santa\\\/\"]}]},{\"@type\":\"ImageObject\",\"inLanguage\":\"es\",\"@id\":\"https:\\\/\\\/fuentesfidedignas.com.mx\\\/index.php\\\/2022\\\/04\\\/01\\\/a-banarse-dan-luz-verde-para-utilizar-playas-de-sinaloa-durante-semana-santa\\\/#primaryimage\",\"url\":\"https:\\\/\\\/fuentesfidedignas.com.mx\\\/wp-content\\\/uploads\\\/2022\\\/04\\\/ALTATA_AGUA.jpg\",\"contentUrl\":\"https:\\\/\\\/fuentesfidedignas.com.mx\\\/wp-content\\\/uploads\\\/2022\\\/04\\\/ALTATA_AGUA.jpg\",\"width\":1280,\"height\":960},{\"@type\":\"BreadcrumbList\",\"@id\":\"https:\\\/\\\/fuentesfidedignas.com.mx\\\/index.php\\\/2022\\\/04\\\/01\\\/a-banarse-dan-luz-verde-para-utilizar-playas-de-sinaloa-durante-semana-santa\\\/#breadcrumb\",\"itemListElement\":[{\"@type\":\"ListItem\",\"position\":1,\"name\":\"Inicio\",\"item\":\"https:\\\/\\\/fuentesfidedignas.com.mx\\\/\"},{\"@type\":\"ListItem\",\"position\":2,\"name\":\"\u00a1A ba\u00f1arse! Dan luz verde para utilizar playas de Sinaloa durante Semana Santa\"}]},{\"@type\":\"WebSite\",\"@id\":\"https:\\\/\\\/fuentesfidedignas.com.mx\\\/#website\",\"url\":\"https:\\\/\\\/fuentesfidedignas.com.mx\\\/\",\"name\":\"Fuentes Fidedignas\",\"description\":\"Otro sitio realizado con WordPress\",\"publisher\":{\"@id\":\"https:\\\/\\\/fuentesfidedignas.com.mx\\\/#organization\"},\"potentialAction\":[{\"@type\":\"SearchAction\",\"target\":{\"@type\":\"EntryPoint\",\"urlTemplate\":\"https:\\\/\\\/fuentesfidedignas.com.mx\\\/?s={search_term_string}\"},\"query-input\":{\"@type\":\"PropertyValueSpecification\",\"valueRequired\":true,\"valueName\":\"search_term_string\"}}],\"inLanguage\":\"es\"},{\"@type\":\"Organization\",\"@id\":\"https:\\\/\\\/fuentesfidedignas.com.mx\\\/#organization\",\"name\":\"Fuentes Fidedignas\",\"url\":\"https:\\\/\\\/fuentesfidedignas.com.mx\\\/\",\"logo\":{\"@type\":\"ImageObject\",\"inLanguage\":\"es\",\"@id\":\"https:\\\/\\\/fuentesfidedignas.com.mx\\\/#\\\/schema\\\/logo\\\/image\\\/\",\"url\":\"https:\\\/\\\/fuentesfidedignas.com.mx\\\/wp-content\\\/uploads\\\/2021\\\/04\\\/logo-retina.png\",\"contentUrl\":\"https:\\\/\\\/fuentesfidedignas.com.mx\\\/wp-content\\\/uploads\\\/2021\\\/04\\\/logo-retina.png\",\"width\":280,\"height\":51,\"caption\":\"Fuentes Fidedignas\"},\"image\":{\"@id\":\"https:\\\/\\\/fuentesfidedignas.com.mx\\\/#\\\/schema\\\/logo\\\/image\\\/\"},\"sameAs\":[\"https:\\\/\\\/www.facebook.com\\\/Fuentes-Fidedignas-368234489921644\",\"https:\\\/\\\/x.com\\\/fidedignas\"]},{\"@type\":\"Person\",\"@id\":\"https:\\\/\\\/fuentesfidedignas.com.mx\\\/#\\\/schema\\\/person\\\/331be9283d37198e2acd5750279085b0\",\"name\":\"Redacci\u00f3n\",\"image\":{\"@type\":\"ImageObject\",\"inLanguage\":\"es\",\"@id\":\"https:\\\/\\\/secure.gravatar.com\\\/avatar\\\/f6d8782c11d12b2d4ad3fbb6931aeab5309937a4d6cd2fc9cfaa28a6396a5aec?s=96&d=mm&r=g\",\"url\":\"https:\\\/\\\/secure.gravatar.com\\\/avatar\\\/f6d8782c11d12b2d4ad3fbb6931aeab5309937a4d6cd2fc9cfaa28a6396a5aec?s=96&d=mm&r=g\",\"contentUrl\":\"https:\\\/\\\/secure.gravatar.com\\\/avatar\\\/f6d8782c11d12b2d4ad3fbb6931aeab5309937a4d6cd2fc9cfaa28a6396a5aec?s=96&d=mm&r=g\",\"caption\":\"Redacci\u00f3n\"},\"url\":\"https:\\\/\\\/fuentesfidedignas.com.mx\\\/index.php\\\/author\\\/redaccion\\\/\"}]}<\/script>\n<!-- \/ Yoast SEO plugin. -->","yoast_head_json":{"title":"\u00a1A ba\u00f1arse! Dan luz verde para utilizar playas de Sinaloa durante Semana Santa - Fuentes Fidedignas","robots":{"index":"index","follow":"follow","max-snippet":"max-snippet:-1","max-image-preview":"max-image-preview:large","max-video-preview":"max-video-preview:-1"},"canonical":"https:\/\/fuentesfidedignas.com.mx\/index.php\/2022\/04\/01\/a-banarse-dan-luz-verde-para-utilizar-playas-de-sinaloa-durante-semana-santa\/","og_locale":"es_MX","og_type":"article","og_title":"\u00a1A ba\u00f1arse! Dan luz verde para utilizar playas de Sinaloa durante Semana Santa - Fuentes Fidedignas","og_description":"Esta evaluaci\u00f3n federal que cada a\u00f1o se realiza, previa al periodo vacacional por Semana Mayor. Culiac\u00e1n, Sin.- Tras concluir el monitoreo a las playas en el estado, que encabeza la Comisi\u00f3n Federal de Protecci\u00f3n contra Riesgos Sanitarios (Cofepris) en coordinaci\u00f3n con la Secretar\u00eda de Salud, a trav\u00e9s de la Comisi\u00f3n Estatal para la Protecci\u00f3n contra [&hellip;]","og_url":"https:\/\/fuentesfidedignas.com.mx\/index.php\/2022\/04\/01\/a-banarse-dan-luz-verde-para-utilizar-playas-de-sinaloa-durante-semana-santa\/","og_site_name":"Fuentes Fidedignas","article_publisher":"https:\/\/www.facebook.com\/Fuentes-Fidedignas-368234489921644","article_published_time":"2022-04-01T19:19:31+00:00","article_modified_time":"2022-04-01T19:27:29+00:00","og_image":[{"width":1280,"height":960,"url":"https:\/\/fuentesfidedignas.com.mx\/wp-content\/uploads\/2022\/04\/ALTATA_AGUA.jpg","type":"image\/jpeg"}],"author":"Redacci\u00f3n","twitter_card":"summary_large_image","twitter_creator":"@fidedignas","twitter_site":"@fidedignas","twitter_misc":{"Escrito por":"Redacci\u00f3n","Tiempo de lectura":"2 minutos"},"schema":{"@context":"https:\/\/schema.org","@graph":[{"@type":"Article","@id":"https:\/\/fuentesfidedignas.com.mx\/index.php\/2022\/04\/01\/a-banarse-dan-luz-verde-para-utilizar-playas-de-sinaloa-durante-semana-santa\/#article","isPartOf":{"@id":"https:\/\/fuentesfidedignas.com.mx\/index.php\/2022\/04\/01\/a-banarse-dan-luz-verde-para-utilizar-playas-de-sinaloa-durante-semana-santa\/"},"author":{"name":"Redacci\u00f3n","@id":"https:\/\/fuentesfidedignas.com.mx\/#\/schema\/person\/331be9283d37198e2acd5750279085b0"},"headline":"\u00a1A ba\u00f1arse! Dan luz verde para utilizar playas de Sinaloa durante Semana Santa","datePublished":"2022-04-01T19:19:31+00:00","dateModified":"2022-04-01T19:27:29+00:00","mainEntityOfPage":{"@id":"https:\/\/fuentesfidedignas.com.mx\/index.php\/2022\/04\/01\/a-banarse-dan-luz-verde-para-utilizar-playas-de-sinaloa-durante-semana-santa\/"},"wordCount":376,"commentCount":0,"publisher":{"@id":"https:\/\/fuentesfidedignas.com.mx\/#organization"},"image":{"@id":"https:\/\/fuentesfidedignas.com.mx\/index.php\/2022\/04\/01\/a-banarse-dan-luz-verde-para-utilizar-playas-de-sinaloa-durante-semana-santa\/#primaryimage"},"thumbnailUrl":"https:\/\/fuentesfidedignas.com.mx\/wp-content\/uploads\/2022\/04\/ALTATA_AGUA.jpg","articleSection":["NOTA PRINCIPAL"],"inLanguage":"es","potentialAction":[{"@type":"CommentAction","name":"Comment","target":["https:\/\/fuentesfidedignas.com.mx\/index.php\/2022\/04\/01\/a-banarse-dan-luz-verde-para-utilizar-playas-de-sinaloa-durante-semana-santa\/#respond"]}]},{"@type":"WebPage","@id":"https:\/\/fuentesfidedignas.com.mx\/index.php\/2022\/04\/01\/a-banarse-dan-luz-verde-para-utilizar-playas-de-sinaloa-durante-semana-santa\/","url":"https:\/\/fuentesfidedignas.com.mx\/index.php\/2022\/04\/01\/a-banarse-dan-luz-verde-para-utilizar-playas-de-sinaloa-durante-semana-santa\/","name":"\u00a1A ba\u00f1arse! Dan luz verde para utilizar playas de Sinaloa durante Semana Santa - Fuentes Fidedignas","isPartOf":{"@id":"https:\/\/fuentesfidedignas.com.mx\/#website"},"primaryImageOfPage":{"@id":"https:\/\/fuentesfidedignas.com.mx\/index.php\/2022\/04\/01\/a-banarse-dan-luz-verde-para-utilizar-playas-de-sinaloa-durante-semana-santa\/#primaryimage"},"image":{"@id":"https:\/\/fuentesfidedignas.com.mx\/index.php\/2022\/04\/01\/a-banarse-dan-luz-verde-para-utilizar-playas-de-sinaloa-durante-semana-santa\/#primaryimage"},"thumbnailUrl":"https:\/\/fuentesfidedignas.com.mx\/wp-content\/uploads\/2022\/04\/ALTATA_AGUA.jpg","datePublished":"2022-04-01T19:19:31+00:00","dateModified":"2022-04-01T19:27:29+00:00","breadcrumb":{"@id":"https:\/\/fuentesfidedignas.com.mx\/index.php\/2022\/04\/01\/a-banarse-dan-luz-verde-para-utilizar-playas-de-sinaloa-durante-semana-santa\/#breadcrumb"},"inLanguage":"es","potentialAction":[{"@type":"ReadAction","target":["https:\/\/fuentesfidedignas.com.mx\/index.php\/2022\/04\/01\/a-banarse-dan-luz-verde-para-utilizar-playas-de-sinaloa-durante-semana-santa\/"]}]},{"@type":"ImageObject","inLanguage":"es","@id":"https:\/\/fuentesfidedignas.com.mx\/index.php\/2022\/04\/01\/a-banarse-dan-luz-verde-para-utilizar-playas-de-sinaloa-durante-semana-santa\/#primaryimage","url":"https:\/\/fuentesfidedignas.com.mx\/wp-content\/uploads\/2022\/04\/ALTATA_AGUA.jpg","contentUrl":"https:\/\/fuentesfidedignas.com.mx\/wp-content\/uploads\/2022\/04\/ALTATA_AGUA.jpg","width":1280,"height":960},{"@type":"BreadcrumbList","@id":"https:\/\/fuentesfidedignas.com.mx\/index.php\/2022\/04\/01\/a-banarse-dan-luz-verde-para-utilizar-playas-de-sinaloa-durante-semana-santa\/#breadcrumb","itemListElement":[{"@type":"ListItem","position":1,"name":"Inicio","item":"https:\/\/fuentesfidedignas.com.mx\/"},{"@type":"ListItem","position":2,"name":"\u00a1A ba\u00f1arse! Dan luz verde para utilizar playas de Sinaloa durante Semana Santa"}]},{"@type":"WebSite","@id":"https:\/\/fuentesfidedignas.com.mx\/#website","url":"https:\/\/fuentesfidedignas.com.mx\/","name":"Fuentes Fidedignas","description":"Otro sitio realizado con WordPress","publisher":{"@id":"https:\/\/fuentesfidedignas.com.mx\/#organization"},"potentialAction":[{"@type":"SearchAction","target":{"@type":"EntryPoint","urlTemplate":"https:\/\/fuentesfidedignas.com.mx\/?s={search_term_string}"},"query-input":{"@type":"PropertyValueSpecification","valueRequired":true,"valueName":"search_term_string"}}],"inLanguage":"es"},{"@type":"Organization","@id":"https:\/\/fuentesfidedignas.com.mx\/#organization","name":"Fuentes Fidedignas","url":"https:\/\/fuentesfidedignas.com.mx\/","logo":{"@type":"ImageObject","inLanguage":"es","@id":"https:\/\/fuentesfidedignas.com.mx\/#\/schema\/logo\/image\/","url":"https:\/\/fuentesfidedignas.com.mx\/wp-content\/uploads\/2021\/04\/logo-retina.png","contentUrl":"https:\/\/fuentesfidedignas.com.mx\/wp-content\/uploads\/2021\/04\/logo-retina.png","width":280,"height":51,"caption":"Fuentes Fidedignas"},"image":{"@id":"https:\/\/fuentesfidedignas.com.mx\/#\/schema\/logo\/image\/"},"sameAs":["https:\/\/www.facebook.com\/Fuentes-Fidedignas-368234489921644","https:\/\/x.com\/fidedignas"]},{"@type":"Person","@id":"https:\/\/fuentesfidedignas.com.mx\/#\/schema\/person\/331be9283d37198e2acd5750279085b0","name":"Redacci\u00f3n","image":{"@type":"ImageObject","inLanguage":"es","@id":"https:\/\/secure.gravatar.com\/avatar\/f6d8782c11d12b2d4ad3fbb6931aeab5309937a4d6cd2fc9cfaa28a6396a5aec?s=96&d=mm&r=g","url":"https:\/\/secure.gravatar.com\/avatar\/f6d8782c11d12b2d4ad3fbb6931aeab5309937a4d6cd2fc9cfaa28a6396a5aec?s=96&d=mm&r=g","contentUrl":"https:\/\/secure.gravatar.com\/avatar\/f6d8782c11d12b2d4ad3fbb6931aeab5309937a4d6cd2fc9cfaa28a6396a5aec?s=96&d=mm&r=g","caption":"Redacci\u00f3n"},"url":"https:\/\/fuentesfidedignas.com.mx\/index.php\/author\/redaccion\/"}]}},"_links":{"self":[{"href":"https:\/\/fuentesfidedignas.com.mx\/index.php\/wp-json\/wp\/v2\/posts\/27502","targetHints":{"allow":["GET"]}}],"collection":[{"href":"https:\/\/fuentesfidedignas.com.mx\/index.php\/wp-json\/wp\/v2\/posts"}],"about":[{"href":"https:\/\/fuentesfidedignas.com.mx\/index.php\/wp-json\/wp\/v2\/types\/post"}],"author":[{"embeddable":true,"href":"https:\/\/fuentesfidedignas.com.mx\/index.php\/wp-json\/wp\/v2\/users\/4"}],"replies":[{"embeddable":true,"href":"https:\/\/fuentesfidedignas.com.mx\/index.php\/wp-json\/wp\/v2\/comments?post=27502"}],"version-history":[{"count":4,"href":"https:\/\/fuentesfidedignas.com.mx\/index.php\/wp-json\/wp\/v2\/posts\/27502\/revisions"}],"predecessor-version":[{"id":27513,"href":"https:\/\/fuentesfidedignas.com.mx\/index.php\/wp-json\/wp\/v2\/posts\/27502\/revisions\/27513"}],"wp:featuredmedia":[{"embeddable":true,"href":"https:\/\/fuentesfidedignas.com.mx\/index.php\/wp-json\/wp\/v2\/media\/27506"}],"wp:attachment":[{"href":"https:\/\/fuentesfidedignas.com.mx\/index.php\/wp-json\/wp\/v2\/media?parent=27502"}],"wp:term":[{"taxonomy":"category","embeddable":true,"href":"https:\/\/fuentesfidedignas.com.mx\/index.php\/wp-json\/wp\/v2\/categories?post=27502"},{"taxonomy":"post_tag","embeddable":true,"href":"https:\/\/fuentesfidedignas.com.mx\/index.php\/wp-json\/wp\/v2\/tags?post=27502"}],"curies":[{"name":"wp","href":"https:\/\/api.w.org\/{rel}","templated":true}]}}