{"id":27491,"date":"2022-04-01T11:14:19","date_gmt":"2022-04-01T18:14:19","guid":{"rendered":"https:\/\/fuentesfidedignas.com.mx\/?p=27491"},"modified":"2022-04-01T11:15:16","modified_gmt":"2022-04-01T18:15:16","slug":"ciudad-de-mexico-anuncia-que-se-podra-prescindir-del-cubrebocas-en-espacios-abiertos","status":"publish","type":"post","link":"https:\/\/fuentesfidedignas.com.mx\/index.php\/2022\/04\/01\/ciudad-de-mexico-anuncia-que-se-podra-prescindir-del-cubrebocas-en-espacios-abiertos\/","title":{"rendered":"Ciudad de M\u00e9xico anuncia que se podr\u00e1 prescindir del cubrebocas en espacios abiertos"},"content":{"rendered":"\n<p><strong><em>El gobierno se\u00f1al\u00f3 que el uso del cubrebocas ser\u00e1 voluntario en espacios abiertos sin aglomeraciones y con sana distancia<\/em><\/strong><\/p>\n\n\n\n<p>Ciudad de M\u00e9xicoEl gobierno de la Ciudad de M\u00e9xico anunci\u00f3 que se podr\u00e1 prescindir del uso de cubrebocas en espacios abiertos, pero se mantendr\u00e1 en lugares cerrados. Esto debido a la baja en los indicadores que miden la pandemia de Covid-19.<\/p>\n\n\n\n<p>D\u00edas atr\u00e1s, la secretaria de Salud local, Oliva L\u00f3pez Arellano, coment\u00f3 que se analizaba el retiro del uso de cubrebocas en espacios abiertos, decisi\u00f3n que finalmente se anunci\u00f3 este viernes.<\/p>\n\n\n\n<p>Por su parte, la jefa de gobierno de la Ciudad de M\u00e9xico, Claudia Sheinbaum, apunt\u00f3 que esta fue la \u00faltima conferencia semanal sobre Covid-19 en la capital, y de ahora en adelante se emitir\u00e1n solamente boletines informativos sobre el estatus de la pandemia en la capital.<\/p>\n\n\n\n<p>\u201cEs el punto m\u00e1s bajo de la pandemia e inclusive la recomendaci\u00f3n es que no es necesario el uso de cubrebocas en el exterior\u201d, se\u00f1al\u00f3 Sheinbaum Pardo en su comparecencia de este viernes.<\/p>\n\n\n\n<p>A diferencia de otras ciudades y municipios del pa\u00eds, en la Ciudad de M\u00e9xico el uso del cubrebocas no fue impuesto de manera obligatoria por el gobierno y pese a ello, es una de las urbes con m\u00e1s tasa de uso de mascarilla.<\/p>\n\n\n\n<p>Incluso es com\u00fan ver a grupos de turistas extranjeras recorriendo los principales puntos tur\u00edsticos de la ciudad sin el uso del cubrebocas, mientras que la poblaci\u00f3n capitalina s\u00ed lo mantuvo, aun teniendo el esquema completo de vacunaci\u00f3n y refuerzo.<\/p>\n","protected":false},"excerpt":{"rendered":"<p>El gobierno se\u00f1al\u00f3 que el uso del cubrebocas ser\u00e1 voluntario en espacios abiertos sin aglomeraciones y con sana distancia Ciudad de M\u00e9xicoEl gobierno de la Ciudad de M\u00e9xico anunci\u00f3 que se podr\u00e1 prescindir del uso de cubrebocas en espacios abiertos, pero se mantendr\u00e1 en lugares cerrados. Esto debido a la baja en los indicadores que [&hellip;]<\/p>\n","protected":false},"author":5,"featured_media":27492,"comment_status":"open","ping_status":"open","sticky":false,"template":"","format":"standard","meta":{"tdm_status":"","tdm_grid_status":"","footnotes":""},"categories":[39],"tags":[332,59,624,416],"class_list":{"0":"post-27491","1":"post","2":"type-post","3":"status-publish","4":"format-standard","5":"has-post-thumbnail","7":"category-noticias-nacionales","8":"tag-coronavirus","9":"tag-covid-19","10":"tag-cubreboca","11":"tag-sars-cov-2"},"yoast_head":"<!-- This site is optimized with the Yoast SEO plugin v27.5 - https:\/\/yoast.com\/product\/yoast-seo-wordpress\/ -->\n<title>Ciudad de M\u00e9xico anuncia que se podr\u00e1 prescindir del cubrebocas en espacios abiertos - Fuentes Fidedignas<\/title>\n<meta name=\"robots\" content=\"index, follow, max-snippet:-1, max-image-preview:large, max-video-preview:-1\" \/>\n<link rel=\"canonical\" href=\"https:\/\/fuentesfidedignas.com.mx\/index.php\/2022\/04\/01\/ciudad-de-mexico-anuncia-que-se-podra-prescindir-del-cubrebocas-en-espacios-abiertos\/\" \/>\n<meta property=\"og:locale\" content=\"es_MX\" \/>\n<meta property=\"og:type\" content=\"article\" \/>\n<meta property=\"og:title\" content=\"Ciudad de M\u00e9xico anuncia que se podr\u00e1 prescindir del cubrebocas en espacios abiertos - Fuentes Fidedignas\" \/>\n<meta property=\"og:description\" content=\"El gobierno se\u00f1al\u00f3 que el uso del cubrebocas ser\u00e1 voluntario en espacios abiertos sin aglomeraciones y con sana distancia Ciudad de M\u00e9xicoEl gobierno de la Ciudad de M\u00e9xico anunci\u00f3 que se podr\u00e1 prescindir del uso de cubrebocas en espacios abiertos, pero se mantendr\u00e1 en lugares cerrados. Esto debido a la baja en los indicadores que [&hellip;]\" \/>\n<meta property=\"og:url\" content=\"https:\/\/fuentesfidedignas.com.mx\/index.php\/2022\/04\/01\/ciudad-de-mexico-anuncia-que-se-podra-prescindir-del-cubrebocas-en-espacios-abiertos\/\" \/>\n<meta property=\"og:site_name\" content=\"Fuentes Fidedignas\" \/>\n<meta property=\"article:publisher\" content=\"https:\/\/www.facebook.com\/Fuentes-Fidedignas-368234489921644\" \/>\n<meta property=\"article:published_time\" content=\"2022-04-01T18:14:19+00:00\" \/>\n<meta property=\"article:modified_time\" content=\"2022-04-01T18:15:16+00:00\" \/>\n<meta property=\"og:image\" content=\"https:\/\/fuentesfidedignas.com.mx\/wp-content\/uploads\/2022\/04\/CUBRE_BOCA.jpg\" \/>\n\t<meta property=\"og:image:width\" content=\"640\" \/>\n\t<meta property=\"og:image:height\" content=\"360\" \/>\n\t<meta property=\"og:image:type\" content=\"image\/jpeg\" \/>\n<meta name=\"author\" content=\"Forbes\" \/>\n<meta name=\"twitter:card\" content=\"summary_large_image\" \/>\n<meta name=\"twitter:creator\" content=\"@fidedignas\" \/>\n<meta name=\"twitter:site\" content=\"@fidedignas\" \/>\n<meta name=\"twitter:label1\" content=\"Escrito por\" \/>\n\t<meta name=\"twitter:data1\" content=\"Forbes\" \/>\n\t<meta name=\"twitter:label2\" content=\"Tiempo de lectura\" \/>\n\t<meta name=\"twitter:data2\" content=\"2 minutos\" \/>\n<script type=\"application\/ld+json\" class=\"yoast-schema-graph\">{\"@context\":\"https:\\\/\\\/schema.org\",\"@graph\":[{\"@type\":\"Article\",\"@id\":\"https:\\\/\\\/fuentesfidedignas.com.mx\\\/index.php\\\/2022\\\/04\\\/01\\\/ciudad-de-mexico-anuncia-que-se-podra-prescindir-del-cubrebocas-en-espacios-abiertos\\\/#article\",\"isPartOf\":{\"@id\":\"https:\\\/\\\/fuentesfidedignas.com.mx\\\/index.php\\\/2022\\\/04\\\/01\\\/ciudad-de-mexico-anuncia-que-se-podra-prescindir-del-cubrebocas-en-espacios-abiertos\\\/\"},\"author\":{\"name\":\"Forbes\",\"@id\":\"https:\\\/\\\/fuentesfidedignas.com.mx\\\/#\\\/schema\\\/person\\\/5623d53fe2e579d825b1679734abcc44\"},\"headline\":\"Ciudad de M\u00e9xico anuncia que se podr\u00e1 prescindir del cubrebocas en espacios abiertos\",\"datePublished\":\"2022-04-01T18:14:19+00:00\",\"dateModified\":\"2022-04-01T18:15:16+00:00\",\"mainEntityOfPage\":{\"@id\":\"https:\\\/\\\/fuentesfidedignas.com.mx\\\/index.php\\\/2022\\\/04\\\/01\\\/ciudad-de-mexico-anuncia-que-se-podra-prescindir-del-cubrebocas-en-espacios-abiertos\\\/\"},\"wordCount\":284,\"commentCount\":0,\"publisher\":{\"@id\":\"https:\\\/\\\/fuentesfidedignas.com.mx\\\/#organization\"},\"image\":{\"@id\":\"https:\\\/\\\/fuentesfidedignas.com.mx\\\/index.php\\\/2022\\\/04\\\/01\\\/ciudad-de-mexico-anuncia-que-se-podra-prescindir-del-cubrebocas-en-espacios-abiertos\\\/#primaryimage\"},\"thumbnailUrl\":\"https:\\\/\\\/fuentesfidedignas.com.mx\\\/wp-content\\\/uploads\\\/2022\\\/04\\\/CUBRE_BOCA.jpg\",\"keywords\":[\"Coronavirus\",\"Covid-19\",\"Cubreboca\",\"SARS-CoV-2\"],\"articleSection\":[\"NOTICIAS NACIONALES\"],\"inLanguage\":\"es\",\"potentialAction\":[{\"@type\":\"CommentAction\",\"name\":\"Comment\",\"target\":[\"https:\\\/\\\/fuentesfidedignas.com.mx\\\/index.php\\\/2022\\\/04\\\/01\\\/ciudad-de-mexico-anuncia-que-se-podra-prescindir-del-cubrebocas-en-espacios-abiertos\\\/#respond\"]}]},{\"@type\":\"WebPage\",\"@id\":\"https:\\\/\\\/fuentesfidedignas.com.mx\\\/index.php\\\/2022\\\/04\\\/01\\\/ciudad-de-mexico-anuncia-que-se-podra-prescindir-del-cubrebocas-en-espacios-abiertos\\\/\",\"url\":\"https:\\\/\\\/fuentesfidedignas.com.mx\\\/index.php\\\/2022\\\/04\\\/01\\\/ciudad-de-mexico-anuncia-que-se-podra-prescindir-del-cubrebocas-en-espacios-abiertos\\\/\",\"name\":\"Ciudad de M\u00e9xico anuncia que se podr\u00e1 prescindir del cubrebocas en espacios abiertos - Fuentes Fidedignas\",\"isPartOf\":{\"@id\":\"https:\\\/\\\/fuentesfidedignas.com.mx\\\/#website\"},\"primaryImageOfPage\":{\"@id\":\"https:\\\/\\\/fuentesfidedignas.com.mx\\\/index.php\\\/2022\\\/04\\\/01\\\/ciudad-de-mexico-anuncia-que-se-podra-prescindir-del-cubrebocas-en-espacios-abiertos\\\/#primaryimage\"},\"image\":{\"@id\":\"https:\\\/\\\/fuentesfidedignas.com.mx\\\/index.php\\\/2022\\\/04\\\/01\\\/ciudad-de-mexico-anuncia-que-se-podra-prescindir-del-cubrebocas-en-espacios-abiertos\\\/#primaryimage\"},\"thumbnailUrl\":\"https:\\\/\\\/fuentesfidedignas.com.mx\\\/wp-content\\\/uploads\\\/2022\\\/04\\\/CUBRE_BOCA.jpg\",\"datePublished\":\"2022-04-01T18:14:19+00:00\",\"dateModified\":\"2022-04-01T18:15:16+00:00\",\"breadcrumb\":{\"@id\":\"https:\\\/\\\/fuentesfidedignas.com.mx\\\/index.php\\\/2022\\\/04\\\/01\\\/ciudad-de-mexico-anuncia-que-se-podra-prescindir-del-cubrebocas-en-espacios-abiertos\\\/#breadcrumb\"},\"inLanguage\":\"es\",\"potentialAction\":[{\"@type\":\"ReadAction\",\"target\":[\"https:\\\/\\\/fuentesfidedignas.com.mx\\\/index.php\\\/2022\\\/04\\\/01\\\/ciudad-de-mexico-anuncia-que-se-podra-prescindir-del-cubrebocas-en-espacios-abiertos\\\/\"]}]},{\"@type\":\"ImageObject\",\"inLanguage\":\"es\",\"@id\":\"https:\\\/\\\/fuentesfidedignas.com.mx\\\/index.php\\\/2022\\\/04\\\/01\\\/ciudad-de-mexico-anuncia-que-se-podra-prescindir-del-cubrebocas-en-espacios-abiertos\\\/#primaryimage\",\"url\":\"https:\\\/\\\/fuentesfidedignas.com.mx\\\/wp-content\\\/uploads\\\/2022\\\/04\\\/CUBRE_BOCA.jpg\",\"contentUrl\":\"https:\\\/\\\/fuentesfidedignas.com.mx\\\/wp-content\\\/uploads\\\/2022\\\/04\\\/CUBRE_BOCA.jpg\",\"width\":640,\"height\":360},{\"@type\":\"BreadcrumbList\",\"@id\":\"https:\\\/\\\/fuentesfidedignas.com.mx\\\/index.php\\\/2022\\\/04\\\/01\\\/ciudad-de-mexico-anuncia-que-se-podra-prescindir-del-cubrebocas-en-espacios-abiertos\\\/#breadcrumb\",\"itemListElement\":[{\"@type\":\"ListItem\",\"position\":1,\"name\":\"Inicio\",\"item\":\"https:\\\/\\\/fuentesfidedignas.com.mx\\\/\"},{\"@type\":\"ListItem\",\"position\":2,\"name\":\"Ciudad de M\u00e9xico anuncia que se podr\u00e1 prescindir del cubrebocas en espacios abiertos\"}]},{\"@type\":\"WebSite\",\"@id\":\"https:\\\/\\\/fuentesfidedignas.com.mx\\\/#website\",\"url\":\"https:\\\/\\\/fuentesfidedignas.com.mx\\\/\",\"name\":\"Fuentes Fidedignas\",\"description\":\"Otro sitio realizado con WordPress\",\"publisher\":{\"@id\":\"https:\\\/\\\/fuentesfidedignas.com.mx\\\/#organization\"},\"potentialAction\":[{\"@type\":\"SearchAction\",\"target\":{\"@type\":\"EntryPoint\",\"urlTemplate\":\"https:\\\/\\\/fuentesfidedignas.com.mx\\\/?s={search_term_string}\"},\"query-input\":{\"@type\":\"PropertyValueSpecification\",\"valueRequired\":true,\"valueName\":\"search_term_string\"}}],\"inLanguage\":\"es\"},{\"@type\":\"Organization\",\"@id\":\"https:\\\/\\\/fuentesfidedignas.com.mx\\\/#organization\",\"name\":\"Fuentes Fidedignas\",\"url\":\"https:\\\/\\\/fuentesfidedignas.com.mx\\\/\",\"logo\":{\"@type\":\"ImageObject\",\"inLanguage\":\"es\",\"@id\":\"https:\\\/\\\/fuentesfidedignas.com.mx\\\/#\\\/schema\\\/logo\\\/image\\\/\",\"url\":\"https:\\\/\\\/fuentesfidedignas.com.mx\\\/wp-content\\\/uploads\\\/2021\\\/04\\\/logo-retina.png\",\"contentUrl\":\"https:\\\/\\\/fuentesfidedignas.com.mx\\\/wp-content\\\/uploads\\\/2021\\\/04\\\/logo-retina.png\",\"width\":280,\"height\":51,\"caption\":\"Fuentes Fidedignas\"},\"image\":{\"@id\":\"https:\\\/\\\/fuentesfidedignas.com.mx\\\/#\\\/schema\\\/logo\\\/image\\\/\"},\"sameAs\":[\"https:\\\/\\\/www.facebook.com\\\/Fuentes-Fidedignas-368234489921644\",\"https:\\\/\\\/x.com\\\/fidedignas\"]},{\"@type\":\"Person\",\"@id\":\"https:\\\/\\\/fuentesfidedignas.com.mx\\\/#\\\/schema\\\/person\\\/5623d53fe2e579d825b1679734abcc44\",\"name\":\"Forbes\",\"image\":{\"@type\":\"ImageObject\",\"inLanguage\":\"es\",\"@id\":\"https:\\\/\\\/secure.gravatar.com\\\/avatar\\\/87ce3dd4e41e60c22a79c758614f01a6bc2469255fc936ec7b15efb9bb5cb66f?s=96&d=mm&r=g\",\"url\":\"https:\\\/\\\/secure.gravatar.com\\\/avatar\\\/87ce3dd4e41e60c22a79c758614f01a6bc2469255fc936ec7b15efb9bb5cb66f?s=96&d=mm&r=g\",\"contentUrl\":\"https:\\\/\\\/secure.gravatar.com\\\/avatar\\\/87ce3dd4e41e60c22a79c758614f01a6bc2469255fc936ec7b15efb9bb5cb66f?s=96&d=mm&r=g\",\"caption\":\"Forbes\"},\"url\":\"https:\\\/\\\/fuentesfidedignas.com.mx\\\/index.php\\\/author\\\/forbes\\\/\"}]}<\/script>\n<!-- \/ Yoast SEO plugin. -->","yoast_head_json":{"title":"Ciudad de M\u00e9xico anuncia que se podr\u00e1 prescindir del cubrebocas en espacios abiertos - Fuentes Fidedignas","robots":{"index":"index","follow":"follow","max-snippet":"max-snippet:-1","max-image-preview":"max-image-preview:large","max-video-preview":"max-video-preview:-1"},"canonical":"https:\/\/fuentesfidedignas.com.mx\/index.php\/2022\/04\/01\/ciudad-de-mexico-anuncia-que-se-podra-prescindir-del-cubrebocas-en-espacios-abiertos\/","og_locale":"es_MX","og_type":"article","og_title":"Ciudad de M\u00e9xico anuncia que se podr\u00e1 prescindir del cubrebocas en espacios abiertos - Fuentes Fidedignas","og_description":"El gobierno se\u00f1al\u00f3 que el uso del cubrebocas ser\u00e1 voluntario en espacios abiertos sin aglomeraciones y con sana distancia Ciudad de M\u00e9xicoEl gobierno de la Ciudad de M\u00e9xico anunci\u00f3 que se podr\u00e1 prescindir del uso de cubrebocas en espacios abiertos, pero se mantendr\u00e1 en lugares cerrados. Esto debido a la baja en los indicadores que [&hellip;]","og_url":"https:\/\/fuentesfidedignas.com.mx\/index.php\/2022\/04\/01\/ciudad-de-mexico-anuncia-que-se-podra-prescindir-del-cubrebocas-en-espacios-abiertos\/","og_site_name":"Fuentes Fidedignas","article_publisher":"https:\/\/www.facebook.com\/Fuentes-Fidedignas-368234489921644","article_published_time":"2022-04-01T18:14:19+00:00","article_modified_time":"2022-04-01T18:15:16+00:00","og_image":[{"width":640,"height":360,"url":"https:\/\/fuentesfidedignas.com.mx\/wp-content\/uploads\/2022\/04\/CUBRE_BOCA.jpg","type":"image\/jpeg"}],"author":"Forbes","twitter_card":"summary_large_image","twitter_creator":"@fidedignas","twitter_site":"@fidedignas","twitter_misc":{"Escrito por":"Forbes","Tiempo de lectura":"2 minutos"},"schema":{"@context":"https:\/\/schema.org","@graph":[{"@type":"Article","@id":"https:\/\/fuentesfidedignas.com.mx\/index.php\/2022\/04\/01\/ciudad-de-mexico-anuncia-que-se-podra-prescindir-del-cubrebocas-en-espacios-abiertos\/#article","isPartOf":{"@id":"https:\/\/fuentesfidedignas.com.mx\/index.php\/2022\/04\/01\/ciudad-de-mexico-anuncia-que-se-podra-prescindir-del-cubrebocas-en-espacios-abiertos\/"},"author":{"name":"Forbes","@id":"https:\/\/fuentesfidedignas.com.mx\/#\/schema\/person\/5623d53fe2e579d825b1679734abcc44"},"headline":"Ciudad de M\u00e9xico anuncia que se podr\u00e1 prescindir del cubrebocas en espacios abiertos","datePublished":"2022-04-01T18:14:19+00:00","dateModified":"2022-04-01T18:15:16+00:00","mainEntityOfPage":{"@id":"https:\/\/fuentesfidedignas.com.mx\/index.php\/2022\/04\/01\/ciudad-de-mexico-anuncia-que-se-podra-prescindir-del-cubrebocas-en-espacios-abiertos\/"},"wordCount":284,"commentCount":0,"publisher":{"@id":"https:\/\/fuentesfidedignas.com.mx\/#organization"},"image":{"@id":"https:\/\/fuentesfidedignas.com.mx\/index.php\/2022\/04\/01\/ciudad-de-mexico-anuncia-que-se-podra-prescindir-del-cubrebocas-en-espacios-abiertos\/#primaryimage"},"thumbnailUrl":"https:\/\/fuentesfidedignas.com.mx\/wp-content\/uploads\/2022\/04\/CUBRE_BOCA.jpg","keywords":["Coronavirus","Covid-19","Cubreboca","SARS-CoV-2"],"articleSection":["NOTICIAS NACIONALES"],"inLanguage":"es","potentialAction":[{"@type":"CommentAction","name":"Comment","target":["https:\/\/fuentesfidedignas.com.mx\/index.php\/2022\/04\/01\/ciudad-de-mexico-anuncia-que-se-podra-prescindir-del-cubrebocas-en-espacios-abiertos\/#respond"]}]},{"@type":"WebPage","@id":"https:\/\/fuentesfidedignas.com.mx\/index.php\/2022\/04\/01\/ciudad-de-mexico-anuncia-que-se-podra-prescindir-del-cubrebocas-en-espacios-abiertos\/","url":"https:\/\/fuentesfidedignas.com.mx\/index.php\/2022\/04\/01\/ciudad-de-mexico-anuncia-que-se-podra-prescindir-del-cubrebocas-en-espacios-abiertos\/","name":"Ciudad de M\u00e9xico anuncia que se podr\u00e1 prescindir del cubrebocas en espacios abiertos - Fuentes Fidedignas","isPartOf":{"@id":"https:\/\/fuentesfidedignas.com.mx\/#website"},"primaryImageOfPage":{"@id":"https:\/\/fuentesfidedignas.com.mx\/index.php\/2022\/04\/01\/ciudad-de-mexico-anuncia-que-se-podra-prescindir-del-cubrebocas-en-espacios-abiertos\/#primaryimage"},"image":{"@id":"https:\/\/fuentesfidedignas.com.mx\/index.php\/2022\/04\/01\/ciudad-de-mexico-anuncia-que-se-podra-prescindir-del-cubrebocas-en-espacios-abiertos\/#primaryimage"},"thumbnailUrl":"https:\/\/fuentesfidedignas.com.mx\/wp-content\/uploads\/2022\/04\/CUBRE_BOCA.jpg","datePublished":"2022-04-01T18:14:19+00:00","dateModified":"2022-04-01T18:15:16+00:00","breadcrumb":{"@id":"https:\/\/fuentesfidedignas.com.mx\/index.php\/2022\/04\/01\/ciudad-de-mexico-anuncia-que-se-podra-prescindir-del-cubrebocas-en-espacios-abiertos\/#breadcrumb"},"inLanguage":"es","potentialAction":[{"@type":"ReadAction","target":["https:\/\/fuentesfidedignas.com.mx\/index.php\/2022\/04\/01\/ciudad-de-mexico-anuncia-que-se-podra-prescindir-del-cubrebocas-en-espacios-abiertos\/"]}]},{"@type":"ImageObject","inLanguage":"es","@id":"https:\/\/fuentesfidedignas.com.mx\/index.php\/2022\/04\/01\/ciudad-de-mexico-anuncia-que-se-podra-prescindir-del-cubrebocas-en-espacios-abiertos\/#primaryimage","url":"https:\/\/fuentesfidedignas.com.mx\/wp-content\/uploads\/2022\/04\/CUBRE_BOCA.jpg","contentUrl":"https:\/\/fuentesfidedignas.com.mx\/wp-content\/uploads\/2022\/04\/CUBRE_BOCA.jpg","width":640,"height":360},{"@type":"BreadcrumbList","@id":"https:\/\/fuentesfidedignas.com.mx\/index.php\/2022\/04\/01\/ciudad-de-mexico-anuncia-que-se-podra-prescindir-del-cubrebocas-en-espacios-abiertos\/#breadcrumb","itemListElement":[{"@type":"ListItem","position":1,"name":"Inicio","item":"https:\/\/fuentesfidedignas.com.mx\/"},{"@type":"ListItem","position":2,"name":"Ciudad de M\u00e9xico anuncia que se podr\u00e1 prescindir del cubrebocas en espacios abiertos"}]},{"@type":"WebSite","@id":"https:\/\/fuentesfidedignas.com.mx\/#website","url":"https:\/\/fuentesfidedignas.com.mx\/","name":"Fuentes Fidedignas","description":"Otro sitio realizado con WordPress","publisher":{"@id":"https:\/\/fuentesfidedignas.com.mx\/#organization"},"potentialAction":[{"@type":"SearchAction","target":{"@type":"EntryPoint","urlTemplate":"https:\/\/fuentesfidedignas.com.mx\/?s={search_term_string}"},"query-input":{"@type":"PropertyValueSpecification","valueRequired":true,"valueName":"search_term_string"}}],"inLanguage":"es"},{"@type":"Organization","@id":"https:\/\/fuentesfidedignas.com.mx\/#organization","name":"Fuentes Fidedignas","url":"https:\/\/fuentesfidedignas.com.mx\/","logo":{"@type":"ImageObject","inLanguage":"es","@id":"https:\/\/fuentesfidedignas.com.mx\/#\/schema\/logo\/image\/","url":"https:\/\/fuentesfidedignas.com.mx\/wp-content\/uploads\/2021\/04\/logo-retina.png","contentUrl":"https:\/\/fuentesfidedignas.com.mx\/wp-content\/uploads\/2021\/04\/logo-retina.png","width":280,"height":51,"caption":"Fuentes Fidedignas"},"image":{"@id":"https:\/\/fuentesfidedignas.com.mx\/#\/schema\/logo\/image\/"},"sameAs":["https:\/\/www.facebook.com\/Fuentes-Fidedignas-368234489921644","https:\/\/x.com\/fidedignas"]},{"@type":"Person","@id":"https:\/\/fuentesfidedignas.com.mx\/#\/schema\/person\/5623d53fe2e579d825b1679734abcc44","name":"Forbes","image":{"@type":"ImageObject","inLanguage":"es","@id":"https:\/\/secure.gravatar.com\/avatar\/87ce3dd4e41e60c22a79c758614f01a6bc2469255fc936ec7b15efb9bb5cb66f?s=96&d=mm&r=g","url":"https:\/\/secure.gravatar.com\/avatar\/87ce3dd4e41e60c22a79c758614f01a6bc2469255fc936ec7b15efb9bb5cb66f?s=96&d=mm&r=g","contentUrl":"https:\/\/secure.gravatar.com\/avatar\/87ce3dd4e41e60c22a79c758614f01a6bc2469255fc936ec7b15efb9bb5cb66f?s=96&d=mm&r=g","caption":"Forbes"},"url":"https:\/\/fuentesfidedignas.com.mx\/index.php\/author\/forbes\/"}]}},"_links":{"self":[{"href":"https:\/\/fuentesfidedignas.com.mx\/index.php\/wp-json\/wp\/v2\/posts\/27491","targetHints":{"allow":["GET"]}}],"collection":[{"href":"https:\/\/fuentesfidedignas.com.mx\/index.php\/wp-json\/wp\/v2\/posts"}],"about":[{"href":"https:\/\/fuentesfidedignas.com.mx\/index.php\/wp-json\/wp\/v2\/types\/post"}],"author":[{"embeddable":true,"href":"https:\/\/fuentesfidedignas.com.mx\/index.php\/wp-json\/wp\/v2\/users\/5"}],"replies":[{"embeddable":true,"href":"https:\/\/fuentesfidedignas.com.mx\/index.php\/wp-json\/wp\/v2\/comments?post=27491"}],"version-history":[{"count":2,"href":"https:\/\/fuentesfidedignas.com.mx\/index.php\/wp-json\/wp\/v2\/posts\/27491\/revisions"}],"predecessor-version":[{"id":27494,"href":"https:\/\/fuentesfidedignas.com.mx\/index.php\/wp-json\/wp\/v2\/posts\/27491\/revisions\/27494"}],"wp:featuredmedia":[{"embeddable":true,"href":"https:\/\/fuentesfidedignas.com.mx\/index.php\/wp-json\/wp\/v2\/media\/27492"}],"wp:attachment":[{"href":"https:\/\/fuentesfidedignas.com.mx\/index.php\/wp-json\/wp\/v2\/media?parent=27491"}],"wp:term":[{"taxonomy":"category","embeddable":true,"href":"https:\/\/fuentesfidedignas.com.mx\/index.php\/wp-json\/wp\/v2\/categories?post=27491"},{"taxonomy":"post_tag","embeddable":true,"href":"https:\/\/fuentesfidedignas.com.mx\/index.php\/wp-json\/wp\/v2\/tags?post=27491"}],"curies":[{"name":"wp","href":"https:\/\/api.w.org\/{rel}","templated":true}]}}