{"id":27443,"date":"2022-03-31T18:00:00","date_gmt":"2022-04-01T01:00:00","guid":{"rendered":"https:\/\/fuentesfidedignas.com.mx\/?p=27443"},"modified":"2022-03-31T21:01:57","modified_gmt":"2022-04-01T04:01:57","slug":"quirino-ordaz-es-expulsado-del-pri-por-aceptar-embajada-en-espana","status":"publish","type":"post","link":"https:\/\/fuentesfidedignas.com.mx\/index.php\/2022\/03\/31\/quirino-ordaz-es-expulsado-del-pri-por-aceptar-embajada-en-espana\/","title":{"rendered":"Quirino Ordaz es expulsado del PRI por aceptar embajada en Espa\u00f1a"},"content":{"rendered":"\n<p><strong><em>El a\u00f1o pasado, el Consejo Pol\u00edtico Nacional del PRI le neg\u00f3 a Quirino Ordaz la licencia para convertirse en embajador en Espa\u00f1a, a propuesta del presidente L\u00f3pez Obrador <\/em><\/strong><\/p>\n\n\n\n<p>Ciudad de M\u00e9xico. La Comisi\u00f3n Nacional de Justicia Partidaria del PRI expuls\u00f3 a Quirino Ordaz Coppel de las filas del partido, porque \u201cno acat\u00f3 la resoluci\u00f3n del Consejo Pol\u00edtico Nacional y acept\u00f3 desempe\u00f1ar un cargo en la Administraci\u00f3n P\u00fablica Federal por parte de un gobierno emanado de un partido pol\u00edtico antag\u00f3nico al Revolucionario Institucional, y con el que no se tiene convenio de coalici\u00f3n\u201d.<\/p>\n\n\n\n<p>A 23 d\u00edas que el Senado tom\u00f3 la protesta a Quirino Ordaz como representante de M\u00e9xico ante el gobierno espa\u00f1ol, la Comisi\u00f3n priista que aplica las reglas a los militantes del partido \u201cresolvi\u00f3 por mayor\u00eda de votos de sus integrantes\u201d expulsarlo \u201cpor haber cometido actos de indisciplina grave en contra de las determinaciones del Consejo Pol\u00edtico Nacional, como lo se\u00f1ala el art\u00edculo 250 de los Estatutos\u201d.<\/p>\n\n\n\n<p>El art\u00edculo 250 de los Estatutos del PRI establecen los motivos por los cuales procede la expulsi\u00f3n de los militantes.<\/p>\n\n\n\n<p>En su numeral VIII el art\u00edculo 250 establece que \u201cproceder con indisciplina grave, en relaci\u00f3n con las determinaciones de las asambleas y dem\u00e1s \u00f3rganos del Partido\u201d.<\/p>\n\n\n\n<p>El 31 de octubre del a\u00f1o pasado, el Consejo Pol\u00edtico Nacional del PRI le neg\u00f3 a Quirino Ordaz la licencia para convertirse en embajador en Espa\u00f1a, a propuesta del presidente Andr\u00e9s Manuel L\u00f3pez Obrador.<\/p>\n\n\n\n<p>El numeral XII del art\u00edculo 61 de los Estatutoe del PRI, que habla de las obligaciones de sus militantes, establece que deben \u201csolicitar al Consejo Pol\u00edtico Nacional, en caso de aceptar un cargo como funcionaria o funcionario de alto nivel o un cargo de decisi\u00f3n en un gobierno emanado de las filas de otro partido, con el que no haya existido coalici\u00f3n o alianza, licencia provisional del ejercicio de su militancia\u201d.<\/p>\n\n\n\n<p>Y en la fracci\u00f3n III del art\u00edculo 248 a\u00f1ade que cuando se trata de cuadros del partido, como es el caso de un ex gobernador, proceder\u00e1 la suspensi\u00f3n de la militancia, a petici\u00f3n de alg\u00fan militante interesado, ante la Comisi\u00f3n Nacional de Justicia Partidaria.<\/p>\n\n\n\n<p>Pero Quirino Ordaz decidi\u00f3 aceptar la invitaci\u00f3n del gobierno federal, por lo que el \u00f3rgano disciplinario del PRI lo expuls\u00f3.<\/p>\n","protected":false},"excerpt":{"rendered":"<p>El a\u00f1o pasado, el Consejo Pol\u00edtico Nacional del PRI le neg\u00f3 a Quirino Ordaz la licencia para convertirse en embajador en Espa\u00f1a, a propuesta del presidente L\u00f3pez Obrador Ciudad de M\u00e9xico. La Comisi\u00f3n Nacional de Justicia Partidaria del PRI expuls\u00f3 a Quirino Ordaz Coppel de las filas del partido, porque \u201cno acat\u00f3 la resoluci\u00f3n del [&hellip;]<\/p>\n","protected":false},"author":7,"featured_media":27445,"comment_status":"open","ping_status":"open","sticky":false,"template":"","format":"standard","meta":{"tdm_status":"","tdm_grid_status":"","footnotes":""},"categories":[37],"tags":[],"class_list":{"0":"post-27443","1":"post","2":"type-post","3":"status-publish","4":"format-standard","5":"has-post-thumbnail","7":"category-nota-principal"},"yoast_head":"<!-- This site is optimized with the Yoast SEO plugin v27.5 - https:\/\/yoast.com\/product\/yoast-seo-wordpress\/ -->\n<title>Quirino Ordaz es expulsado del PRI por aceptar embajada en Espa\u00f1a - Fuentes Fidedignas<\/title>\n<meta name=\"robots\" content=\"index, follow, max-snippet:-1, max-image-preview:large, max-video-preview:-1\" \/>\n<link rel=\"canonical\" href=\"https:\/\/fuentesfidedignas.com.mx\/index.php\/2022\/03\/31\/quirino-ordaz-es-expulsado-del-pri-por-aceptar-embajada-en-espana\/\" \/>\n<meta property=\"og:locale\" content=\"es_MX\" \/>\n<meta property=\"og:type\" content=\"article\" \/>\n<meta property=\"og:title\" content=\"Quirino Ordaz es expulsado del PRI por aceptar embajada en Espa\u00f1a - Fuentes Fidedignas\" \/>\n<meta property=\"og:description\" content=\"El a\u00f1o pasado, el Consejo Pol\u00edtico Nacional del PRI le neg\u00f3 a Quirino Ordaz la licencia para convertirse en embajador en Espa\u00f1a, a propuesta del presidente L\u00f3pez Obrador Ciudad de M\u00e9xico. La Comisi\u00f3n Nacional de Justicia Partidaria del PRI expuls\u00f3 a Quirino Ordaz Coppel de las filas del partido, porque \u201cno acat\u00f3 la resoluci\u00f3n del [&hellip;]\" \/>\n<meta property=\"og:url\" content=\"https:\/\/fuentesfidedignas.com.mx\/index.php\/2022\/03\/31\/quirino-ordaz-es-expulsado-del-pri-por-aceptar-embajada-en-espana\/\" \/>\n<meta property=\"og:site_name\" content=\"Fuentes Fidedignas\" \/>\n<meta property=\"article:publisher\" content=\"https:\/\/www.facebook.com\/Fuentes-Fidedignas-368234489921644\" \/>\n<meta property=\"article:published_time\" content=\"2022-04-01T01:00:00+00:00\" \/>\n<meta property=\"article:modified_time\" content=\"2022-04-01T04:01:57+00:00\" \/>\n<meta property=\"og:image\" content=\"https:\/\/fuentesfidedignas.com.mx\/wp-content\/uploads\/2022\/03\/2736910.jpg\" \/>\n\t<meta property=\"og:image:width\" content=\"800\" \/>\n\t<meta property=\"og:image:height\" content=\"600\" \/>\n\t<meta property=\"og:image:type\" content=\"image\/jpeg\" \/>\n<meta name=\"author\" content=\"Exc\u00e9lsior\" \/>\n<meta name=\"twitter:card\" content=\"summary_large_image\" \/>\n<meta name=\"twitter:creator\" content=\"@fidedignas\" \/>\n<meta name=\"twitter:site\" content=\"@fidedignas\" \/>\n<meta name=\"twitter:label1\" content=\"Escrito por\" \/>\n\t<meta name=\"twitter:data1\" content=\"Exc\u00e9lsior\" \/>\n\t<meta name=\"twitter:label2\" content=\"Tiempo de lectura\" \/>\n\t<meta name=\"twitter:data2\" content=\"2 minutos\" \/>\n<script type=\"application\/ld+json\" class=\"yoast-schema-graph\">{\"@context\":\"https:\\\/\\\/schema.org\",\"@graph\":[{\"@type\":\"Article\",\"@id\":\"https:\\\/\\\/fuentesfidedignas.com.mx\\\/index.php\\\/2022\\\/03\\\/31\\\/quirino-ordaz-es-expulsado-del-pri-por-aceptar-embajada-en-espana\\\/#article\",\"isPartOf\":{\"@id\":\"https:\\\/\\\/fuentesfidedignas.com.mx\\\/index.php\\\/2022\\\/03\\\/31\\\/quirino-ordaz-es-expulsado-del-pri-por-aceptar-embajada-en-espana\\\/\"},\"author\":{\"name\":\"Exc\u00e9lsior\",\"@id\":\"https:\\\/\\\/fuentesfidedignas.com.mx\\\/#\\\/schema\\\/person\\\/ec4edd1fbf5efa3e44fce34fe2787780\"},\"headline\":\"Quirino Ordaz es expulsado del PRI por aceptar embajada en Espa\u00f1a\",\"datePublished\":\"2022-04-01T01:00:00+00:00\",\"dateModified\":\"2022-04-01T04:01:57+00:00\",\"mainEntityOfPage\":{\"@id\":\"https:\\\/\\\/fuentesfidedignas.com.mx\\\/index.php\\\/2022\\\/03\\\/31\\\/quirino-ordaz-es-expulsado-del-pri-por-aceptar-embajada-en-espana\\\/\"},\"wordCount\":422,\"commentCount\":0,\"publisher\":{\"@id\":\"https:\\\/\\\/fuentesfidedignas.com.mx\\\/#organization\"},\"image\":{\"@id\":\"https:\\\/\\\/fuentesfidedignas.com.mx\\\/index.php\\\/2022\\\/03\\\/31\\\/quirino-ordaz-es-expulsado-del-pri-por-aceptar-embajada-en-espana\\\/#primaryimage\"},\"thumbnailUrl\":\"https:\\\/\\\/fuentesfidedignas.com.mx\\\/wp-content\\\/uploads\\\/2022\\\/03\\\/2736910.jpg\",\"articleSection\":[\"NOTA PRINCIPAL\"],\"inLanguage\":\"es\",\"potentialAction\":[{\"@type\":\"CommentAction\",\"name\":\"Comment\",\"target\":[\"https:\\\/\\\/fuentesfidedignas.com.mx\\\/index.php\\\/2022\\\/03\\\/31\\\/quirino-ordaz-es-expulsado-del-pri-por-aceptar-embajada-en-espana\\\/#respond\"]}]},{\"@type\":\"WebPage\",\"@id\":\"https:\\\/\\\/fuentesfidedignas.com.mx\\\/index.php\\\/2022\\\/03\\\/31\\\/quirino-ordaz-es-expulsado-del-pri-por-aceptar-embajada-en-espana\\\/\",\"url\":\"https:\\\/\\\/fuentesfidedignas.com.mx\\\/index.php\\\/2022\\\/03\\\/31\\\/quirino-ordaz-es-expulsado-del-pri-por-aceptar-embajada-en-espana\\\/\",\"name\":\"Quirino Ordaz es expulsado del PRI por aceptar embajada en Espa\u00f1a - Fuentes Fidedignas\",\"isPartOf\":{\"@id\":\"https:\\\/\\\/fuentesfidedignas.com.mx\\\/#website\"},\"primaryImageOfPage\":{\"@id\":\"https:\\\/\\\/fuentesfidedignas.com.mx\\\/index.php\\\/2022\\\/03\\\/31\\\/quirino-ordaz-es-expulsado-del-pri-por-aceptar-embajada-en-espana\\\/#primaryimage\"},\"image\":{\"@id\":\"https:\\\/\\\/fuentesfidedignas.com.mx\\\/index.php\\\/2022\\\/03\\\/31\\\/quirino-ordaz-es-expulsado-del-pri-por-aceptar-embajada-en-espana\\\/#primaryimage\"},\"thumbnailUrl\":\"https:\\\/\\\/fuentesfidedignas.com.mx\\\/wp-content\\\/uploads\\\/2022\\\/03\\\/2736910.jpg\",\"datePublished\":\"2022-04-01T01:00:00+00:00\",\"dateModified\":\"2022-04-01T04:01:57+00:00\",\"breadcrumb\":{\"@id\":\"https:\\\/\\\/fuentesfidedignas.com.mx\\\/index.php\\\/2022\\\/03\\\/31\\\/quirino-ordaz-es-expulsado-del-pri-por-aceptar-embajada-en-espana\\\/#breadcrumb\"},\"inLanguage\":\"es\",\"potentialAction\":[{\"@type\":\"ReadAction\",\"target\":[\"https:\\\/\\\/fuentesfidedignas.com.mx\\\/index.php\\\/2022\\\/03\\\/31\\\/quirino-ordaz-es-expulsado-del-pri-por-aceptar-embajada-en-espana\\\/\"]}]},{\"@type\":\"ImageObject\",\"inLanguage\":\"es\",\"@id\":\"https:\\\/\\\/fuentesfidedignas.com.mx\\\/index.php\\\/2022\\\/03\\\/31\\\/quirino-ordaz-es-expulsado-del-pri-por-aceptar-embajada-en-espana\\\/#primaryimage\",\"url\":\"https:\\\/\\\/fuentesfidedignas.com.mx\\\/wp-content\\\/uploads\\\/2022\\\/03\\\/2736910.jpg\",\"contentUrl\":\"https:\\\/\\\/fuentesfidedignas.com.mx\\\/wp-content\\\/uploads\\\/2022\\\/03\\\/2736910.jpg\",\"width\":800,\"height\":600},{\"@type\":\"BreadcrumbList\",\"@id\":\"https:\\\/\\\/fuentesfidedignas.com.mx\\\/index.php\\\/2022\\\/03\\\/31\\\/quirino-ordaz-es-expulsado-del-pri-por-aceptar-embajada-en-espana\\\/#breadcrumb\",\"itemListElement\":[{\"@type\":\"ListItem\",\"position\":1,\"name\":\"Inicio\",\"item\":\"https:\\\/\\\/fuentesfidedignas.com.mx\\\/\"},{\"@type\":\"ListItem\",\"position\":2,\"name\":\"Quirino Ordaz es expulsado del PRI por aceptar embajada en Espa\u00f1a\"}]},{\"@type\":\"WebSite\",\"@id\":\"https:\\\/\\\/fuentesfidedignas.com.mx\\\/#website\",\"url\":\"https:\\\/\\\/fuentesfidedignas.com.mx\\\/\",\"name\":\"Fuentes Fidedignas\",\"description\":\"Otro sitio realizado con WordPress\",\"publisher\":{\"@id\":\"https:\\\/\\\/fuentesfidedignas.com.mx\\\/#organization\"},\"potentialAction\":[{\"@type\":\"SearchAction\",\"target\":{\"@type\":\"EntryPoint\",\"urlTemplate\":\"https:\\\/\\\/fuentesfidedignas.com.mx\\\/?s={search_term_string}\"},\"query-input\":{\"@type\":\"PropertyValueSpecification\",\"valueRequired\":true,\"valueName\":\"search_term_string\"}}],\"inLanguage\":\"es\"},{\"@type\":\"Organization\",\"@id\":\"https:\\\/\\\/fuentesfidedignas.com.mx\\\/#organization\",\"name\":\"Fuentes Fidedignas\",\"url\":\"https:\\\/\\\/fuentesfidedignas.com.mx\\\/\",\"logo\":{\"@type\":\"ImageObject\",\"inLanguage\":\"es\",\"@id\":\"https:\\\/\\\/fuentesfidedignas.com.mx\\\/#\\\/schema\\\/logo\\\/image\\\/\",\"url\":\"https:\\\/\\\/fuentesfidedignas.com.mx\\\/wp-content\\\/uploads\\\/2021\\\/04\\\/logo-retina.png\",\"contentUrl\":\"https:\\\/\\\/fuentesfidedignas.com.mx\\\/wp-content\\\/uploads\\\/2021\\\/04\\\/logo-retina.png\",\"width\":280,\"height\":51,\"caption\":\"Fuentes Fidedignas\"},\"image\":{\"@id\":\"https:\\\/\\\/fuentesfidedignas.com.mx\\\/#\\\/schema\\\/logo\\\/image\\\/\"},\"sameAs\":[\"https:\\\/\\\/www.facebook.com\\\/Fuentes-Fidedignas-368234489921644\",\"https:\\\/\\\/x.com\\\/fidedignas\"]},{\"@type\":\"Person\",\"@id\":\"https:\\\/\\\/fuentesfidedignas.com.mx\\\/#\\\/schema\\\/person\\\/ec4edd1fbf5efa3e44fce34fe2787780\",\"name\":\"Exc\u00e9lsior\",\"image\":{\"@type\":\"ImageObject\",\"inLanguage\":\"es\",\"@id\":\"https:\\\/\\\/secure.gravatar.com\\\/avatar\\\/4b7ee9206b48be08447852b3f0814dbc7c0f3b51541b164f1464a2725614020b?s=96&d=mm&r=g\",\"url\":\"https:\\\/\\\/secure.gravatar.com\\\/avatar\\\/4b7ee9206b48be08447852b3f0814dbc7c0f3b51541b164f1464a2725614020b?s=96&d=mm&r=g\",\"contentUrl\":\"https:\\\/\\\/secure.gravatar.com\\\/avatar\\\/4b7ee9206b48be08447852b3f0814dbc7c0f3b51541b164f1464a2725614020b?s=96&d=mm&r=g\",\"caption\":\"Exc\u00e9lsior\"},\"url\":\"https:\\\/\\\/fuentesfidedignas.com.mx\\\/index.php\\\/author\\\/excelsior\\\/\"}]}<\/script>\n<!-- \/ Yoast SEO plugin. -->","yoast_head_json":{"title":"Quirino Ordaz es expulsado del PRI por aceptar embajada en Espa\u00f1a - Fuentes Fidedignas","robots":{"index":"index","follow":"follow","max-snippet":"max-snippet:-1","max-image-preview":"max-image-preview:large","max-video-preview":"max-video-preview:-1"},"canonical":"https:\/\/fuentesfidedignas.com.mx\/index.php\/2022\/03\/31\/quirino-ordaz-es-expulsado-del-pri-por-aceptar-embajada-en-espana\/","og_locale":"es_MX","og_type":"article","og_title":"Quirino Ordaz es expulsado del PRI por aceptar embajada en Espa\u00f1a - Fuentes Fidedignas","og_description":"El a\u00f1o pasado, el Consejo Pol\u00edtico Nacional del PRI le neg\u00f3 a Quirino Ordaz la licencia para convertirse en embajador en Espa\u00f1a, a propuesta del presidente L\u00f3pez Obrador Ciudad de M\u00e9xico. La Comisi\u00f3n Nacional de Justicia Partidaria del PRI expuls\u00f3 a Quirino Ordaz Coppel de las filas del partido, porque \u201cno acat\u00f3 la resoluci\u00f3n del [&hellip;]","og_url":"https:\/\/fuentesfidedignas.com.mx\/index.php\/2022\/03\/31\/quirino-ordaz-es-expulsado-del-pri-por-aceptar-embajada-en-espana\/","og_site_name":"Fuentes Fidedignas","article_publisher":"https:\/\/www.facebook.com\/Fuentes-Fidedignas-368234489921644","article_published_time":"2022-04-01T01:00:00+00:00","article_modified_time":"2022-04-01T04:01:57+00:00","og_image":[{"width":800,"height":600,"url":"https:\/\/fuentesfidedignas.com.mx\/wp-content\/uploads\/2022\/03\/2736910.jpg","type":"image\/jpeg"}],"author":"Exc\u00e9lsior","twitter_card":"summary_large_image","twitter_creator":"@fidedignas","twitter_site":"@fidedignas","twitter_misc":{"Escrito por":"Exc\u00e9lsior","Tiempo de lectura":"2 minutos"},"schema":{"@context":"https:\/\/schema.org","@graph":[{"@type":"Article","@id":"https:\/\/fuentesfidedignas.com.mx\/index.php\/2022\/03\/31\/quirino-ordaz-es-expulsado-del-pri-por-aceptar-embajada-en-espana\/#article","isPartOf":{"@id":"https:\/\/fuentesfidedignas.com.mx\/index.php\/2022\/03\/31\/quirino-ordaz-es-expulsado-del-pri-por-aceptar-embajada-en-espana\/"},"author":{"name":"Exc\u00e9lsior","@id":"https:\/\/fuentesfidedignas.com.mx\/#\/schema\/person\/ec4edd1fbf5efa3e44fce34fe2787780"},"headline":"Quirino Ordaz es expulsado del PRI por aceptar embajada en Espa\u00f1a","datePublished":"2022-04-01T01:00:00+00:00","dateModified":"2022-04-01T04:01:57+00:00","mainEntityOfPage":{"@id":"https:\/\/fuentesfidedignas.com.mx\/index.php\/2022\/03\/31\/quirino-ordaz-es-expulsado-del-pri-por-aceptar-embajada-en-espana\/"},"wordCount":422,"commentCount":0,"publisher":{"@id":"https:\/\/fuentesfidedignas.com.mx\/#organization"},"image":{"@id":"https:\/\/fuentesfidedignas.com.mx\/index.php\/2022\/03\/31\/quirino-ordaz-es-expulsado-del-pri-por-aceptar-embajada-en-espana\/#primaryimage"},"thumbnailUrl":"https:\/\/fuentesfidedignas.com.mx\/wp-content\/uploads\/2022\/03\/2736910.jpg","articleSection":["NOTA PRINCIPAL"],"inLanguage":"es","potentialAction":[{"@type":"CommentAction","name":"Comment","target":["https:\/\/fuentesfidedignas.com.mx\/index.php\/2022\/03\/31\/quirino-ordaz-es-expulsado-del-pri-por-aceptar-embajada-en-espana\/#respond"]}]},{"@type":"WebPage","@id":"https:\/\/fuentesfidedignas.com.mx\/index.php\/2022\/03\/31\/quirino-ordaz-es-expulsado-del-pri-por-aceptar-embajada-en-espana\/","url":"https:\/\/fuentesfidedignas.com.mx\/index.php\/2022\/03\/31\/quirino-ordaz-es-expulsado-del-pri-por-aceptar-embajada-en-espana\/","name":"Quirino Ordaz es expulsado del PRI por aceptar embajada en Espa\u00f1a - Fuentes Fidedignas","isPartOf":{"@id":"https:\/\/fuentesfidedignas.com.mx\/#website"},"primaryImageOfPage":{"@id":"https:\/\/fuentesfidedignas.com.mx\/index.php\/2022\/03\/31\/quirino-ordaz-es-expulsado-del-pri-por-aceptar-embajada-en-espana\/#primaryimage"},"image":{"@id":"https:\/\/fuentesfidedignas.com.mx\/index.php\/2022\/03\/31\/quirino-ordaz-es-expulsado-del-pri-por-aceptar-embajada-en-espana\/#primaryimage"},"thumbnailUrl":"https:\/\/fuentesfidedignas.com.mx\/wp-content\/uploads\/2022\/03\/2736910.jpg","datePublished":"2022-04-01T01:00:00+00:00","dateModified":"2022-04-01T04:01:57+00:00","breadcrumb":{"@id":"https:\/\/fuentesfidedignas.com.mx\/index.php\/2022\/03\/31\/quirino-ordaz-es-expulsado-del-pri-por-aceptar-embajada-en-espana\/#breadcrumb"},"inLanguage":"es","potentialAction":[{"@type":"ReadAction","target":["https:\/\/fuentesfidedignas.com.mx\/index.php\/2022\/03\/31\/quirino-ordaz-es-expulsado-del-pri-por-aceptar-embajada-en-espana\/"]}]},{"@type":"ImageObject","inLanguage":"es","@id":"https:\/\/fuentesfidedignas.com.mx\/index.php\/2022\/03\/31\/quirino-ordaz-es-expulsado-del-pri-por-aceptar-embajada-en-espana\/#primaryimage","url":"https:\/\/fuentesfidedignas.com.mx\/wp-content\/uploads\/2022\/03\/2736910.jpg","contentUrl":"https:\/\/fuentesfidedignas.com.mx\/wp-content\/uploads\/2022\/03\/2736910.jpg","width":800,"height":600},{"@type":"BreadcrumbList","@id":"https:\/\/fuentesfidedignas.com.mx\/index.php\/2022\/03\/31\/quirino-ordaz-es-expulsado-del-pri-por-aceptar-embajada-en-espana\/#breadcrumb","itemListElement":[{"@type":"ListItem","position":1,"name":"Inicio","item":"https:\/\/fuentesfidedignas.com.mx\/"},{"@type":"ListItem","position":2,"name":"Quirino Ordaz es expulsado del PRI por aceptar embajada en Espa\u00f1a"}]},{"@type":"WebSite","@id":"https:\/\/fuentesfidedignas.com.mx\/#website","url":"https:\/\/fuentesfidedignas.com.mx\/","name":"Fuentes Fidedignas","description":"Otro sitio realizado con WordPress","publisher":{"@id":"https:\/\/fuentesfidedignas.com.mx\/#organization"},"potentialAction":[{"@type":"SearchAction","target":{"@type":"EntryPoint","urlTemplate":"https:\/\/fuentesfidedignas.com.mx\/?s={search_term_string}"},"query-input":{"@type":"PropertyValueSpecification","valueRequired":true,"valueName":"search_term_string"}}],"inLanguage":"es"},{"@type":"Organization","@id":"https:\/\/fuentesfidedignas.com.mx\/#organization","name":"Fuentes Fidedignas","url":"https:\/\/fuentesfidedignas.com.mx\/","logo":{"@type":"ImageObject","inLanguage":"es","@id":"https:\/\/fuentesfidedignas.com.mx\/#\/schema\/logo\/image\/","url":"https:\/\/fuentesfidedignas.com.mx\/wp-content\/uploads\/2021\/04\/logo-retina.png","contentUrl":"https:\/\/fuentesfidedignas.com.mx\/wp-content\/uploads\/2021\/04\/logo-retina.png","width":280,"height":51,"caption":"Fuentes Fidedignas"},"image":{"@id":"https:\/\/fuentesfidedignas.com.mx\/#\/schema\/logo\/image\/"},"sameAs":["https:\/\/www.facebook.com\/Fuentes-Fidedignas-368234489921644","https:\/\/x.com\/fidedignas"]},{"@type":"Person","@id":"https:\/\/fuentesfidedignas.com.mx\/#\/schema\/person\/ec4edd1fbf5efa3e44fce34fe2787780","name":"Exc\u00e9lsior","image":{"@type":"ImageObject","inLanguage":"es","@id":"https:\/\/secure.gravatar.com\/avatar\/4b7ee9206b48be08447852b3f0814dbc7c0f3b51541b164f1464a2725614020b?s=96&d=mm&r=g","url":"https:\/\/secure.gravatar.com\/avatar\/4b7ee9206b48be08447852b3f0814dbc7c0f3b51541b164f1464a2725614020b?s=96&d=mm&r=g","contentUrl":"https:\/\/secure.gravatar.com\/avatar\/4b7ee9206b48be08447852b3f0814dbc7c0f3b51541b164f1464a2725614020b?s=96&d=mm&r=g","caption":"Exc\u00e9lsior"},"url":"https:\/\/fuentesfidedignas.com.mx\/index.php\/author\/excelsior\/"}]}},"_links":{"self":[{"href":"https:\/\/fuentesfidedignas.com.mx\/index.php\/wp-json\/wp\/v2\/posts\/27443","targetHints":{"allow":["GET"]}}],"collection":[{"href":"https:\/\/fuentesfidedignas.com.mx\/index.php\/wp-json\/wp\/v2\/posts"}],"about":[{"href":"https:\/\/fuentesfidedignas.com.mx\/index.php\/wp-json\/wp\/v2\/types\/post"}],"author":[{"embeddable":true,"href":"https:\/\/fuentesfidedignas.com.mx\/index.php\/wp-json\/wp\/v2\/users\/7"}],"replies":[{"embeddable":true,"href":"https:\/\/fuentesfidedignas.com.mx\/index.php\/wp-json\/wp\/v2\/comments?post=27443"}],"version-history":[{"count":1,"href":"https:\/\/fuentesfidedignas.com.mx\/index.php\/wp-json\/wp\/v2\/posts\/27443\/revisions"}],"predecessor-version":[{"id":27444,"href":"https:\/\/fuentesfidedignas.com.mx\/index.php\/wp-json\/wp\/v2\/posts\/27443\/revisions\/27444"}],"wp:featuredmedia":[{"embeddable":true,"href":"https:\/\/fuentesfidedignas.com.mx\/index.php\/wp-json\/wp\/v2\/media\/27445"}],"wp:attachment":[{"href":"https:\/\/fuentesfidedignas.com.mx\/index.php\/wp-json\/wp\/v2\/media?parent=27443"}],"wp:term":[{"taxonomy":"category","embeddable":true,"href":"https:\/\/fuentesfidedignas.com.mx\/index.php\/wp-json\/wp\/v2\/categories?post=27443"},{"taxonomy":"post_tag","embeddable":true,"href":"https:\/\/fuentesfidedignas.com.mx\/index.php\/wp-json\/wp\/v2\/tags?post=27443"}],"curies":[{"name":"wp","href":"https:\/\/api.w.org\/{rel}","templated":true}]}}