{"id":27425,"date":"2022-03-31T15:19:25","date_gmt":"2022-03-31T22:19:25","guid":{"rendered":"https:\/\/fuentesfidedignas.com.mx\/?p=27425"},"modified":"2022-03-31T15:20:01","modified_gmt":"2022-03-31T22:20:01","slug":"rocha-adelanta-que-habra-prorroga-en-tramites-vehiculares","status":"publish","type":"post","link":"https:\/\/fuentesfidedignas.com.mx\/index.php\/2022\/03\/31\/rocha-adelanta-que-habra-prorroga-en-tramites-vehiculares\/","title":{"rendered":"Habr\u00e1 pr\u00f3rroga en tr\u00e1mites vehiculares"},"content":{"rendered":"\n<p><\/p>\n\n\n\n<p>Culiac\u00e1n, Sin. Al vencerse este jueves 31 el plazo para pagar el refrendo vehicular, el gobernador Rub\u00e9n Rocha Moya adelant\u00f3 que se otorgar\u00e1 una pr\u00f3rroga para que los contribuyentes que no hayan podido cumplir con este tr\u00e1mite vehicular puedan hacerlo, pero adem\u00e1s se brindar\u00e1n descuentos en las multas y recargos, con el prop\u00f3sito de apoyar la econom\u00eda familiar.<\/p>\n\n\n\n<p>Durante una breve estancia en Los Mochis, el mandatario estatal fue entrevistado por los medios de comunicaci\u00f3n, quienes le cuestionaron sobre el tema, y al respecto adelant\u00f3 que este viernes se dar\u00e1 a conocer de manera oficial este programa de pr\u00f3rroga y descuentos.<\/p>\n\n\n\n<p>&#8220;S\u00ed lo vamos a hacer, de una vez se los adelanto, lo haremos ma\u00f1ana, es que hoy estaban yendo -los contribuyentes- a hacer sus tr\u00e1mites de manera muy nutrida y no los quisimos interrumpir, pero les vamos a dar ampliaci\u00f3n, el tiempo necesario, y consideraciones en los costos, en los recargos&#8221;, adelant\u00f3.<\/p>\n\n\n\n<p>De igual manera, a pregunta expresa, al responder sobre el programa de regularizaci\u00f3n de veh\u00edculos usados de procedencia extranjera que anunci\u00f3 durante su Conferencia Semanera, precis\u00f3 que tambi\u00e9n se implementar\u00e1 en Los Mochis, y la sede ser\u00e1 el Centro de Usos M\u00faltiples (CUM), como lo confirm\u00f3 el presidente municipal de Ahome, Gerardo Vargas Landeros, quien lo acompa\u00f1\u00f3 en la entrevista.<\/p>\n\n\n\n<p>El gobernador Rocha aclar\u00f3 que en todas las cabeceras municipales se instalar\u00e1n estos m\u00f3dulos para la regularizaci\u00f3n de los llamados autos &#8220;chocolate&#8221;, para que sus propietarios no se vean en la necesidad de trasladarse a las grandes ciudades a realizar su tr\u00e1mite, el cual inicia este lunes con la apertura en la plataforma digital para agendar la cita.<\/p>\n","protected":false},"excerpt":{"rendered":"<p>Culiac\u00e1n, Sin. Al vencerse este jueves 31 el plazo para pagar el refrendo vehicular, el gobernador Rub\u00e9n Rocha Moya adelant\u00f3 que se otorgar\u00e1 una pr\u00f3rroga para que los contribuyentes que no hayan podido cumplir con este tr\u00e1mite vehicular puedan hacerlo, pero adem\u00e1s se brindar\u00e1n descuentos en las multas y recargos, con el prop\u00f3sito de apoyar [&hellip;]<\/p>\n","protected":false},"author":4,"featured_media":27427,"comment_status":"open","ping_status":"open","sticky":false,"template":"","format":"standard","meta":{"tdm_status":"","tdm_grid_status":"","footnotes":""},"categories":[37],"tags":[],"class_list":{"0":"post-27425","1":"post","2":"type-post","3":"status-publish","4":"format-standard","5":"has-post-thumbnail","7":"category-nota-principal"},"yoast_head":"<!-- This site is optimized with the Yoast SEO plugin v27.5 - https:\/\/yoast.com\/product\/yoast-seo-wordpress\/ -->\n<title>Habr\u00e1 pr\u00f3rroga en tr\u00e1mites vehiculares - Fuentes Fidedignas<\/title>\n<meta name=\"robots\" content=\"index, follow, max-snippet:-1, max-image-preview:large, max-video-preview:-1\" \/>\n<link rel=\"canonical\" href=\"https:\/\/fuentesfidedignas.com.mx\/index.php\/2022\/03\/31\/rocha-adelanta-que-habra-prorroga-en-tramites-vehiculares\/\" \/>\n<meta property=\"og:locale\" content=\"es_MX\" \/>\n<meta property=\"og:type\" content=\"article\" \/>\n<meta property=\"og:title\" content=\"Habr\u00e1 pr\u00f3rroga en tr\u00e1mites vehiculares - Fuentes Fidedignas\" \/>\n<meta property=\"og:description\" content=\"Culiac\u00e1n, Sin. Al vencerse este jueves 31 el plazo para pagar el refrendo vehicular, el gobernador Rub\u00e9n Rocha Moya adelant\u00f3 que se otorgar\u00e1 una pr\u00f3rroga para que los contribuyentes que no hayan podido cumplir con este tr\u00e1mite vehicular puedan hacerlo, pero adem\u00e1s se brindar\u00e1n descuentos en las multas y recargos, con el prop\u00f3sito de apoyar [&hellip;]\" \/>\n<meta property=\"og:url\" content=\"https:\/\/fuentesfidedignas.com.mx\/index.php\/2022\/03\/31\/rocha-adelanta-que-habra-prorroga-en-tramites-vehiculares\/\" \/>\n<meta property=\"og:site_name\" content=\"Fuentes Fidedignas\" \/>\n<meta property=\"article:publisher\" content=\"https:\/\/www.facebook.com\/Fuentes-Fidedignas-368234489921644\" \/>\n<meta property=\"article:published_time\" content=\"2022-03-31T22:19:25+00:00\" \/>\n<meta property=\"article:modified_time\" content=\"2022-03-31T22:20:01+00:00\" \/>\n<meta property=\"og:image\" content=\"https:\/\/fuentesfidedignas.com.mx\/wp-content\/uploads\/2022\/03\/images-86.jpeg\" \/>\n\t<meta property=\"og:image:width\" content=\"679\" \/>\n\t<meta property=\"og:image:height\" content=\"451\" \/>\n\t<meta property=\"og:image:type\" content=\"image\/jpeg\" \/>\n<meta name=\"author\" content=\"Redacci\u00f3n\" \/>\n<meta name=\"twitter:card\" content=\"summary_large_image\" \/>\n<meta name=\"twitter:creator\" content=\"@fidedignas\" \/>\n<meta name=\"twitter:site\" content=\"@fidedignas\" \/>\n<meta name=\"twitter:label1\" content=\"Escrito por\" \/>\n\t<meta name=\"twitter:data1\" content=\"Redacci\u00f3n\" \/>\n\t<meta name=\"twitter:label2\" content=\"Tiempo de lectura\" \/>\n\t<meta name=\"twitter:data2\" content=\"2 minutos\" \/>\n<script type=\"application\/ld+json\" class=\"yoast-schema-graph\">{\"@context\":\"https:\\\/\\\/schema.org\",\"@graph\":[{\"@type\":\"Article\",\"@id\":\"https:\\\/\\\/fuentesfidedignas.com.mx\\\/index.php\\\/2022\\\/03\\\/31\\\/rocha-adelanta-que-habra-prorroga-en-tramites-vehiculares\\\/#article\",\"isPartOf\":{\"@id\":\"https:\\\/\\\/fuentesfidedignas.com.mx\\\/index.php\\\/2022\\\/03\\\/31\\\/rocha-adelanta-que-habra-prorroga-en-tramites-vehiculares\\\/\"},\"author\":{\"name\":\"Redacci\u00f3n\",\"@id\":\"https:\\\/\\\/fuentesfidedignas.com.mx\\\/#\\\/schema\\\/person\\\/331be9283d37198e2acd5750279085b0\"},\"headline\":\"Habr\u00e1 pr\u00f3rroga en tr\u00e1mites vehiculares\",\"datePublished\":\"2022-03-31T22:19:25+00:00\",\"dateModified\":\"2022-03-31T22:20:01+00:00\",\"mainEntityOfPage\":{\"@id\":\"https:\\\/\\\/fuentesfidedignas.com.mx\\\/index.php\\\/2022\\\/03\\\/31\\\/rocha-adelanta-que-habra-prorroga-en-tramites-vehiculares\\\/\"},\"wordCount\":298,\"commentCount\":0,\"publisher\":{\"@id\":\"https:\\\/\\\/fuentesfidedignas.com.mx\\\/#organization\"},\"image\":{\"@id\":\"https:\\\/\\\/fuentesfidedignas.com.mx\\\/index.php\\\/2022\\\/03\\\/31\\\/rocha-adelanta-que-habra-prorroga-en-tramites-vehiculares\\\/#primaryimage\"},\"thumbnailUrl\":\"https:\\\/\\\/fuentesfidedignas.com.mx\\\/wp-content\\\/uploads\\\/2022\\\/03\\\/images-86.jpeg\",\"articleSection\":[\"NOTA PRINCIPAL\"],\"inLanguage\":\"es\",\"potentialAction\":[{\"@type\":\"CommentAction\",\"name\":\"Comment\",\"target\":[\"https:\\\/\\\/fuentesfidedignas.com.mx\\\/index.php\\\/2022\\\/03\\\/31\\\/rocha-adelanta-que-habra-prorroga-en-tramites-vehiculares\\\/#respond\"]}]},{\"@type\":\"WebPage\",\"@id\":\"https:\\\/\\\/fuentesfidedignas.com.mx\\\/index.php\\\/2022\\\/03\\\/31\\\/rocha-adelanta-que-habra-prorroga-en-tramites-vehiculares\\\/\",\"url\":\"https:\\\/\\\/fuentesfidedignas.com.mx\\\/index.php\\\/2022\\\/03\\\/31\\\/rocha-adelanta-que-habra-prorroga-en-tramites-vehiculares\\\/\",\"name\":\"Habr\u00e1 pr\u00f3rroga en tr\u00e1mites vehiculares - Fuentes Fidedignas\",\"isPartOf\":{\"@id\":\"https:\\\/\\\/fuentesfidedignas.com.mx\\\/#website\"},\"primaryImageOfPage\":{\"@id\":\"https:\\\/\\\/fuentesfidedignas.com.mx\\\/index.php\\\/2022\\\/03\\\/31\\\/rocha-adelanta-que-habra-prorroga-en-tramites-vehiculares\\\/#primaryimage\"},\"image\":{\"@id\":\"https:\\\/\\\/fuentesfidedignas.com.mx\\\/index.php\\\/2022\\\/03\\\/31\\\/rocha-adelanta-que-habra-prorroga-en-tramites-vehiculares\\\/#primaryimage\"},\"thumbnailUrl\":\"https:\\\/\\\/fuentesfidedignas.com.mx\\\/wp-content\\\/uploads\\\/2022\\\/03\\\/images-86.jpeg\",\"datePublished\":\"2022-03-31T22:19:25+00:00\",\"dateModified\":\"2022-03-31T22:20:01+00:00\",\"breadcrumb\":{\"@id\":\"https:\\\/\\\/fuentesfidedignas.com.mx\\\/index.php\\\/2022\\\/03\\\/31\\\/rocha-adelanta-que-habra-prorroga-en-tramites-vehiculares\\\/#breadcrumb\"},\"inLanguage\":\"es\",\"potentialAction\":[{\"@type\":\"ReadAction\",\"target\":[\"https:\\\/\\\/fuentesfidedignas.com.mx\\\/index.php\\\/2022\\\/03\\\/31\\\/rocha-adelanta-que-habra-prorroga-en-tramites-vehiculares\\\/\"]}]},{\"@type\":\"ImageObject\",\"inLanguage\":\"es\",\"@id\":\"https:\\\/\\\/fuentesfidedignas.com.mx\\\/index.php\\\/2022\\\/03\\\/31\\\/rocha-adelanta-que-habra-prorroga-en-tramites-vehiculares\\\/#primaryimage\",\"url\":\"https:\\\/\\\/fuentesfidedignas.com.mx\\\/wp-content\\\/uploads\\\/2022\\\/03\\\/images-86.jpeg\",\"contentUrl\":\"https:\\\/\\\/fuentesfidedignas.com.mx\\\/wp-content\\\/uploads\\\/2022\\\/03\\\/images-86.jpeg\",\"width\":679,\"height\":451},{\"@type\":\"BreadcrumbList\",\"@id\":\"https:\\\/\\\/fuentesfidedignas.com.mx\\\/index.php\\\/2022\\\/03\\\/31\\\/rocha-adelanta-que-habra-prorroga-en-tramites-vehiculares\\\/#breadcrumb\",\"itemListElement\":[{\"@type\":\"ListItem\",\"position\":1,\"name\":\"Inicio\",\"item\":\"https:\\\/\\\/fuentesfidedignas.com.mx\\\/\"},{\"@type\":\"ListItem\",\"position\":2,\"name\":\"Habr\u00e1 pr\u00f3rroga en tr\u00e1mites vehiculares\"}]},{\"@type\":\"WebSite\",\"@id\":\"https:\\\/\\\/fuentesfidedignas.com.mx\\\/#website\",\"url\":\"https:\\\/\\\/fuentesfidedignas.com.mx\\\/\",\"name\":\"Fuentes Fidedignas\",\"description\":\"Otro sitio realizado con WordPress\",\"publisher\":{\"@id\":\"https:\\\/\\\/fuentesfidedignas.com.mx\\\/#organization\"},\"potentialAction\":[{\"@type\":\"SearchAction\",\"target\":{\"@type\":\"EntryPoint\",\"urlTemplate\":\"https:\\\/\\\/fuentesfidedignas.com.mx\\\/?s={search_term_string}\"},\"query-input\":{\"@type\":\"PropertyValueSpecification\",\"valueRequired\":true,\"valueName\":\"search_term_string\"}}],\"inLanguage\":\"es\"},{\"@type\":\"Organization\",\"@id\":\"https:\\\/\\\/fuentesfidedignas.com.mx\\\/#organization\",\"name\":\"Fuentes Fidedignas\",\"url\":\"https:\\\/\\\/fuentesfidedignas.com.mx\\\/\",\"logo\":{\"@type\":\"ImageObject\",\"inLanguage\":\"es\",\"@id\":\"https:\\\/\\\/fuentesfidedignas.com.mx\\\/#\\\/schema\\\/logo\\\/image\\\/\",\"url\":\"https:\\\/\\\/fuentesfidedignas.com.mx\\\/wp-content\\\/uploads\\\/2021\\\/04\\\/logo-retina.png\",\"contentUrl\":\"https:\\\/\\\/fuentesfidedignas.com.mx\\\/wp-content\\\/uploads\\\/2021\\\/04\\\/logo-retina.png\",\"width\":280,\"height\":51,\"caption\":\"Fuentes Fidedignas\"},\"image\":{\"@id\":\"https:\\\/\\\/fuentesfidedignas.com.mx\\\/#\\\/schema\\\/logo\\\/image\\\/\"},\"sameAs\":[\"https:\\\/\\\/www.facebook.com\\\/Fuentes-Fidedignas-368234489921644\",\"https:\\\/\\\/x.com\\\/fidedignas\"]},{\"@type\":\"Person\",\"@id\":\"https:\\\/\\\/fuentesfidedignas.com.mx\\\/#\\\/schema\\\/person\\\/331be9283d37198e2acd5750279085b0\",\"name\":\"Redacci\u00f3n\",\"image\":{\"@type\":\"ImageObject\",\"inLanguage\":\"es\",\"@id\":\"https:\\\/\\\/secure.gravatar.com\\\/avatar\\\/f6d8782c11d12b2d4ad3fbb6931aeab5309937a4d6cd2fc9cfaa28a6396a5aec?s=96&d=mm&r=g\",\"url\":\"https:\\\/\\\/secure.gravatar.com\\\/avatar\\\/f6d8782c11d12b2d4ad3fbb6931aeab5309937a4d6cd2fc9cfaa28a6396a5aec?s=96&d=mm&r=g\",\"contentUrl\":\"https:\\\/\\\/secure.gravatar.com\\\/avatar\\\/f6d8782c11d12b2d4ad3fbb6931aeab5309937a4d6cd2fc9cfaa28a6396a5aec?s=96&d=mm&r=g\",\"caption\":\"Redacci\u00f3n\"},\"url\":\"https:\\\/\\\/fuentesfidedignas.com.mx\\\/index.php\\\/author\\\/redaccion\\\/\"}]}<\/script>\n<!-- \/ Yoast SEO plugin. -->","yoast_head_json":{"title":"Habr\u00e1 pr\u00f3rroga en tr\u00e1mites vehiculares - Fuentes Fidedignas","robots":{"index":"index","follow":"follow","max-snippet":"max-snippet:-1","max-image-preview":"max-image-preview:large","max-video-preview":"max-video-preview:-1"},"canonical":"https:\/\/fuentesfidedignas.com.mx\/index.php\/2022\/03\/31\/rocha-adelanta-que-habra-prorroga-en-tramites-vehiculares\/","og_locale":"es_MX","og_type":"article","og_title":"Habr\u00e1 pr\u00f3rroga en tr\u00e1mites vehiculares - Fuentes Fidedignas","og_description":"Culiac\u00e1n, Sin. Al vencerse este jueves 31 el plazo para pagar el refrendo vehicular, el gobernador Rub\u00e9n Rocha Moya adelant\u00f3 que se otorgar\u00e1 una pr\u00f3rroga para que los contribuyentes que no hayan podido cumplir con este tr\u00e1mite vehicular puedan hacerlo, pero adem\u00e1s se brindar\u00e1n descuentos en las multas y recargos, con el prop\u00f3sito de apoyar [&hellip;]","og_url":"https:\/\/fuentesfidedignas.com.mx\/index.php\/2022\/03\/31\/rocha-adelanta-que-habra-prorroga-en-tramites-vehiculares\/","og_site_name":"Fuentes Fidedignas","article_publisher":"https:\/\/www.facebook.com\/Fuentes-Fidedignas-368234489921644","article_published_time":"2022-03-31T22:19:25+00:00","article_modified_time":"2022-03-31T22:20:01+00:00","og_image":[{"width":679,"height":451,"url":"https:\/\/fuentesfidedignas.com.mx\/wp-content\/uploads\/2022\/03\/images-86.jpeg","type":"image\/jpeg"}],"author":"Redacci\u00f3n","twitter_card":"summary_large_image","twitter_creator":"@fidedignas","twitter_site":"@fidedignas","twitter_misc":{"Escrito por":"Redacci\u00f3n","Tiempo de lectura":"2 minutos"},"schema":{"@context":"https:\/\/schema.org","@graph":[{"@type":"Article","@id":"https:\/\/fuentesfidedignas.com.mx\/index.php\/2022\/03\/31\/rocha-adelanta-que-habra-prorroga-en-tramites-vehiculares\/#article","isPartOf":{"@id":"https:\/\/fuentesfidedignas.com.mx\/index.php\/2022\/03\/31\/rocha-adelanta-que-habra-prorroga-en-tramites-vehiculares\/"},"author":{"name":"Redacci\u00f3n","@id":"https:\/\/fuentesfidedignas.com.mx\/#\/schema\/person\/331be9283d37198e2acd5750279085b0"},"headline":"Habr\u00e1 pr\u00f3rroga en tr\u00e1mites vehiculares","datePublished":"2022-03-31T22:19:25+00:00","dateModified":"2022-03-31T22:20:01+00:00","mainEntityOfPage":{"@id":"https:\/\/fuentesfidedignas.com.mx\/index.php\/2022\/03\/31\/rocha-adelanta-que-habra-prorroga-en-tramites-vehiculares\/"},"wordCount":298,"commentCount":0,"publisher":{"@id":"https:\/\/fuentesfidedignas.com.mx\/#organization"},"image":{"@id":"https:\/\/fuentesfidedignas.com.mx\/index.php\/2022\/03\/31\/rocha-adelanta-que-habra-prorroga-en-tramites-vehiculares\/#primaryimage"},"thumbnailUrl":"https:\/\/fuentesfidedignas.com.mx\/wp-content\/uploads\/2022\/03\/images-86.jpeg","articleSection":["NOTA PRINCIPAL"],"inLanguage":"es","potentialAction":[{"@type":"CommentAction","name":"Comment","target":["https:\/\/fuentesfidedignas.com.mx\/index.php\/2022\/03\/31\/rocha-adelanta-que-habra-prorroga-en-tramites-vehiculares\/#respond"]}]},{"@type":"WebPage","@id":"https:\/\/fuentesfidedignas.com.mx\/index.php\/2022\/03\/31\/rocha-adelanta-que-habra-prorroga-en-tramites-vehiculares\/","url":"https:\/\/fuentesfidedignas.com.mx\/index.php\/2022\/03\/31\/rocha-adelanta-que-habra-prorroga-en-tramites-vehiculares\/","name":"Habr\u00e1 pr\u00f3rroga en tr\u00e1mites vehiculares - Fuentes Fidedignas","isPartOf":{"@id":"https:\/\/fuentesfidedignas.com.mx\/#website"},"primaryImageOfPage":{"@id":"https:\/\/fuentesfidedignas.com.mx\/index.php\/2022\/03\/31\/rocha-adelanta-que-habra-prorroga-en-tramites-vehiculares\/#primaryimage"},"image":{"@id":"https:\/\/fuentesfidedignas.com.mx\/index.php\/2022\/03\/31\/rocha-adelanta-que-habra-prorroga-en-tramites-vehiculares\/#primaryimage"},"thumbnailUrl":"https:\/\/fuentesfidedignas.com.mx\/wp-content\/uploads\/2022\/03\/images-86.jpeg","datePublished":"2022-03-31T22:19:25+00:00","dateModified":"2022-03-31T22:20:01+00:00","breadcrumb":{"@id":"https:\/\/fuentesfidedignas.com.mx\/index.php\/2022\/03\/31\/rocha-adelanta-que-habra-prorroga-en-tramites-vehiculares\/#breadcrumb"},"inLanguage":"es","potentialAction":[{"@type":"ReadAction","target":["https:\/\/fuentesfidedignas.com.mx\/index.php\/2022\/03\/31\/rocha-adelanta-que-habra-prorroga-en-tramites-vehiculares\/"]}]},{"@type":"ImageObject","inLanguage":"es","@id":"https:\/\/fuentesfidedignas.com.mx\/index.php\/2022\/03\/31\/rocha-adelanta-que-habra-prorroga-en-tramites-vehiculares\/#primaryimage","url":"https:\/\/fuentesfidedignas.com.mx\/wp-content\/uploads\/2022\/03\/images-86.jpeg","contentUrl":"https:\/\/fuentesfidedignas.com.mx\/wp-content\/uploads\/2022\/03\/images-86.jpeg","width":679,"height":451},{"@type":"BreadcrumbList","@id":"https:\/\/fuentesfidedignas.com.mx\/index.php\/2022\/03\/31\/rocha-adelanta-que-habra-prorroga-en-tramites-vehiculares\/#breadcrumb","itemListElement":[{"@type":"ListItem","position":1,"name":"Inicio","item":"https:\/\/fuentesfidedignas.com.mx\/"},{"@type":"ListItem","position":2,"name":"Habr\u00e1 pr\u00f3rroga en tr\u00e1mites vehiculares"}]},{"@type":"WebSite","@id":"https:\/\/fuentesfidedignas.com.mx\/#website","url":"https:\/\/fuentesfidedignas.com.mx\/","name":"Fuentes Fidedignas","description":"Otro sitio realizado con WordPress","publisher":{"@id":"https:\/\/fuentesfidedignas.com.mx\/#organization"},"potentialAction":[{"@type":"SearchAction","target":{"@type":"EntryPoint","urlTemplate":"https:\/\/fuentesfidedignas.com.mx\/?s={search_term_string}"},"query-input":{"@type":"PropertyValueSpecification","valueRequired":true,"valueName":"search_term_string"}}],"inLanguage":"es"},{"@type":"Organization","@id":"https:\/\/fuentesfidedignas.com.mx\/#organization","name":"Fuentes Fidedignas","url":"https:\/\/fuentesfidedignas.com.mx\/","logo":{"@type":"ImageObject","inLanguage":"es","@id":"https:\/\/fuentesfidedignas.com.mx\/#\/schema\/logo\/image\/","url":"https:\/\/fuentesfidedignas.com.mx\/wp-content\/uploads\/2021\/04\/logo-retina.png","contentUrl":"https:\/\/fuentesfidedignas.com.mx\/wp-content\/uploads\/2021\/04\/logo-retina.png","width":280,"height":51,"caption":"Fuentes Fidedignas"},"image":{"@id":"https:\/\/fuentesfidedignas.com.mx\/#\/schema\/logo\/image\/"},"sameAs":["https:\/\/www.facebook.com\/Fuentes-Fidedignas-368234489921644","https:\/\/x.com\/fidedignas"]},{"@type":"Person","@id":"https:\/\/fuentesfidedignas.com.mx\/#\/schema\/person\/331be9283d37198e2acd5750279085b0","name":"Redacci\u00f3n","image":{"@type":"ImageObject","inLanguage":"es","@id":"https:\/\/secure.gravatar.com\/avatar\/f6d8782c11d12b2d4ad3fbb6931aeab5309937a4d6cd2fc9cfaa28a6396a5aec?s=96&d=mm&r=g","url":"https:\/\/secure.gravatar.com\/avatar\/f6d8782c11d12b2d4ad3fbb6931aeab5309937a4d6cd2fc9cfaa28a6396a5aec?s=96&d=mm&r=g","contentUrl":"https:\/\/secure.gravatar.com\/avatar\/f6d8782c11d12b2d4ad3fbb6931aeab5309937a4d6cd2fc9cfaa28a6396a5aec?s=96&d=mm&r=g","caption":"Redacci\u00f3n"},"url":"https:\/\/fuentesfidedignas.com.mx\/index.php\/author\/redaccion\/"}]}},"_links":{"self":[{"href":"https:\/\/fuentesfidedignas.com.mx\/index.php\/wp-json\/wp\/v2\/posts\/27425","targetHints":{"allow":["GET"]}}],"collection":[{"href":"https:\/\/fuentesfidedignas.com.mx\/index.php\/wp-json\/wp\/v2\/posts"}],"about":[{"href":"https:\/\/fuentesfidedignas.com.mx\/index.php\/wp-json\/wp\/v2\/types\/post"}],"author":[{"embeddable":true,"href":"https:\/\/fuentesfidedignas.com.mx\/index.php\/wp-json\/wp\/v2\/users\/4"}],"replies":[{"embeddable":true,"href":"https:\/\/fuentesfidedignas.com.mx\/index.php\/wp-json\/wp\/v2\/comments?post=27425"}],"version-history":[{"count":2,"href":"https:\/\/fuentesfidedignas.com.mx\/index.php\/wp-json\/wp\/v2\/posts\/27425\/revisions"}],"predecessor-version":[{"id":27428,"href":"https:\/\/fuentesfidedignas.com.mx\/index.php\/wp-json\/wp\/v2\/posts\/27425\/revisions\/27428"}],"wp:featuredmedia":[{"embeddable":true,"href":"https:\/\/fuentesfidedignas.com.mx\/index.php\/wp-json\/wp\/v2\/media\/27427"}],"wp:attachment":[{"href":"https:\/\/fuentesfidedignas.com.mx\/index.php\/wp-json\/wp\/v2\/media?parent=27425"}],"wp:term":[{"taxonomy":"category","embeddable":true,"href":"https:\/\/fuentesfidedignas.com.mx\/index.php\/wp-json\/wp\/v2\/categories?post=27425"},{"taxonomy":"post_tag","embeddable":true,"href":"https:\/\/fuentesfidedignas.com.mx\/index.php\/wp-json\/wp\/v2\/tags?post=27425"}],"curies":[{"name":"wp","href":"https:\/\/api.w.org\/{rel}","templated":true}]}}