{"id":27412,"date":"2022-03-31T12:14:51","date_gmt":"2022-03-31T19:14:51","guid":{"rendered":"https:\/\/fuentesfidedignas.com.mx\/?p=27412"},"modified":"2022-03-31T12:14:52","modified_gmt":"2022-03-31T19:14:52","slug":"sandra-cuevas-repite-disculpa-publica-a-policias-reitera-que-recibira-ayuda-psicologica","status":"publish","type":"post","link":"https:\/\/fuentesfidedignas.com.mx\/index.php\/2022\/03\/31\/sandra-cuevas-repite-disculpa-publica-a-policias-reitera-que-recibira-ayuda-psicologica\/","title":{"rendered":"Sandra Cuevas repite disculpa p\u00fablica a polic\u00edas; reitera que recibir\u00e1 ayuda psicol\u00f3gica"},"content":{"rendered":"\n<p><strong><em>La alcaldesa Sandra Cuevas dijo querer cerrar el cap\u00edtulo y llam\u00f3 a la jefa de gobierno, Claudia Sheinbaum, a trabajar de forma coordinada.<\/em><\/strong><\/p>\n\n\n\n<p>Ciudad de M\u00e9xico.- La alcaldesa de Cuauht\u00e9moc, Sandra Cuevas Nieves, volvi\u00f3 a emitir una disculpa p\u00fablica, pero esta vez de frente a los tres polic\u00edas auxiliares que la denunciaron por presunto robo, abuso de autoridad y discriminaci\u00f3n. En los juzgados del Reclusorio Norte, los elementos de la Polic\u00eda Auxiliar de la Secretar\u00eda de Seguridad Ciudadana aceptaron las disculpas.<\/p>\n\n\n\n<p>Sandra Cuevas tuvo que repetir su disculpa p\u00fablica ya que en una ocasi\u00f3n anterior, lo hizo en una entrevista con medios de informaci\u00f3n afuera de los juzgados del Reclusorio Norte, en la que dijo que se disculpaba, pero sin aceptar los hechos que se le imputaban, por lo que los polic\u00edas auxiliares agraviados no aceptaron la disculpa y la alcaldesa fue nuevamente requerida por la justicia.<\/p>\n\n\n\n<figure class=\"wp-block-embed is-type-rich is-provider-twitter wp-block-embed-twitter\"><div class=\"wp-block-embed__wrapper\">\n<blockquote class=\"twitter-tweet\" data-width=\"550\" data-dnt=\"true\"><p lang=\"es\" dir=\"ltr\">\ud83d\udea8 <a href=\"https:\/\/twitter.com\/hashtag\/%C3%9AltimaHora?src=hash&amp;ref_src=twsrc%5Etfw\">#\u00daltimaHora<\/a> | La alcaldesa de Cuauht\u00e9moc, Sandra Cuevas, ofreci\u00f3 nuevamente una disculpa a los elementos de la Polic\u00eda Auxiliar que la denunciaron, luego de que \u00e9stos no aceptaron la primera que pronunci\u00f3 en una entrevista con medios de comunicaci\u00f3n. <a href=\"https:\/\/t.co\/ZzoFQ6sDWQ\">pic.twitter.com\/ZzoFQ6sDWQ<\/a><\/p>&mdash; Forbes M\u00e9xico (@Forbes_Mexico) <a href=\"https:\/\/twitter.com\/Forbes_Mexico\/status\/1509584806732046337?ref_src=twsrc%5Etfw\">March 31, 2022<\/a><\/blockquote><script async src=\"https:\/\/platform.twitter.com\/widgets.js\" charset=\"utf-8\"><\/script>\n<\/div><\/figure>\n\n\n\n<p>\u201cFaustino Garc\u00eda Luna, director de la Regi\u00f3n 2 de la Polic\u00eda Auxiliar; Eduardo Camacho Garc\u00eda, director del Sector 52 de la Polic\u00eda Auxiliar y Marcos David Ch\u00e1vez Arriola, todos polic\u00edas auxiliares de la Secretar\u00eda de Seguridad Ciudadana, tengo a bien dirigirme a ustedes para ofrecerles mis m\u00e1s sinceras disculpas, as\u00ed como absolutas disculpas y decirles que lo siento\u201d, dijo Sandra Cuevas.<\/p>\n\n\n\n<p>\u201cDel mismo modo, tambi\u00e9n ofrezco disculpas a la ciudadan\u00eda que ha depositado su confianza en mi persona, a quienes con honor represento, dedic\u00e1ndoles mis esfuerzos y proyectos de superaci\u00f3n, reiterando mi firme voluntad de cumplir mis compromisos y ser para ustedes la alcaldesa que merecen\u201d, a\u00f1adi\u00f3 la titular de la demarcaci\u00f3n Cuauht\u00e9moc.<\/p>\n\n\n\n<p>\u201cDe manera libre aceptamos resolver el conflicto a trav\u00e9s de una soluci\u00f3n alterna, los compa\u00f1eros y una servidora (\u2026) coincidiendo con los dispuesto por el \u00f3rgano judicial respecto del contenido y alcances de la disculpa p\u00fablica que permita a las v\u00edctimas una reparaci\u00f3n para enmendar cualquier afectaci\u00f3n causada y evitar en lo futuro cualquier acto que los pueda lesionar\u201d, apunt\u00f3 Cuevas.<\/p>\n\n\n\n<p>Reiter\u00f3 que para garantizar el cumplimiento de las medidas cautelares que le fueron impuestas se comprometi\u00f3 a recibir durante 3 meses ayuda psicol\u00f3gica para el control de ira, con lo cual pretende \u201cconcluir y cerrar este cap\u00edtulo\u201d.<\/p>\n\n\n\n<p>Posteriormente, al salir de los juzgados del Reclusorio Norte, ubicado en la alcald\u00eda Gustavo A. Madero, la alcaldesa de Cuauht\u00e9moc lanz\u00f3 un mensaje a la jefa de gobierno, Claudia Sheinbaum: \u201cla invito a que por favor trabajemos de forma coordinada en favor de los habitantes de la alcald\u00eda Cuauht\u00e9moc\u201d.<\/p>\n\n\n\n<p>\u201cHay tres temas importantes, agua, comercio en v\u00eda p\u00fablica \u2014est\u00e1 autorizando gobierno central muchos puestos que afectan el libre tr\u00e1nsito y el vivir en paz en las 33 colonias\u2014 y punto n\u00famero, tres tengo la disposici\u00f3n de seguir trabajando como alcaldesa de Cuauht\u00e9moc de forma coordinada con la jefa de gobierno, Claudia Sheinbaum Pardo\u201d, dijo Sandra Cuevas en entrevista con medios.<\/p>\n","protected":false},"excerpt":{"rendered":"<p>La alcaldesa Sandra Cuevas dijo querer cerrar el cap\u00edtulo y llam\u00f3 a la jefa de gobierno, Claudia Sheinbaum, a trabajar de forma coordinada. Ciudad de M\u00e9xico.- La alcaldesa de Cuauht\u00e9moc, Sandra Cuevas Nieves, volvi\u00f3 a emitir una disculpa p\u00fablica, pero esta vez de frente a los tres polic\u00edas auxiliares que la denunciaron por presunto robo, [&hellip;]<\/p>\n","protected":false},"author":5,"featured_media":27413,"comment_status":"open","ping_status":"open","sticky":false,"template":"","format":"standard","meta":{"tdm_status":"","tdm_grid_status":"","footnotes":""},"categories":[39],"tags":[2571],"class_list":{"0":"post-27412","1":"post","2":"type-post","3":"status-publish","4":"format-standard","5":"has-post-thumbnail","7":"category-noticias-nacionales","8":"tag-sandra-cuevas"},"yoast_head":"<!-- This site is optimized with the Yoast SEO plugin v27.4 - https:\/\/yoast.com\/product\/yoast-seo-wordpress\/ -->\n<title>Sandra Cuevas repite disculpa p\u00fablica a polic\u00edas; reitera que recibir\u00e1 ayuda psicol\u00f3gica - Fuentes Fidedignas<\/title>\n<meta name=\"robots\" content=\"index, follow, max-snippet:-1, max-image-preview:large, max-video-preview:-1\" \/>\n<link rel=\"canonical\" href=\"https:\/\/fuentesfidedignas.com.mx\/index.php\/2022\/03\/31\/sandra-cuevas-repite-disculpa-publica-a-policias-reitera-que-recibira-ayuda-psicologica\/\" \/>\n<meta property=\"og:locale\" content=\"es_MX\" \/>\n<meta property=\"og:type\" content=\"article\" \/>\n<meta property=\"og:title\" content=\"Sandra Cuevas repite disculpa p\u00fablica a polic\u00edas; reitera que recibir\u00e1 ayuda psicol\u00f3gica - Fuentes Fidedignas\" \/>\n<meta property=\"og:description\" content=\"La alcaldesa Sandra Cuevas dijo querer cerrar el cap\u00edtulo y llam\u00f3 a la jefa de gobierno, Claudia Sheinbaum, a trabajar de forma coordinada. Ciudad de M\u00e9xico.- La alcaldesa de Cuauht\u00e9moc, Sandra Cuevas Nieves, volvi\u00f3 a emitir una disculpa p\u00fablica, pero esta vez de frente a los tres polic\u00edas auxiliares que la denunciaron por presunto robo, [&hellip;]\" \/>\n<meta property=\"og:url\" content=\"https:\/\/fuentesfidedignas.com.mx\/index.php\/2022\/03\/31\/sandra-cuevas-repite-disculpa-publica-a-policias-reitera-que-recibira-ayuda-psicologica\/\" \/>\n<meta property=\"og:site_name\" content=\"Fuentes Fidedignas\" \/>\n<meta property=\"article:publisher\" content=\"https:\/\/www.facebook.com\/Fuentes-Fidedignas-368234489921644\" \/>\n<meta property=\"article:published_time\" content=\"2022-03-31T19:14:51+00:00\" \/>\n<meta property=\"article:modified_time\" content=\"2022-03-31T19:14:52+00:00\" \/>\n<meta property=\"og:image\" content=\"https:\/\/fuentesfidedignas.com.mx\/wp-content\/uploads\/2022\/03\/scuevas-e1648750491849-640x360-1.jpg\" \/>\n\t<meta property=\"og:image:width\" content=\"640\" \/>\n\t<meta property=\"og:image:height\" content=\"360\" \/>\n\t<meta property=\"og:image:type\" content=\"image\/jpeg\" \/>\n<meta name=\"author\" content=\"Forbes\" \/>\n<meta name=\"twitter:card\" content=\"summary_large_image\" \/>\n<meta name=\"twitter:creator\" content=\"@fidedignas\" \/>\n<meta name=\"twitter:site\" content=\"@fidedignas\" \/>\n<meta name=\"twitter:label1\" content=\"Escrito por\" \/>\n\t<meta name=\"twitter:data1\" content=\"Forbes\" \/>\n\t<meta name=\"twitter:label2\" content=\"Tiempo de lectura\" \/>\n\t<meta name=\"twitter:data2\" content=\"3 minutos\" \/>\n<script type=\"application\/ld+json\" class=\"yoast-schema-graph\">{\"@context\":\"https:\\\/\\\/schema.org\",\"@graph\":[{\"@type\":\"Article\",\"@id\":\"https:\\\/\\\/fuentesfidedignas.com.mx\\\/index.php\\\/2022\\\/03\\\/31\\\/sandra-cuevas-repite-disculpa-publica-a-policias-reitera-que-recibira-ayuda-psicologica\\\/#article\",\"isPartOf\":{\"@id\":\"https:\\\/\\\/fuentesfidedignas.com.mx\\\/index.php\\\/2022\\\/03\\\/31\\\/sandra-cuevas-repite-disculpa-publica-a-policias-reitera-que-recibira-ayuda-psicologica\\\/\"},\"author\":{\"name\":\"Forbes\",\"@id\":\"https:\\\/\\\/fuentesfidedignas.com.mx\\\/#\\\/schema\\\/person\\\/5623d53fe2e579d825b1679734abcc44\"},\"headline\":\"Sandra Cuevas repite disculpa p\u00fablica a polic\u00edas; reitera que recibir\u00e1 ayuda psicol\u00f3gica\",\"datePublished\":\"2022-03-31T19:14:51+00:00\",\"dateModified\":\"2022-03-31T19:14:52+00:00\",\"mainEntityOfPage\":{\"@id\":\"https:\\\/\\\/fuentesfidedignas.com.mx\\\/index.php\\\/2022\\\/03\\\/31\\\/sandra-cuevas-repite-disculpa-publica-a-policias-reitera-que-recibira-ayuda-psicologica\\\/\"},\"wordCount\":531,\"commentCount\":0,\"publisher\":{\"@id\":\"https:\\\/\\\/fuentesfidedignas.com.mx\\\/#organization\"},\"image\":{\"@id\":\"https:\\\/\\\/fuentesfidedignas.com.mx\\\/index.php\\\/2022\\\/03\\\/31\\\/sandra-cuevas-repite-disculpa-publica-a-policias-reitera-que-recibira-ayuda-psicologica\\\/#primaryimage\"},\"thumbnailUrl\":\"https:\\\/\\\/fuentesfidedignas.com.mx\\\/wp-content\\\/uploads\\\/2022\\\/03\\\/scuevas-e1648750491849-640x360-1.jpg\",\"keywords\":[\"Sandra Cuevas\"],\"articleSection\":[\"NOTICIAS NACIONALES\"],\"inLanguage\":\"es\",\"potentialAction\":[{\"@type\":\"CommentAction\",\"name\":\"Comment\",\"target\":[\"https:\\\/\\\/fuentesfidedignas.com.mx\\\/index.php\\\/2022\\\/03\\\/31\\\/sandra-cuevas-repite-disculpa-publica-a-policias-reitera-que-recibira-ayuda-psicologica\\\/#respond\"]}]},{\"@type\":\"WebPage\",\"@id\":\"https:\\\/\\\/fuentesfidedignas.com.mx\\\/index.php\\\/2022\\\/03\\\/31\\\/sandra-cuevas-repite-disculpa-publica-a-policias-reitera-que-recibira-ayuda-psicologica\\\/\",\"url\":\"https:\\\/\\\/fuentesfidedignas.com.mx\\\/index.php\\\/2022\\\/03\\\/31\\\/sandra-cuevas-repite-disculpa-publica-a-policias-reitera-que-recibira-ayuda-psicologica\\\/\",\"name\":\"Sandra Cuevas repite disculpa p\u00fablica a polic\u00edas; reitera que recibir\u00e1 ayuda psicol\u00f3gica - Fuentes Fidedignas\",\"isPartOf\":{\"@id\":\"https:\\\/\\\/fuentesfidedignas.com.mx\\\/#website\"},\"primaryImageOfPage\":{\"@id\":\"https:\\\/\\\/fuentesfidedignas.com.mx\\\/index.php\\\/2022\\\/03\\\/31\\\/sandra-cuevas-repite-disculpa-publica-a-policias-reitera-que-recibira-ayuda-psicologica\\\/#primaryimage\"},\"image\":{\"@id\":\"https:\\\/\\\/fuentesfidedignas.com.mx\\\/index.php\\\/2022\\\/03\\\/31\\\/sandra-cuevas-repite-disculpa-publica-a-policias-reitera-que-recibira-ayuda-psicologica\\\/#primaryimage\"},\"thumbnailUrl\":\"https:\\\/\\\/fuentesfidedignas.com.mx\\\/wp-content\\\/uploads\\\/2022\\\/03\\\/scuevas-e1648750491849-640x360-1.jpg\",\"datePublished\":\"2022-03-31T19:14:51+00:00\",\"dateModified\":\"2022-03-31T19:14:52+00:00\",\"breadcrumb\":{\"@id\":\"https:\\\/\\\/fuentesfidedignas.com.mx\\\/index.php\\\/2022\\\/03\\\/31\\\/sandra-cuevas-repite-disculpa-publica-a-policias-reitera-que-recibira-ayuda-psicologica\\\/#breadcrumb\"},\"inLanguage\":\"es\",\"potentialAction\":[{\"@type\":\"ReadAction\",\"target\":[\"https:\\\/\\\/fuentesfidedignas.com.mx\\\/index.php\\\/2022\\\/03\\\/31\\\/sandra-cuevas-repite-disculpa-publica-a-policias-reitera-que-recibira-ayuda-psicologica\\\/\"]}]},{\"@type\":\"ImageObject\",\"inLanguage\":\"es\",\"@id\":\"https:\\\/\\\/fuentesfidedignas.com.mx\\\/index.php\\\/2022\\\/03\\\/31\\\/sandra-cuevas-repite-disculpa-publica-a-policias-reitera-que-recibira-ayuda-psicologica\\\/#primaryimage\",\"url\":\"https:\\\/\\\/fuentesfidedignas.com.mx\\\/wp-content\\\/uploads\\\/2022\\\/03\\\/scuevas-e1648750491849-640x360-1.jpg\",\"contentUrl\":\"https:\\\/\\\/fuentesfidedignas.com.mx\\\/wp-content\\\/uploads\\\/2022\\\/03\\\/scuevas-e1648750491849-640x360-1.jpg\",\"width\":640,\"height\":360},{\"@type\":\"BreadcrumbList\",\"@id\":\"https:\\\/\\\/fuentesfidedignas.com.mx\\\/index.php\\\/2022\\\/03\\\/31\\\/sandra-cuevas-repite-disculpa-publica-a-policias-reitera-que-recibira-ayuda-psicologica\\\/#breadcrumb\",\"itemListElement\":[{\"@type\":\"ListItem\",\"position\":1,\"name\":\"Inicio\",\"item\":\"https:\\\/\\\/fuentesfidedignas.com.mx\\\/\"},{\"@type\":\"ListItem\",\"position\":2,\"name\":\"Sandra Cuevas repite disculpa p\u00fablica a polic\u00edas; reitera que recibir\u00e1 ayuda psicol\u00f3gica\"}]},{\"@type\":\"WebSite\",\"@id\":\"https:\\\/\\\/fuentesfidedignas.com.mx\\\/#website\",\"url\":\"https:\\\/\\\/fuentesfidedignas.com.mx\\\/\",\"name\":\"Fuentes Fidedignas\",\"description\":\"Otro sitio realizado con WordPress\",\"publisher\":{\"@id\":\"https:\\\/\\\/fuentesfidedignas.com.mx\\\/#organization\"},\"potentialAction\":[{\"@type\":\"SearchAction\",\"target\":{\"@type\":\"EntryPoint\",\"urlTemplate\":\"https:\\\/\\\/fuentesfidedignas.com.mx\\\/?s={search_term_string}\"},\"query-input\":{\"@type\":\"PropertyValueSpecification\",\"valueRequired\":true,\"valueName\":\"search_term_string\"}}],\"inLanguage\":\"es\"},{\"@type\":\"Organization\",\"@id\":\"https:\\\/\\\/fuentesfidedignas.com.mx\\\/#organization\",\"name\":\"Fuentes Fidedignas\",\"url\":\"https:\\\/\\\/fuentesfidedignas.com.mx\\\/\",\"logo\":{\"@type\":\"ImageObject\",\"inLanguage\":\"es\",\"@id\":\"https:\\\/\\\/fuentesfidedignas.com.mx\\\/#\\\/schema\\\/logo\\\/image\\\/\",\"url\":\"https:\\\/\\\/fuentesfidedignas.com.mx\\\/wp-content\\\/uploads\\\/2021\\\/04\\\/logo-retina.png\",\"contentUrl\":\"https:\\\/\\\/fuentesfidedignas.com.mx\\\/wp-content\\\/uploads\\\/2021\\\/04\\\/logo-retina.png\",\"width\":280,\"height\":51,\"caption\":\"Fuentes Fidedignas\"},\"image\":{\"@id\":\"https:\\\/\\\/fuentesfidedignas.com.mx\\\/#\\\/schema\\\/logo\\\/image\\\/\"},\"sameAs\":[\"https:\\\/\\\/www.facebook.com\\\/Fuentes-Fidedignas-368234489921644\",\"https:\\\/\\\/x.com\\\/fidedignas\"]},{\"@type\":\"Person\",\"@id\":\"https:\\\/\\\/fuentesfidedignas.com.mx\\\/#\\\/schema\\\/person\\\/5623d53fe2e579d825b1679734abcc44\",\"name\":\"Forbes\",\"image\":{\"@type\":\"ImageObject\",\"inLanguage\":\"es\",\"@id\":\"https:\\\/\\\/secure.gravatar.com\\\/avatar\\\/87ce3dd4e41e60c22a79c758614f01a6bc2469255fc936ec7b15efb9bb5cb66f?s=96&d=mm&r=g\",\"url\":\"https:\\\/\\\/secure.gravatar.com\\\/avatar\\\/87ce3dd4e41e60c22a79c758614f01a6bc2469255fc936ec7b15efb9bb5cb66f?s=96&d=mm&r=g\",\"contentUrl\":\"https:\\\/\\\/secure.gravatar.com\\\/avatar\\\/87ce3dd4e41e60c22a79c758614f01a6bc2469255fc936ec7b15efb9bb5cb66f?s=96&d=mm&r=g\",\"caption\":\"Forbes\"},\"url\":\"https:\\\/\\\/fuentesfidedignas.com.mx\\\/index.php\\\/author\\\/forbes\\\/\"}]}<\/script>\n<!-- \/ Yoast SEO plugin. -->","yoast_head_json":{"title":"Sandra Cuevas repite disculpa p\u00fablica a polic\u00edas; reitera que recibir\u00e1 ayuda psicol\u00f3gica - Fuentes Fidedignas","robots":{"index":"index","follow":"follow","max-snippet":"max-snippet:-1","max-image-preview":"max-image-preview:large","max-video-preview":"max-video-preview:-1"},"canonical":"https:\/\/fuentesfidedignas.com.mx\/index.php\/2022\/03\/31\/sandra-cuevas-repite-disculpa-publica-a-policias-reitera-que-recibira-ayuda-psicologica\/","og_locale":"es_MX","og_type":"article","og_title":"Sandra Cuevas repite disculpa p\u00fablica a polic\u00edas; reitera que recibir\u00e1 ayuda psicol\u00f3gica - Fuentes Fidedignas","og_description":"La alcaldesa Sandra Cuevas dijo querer cerrar el cap\u00edtulo y llam\u00f3 a la jefa de gobierno, Claudia Sheinbaum, a trabajar de forma coordinada. Ciudad de M\u00e9xico.- La alcaldesa de Cuauht\u00e9moc, Sandra Cuevas Nieves, volvi\u00f3 a emitir una disculpa p\u00fablica, pero esta vez de frente a los tres polic\u00edas auxiliares que la denunciaron por presunto robo, [&hellip;]","og_url":"https:\/\/fuentesfidedignas.com.mx\/index.php\/2022\/03\/31\/sandra-cuevas-repite-disculpa-publica-a-policias-reitera-que-recibira-ayuda-psicologica\/","og_site_name":"Fuentes Fidedignas","article_publisher":"https:\/\/www.facebook.com\/Fuentes-Fidedignas-368234489921644","article_published_time":"2022-03-31T19:14:51+00:00","article_modified_time":"2022-03-31T19:14:52+00:00","og_image":[{"width":640,"height":360,"url":"https:\/\/fuentesfidedignas.com.mx\/wp-content\/uploads\/2022\/03\/scuevas-e1648750491849-640x360-1.jpg","type":"image\/jpeg"}],"author":"Forbes","twitter_card":"summary_large_image","twitter_creator":"@fidedignas","twitter_site":"@fidedignas","twitter_misc":{"Escrito por":"Forbes","Tiempo de lectura":"3 minutos"},"schema":{"@context":"https:\/\/schema.org","@graph":[{"@type":"Article","@id":"https:\/\/fuentesfidedignas.com.mx\/index.php\/2022\/03\/31\/sandra-cuevas-repite-disculpa-publica-a-policias-reitera-que-recibira-ayuda-psicologica\/#article","isPartOf":{"@id":"https:\/\/fuentesfidedignas.com.mx\/index.php\/2022\/03\/31\/sandra-cuevas-repite-disculpa-publica-a-policias-reitera-que-recibira-ayuda-psicologica\/"},"author":{"name":"Forbes","@id":"https:\/\/fuentesfidedignas.com.mx\/#\/schema\/person\/5623d53fe2e579d825b1679734abcc44"},"headline":"Sandra Cuevas repite disculpa p\u00fablica a polic\u00edas; reitera que recibir\u00e1 ayuda psicol\u00f3gica","datePublished":"2022-03-31T19:14:51+00:00","dateModified":"2022-03-31T19:14:52+00:00","mainEntityOfPage":{"@id":"https:\/\/fuentesfidedignas.com.mx\/index.php\/2022\/03\/31\/sandra-cuevas-repite-disculpa-publica-a-policias-reitera-que-recibira-ayuda-psicologica\/"},"wordCount":531,"commentCount":0,"publisher":{"@id":"https:\/\/fuentesfidedignas.com.mx\/#organization"},"image":{"@id":"https:\/\/fuentesfidedignas.com.mx\/index.php\/2022\/03\/31\/sandra-cuevas-repite-disculpa-publica-a-policias-reitera-que-recibira-ayuda-psicologica\/#primaryimage"},"thumbnailUrl":"https:\/\/fuentesfidedignas.com.mx\/wp-content\/uploads\/2022\/03\/scuevas-e1648750491849-640x360-1.jpg","keywords":["Sandra Cuevas"],"articleSection":["NOTICIAS NACIONALES"],"inLanguage":"es","potentialAction":[{"@type":"CommentAction","name":"Comment","target":["https:\/\/fuentesfidedignas.com.mx\/index.php\/2022\/03\/31\/sandra-cuevas-repite-disculpa-publica-a-policias-reitera-que-recibira-ayuda-psicologica\/#respond"]}]},{"@type":"WebPage","@id":"https:\/\/fuentesfidedignas.com.mx\/index.php\/2022\/03\/31\/sandra-cuevas-repite-disculpa-publica-a-policias-reitera-que-recibira-ayuda-psicologica\/","url":"https:\/\/fuentesfidedignas.com.mx\/index.php\/2022\/03\/31\/sandra-cuevas-repite-disculpa-publica-a-policias-reitera-que-recibira-ayuda-psicologica\/","name":"Sandra Cuevas repite disculpa p\u00fablica a polic\u00edas; reitera que recibir\u00e1 ayuda psicol\u00f3gica - Fuentes Fidedignas","isPartOf":{"@id":"https:\/\/fuentesfidedignas.com.mx\/#website"},"primaryImageOfPage":{"@id":"https:\/\/fuentesfidedignas.com.mx\/index.php\/2022\/03\/31\/sandra-cuevas-repite-disculpa-publica-a-policias-reitera-que-recibira-ayuda-psicologica\/#primaryimage"},"image":{"@id":"https:\/\/fuentesfidedignas.com.mx\/index.php\/2022\/03\/31\/sandra-cuevas-repite-disculpa-publica-a-policias-reitera-que-recibira-ayuda-psicologica\/#primaryimage"},"thumbnailUrl":"https:\/\/fuentesfidedignas.com.mx\/wp-content\/uploads\/2022\/03\/scuevas-e1648750491849-640x360-1.jpg","datePublished":"2022-03-31T19:14:51+00:00","dateModified":"2022-03-31T19:14:52+00:00","breadcrumb":{"@id":"https:\/\/fuentesfidedignas.com.mx\/index.php\/2022\/03\/31\/sandra-cuevas-repite-disculpa-publica-a-policias-reitera-que-recibira-ayuda-psicologica\/#breadcrumb"},"inLanguage":"es","potentialAction":[{"@type":"ReadAction","target":["https:\/\/fuentesfidedignas.com.mx\/index.php\/2022\/03\/31\/sandra-cuevas-repite-disculpa-publica-a-policias-reitera-que-recibira-ayuda-psicologica\/"]}]},{"@type":"ImageObject","inLanguage":"es","@id":"https:\/\/fuentesfidedignas.com.mx\/index.php\/2022\/03\/31\/sandra-cuevas-repite-disculpa-publica-a-policias-reitera-que-recibira-ayuda-psicologica\/#primaryimage","url":"https:\/\/fuentesfidedignas.com.mx\/wp-content\/uploads\/2022\/03\/scuevas-e1648750491849-640x360-1.jpg","contentUrl":"https:\/\/fuentesfidedignas.com.mx\/wp-content\/uploads\/2022\/03\/scuevas-e1648750491849-640x360-1.jpg","width":640,"height":360},{"@type":"BreadcrumbList","@id":"https:\/\/fuentesfidedignas.com.mx\/index.php\/2022\/03\/31\/sandra-cuevas-repite-disculpa-publica-a-policias-reitera-que-recibira-ayuda-psicologica\/#breadcrumb","itemListElement":[{"@type":"ListItem","position":1,"name":"Inicio","item":"https:\/\/fuentesfidedignas.com.mx\/"},{"@type":"ListItem","position":2,"name":"Sandra Cuevas repite disculpa p\u00fablica a polic\u00edas; reitera que recibir\u00e1 ayuda psicol\u00f3gica"}]},{"@type":"WebSite","@id":"https:\/\/fuentesfidedignas.com.mx\/#website","url":"https:\/\/fuentesfidedignas.com.mx\/","name":"Fuentes Fidedignas","description":"Otro sitio realizado con WordPress","publisher":{"@id":"https:\/\/fuentesfidedignas.com.mx\/#organization"},"potentialAction":[{"@type":"SearchAction","target":{"@type":"EntryPoint","urlTemplate":"https:\/\/fuentesfidedignas.com.mx\/?s={search_term_string}"},"query-input":{"@type":"PropertyValueSpecification","valueRequired":true,"valueName":"search_term_string"}}],"inLanguage":"es"},{"@type":"Organization","@id":"https:\/\/fuentesfidedignas.com.mx\/#organization","name":"Fuentes Fidedignas","url":"https:\/\/fuentesfidedignas.com.mx\/","logo":{"@type":"ImageObject","inLanguage":"es","@id":"https:\/\/fuentesfidedignas.com.mx\/#\/schema\/logo\/image\/","url":"https:\/\/fuentesfidedignas.com.mx\/wp-content\/uploads\/2021\/04\/logo-retina.png","contentUrl":"https:\/\/fuentesfidedignas.com.mx\/wp-content\/uploads\/2021\/04\/logo-retina.png","width":280,"height":51,"caption":"Fuentes Fidedignas"},"image":{"@id":"https:\/\/fuentesfidedignas.com.mx\/#\/schema\/logo\/image\/"},"sameAs":["https:\/\/www.facebook.com\/Fuentes-Fidedignas-368234489921644","https:\/\/x.com\/fidedignas"]},{"@type":"Person","@id":"https:\/\/fuentesfidedignas.com.mx\/#\/schema\/person\/5623d53fe2e579d825b1679734abcc44","name":"Forbes","image":{"@type":"ImageObject","inLanguage":"es","@id":"https:\/\/secure.gravatar.com\/avatar\/87ce3dd4e41e60c22a79c758614f01a6bc2469255fc936ec7b15efb9bb5cb66f?s=96&d=mm&r=g","url":"https:\/\/secure.gravatar.com\/avatar\/87ce3dd4e41e60c22a79c758614f01a6bc2469255fc936ec7b15efb9bb5cb66f?s=96&d=mm&r=g","contentUrl":"https:\/\/secure.gravatar.com\/avatar\/87ce3dd4e41e60c22a79c758614f01a6bc2469255fc936ec7b15efb9bb5cb66f?s=96&d=mm&r=g","caption":"Forbes"},"url":"https:\/\/fuentesfidedignas.com.mx\/index.php\/author\/forbes\/"}]}},"_links":{"self":[{"href":"https:\/\/fuentesfidedignas.com.mx\/index.php\/wp-json\/wp\/v2\/posts\/27412","targetHints":{"allow":["GET"]}}],"collection":[{"href":"https:\/\/fuentesfidedignas.com.mx\/index.php\/wp-json\/wp\/v2\/posts"}],"about":[{"href":"https:\/\/fuentesfidedignas.com.mx\/index.php\/wp-json\/wp\/v2\/types\/post"}],"author":[{"embeddable":true,"href":"https:\/\/fuentesfidedignas.com.mx\/index.php\/wp-json\/wp\/v2\/users\/5"}],"replies":[{"embeddable":true,"href":"https:\/\/fuentesfidedignas.com.mx\/index.php\/wp-json\/wp\/v2\/comments?post=27412"}],"version-history":[{"count":1,"href":"https:\/\/fuentesfidedignas.com.mx\/index.php\/wp-json\/wp\/v2\/posts\/27412\/revisions"}],"predecessor-version":[{"id":27414,"href":"https:\/\/fuentesfidedignas.com.mx\/index.php\/wp-json\/wp\/v2\/posts\/27412\/revisions\/27414"}],"wp:featuredmedia":[{"embeddable":true,"href":"https:\/\/fuentesfidedignas.com.mx\/index.php\/wp-json\/wp\/v2\/media\/27413"}],"wp:attachment":[{"href":"https:\/\/fuentesfidedignas.com.mx\/index.php\/wp-json\/wp\/v2\/media?parent=27412"}],"wp:term":[{"taxonomy":"category","embeddable":true,"href":"https:\/\/fuentesfidedignas.com.mx\/index.php\/wp-json\/wp\/v2\/categories?post=27412"},{"taxonomy":"post_tag","embeddable":true,"href":"https:\/\/fuentesfidedignas.com.mx\/index.php\/wp-json\/wp\/v2\/tags?post=27412"}],"curies":[{"name":"wp","href":"https:\/\/api.w.org\/{rel}","templated":true}]}}