{"id":27401,"date":"2022-03-31T10:52:00","date_gmt":"2022-03-31T17:52:00","guid":{"rendered":"https:\/\/fuentesfidedignas.com.mx\/?p=27401"},"modified":"2022-03-31T10:52:01","modified_gmt":"2022-03-31T17:52:01","slug":"hoy-se-decide-si-se-termina-o-sigue-el-horario-de-verano-en-mexico","status":"publish","type":"post","link":"https:\/\/fuentesfidedignas.com.mx\/index.php\/2022\/03\/31\/hoy-se-decide-si-se-termina-o-sigue-el-horario-de-verano-en-mexico\/","title":{"rendered":"Hoy se decide si se termina o sigue el Horario de Verano en M\u00e9xico"},"content":{"rendered":"\n<p><strong><em>El cambio de horario se implementa en M\u00e9xico desde 1996<\/em><\/strong><\/p>\n\n\n\n<p>Ciudad de M\u00e9xico.- El Horario de Verano se instaur\u00f3 en el pa\u00eds desde 1996, durante el gobierno de Ernesto Zedillo y busca aprovechar la luz natural para ahorrar energ\u00eda el\u00e9ctrica.<\/p>\n\n\n\n<p>Sin embargo, la diputada perredista Olga Luz Espinosa, propuso una iniciativa para eliminar el decreto por el que cada a\u00f1o se cambia de horario.<\/p>\n\n\n\n<p>De acuerdo con el proyecto, con la instauraci\u00f3n del llamado horario de verano, que consiste en adelantar una hora el horario local el primer domingo de abril de cada a\u00f1o, y retrocederlo, tambi\u00e9n una hora, el \u00faltimo domingo de octubre de cada a\u00f1o, se buscaba propiciar una importante disminuci\u00f3n en la demanda de energ\u00eda el\u00e9ctrica, as\u00ed como una reducci\u00f3n en el consumo de los combustibles utilizados para su generaci\u00f3n, lo cual, a su vez, contribuir\u00e1 a disminuir la emisi\u00f3n de contaminantes, sin embargo, ello no se ha logrado.<\/p>\n\n\n\n<p>Basado en el estudio \u201cHorario de Verano. Antecedentes y legislaci\u00f3n comparada\u201d, de la C\u00e1mara de Diputados, advierte que las desventajas de la aplicaci\u00f3n del horario de verano, son: Afectaciones negativas a las actividades escolares, impacto negativo en las actividades econ\u00f3micas, incremento de la inseguridad p\u00fablica por las ma\u00f1anas, y ahorro econ\u00f3mico no percibido en la factura el\u00e9ctrica de los usuarios.<\/p>\n\n\n\n<p><strong>Horario de Verano 2022: \u00bfSe adelanta o se atrasa el reloj?<br><\/strong>En este 2022, los relojes se adelantar\u00e1n el domingo 3 de abril y se volver\u00e1n a retrasar el pr\u00f3ximo domingo 30 de octubre, en caso de que no se elimine el decreto que propone la diputada perredista.<\/p>\n\n\n\n<p><strong>Horario de Verano 2022: Estados que no participan<\/strong><br>Cabe aclarar que \u201cesta medida entrar\u00e1 en vigor en la Rep\u00fablica Mexicana a excepci\u00f3n de los estados de Sonora y Quintana Roo quienes no participan en el Horario de Verano, por lo que ambas entidades mantienen su respectivo horario\u201d.<\/p>\n","protected":false},"excerpt":{"rendered":"<p>El cambio de horario se implementa en M\u00e9xico desde 1996 Ciudad de M\u00e9xico.- El Horario de Verano se instaur\u00f3 en el pa\u00eds desde 1996, durante el gobierno de Ernesto Zedillo y busca aprovechar la luz natural para ahorrar energ\u00eda el\u00e9ctrica. Sin embargo, la diputada perredista Olga Luz Espinosa, propuso una iniciativa para eliminar el decreto [&hellip;]<\/p>\n","protected":false},"author":39,"featured_media":27402,"comment_status":"open","ping_status":"open","sticky":false,"template":"","format":"standard","meta":{"tdm_status":"","tdm_grid_status":"","footnotes":""},"categories":[37],"tags":[2532],"class_list":{"0":"post-27401","1":"post","2":"type-post","3":"status-publish","4":"format-standard","5":"has-post-thumbnail","7":"category-nota-principal","8":"tag-horario-de-verano"},"yoast_head":"<!-- This site is optimized with the Yoast SEO plugin v27.5 - https:\/\/yoast.com\/product\/yoast-seo-wordpress\/ -->\n<title>Hoy se decide si se termina o sigue el Horario de Verano en M\u00e9xico - Fuentes Fidedignas<\/title>\n<meta name=\"robots\" content=\"index, follow, max-snippet:-1, max-image-preview:large, max-video-preview:-1\" \/>\n<link rel=\"canonical\" href=\"https:\/\/fuentesfidedignas.com.mx\/index.php\/2022\/03\/31\/hoy-se-decide-si-se-termina-o-sigue-el-horario-de-verano-en-mexico\/\" \/>\n<meta property=\"og:locale\" content=\"es_MX\" \/>\n<meta property=\"og:type\" content=\"article\" \/>\n<meta property=\"og:title\" content=\"Hoy se decide si se termina o sigue el Horario de Verano en M\u00e9xico - Fuentes Fidedignas\" \/>\n<meta property=\"og:description\" content=\"El cambio de horario se implementa en M\u00e9xico desde 1996 Ciudad de M\u00e9xico.- El Horario de Verano se instaur\u00f3 en el pa\u00eds desde 1996, durante el gobierno de Ernesto Zedillo y busca aprovechar la luz natural para ahorrar energ\u00eda el\u00e9ctrica. Sin embargo, la diputada perredista Olga Luz Espinosa, propuso una iniciativa para eliminar el decreto [&hellip;]\" \/>\n<meta property=\"og:url\" content=\"https:\/\/fuentesfidedignas.com.mx\/index.php\/2022\/03\/31\/hoy-se-decide-si-se-termina-o-sigue-el-horario-de-verano-en-mexico\/\" \/>\n<meta property=\"og:site_name\" content=\"Fuentes Fidedignas\" \/>\n<meta property=\"article:publisher\" content=\"https:\/\/www.facebook.com\/Fuentes-Fidedignas-368234489921644\" \/>\n<meta property=\"article:published_time\" content=\"2022-03-31T17:52:00+00:00\" \/>\n<meta property=\"article:modified_time\" content=\"2022-03-31T17:52:01+00:00\" \/>\n<meta property=\"og:image\" content=\"https:\/\/fuentesfidedignas.com.mx\/wp-content\/uploads\/2022\/03\/horario-de-verano-2022-1280x720-1.jpeg\" \/>\n\t<meta property=\"og:image:width\" content=\"1280\" \/>\n\t<meta property=\"og:image:height\" content=\"720\" \/>\n\t<meta property=\"og:image:type\" content=\"image\/jpeg\" \/>\n<meta name=\"author\" content=\"El Universal\" \/>\n<meta name=\"twitter:card\" content=\"summary_large_image\" \/>\n<meta name=\"twitter:creator\" content=\"@fidedignas\" \/>\n<meta name=\"twitter:site\" content=\"@fidedignas\" \/>\n<meta name=\"twitter:label1\" content=\"Escrito por\" \/>\n\t<meta name=\"twitter:data1\" content=\"El Universal\" \/>\n\t<meta name=\"twitter:label2\" content=\"Tiempo de lectura\" \/>\n\t<meta name=\"twitter:data2\" content=\"2 minutos\" \/>\n<script type=\"application\/ld+json\" class=\"yoast-schema-graph\">{\"@context\":\"https:\\\/\\\/schema.org\",\"@graph\":[{\"@type\":\"Article\",\"@id\":\"https:\\\/\\\/fuentesfidedignas.com.mx\\\/index.php\\\/2022\\\/03\\\/31\\\/hoy-se-decide-si-se-termina-o-sigue-el-horario-de-verano-en-mexico\\\/#article\",\"isPartOf\":{\"@id\":\"https:\\\/\\\/fuentesfidedignas.com.mx\\\/index.php\\\/2022\\\/03\\\/31\\\/hoy-se-decide-si-se-termina-o-sigue-el-horario-de-verano-en-mexico\\\/\"},\"author\":{\"name\":\"El Universal\",\"@id\":\"https:\\\/\\\/fuentesfidedignas.com.mx\\\/#\\\/schema\\\/person\\\/fee3882e65fd0510d292c43a346d35d7\"},\"headline\":\"Hoy se decide si se termina o sigue el Horario de Verano en M\u00e9xico\",\"datePublished\":\"2022-03-31T17:52:00+00:00\",\"dateModified\":\"2022-03-31T17:52:01+00:00\",\"mainEntityOfPage\":{\"@id\":\"https:\\\/\\\/fuentesfidedignas.com.mx\\\/index.php\\\/2022\\\/03\\\/31\\\/hoy-se-decide-si-se-termina-o-sigue-el-horario-de-verano-en-mexico\\\/\"},\"wordCount\":345,\"commentCount\":0,\"publisher\":{\"@id\":\"https:\\\/\\\/fuentesfidedignas.com.mx\\\/#organization\"},\"image\":{\"@id\":\"https:\\\/\\\/fuentesfidedignas.com.mx\\\/index.php\\\/2022\\\/03\\\/31\\\/hoy-se-decide-si-se-termina-o-sigue-el-horario-de-verano-en-mexico\\\/#primaryimage\"},\"thumbnailUrl\":\"https:\\\/\\\/fuentesfidedignas.com.mx\\\/wp-content\\\/uploads\\\/2022\\\/03\\\/horario-de-verano-2022-1280x720-1.jpeg\",\"keywords\":[\"Horario de Verano\"],\"articleSection\":[\"NOTA PRINCIPAL\"],\"inLanguage\":\"es\",\"potentialAction\":[{\"@type\":\"CommentAction\",\"name\":\"Comment\",\"target\":[\"https:\\\/\\\/fuentesfidedignas.com.mx\\\/index.php\\\/2022\\\/03\\\/31\\\/hoy-se-decide-si-se-termina-o-sigue-el-horario-de-verano-en-mexico\\\/#respond\"]}]},{\"@type\":\"WebPage\",\"@id\":\"https:\\\/\\\/fuentesfidedignas.com.mx\\\/index.php\\\/2022\\\/03\\\/31\\\/hoy-se-decide-si-se-termina-o-sigue-el-horario-de-verano-en-mexico\\\/\",\"url\":\"https:\\\/\\\/fuentesfidedignas.com.mx\\\/index.php\\\/2022\\\/03\\\/31\\\/hoy-se-decide-si-se-termina-o-sigue-el-horario-de-verano-en-mexico\\\/\",\"name\":\"Hoy se decide si se termina o sigue el Horario de Verano en M\u00e9xico - Fuentes Fidedignas\",\"isPartOf\":{\"@id\":\"https:\\\/\\\/fuentesfidedignas.com.mx\\\/#website\"},\"primaryImageOfPage\":{\"@id\":\"https:\\\/\\\/fuentesfidedignas.com.mx\\\/index.php\\\/2022\\\/03\\\/31\\\/hoy-se-decide-si-se-termina-o-sigue-el-horario-de-verano-en-mexico\\\/#primaryimage\"},\"image\":{\"@id\":\"https:\\\/\\\/fuentesfidedignas.com.mx\\\/index.php\\\/2022\\\/03\\\/31\\\/hoy-se-decide-si-se-termina-o-sigue-el-horario-de-verano-en-mexico\\\/#primaryimage\"},\"thumbnailUrl\":\"https:\\\/\\\/fuentesfidedignas.com.mx\\\/wp-content\\\/uploads\\\/2022\\\/03\\\/horario-de-verano-2022-1280x720-1.jpeg\",\"datePublished\":\"2022-03-31T17:52:00+00:00\",\"dateModified\":\"2022-03-31T17:52:01+00:00\",\"breadcrumb\":{\"@id\":\"https:\\\/\\\/fuentesfidedignas.com.mx\\\/index.php\\\/2022\\\/03\\\/31\\\/hoy-se-decide-si-se-termina-o-sigue-el-horario-de-verano-en-mexico\\\/#breadcrumb\"},\"inLanguage\":\"es\",\"potentialAction\":[{\"@type\":\"ReadAction\",\"target\":[\"https:\\\/\\\/fuentesfidedignas.com.mx\\\/index.php\\\/2022\\\/03\\\/31\\\/hoy-se-decide-si-se-termina-o-sigue-el-horario-de-verano-en-mexico\\\/\"]}]},{\"@type\":\"ImageObject\",\"inLanguage\":\"es\",\"@id\":\"https:\\\/\\\/fuentesfidedignas.com.mx\\\/index.php\\\/2022\\\/03\\\/31\\\/hoy-se-decide-si-se-termina-o-sigue-el-horario-de-verano-en-mexico\\\/#primaryimage\",\"url\":\"https:\\\/\\\/fuentesfidedignas.com.mx\\\/wp-content\\\/uploads\\\/2022\\\/03\\\/horario-de-verano-2022-1280x720-1.jpeg\",\"contentUrl\":\"https:\\\/\\\/fuentesfidedignas.com.mx\\\/wp-content\\\/uploads\\\/2022\\\/03\\\/horario-de-verano-2022-1280x720-1.jpeg\",\"width\":1280,\"height\":720},{\"@type\":\"BreadcrumbList\",\"@id\":\"https:\\\/\\\/fuentesfidedignas.com.mx\\\/index.php\\\/2022\\\/03\\\/31\\\/hoy-se-decide-si-se-termina-o-sigue-el-horario-de-verano-en-mexico\\\/#breadcrumb\",\"itemListElement\":[{\"@type\":\"ListItem\",\"position\":1,\"name\":\"Inicio\",\"item\":\"https:\\\/\\\/fuentesfidedignas.com.mx\\\/\"},{\"@type\":\"ListItem\",\"position\":2,\"name\":\"Hoy se decide si se termina o sigue el Horario de Verano en M\u00e9xico\"}]},{\"@type\":\"WebSite\",\"@id\":\"https:\\\/\\\/fuentesfidedignas.com.mx\\\/#website\",\"url\":\"https:\\\/\\\/fuentesfidedignas.com.mx\\\/\",\"name\":\"Fuentes Fidedignas\",\"description\":\"Otro sitio realizado con WordPress\",\"publisher\":{\"@id\":\"https:\\\/\\\/fuentesfidedignas.com.mx\\\/#organization\"},\"potentialAction\":[{\"@type\":\"SearchAction\",\"target\":{\"@type\":\"EntryPoint\",\"urlTemplate\":\"https:\\\/\\\/fuentesfidedignas.com.mx\\\/?s={search_term_string}\"},\"query-input\":{\"@type\":\"PropertyValueSpecification\",\"valueRequired\":true,\"valueName\":\"search_term_string\"}}],\"inLanguage\":\"es\"},{\"@type\":\"Organization\",\"@id\":\"https:\\\/\\\/fuentesfidedignas.com.mx\\\/#organization\",\"name\":\"Fuentes Fidedignas\",\"url\":\"https:\\\/\\\/fuentesfidedignas.com.mx\\\/\",\"logo\":{\"@type\":\"ImageObject\",\"inLanguage\":\"es\",\"@id\":\"https:\\\/\\\/fuentesfidedignas.com.mx\\\/#\\\/schema\\\/logo\\\/image\\\/\",\"url\":\"https:\\\/\\\/fuentesfidedignas.com.mx\\\/wp-content\\\/uploads\\\/2021\\\/04\\\/logo-retina.png\",\"contentUrl\":\"https:\\\/\\\/fuentesfidedignas.com.mx\\\/wp-content\\\/uploads\\\/2021\\\/04\\\/logo-retina.png\",\"width\":280,\"height\":51,\"caption\":\"Fuentes Fidedignas\"},\"image\":{\"@id\":\"https:\\\/\\\/fuentesfidedignas.com.mx\\\/#\\\/schema\\\/logo\\\/image\\\/\"},\"sameAs\":[\"https:\\\/\\\/www.facebook.com\\\/Fuentes-Fidedignas-368234489921644\",\"https:\\\/\\\/x.com\\\/fidedignas\"]},{\"@type\":\"Person\",\"@id\":\"https:\\\/\\\/fuentesfidedignas.com.mx\\\/#\\\/schema\\\/person\\\/fee3882e65fd0510d292c43a346d35d7\",\"name\":\"El Universal\",\"image\":{\"@type\":\"ImageObject\",\"inLanguage\":\"es\",\"@id\":\"https:\\\/\\\/secure.gravatar.com\\\/avatar\\\/1ebc94d82b6c3c081781f73e5b76a0d0c1ac7bf8e57426f18802246eeaa2747c?s=96&d=mm&r=g\",\"url\":\"https:\\\/\\\/secure.gravatar.com\\\/avatar\\\/1ebc94d82b6c3c081781f73e5b76a0d0c1ac7bf8e57426f18802246eeaa2747c?s=96&d=mm&r=g\",\"contentUrl\":\"https:\\\/\\\/secure.gravatar.com\\\/avatar\\\/1ebc94d82b6c3c081781f73e5b76a0d0c1ac7bf8e57426f18802246eeaa2747c?s=96&d=mm&r=g\",\"caption\":\"El Universal\"},\"url\":\"https:\\\/\\\/fuentesfidedignas.com.mx\\\/index.php\\\/author\\\/el-universal\\\/\"}]}<\/script>\n<!-- \/ Yoast SEO plugin. -->","yoast_head_json":{"title":"Hoy se decide si se termina o sigue el Horario de Verano en M\u00e9xico - Fuentes Fidedignas","robots":{"index":"index","follow":"follow","max-snippet":"max-snippet:-1","max-image-preview":"max-image-preview:large","max-video-preview":"max-video-preview:-1"},"canonical":"https:\/\/fuentesfidedignas.com.mx\/index.php\/2022\/03\/31\/hoy-se-decide-si-se-termina-o-sigue-el-horario-de-verano-en-mexico\/","og_locale":"es_MX","og_type":"article","og_title":"Hoy se decide si se termina o sigue el Horario de Verano en M\u00e9xico - Fuentes Fidedignas","og_description":"El cambio de horario se implementa en M\u00e9xico desde 1996 Ciudad de M\u00e9xico.- El Horario de Verano se instaur\u00f3 en el pa\u00eds desde 1996, durante el gobierno de Ernesto Zedillo y busca aprovechar la luz natural para ahorrar energ\u00eda el\u00e9ctrica. Sin embargo, la diputada perredista Olga Luz Espinosa, propuso una iniciativa para eliminar el decreto [&hellip;]","og_url":"https:\/\/fuentesfidedignas.com.mx\/index.php\/2022\/03\/31\/hoy-se-decide-si-se-termina-o-sigue-el-horario-de-verano-en-mexico\/","og_site_name":"Fuentes Fidedignas","article_publisher":"https:\/\/www.facebook.com\/Fuentes-Fidedignas-368234489921644","article_published_time":"2022-03-31T17:52:00+00:00","article_modified_time":"2022-03-31T17:52:01+00:00","og_image":[{"width":1280,"height":720,"url":"https:\/\/fuentesfidedignas.com.mx\/wp-content\/uploads\/2022\/03\/horario-de-verano-2022-1280x720-1.jpeg","type":"image\/jpeg"}],"author":"El Universal","twitter_card":"summary_large_image","twitter_creator":"@fidedignas","twitter_site":"@fidedignas","twitter_misc":{"Escrito por":"El Universal","Tiempo de lectura":"2 minutos"},"schema":{"@context":"https:\/\/schema.org","@graph":[{"@type":"Article","@id":"https:\/\/fuentesfidedignas.com.mx\/index.php\/2022\/03\/31\/hoy-se-decide-si-se-termina-o-sigue-el-horario-de-verano-en-mexico\/#article","isPartOf":{"@id":"https:\/\/fuentesfidedignas.com.mx\/index.php\/2022\/03\/31\/hoy-se-decide-si-se-termina-o-sigue-el-horario-de-verano-en-mexico\/"},"author":{"name":"El Universal","@id":"https:\/\/fuentesfidedignas.com.mx\/#\/schema\/person\/fee3882e65fd0510d292c43a346d35d7"},"headline":"Hoy se decide si se termina o sigue el Horario de Verano en M\u00e9xico","datePublished":"2022-03-31T17:52:00+00:00","dateModified":"2022-03-31T17:52:01+00:00","mainEntityOfPage":{"@id":"https:\/\/fuentesfidedignas.com.mx\/index.php\/2022\/03\/31\/hoy-se-decide-si-se-termina-o-sigue-el-horario-de-verano-en-mexico\/"},"wordCount":345,"commentCount":0,"publisher":{"@id":"https:\/\/fuentesfidedignas.com.mx\/#organization"},"image":{"@id":"https:\/\/fuentesfidedignas.com.mx\/index.php\/2022\/03\/31\/hoy-se-decide-si-se-termina-o-sigue-el-horario-de-verano-en-mexico\/#primaryimage"},"thumbnailUrl":"https:\/\/fuentesfidedignas.com.mx\/wp-content\/uploads\/2022\/03\/horario-de-verano-2022-1280x720-1.jpeg","keywords":["Horario de Verano"],"articleSection":["NOTA PRINCIPAL"],"inLanguage":"es","potentialAction":[{"@type":"CommentAction","name":"Comment","target":["https:\/\/fuentesfidedignas.com.mx\/index.php\/2022\/03\/31\/hoy-se-decide-si-se-termina-o-sigue-el-horario-de-verano-en-mexico\/#respond"]}]},{"@type":"WebPage","@id":"https:\/\/fuentesfidedignas.com.mx\/index.php\/2022\/03\/31\/hoy-se-decide-si-se-termina-o-sigue-el-horario-de-verano-en-mexico\/","url":"https:\/\/fuentesfidedignas.com.mx\/index.php\/2022\/03\/31\/hoy-se-decide-si-se-termina-o-sigue-el-horario-de-verano-en-mexico\/","name":"Hoy se decide si se termina o sigue el Horario de Verano en M\u00e9xico - Fuentes Fidedignas","isPartOf":{"@id":"https:\/\/fuentesfidedignas.com.mx\/#website"},"primaryImageOfPage":{"@id":"https:\/\/fuentesfidedignas.com.mx\/index.php\/2022\/03\/31\/hoy-se-decide-si-se-termina-o-sigue-el-horario-de-verano-en-mexico\/#primaryimage"},"image":{"@id":"https:\/\/fuentesfidedignas.com.mx\/index.php\/2022\/03\/31\/hoy-se-decide-si-se-termina-o-sigue-el-horario-de-verano-en-mexico\/#primaryimage"},"thumbnailUrl":"https:\/\/fuentesfidedignas.com.mx\/wp-content\/uploads\/2022\/03\/horario-de-verano-2022-1280x720-1.jpeg","datePublished":"2022-03-31T17:52:00+00:00","dateModified":"2022-03-31T17:52:01+00:00","breadcrumb":{"@id":"https:\/\/fuentesfidedignas.com.mx\/index.php\/2022\/03\/31\/hoy-se-decide-si-se-termina-o-sigue-el-horario-de-verano-en-mexico\/#breadcrumb"},"inLanguage":"es","potentialAction":[{"@type":"ReadAction","target":["https:\/\/fuentesfidedignas.com.mx\/index.php\/2022\/03\/31\/hoy-se-decide-si-se-termina-o-sigue-el-horario-de-verano-en-mexico\/"]}]},{"@type":"ImageObject","inLanguage":"es","@id":"https:\/\/fuentesfidedignas.com.mx\/index.php\/2022\/03\/31\/hoy-se-decide-si-se-termina-o-sigue-el-horario-de-verano-en-mexico\/#primaryimage","url":"https:\/\/fuentesfidedignas.com.mx\/wp-content\/uploads\/2022\/03\/horario-de-verano-2022-1280x720-1.jpeg","contentUrl":"https:\/\/fuentesfidedignas.com.mx\/wp-content\/uploads\/2022\/03\/horario-de-verano-2022-1280x720-1.jpeg","width":1280,"height":720},{"@type":"BreadcrumbList","@id":"https:\/\/fuentesfidedignas.com.mx\/index.php\/2022\/03\/31\/hoy-se-decide-si-se-termina-o-sigue-el-horario-de-verano-en-mexico\/#breadcrumb","itemListElement":[{"@type":"ListItem","position":1,"name":"Inicio","item":"https:\/\/fuentesfidedignas.com.mx\/"},{"@type":"ListItem","position":2,"name":"Hoy se decide si se termina o sigue el Horario de Verano en M\u00e9xico"}]},{"@type":"WebSite","@id":"https:\/\/fuentesfidedignas.com.mx\/#website","url":"https:\/\/fuentesfidedignas.com.mx\/","name":"Fuentes Fidedignas","description":"Otro sitio realizado con WordPress","publisher":{"@id":"https:\/\/fuentesfidedignas.com.mx\/#organization"},"potentialAction":[{"@type":"SearchAction","target":{"@type":"EntryPoint","urlTemplate":"https:\/\/fuentesfidedignas.com.mx\/?s={search_term_string}"},"query-input":{"@type":"PropertyValueSpecification","valueRequired":true,"valueName":"search_term_string"}}],"inLanguage":"es"},{"@type":"Organization","@id":"https:\/\/fuentesfidedignas.com.mx\/#organization","name":"Fuentes Fidedignas","url":"https:\/\/fuentesfidedignas.com.mx\/","logo":{"@type":"ImageObject","inLanguage":"es","@id":"https:\/\/fuentesfidedignas.com.mx\/#\/schema\/logo\/image\/","url":"https:\/\/fuentesfidedignas.com.mx\/wp-content\/uploads\/2021\/04\/logo-retina.png","contentUrl":"https:\/\/fuentesfidedignas.com.mx\/wp-content\/uploads\/2021\/04\/logo-retina.png","width":280,"height":51,"caption":"Fuentes Fidedignas"},"image":{"@id":"https:\/\/fuentesfidedignas.com.mx\/#\/schema\/logo\/image\/"},"sameAs":["https:\/\/www.facebook.com\/Fuentes-Fidedignas-368234489921644","https:\/\/x.com\/fidedignas"]},{"@type":"Person","@id":"https:\/\/fuentesfidedignas.com.mx\/#\/schema\/person\/fee3882e65fd0510d292c43a346d35d7","name":"El Universal","image":{"@type":"ImageObject","inLanguage":"es","@id":"https:\/\/secure.gravatar.com\/avatar\/1ebc94d82b6c3c081781f73e5b76a0d0c1ac7bf8e57426f18802246eeaa2747c?s=96&d=mm&r=g","url":"https:\/\/secure.gravatar.com\/avatar\/1ebc94d82b6c3c081781f73e5b76a0d0c1ac7bf8e57426f18802246eeaa2747c?s=96&d=mm&r=g","contentUrl":"https:\/\/secure.gravatar.com\/avatar\/1ebc94d82b6c3c081781f73e5b76a0d0c1ac7bf8e57426f18802246eeaa2747c?s=96&d=mm&r=g","caption":"El Universal"},"url":"https:\/\/fuentesfidedignas.com.mx\/index.php\/author\/el-universal\/"}]}},"_links":{"self":[{"href":"https:\/\/fuentesfidedignas.com.mx\/index.php\/wp-json\/wp\/v2\/posts\/27401","targetHints":{"allow":["GET"]}}],"collection":[{"href":"https:\/\/fuentesfidedignas.com.mx\/index.php\/wp-json\/wp\/v2\/posts"}],"about":[{"href":"https:\/\/fuentesfidedignas.com.mx\/index.php\/wp-json\/wp\/v2\/types\/post"}],"author":[{"embeddable":true,"href":"https:\/\/fuentesfidedignas.com.mx\/index.php\/wp-json\/wp\/v2\/users\/39"}],"replies":[{"embeddable":true,"href":"https:\/\/fuentesfidedignas.com.mx\/index.php\/wp-json\/wp\/v2\/comments?post=27401"}],"version-history":[{"count":1,"href":"https:\/\/fuentesfidedignas.com.mx\/index.php\/wp-json\/wp\/v2\/posts\/27401\/revisions"}],"predecessor-version":[{"id":27403,"href":"https:\/\/fuentesfidedignas.com.mx\/index.php\/wp-json\/wp\/v2\/posts\/27401\/revisions\/27403"}],"wp:featuredmedia":[{"embeddable":true,"href":"https:\/\/fuentesfidedignas.com.mx\/index.php\/wp-json\/wp\/v2\/media\/27402"}],"wp:attachment":[{"href":"https:\/\/fuentesfidedignas.com.mx\/index.php\/wp-json\/wp\/v2\/media?parent=27401"}],"wp:term":[{"taxonomy":"category","embeddable":true,"href":"https:\/\/fuentesfidedignas.com.mx\/index.php\/wp-json\/wp\/v2\/categories?post=27401"},{"taxonomy":"post_tag","embeddable":true,"href":"https:\/\/fuentesfidedignas.com.mx\/index.php\/wp-json\/wp\/v2\/tags?post=27401"}],"curies":[{"name":"wp","href":"https:\/\/api.w.org\/{rel}","templated":true}]}}