{"id":27392,"date":"2022-03-31T09:00:54","date_gmt":"2022-03-31T16:00:54","guid":{"rendered":"https:\/\/fuentesfidedignas.com.mx\/?p=27392"},"modified":"2022-03-31T09:00:56","modified_gmt":"2022-03-31T16:00:56","slug":"llaman-a-la-tenencia-responsable-de-animales-y-promueven-la-adopcion","status":"publish","type":"post","link":"https:\/\/fuentesfidedignas.com.mx\/index.php\/2022\/03\/31\/llaman-a-la-tenencia-responsable-de-animales-y-promueven-la-adopcion\/","title":{"rendered":"Llaman a la tenencia responsable de animales y promueven la adopci\u00f3n"},"content":{"rendered":"\n<p><strong><em>El llamado que hace la autoridad municipal, es a la conciencia ciudadana en el tema del cuidado animal y la tenencia responsable<\/em><\/strong><\/p>\n\n\n\n<p>Culiac\u00e1n, Sin.- La administraci\u00f3n municipal ha promovido desde un inicio el respeto por la vida animal, es por ello que ha realizado diversas acciones para concientizar sobre este tema, tales como campa\u00f1as de esterilizaci\u00f3n en conjunto con asociaciones protectoras de animales, as\u00ed como la creaci\u00f3n de GEPA (Grupo Especial de Protecci\u00f3n Animal), que ha participado en casos donde se ha requerido el apoyo por parte del Ayuntamiento de Culiac\u00e1n.<\/p>\n\n\n\n<p>Uno de ellos es el de la colonia Emiliano Zapata, donde se encuentra una propiedad con un total de 33 perros en su mayor\u00eda mestizos, misma que requiere ser desalojada por la propietaria debido a que la instituci\u00f3n bancaria as\u00ed lo solicita y quien a su vez pidi\u00f3 la intervenci\u00f3n del municipio para evitar que estos quedaran en situaci\u00f3n de calle.<\/p>\n\n\n\n<p>Es importante recalcar que este caso que se encuentra vigente desde el mes de enero, (mes en el que se dio el requerimiento de desalojo por parte del banco), se ha atendido puntualmente, por ello es que por medio de la Direcci\u00f3n de Salud Municipal se dio el primer paso que consisti\u00f3 en la instalaci\u00f3n de una unidad m\u00f3vil de esterilizaci\u00f3n al exterior del domicilio de la ciudadana en cuesti\u00f3n, due\u00f1a de estos 33 perros, ello para proceder a la esterilizaci\u00f3n gratuita de hembras y perros que cumplan con las condiciones necesarias para esto, lo cual fue negado por la propietaria, quien no dio acceso.<\/p>\n\n\n\n<p>Debido a que la ciudadana no cuenta con el espacio f\u00edsico para albergar ah\u00ed a todos los animales, la Direcci\u00f3n de Salud Municipal convoc\u00f3 a las asociaciones protectoras locales a reuni\u00f3n para promover su adopci\u00f3n, sin embargo a esto tambi\u00e9n se neg\u00f3, lo cual resulta preocupante porque estas perras y perros podr\u00edan quedar en condici\u00f3n de calle con riesgo de ser atropellados, lastimados o envenenados, adem\u00e1s de que seguir\u00edan reproduci\u00e9ndose.<\/p>\n\n\n\n<p>En colaboraci\u00f3n con GEPA, Huellita con Causa IAP acudi\u00f3 a apoyarle con pastillas para pulgas y garrapatas, desparasitante, Shampoo insecticida y l\u00edquido para fumigar. Por su parte, Amigos Animalistas ha acudido al lugar con la intenci\u00f3n de ayudarle a promover las adopciones y tratar el tema de pulgas, pues si bien los perros est\u00e1n en buenas condiciones de peso, existe infestaci\u00f3n de pulgas por lo que era urgente ayudar en este punto.<\/p>\n\n\n\n<p>Actualmente los animales permanecen en la propiedad, pues la instituci\u00f3n bancaria concedi\u00f3 que en tanto estos sean esterilizados y cada uno de ellos tenga un hogar, contin\u00faen ah\u00ed; adem\u00e1s se dio acceso a que su due\u00f1a siga acudiendo a alimentarlos a pesar de que ya no habita esta casa.<\/p>\n\n\n\n<p>En este sentido, el llamado que hace la autoridad municipal, es a la conciencia ciudadana en el tema del cuidado animal y la tenencia responsable, pues es necesario insistir en que estos animales no pueden ni deben quedar en la calle y es prioridad que cada uno de ellos sea esterilizado y adoptado, pues adem\u00e1s es un tema de salud p\u00fablica que no puede ser ignorado y tampoco se puede postergar m\u00e1s.<\/p>\n","protected":false},"excerpt":{"rendered":"<p>El llamado que hace la autoridad municipal, es a la conciencia ciudadana en el tema del cuidado animal y la tenencia responsable Culiac\u00e1n, Sin.- La administraci\u00f3n municipal ha promovido desde un inicio el respeto por la vida animal, es por ello que ha realizado diversas acciones para concientizar sobre este tema, tales como campa\u00f1as de [&hellip;]<\/p>\n","protected":false},"author":4,"featured_media":27393,"comment_status":"open","ping_status":"open","sticky":false,"template":"","format":"standard","meta":{"tdm_status":"","tdm_grid_status":"","footnotes":""},"categories":[37],"tags":[2568,1041,1009],"class_list":{"0":"post-27392","1":"post","2":"type-post","3":"status-publish","4":"format-standard","5":"has-post-thumbnail","7":"category-nota-principal","8":"tag-adopcion","9":"tag-ayuntamiento-de-culiacan","10":"tag-mascotas"},"yoast_head":"<!-- This site is optimized with the Yoast SEO plugin v27.5 - https:\/\/yoast.com\/product\/yoast-seo-wordpress\/ -->\n<title>Llaman a la tenencia responsable de animales y promueven la adopci\u00f3n - Fuentes Fidedignas<\/title>\n<meta name=\"robots\" content=\"index, follow, max-snippet:-1, max-image-preview:large, max-video-preview:-1\" \/>\n<link rel=\"canonical\" href=\"https:\/\/fuentesfidedignas.com.mx\/index.php\/2022\/03\/31\/llaman-a-la-tenencia-responsable-de-animales-y-promueven-la-adopcion\/\" \/>\n<meta property=\"og:locale\" content=\"es_MX\" \/>\n<meta property=\"og:type\" content=\"article\" \/>\n<meta property=\"og:title\" content=\"Llaman a la tenencia responsable de animales y promueven la adopci\u00f3n - Fuentes Fidedignas\" \/>\n<meta property=\"og:description\" content=\"El llamado que hace la autoridad municipal, es a la conciencia ciudadana en el tema del cuidado animal y la tenencia responsable Culiac\u00e1n, Sin.- La administraci\u00f3n municipal ha promovido desde un inicio el respeto por la vida animal, es por ello que ha realizado diversas acciones para concientizar sobre este tema, tales como campa\u00f1as de [&hellip;]\" \/>\n<meta property=\"og:url\" content=\"https:\/\/fuentesfidedignas.com.mx\/index.php\/2022\/03\/31\/llaman-a-la-tenencia-responsable-de-animales-y-promueven-la-adopcion\/\" \/>\n<meta property=\"og:site_name\" content=\"Fuentes Fidedignas\" \/>\n<meta property=\"article:publisher\" content=\"https:\/\/www.facebook.com\/Fuentes-Fidedignas-368234489921644\" \/>\n<meta property=\"article:published_time\" content=\"2022-03-31T16:00:54+00:00\" \/>\n<meta property=\"article:modified_time\" content=\"2022-03-31T16:00:56+00:00\" \/>\n<meta property=\"og:image\" content=\"https:\/\/fuentesfidedignas.com.mx\/wp-content\/uploads\/2022\/03\/CUIDADO_ANIMAL.jpg\" \/>\n\t<meta property=\"og:image:width\" content=\"1280\" \/>\n\t<meta property=\"og:image:height\" content=\"960\" \/>\n\t<meta property=\"og:image:type\" content=\"image\/jpeg\" \/>\n<meta name=\"author\" content=\"Redacci\u00f3n\" \/>\n<meta name=\"twitter:card\" content=\"summary_large_image\" \/>\n<meta name=\"twitter:creator\" content=\"@fidedignas\" \/>\n<meta name=\"twitter:site\" content=\"@fidedignas\" \/>\n<meta name=\"twitter:label1\" content=\"Escrito por\" \/>\n\t<meta name=\"twitter:data1\" content=\"Redacci\u00f3n\" \/>\n\t<meta name=\"twitter:label2\" content=\"Tiempo de lectura\" \/>\n\t<meta name=\"twitter:data2\" content=\"3 minutos\" \/>\n<script type=\"application\/ld+json\" class=\"yoast-schema-graph\">{\"@context\":\"https:\\\/\\\/schema.org\",\"@graph\":[{\"@type\":\"Article\",\"@id\":\"https:\\\/\\\/fuentesfidedignas.com.mx\\\/index.php\\\/2022\\\/03\\\/31\\\/llaman-a-la-tenencia-responsable-de-animales-y-promueven-la-adopcion\\\/#article\",\"isPartOf\":{\"@id\":\"https:\\\/\\\/fuentesfidedignas.com.mx\\\/index.php\\\/2022\\\/03\\\/31\\\/llaman-a-la-tenencia-responsable-de-animales-y-promueven-la-adopcion\\\/\"},\"author\":{\"name\":\"Redacci\u00f3n\",\"@id\":\"https:\\\/\\\/fuentesfidedignas.com.mx\\\/#\\\/schema\\\/person\\\/331be9283d37198e2acd5750279085b0\"},\"headline\":\"Llaman a la tenencia responsable de animales y promueven la adopci\u00f3n\",\"datePublished\":\"2022-03-31T16:00:54+00:00\",\"dateModified\":\"2022-03-31T16:00:56+00:00\",\"mainEntityOfPage\":{\"@id\":\"https:\\\/\\\/fuentesfidedignas.com.mx\\\/index.php\\\/2022\\\/03\\\/31\\\/llaman-a-la-tenencia-responsable-de-animales-y-promueven-la-adopcion\\\/\"},\"wordCount\":571,\"commentCount\":0,\"publisher\":{\"@id\":\"https:\\\/\\\/fuentesfidedignas.com.mx\\\/#organization\"},\"image\":{\"@id\":\"https:\\\/\\\/fuentesfidedignas.com.mx\\\/index.php\\\/2022\\\/03\\\/31\\\/llaman-a-la-tenencia-responsable-de-animales-y-promueven-la-adopcion\\\/#primaryimage\"},\"thumbnailUrl\":\"https:\\\/\\\/fuentesfidedignas.com.mx\\\/wp-content\\\/uploads\\\/2022\\\/03\\\/CUIDADO_ANIMAL.jpg\",\"keywords\":[\"Adopci\u00f3n\",\"Ayuntamiento de Culiac\u00e1n\",\"Mascotas\"],\"articleSection\":[\"NOTA PRINCIPAL\"],\"inLanguage\":\"es\",\"potentialAction\":[{\"@type\":\"CommentAction\",\"name\":\"Comment\",\"target\":[\"https:\\\/\\\/fuentesfidedignas.com.mx\\\/index.php\\\/2022\\\/03\\\/31\\\/llaman-a-la-tenencia-responsable-de-animales-y-promueven-la-adopcion\\\/#respond\"]}]},{\"@type\":\"WebPage\",\"@id\":\"https:\\\/\\\/fuentesfidedignas.com.mx\\\/index.php\\\/2022\\\/03\\\/31\\\/llaman-a-la-tenencia-responsable-de-animales-y-promueven-la-adopcion\\\/\",\"url\":\"https:\\\/\\\/fuentesfidedignas.com.mx\\\/index.php\\\/2022\\\/03\\\/31\\\/llaman-a-la-tenencia-responsable-de-animales-y-promueven-la-adopcion\\\/\",\"name\":\"Llaman a la tenencia responsable de animales y promueven la adopci\u00f3n - Fuentes Fidedignas\",\"isPartOf\":{\"@id\":\"https:\\\/\\\/fuentesfidedignas.com.mx\\\/#website\"},\"primaryImageOfPage\":{\"@id\":\"https:\\\/\\\/fuentesfidedignas.com.mx\\\/index.php\\\/2022\\\/03\\\/31\\\/llaman-a-la-tenencia-responsable-de-animales-y-promueven-la-adopcion\\\/#primaryimage\"},\"image\":{\"@id\":\"https:\\\/\\\/fuentesfidedignas.com.mx\\\/index.php\\\/2022\\\/03\\\/31\\\/llaman-a-la-tenencia-responsable-de-animales-y-promueven-la-adopcion\\\/#primaryimage\"},\"thumbnailUrl\":\"https:\\\/\\\/fuentesfidedignas.com.mx\\\/wp-content\\\/uploads\\\/2022\\\/03\\\/CUIDADO_ANIMAL.jpg\",\"datePublished\":\"2022-03-31T16:00:54+00:00\",\"dateModified\":\"2022-03-31T16:00:56+00:00\",\"breadcrumb\":{\"@id\":\"https:\\\/\\\/fuentesfidedignas.com.mx\\\/index.php\\\/2022\\\/03\\\/31\\\/llaman-a-la-tenencia-responsable-de-animales-y-promueven-la-adopcion\\\/#breadcrumb\"},\"inLanguage\":\"es\",\"potentialAction\":[{\"@type\":\"ReadAction\",\"target\":[\"https:\\\/\\\/fuentesfidedignas.com.mx\\\/index.php\\\/2022\\\/03\\\/31\\\/llaman-a-la-tenencia-responsable-de-animales-y-promueven-la-adopcion\\\/\"]}]},{\"@type\":\"ImageObject\",\"inLanguage\":\"es\",\"@id\":\"https:\\\/\\\/fuentesfidedignas.com.mx\\\/index.php\\\/2022\\\/03\\\/31\\\/llaman-a-la-tenencia-responsable-de-animales-y-promueven-la-adopcion\\\/#primaryimage\",\"url\":\"https:\\\/\\\/fuentesfidedignas.com.mx\\\/wp-content\\\/uploads\\\/2022\\\/03\\\/CUIDADO_ANIMAL.jpg\",\"contentUrl\":\"https:\\\/\\\/fuentesfidedignas.com.mx\\\/wp-content\\\/uploads\\\/2022\\\/03\\\/CUIDADO_ANIMAL.jpg\",\"width\":1280,\"height\":960},{\"@type\":\"BreadcrumbList\",\"@id\":\"https:\\\/\\\/fuentesfidedignas.com.mx\\\/index.php\\\/2022\\\/03\\\/31\\\/llaman-a-la-tenencia-responsable-de-animales-y-promueven-la-adopcion\\\/#breadcrumb\",\"itemListElement\":[{\"@type\":\"ListItem\",\"position\":1,\"name\":\"Inicio\",\"item\":\"https:\\\/\\\/fuentesfidedignas.com.mx\\\/\"},{\"@type\":\"ListItem\",\"position\":2,\"name\":\"Llaman a la tenencia responsable de animales y promueven la adopci\u00f3n\"}]},{\"@type\":\"WebSite\",\"@id\":\"https:\\\/\\\/fuentesfidedignas.com.mx\\\/#website\",\"url\":\"https:\\\/\\\/fuentesfidedignas.com.mx\\\/\",\"name\":\"Fuentes Fidedignas\",\"description\":\"Otro sitio realizado con WordPress\",\"publisher\":{\"@id\":\"https:\\\/\\\/fuentesfidedignas.com.mx\\\/#organization\"},\"potentialAction\":[{\"@type\":\"SearchAction\",\"target\":{\"@type\":\"EntryPoint\",\"urlTemplate\":\"https:\\\/\\\/fuentesfidedignas.com.mx\\\/?s={search_term_string}\"},\"query-input\":{\"@type\":\"PropertyValueSpecification\",\"valueRequired\":true,\"valueName\":\"search_term_string\"}}],\"inLanguage\":\"es\"},{\"@type\":\"Organization\",\"@id\":\"https:\\\/\\\/fuentesfidedignas.com.mx\\\/#organization\",\"name\":\"Fuentes Fidedignas\",\"url\":\"https:\\\/\\\/fuentesfidedignas.com.mx\\\/\",\"logo\":{\"@type\":\"ImageObject\",\"inLanguage\":\"es\",\"@id\":\"https:\\\/\\\/fuentesfidedignas.com.mx\\\/#\\\/schema\\\/logo\\\/image\\\/\",\"url\":\"https:\\\/\\\/fuentesfidedignas.com.mx\\\/wp-content\\\/uploads\\\/2021\\\/04\\\/logo-retina.png\",\"contentUrl\":\"https:\\\/\\\/fuentesfidedignas.com.mx\\\/wp-content\\\/uploads\\\/2021\\\/04\\\/logo-retina.png\",\"width\":280,\"height\":51,\"caption\":\"Fuentes Fidedignas\"},\"image\":{\"@id\":\"https:\\\/\\\/fuentesfidedignas.com.mx\\\/#\\\/schema\\\/logo\\\/image\\\/\"},\"sameAs\":[\"https:\\\/\\\/www.facebook.com\\\/Fuentes-Fidedignas-368234489921644\",\"https:\\\/\\\/x.com\\\/fidedignas\"]},{\"@type\":\"Person\",\"@id\":\"https:\\\/\\\/fuentesfidedignas.com.mx\\\/#\\\/schema\\\/person\\\/331be9283d37198e2acd5750279085b0\",\"name\":\"Redacci\u00f3n\",\"image\":{\"@type\":\"ImageObject\",\"inLanguage\":\"es\",\"@id\":\"https:\\\/\\\/secure.gravatar.com\\\/avatar\\\/f6d8782c11d12b2d4ad3fbb6931aeab5309937a4d6cd2fc9cfaa28a6396a5aec?s=96&d=mm&r=g\",\"url\":\"https:\\\/\\\/secure.gravatar.com\\\/avatar\\\/f6d8782c11d12b2d4ad3fbb6931aeab5309937a4d6cd2fc9cfaa28a6396a5aec?s=96&d=mm&r=g\",\"contentUrl\":\"https:\\\/\\\/secure.gravatar.com\\\/avatar\\\/f6d8782c11d12b2d4ad3fbb6931aeab5309937a4d6cd2fc9cfaa28a6396a5aec?s=96&d=mm&r=g\",\"caption\":\"Redacci\u00f3n\"},\"url\":\"https:\\\/\\\/fuentesfidedignas.com.mx\\\/index.php\\\/author\\\/redaccion\\\/\"}]}<\/script>\n<!-- \/ Yoast SEO plugin. -->","yoast_head_json":{"title":"Llaman a la tenencia responsable de animales y promueven la adopci\u00f3n - Fuentes Fidedignas","robots":{"index":"index","follow":"follow","max-snippet":"max-snippet:-1","max-image-preview":"max-image-preview:large","max-video-preview":"max-video-preview:-1"},"canonical":"https:\/\/fuentesfidedignas.com.mx\/index.php\/2022\/03\/31\/llaman-a-la-tenencia-responsable-de-animales-y-promueven-la-adopcion\/","og_locale":"es_MX","og_type":"article","og_title":"Llaman a la tenencia responsable de animales y promueven la adopci\u00f3n - Fuentes Fidedignas","og_description":"El llamado que hace la autoridad municipal, es a la conciencia ciudadana en el tema del cuidado animal y la tenencia responsable Culiac\u00e1n, Sin.- La administraci\u00f3n municipal ha promovido desde un inicio el respeto por la vida animal, es por ello que ha realizado diversas acciones para concientizar sobre este tema, tales como campa\u00f1as de [&hellip;]","og_url":"https:\/\/fuentesfidedignas.com.mx\/index.php\/2022\/03\/31\/llaman-a-la-tenencia-responsable-de-animales-y-promueven-la-adopcion\/","og_site_name":"Fuentes Fidedignas","article_publisher":"https:\/\/www.facebook.com\/Fuentes-Fidedignas-368234489921644","article_published_time":"2022-03-31T16:00:54+00:00","article_modified_time":"2022-03-31T16:00:56+00:00","og_image":[{"width":1280,"height":960,"url":"https:\/\/fuentesfidedignas.com.mx\/wp-content\/uploads\/2022\/03\/CUIDADO_ANIMAL.jpg","type":"image\/jpeg"}],"author":"Redacci\u00f3n","twitter_card":"summary_large_image","twitter_creator":"@fidedignas","twitter_site":"@fidedignas","twitter_misc":{"Escrito por":"Redacci\u00f3n","Tiempo de lectura":"3 minutos"},"schema":{"@context":"https:\/\/schema.org","@graph":[{"@type":"Article","@id":"https:\/\/fuentesfidedignas.com.mx\/index.php\/2022\/03\/31\/llaman-a-la-tenencia-responsable-de-animales-y-promueven-la-adopcion\/#article","isPartOf":{"@id":"https:\/\/fuentesfidedignas.com.mx\/index.php\/2022\/03\/31\/llaman-a-la-tenencia-responsable-de-animales-y-promueven-la-adopcion\/"},"author":{"name":"Redacci\u00f3n","@id":"https:\/\/fuentesfidedignas.com.mx\/#\/schema\/person\/331be9283d37198e2acd5750279085b0"},"headline":"Llaman a la tenencia responsable de animales y promueven la adopci\u00f3n","datePublished":"2022-03-31T16:00:54+00:00","dateModified":"2022-03-31T16:00:56+00:00","mainEntityOfPage":{"@id":"https:\/\/fuentesfidedignas.com.mx\/index.php\/2022\/03\/31\/llaman-a-la-tenencia-responsable-de-animales-y-promueven-la-adopcion\/"},"wordCount":571,"commentCount":0,"publisher":{"@id":"https:\/\/fuentesfidedignas.com.mx\/#organization"},"image":{"@id":"https:\/\/fuentesfidedignas.com.mx\/index.php\/2022\/03\/31\/llaman-a-la-tenencia-responsable-de-animales-y-promueven-la-adopcion\/#primaryimage"},"thumbnailUrl":"https:\/\/fuentesfidedignas.com.mx\/wp-content\/uploads\/2022\/03\/CUIDADO_ANIMAL.jpg","keywords":["Adopci\u00f3n","Ayuntamiento de Culiac\u00e1n","Mascotas"],"articleSection":["NOTA PRINCIPAL"],"inLanguage":"es","potentialAction":[{"@type":"CommentAction","name":"Comment","target":["https:\/\/fuentesfidedignas.com.mx\/index.php\/2022\/03\/31\/llaman-a-la-tenencia-responsable-de-animales-y-promueven-la-adopcion\/#respond"]}]},{"@type":"WebPage","@id":"https:\/\/fuentesfidedignas.com.mx\/index.php\/2022\/03\/31\/llaman-a-la-tenencia-responsable-de-animales-y-promueven-la-adopcion\/","url":"https:\/\/fuentesfidedignas.com.mx\/index.php\/2022\/03\/31\/llaman-a-la-tenencia-responsable-de-animales-y-promueven-la-adopcion\/","name":"Llaman a la tenencia responsable de animales y promueven la adopci\u00f3n - Fuentes Fidedignas","isPartOf":{"@id":"https:\/\/fuentesfidedignas.com.mx\/#website"},"primaryImageOfPage":{"@id":"https:\/\/fuentesfidedignas.com.mx\/index.php\/2022\/03\/31\/llaman-a-la-tenencia-responsable-de-animales-y-promueven-la-adopcion\/#primaryimage"},"image":{"@id":"https:\/\/fuentesfidedignas.com.mx\/index.php\/2022\/03\/31\/llaman-a-la-tenencia-responsable-de-animales-y-promueven-la-adopcion\/#primaryimage"},"thumbnailUrl":"https:\/\/fuentesfidedignas.com.mx\/wp-content\/uploads\/2022\/03\/CUIDADO_ANIMAL.jpg","datePublished":"2022-03-31T16:00:54+00:00","dateModified":"2022-03-31T16:00:56+00:00","breadcrumb":{"@id":"https:\/\/fuentesfidedignas.com.mx\/index.php\/2022\/03\/31\/llaman-a-la-tenencia-responsable-de-animales-y-promueven-la-adopcion\/#breadcrumb"},"inLanguage":"es","potentialAction":[{"@type":"ReadAction","target":["https:\/\/fuentesfidedignas.com.mx\/index.php\/2022\/03\/31\/llaman-a-la-tenencia-responsable-de-animales-y-promueven-la-adopcion\/"]}]},{"@type":"ImageObject","inLanguage":"es","@id":"https:\/\/fuentesfidedignas.com.mx\/index.php\/2022\/03\/31\/llaman-a-la-tenencia-responsable-de-animales-y-promueven-la-adopcion\/#primaryimage","url":"https:\/\/fuentesfidedignas.com.mx\/wp-content\/uploads\/2022\/03\/CUIDADO_ANIMAL.jpg","contentUrl":"https:\/\/fuentesfidedignas.com.mx\/wp-content\/uploads\/2022\/03\/CUIDADO_ANIMAL.jpg","width":1280,"height":960},{"@type":"BreadcrumbList","@id":"https:\/\/fuentesfidedignas.com.mx\/index.php\/2022\/03\/31\/llaman-a-la-tenencia-responsable-de-animales-y-promueven-la-adopcion\/#breadcrumb","itemListElement":[{"@type":"ListItem","position":1,"name":"Inicio","item":"https:\/\/fuentesfidedignas.com.mx\/"},{"@type":"ListItem","position":2,"name":"Llaman a la tenencia responsable de animales y promueven la adopci\u00f3n"}]},{"@type":"WebSite","@id":"https:\/\/fuentesfidedignas.com.mx\/#website","url":"https:\/\/fuentesfidedignas.com.mx\/","name":"Fuentes Fidedignas","description":"Otro sitio realizado con WordPress","publisher":{"@id":"https:\/\/fuentesfidedignas.com.mx\/#organization"},"potentialAction":[{"@type":"SearchAction","target":{"@type":"EntryPoint","urlTemplate":"https:\/\/fuentesfidedignas.com.mx\/?s={search_term_string}"},"query-input":{"@type":"PropertyValueSpecification","valueRequired":true,"valueName":"search_term_string"}}],"inLanguage":"es"},{"@type":"Organization","@id":"https:\/\/fuentesfidedignas.com.mx\/#organization","name":"Fuentes Fidedignas","url":"https:\/\/fuentesfidedignas.com.mx\/","logo":{"@type":"ImageObject","inLanguage":"es","@id":"https:\/\/fuentesfidedignas.com.mx\/#\/schema\/logo\/image\/","url":"https:\/\/fuentesfidedignas.com.mx\/wp-content\/uploads\/2021\/04\/logo-retina.png","contentUrl":"https:\/\/fuentesfidedignas.com.mx\/wp-content\/uploads\/2021\/04\/logo-retina.png","width":280,"height":51,"caption":"Fuentes Fidedignas"},"image":{"@id":"https:\/\/fuentesfidedignas.com.mx\/#\/schema\/logo\/image\/"},"sameAs":["https:\/\/www.facebook.com\/Fuentes-Fidedignas-368234489921644","https:\/\/x.com\/fidedignas"]},{"@type":"Person","@id":"https:\/\/fuentesfidedignas.com.mx\/#\/schema\/person\/331be9283d37198e2acd5750279085b0","name":"Redacci\u00f3n","image":{"@type":"ImageObject","inLanguage":"es","@id":"https:\/\/secure.gravatar.com\/avatar\/f6d8782c11d12b2d4ad3fbb6931aeab5309937a4d6cd2fc9cfaa28a6396a5aec?s=96&d=mm&r=g","url":"https:\/\/secure.gravatar.com\/avatar\/f6d8782c11d12b2d4ad3fbb6931aeab5309937a4d6cd2fc9cfaa28a6396a5aec?s=96&d=mm&r=g","contentUrl":"https:\/\/secure.gravatar.com\/avatar\/f6d8782c11d12b2d4ad3fbb6931aeab5309937a4d6cd2fc9cfaa28a6396a5aec?s=96&d=mm&r=g","caption":"Redacci\u00f3n"},"url":"https:\/\/fuentesfidedignas.com.mx\/index.php\/author\/redaccion\/"}]}},"_links":{"self":[{"href":"https:\/\/fuentesfidedignas.com.mx\/index.php\/wp-json\/wp\/v2\/posts\/27392","targetHints":{"allow":["GET"]}}],"collection":[{"href":"https:\/\/fuentesfidedignas.com.mx\/index.php\/wp-json\/wp\/v2\/posts"}],"about":[{"href":"https:\/\/fuentesfidedignas.com.mx\/index.php\/wp-json\/wp\/v2\/types\/post"}],"author":[{"embeddable":true,"href":"https:\/\/fuentesfidedignas.com.mx\/index.php\/wp-json\/wp\/v2\/users\/4"}],"replies":[{"embeddable":true,"href":"https:\/\/fuentesfidedignas.com.mx\/index.php\/wp-json\/wp\/v2\/comments?post=27392"}],"version-history":[{"count":1,"href":"https:\/\/fuentesfidedignas.com.mx\/index.php\/wp-json\/wp\/v2\/posts\/27392\/revisions"}],"predecessor-version":[{"id":27394,"href":"https:\/\/fuentesfidedignas.com.mx\/index.php\/wp-json\/wp\/v2\/posts\/27392\/revisions\/27394"}],"wp:featuredmedia":[{"embeddable":true,"href":"https:\/\/fuentesfidedignas.com.mx\/index.php\/wp-json\/wp\/v2\/media\/27393"}],"wp:attachment":[{"href":"https:\/\/fuentesfidedignas.com.mx\/index.php\/wp-json\/wp\/v2\/media?parent=27392"}],"wp:term":[{"taxonomy":"category","embeddable":true,"href":"https:\/\/fuentesfidedignas.com.mx\/index.php\/wp-json\/wp\/v2\/categories?post=27392"},{"taxonomy":"post_tag","embeddable":true,"href":"https:\/\/fuentesfidedignas.com.mx\/index.php\/wp-json\/wp\/v2\/tags?post=27392"}],"curies":[{"name":"wp","href":"https:\/\/api.w.org\/{rel}","templated":true}]}}