{"id":27359,"date":"2022-03-30T18:57:17","date_gmt":"2022-03-31T01:57:17","guid":{"rendered":"https:\/\/fuentesfidedignas.com.mx\/?p=27359"},"modified":"2022-03-30T18:57:17","modified_gmt":"2022-03-31T01:57:17","slug":"academia-pidio-a-will-smith-irse-de-los-oscar-tras-cachetada-pero-se-nego","status":"publish","type":"post","link":"https:\/\/fuentesfidedignas.com.mx\/index.php\/2022\/03\/30\/academia-pidio-a-will-smith-irse-de-los-oscar-tras-cachetada-pero-se-nego\/","title":{"rendered":"Academia pidi\u00f3 a Will Smith irse de los Oscar tras cachetada, pero se neg\u00f3"},"content":{"rendered":"\n<p><strong><em>El actor Will Smith se neg\u00f3 a abandonar la ceremonia de los premios Oscar despu\u00e9s de haberle dado una cachetada a Chris Rock.<\/em><\/strong><\/p>\n\n\n\n<p>Estado Unidos.- El actor Will Smith se neg\u00f3 a abandonar la ceremonia de los Oscar despu\u00e9s de agredir a Chris Rock, seg\u00fan un comunicado difundido este mi\u00e9rcoles por la Academia de Artes y Ciencias cinematogr\u00e1ficas.<\/p>\n\n\n\n<p>&#8220;Nos gustar\u00eda dejar claro que se le pidi\u00f3 a Smith que abandonara la ceremonia, pero este se neg\u00f3, tambi\u00e9n reconocemos que pudimos manejar de forma diferente esta situaci\u00f3n&#8221;, reza la declaraci\u00f3n.<\/p>\n\n\n\n<p><strong>Academia promete acciones contra Will Smith<\/strong><br>La Academia de Artes y Ciencias Cinematogr\u00e1ficas de Estados Unidos prometi\u00f3 &#8220;acciones apropiadas&#8221; sobre la agresi\u00f3n de Will Smith a Chris Rock en la gala de los Oscar el domingo.<\/p>\n\n\n\n<p>En una carta enviada a todos los miembros de la Academia, su directiva dijo que estaban &#8220;disgustados e indignados&#8221; por el incidente.<\/p>\n\n\n\n<p>&#8220;La transmisi\u00f3n de la 94\u00aa edici\u00f3n de los premios Oscar del domingo deb\u00eda ser una celebraci\u00f3n de muchos miembros de una comunidad que hicieron un trabajo incre\u00edble el a\u00f1o pasado&#8221;, afirma la carta firmada por el presidente David Rubin y la directora ejecutiva Dawn Hudson. &#8220;Estamos disgustados e indignados porque esto fue opacado por el inaceptable y agresivo comportamiento en el escenario por un nominado&#8221;.<\/p>\n\n\n\n<p>&#8220;Como est\u00e1 establecido por nuestros reglamentos, la Junta de Gobernadores de la Academia determinar\u00e1 cual ser\u00e1 la acci\u00f3n apropiada hacia el se\u00f1or Smith. Bajo las leyes de California, y nuestros estatutos de conducta, esto requerir\u00e1 un proceso oficial que demorar\u00e1 unas semanas&#8221;.<\/p>\n\n\n\n<figure class=\"wp-block-embed is-type-video is-provider-youtube wp-block-embed-youtube wp-embed-aspect-16-9 wp-has-aspect-ratio\"><div class=\"wp-block-embed__wrapper\">\n<iframe loading=\"lazy\" title=\"Will Smith slaps Chris Rock at Oscars 2022 after joke at wife Jada Pinkett Smith&#039;s expense\" width=\"696\" height=\"392\" src=\"https:\/\/www.youtube.com\/embed\/iJtws119OCk?feature=oembed\" frameborder=\"0\" allow=\"accelerometer; autoplay; clipboard-write; encrypted-media; gyroscope; picture-in-picture\" allowfullscreen><\/iframe>\n<\/div><\/figure>\n","protected":false},"excerpt":{"rendered":"<p>El actor Will Smith se neg\u00f3 a abandonar la ceremonia de los premios Oscar despu\u00e9s de haberle dado una cachetada a Chris Rock. Estado Unidos.- El actor Will Smith se neg\u00f3 a abandonar la ceremonia de los Oscar despu\u00e9s de agredir a Chris Rock, seg\u00fan un comunicado difundido este mi\u00e9rcoles por la Academia de Artes [&hellip;]<\/p>\n","protected":false},"author":12,"featured_media":27360,"comment_status":"open","ping_status":"open","sticky":false,"template":"","format":"standard","meta":{"tdm_status":"","tdm_grid_status":"","footnotes":""},"categories":[39],"tags":[2549,2562,2561],"class_list":{"0":"post-27359","1":"post","2":"type-post","3":"status-publish","4":"format-standard","5":"has-post-thumbnail","7":"category-noticias-nacionales","8":"tag-oscar","9":"tag-premios-oscar","10":"tag-will-smith"},"yoast_head":"<!-- This site is optimized with the Yoast SEO plugin v27.5 - https:\/\/yoast.com\/product\/yoast-seo-wordpress\/ -->\n<title>Academia pidi\u00f3 a Will Smith irse de los Oscar tras cachetada, pero se neg\u00f3 - Fuentes Fidedignas<\/title>\n<meta name=\"robots\" content=\"index, follow, max-snippet:-1, max-image-preview:large, max-video-preview:-1\" \/>\n<link rel=\"canonical\" href=\"https:\/\/fuentesfidedignas.com.mx\/index.php\/2022\/03\/30\/academia-pidio-a-will-smith-irse-de-los-oscar-tras-cachetada-pero-se-nego\/\" \/>\n<meta property=\"og:locale\" content=\"es_MX\" \/>\n<meta property=\"og:type\" content=\"article\" \/>\n<meta property=\"og:title\" content=\"Academia pidi\u00f3 a Will Smith irse de los Oscar tras cachetada, pero se neg\u00f3 - Fuentes Fidedignas\" \/>\n<meta property=\"og:description\" content=\"El actor Will Smith se neg\u00f3 a abandonar la ceremonia de los premios Oscar despu\u00e9s de haberle dado una cachetada a Chris Rock. Estado Unidos.- El actor Will Smith se neg\u00f3 a abandonar la ceremonia de los Oscar despu\u00e9s de agredir a Chris Rock, seg\u00fan un comunicado difundido este mi\u00e9rcoles por la Academia de Artes [&hellip;]\" \/>\n<meta property=\"og:url\" content=\"https:\/\/fuentesfidedignas.com.mx\/index.php\/2022\/03\/30\/academia-pidio-a-will-smith-irse-de-los-oscar-tras-cachetada-pero-se-nego\/\" \/>\n<meta property=\"og:site_name\" content=\"Fuentes Fidedignas\" \/>\n<meta property=\"article:publisher\" content=\"https:\/\/www.facebook.com\/Fuentes-Fidedignas-368234489921644\" \/>\n<meta property=\"article:published_time\" content=\"2022-03-31T01:57:17+00:00\" \/>\n<meta property=\"og:image\" content=\"https:\/\/fuentesfidedignas.com.mx\/wp-content\/uploads\/2022\/03\/WILL_SMITH.jpg\" \/>\n\t<meta property=\"og:image:width\" content=\"800\" \/>\n\t<meta property=\"og:image:height\" content=\"600\" \/>\n\t<meta property=\"og:image:type\" content=\"image\/jpeg\" \/>\n<meta name=\"author\" content=\"AFP\" \/>\n<meta name=\"twitter:card\" content=\"summary_large_image\" \/>\n<meta name=\"twitter:creator\" content=\"@fidedignas\" \/>\n<meta name=\"twitter:site\" content=\"@fidedignas\" \/>\n<meta name=\"twitter:label1\" content=\"Escrito por\" \/>\n\t<meta name=\"twitter:data1\" content=\"AFP\" \/>\n\t<meta name=\"twitter:label2\" content=\"Tiempo de lectura\" \/>\n\t<meta name=\"twitter:data2\" content=\"2 minutos\" \/>\n<script type=\"application\/ld+json\" class=\"yoast-schema-graph\">{\"@context\":\"https:\\\/\\\/schema.org\",\"@graph\":[{\"@type\":\"Article\",\"@id\":\"https:\\\/\\\/fuentesfidedignas.com.mx\\\/index.php\\\/2022\\\/03\\\/30\\\/academia-pidio-a-will-smith-irse-de-los-oscar-tras-cachetada-pero-se-nego\\\/#article\",\"isPartOf\":{\"@id\":\"https:\\\/\\\/fuentesfidedignas.com.mx\\\/index.php\\\/2022\\\/03\\\/30\\\/academia-pidio-a-will-smith-irse-de-los-oscar-tras-cachetada-pero-se-nego\\\/\"},\"author\":{\"name\":\"AFP\",\"@id\":\"https:\\\/\\\/fuentesfidedignas.com.mx\\\/#\\\/schema\\\/person\\\/1827b38c6cf89e1d6cc7d78ca3fae732\"},\"headline\":\"Academia pidi\u00f3 a Will Smith irse de los Oscar tras cachetada, pero se neg\u00f3\",\"datePublished\":\"2022-03-31T01:57:17+00:00\",\"mainEntityOfPage\":{\"@id\":\"https:\\\/\\\/fuentesfidedignas.com.mx\\\/index.php\\\/2022\\\/03\\\/30\\\/academia-pidio-a-will-smith-irse-de-los-oscar-tras-cachetada-pero-se-nego\\\/\"},\"wordCount\":292,\"commentCount\":0,\"publisher\":{\"@id\":\"https:\\\/\\\/fuentesfidedignas.com.mx\\\/#organization\"},\"image\":{\"@id\":\"https:\\\/\\\/fuentesfidedignas.com.mx\\\/index.php\\\/2022\\\/03\\\/30\\\/academia-pidio-a-will-smith-irse-de-los-oscar-tras-cachetada-pero-se-nego\\\/#primaryimage\"},\"thumbnailUrl\":\"https:\\\/\\\/fuentesfidedignas.com.mx\\\/wp-content\\\/uploads\\\/2022\\\/03\\\/WILL_SMITH.jpg\",\"keywords\":[\"Oscar\",\"Premios Oscar\",\"Will Smith\"],\"articleSection\":[\"NOTICIAS NACIONALES\"],\"inLanguage\":\"es\",\"potentialAction\":[{\"@type\":\"CommentAction\",\"name\":\"Comment\",\"target\":[\"https:\\\/\\\/fuentesfidedignas.com.mx\\\/index.php\\\/2022\\\/03\\\/30\\\/academia-pidio-a-will-smith-irse-de-los-oscar-tras-cachetada-pero-se-nego\\\/#respond\"]}]},{\"@type\":\"WebPage\",\"@id\":\"https:\\\/\\\/fuentesfidedignas.com.mx\\\/index.php\\\/2022\\\/03\\\/30\\\/academia-pidio-a-will-smith-irse-de-los-oscar-tras-cachetada-pero-se-nego\\\/\",\"url\":\"https:\\\/\\\/fuentesfidedignas.com.mx\\\/index.php\\\/2022\\\/03\\\/30\\\/academia-pidio-a-will-smith-irse-de-los-oscar-tras-cachetada-pero-se-nego\\\/\",\"name\":\"Academia pidi\u00f3 a Will Smith irse de los Oscar tras cachetada, pero se neg\u00f3 - Fuentes Fidedignas\",\"isPartOf\":{\"@id\":\"https:\\\/\\\/fuentesfidedignas.com.mx\\\/#website\"},\"primaryImageOfPage\":{\"@id\":\"https:\\\/\\\/fuentesfidedignas.com.mx\\\/index.php\\\/2022\\\/03\\\/30\\\/academia-pidio-a-will-smith-irse-de-los-oscar-tras-cachetada-pero-se-nego\\\/#primaryimage\"},\"image\":{\"@id\":\"https:\\\/\\\/fuentesfidedignas.com.mx\\\/index.php\\\/2022\\\/03\\\/30\\\/academia-pidio-a-will-smith-irse-de-los-oscar-tras-cachetada-pero-se-nego\\\/#primaryimage\"},\"thumbnailUrl\":\"https:\\\/\\\/fuentesfidedignas.com.mx\\\/wp-content\\\/uploads\\\/2022\\\/03\\\/WILL_SMITH.jpg\",\"datePublished\":\"2022-03-31T01:57:17+00:00\",\"breadcrumb\":{\"@id\":\"https:\\\/\\\/fuentesfidedignas.com.mx\\\/index.php\\\/2022\\\/03\\\/30\\\/academia-pidio-a-will-smith-irse-de-los-oscar-tras-cachetada-pero-se-nego\\\/#breadcrumb\"},\"inLanguage\":\"es\",\"potentialAction\":[{\"@type\":\"ReadAction\",\"target\":[\"https:\\\/\\\/fuentesfidedignas.com.mx\\\/index.php\\\/2022\\\/03\\\/30\\\/academia-pidio-a-will-smith-irse-de-los-oscar-tras-cachetada-pero-se-nego\\\/\"]}]},{\"@type\":\"ImageObject\",\"inLanguage\":\"es\",\"@id\":\"https:\\\/\\\/fuentesfidedignas.com.mx\\\/index.php\\\/2022\\\/03\\\/30\\\/academia-pidio-a-will-smith-irse-de-los-oscar-tras-cachetada-pero-se-nego\\\/#primaryimage\",\"url\":\"https:\\\/\\\/fuentesfidedignas.com.mx\\\/wp-content\\\/uploads\\\/2022\\\/03\\\/WILL_SMITH.jpg\",\"contentUrl\":\"https:\\\/\\\/fuentesfidedignas.com.mx\\\/wp-content\\\/uploads\\\/2022\\\/03\\\/WILL_SMITH.jpg\",\"width\":800,\"height\":600},{\"@type\":\"BreadcrumbList\",\"@id\":\"https:\\\/\\\/fuentesfidedignas.com.mx\\\/index.php\\\/2022\\\/03\\\/30\\\/academia-pidio-a-will-smith-irse-de-los-oscar-tras-cachetada-pero-se-nego\\\/#breadcrumb\",\"itemListElement\":[{\"@type\":\"ListItem\",\"position\":1,\"name\":\"Inicio\",\"item\":\"https:\\\/\\\/fuentesfidedignas.com.mx\\\/\"},{\"@type\":\"ListItem\",\"position\":2,\"name\":\"Academia pidi\u00f3 a Will Smith irse de los Oscar tras cachetada, pero se neg\u00f3\"}]},{\"@type\":\"WebSite\",\"@id\":\"https:\\\/\\\/fuentesfidedignas.com.mx\\\/#website\",\"url\":\"https:\\\/\\\/fuentesfidedignas.com.mx\\\/\",\"name\":\"Fuentes Fidedignas\",\"description\":\"Otro sitio realizado con WordPress\",\"publisher\":{\"@id\":\"https:\\\/\\\/fuentesfidedignas.com.mx\\\/#organization\"},\"potentialAction\":[{\"@type\":\"SearchAction\",\"target\":{\"@type\":\"EntryPoint\",\"urlTemplate\":\"https:\\\/\\\/fuentesfidedignas.com.mx\\\/?s={search_term_string}\"},\"query-input\":{\"@type\":\"PropertyValueSpecification\",\"valueRequired\":true,\"valueName\":\"search_term_string\"}}],\"inLanguage\":\"es\"},{\"@type\":\"Organization\",\"@id\":\"https:\\\/\\\/fuentesfidedignas.com.mx\\\/#organization\",\"name\":\"Fuentes Fidedignas\",\"url\":\"https:\\\/\\\/fuentesfidedignas.com.mx\\\/\",\"logo\":{\"@type\":\"ImageObject\",\"inLanguage\":\"es\",\"@id\":\"https:\\\/\\\/fuentesfidedignas.com.mx\\\/#\\\/schema\\\/logo\\\/image\\\/\",\"url\":\"https:\\\/\\\/fuentesfidedignas.com.mx\\\/wp-content\\\/uploads\\\/2021\\\/04\\\/logo-retina.png\",\"contentUrl\":\"https:\\\/\\\/fuentesfidedignas.com.mx\\\/wp-content\\\/uploads\\\/2021\\\/04\\\/logo-retina.png\",\"width\":280,\"height\":51,\"caption\":\"Fuentes Fidedignas\"},\"image\":{\"@id\":\"https:\\\/\\\/fuentesfidedignas.com.mx\\\/#\\\/schema\\\/logo\\\/image\\\/\"},\"sameAs\":[\"https:\\\/\\\/www.facebook.com\\\/Fuentes-Fidedignas-368234489921644\",\"https:\\\/\\\/x.com\\\/fidedignas\"]},{\"@type\":\"Person\",\"@id\":\"https:\\\/\\\/fuentesfidedignas.com.mx\\\/#\\\/schema\\\/person\\\/1827b38c6cf89e1d6cc7d78ca3fae732\",\"name\":\"AFP\",\"image\":{\"@type\":\"ImageObject\",\"inLanguage\":\"es\",\"@id\":\"https:\\\/\\\/secure.gravatar.com\\\/avatar\\\/236827d2ee9bf15e1ea99e0c1cd1b467cffa55e324d177638d0f8de7950cbae6?s=96&d=mm&r=g\",\"url\":\"https:\\\/\\\/secure.gravatar.com\\\/avatar\\\/236827d2ee9bf15e1ea99e0c1cd1b467cffa55e324d177638d0f8de7950cbae6?s=96&d=mm&r=g\",\"contentUrl\":\"https:\\\/\\\/secure.gravatar.com\\\/avatar\\\/236827d2ee9bf15e1ea99e0c1cd1b467cffa55e324d177638d0f8de7950cbae6?s=96&d=mm&r=g\",\"caption\":\"AFP\"},\"url\":\"https:\\\/\\\/fuentesfidedignas.com.mx\\\/index.php\\\/author\\\/afp\\\/\"}]}<\/script>\n<!-- \/ Yoast SEO plugin. -->","yoast_head_json":{"title":"Academia pidi\u00f3 a Will Smith irse de los Oscar tras cachetada, pero se neg\u00f3 - Fuentes Fidedignas","robots":{"index":"index","follow":"follow","max-snippet":"max-snippet:-1","max-image-preview":"max-image-preview:large","max-video-preview":"max-video-preview:-1"},"canonical":"https:\/\/fuentesfidedignas.com.mx\/index.php\/2022\/03\/30\/academia-pidio-a-will-smith-irse-de-los-oscar-tras-cachetada-pero-se-nego\/","og_locale":"es_MX","og_type":"article","og_title":"Academia pidi\u00f3 a Will Smith irse de los Oscar tras cachetada, pero se neg\u00f3 - Fuentes Fidedignas","og_description":"El actor Will Smith se neg\u00f3 a abandonar la ceremonia de los premios Oscar despu\u00e9s de haberle dado una cachetada a Chris Rock. Estado Unidos.- El actor Will Smith se neg\u00f3 a abandonar la ceremonia de los Oscar despu\u00e9s de agredir a Chris Rock, seg\u00fan un comunicado difundido este mi\u00e9rcoles por la Academia de Artes [&hellip;]","og_url":"https:\/\/fuentesfidedignas.com.mx\/index.php\/2022\/03\/30\/academia-pidio-a-will-smith-irse-de-los-oscar-tras-cachetada-pero-se-nego\/","og_site_name":"Fuentes Fidedignas","article_publisher":"https:\/\/www.facebook.com\/Fuentes-Fidedignas-368234489921644","article_published_time":"2022-03-31T01:57:17+00:00","og_image":[{"width":800,"height":600,"url":"https:\/\/fuentesfidedignas.com.mx\/wp-content\/uploads\/2022\/03\/WILL_SMITH.jpg","type":"image\/jpeg"}],"author":"AFP","twitter_card":"summary_large_image","twitter_creator":"@fidedignas","twitter_site":"@fidedignas","twitter_misc":{"Escrito por":"AFP","Tiempo de lectura":"2 minutos"},"schema":{"@context":"https:\/\/schema.org","@graph":[{"@type":"Article","@id":"https:\/\/fuentesfidedignas.com.mx\/index.php\/2022\/03\/30\/academia-pidio-a-will-smith-irse-de-los-oscar-tras-cachetada-pero-se-nego\/#article","isPartOf":{"@id":"https:\/\/fuentesfidedignas.com.mx\/index.php\/2022\/03\/30\/academia-pidio-a-will-smith-irse-de-los-oscar-tras-cachetada-pero-se-nego\/"},"author":{"name":"AFP","@id":"https:\/\/fuentesfidedignas.com.mx\/#\/schema\/person\/1827b38c6cf89e1d6cc7d78ca3fae732"},"headline":"Academia pidi\u00f3 a Will Smith irse de los Oscar tras cachetada, pero se neg\u00f3","datePublished":"2022-03-31T01:57:17+00:00","mainEntityOfPage":{"@id":"https:\/\/fuentesfidedignas.com.mx\/index.php\/2022\/03\/30\/academia-pidio-a-will-smith-irse-de-los-oscar-tras-cachetada-pero-se-nego\/"},"wordCount":292,"commentCount":0,"publisher":{"@id":"https:\/\/fuentesfidedignas.com.mx\/#organization"},"image":{"@id":"https:\/\/fuentesfidedignas.com.mx\/index.php\/2022\/03\/30\/academia-pidio-a-will-smith-irse-de-los-oscar-tras-cachetada-pero-se-nego\/#primaryimage"},"thumbnailUrl":"https:\/\/fuentesfidedignas.com.mx\/wp-content\/uploads\/2022\/03\/WILL_SMITH.jpg","keywords":["Oscar","Premios Oscar","Will Smith"],"articleSection":["NOTICIAS NACIONALES"],"inLanguage":"es","potentialAction":[{"@type":"CommentAction","name":"Comment","target":["https:\/\/fuentesfidedignas.com.mx\/index.php\/2022\/03\/30\/academia-pidio-a-will-smith-irse-de-los-oscar-tras-cachetada-pero-se-nego\/#respond"]}]},{"@type":"WebPage","@id":"https:\/\/fuentesfidedignas.com.mx\/index.php\/2022\/03\/30\/academia-pidio-a-will-smith-irse-de-los-oscar-tras-cachetada-pero-se-nego\/","url":"https:\/\/fuentesfidedignas.com.mx\/index.php\/2022\/03\/30\/academia-pidio-a-will-smith-irse-de-los-oscar-tras-cachetada-pero-se-nego\/","name":"Academia pidi\u00f3 a Will Smith irse de los Oscar tras cachetada, pero se neg\u00f3 - Fuentes Fidedignas","isPartOf":{"@id":"https:\/\/fuentesfidedignas.com.mx\/#website"},"primaryImageOfPage":{"@id":"https:\/\/fuentesfidedignas.com.mx\/index.php\/2022\/03\/30\/academia-pidio-a-will-smith-irse-de-los-oscar-tras-cachetada-pero-se-nego\/#primaryimage"},"image":{"@id":"https:\/\/fuentesfidedignas.com.mx\/index.php\/2022\/03\/30\/academia-pidio-a-will-smith-irse-de-los-oscar-tras-cachetada-pero-se-nego\/#primaryimage"},"thumbnailUrl":"https:\/\/fuentesfidedignas.com.mx\/wp-content\/uploads\/2022\/03\/WILL_SMITH.jpg","datePublished":"2022-03-31T01:57:17+00:00","breadcrumb":{"@id":"https:\/\/fuentesfidedignas.com.mx\/index.php\/2022\/03\/30\/academia-pidio-a-will-smith-irse-de-los-oscar-tras-cachetada-pero-se-nego\/#breadcrumb"},"inLanguage":"es","potentialAction":[{"@type":"ReadAction","target":["https:\/\/fuentesfidedignas.com.mx\/index.php\/2022\/03\/30\/academia-pidio-a-will-smith-irse-de-los-oscar-tras-cachetada-pero-se-nego\/"]}]},{"@type":"ImageObject","inLanguage":"es","@id":"https:\/\/fuentesfidedignas.com.mx\/index.php\/2022\/03\/30\/academia-pidio-a-will-smith-irse-de-los-oscar-tras-cachetada-pero-se-nego\/#primaryimage","url":"https:\/\/fuentesfidedignas.com.mx\/wp-content\/uploads\/2022\/03\/WILL_SMITH.jpg","contentUrl":"https:\/\/fuentesfidedignas.com.mx\/wp-content\/uploads\/2022\/03\/WILL_SMITH.jpg","width":800,"height":600},{"@type":"BreadcrumbList","@id":"https:\/\/fuentesfidedignas.com.mx\/index.php\/2022\/03\/30\/academia-pidio-a-will-smith-irse-de-los-oscar-tras-cachetada-pero-se-nego\/#breadcrumb","itemListElement":[{"@type":"ListItem","position":1,"name":"Inicio","item":"https:\/\/fuentesfidedignas.com.mx\/"},{"@type":"ListItem","position":2,"name":"Academia pidi\u00f3 a Will Smith irse de los Oscar tras cachetada, pero se neg\u00f3"}]},{"@type":"WebSite","@id":"https:\/\/fuentesfidedignas.com.mx\/#website","url":"https:\/\/fuentesfidedignas.com.mx\/","name":"Fuentes Fidedignas","description":"Otro sitio realizado con WordPress","publisher":{"@id":"https:\/\/fuentesfidedignas.com.mx\/#organization"},"potentialAction":[{"@type":"SearchAction","target":{"@type":"EntryPoint","urlTemplate":"https:\/\/fuentesfidedignas.com.mx\/?s={search_term_string}"},"query-input":{"@type":"PropertyValueSpecification","valueRequired":true,"valueName":"search_term_string"}}],"inLanguage":"es"},{"@type":"Organization","@id":"https:\/\/fuentesfidedignas.com.mx\/#organization","name":"Fuentes Fidedignas","url":"https:\/\/fuentesfidedignas.com.mx\/","logo":{"@type":"ImageObject","inLanguage":"es","@id":"https:\/\/fuentesfidedignas.com.mx\/#\/schema\/logo\/image\/","url":"https:\/\/fuentesfidedignas.com.mx\/wp-content\/uploads\/2021\/04\/logo-retina.png","contentUrl":"https:\/\/fuentesfidedignas.com.mx\/wp-content\/uploads\/2021\/04\/logo-retina.png","width":280,"height":51,"caption":"Fuentes Fidedignas"},"image":{"@id":"https:\/\/fuentesfidedignas.com.mx\/#\/schema\/logo\/image\/"},"sameAs":["https:\/\/www.facebook.com\/Fuentes-Fidedignas-368234489921644","https:\/\/x.com\/fidedignas"]},{"@type":"Person","@id":"https:\/\/fuentesfidedignas.com.mx\/#\/schema\/person\/1827b38c6cf89e1d6cc7d78ca3fae732","name":"AFP","image":{"@type":"ImageObject","inLanguage":"es","@id":"https:\/\/secure.gravatar.com\/avatar\/236827d2ee9bf15e1ea99e0c1cd1b467cffa55e324d177638d0f8de7950cbae6?s=96&d=mm&r=g","url":"https:\/\/secure.gravatar.com\/avatar\/236827d2ee9bf15e1ea99e0c1cd1b467cffa55e324d177638d0f8de7950cbae6?s=96&d=mm&r=g","contentUrl":"https:\/\/secure.gravatar.com\/avatar\/236827d2ee9bf15e1ea99e0c1cd1b467cffa55e324d177638d0f8de7950cbae6?s=96&d=mm&r=g","caption":"AFP"},"url":"https:\/\/fuentesfidedignas.com.mx\/index.php\/author\/afp\/"}]}},"_links":{"self":[{"href":"https:\/\/fuentesfidedignas.com.mx\/index.php\/wp-json\/wp\/v2\/posts\/27359","targetHints":{"allow":["GET"]}}],"collection":[{"href":"https:\/\/fuentesfidedignas.com.mx\/index.php\/wp-json\/wp\/v2\/posts"}],"about":[{"href":"https:\/\/fuentesfidedignas.com.mx\/index.php\/wp-json\/wp\/v2\/types\/post"}],"author":[{"embeddable":true,"href":"https:\/\/fuentesfidedignas.com.mx\/index.php\/wp-json\/wp\/v2\/users\/12"}],"replies":[{"embeddable":true,"href":"https:\/\/fuentesfidedignas.com.mx\/index.php\/wp-json\/wp\/v2\/comments?post=27359"}],"version-history":[{"count":1,"href":"https:\/\/fuentesfidedignas.com.mx\/index.php\/wp-json\/wp\/v2\/posts\/27359\/revisions"}],"predecessor-version":[{"id":27361,"href":"https:\/\/fuentesfidedignas.com.mx\/index.php\/wp-json\/wp\/v2\/posts\/27359\/revisions\/27361"}],"wp:featuredmedia":[{"embeddable":true,"href":"https:\/\/fuentesfidedignas.com.mx\/index.php\/wp-json\/wp\/v2\/media\/27360"}],"wp:attachment":[{"href":"https:\/\/fuentesfidedignas.com.mx\/index.php\/wp-json\/wp\/v2\/media?parent=27359"}],"wp:term":[{"taxonomy":"category","embeddable":true,"href":"https:\/\/fuentesfidedignas.com.mx\/index.php\/wp-json\/wp\/v2\/categories?post=27359"},{"taxonomy":"post_tag","embeddable":true,"href":"https:\/\/fuentesfidedignas.com.mx\/index.php\/wp-json\/wp\/v2\/tags?post=27359"}],"curies":[{"name":"wp","href":"https:\/\/api.w.org\/{rel}","templated":true}]}}