{"id":27353,"date":"2022-03-31T00:42:00","date_gmt":"2022-03-31T07:42:00","guid":{"rendered":"https:\/\/fuentesfidedignas.com.mx\/?p=27353"},"modified":"2022-03-30T18:45:55","modified_gmt":"2022-03-31T01:45:55","slug":"las-batallas-de-jada-pinkett-smith-violencia-adicciones-y-alopecia","status":"publish","type":"post","link":"https:\/\/fuentesfidedignas.com.mx\/index.php\/2022\/03\/31\/las-batallas-de-jada-pinkett-smith-violencia-adicciones-y-alopecia\/","title":{"rendered":"Las batallas de Jada Pinkett Smith: Violencia, adicciones y alopecia"},"content":{"rendered":"\n<p><strong><em>En sus primeros a\u00f1os de vida, Jada vivi\u00f3 de cerca la violencia; despu\u00e9s batall\u00f3 con su adicci\u00f3n al sexo, al ejercicio y al alcohol<\/em><\/strong><\/p>\n\n\n\n<p>Jada Pinkett se vio arrastrada al centro de la pol\u00e9mica en la \u00faltima edici\u00f3n de los Oscar cuando Chris Rock hizo lo que para unos fue una broma desafortunada y para otros una burla hiriente sobre su cabeza rapada y su marido, Will Smith, subi\u00f3 al escenario para darle un bofet\u00f3n. Tras el bochornoso espect\u00e1culo con trasfondo machista, se ha hablado de la relaci\u00f3n y la lucha de Pinkett con la alopecia.<\/p>\n\n\n\n<p>La actriz, que comenz\u00f3 su carrera en los noventa, ha hablado abiertamente sobre esta afecci\u00f3n y otros desaf\u00edos y dificultades de su vida a lo largo de los a\u00f1os.<\/p>\n\n\n\n<p>Pinkett naci\u00f3 en 1971, en Baltimore, Estados Unidos. Su madre era muy joven cuando se qued\u00f3 embarazada de ella. \u201cSab\u00eda que mi madre y mi padre ten\u00edan una relaci\u00f3n muy violenta desde el principio\u201d, dijo Pinkett en 2018 en \u201cRed Table Talk\u201d, programa que comparte con su hija y su madre.<\/p>\n\n\n\n<p>\u201cElla tiene un par de cicatrices en su cuerpo que yo, de ni\u00f1a era simplemente curiosa, le dec\u00eda como \u2018Oh, mami, \u00bfqu\u00e9 es eso?\u2019\u201d, continu\u00f3.<\/p>\n\n\n\n<p>\u201cUna vez me puso un ojo morado y trat\u00e9 de ocult\u00e1rselo a mam\u00e1, pero ella lo vio\u201d, dijo Adrienne Banfield-Norris, la madre de la actriz, seg\u00fan recogi\u00f3 Entertainment Tonight online. Y tambi\u00e9n habl\u00f3 del momento en el que dijo basta. \u201cPero s\u00e9 cu\u00e1ndo ya es suficiente y tienes que salir de ah\u00ed. Y en realidad corr\u00ed por mi vida\u201d, cont\u00f3.<\/p>\n\n\n\n<p>Pinkett se crio en un barrio de Baltimore llamado Park Heights. \u201cCuando pienso en qui\u00e9n era, viviendo en Baltimore y cu\u00e1les eran mis ideas de supervivencia, y el tipo de actividades en las que estaba involucrada a los trece a\u00f1os\u2026 Iba a ir a la c\u00e1rcel o iba a ver una tumba. Esas eran mis dos opciones, porque te quedas atrapada en una mentalidad\u201d, coment\u00f3 Pinkett a American Way, seg\u00fan se hizo eco la edici\u00f3n estadounidense del Huffington Post.<\/p>\n\n\n\n<p>All\u00ed asisti\u00f3 al Baltimore School for the Arts, cuyos pasillos comparti\u00f3 con el rapero Tupac Shakur, asesinado en 1996, de quien era amiga. A pesar de las dificultades, Pinkett est\u00e1 agradecida por haber crecido en el lugar en el que lo hizo. \u201cCuando veo mi adolescencia y todo lo que ocurri\u00f3 all\u00ed, estoy muy agradecida de la adversidad que pas\u00e9 porque cuando vine a Los \u00c1ngeles fue pan comido\u201d, coment\u00f3 Pinkett en un v\u00eddeo de la iniciativa Makers.<\/p>\n\n\n\n<p>La actriz se mud\u00f3 a la ciudad para labrarse una carrera en la interpretaci\u00f3n tras estudiar un a\u00f1o en la North Carolina School of Arts. En 1991 lleg\u00f3 su gran oportunidad en la serie \u201cA Different World\u201d. \u201cRealmente me puso en el mapa. Fue el primer papel que tuve que me proporcion\u00f3 la exposici\u00f3n que me dio las oportunidades de protagonizar pel\u00edculas\u201d, dijo a Entertainment Weekly.<\/p>\n\n\n\n<p><strong>Contras las adicciones<\/strong><br>A este t\u00edtulo le siguieron otros en los noventa y los dos mil como \u201cMenace II Society\u201d, \u201cThe Nutty Professor\u201d, \u201cReturn To Paradise\u201d, \u201cAli\u201d, \u201cThe Matrix Reloaded\u201d, \u201cThe Matrix Revolutions\u201d, \u201cCollateral\u201d y \u201cThe Women\u201d, entre otras. Ya en la segunda d\u00e9cada del nuevo milenio, form\u00f3 parte del reparto de otros proyectos como \u201cMagic Mike XXL\u201d, \u201cBad Moms\u201d y \u201cGotham\u201d, entre otros. Tambi\u00e9n ha participado en la reciente \u201cThe Matrix Ressurrections\u201d.<\/p>\n\n\n\n<p>Pinkett ha hablado abiertamente en diferentes ocasiones de las dificultades que ha atravesado y de aspectos de su vida privada, como las adiciones a las que hizo frente.<\/p>\n\n\n\n<p>\u201cMira, yo tambi\u00e9n era una borracha violenta, por eso tuve que dejar de beber\u201d, dijo en el episodio, mencionado anteriormente, en el que hablaron de la violencia machista que su padre ejerci\u00f3 sobre su madre.<\/p>\n\n\n\n<p>\u201cTuve mis propias adicciones que tuve que superar\u201d, dijo en otra cita de su programa. \u201cMe hizo darme cuenta de que gente realmente genial se queda atrapada\u201d, a\u00f1adi\u00f3. \u201cCuando era m\u00e1s joven, definitivamente creo que ten\u00eda alg\u00fan tipo de adicci\u00f3n al sexo, s\u00ed, que todo pod\u00eda arreglarse con el sexo\u201d, se sincer\u00f3 la actriz. \u201cLuego me convert\u00ed en una adicta al gimnasio\u201d.<\/p>\n\n\n\n<p>En otro momento de su vida, relat\u00f3, se dio cuenta de tener un problema con el consumo de alcohol. \u201cRecuerdo haber tocado fondo una vez que estaba sola en casa y tom\u00e9 dos botellas de vino e iba a por una tercera\u201d, record\u00f3. \u201cY fue como: \u2018Espera. \u00bfEst\u00e1s en esta casa sola yendo a por tu tercera botella de vino? Puede que tengas un problema\u201d.<\/p>\n\n\n\n<p>En 2018, Pinkett hizo p\u00fablico que le hab\u00edan diagnosticado alopecia, ca\u00edda o p\u00e9rdida patol\u00f3gica del cabello, una condici\u00f3n altamente estigmatizada en mujeres. \u201cHe estado recibiendo muchas preguntas sobre por qu\u00e9 he estado llevando este turbante. Bueno, he estado teniendo problemas con p\u00e9rdida de cabello\u201d, revel\u00f3 entonces Pinkett en su programa.<\/p>\n\n\n\n<p>\u201cFue aterrador cuando empez\u00f3. Estaba en la ducha un d\u00eda y ten\u00eda la mano llena de pelo y fue como \u2018Oh, Dios m\u00edo, \u00bfme estoy quedando calva?\u201d, record\u00f3 entonces Pinkett. \u201cWillow [su hija] me hizo hacerlo porque era hora de dejarlo ir\u201d, escribi\u00f3 en una foto publicada el a\u00f1o pasado en una red social en la que se mostr\u00f3 con el pelo rapado, que mantiene hasta hoy.<\/p>\n\n\n\n<p><strong>Su relaci\u00f3n con Will Smith<\/strong><br>Pinkett est\u00e1 casada desde diciembre de 1997 con el actor Will Smith, al que conoci\u00f3 cuando hizo una prueba para \u201cThe Fresh Prince\u201d en 1994. En 1998, naci\u00f3 su primer hijo en com\u00fan, Jaden, segundo para Smith, que ten\u00eda otro de una relaci\u00f3n anterior. Dos a\u00f1os despu\u00e9s, lleg\u00f3 al mundo su hija Willow.<\/p>\n\n\n\n<p>Su relaci\u00f3n tambi\u00e9n ha sido objeto de escrutinio a golpe de rumores de infidelidad, separaciones y sobre la naturaleza de su matrimonio. En 2013, la actriz escribi\u00f3 un post en una red social que comenzaba con la pregunta \u00bfmatrimonio abierto? \u201cAs\u00ed es como voy a cambiar mi declaraci\u00f3n. Will y yo, ambos, podemos hacer lo que queramos, porque confiamos el uno en el otro para hacerlo. Esto no significa que tengamos una relaci\u00f3n abierta, esto significa que tenemos una relaci\u00f3n adulta\u201d.<\/p>\n\n\n\n<p>En septiembre de 2021, Smith habl\u00f3 sobre esto en una entrevista con la edici\u00f3n estadounidense de GQ. \u201cNos hemos dado confianza y libertad el uno al otro, con la creencia de que cada uno tiene que encontrar su propio camino. Y el matrimonio no puede ser una prisi\u00f3n para nosotros\u201d, dijo el actor a la revista.<\/p>\n","protected":false},"excerpt":{"rendered":"<p>En sus primeros a\u00f1os de vida, Jada vivi\u00f3 de cerca la violencia; despu\u00e9s batall\u00f3 con su adicci\u00f3n al sexo, al ejercicio y al alcohol Jada Pinkett se vio arrastrada al centro de la pol\u00e9mica en la \u00faltima edici\u00f3n de los Oscar cuando Chris Rock hizo lo que para unos fue una broma desafortunada y para [&hellip;]<\/p>\n","protected":false},"author":39,"featured_media":27354,"comment_status":"open","ping_status":"open","sticky":false,"template":"","format":"standard","meta":{"tdm_status":"","tdm_grid_status":"","footnotes":""},"categories":[34,36],"tags":[],"class_list":{"0":"post-27353","1":"post","2":"type-post","3":"status-publish","4":"format-standard","5":"has-post-thumbnail","7":"category-combate-a-adicciones","8":"category-semanales"},"yoast_head":"<!-- This site is optimized with the Yoast SEO plugin v27.5 - https:\/\/yoast.com\/product\/yoast-seo-wordpress\/ -->\n<title>Las batallas de Jada Pinkett Smith: Violencia, adicciones y alopecia - Fuentes Fidedignas<\/title>\n<meta name=\"robots\" content=\"index, follow, max-snippet:-1, max-image-preview:large, max-video-preview:-1\" \/>\n<link rel=\"canonical\" href=\"https:\/\/fuentesfidedignas.com.mx\/index.php\/2022\/03\/31\/las-batallas-de-jada-pinkett-smith-violencia-adicciones-y-alopecia\/\" \/>\n<meta property=\"og:locale\" content=\"es_MX\" \/>\n<meta property=\"og:type\" content=\"article\" \/>\n<meta property=\"og:title\" content=\"Las batallas de Jada Pinkett Smith: Violencia, adicciones y alopecia - Fuentes Fidedignas\" \/>\n<meta property=\"og:description\" content=\"En sus primeros a\u00f1os de vida, Jada vivi\u00f3 de cerca la violencia; despu\u00e9s batall\u00f3 con su adicci\u00f3n al sexo, al ejercicio y al alcohol Jada Pinkett se vio arrastrada al centro de la pol\u00e9mica en la \u00faltima edici\u00f3n de los Oscar cuando Chris Rock hizo lo que para unos fue una broma desafortunada y para [&hellip;]\" \/>\n<meta property=\"og:url\" content=\"https:\/\/fuentesfidedignas.com.mx\/index.php\/2022\/03\/31\/las-batallas-de-jada-pinkett-smith-violencia-adicciones-y-alopecia\/\" \/>\n<meta property=\"og:site_name\" content=\"Fuentes Fidedignas\" \/>\n<meta property=\"article:publisher\" content=\"https:\/\/www.facebook.com\/Fuentes-Fidedignas-368234489921644\" \/>\n<meta property=\"article:published_time\" content=\"2022-03-31T07:42:00+00:00\" \/>\n<meta property=\"og:image\" content=\"https:\/\/fuentesfidedignas.com.mx\/wp-content\/uploads\/2022\/03\/JADA.jpg\" \/>\n\t<meta property=\"og:image:width\" content=\"1317\" \/>\n\t<meta property=\"og:image:height\" content=\"810\" \/>\n\t<meta property=\"og:image:type\" content=\"image\/jpeg\" \/>\n<meta name=\"author\" content=\"El Universal\" \/>\n<meta name=\"twitter:card\" content=\"summary_large_image\" \/>\n<meta name=\"twitter:creator\" content=\"@fidedignas\" \/>\n<meta name=\"twitter:site\" content=\"@fidedignas\" \/>\n<meta name=\"twitter:label1\" content=\"Escrito por\" \/>\n\t<meta name=\"twitter:data1\" content=\"El Universal\" \/>\n\t<meta name=\"twitter:label2\" content=\"Tiempo de lectura\" \/>\n\t<meta name=\"twitter:data2\" content=\"5 minutos\" \/>\n<script type=\"application\/ld+json\" class=\"yoast-schema-graph\">{\"@context\":\"https:\\\/\\\/schema.org\",\"@graph\":[{\"@type\":\"Article\",\"@id\":\"https:\\\/\\\/fuentesfidedignas.com.mx\\\/index.php\\\/2022\\\/03\\\/31\\\/las-batallas-de-jada-pinkett-smith-violencia-adicciones-y-alopecia\\\/#article\",\"isPartOf\":{\"@id\":\"https:\\\/\\\/fuentesfidedignas.com.mx\\\/index.php\\\/2022\\\/03\\\/31\\\/las-batallas-de-jada-pinkett-smith-violencia-adicciones-y-alopecia\\\/\"},\"author\":{\"name\":\"El Universal\",\"@id\":\"https:\\\/\\\/fuentesfidedignas.com.mx\\\/#\\\/schema\\\/person\\\/fee3882e65fd0510d292c43a346d35d7\"},\"headline\":\"Las batallas de Jada Pinkett Smith: Violencia, adicciones y alopecia\",\"datePublished\":\"2022-03-31T07:42:00+00:00\",\"mainEntityOfPage\":{\"@id\":\"https:\\\/\\\/fuentesfidedignas.com.mx\\\/index.php\\\/2022\\\/03\\\/31\\\/las-batallas-de-jada-pinkett-smith-violencia-adicciones-y-alopecia\\\/\"},\"wordCount\":1125,\"commentCount\":0,\"publisher\":{\"@id\":\"https:\\\/\\\/fuentesfidedignas.com.mx\\\/#organization\"},\"image\":{\"@id\":\"https:\\\/\\\/fuentesfidedignas.com.mx\\\/index.php\\\/2022\\\/03\\\/31\\\/las-batallas-de-jada-pinkett-smith-violencia-adicciones-y-alopecia\\\/#primaryimage\"},\"thumbnailUrl\":\"https:\\\/\\\/fuentesfidedignas.com.mx\\\/wp-content\\\/uploads\\\/2022\\\/03\\\/JADA.jpg\",\"articleSection\":[\"COMBATE A ADICCIONES\",\"SEMANALES\"],\"inLanguage\":\"es\",\"potentialAction\":[{\"@type\":\"CommentAction\",\"name\":\"Comment\",\"target\":[\"https:\\\/\\\/fuentesfidedignas.com.mx\\\/index.php\\\/2022\\\/03\\\/31\\\/las-batallas-de-jada-pinkett-smith-violencia-adicciones-y-alopecia\\\/#respond\"]}]},{\"@type\":\"WebPage\",\"@id\":\"https:\\\/\\\/fuentesfidedignas.com.mx\\\/index.php\\\/2022\\\/03\\\/31\\\/las-batallas-de-jada-pinkett-smith-violencia-adicciones-y-alopecia\\\/\",\"url\":\"https:\\\/\\\/fuentesfidedignas.com.mx\\\/index.php\\\/2022\\\/03\\\/31\\\/las-batallas-de-jada-pinkett-smith-violencia-adicciones-y-alopecia\\\/\",\"name\":\"Las batallas de Jada Pinkett Smith: Violencia, adicciones y alopecia - Fuentes Fidedignas\",\"isPartOf\":{\"@id\":\"https:\\\/\\\/fuentesfidedignas.com.mx\\\/#website\"},\"primaryImageOfPage\":{\"@id\":\"https:\\\/\\\/fuentesfidedignas.com.mx\\\/index.php\\\/2022\\\/03\\\/31\\\/las-batallas-de-jada-pinkett-smith-violencia-adicciones-y-alopecia\\\/#primaryimage\"},\"image\":{\"@id\":\"https:\\\/\\\/fuentesfidedignas.com.mx\\\/index.php\\\/2022\\\/03\\\/31\\\/las-batallas-de-jada-pinkett-smith-violencia-adicciones-y-alopecia\\\/#primaryimage\"},\"thumbnailUrl\":\"https:\\\/\\\/fuentesfidedignas.com.mx\\\/wp-content\\\/uploads\\\/2022\\\/03\\\/JADA.jpg\",\"datePublished\":\"2022-03-31T07:42:00+00:00\",\"breadcrumb\":{\"@id\":\"https:\\\/\\\/fuentesfidedignas.com.mx\\\/index.php\\\/2022\\\/03\\\/31\\\/las-batallas-de-jada-pinkett-smith-violencia-adicciones-y-alopecia\\\/#breadcrumb\"},\"inLanguage\":\"es\",\"potentialAction\":[{\"@type\":\"ReadAction\",\"target\":[\"https:\\\/\\\/fuentesfidedignas.com.mx\\\/index.php\\\/2022\\\/03\\\/31\\\/las-batallas-de-jada-pinkett-smith-violencia-adicciones-y-alopecia\\\/\"]}]},{\"@type\":\"ImageObject\",\"inLanguage\":\"es\",\"@id\":\"https:\\\/\\\/fuentesfidedignas.com.mx\\\/index.php\\\/2022\\\/03\\\/31\\\/las-batallas-de-jada-pinkett-smith-violencia-adicciones-y-alopecia\\\/#primaryimage\",\"url\":\"https:\\\/\\\/fuentesfidedignas.com.mx\\\/wp-content\\\/uploads\\\/2022\\\/03\\\/JADA.jpg\",\"contentUrl\":\"https:\\\/\\\/fuentesfidedignas.com.mx\\\/wp-content\\\/uploads\\\/2022\\\/03\\\/JADA.jpg\",\"width\":1317,\"height\":810},{\"@type\":\"BreadcrumbList\",\"@id\":\"https:\\\/\\\/fuentesfidedignas.com.mx\\\/index.php\\\/2022\\\/03\\\/31\\\/las-batallas-de-jada-pinkett-smith-violencia-adicciones-y-alopecia\\\/#breadcrumb\",\"itemListElement\":[{\"@type\":\"ListItem\",\"position\":1,\"name\":\"Inicio\",\"item\":\"https:\\\/\\\/fuentesfidedignas.com.mx\\\/\"},{\"@type\":\"ListItem\",\"position\":2,\"name\":\"Las batallas de Jada Pinkett Smith: Violencia, adicciones y alopecia\"}]},{\"@type\":\"WebSite\",\"@id\":\"https:\\\/\\\/fuentesfidedignas.com.mx\\\/#website\",\"url\":\"https:\\\/\\\/fuentesfidedignas.com.mx\\\/\",\"name\":\"Fuentes Fidedignas\",\"description\":\"Otro sitio realizado con WordPress\",\"publisher\":{\"@id\":\"https:\\\/\\\/fuentesfidedignas.com.mx\\\/#organization\"},\"potentialAction\":[{\"@type\":\"SearchAction\",\"target\":{\"@type\":\"EntryPoint\",\"urlTemplate\":\"https:\\\/\\\/fuentesfidedignas.com.mx\\\/?s={search_term_string}\"},\"query-input\":{\"@type\":\"PropertyValueSpecification\",\"valueRequired\":true,\"valueName\":\"search_term_string\"}}],\"inLanguage\":\"es\"},{\"@type\":\"Organization\",\"@id\":\"https:\\\/\\\/fuentesfidedignas.com.mx\\\/#organization\",\"name\":\"Fuentes Fidedignas\",\"url\":\"https:\\\/\\\/fuentesfidedignas.com.mx\\\/\",\"logo\":{\"@type\":\"ImageObject\",\"inLanguage\":\"es\",\"@id\":\"https:\\\/\\\/fuentesfidedignas.com.mx\\\/#\\\/schema\\\/logo\\\/image\\\/\",\"url\":\"https:\\\/\\\/fuentesfidedignas.com.mx\\\/wp-content\\\/uploads\\\/2021\\\/04\\\/logo-retina.png\",\"contentUrl\":\"https:\\\/\\\/fuentesfidedignas.com.mx\\\/wp-content\\\/uploads\\\/2021\\\/04\\\/logo-retina.png\",\"width\":280,\"height\":51,\"caption\":\"Fuentes Fidedignas\"},\"image\":{\"@id\":\"https:\\\/\\\/fuentesfidedignas.com.mx\\\/#\\\/schema\\\/logo\\\/image\\\/\"},\"sameAs\":[\"https:\\\/\\\/www.facebook.com\\\/Fuentes-Fidedignas-368234489921644\",\"https:\\\/\\\/x.com\\\/fidedignas\"]},{\"@type\":\"Person\",\"@id\":\"https:\\\/\\\/fuentesfidedignas.com.mx\\\/#\\\/schema\\\/person\\\/fee3882e65fd0510d292c43a346d35d7\",\"name\":\"El Universal\",\"image\":{\"@type\":\"ImageObject\",\"inLanguage\":\"es\",\"@id\":\"https:\\\/\\\/secure.gravatar.com\\\/avatar\\\/1ebc94d82b6c3c081781f73e5b76a0d0c1ac7bf8e57426f18802246eeaa2747c?s=96&d=mm&r=g\",\"url\":\"https:\\\/\\\/secure.gravatar.com\\\/avatar\\\/1ebc94d82b6c3c081781f73e5b76a0d0c1ac7bf8e57426f18802246eeaa2747c?s=96&d=mm&r=g\",\"contentUrl\":\"https:\\\/\\\/secure.gravatar.com\\\/avatar\\\/1ebc94d82b6c3c081781f73e5b76a0d0c1ac7bf8e57426f18802246eeaa2747c?s=96&d=mm&r=g\",\"caption\":\"El Universal\"},\"url\":\"https:\\\/\\\/fuentesfidedignas.com.mx\\\/index.php\\\/author\\\/el-universal\\\/\"}]}<\/script>\n<!-- \/ Yoast SEO plugin. -->","yoast_head_json":{"title":"Las batallas de Jada Pinkett Smith: Violencia, adicciones y alopecia - Fuentes Fidedignas","robots":{"index":"index","follow":"follow","max-snippet":"max-snippet:-1","max-image-preview":"max-image-preview:large","max-video-preview":"max-video-preview:-1"},"canonical":"https:\/\/fuentesfidedignas.com.mx\/index.php\/2022\/03\/31\/las-batallas-de-jada-pinkett-smith-violencia-adicciones-y-alopecia\/","og_locale":"es_MX","og_type":"article","og_title":"Las batallas de Jada Pinkett Smith: Violencia, adicciones y alopecia - Fuentes Fidedignas","og_description":"En sus primeros a\u00f1os de vida, Jada vivi\u00f3 de cerca la violencia; despu\u00e9s batall\u00f3 con su adicci\u00f3n al sexo, al ejercicio y al alcohol Jada Pinkett se vio arrastrada al centro de la pol\u00e9mica en la \u00faltima edici\u00f3n de los Oscar cuando Chris Rock hizo lo que para unos fue una broma desafortunada y para [&hellip;]","og_url":"https:\/\/fuentesfidedignas.com.mx\/index.php\/2022\/03\/31\/las-batallas-de-jada-pinkett-smith-violencia-adicciones-y-alopecia\/","og_site_name":"Fuentes Fidedignas","article_publisher":"https:\/\/www.facebook.com\/Fuentes-Fidedignas-368234489921644","article_published_time":"2022-03-31T07:42:00+00:00","og_image":[{"width":1317,"height":810,"url":"https:\/\/fuentesfidedignas.com.mx\/wp-content\/uploads\/2022\/03\/JADA.jpg","type":"image\/jpeg"}],"author":"El Universal","twitter_card":"summary_large_image","twitter_creator":"@fidedignas","twitter_site":"@fidedignas","twitter_misc":{"Escrito por":"El Universal","Tiempo de lectura":"5 minutos"},"schema":{"@context":"https:\/\/schema.org","@graph":[{"@type":"Article","@id":"https:\/\/fuentesfidedignas.com.mx\/index.php\/2022\/03\/31\/las-batallas-de-jada-pinkett-smith-violencia-adicciones-y-alopecia\/#article","isPartOf":{"@id":"https:\/\/fuentesfidedignas.com.mx\/index.php\/2022\/03\/31\/las-batallas-de-jada-pinkett-smith-violencia-adicciones-y-alopecia\/"},"author":{"name":"El Universal","@id":"https:\/\/fuentesfidedignas.com.mx\/#\/schema\/person\/fee3882e65fd0510d292c43a346d35d7"},"headline":"Las batallas de Jada Pinkett Smith: Violencia, adicciones y alopecia","datePublished":"2022-03-31T07:42:00+00:00","mainEntityOfPage":{"@id":"https:\/\/fuentesfidedignas.com.mx\/index.php\/2022\/03\/31\/las-batallas-de-jada-pinkett-smith-violencia-adicciones-y-alopecia\/"},"wordCount":1125,"commentCount":0,"publisher":{"@id":"https:\/\/fuentesfidedignas.com.mx\/#organization"},"image":{"@id":"https:\/\/fuentesfidedignas.com.mx\/index.php\/2022\/03\/31\/las-batallas-de-jada-pinkett-smith-violencia-adicciones-y-alopecia\/#primaryimage"},"thumbnailUrl":"https:\/\/fuentesfidedignas.com.mx\/wp-content\/uploads\/2022\/03\/JADA.jpg","articleSection":["COMBATE A ADICCIONES","SEMANALES"],"inLanguage":"es","potentialAction":[{"@type":"CommentAction","name":"Comment","target":["https:\/\/fuentesfidedignas.com.mx\/index.php\/2022\/03\/31\/las-batallas-de-jada-pinkett-smith-violencia-adicciones-y-alopecia\/#respond"]}]},{"@type":"WebPage","@id":"https:\/\/fuentesfidedignas.com.mx\/index.php\/2022\/03\/31\/las-batallas-de-jada-pinkett-smith-violencia-adicciones-y-alopecia\/","url":"https:\/\/fuentesfidedignas.com.mx\/index.php\/2022\/03\/31\/las-batallas-de-jada-pinkett-smith-violencia-adicciones-y-alopecia\/","name":"Las batallas de Jada Pinkett Smith: Violencia, adicciones y alopecia - Fuentes Fidedignas","isPartOf":{"@id":"https:\/\/fuentesfidedignas.com.mx\/#website"},"primaryImageOfPage":{"@id":"https:\/\/fuentesfidedignas.com.mx\/index.php\/2022\/03\/31\/las-batallas-de-jada-pinkett-smith-violencia-adicciones-y-alopecia\/#primaryimage"},"image":{"@id":"https:\/\/fuentesfidedignas.com.mx\/index.php\/2022\/03\/31\/las-batallas-de-jada-pinkett-smith-violencia-adicciones-y-alopecia\/#primaryimage"},"thumbnailUrl":"https:\/\/fuentesfidedignas.com.mx\/wp-content\/uploads\/2022\/03\/JADA.jpg","datePublished":"2022-03-31T07:42:00+00:00","breadcrumb":{"@id":"https:\/\/fuentesfidedignas.com.mx\/index.php\/2022\/03\/31\/las-batallas-de-jada-pinkett-smith-violencia-adicciones-y-alopecia\/#breadcrumb"},"inLanguage":"es","potentialAction":[{"@type":"ReadAction","target":["https:\/\/fuentesfidedignas.com.mx\/index.php\/2022\/03\/31\/las-batallas-de-jada-pinkett-smith-violencia-adicciones-y-alopecia\/"]}]},{"@type":"ImageObject","inLanguage":"es","@id":"https:\/\/fuentesfidedignas.com.mx\/index.php\/2022\/03\/31\/las-batallas-de-jada-pinkett-smith-violencia-adicciones-y-alopecia\/#primaryimage","url":"https:\/\/fuentesfidedignas.com.mx\/wp-content\/uploads\/2022\/03\/JADA.jpg","contentUrl":"https:\/\/fuentesfidedignas.com.mx\/wp-content\/uploads\/2022\/03\/JADA.jpg","width":1317,"height":810},{"@type":"BreadcrumbList","@id":"https:\/\/fuentesfidedignas.com.mx\/index.php\/2022\/03\/31\/las-batallas-de-jada-pinkett-smith-violencia-adicciones-y-alopecia\/#breadcrumb","itemListElement":[{"@type":"ListItem","position":1,"name":"Inicio","item":"https:\/\/fuentesfidedignas.com.mx\/"},{"@type":"ListItem","position":2,"name":"Las batallas de Jada Pinkett Smith: Violencia, adicciones y alopecia"}]},{"@type":"WebSite","@id":"https:\/\/fuentesfidedignas.com.mx\/#website","url":"https:\/\/fuentesfidedignas.com.mx\/","name":"Fuentes Fidedignas","description":"Otro sitio realizado con WordPress","publisher":{"@id":"https:\/\/fuentesfidedignas.com.mx\/#organization"},"potentialAction":[{"@type":"SearchAction","target":{"@type":"EntryPoint","urlTemplate":"https:\/\/fuentesfidedignas.com.mx\/?s={search_term_string}"},"query-input":{"@type":"PropertyValueSpecification","valueRequired":true,"valueName":"search_term_string"}}],"inLanguage":"es"},{"@type":"Organization","@id":"https:\/\/fuentesfidedignas.com.mx\/#organization","name":"Fuentes Fidedignas","url":"https:\/\/fuentesfidedignas.com.mx\/","logo":{"@type":"ImageObject","inLanguage":"es","@id":"https:\/\/fuentesfidedignas.com.mx\/#\/schema\/logo\/image\/","url":"https:\/\/fuentesfidedignas.com.mx\/wp-content\/uploads\/2021\/04\/logo-retina.png","contentUrl":"https:\/\/fuentesfidedignas.com.mx\/wp-content\/uploads\/2021\/04\/logo-retina.png","width":280,"height":51,"caption":"Fuentes Fidedignas"},"image":{"@id":"https:\/\/fuentesfidedignas.com.mx\/#\/schema\/logo\/image\/"},"sameAs":["https:\/\/www.facebook.com\/Fuentes-Fidedignas-368234489921644","https:\/\/x.com\/fidedignas"]},{"@type":"Person","@id":"https:\/\/fuentesfidedignas.com.mx\/#\/schema\/person\/fee3882e65fd0510d292c43a346d35d7","name":"El Universal","image":{"@type":"ImageObject","inLanguage":"es","@id":"https:\/\/secure.gravatar.com\/avatar\/1ebc94d82b6c3c081781f73e5b76a0d0c1ac7bf8e57426f18802246eeaa2747c?s=96&d=mm&r=g","url":"https:\/\/secure.gravatar.com\/avatar\/1ebc94d82b6c3c081781f73e5b76a0d0c1ac7bf8e57426f18802246eeaa2747c?s=96&d=mm&r=g","contentUrl":"https:\/\/secure.gravatar.com\/avatar\/1ebc94d82b6c3c081781f73e5b76a0d0c1ac7bf8e57426f18802246eeaa2747c?s=96&d=mm&r=g","caption":"El Universal"},"url":"https:\/\/fuentesfidedignas.com.mx\/index.php\/author\/el-universal\/"}]}},"_links":{"self":[{"href":"https:\/\/fuentesfidedignas.com.mx\/index.php\/wp-json\/wp\/v2\/posts\/27353","targetHints":{"allow":["GET"]}}],"collection":[{"href":"https:\/\/fuentesfidedignas.com.mx\/index.php\/wp-json\/wp\/v2\/posts"}],"about":[{"href":"https:\/\/fuentesfidedignas.com.mx\/index.php\/wp-json\/wp\/v2\/types\/post"}],"author":[{"embeddable":true,"href":"https:\/\/fuentesfidedignas.com.mx\/index.php\/wp-json\/wp\/v2\/users\/39"}],"replies":[{"embeddable":true,"href":"https:\/\/fuentesfidedignas.com.mx\/index.php\/wp-json\/wp\/v2\/comments?post=27353"}],"version-history":[{"count":1,"href":"https:\/\/fuentesfidedignas.com.mx\/index.php\/wp-json\/wp\/v2\/posts\/27353\/revisions"}],"predecessor-version":[{"id":27355,"href":"https:\/\/fuentesfidedignas.com.mx\/index.php\/wp-json\/wp\/v2\/posts\/27353\/revisions\/27355"}],"wp:featuredmedia":[{"embeddable":true,"href":"https:\/\/fuentesfidedignas.com.mx\/index.php\/wp-json\/wp\/v2\/media\/27354"}],"wp:attachment":[{"href":"https:\/\/fuentesfidedignas.com.mx\/index.php\/wp-json\/wp\/v2\/media?parent=27353"}],"wp:term":[{"taxonomy":"category","embeddable":true,"href":"https:\/\/fuentesfidedignas.com.mx\/index.php\/wp-json\/wp\/v2\/categories?post=27353"},{"taxonomy":"post_tag","embeddable":true,"href":"https:\/\/fuentesfidedignas.com.mx\/index.php\/wp-json\/wp\/v2\/tags?post=27353"}],"curies":[{"name":"wp","href":"https:\/\/api.w.org\/{rel}","templated":true}]}}