{"id":27338,"date":"2022-03-30T16:46:11","date_gmt":"2022-03-30T23:46:11","guid":{"rendered":"https:\/\/fuentesfidedignas.com.mx\/?p=27338"},"modified":"2022-03-30T16:47:43","modified_gmt":"2022-03-30T23:47:43","slug":"anuncian-pronto-inicio-del-primer-panteon-forense-en-sinaloa","status":"publish","type":"post","link":"https:\/\/fuentesfidedignas.com.mx\/index.php\/2022\/03\/30\/anuncian-pronto-inicio-del-primer-panteon-forense-en-sinaloa\/","title":{"rendered":"Anuncian pronto inicio del primer pante\u00f3n forense en Sinaloa"},"content":{"rendered":"\n<p><\/p>\n\n\n\n<p>Culiac\u00e1n, Sin. En una reuni\u00f3n que sostuvo este martes en la Ciudad de M\u00e9xico el gobernador Rub\u00e9n Rocha Moya con el subsecretario de Derechos Humanos, Poblaci\u00f3n y Migraci\u00f3n, de la Secretar\u00eda de Gobernaci\u00f3n, Alejandro Encinas Rodr\u00edguez, se acord\u00f3 iniciar en cuesti\u00f3n de d\u00edas con la construcci\u00f3n del primer pante\u00f3n forense para depositar en resguardo las osamentas que est\u00e1n en espera de que sean plenamente identificadas.<\/p>\n\n\n\n<p>El gobernador Rocha lo anunci\u00f3 durante su Conferencia Semanera celebrada en el Auditorio de Palacio de Gobierno, donde inform\u00f3 que en su segundo d\u00eda consecutivo de actividades en la Ciudad de M\u00e9xico, de este lunes y martes, se reuni\u00f3 con el subsecretario Encinas, quien le confirm\u00f3 que ya est\u00e1n disponibles los recursos para iniciar la construcci\u00f3n del primer pante\u00f3n en Culiac\u00e1n, donde ya se cuenta con un terreno para este prop\u00f3sito.<\/p>\n\n\n\n<p>De esta manera, se cumplir\u00e1 con el compromiso de habilitar en este mismo a\u00f1o un primer pante\u00f3n, de tres en total, (los otros dos ser\u00e1n en Los Mochis y Mazatl\u00e1n), compromiso que hizo el gobernador con los colectivos de madres buscadoras, o \u201crastreadoras\u201d como se hacen llamar, quienes en los \u00faltimos a\u00f1os han localizado fosas clandestinas y desenterrado osamentas o partes de restos \u00f3seos, los cuales no ten\u00edan un lugar adecuado para su resguardo mientras se segu\u00eda su proceso de identificaci\u00f3n.<\/p>\n\n\n\n<p>\u201cAyer me reun\u00ed con Alejandro Encinas y me dijo todo lo que est\u00e9 para apoyarlo. Ya tenemos el recurso para el pante\u00f3n forense, son los panteones que se requieren para que las personas, las osamentas y todo eso se tengan en resguardo, es que estamos buscando el mejor lugar\u201d, dijo.<\/p>\n\n\n\n<p>El mandatario estatal explic\u00f3 que ya se tienen contemplados dos terrenos en las cercan\u00edas del complejo de seguridad, en la sindicatura de Aguaruto, uno de los cuales es propiedad del Gobierno del Estado y el otro de un particular, el cual se tendr\u00eda que comprar, lugar donde se prev\u00e9 construir el primer pante\u00f3n en cuesti\u00f3n de d\u00edas, y adelant\u00f3 que el subsecretario Encinas le adelant\u00f3 que muy posiblemente se pueda radicar el recurso necesario para iniciar tambi\u00e9n este mismo a\u00f1o otro de los panteones en Los Mochis.<\/p>\n\n\n\n<p>A\u00f1adi\u00f3 que en esta reuni\u00f3n adem\u00e1s se avanz\u00f3 en el convenio para la construcci\u00f3n de otro Centro de Justicia para Mujeres. \u201cAyer me dijo Alejandro que ah\u00ed est\u00e1 el recurso, \u00e9se ya est\u00e1 firmado el convenio, vamos a abrir un nuevo centro de justicia para mujeres\u201d.<\/p>\n","protected":false},"excerpt":{"rendered":"<p>Culiac\u00e1n, Sin. En una reuni\u00f3n que sostuvo este martes en la Ciudad de M\u00e9xico el gobernador Rub\u00e9n Rocha Moya con el subsecretario de Derechos Humanos, Poblaci\u00f3n y Migraci\u00f3n, de la Secretar\u00eda de Gobernaci\u00f3n, Alejandro Encinas Rodr\u00edguez, se acord\u00f3 iniciar en cuesti\u00f3n de d\u00edas con la construcci\u00f3n del primer pante\u00f3n forense para depositar en resguardo las [&hellip;]<\/p>\n","protected":false},"author":4,"featured_media":27340,"comment_status":"open","ping_status":"open","sticky":false,"template":"","format":"standard","meta":{"tdm_status":"","tdm_grid_status":"","footnotes":""},"categories":[37],"tags":[],"class_list":{"0":"post-27338","1":"post","2":"type-post","3":"status-publish","4":"format-standard","5":"has-post-thumbnail","7":"category-nota-principal"},"yoast_head":"<!-- This site is optimized with the Yoast SEO plugin v27.5 - https:\/\/yoast.com\/product\/yoast-seo-wordpress\/ -->\n<title>Anuncian pronto inicio del primer pante\u00f3n forense en Sinaloa - Fuentes Fidedignas<\/title>\n<meta name=\"robots\" content=\"index, follow, max-snippet:-1, max-image-preview:large, max-video-preview:-1\" \/>\n<link rel=\"canonical\" href=\"https:\/\/fuentesfidedignas.com.mx\/index.php\/2022\/03\/30\/anuncian-pronto-inicio-del-primer-panteon-forense-en-sinaloa\/\" \/>\n<meta property=\"og:locale\" content=\"es_MX\" \/>\n<meta property=\"og:type\" content=\"article\" \/>\n<meta property=\"og:title\" content=\"Anuncian pronto inicio del primer pante\u00f3n forense en Sinaloa - Fuentes Fidedignas\" \/>\n<meta property=\"og:description\" content=\"Culiac\u00e1n, Sin. En una reuni\u00f3n que sostuvo este martes en la Ciudad de M\u00e9xico el gobernador Rub\u00e9n Rocha Moya con el subsecretario de Derechos Humanos, Poblaci\u00f3n y Migraci\u00f3n, de la Secretar\u00eda de Gobernaci\u00f3n, Alejandro Encinas Rodr\u00edguez, se acord\u00f3 iniciar en cuesti\u00f3n de d\u00edas con la construcci\u00f3n del primer pante\u00f3n forense para depositar en resguardo las [&hellip;]\" \/>\n<meta property=\"og:url\" content=\"https:\/\/fuentesfidedignas.com.mx\/index.php\/2022\/03\/30\/anuncian-pronto-inicio-del-primer-panteon-forense-en-sinaloa\/\" \/>\n<meta property=\"og:site_name\" content=\"Fuentes Fidedignas\" \/>\n<meta property=\"article:publisher\" content=\"https:\/\/www.facebook.com\/Fuentes-Fidedignas-368234489921644\" \/>\n<meta property=\"article:published_time\" content=\"2022-03-30T23:46:11+00:00\" \/>\n<meta property=\"article:modified_time\" content=\"2022-03-30T23:47:43+00:00\" \/>\n<meta property=\"og:image\" content=\"https:\/\/fuentesfidedignas.com.mx\/wp-content\/uploads\/2022\/03\/descarga-2.jpeg\" \/>\n\t<meta property=\"og:image:width\" content=\"299\" \/>\n\t<meta property=\"og:image:height\" content=\"169\" \/>\n\t<meta property=\"og:image:type\" content=\"image\/jpeg\" \/>\n<meta name=\"author\" content=\"Redacci\u00f3n\" \/>\n<meta name=\"twitter:card\" content=\"summary_large_image\" \/>\n<meta name=\"twitter:creator\" content=\"@fidedignas\" \/>\n<meta name=\"twitter:site\" content=\"@fidedignas\" \/>\n<meta name=\"twitter:label1\" content=\"Escrito por\" \/>\n\t<meta name=\"twitter:data1\" content=\"Redacci\u00f3n\" \/>\n\t<meta name=\"twitter:label2\" content=\"Tiempo de lectura\" \/>\n\t<meta name=\"twitter:data2\" content=\"2 minutos\" \/>\n<script type=\"application\/ld+json\" class=\"yoast-schema-graph\">{\"@context\":\"https:\\\/\\\/schema.org\",\"@graph\":[{\"@type\":\"Article\",\"@id\":\"https:\\\/\\\/fuentesfidedignas.com.mx\\\/index.php\\\/2022\\\/03\\\/30\\\/anuncian-pronto-inicio-del-primer-panteon-forense-en-sinaloa\\\/#article\",\"isPartOf\":{\"@id\":\"https:\\\/\\\/fuentesfidedignas.com.mx\\\/index.php\\\/2022\\\/03\\\/30\\\/anuncian-pronto-inicio-del-primer-panteon-forense-en-sinaloa\\\/\"},\"author\":{\"name\":\"Redacci\u00f3n\",\"@id\":\"https:\\\/\\\/fuentesfidedignas.com.mx\\\/#\\\/schema\\\/person\\\/331be9283d37198e2acd5750279085b0\"},\"headline\":\"Anuncian pronto inicio del primer pante\u00f3n forense en Sinaloa\",\"datePublished\":\"2022-03-30T23:46:11+00:00\",\"dateModified\":\"2022-03-30T23:47:43+00:00\",\"mainEntityOfPage\":{\"@id\":\"https:\\\/\\\/fuentesfidedignas.com.mx\\\/index.php\\\/2022\\\/03\\\/30\\\/anuncian-pronto-inicio-del-primer-panteon-forense-en-sinaloa\\\/\"},\"wordCount\":451,\"commentCount\":0,\"publisher\":{\"@id\":\"https:\\\/\\\/fuentesfidedignas.com.mx\\\/#organization\"},\"image\":{\"@id\":\"https:\\\/\\\/fuentesfidedignas.com.mx\\\/index.php\\\/2022\\\/03\\\/30\\\/anuncian-pronto-inicio-del-primer-panteon-forense-en-sinaloa\\\/#primaryimage\"},\"thumbnailUrl\":\"https:\\\/\\\/fuentesfidedignas.com.mx\\\/wp-content\\\/uploads\\\/2022\\\/03\\\/descarga-2.jpeg\",\"articleSection\":[\"NOTA PRINCIPAL\"],\"inLanguage\":\"es\",\"potentialAction\":[{\"@type\":\"CommentAction\",\"name\":\"Comment\",\"target\":[\"https:\\\/\\\/fuentesfidedignas.com.mx\\\/index.php\\\/2022\\\/03\\\/30\\\/anuncian-pronto-inicio-del-primer-panteon-forense-en-sinaloa\\\/#respond\"]}]},{\"@type\":\"WebPage\",\"@id\":\"https:\\\/\\\/fuentesfidedignas.com.mx\\\/index.php\\\/2022\\\/03\\\/30\\\/anuncian-pronto-inicio-del-primer-panteon-forense-en-sinaloa\\\/\",\"url\":\"https:\\\/\\\/fuentesfidedignas.com.mx\\\/index.php\\\/2022\\\/03\\\/30\\\/anuncian-pronto-inicio-del-primer-panteon-forense-en-sinaloa\\\/\",\"name\":\"Anuncian pronto inicio del primer pante\u00f3n forense en Sinaloa - Fuentes Fidedignas\",\"isPartOf\":{\"@id\":\"https:\\\/\\\/fuentesfidedignas.com.mx\\\/#website\"},\"primaryImageOfPage\":{\"@id\":\"https:\\\/\\\/fuentesfidedignas.com.mx\\\/index.php\\\/2022\\\/03\\\/30\\\/anuncian-pronto-inicio-del-primer-panteon-forense-en-sinaloa\\\/#primaryimage\"},\"image\":{\"@id\":\"https:\\\/\\\/fuentesfidedignas.com.mx\\\/index.php\\\/2022\\\/03\\\/30\\\/anuncian-pronto-inicio-del-primer-panteon-forense-en-sinaloa\\\/#primaryimage\"},\"thumbnailUrl\":\"https:\\\/\\\/fuentesfidedignas.com.mx\\\/wp-content\\\/uploads\\\/2022\\\/03\\\/descarga-2.jpeg\",\"datePublished\":\"2022-03-30T23:46:11+00:00\",\"dateModified\":\"2022-03-30T23:47:43+00:00\",\"breadcrumb\":{\"@id\":\"https:\\\/\\\/fuentesfidedignas.com.mx\\\/index.php\\\/2022\\\/03\\\/30\\\/anuncian-pronto-inicio-del-primer-panteon-forense-en-sinaloa\\\/#breadcrumb\"},\"inLanguage\":\"es\",\"potentialAction\":[{\"@type\":\"ReadAction\",\"target\":[\"https:\\\/\\\/fuentesfidedignas.com.mx\\\/index.php\\\/2022\\\/03\\\/30\\\/anuncian-pronto-inicio-del-primer-panteon-forense-en-sinaloa\\\/\"]}]},{\"@type\":\"ImageObject\",\"inLanguage\":\"es\",\"@id\":\"https:\\\/\\\/fuentesfidedignas.com.mx\\\/index.php\\\/2022\\\/03\\\/30\\\/anuncian-pronto-inicio-del-primer-panteon-forense-en-sinaloa\\\/#primaryimage\",\"url\":\"https:\\\/\\\/fuentesfidedignas.com.mx\\\/wp-content\\\/uploads\\\/2022\\\/03\\\/descarga-2.jpeg\",\"contentUrl\":\"https:\\\/\\\/fuentesfidedignas.com.mx\\\/wp-content\\\/uploads\\\/2022\\\/03\\\/descarga-2.jpeg\",\"width\":299,\"height\":169},{\"@type\":\"BreadcrumbList\",\"@id\":\"https:\\\/\\\/fuentesfidedignas.com.mx\\\/index.php\\\/2022\\\/03\\\/30\\\/anuncian-pronto-inicio-del-primer-panteon-forense-en-sinaloa\\\/#breadcrumb\",\"itemListElement\":[{\"@type\":\"ListItem\",\"position\":1,\"name\":\"Inicio\",\"item\":\"https:\\\/\\\/fuentesfidedignas.com.mx\\\/\"},{\"@type\":\"ListItem\",\"position\":2,\"name\":\"Anuncian pronto inicio del primer pante\u00f3n forense en Sinaloa\"}]},{\"@type\":\"WebSite\",\"@id\":\"https:\\\/\\\/fuentesfidedignas.com.mx\\\/#website\",\"url\":\"https:\\\/\\\/fuentesfidedignas.com.mx\\\/\",\"name\":\"Fuentes Fidedignas\",\"description\":\"Otro sitio realizado con WordPress\",\"publisher\":{\"@id\":\"https:\\\/\\\/fuentesfidedignas.com.mx\\\/#organization\"},\"potentialAction\":[{\"@type\":\"SearchAction\",\"target\":{\"@type\":\"EntryPoint\",\"urlTemplate\":\"https:\\\/\\\/fuentesfidedignas.com.mx\\\/?s={search_term_string}\"},\"query-input\":{\"@type\":\"PropertyValueSpecification\",\"valueRequired\":true,\"valueName\":\"search_term_string\"}}],\"inLanguage\":\"es\"},{\"@type\":\"Organization\",\"@id\":\"https:\\\/\\\/fuentesfidedignas.com.mx\\\/#organization\",\"name\":\"Fuentes Fidedignas\",\"url\":\"https:\\\/\\\/fuentesfidedignas.com.mx\\\/\",\"logo\":{\"@type\":\"ImageObject\",\"inLanguage\":\"es\",\"@id\":\"https:\\\/\\\/fuentesfidedignas.com.mx\\\/#\\\/schema\\\/logo\\\/image\\\/\",\"url\":\"https:\\\/\\\/fuentesfidedignas.com.mx\\\/wp-content\\\/uploads\\\/2021\\\/04\\\/logo-retina.png\",\"contentUrl\":\"https:\\\/\\\/fuentesfidedignas.com.mx\\\/wp-content\\\/uploads\\\/2021\\\/04\\\/logo-retina.png\",\"width\":280,\"height\":51,\"caption\":\"Fuentes Fidedignas\"},\"image\":{\"@id\":\"https:\\\/\\\/fuentesfidedignas.com.mx\\\/#\\\/schema\\\/logo\\\/image\\\/\"},\"sameAs\":[\"https:\\\/\\\/www.facebook.com\\\/Fuentes-Fidedignas-368234489921644\",\"https:\\\/\\\/x.com\\\/fidedignas\"]},{\"@type\":\"Person\",\"@id\":\"https:\\\/\\\/fuentesfidedignas.com.mx\\\/#\\\/schema\\\/person\\\/331be9283d37198e2acd5750279085b0\",\"name\":\"Redacci\u00f3n\",\"image\":{\"@type\":\"ImageObject\",\"inLanguage\":\"es\",\"@id\":\"https:\\\/\\\/secure.gravatar.com\\\/avatar\\\/f6d8782c11d12b2d4ad3fbb6931aeab5309937a4d6cd2fc9cfaa28a6396a5aec?s=96&d=mm&r=g\",\"url\":\"https:\\\/\\\/secure.gravatar.com\\\/avatar\\\/f6d8782c11d12b2d4ad3fbb6931aeab5309937a4d6cd2fc9cfaa28a6396a5aec?s=96&d=mm&r=g\",\"contentUrl\":\"https:\\\/\\\/secure.gravatar.com\\\/avatar\\\/f6d8782c11d12b2d4ad3fbb6931aeab5309937a4d6cd2fc9cfaa28a6396a5aec?s=96&d=mm&r=g\",\"caption\":\"Redacci\u00f3n\"},\"url\":\"https:\\\/\\\/fuentesfidedignas.com.mx\\\/index.php\\\/author\\\/redaccion\\\/\"}]}<\/script>\n<!-- \/ Yoast SEO plugin. -->","yoast_head_json":{"title":"Anuncian pronto inicio del primer pante\u00f3n forense en Sinaloa - Fuentes Fidedignas","robots":{"index":"index","follow":"follow","max-snippet":"max-snippet:-1","max-image-preview":"max-image-preview:large","max-video-preview":"max-video-preview:-1"},"canonical":"https:\/\/fuentesfidedignas.com.mx\/index.php\/2022\/03\/30\/anuncian-pronto-inicio-del-primer-panteon-forense-en-sinaloa\/","og_locale":"es_MX","og_type":"article","og_title":"Anuncian pronto inicio del primer pante\u00f3n forense en Sinaloa - Fuentes Fidedignas","og_description":"Culiac\u00e1n, Sin. En una reuni\u00f3n que sostuvo este martes en la Ciudad de M\u00e9xico el gobernador Rub\u00e9n Rocha Moya con el subsecretario de Derechos Humanos, Poblaci\u00f3n y Migraci\u00f3n, de la Secretar\u00eda de Gobernaci\u00f3n, Alejandro Encinas Rodr\u00edguez, se acord\u00f3 iniciar en cuesti\u00f3n de d\u00edas con la construcci\u00f3n del primer pante\u00f3n forense para depositar en resguardo las [&hellip;]","og_url":"https:\/\/fuentesfidedignas.com.mx\/index.php\/2022\/03\/30\/anuncian-pronto-inicio-del-primer-panteon-forense-en-sinaloa\/","og_site_name":"Fuentes Fidedignas","article_publisher":"https:\/\/www.facebook.com\/Fuentes-Fidedignas-368234489921644","article_published_time":"2022-03-30T23:46:11+00:00","article_modified_time":"2022-03-30T23:47:43+00:00","og_image":[{"width":299,"height":169,"url":"https:\/\/fuentesfidedignas.com.mx\/wp-content\/uploads\/2022\/03\/descarga-2.jpeg","type":"image\/jpeg"}],"author":"Redacci\u00f3n","twitter_card":"summary_large_image","twitter_creator":"@fidedignas","twitter_site":"@fidedignas","twitter_misc":{"Escrito por":"Redacci\u00f3n","Tiempo de lectura":"2 minutos"},"schema":{"@context":"https:\/\/schema.org","@graph":[{"@type":"Article","@id":"https:\/\/fuentesfidedignas.com.mx\/index.php\/2022\/03\/30\/anuncian-pronto-inicio-del-primer-panteon-forense-en-sinaloa\/#article","isPartOf":{"@id":"https:\/\/fuentesfidedignas.com.mx\/index.php\/2022\/03\/30\/anuncian-pronto-inicio-del-primer-panteon-forense-en-sinaloa\/"},"author":{"name":"Redacci\u00f3n","@id":"https:\/\/fuentesfidedignas.com.mx\/#\/schema\/person\/331be9283d37198e2acd5750279085b0"},"headline":"Anuncian pronto inicio del primer pante\u00f3n forense en Sinaloa","datePublished":"2022-03-30T23:46:11+00:00","dateModified":"2022-03-30T23:47:43+00:00","mainEntityOfPage":{"@id":"https:\/\/fuentesfidedignas.com.mx\/index.php\/2022\/03\/30\/anuncian-pronto-inicio-del-primer-panteon-forense-en-sinaloa\/"},"wordCount":451,"commentCount":0,"publisher":{"@id":"https:\/\/fuentesfidedignas.com.mx\/#organization"},"image":{"@id":"https:\/\/fuentesfidedignas.com.mx\/index.php\/2022\/03\/30\/anuncian-pronto-inicio-del-primer-panteon-forense-en-sinaloa\/#primaryimage"},"thumbnailUrl":"https:\/\/fuentesfidedignas.com.mx\/wp-content\/uploads\/2022\/03\/descarga-2.jpeg","articleSection":["NOTA PRINCIPAL"],"inLanguage":"es","potentialAction":[{"@type":"CommentAction","name":"Comment","target":["https:\/\/fuentesfidedignas.com.mx\/index.php\/2022\/03\/30\/anuncian-pronto-inicio-del-primer-panteon-forense-en-sinaloa\/#respond"]}]},{"@type":"WebPage","@id":"https:\/\/fuentesfidedignas.com.mx\/index.php\/2022\/03\/30\/anuncian-pronto-inicio-del-primer-panteon-forense-en-sinaloa\/","url":"https:\/\/fuentesfidedignas.com.mx\/index.php\/2022\/03\/30\/anuncian-pronto-inicio-del-primer-panteon-forense-en-sinaloa\/","name":"Anuncian pronto inicio del primer pante\u00f3n forense en Sinaloa - Fuentes Fidedignas","isPartOf":{"@id":"https:\/\/fuentesfidedignas.com.mx\/#website"},"primaryImageOfPage":{"@id":"https:\/\/fuentesfidedignas.com.mx\/index.php\/2022\/03\/30\/anuncian-pronto-inicio-del-primer-panteon-forense-en-sinaloa\/#primaryimage"},"image":{"@id":"https:\/\/fuentesfidedignas.com.mx\/index.php\/2022\/03\/30\/anuncian-pronto-inicio-del-primer-panteon-forense-en-sinaloa\/#primaryimage"},"thumbnailUrl":"https:\/\/fuentesfidedignas.com.mx\/wp-content\/uploads\/2022\/03\/descarga-2.jpeg","datePublished":"2022-03-30T23:46:11+00:00","dateModified":"2022-03-30T23:47:43+00:00","breadcrumb":{"@id":"https:\/\/fuentesfidedignas.com.mx\/index.php\/2022\/03\/30\/anuncian-pronto-inicio-del-primer-panteon-forense-en-sinaloa\/#breadcrumb"},"inLanguage":"es","potentialAction":[{"@type":"ReadAction","target":["https:\/\/fuentesfidedignas.com.mx\/index.php\/2022\/03\/30\/anuncian-pronto-inicio-del-primer-panteon-forense-en-sinaloa\/"]}]},{"@type":"ImageObject","inLanguage":"es","@id":"https:\/\/fuentesfidedignas.com.mx\/index.php\/2022\/03\/30\/anuncian-pronto-inicio-del-primer-panteon-forense-en-sinaloa\/#primaryimage","url":"https:\/\/fuentesfidedignas.com.mx\/wp-content\/uploads\/2022\/03\/descarga-2.jpeg","contentUrl":"https:\/\/fuentesfidedignas.com.mx\/wp-content\/uploads\/2022\/03\/descarga-2.jpeg","width":299,"height":169},{"@type":"BreadcrumbList","@id":"https:\/\/fuentesfidedignas.com.mx\/index.php\/2022\/03\/30\/anuncian-pronto-inicio-del-primer-panteon-forense-en-sinaloa\/#breadcrumb","itemListElement":[{"@type":"ListItem","position":1,"name":"Inicio","item":"https:\/\/fuentesfidedignas.com.mx\/"},{"@type":"ListItem","position":2,"name":"Anuncian pronto inicio del primer pante\u00f3n forense en Sinaloa"}]},{"@type":"WebSite","@id":"https:\/\/fuentesfidedignas.com.mx\/#website","url":"https:\/\/fuentesfidedignas.com.mx\/","name":"Fuentes Fidedignas","description":"Otro sitio realizado con WordPress","publisher":{"@id":"https:\/\/fuentesfidedignas.com.mx\/#organization"},"potentialAction":[{"@type":"SearchAction","target":{"@type":"EntryPoint","urlTemplate":"https:\/\/fuentesfidedignas.com.mx\/?s={search_term_string}"},"query-input":{"@type":"PropertyValueSpecification","valueRequired":true,"valueName":"search_term_string"}}],"inLanguage":"es"},{"@type":"Organization","@id":"https:\/\/fuentesfidedignas.com.mx\/#organization","name":"Fuentes Fidedignas","url":"https:\/\/fuentesfidedignas.com.mx\/","logo":{"@type":"ImageObject","inLanguage":"es","@id":"https:\/\/fuentesfidedignas.com.mx\/#\/schema\/logo\/image\/","url":"https:\/\/fuentesfidedignas.com.mx\/wp-content\/uploads\/2021\/04\/logo-retina.png","contentUrl":"https:\/\/fuentesfidedignas.com.mx\/wp-content\/uploads\/2021\/04\/logo-retina.png","width":280,"height":51,"caption":"Fuentes Fidedignas"},"image":{"@id":"https:\/\/fuentesfidedignas.com.mx\/#\/schema\/logo\/image\/"},"sameAs":["https:\/\/www.facebook.com\/Fuentes-Fidedignas-368234489921644","https:\/\/x.com\/fidedignas"]},{"@type":"Person","@id":"https:\/\/fuentesfidedignas.com.mx\/#\/schema\/person\/331be9283d37198e2acd5750279085b0","name":"Redacci\u00f3n","image":{"@type":"ImageObject","inLanguage":"es","@id":"https:\/\/secure.gravatar.com\/avatar\/f6d8782c11d12b2d4ad3fbb6931aeab5309937a4d6cd2fc9cfaa28a6396a5aec?s=96&d=mm&r=g","url":"https:\/\/secure.gravatar.com\/avatar\/f6d8782c11d12b2d4ad3fbb6931aeab5309937a4d6cd2fc9cfaa28a6396a5aec?s=96&d=mm&r=g","contentUrl":"https:\/\/secure.gravatar.com\/avatar\/f6d8782c11d12b2d4ad3fbb6931aeab5309937a4d6cd2fc9cfaa28a6396a5aec?s=96&d=mm&r=g","caption":"Redacci\u00f3n"},"url":"https:\/\/fuentesfidedignas.com.mx\/index.php\/author\/redaccion\/"}]}},"_links":{"self":[{"href":"https:\/\/fuentesfidedignas.com.mx\/index.php\/wp-json\/wp\/v2\/posts\/27338","targetHints":{"allow":["GET"]}}],"collection":[{"href":"https:\/\/fuentesfidedignas.com.mx\/index.php\/wp-json\/wp\/v2\/posts"}],"about":[{"href":"https:\/\/fuentesfidedignas.com.mx\/index.php\/wp-json\/wp\/v2\/types\/post"}],"author":[{"embeddable":true,"href":"https:\/\/fuentesfidedignas.com.mx\/index.php\/wp-json\/wp\/v2\/users\/4"}],"replies":[{"embeddable":true,"href":"https:\/\/fuentesfidedignas.com.mx\/index.php\/wp-json\/wp\/v2\/comments?post=27338"}],"version-history":[{"count":1,"href":"https:\/\/fuentesfidedignas.com.mx\/index.php\/wp-json\/wp\/v2\/posts\/27338\/revisions"}],"predecessor-version":[{"id":27339,"href":"https:\/\/fuentesfidedignas.com.mx\/index.php\/wp-json\/wp\/v2\/posts\/27338\/revisions\/27339"}],"wp:featuredmedia":[{"embeddable":true,"href":"https:\/\/fuentesfidedignas.com.mx\/index.php\/wp-json\/wp\/v2\/media\/27340"}],"wp:attachment":[{"href":"https:\/\/fuentesfidedignas.com.mx\/index.php\/wp-json\/wp\/v2\/media?parent=27338"}],"wp:term":[{"taxonomy":"category","embeddable":true,"href":"https:\/\/fuentesfidedignas.com.mx\/index.php\/wp-json\/wp\/v2\/categories?post=27338"},{"taxonomy":"post_tag","embeddable":true,"href":"https:\/\/fuentesfidedignas.com.mx\/index.php\/wp-json\/wp\/v2\/tags?post=27338"}],"curies":[{"name":"wp","href":"https:\/\/api.w.org\/{rel}","templated":true}]}}