{"id":27323,"date":"2022-03-30T13:47:30","date_gmt":"2022-03-30T20:47:30","guid":{"rendered":"https:\/\/fuentesfidedignas.com.mx\/?p=27323"},"modified":"2022-03-30T13:47:57","modified_gmt":"2022-03-30T20:47:57","slug":"el-lunes-se-abre-registro-para-regularizar-autos-chocolates","status":"publish","type":"post","link":"https:\/\/fuentesfidedignas.com.mx\/index.php\/2022\/03\/30\/el-lunes-se-abre-registro-para-regularizar-autos-chocolates\/","title":{"rendered":"El lunes se abre registro para regularizar autos \u201cchocolates\u201d"},"content":{"rendered":"\n<p><strong><em>Tambi\u00e9n a partir del martes 5, se atender\u00e1 en las instalaciones de la Feria Ganadera a sus propietarios<\/em><\/strong><\/p>\n\n\n\n<p>Culiac\u00e1n, Sin. El gobernador Rub\u00e9n Rocha Moya dio a conocer que ser\u00e1 el pr\u00f3ximo lunes 4 de abril cuando se abra el registro a trav\u00e9s de la p\u00e1gina <a href=\"https:\/\/www.regularizaauto.sspc.gob.mx\/\">https:\/\/www.regularizaauto.sspc.gob.mx\/<\/a> para solicitar una cita para la regularizaci\u00f3n de veh\u00edculos usados de procedencia extranjera, y a partir del martes 5, se atender\u00e1 en las instalaciones de la Feria Ganadera a sus propietarios, quienes podr\u00e1n desahogar ah\u00ed mismo todo el tr\u00e1mite, desde la nacionalizaci\u00f3n de su autom\u00f3vil, que es un tr\u00e1mite federal, hasta obtener sus calcoman\u00edas y placas de circulaci\u00f3n, estos \u00faltimos, tr\u00e1mites estatales.<\/p>\n\n\n\n<p>Lo anterior lo inform\u00f3 el mandatario estatal a pregunta expresa durante su Conferencia Semanera, donde estuvo acompa\u00f1ado por el secretario general de Gobierno, Enrique Inzunza C\u00e1zarez, quien ampli\u00f3 la informaci\u00f3n.<\/p>\n\n\n\n<p>Al respecto, el secretario precis\u00f3 que los veh\u00edculos extranjeros, llamados coloquialmente autos \u201cchocolate\u201d sujetos a la legalizaci\u00f3n son los que est\u00e1n dentro de las cl\u00e1usulas del decreto expedido por el Gobierno Federal, decreto prev\u00e9 los modelos y procedencia de los veh\u00edculos que estar\u00e1n sujetos a ese proceso de regularizaci\u00f3n.<\/p>\n\n\n\n<p>\u201cEl decreto, en principio, establece requisitos, aspectos, procedimientos y bajo ellos ser\u00e1 que se seguir\u00e1 toda esta mec\u00e1nica que comenzar\u00e1, como el gobernador lo hab\u00eda anticipado, el pr\u00f3ximo lunes 4 se abre el sistema en l\u00ednea y el martes 5 se inicia f\u00edsicamente en las instalaciones de la Feria Ganadera con un m\u00f3dulo donde se integrar\u00e1n todas las autoridades que tienen participaci\u00f3n en la idea de que las personas tengan un espacio para que completen en una sola ocasi\u00f3n todos los tr\u00e1mites concernientes a la regularizaci\u00f3n y al emplacamiento del veh\u00edculo\u201d, dijo Inzunza C\u00e1zarez.<\/p>\n\n\n\n<p>El gobernador Rocha se dijo complacido por el esfuerzo de todos los servidores p\u00fablicos involucrados para tener listo el programa en 10 d\u00edas, como lo hab\u00eda anunciado hace m\u00e1s de una semana cuando se le cuestion\u00f3 por parte de los medios de comunicaci\u00f3n.<\/p>\n\n\n\n<p>\u201cYo les hab\u00eda dicho por ah\u00ed cuando fui a Ahome que eran diez d\u00edas, ah\u00ed lo ajustaron apretadamente tuvieron que hacerme caso a m\u00ed y lo pusieron en diez d\u00edas desde el d\u00eda que lo declaramos, si ya estamos listos, es un operativo importante que considera capturistas, considera gente que atienda al p\u00fablico y considera una serie de servicios que deben de estar listos para que no tengamos un proceso tortuoso, lo queremos hacer \u00e1gil\u201d, dijo.<\/p>\n","protected":false},"excerpt":{"rendered":"<p>Tambi\u00e9n a partir del martes 5, se atender\u00e1 en las instalaciones de la Feria Ganadera a sus propietarios Culiac\u00e1n, Sin. El gobernador Rub\u00e9n Rocha Moya dio a conocer que ser\u00e1 el pr\u00f3ximo lunes 4 de abril cuando se abra el registro a trav\u00e9s de la p\u00e1gina https:\/\/www.regularizaauto.sspc.gob.mx\/ para solicitar una cita para la regularizaci\u00f3n de [&hellip;]<\/p>\n","protected":false},"author":4,"featured_media":27325,"comment_status":"open","ping_status":"open","sticky":false,"template":"","format":"standard","meta":{"tdm_status":"","tdm_grid_status":"","footnotes":""},"categories":[37],"tags":[],"class_list":{"0":"post-27323","1":"post","2":"type-post","3":"status-publish","4":"format-standard","5":"has-post-thumbnail","7":"category-nota-principal"},"yoast_head":"<!-- This site is optimized with the Yoast SEO plugin v27.5 - https:\/\/yoast.com\/product\/yoast-seo-wordpress\/ -->\n<title>El lunes se abre registro para regularizar autos \u201cchocolates\u201d - Fuentes Fidedignas<\/title>\n<meta name=\"robots\" content=\"index, follow, max-snippet:-1, max-image-preview:large, max-video-preview:-1\" \/>\n<link rel=\"canonical\" href=\"https:\/\/fuentesfidedignas.com.mx\/index.php\/2022\/03\/30\/el-lunes-se-abre-registro-para-regularizar-autos-chocolates\/\" \/>\n<meta property=\"og:locale\" content=\"es_MX\" \/>\n<meta property=\"og:type\" content=\"article\" \/>\n<meta property=\"og:title\" content=\"El lunes se abre registro para regularizar autos \u201cchocolates\u201d - Fuentes Fidedignas\" \/>\n<meta property=\"og:description\" content=\"Tambi\u00e9n a partir del martes 5, se atender\u00e1 en las instalaciones de la Feria Ganadera a sus propietarios Culiac\u00e1n, Sin. El gobernador Rub\u00e9n Rocha Moya dio a conocer que ser\u00e1 el pr\u00f3ximo lunes 4 de abril cuando se abra el registro a trav\u00e9s de la p\u00e1gina https:\/\/www.regularizaauto.sspc.gob.mx\/ para solicitar una cita para la regularizaci\u00f3n de [&hellip;]\" \/>\n<meta property=\"og:url\" content=\"https:\/\/fuentesfidedignas.com.mx\/index.php\/2022\/03\/30\/el-lunes-se-abre-registro-para-regularizar-autos-chocolates\/\" \/>\n<meta property=\"og:site_name\" content=\"Fuentes Fidedignas\" \/>\n<meta property=\"article:publisher\" content=\"https:\/\/www.facebook.com\/Fuentes-Fidedignas-368234489921644\" \/>\n<meta property=\"article:published_time\" content=\"2022-03-30T20:47:30+00:00\" \/>\n<meta property=\"article:modified_time\" content=\"2022-03-30T20:47:57+00:00\" \/>\n<meta property=\"og:image\" content=\"https:\/\/fuentesfidedignas.com.mx\/wp-content\/uploads\/2022\/03\/images-83.jpeg\" \/>\n\t<meta property=\"og:image:width\" content=\"766\" \/>\n\t<meta property=\"og:image:height\" content=\"400\" \/>\n\t<meta property=\"og:image:type\" content=\"image\/jpeg\" \/>\n<meta name=\"author\" content=\"Redacci\u00f3n\" \/>\n<meta name=\"twitter:card\" content=\"summary_large_image\" \/>\n<meta name=\"twitter:creator\" content=\"@fidedignas\" \/>\n<meta name=\"twitter:site\" content=\"@fidedignas\" \/>\n<meta name=\"twitter:label1\" content=\"Escrito por\" \/>\n\t<meta name=\"twitter:data1\" content=\"Redacci\u00f3n\" \/>\n\t<meta name=\"twitter:label2\" content=\"Tiempo de lectura\" \/>\n\t<meta name=\"twitter:data2\" content=\"2 minutos\" \/>\n<script type=\"application\/ld+json\" class=\"yoast-schema-graph\">{\"@context\":\"https:\\\/\\\/schema.org\",\"@graph\":[{\"@type\":\"Article\",\"@id\":\"https:\\\/\\\/fuentesfidedignas.com.mx\\\/index.php\\\/2022\\\/03\\\/30\\\/el-lunes-se-abre-registro-para-regularizar-autos-chocolates\\\/#article\",\"isPartOf\":{\"@id\":\"https:\\\/\\\/fuentesfidedignas.com.mx\\\/index.php\\\/2022\\\/03\\\/30\\\/el-lunes-se-abre-registro-para-regularizar-autos-chocolates\\\/\"},\"author\":{\"name\":\"Redacci\u00f3n\",\"@id\":\"https:\\\/\\\/fuentesfidedignas.com.mx\\\/#\\\/schema\\\/person\\\/331be9283d37198e2acd5750279085b0\"},\"headline\":\"El lunes se abre registro para regularizar autos \u201cchocolates\u201d\",\"datePublished\":\"2022-03-30T20:47:30+00:00\",\"dateModified\":\"2022-03-30T20:47:57+00:00\",\"mainEntityOfPage\":{\"@id\":\"https:\\\/\\\/fuentesfidedignas.com.mx\\\/index.php\\\/2022\\\/03\\\/30\\\/el-lunes-se-abre-registro-para-regularizar-autos-chocolates\\\/\"},\"wordCount\":458,\"commentCount\":0,\"publisher\":{\"@id\":\"https:\\\/\\\/fuentesfidedignas.com.mx\\\/#organization\"},\"image\":{\"@id\":\"https:\\\/\\\/fuentesfidedignas.com.mx\\\/index.php\\\/2022\\\/03\\\/30\\\/el-lunes-se-abre-registro-para-regularizar-autos-chocolates\\\/#primaryimage\"},\"thumbnailUrl\":\"https:\\\/\\\/fuentesfidedignas.com.mx\\\/wp-content\\\/uploads\\\/2022\\\/03\\\/images-83.jpeg\",\"articleSection\":[\"NOTA PRINCIPAL\"],\"inLanguage\":\"es\",\"potentialAction\":[{\"@type\":\"CommentAction\",\"name\":\"Comment\",\"target\":[\"https:\\\/\\\/fuentesfidedignas.com.mx\\\/index.php\\\/2022\\\/03\\\/30\\\/el-lunes-se-abre-registro-para-regularizar-autos-chocolates\\\/#respond\"]}]},{\"@type\":\"WebPage\",\"@id\":\"https:\\\/\\\/fuentesfidedignas.com.mx\\\/index.php\\\/2022\\\/03\\\/30\\\/el-lunes-se-abre-registro-para-regularizar-autos-chocolates\\\/\",\"url\":\"https:\\\/\\\/fuentesfidedignas.com.mx\\\/index.php\\\/2022\\\/03\\\/30\\\/el-lunes-se-abre-registro-para-regularizar-autos-chocolates\\\/\",\"name\":\"El lunes se abre registro para regularizar autos \u201cchocolates\u201d - Fuentes Fidedignas\",\"isPartOf\":{\"@id\":\"https:\\\/\\\/fuentesfidedignas.com.mx\\\/#website\"},\"primaryImageOfPage\":{\"@id\":\"https:\\\/\\\/fuentesfidedignas.com.mx\\\/index.php\\\/2022\\\/03\\\/30\\\/el-lunes-se-abre-registro-para-regularizar-autos-chocolates\\\/#primaryimage\"},\"image\":{\"@id\":\"https:\\\/\\\/fuentesfidedignas.com.mx\\\/index.php\\\/2022\\\/03\\\/30\\\/el-lunes-se-abre-registro-para-regularizar-autos-chocolates\\\/#primaryimage\"},\"thumbnailUrl\":\"https:\\\/\\\/fuentesfidedignas.com.mx\\\/wp-content\\\/uploads\\\/2022\\\/03\\\/images-83.jpeg\",\"datePublished\":\"2022-03-30T20:47:30+00:00\",\"dateModified\":\"2022-03-30T20:47:57+00:00\",\"breadcrumb\":{\"@id\":\"https:\\\/\\\/fuentesfidedignas.com.mx\\\/index.php\\\/2022\\\/03\\\/30\\\/el-lunes-se-abre-registro-para-regularizar-autos-chocolates\\\/#breadcrumb\"},\"inLanguage\":\"es\",\"potentialAction\":[{\"@type\":\"ReadAction\",\"target\":[\"https:\\\/\\\/fuentesfidedignas.com.mx\\\/index.php\\\/2022\\\/03\\\/30\\\/el-lunes-se-abre-registro-para-regularizar-autos-chocolates\\\/\"]}]},{\"@type\":\"ImageObject\",\"inLanguage\":\"es\",\"@id\":\"https:\\\/\\\/fuentesfidedignas.com.mx\\\/index.php\\\/2022\\\/03\\\/30\\\/el-lunes-se-abre-registro-para-regularizar-autos-chocolates\\\/#primaryimage\",\"url\":\"https:\\\/\\\/fuentesfidedignas.com.mx\\\/wp-content\\\/uploads\\\/2022\\\/03\\\/images-83.jpeg\",\"contentUrl\":\"https:\\\/\\\/fuentesfidedignas.com.mx\\\/wp-content\\\/uploads\\\/2022\\\/03\\\/images-83.jpeg\",\"width\":766,\"height\":400},{\"@type\":\"BreadcrumbList\",\"@id\":\"https:\\\/\\\/fuentesfidedignas.com.mx\\\/index.php\\\/2022\\\/03\\\/30\\\/el-lunes-se-abre-registro-para-regularizar-autos-chocolates\\\/#breadcrumb\",\"itemListElement\":[{\"@type\":\"ListItem\",\"position\":1,\"name\":\"Inicio\",\"item\":\"https:\\\/\\\/fuentesfidedignas.com.mx\\\/\"},{\"@type\":\"ListItem\",\"position\":2,\"name\":\"El lunes se abre registro para regularizar autos \u201cchocolates\u201d\"}]},{\"@type\":\"WebSite\",\"@id\":\"https:\\\/\\\/fuentesfidedignas.com.mx\\\/#website\",\"url\":\"https:\\\/\\\/fuentesfidedignas.com.mx\\\/\",\"name\":\"Fuentes Fidedignas\",\"description\":\"Otro sitio realizado con WordPress\",\"publisher\":{\"@id\":\"https:\\\/\\\/fuentesfidedignas.com.mx\\\/#organization\"},\"potentialAction\":[{\"@type\":\"SearchAction\",\"target\":{\"@type\":\"EntryPoint\",\"urlTemplate\":\"https:\\\/\\\/fuentesfidedignas.com.mx\\\/?s={search_term_string}\"},\"query-input\":{\"@type\":\"PropertyValueSpecification\",\"valueRequired\":true,\"valueName\":\"search_term_string\"}}],\"inLanguage\":\"es\"},{\"@type\":\"Organization\",\"@id\":\"https:\\\/\\\/fuentesfidedignas.com.mx\\\/#organization\",\"name\":\"Fuentes Fidedignas\",\"url\":\"https:\\\/\\\/fuentesfidedignas.com.mx\\\/\",\"logo\":{\"@type\":\"ImageObject\",\"inLanguage\":\"es\",\"@id\":\"https:\\\/\\\/fuentesfidedignas.com.mx\\\/#\\\/schema\\\/logo\\\/image\\\/\",\"url\":\"https:\\\/\\\/fuentesfidedignas.com.mx\\\/wp-content\\\/uploads\\\/2021\\\/04\\\/logo-retina.png\",\"contentUrl\":\"https:\\\/\\\/fuentesfidedignas.com.mx\\\/wp-content\\\/uploads\\\/2021\\\/04\\\/logo-retina.png\",\"width\":280,\"height\":51,\"caption\":\"Fuentes Fidedignas\"},\"image\":{\"@id\":\"https:\\\/\\\/fuentesfidedignas.com.mx\\\/#\\\/schema\\\/logo\\\/image\\\/\"},\"sameAs\":[\"https:\\\/\\\/www.facebook.com\\\/Fuentes-Fidedignas-368234489921644\",\"https:\\\/\\\/x.com\\\/fidedignas\"]},{\"@type\":\"Person\",\"@id\":\"https:\\\/\\\/fuentesfidedignas.com.mx\\\/#\\\/schema\\\/person\\\/331be9283d37198e2acd5750279085b0\",\"name\":\"Redacci\u00f3n\",\"image\":{\"@type\":\"ImageObject\",\"inLanguage\":\"es\",\"@id\":\"https:\\\/\\\/secure.gravatar.com\\\/avatar\\\/f6d8782c11d12b2d4ad3fbb6931aeab5309937a4d6cd2fc9cfaa28a6396a5aec?s=96&d=mm&r=g\",\"url\":\"https:\\\/\\\/secure.gravatar.com\\\/avatar\\\/f6d8782c11d12b2d4ad3fbb6931aeab5309937a4d6cd2fc9cfaa28a6396a5aec?s=96&d=mm&r=g\",\"contentUrl\":\"https:\\\/\\\/secure.gravatar.com\\\/avatar\\\/f6d8782c11d12b2d4ad3fbb6931aeab5309937a4d6cd2fc9cfaa28a6396a5aec?s=96&d=mm&r=g\",\"caption\":\"Redacci\u00f3n\"},\"url\":\"https:\\\/\\\/fuentesfidedignas.com.mx\\\/index.php\\\/author\\\/redaccion\\\/\"}]}<\/script>\n<!-- \/ Yoast SEO plugin. -->","yoast_head_json":{"title":"El lunes se abre registro para regularizar autos \u201cchocolates\u201d - Fuentes Fidedignas","robots":{"index":"index","follow":"follow","max-snippet":"max-snippet:-1","max-image-preview":"max-image-preview:large","max-video-preview":"max-video-preview:-1"},"canonical":"https:\/\/fuentesfidedignas.com.mx\/index.php\/2022\/03\/30\/el-lunes-se-abre-registro-para-regularizar-autos-chocolates\/","og_locale":"es_MX","og_type":"article","og_title":"El lunes se abre registro para regularizar autos \u201cchocolates\u201d - Fuentes Fidedignas","og_description":"Tambi\u00e9n a partir del martes 5, se atender\u00e1 en las instalaciones de la Feria Ganadera a sus propietarios Culiac\u00e1n, Sin. El gobernador Rub\u00e9n Rocha Moya dio a conocer que ser\u00e1 el pr\u00f3ximo lunes 4 de abril cuando se abra el registro a trav\u00e9s de la p\u00e1gina https:\/\/www.regularizaauto.sspc.gob.mx\/ para solicitar una cita para la regularizaci\u00f3n de [&hellip;]","og_url":"https:\/\/fuentesfidedignas.com.mx\/index.php\/2022\/03\/30\/el-lunes-se-abre-registro-para-regularizar-autos-chocolates\/","og_site_name":"Fuentes Fidedignas","article_publisher":"https:\/\/www.facebook.com\/Fuentes-Fidedignas-368234489921644","article_published_time":"2022-03-30T20:47:30+00:00","article_modified_time":"2022-03-30T20:47:57+00:00","og_image":[{"width":766,"height":400,"url":"https:\/\/fuentesfidedignas.com.mx\/wp-content\/uploads\/2022\/03\/images-83.jpeg","type":"image\/jpeg"}],"author":"Redacci\u00f3n","twitter_card":"summary_large_image","twitter_creator":"@fidedignas","twitter_site":"@fidedignas","twitter_misc":{"Escrito por":"Redacci\u00f3n","Tiempo de lectura":"2 minutos"},"schema":{"@context":"https:\/\/schema.org","@graph":[{"@type":"Article","@id":"https:\/\/fuentesfidedignas.com.mx\/index.php\/2022\/03\/30\/el-lunes-se-abre-registro-para-regularizar-autos-chocolates\/#article","isPartOf":{"@id":"https:\/\/fuentesfidedignas.com.mx\/index.php\/2022\/03\/30\/el-lunes-se-abre-registro-para-regularizar-autos-chocolates\/"},"author":{"name":"Redacci\u00f3n","@id":"https:\/\/fuentesfidedignas.com.mx\/#\/schema\/person\/331be9283d37198e2acd5750279085b0"},"headline":"El lunes se abre registro para regularizar autos \u201cchocolates\u201d","datePublished":"2022-03-30T20:47:30+00:00","dateModified":"2022-03-30T20:47:57+00:00","mainEntityOfPage":{"@id":"https:\/\/fuentesfidedignas.com.mx\/index.php\/2022\/03\/30\/el-lunes-se-abre-registro-para-regularizar-autos-chocolates\/"},"wordCount":458,"commentCount":0,"publisher":{"@id":"https:\/\/fuentesfidedignas.com.mx\/#organization"},"image":{"@id":"https:\/\/fuentesfidedignas.com.mx\/index.php\/2022\/03\/30\/el-lunes-se-abre-registro-para-regularizar-autos-chocolates\/#primaryimage"},"thumbnailUrl":"https:\/\/fuentesfidedignas.com.mx\/wp-content\/uploads\/2022\/03\/images-83.jpeg","articleSection":["NOTA PRINCIPAL"],"inLanguage":"es","potentialAction":[{"@type":"CommentAction","name":"Comment","target":["https:\/\/fuentesfidedignas.com.mx\/index.php\/2022\/03\/30\/el-lunes-se-abre-registro-para-regularizar-autos-chocolates\/#respond"]}]},{"@type":"WebPage","@id":"https:\/\/fuentesfidedignas.com.mx\/index.php\/2022\/03\/30\/el-lunes-se-abre-registro-para-regularizar-autos-chocolates\/","url":"https:\/\/fuentesfidedignas.com.mx\/index.php\/2022\/03\/30\/el-lunes-se-abre-registro-para-regularizar-autos-chocolates\/","name":"El lunes se abre registro para regularizar autos \u201cchocolates\u201d - Fuentes Fidedignas","isPartOf":{"@id":"https:\/\/fuentesfidedignas.com.mx\/#website"},"primaryImageOfPage":{"@id":"https:\/\/fuentesfidedignas.com.mx\/index.php\/2022\/03\/30\/el-lunes-se-abre-registro-para-regularizar-autos-chocolates\/#primaryimage"},"image":{"@id":"https:\/\/fuentesfidedignas.com.mx\/index.php\/2022\/03\/30\/el-lunes-se-abre-registro-para-regularizar-autos-chocolates\/#primaryimage"},"thumbnailUrl":"https:\/\/fuentesfidedignas.com.mx\/wp-content\/uploads\/2022\/03\/images-83.jpeg","datePublished":"2022-03-30T20:47:30+00:00","dateModified":"2022-03-30T20:47:57+00:00","breadcrumb":{"@id":"https:\/\/fuentesfidedignas.com.mx\/index.php\/2022\/03\/30\/el-lunes-se-abre-registro-para-regularizar-autos-chocolates\/#breadcrumb"},"inLanguage":"es","potentialAction":[{"@type":"ReadAction","target":["https:\/\/fuentesfidedignas.com.mx\/index.php\/2022\/03\/30\/el-lunes-se-abre-registro-para-regularizar-autos-chocolates\/"]}]},{"@type":"ImageObject","inLanguage":"es","@id":"https:\/\/fuentesfidedignas.com.mx\/index.php\/2022\/03\/30\/el-lunes-se-abre-registro-para-regularizar-autos-chocolates\/#primaryimage","url":"https:\/\/fuentesfidedignas.com.mx\/wp-content\/uploads\/2022\/03\/images-83.jpeg","contentUrl":"https:\/\/fuentesfidedignas.com.mx\/wp-content\/uploads\/2022\/03\/images-83.jpeg","width":766,"height":400},{"@type":"BreadcrumbList","@id":"https:\/\/fuentesfidedignas.com.mx\/index.php\/2022\/03\/30\/el-lunes-se-abre-registro-para-regularizar-autos-chocolates\/#breadcrumb","itemListElement":[{"@type":"ListItem","position":1,"name":"Inicio","item":"https:\/\/fuentesfidedignas.com.mx\/"},{"@type":"ListItem","position":2,"name":"El lunes se abre registro para regularizar autos \u201cchocolates\u201d"}]},{"@type":"WebSite","@id":"https:\/\/fuentesfidedignas.com.mx\/#website","url":"https:\/\/fuentesfidedignas.com.mx\/","name":"Fuentes Fidedignas","description":"Otro sitio realizado con WordPress","publisher":{"@id":"https:\/\/fuentesfidedignas.com.mx\/#organization"},"potentialAction":[{"@type":"SearchAction","target":{"@type":"EntryPoint","urlTemplate":"https:\/\/fuentesfidedignas.com.mx\/?s={search_term_string}"},"query-input":{"@type":"PropertyValueSpecification","valueRequired":true,"valueName":"search_term_string"}}],"inLanguage":"es"},{"@type":"Organization","@id":"https:\/\/fuentesfidedignas.com.mx\/#organization","name":"Fuentes Fidedignas","url":"https:\/\/fuentesfidedignas.com.mx\/","logo":{"@type":"ImageObject","inLanguage":"es","@id":"https:\/\/fuentesfidedignas.com.mx\/#\/schema\/logo\/image\/","url":"https:\/\/fuentesfidedignas.com.mx\/wp-content\/uploads\/2021\/04\/logo-retina.png","contentUrl":"https:\/\/fuentesfidedignas.com.mx\/wp-content\/uploads\/2021\/04\/logo-retina.png","width":280,"height":51,"caption":"Fuentes Fidedignas"},"image":{"@id":"https:\/\/fuentesfidedignas.com.mx\/#\/schema\/logo\/image\/"},"sameAs":["https:\/\/www.facebook.com\/Fuentes-Fidedignas-368234489921644","https:\/\/x.com\/fidedignas"]},{"@type":"Person","@id":"https:\/\/fuentesfidedignas.com.mx\/#\/schema\/person\/331be9283d37198e2acd5750279085b0","name":"Redacci\u00f3n","image":{"@type":"ImageObject","inLanguage":"es","@id":"https:\/\/secure.gravatar.com\/avatar\/f6d8782c11d12b2d4ad3fbb6931aeab5309937a4d6cd2fc9cfaa28a6396a5aec?s=96&d=mm&r=g","url":"https:\/\/secure.gravatar.com\/avatar\/f6d8782c11d12b2d4ad3fbb6931aeab5309937a4d6cd2fc9cfaa28a6396a5aec?s=96&d=mm&r=g","contentUrl":"https:\/\/secure.gravatar.com\/avatar\/f6d8782c11d12b2d4ad3fbb6931aeab5309937a4d6cd2fc9cfaa28a6396a5aec?s=96&d=mm&r=g","caption":"Redacci\u00f3n"},"url":"https:\/\/fuentesfidedignas.com.mx\/index.php\/author\/redaccion\/"}]}},"_links":{"self":[{"href":"https:\/\/fuentesfidedignas.com.mx\/index.php\/wp-json\/wp\/v2\/posts\/27323","targetHints":{"allow":["GET"]}}],"collection":[{"href":"https:\/\/fuentesfidedignas.com.mx\/index.php\/wp-json\/wp\/v2\/posts"}],"about":[{"href":"https:\/\/fuentesfidedignas.com.mx\/index.php\/wp-json\/wp\/v2\/types\/post"}],"author":[{"embeddable":true,"href":"https:\/\/fuentesfidedignas.com.mx\/index.php\/wp-json\/wp\/v2\/users\/4"}],"replies":[{"embeddable":true,"href":"https:\/\/fuentesfidedignas.com.mx\/index.php\/wp-json\/wp\/v2\/comments?post=27323"}],"version-history":[{"count":1,"href":"https:\/\/fuentesfidedignas.com.mx\/index.php\/wp-json\/wp\/v2\/posts\/27323\/revisions"}],"predecessor-version":[{"id":27324,"href":"https:\/\/fuentesfidedignas.com.mx\/index.php\/wp-json\/wp\/v2\/posts\/27323\/revisions\/27324"}],"wp:featuredmedia":[{"embeddable":true,"href":"https:\/\/fuentesfidedignas.com.mx\/index.php\/wp-json\/wp\/v2\/media\/27325"}],"wp:attachment":[{"href":"https:\/\/fuentesfidedignas.com.mx\/index.php\/wp-json\/wp\/v2\/media?parent=27323"}],"wp:term":[{"taxonomy":"category","embeddable":true,"href":"https:\/\/fuentesfidedignas.com.mx\/index.php\/wp-json\/wp\/v2\/categories?post=27323"},{"taxonomy":"post_tag","embeddable":true,"href":"https:\/\/fuentesfidedignas.com.mx\/index.php\/wp-json\/wp\/v2\/tags?post=27323"}],"curies":[{"name":"wp","href":"https:\/\/api.w.org\/{rel}","templated":true}]}}