{"id":27307,"date":"2022-03-30T10:15:17","date_gmt":"2022-03-30T17:15:17","guid":{"rendered":"https:\/\/fuentesfidedignas.com.mx\/?p=27307"},"modified":"2022-03-30T10:27:00","modified_gmt":"2022-03-30T17:27:00","slug":"bruce-willis-se-retira-de-la-actuacion-tras-diagnostico-de-afasia","status":"publish","type":"post","link":"https:\/\/fuentesfidedignas.com.mx\/index.php\/2022\/03\/30\/bruce-willis-se-retira-de-la-actuacion-tras-diagnostico-de-afasia\/","title":{"rendered":"Bruce Willis se retira de la actuaci\u00f3n tras diagn\u00f3stico de afasia"},"content":{"rendered":"\n<p><strong><em>El actor y productor estadounidense, de 67 a\u00f1os, ha formado parte de pel\u00edculas como \u2018Duro de matar\u2019.<\/em><\/strong><\/p>\n\n\n\n<p>Ciudad de M\u00e9xico.- El actor estadounidense Bruce Willis se retirar\u00e1 de la actuaci\u00f3n debido a que recientemente fue diagnosticado con afasia, un trastorno del lenguaje que afecta la capacidad de comunicaci\u00f3n. La familia del actor de Duro de Matar, con m\u00e1s de cuatro d\u00e9cadas de trayectoria, anunci\u00f3 el diagn\u00f3stico a trav\u00e9s de sus redes sociales.<\/p>\n\n\n\n<p>\u201cA los incre\u00edbles seguidores de Bruce, como familia, quer\u00edamos compartir que nuestro amado Bruce ha estado experimentando algunos problemas de salud y recientemente se le diagnostic\u00f3 afasia, que est\u00e1 afectando sus habilidades cognitivas\u201d, explicaron en la publicaci\u00f3n.<\/p>\n\n\n\n<p>Willis, de 67 a\u00f1os, ha sido uno de los actores m\u00e1s famosos en la industria del cine en Hollywood. \u201cComo resultado de esto y con mucha consideraci\u00f3n, Bruce se est\u00e1 alejando de la carrera que ha significado tanto para \u00e9l. Este es un momento realmente desafiante para nuestra familia y estamos muy agradecidos por su continuo amor, compasi\u00f3n y apoyo\u201d, se agreg\u00f3.<\/p>\n\n\n\n<p>Entre los t\u00edtulos que destacan en la carrera de Willis se encuentran Pulp Fiction (1994), Los \u00c1ngeles de Charlie: Al l\u00edmite (2003), Sin City (2005), 12 Monos (1995), El Quinto Elemento (1997), El Sexto Sentido (1999), Armageddon (1998), Los indestructibles (2010), Red 2 (2013) y El Protegido (2000).<\/p>\n\n\n\n<p>\u201cEstamos atravesando esto como una unidad familiar s\u00f3lida y quer\u00edamos atraer a sus fan\u00e1ticos porque sabemos cu\u00e1nto significa \u00e9l para ustedes, al igual que ustedes para \u00e9l. Como Bruce siempre dice, \u2018vive el momento\u2019 y juntos planeamos hacer precisamente eso\u201d, apuntaron.<\/p>\n\n\n\n<p>El comunicado -firmado por Emma, Demi, Rumer, Scout, Tallulah, Mabel y Evelyn- ya recibi\u00f3 miles de me gusta y cientos de comentarios de apoyo. Entre los \u00faltimos filmes de Willis se encuentra su aparici\u00f3n en Cosmic Sin, Midnight in the Switchgrass y Out of death. En los \u00faltimos a\u00f1os, el actor tambi\u00e9n ha protagonizado los comerciales en M\u00e9xico para una reconocida marca de cervezas.<\/p>\n\n\n\n<figure class=\"wp-block-image\"><img decoding=\"async\" src=\"https:\/\/www.elfinanciero.com.mx\/resizer\/RLijZbaXLhYVLfxVpj7yJ1JiSwM=\/1440x0\/filters:format(png):quality(70)\/cloudfront-us-east-1.images.arcpublishing.com\/elfinanciero\/4P4RPH3YDZB75NV5WM2ZRLYND4.png\" alt=\"\"\/><\/figure>\n","protected":false},"excerpt":{"rendered":"<p>El actor y productor estadounidense, de 67 a\u00f1os, ha formado parte de pel\u00edculas como \u2018Duro de matar\u2019. Ciudad de M\u00e9xico.- El actor estadounidense Bruce Willis se retirar\u00e1 de la actuaci\u00f3n debido a que recientemente fue diagnosticado con afasia, un trastorno del lenguaje que afecta la capacidad de comunicaci\u00f3n. La familia del actor de Duro de [&hellip;]<\/p>\n","protected":false},"author":21,"featured_media":27308,"comment_status":"open","ping_status":"open","sticky":false,"template":"","format":"standard","meta":{"tdm_status":"","tdm_grid_status":"","footnotes":""},"categories":[1],"tags":[2559],"class_list":{"0":"post-27307","1":"post","2":"type-post","3":"status-publish","4":"format-standard","5":"has-post-thumbnail","7":"category-sin-categoria","8":"tag-bruce-willis"},"yoast_head":"<!-- This site is optimized with the Yoast SEO plugin v27.5 - https:\/\/yoast.com\/product\/yoast-seo-wordpress\/ -->\n<title>Bruce Willis se retira de la actuaci\u00f3n tras diagn\u00f3stico de afasia - Fuentes Fidedignas<\/title>\n<meta name=\"robots\" content=\"index, follow, max-snippet:-1, max-image-preview:large, max-video-preview:-1\" \/>\n<link rel=\"canonical\" href=\"https:\/\/fuentesfidedignas.com.mx\/index.php\/2022\/03\/30\/bruce-willis-se-retira-de-la-actuacion-tras-diagnostico-de-afasia\/\" \/>\n<meta property=\"og:locale\" content=\"es_MX\" \/>\n<meta property=\"og:type\" content=\"article\" \/>\n<meta property=\"og:title\" content=\"Bruce Willis se retira de la actuaci\u00f3n tras diagn\u00f3stico de afasia - Fuentes Fidedignas\" \/>\n<meta property=\"og:description\" content=\"El actor y productor estadounidense, de 67 a\u00f1os, ha formado parte de pel\u00edculas como \u2018Duro de matar\u2019. Ciudad de M\u00e9xico.- El actor estadounidense Bruce Willis se retirar\u00e1 de la actuaci\u00f3n debido a que recientemente fue diagnosticado con afasia, un trastorno del lenguaje que afecta la capacidad de comunicaci\u00f3n. La familia del actor de Duro de [&hellip;]\" \/>\n<meta property=\"og:url\" content=\"https:\/\/fuentesfidedignas.com.mx\/index.php\/2022\/03\/30\/bruce-willis-se-retira-de-la-actuacion-tras-diagnostico-de-afasia\/\" \/>\n<meta property=\"og:site_name\" content=\"Fuentes Fidedignas\" \/>\n<meta property=\"article:publisher\" content=\"https:\/\/www.facebook.com\/Fuentes-Fidedignas-368234489921644\" \/>\n<meta property=\"article:published_time\" content=\"2022-03-30T17:15:17+00:00\" \/>\n<meta property=\"article:modified_time\" content=\"2022-03-30T17:27:00+00:00\" \/>\n<meta property=\"og:image\" content=\"https:\/\/fuentesfidedignas.com.mx\/wp-content\/uploads\/2022\/03\/BRUCE_WILLY.jpg\" \/>\n\t<meta property=\"og:image:width\" content=\"800\" \/>\n\t<meta property=\"og:image:height\" content=\"514\" \/>\n\t<meta property=\"og:image:type\" content=\"image\/jpeg\" \/>\n<meta name=\"author\" content=\"El Financiero\" \/>\n<meta name=\"twitter:card\" content=\"summary_large_image\" \/>\n<meta name=\"twitter:creator\" content=\"@fidedignas\" \/>\n<meta name=\"twitter:site\" content=\"@fidedignas\" \/>\n<meta name=\"twitter:label1\" content=\"Escrito por\" \/>\n\t<meta name=\"twitter:data1\" content=\"El Financiero\" \/>\n\t<meta name=\"twitter:label2\" content=\"Tiempo de lectura\" \/>\n\t<meta name=\"twitter:data2\" content=\"2 minutos\" \/>\n<script type=\"application\/ld+json\" class=\"yoast-schema-graph\">{\"@context\":\"https:\\\/\\\/schema.org\",\"@graph\":[{\"@type\":\"Article\",\"@id\":\"https:\\\/\\\/fuentesfidedignas.com.mx\\\/index.php\\\/2022\\\/03\\\/30\\\/bruce-willis-se-retira-de-la-actuacion-tras-diagnostico-de-afasia\\\/#article\",\"isPartOf\":{\"@id\":\"https:\\\/\\\/fuentesfidedignas.com.mx\\\/index.php\\\/2022\\\/03\\\/30\\\/bruce-willis-se-retira-de-la-actuacion-tras-diagnostico-de-afasia\\\/\"},\"author\":{\"name\":\"El Financiero\",\"@id\":\"https:\\\/\\\/fuentesfidedignas.com.mx\\\/#\\\/schema\\\/person\\\/494f7e0dce8dfaaec5b64f16615b78e9\"},\"headline\":\"Bruce Willis se retira de la actuaci\u00f3n tras diagn\u00f3stico de afasia\",\"datePublished\":\"2022-03-30T17:15:17+00:00\",\"dateModified\":\"2022-03-30T17:27:00+00:00\",\"mainEntityOfPage\":{\"@id\":\"https:\\\/\\\/fuentesfidedignas.com.mx\\\/index.php\\\/2022\\\/03\\\/30\\\/bruce-willis-se-retira-de-la-actuacion-tras-diagnostico-de-afasia\\\/\"},\"wordCount\":350,\"commentCount\":0,\"publisher\":{\"@id\":\"https:\\\/\\\/fuentesfidedignas.com.mx\\\/#organization\"},\"image\":{\"@id\":\"https:\\\/\\\/fuentesfidedignas.com.mx\\\/index.php\\\/2022\\\/03\\\/30\\\/bruce-willis-se-retira-de-la-actuacion-tras-diagnostico-de-afasia\\\/#primaryimage\"},\"thumbnailUrl\":\"https:\\\/\\\/fuentesfidedignas.com.mx\\\/wp-content\\\/uploads\\\/2022\\\/03\\\/BRUCE_WILLY.jpg\",\"keywords\":[\"Bruce Willis\"],\"inLanguage\":\"es\",\"potentialAction\":[{\"@type\":\"CommentAction\",\"name\":\"Comment\",\"target\":[\"https:\\\/\\\/fuentesfidedignas.com.mx\\\/index.php\\\/2022\\\/03\\\/30\\\/bruce-willis-se-retira-de-la-actuacion-tras-diagnostico-de-afasia\\\/#respond\"]}]},{\"@type\":\"WebPage\",\"@id\":\"https:\\\/\\\/fuentesfidedignas.com.mx\\\/index.php\\\/2022\\\/03\\\/30\\\/bruce-willis-se-retira-de-la-actuacion-tras-diagnostico-de-afasia\\\/\",\"url\":\"https:\\\/\\\/fuentesfidedignas.com.mx\\\/index.php\\\/2022\\\/03\\\/30\\\/bruce-willis-se-retira-de-la-actuacion-tras-diagnostico-de-afasia\\\/\",\"name\":\"Bruce Willis se retira de la actuaci\u00f3n tras diagn\u00f3stico de afasia - Fuentes Fidedignas\",\"isPartOf\":{\"@id\":\"https:\\\/\\\/fuentesfidedignas.com.mx\\\/#website\"},\"primaryImageOfPage\":{\"@id\":\"https:\\\/\\\/fuentesfidedignas.com.mx\\\/index.php\\\/2022\\\/03\\\/30\\\/bruce-willis-se-retira-de-la-actuacion-tras-diagnostico-de-afasia\\\/#primaryimage\"},\"image\":{\"@id\":\"https:\\\/\\\/fuentesfidedignas.com.mx\\\/index.php\\\/2022\\\/03\\\/30\\\/bruce-willis-se-retira-de-la-actuacion-tras-diagnostico-de-afasia\\\/#primaryimage\"},\"thumbnailUrl\":\"https:\\\/\\\/fuentesfidedignas.com.mx\\\/wp-content\\\/uploads\\\/2022\\\/03\\\/BRUCE_WILLY.jpg\",\"datePublished\":\"2022-03-30T17:15:17+00:00\",\"dateModified\":\"2022-03-30T17:27:00+00:00\",\"breadcrumb\":{\"@id\":\"https:\\\/\\\/fuentesfidedignas.com.mx\\\/index.php\\\/2022\\\/03\\\/30\\\/bruce-willis-se-retira-de-la-actuacion-tras-diagnostico-de-afasia\\\/#breadcrumb\"},\"inLanguage\":\"es\",\"potentialAction\":[{\"@type\":\"ReadAction\",\"target\":[\"https:\\\/\\\/fuentesfidedignas.com.mx\\\/index.php\\\/2022\\\/03\\\/30\\\/bruce-willis-se-retira-de-la-actuacion-tras-diagnostico-de-afasia\\\/\"]}]},{\"@type\":\"ImageObject\",\"inLanguage\":\"es\",\"@id\":\"https:\\\/\\\/fuentesfidedignas.com.mx\\\/index.php\\\/2022\\\/03\\\/30\\\/bruce-willis-se-retira-de-la-actuacion-tras-diagnostico-de-afasia\\\/#primaryimage\",\"url\":\"https:\\\/\\\/fuentesfidedignas.com.mx\\\/wp-content\\\/uploads\\\/2022\\\/03\\\/BRUCE_WILLY.jpg\",\"contentUrl\":\"https:\\\/\\\/fuentesfidedignas.com.mx\\\/wp-content\\\/uploads\\\/2022\\\/03\\\/BRUCE_WILLY.jpg\",\"width\":800,\"height\":514},{\"@type\":\"BreadcrumbList\",\"@id\":\"https:\\\/\\\/fuentesfidedignas.com.mx\\\/index.php\\\/2022\\\/03\\\/30\\\/bruce-willis-se-retira-de-la-actuacion-tras-diagnostico-de-afasia\\\/#breadcrumb\",\"itemListElement\":[{\"@type\":\"ListItem\",\"position\":1,\"name\":\"Inicio\",\"item\":\"https:\\\/\\\/fuentesfidedignas.com.mx\\\/\"},{\"@type\":\"ListItem\",\"position\":2,\"name\":\"Bruce Willis se retira de la actuaci\u00f3n tras diagn\u00f3stico de afasia\"}]},{\"@type\":\"WebSite\",\"@id\":\"https:\\\/\\\/fuentesfidedignas.com.mx\\\/#website\",\"url\":\"https:\\\/\\\/fuentesfidedignas.com.mx\\\/\",\"name\":\"Fuentes Fidedignas\",\"description\":\"Otro sitio realizado con WordPress\",\"publisher\":{\"@id\":\"https:\\\/\\\/fuentesfidedignas.com.mx\\\/#organization\"},\"potentialAction\":[{\"@type\":\"SearchAction\",\"target\":{\"@type\":\"EntryPoint\",\"urlTemplate\":\"https:\\\/\\\/fuentesfidedignas.com.mx\\\/?s={search_term_string}\"},\"query-input\":{\"@type\":\"PropertyValueSpecification\",\"valueRequired\":true,\"valueName\":\"search_term_string\"}}],\"inLanguage\":\"es\"},{\"@type\":\"Organization\",\"@id\":\"https:\\\/\\\/fuentesfidedignas.com.mx\\\/#organization\",\"name\":\"Fuentes Fidedignas\",\"url\":\"https:\\\/\\\/fuentesfidedignas.com.mx\\\/\",\"logo\":{\"@type\":\"ImageObject\",\"inLanguage\":\"es\",\"@id\":\"https:\\\/\\\/fuentesfidedignas.com.mx\\\/#\\\/schema\\\/logo\\\/image\\\/\",\"url\":\"https:\\\/\\\/fuentesfidedignas.com.mx\\\/wp-content\\\/uploads\\\/2021\\\/04\\\/logo-retina.png\",\"contentUrl\":\"https:\\\/\\\/fuentesfidedignas.com.mx\\\/wp-content\\\/uploads\\\/2021\\\/04\\\/logo-retina.png\",\"width\":280,\"height\":51,\"caption\":\"Fuentes Fidedignas\"},\"image\":{\"@id\":\"https:\\\/\\\/fuentesfidedignas.com.mx\\\/#\\\/schema\\\/logo\\\/image\\\/\"},\"sameAs\":[\"https:\\\/\\\/www.facebook.com\\\/Fuentes-Fidedignas-368234489921644\",\"https:\\\/\\\/x.com\\\/fidedignas\"]},{\"@type\":\"Person\",\"@id\":\"https:\\\/\\\/fuentesfidedignas.com.mx\\\/#\\\/schema\\\/person\\\/494f7e0dce8dfaaec5b64f16615b78e9\",\"name\":\"El Financiero\",\"image\":{\"@type\":\"ImageObject\",\"inLanguage\":\"es\",\"@id\":\"https:\\\/\\\/secure.gravatar.com\\\/avatar\\\/88c0f3f2079389318ef8dd35c22cb997212aa89646e357ba59b318db26ed91a9?s=96&d=mm&r=g\",\"url\":\"https:\\\/\\\/secure.gravatar.com\\\/avatar\\\/88c0f3f2079389318ef8dd35c22cb997212aa89646e357ba59b318db26ed91a9?s=96&d=mm&r=g\",\"contentUrl\":\"https:\\\/\\\/secure.gravatar.com\\\/avatar\\\/88c0f3f2079389318ef8dd35c22cb997212aa89646e357ba59b318db26ed91a9?s=96&d=mm&r=g\",\"caption\":\"El Financiero\"},\"url\":\"https:\\\/\\\/fuentesfidedignas.com.mx\\\/index.php\\\/author\\\/financiero\\\/\"}]}<\/script>\n<!-- \/ Yoast SEO plugin. -->","yoast_head_json":{"title":"Bruce Willis se retira de la actuaci\u00f3n tras diagn\u00f3stico de afasia - Fuentes Fidedignas","robots":{"index":"index","follow":"follow","max-snippet":"max-snippet:-1","max-image-preview":"max-image-preview:large","max-video-preview":"max-video-preview:-1"},"canonical":"https:\/\/fuentesfidedignas.com.mx\/index.php\/2022\/03\/30\/bruce-willis-se-retira-de-la-actuacion-tras-diagnostico-de-afasia\/","og_locale":"es_MX","og_type":"article","og_title":"Bruce Willis se retira de la actuaci\u00f3n tras diagn\u00f3stico de afasia - Fuentes Fidedignas","og_description":"El actor y productor estadounidense, de 67 a\u00f1os, ha formado parte de pel\u00edculas como \u2018Duro de matar\u2019. Ciudad de M\u00e9xico.- El actor estadounidense Bruce Willis se retirar\u00e1 de la actuaci\u00f3n debido a que recientemente fue diagnosticado con afasia, un trastorno del lenguaje que afecta la capacidad de comunicaci\u00f3n. La familia del actor de Duro de [&hellip;]","og_url":"https:\/\/fuentesfidedignas.com.mx\/index.php\/2022\/03\/30\/bruce-willis-se-retira-de-la-actuacion-tras-diagnostico-de-afasia\/","og_site_name":"Fuentes Fidedignas","article_publisher":"https:\/\/www.facebook.com\/Fuentes-Fidedignas-368234489921644","article_published_time":"2022-03-30T17:15:17+00:00","article_modified_time":"2022-03-30T17:27:00+00:00","og_image":[{"width":800,"height":514,"url":"https:\/\/fuentesfidedignas.com.mx\/wp-content\/uploads\/2022\/03\/BRUCE_WILLY.jpg","type":"image\/jpeg"}],"author":"El Financiero","twitter_card":"summary_large_image","twitter_creator":"@fidedignas","twitter_site":"@fidedignas","twitter_misc":{"Escrito por":"El Financiero","Tiempo de lectura":"2 minutos"},"schema":{"@context":"https:\/\/schema.org","@graph":[{"@type":"Article","@id":"https:\/\/fuentesfidedignas.com.mx\/index.php\/2022\/03\/30\/bruce-willis-se-retira-de-la-actuacion-tras-diagnostico-de-afasia\/#article","isPartOf":{"@id":"https:\/\/fuentesfidedignas.com.mx\/index.php\/2022\/03\/30\/bruce-willis-se-retira-de-la-actuacion-tras-diagnostico-de-afasia\/"},"author":{"name":"El Financiero","@id":"https:\/\/fuentesfidedignas.com.mx\/#\/schema\/person\/494f7e0dce8dfaaec5b64f16615b78e9"},"headline":"Bruce Willis se retira de la actuaci\u00f3n tras diagn\u00f3stico de afasia","datePublished":"2022-03-30T17:15:17+00:00","dateModified":"2022-03-30T17:27:00+00:00","mainEntityOfPage":{"@id":"https:\/\/fuentesfidedignas.com.mx\/index.php\/2022\/03\/30\/bruce-willis-se-retira-de-la-actuacion-tras-diagnostico-de-afasia\/"},"wordCount":350,"commentCount":0,"publisher":{"@id":"https:\/\/fuentesfidedignas.com.mx\/#organization"},"image":{"@id":"https:\/\/fuentesfidedignas.com.mx\/index.php\/2022\/03\/30\/bruce-willis-se-retira-de-la-actuacion-tras-diagnostico-de-afasia\/#primaryimage"},"thumbnailUrl":"https:\/\/fuentesfidedignas.com.mx\/wp-content\/uploads\/2022\/03\/BRUCE_WILLY.jpg","keywords":["Bruce Willis"],"inLanguage":"es","potentialAction":[{"@type":"CommentAction","name":"Comment","target":["https:\/\/fuentesfidedignas.com.mx\/index.php\/2022\/03\/30\/bruce-willis-se-retira-de-la-actuacion-tras-diagnostico-de-afasia\/#respond"]}]},{"@type":"WebPage","@id":"https:\/\/fuentesfidedignas.com.mx\/index.php\/2022\/03\/30\/bruce-willis-se-retira-de-la-actuacion-tras-diagnostico-de-afasia\/","url":"https:\/\/fuentesfidedignas.com.mx\/index.php\/2022\/03\/30\/bruce-willis-se-retira-de-la-actuacion-tras-diagnostico-de-afasia\/","name":"Bruce Willis se retira de la actuaci\u00f3n tras diagn\u00f3stico de afasia - Fuentes Fidedignas","isPartOf":{"@id":"https:\/\/fuentesfidedignas.com.mx\/#website"},"primaryImageOfPage":{"@id":"https:\/\/fuentesfidedignas.com.mx\/index.php\/2022\/03\/30\/bruce-willis-se-retira-de-la-actuacion-tras-diagnostico-de-afasia\/#primaryimage"},"image":{"@id":"https:\/\/fuentesfidedignas.com.mx\/index.php\/2022\/03\/30\/bruce-willis-se-retira-de-la-actuacion-tras-diagnostico-de-afasia\/#primaryimage"},"thumbnailUrl":"https:\/\/fuentesfidedignas.com.mx\/wp-content\/uploads\/2022\/03\/BRUCE_WILLY.jpg","datePublished":"2022-03-30T17:15:17+00:00","dateModified":"2022-03-30T17:27:00+00:00","breadcrumb":{"@id":"https:\/\/fuentesfidedignas.com.mx\/index.php\/2022\/03\/30\/bruce-willis-se-retira-de-la-actuacion-tras-diagnostico-de-afasia\/#breadcrumb"},"inLanguage":"es","potentialAction":[{"@type":"ReadAction","target":["https:\/\/fuentesfidedignas.com.mx\/index.php\/2022\/03\/30\/bruce-willis-se-retira-de-la-actuacion-tras-diagnostico-de-afasia\/"]}]},{"@type":"ImageObject","inLanguage":"es","@id":"https:\/\/fuentesfidedignas.com.mx\/index.php\/2022\/03\/30\/bruce-willis-se-retira-de-la-actuacion-tras-diagnostico-de-afasia\/#primaryimage","url":"https:\/\/fuentesfidedignas.com.mx\/wp-content\/uploads\/2022\/03\/BRUCE_WILLY.jpg","contentUrl":"https:\/\/fuentesfidedignas.com.mx\/wp-content\/uploads\/2022\/03\/BRUCE_WILLY.jpg","width":800,"height":514},{"@type":"BreadcrumbList","@id":"https:\/\/fuentesfidedignas.com.mx\/index.php\/2022\/03\/30\/bruce-willis-se-retira-de-la-actuacion-tras-diagnostico-de-afasia\/#breadcrumb","itemListElement":[{"@type":"ListItem","position":1,"name":"Inicio","item":"https:\/\/fuentesfidedignas.com.mx\/"},{"@type":"ListItem","position":2,"name":"Bruce Willis se retira de la actuaci\u00f3n tras diagn\u00f3stico de afasia"}]},{"@type":"WebSite","@id":"https:\/\/fuentesfidedignas.com.mx\/#website","url":"https:\/\/fuentesfidedignas.com.mx\/","name":"Fuentes Fidedignas","description":"Otro sitio realizado con WordPress","publisher":{"@id":"https:\/\/fuentesfidedignas.com.mx\/#organization"},"potentialAction":[{"@type":"SearchAction","target":{"@type":"EntryPoint","urlTemplate":"https:\/\/fuentesfidedignas.com.mx\/?s={search_term_string}"},"query-input":{"@type":"PropertyValueSpecification","valueRequired":true,"valueName":"search_term_string"}}],"inLanguage":"es"},{"@type":"Organization","@id":"https:\/\/fuentesfidedignas.com.mx\/#organization","name":"Fuentes Fidedignas","url":"https:\/\/fuentesfidedignas.com.mx\/","logo":{"@type":"ImageObject","inLanguage":"es","@id":"https:\/\/fuentesfidedignas.com.mx\/#\/schema\/logo\/image\/","url":"https:\/\/fuentesfidedignas.com.mx\/wp-content\/uploads\/2021\/04\/logo-retina.png","contentUrl":"https:\/\/fuentesfidedignas.com.mx\/wp-content\/uploads\/2021\/04\/logo-retina.png","width":280,"height":51,"caption":"Fuentes Fidedignas"},"image":{"@id":"https:\/\/fuentesfidedignas.com.mx\/#\/schema\/logo\/image\/"},"sameAs":["https:\/\/www.facebook.com\/Fuentes-Fidedignas-368234489921644","https:\/\/x.com\/fidedignas"]},{"@type":"Person","@id":"https:\/\/fuentesfidedignas.com.mx\/#\/schema\/person\/494f7e0dce8dfaaec5b64f16615b78e9","name":"El Financiero","image":{"@type":"ImageObject","inLanguage":"es","@id":"https:\/\/secure.gravatar.com\/avatar\/88c0f3f2079389318ef8dd35c22cb997212aa89646e357ba59b318db26ed91a9?s=96&d=mm&r=g","url":"https:\/\/secure.gravatar.com\/avatar\/88c0f3f2079389318ef8dd35c22cb997212aa89646e357ba59b318db26ed91a9?s=96&d=mm&r=g","contentUrl":"https:\/\/secure.gravatar.com\/avatar\/88c0f3f2079389318ef8dd35c22cb997212aa89646e357ba59b318db26ed91a9?s=96&d=mm&r=g","caption":"El Financiero"},"url":"https:\/\/fuentesfidedignas.com.mx\/index.php\/author\/financiero\/"}]}},"_links":{"self":[{"href":"https:\/\/fuentesfidedignas.com.mx\/index.php\/wp-json\/wp\/v2\/posts\/27307","targetHints":{"allow":["GET"]}}],"collection":[{"href":"https:\/\/fuentesfidedignas.com.mx\/index.php\/wp-json\/wp\/v2\/posts"}],"about":[{"href":"https:\/\/fuentesfidedignas.com.mx\/index.php\/wp-json\/wp\/v2\/types\/post"}],"author":[{"embeddable":true,"href":"https:\/\/fuentesfidedignas.com.mx\/index.php\/wp-json\/wp\/v2\/users\/21"}],"replies":[{"embeddable":true,"href":"https:\/\/fuentesfidedignas.com.mx\/index.php\/wp-json\/wp\/v2\/comments?post=27307"}],"version-history":[{"count":1,"href":"https:\/\/fuentesfidedignas.com.mx\/index.php\/wp-json\/wp\/v2\/posts\/27307\/revisions"}],"predecessor-version":[{"id":27309,"href":"https:\/\/fuentesfidedignas.com.mx\/index.php\/wp-json\/wp\/v2\/posts\/27307\/revisions\/27309"}],"wp:featuredmedia":[{"embeddable":true,"href":"https:\/\/fuentesfidedignas.com.mx\/index.php\/wp-json\/wp\/v2\/media\/27308"}],"wp:attachment":[{"href":"https:\/\/fuentesfidedignas.com.mx\/index.php\/wp-json\/wp\/v2\/media?parent=27307"}],"wp:term":[{"taxonomy":"category","embeddable":true,"href":"https:\/\/fuentesfidedignas.com.mx\/index.php\/wp-json\/wp\/v2\/categories?post=27307"},{"taxonomy":"post_tag","embeddable":true,"href":"https:\/\/fuentesfidedignas.com.mx\/index.php\/wp-json\/wp\/v2\/tags?post=27307"}],"curies":[{"name":"wp","href":"https:\/\/api.w.org\/{rel}","templated":true}]}}