{"id":27264,"date":"2022-03-29T14:38:45","date_gmt":"2022-03-29T21:38:45","guid":{"rendered":"https:\/\/fuentesfidedignas.com.mx\/?p=27264"},"modified":"2022-03-29T14:39:02","modified_gmt":"2022-03-29T21:39:02","slug":"ine-ordena-a-gobernadores-de-morena-bajar-tuits-sobre-la-consulta-que-violan-la-veda","status":"publish","type":"post","link":"https:\/\/fuentesfidedignas.com.mx\/index.php\/2022\/03\/29\/ine-ordena-a-gobernadores-de-morena-bajar-tuits-sobre-la-consulta-que-violan-la-veda\/","title":{"rendered":"INE ordena a gobernadores de Morena bajar tuits sobre la consulta que violan la veda"},"content":{"rendered":"\n<p><strong><em>La Comisi\u00f3n de Quejas y Denuncias del INE declar\u00f3 procedente la medida cautelar solicitada por el partido Movimiento Ciudadano  <\/em><\/strong><\/p>\n\n\n\n<p>Ciudad de M\u00e9xico. El Instituto Nacional Electoral (INE) orden\u00f3 nuevamente a la jefa de Gobierno de la Ciudad de M\u00e9xico (CDMX), Claudia Sheinbaum, eliminar de sus redes sociales mensajes que exalten logros y acciones de gobierno, pues violan la veda por la consulta de revocaci\u00f3n de mandato.<\/p>\n\n\n\n<p>Dicha medida de respetar la veda para la consulta de revocaci\u00f3n de mandato tambi\u00e9n fue enviada a los gobernadores de Baja California, Baja California Sur, Chiapas, Guerrero, Morelos, San Luis Potos\u00ed, Sinaloa, Sonora, Tabasco, Veracruz y Zacatecas. <\/p>\n\n\n\n<p>La Comisi\u00f3n de Quejas y Denuncias del INE declar\u00f3 procedente la medida cautelar solicitada por el partido Movimiento Ciudadano (MC), por lo que se determin\u00f3 que las publicaciones en redes sociales no son informativas.<\/p>\n\n\n\n<p>Dicha Comisi\u00f3n identific\u00f3 48 publicaciones en Twitter, de las cuales 10 son de la jefa de Gobierno de la CDMX, 3 de Baja California, 2 de Baja California Sur, 7 de Chiapas, 1 Guerrero, 1 Morelos, 1 Nayarit, 11 de San Luis Potos\u00ed, 4 Sinaloa, 4 de Sonora, 1 de Tabasco, 2 de Veracruz y 1 de Zacatecas, alusivas a propaganda gubernamental y promoci\u00f3n personalizada durante el proceso de revocaci\u00f3n de mandato.<\/p>\n\n\n\n<p>Se orden\u00f3 a las y los mandatarios que de inmediato, en un plazo que no podr\u00e1 exceder tres horas, eliminen las publicaciones denunciadas e informen del cumplimiento de la medida cautelar dentro de las seis horas siguientes.<\/p>\n\n\n\n<p>El consejero Ciro Murayama advirti\u00f3 que hay una campa\u00f1a de desacato a las reglas que impone la Constituci\u00f3n.<\/p>\n","protected":false},"excerpt":{"rendered":"<p>La Comisi\u00f3n de Quejas y Denuncias del INE declar\u00f3 procedente la medida cautelar solicitada por el partido Movimiento Ciudadano Ciudad de M\u00e9xico. El Instituto Nacional Electoral (INE) orden\u00f3 nuevamente a la jefa de Gobierno de la Ciudad de M\u00e9xico (CDMX), Claudia Sheinbaum, eliminar de sus redes sociales mensajes que exalten logros y acciones de gobierno, [&hellip;]<\/p>\n","protected":false},"author":50,"featured_media":27266,"comment_status":"open","ping_status":"open","sticky":false,"template":"","format":"standard","meta":{"tdm_status":"","tdm_grid_status":"","footnotes":""},"categories":[39],"tags":[],"class_list":{"0":"post-27264","1":"post","2":"type-post","3":"status-publish","4":"format-standard","5":"has-post-thumbnail","7":"category-noticias-nacionales"},"yoast_head":"<!-- This site is optimized with the Yoast SEO plugin v27.4 - https:\/\/yoast.com\/product\/yoast-seo-wordpress\/ -->\n<title>INE ordena a gobernadores de Morena bajar tuits sobre la consulta que violan la veda - Fuentes Fidedignas<\/title>\n<meta name=\"robots\" content=\"index, follow, max-snippet:-1, max-image-preview:large, max-video-preview:-1\" \/>\n<link rel=\"canonical\" href=\"https:\/\/fuentesfidedignas.com.mx\/index.php\/2022\/03\/29\/ine-ordena-a-gobernadores-de-morena-bajar-tuits-sobre-la-consulta-que-violan-la-veda\/\" \/>\n<meta property=\"og:locale\" content=\"es_MX\" \/>\n<meta property=\"og:type\" content=\"article\" \/>\n<meta property=\"og:title\" content=\"INE ordena a gobernadores de Morena bajar tuits sobre la consulta que violan la veda - Fuentes Fidedignas\" \/>\n<meta property=\"og:description\" content=\"La Comisi\u00f3n de Quejas y Denuncias del INE declar\u00f3 procedente la medida cautelar solicitada por el partido Movimiento Ciudadano Ciudad de M\u00e9xico. El Instituto Nacional Electoral (INE) orden\u00f3 nuevamente a la jefa de Gobierno de la Ciudad de M\u00e9xico (CDMX), Claudia Sheinbaum, eliminar de sus redes sociales mensajes que exalten logros y acciones de gobierno, [&hellip;]\" \/>\n<meta property=\"og:url\" content=\"https:\/\/fuentesfidedignas.com.mx\/index.php\/2022\/03\/29\/ine-ordena-a-gobernadores-de-morena-bajar-tuits-sobre-la-consulta-que-violan-la-veda\/\" \/>\n<meta property=\"og:site_name\" content=\"Fuentes Fidedignas\" \/>\n<meta property=\"article:publisher\" content=\"https:\/\/www.facebook.com\/Fuentes-Fidedignas-368234489921644\" \/>\n<meta property=\"article:published_time\" content=\"2022-03-29T21:38:45+00:00\" \/>\n<meta property=\"article:modified_time\" content=\"2022-03-29T21:39:02+00:00\" \/>\n<meta property=\"og:image\" content=\"https:\/\/fuentesfidedignas.com.mx\/wp-content\/uploads\/2022\/03\/f608x342-137602_167325_0.jpg\" \/>\n\t<meta property=\"og:image:width\" content=\"608\" \/>\n\t<meta property=\"og:image:height\" content=\"342\" \/>\n\t<meta property=\"og:image:type\" content=\"image\/jpeg\" \/>\n<meta name=\"author\" content=\"Proceso\" \/>\n<meta name=\"twitter:card\" content=\"summary_large_image\" \/>\n<meta name=\"twitter:creator\" content=\"@fidedignas\" \/>\n<meta name=\"twitter:site\" content=\"@fidedignas\" \/>\n<meta name=\"twitter:label1\" content=\"Escrito por\" \/>\n\t<meta name=\"twitter:data1\" content=\"Proceso\" \/>\n\t<meta name=\"twitter:label2\" content=\"Tiempo de lectura\" \/>\n\t<meta name=\"twitter:data2\" content=\"2 minutos\" \/>\n<script type=\"application\/ld+json\" class=\"yoast-schema-graph\">{\"@context\":\"https:\\\/\\\/schema.org\",\"@graph\":[{\"@type\":\"Article\",\"@id\":\"https:\\\/\\\/fuentesfidedignas.com.mx\\\/index.php\\\/2022\\\/03\\\/29\\\/ine-ordena-a-gobernadores-de-morena-bajar-tuits-sobre-la-consulta-que-violan-la-veda\\\/#article\",\"isPartOf\":{\"@id\":\"https:\\\/\\\/fuentesfidedignas.com.mx\\\/index.php\\\/2022\\\/03\\\/29\\\/ine-ordena-a-gobernadores-de-morena-bajar-tuits-sobre-la-consulta-que-violan-la-veda\\\/\"},\"author\":{\"name\":\"Proceso\",\"@id\":\"https:\\\/\\\/fuentesfidedignas.com.mx\\\/#\\\/schema\\\/person\\\/eb72247ff123b3ce5e4cadc7f50ae372\"},\"headline\":\"INE ordena a gobernadores de Morena bajar tuits sobre la consulta que violan la veda\",\"datePublished\":\"2022-03-29T21:38:45+00:00\",\"dateModified\":\"2022-03-29T21:39:02+00:00\",\"mainEntityOfPage\":{\"@id\":\"https:\\\/\\\/fuentesfidedignas.com.mx\\\/index.php\\\/2022\\\/03\\\/29\\\/ine-ordena-a-gobernadores-de-morena-bajar-tuits-sobre-la-consulta-que-violan-la-veda\\\/\"},\"wordCount\":277,\"commentCount\":0,\"publisher\":{\"@id\":\"https:\\\/\\\/fuentesfidedignas.com.mx\\\/#organization\"},\"image\":{\"@id\":\"https:\\\/\\\/fuentesfidedignas.com.mx\\\/index.php\\\/2022\\\/03\\\/29\\\/ine-ordena-a-gobernadores-de-morena-bajar-tuits-sobre-la-consulta-que-violan-la-veda\\\/#primaryimage\"},\"thumbnailUrl\":\"https:\\\/\\\/fuentesfidedignas.com.mx\\\/wp-content\\\/uploads\\\/2022\\\/03\\\/f608x342-137602_167325_0.jpg\",\"articleSection\":[\"NOTICIAS NACIONALES\"],\"inLanguage\":\"es\",\"potentialAction\":[{\"@type\":\"CommentAction\",\"name\":\"Comment\",\"target\":[\"https:\\\/\\\/fuentesfidedignas.com.mx\\\/index.php\\\/2022\\\/03\\\/29\\\/ine-ordena-a-gobernadores-de-morena-bajar-tuits-sobre-la-consulta-que-violan-la-veda\\\/#respond\"]}]},{\"@type\":\"WebPage\",\"@id\":\"https:\\\/\\\/fuentesfidedignas.com.mx\\\/index.php\\\/2022\\\/03\\\/29\\\/ine-ordena-a-gobernadores-de-morena-bajar-tuits-sobre-la-consulta-que-violan-la-veda\\\/\",\"url\":\"https:\\\/\\\/fuentesfidedignas.com.mx\\\/index.php\\\/2022\\\/03\\\/29\\\/ine-ordena-a-gobernadores-de-morena-bajar-tuits-sobre-la-consulta-que-violan-la-veda\\\/\",\"name\":\"INE ordena a gobernadores de Morena bajar tuits sobre la consulta que violan la veda - Fuentes Fidedignas\",\"isPartOf\":{\"@id\":\"https:\\\/\\\/fuentesfidedignas.com.mx\\\/#website\"},\"primaryImageOfPage\":{\"@id\":\"https:\\\/\\\/fuentesfidedignas.com.mx\\\/index.php\\\/2022\\\/03\\\/29\\\/ine-ordena-a-gobernadores-de-morena-bajar-tuits-sobre-la-consulta-que-violan-la-veda\\\/#primaryimage\"},\"image\":{\"@id\":\"https:\\\/\\\/fuentesfidedignas.com.mx\\\/index.php\\\/2022\\\/03\\\/29\\\/ine-ordena-a-gobernadores-de-morena-bajar-tuits-sobre-la-consulta-que-violan-la-veda\\\/#primaryimage\"},\"thumbnailUrl\":\"https:\\\/\\\/fuentesfidedignas.com.mx\\\/wp-content\\\/uploads\\\/2022\\\/03\\\/f608x342-137602_167325_0.jpg\",\"datePublished\":\"2022-03-29T21:38:45+00:00\",\"dateModified\":\"2022-03-29T21:39:02+00:00\",\"breadcrumb\":{\"@id\":\"https:\\\/\\\/fuentesfidedignas.com.mx\\\/index.php\\\/2022\\\/03\\\/29\\\/ine-ordena-a-gobernadores-de-morena-bajar-tuits-sobre-la-consulta-que-violan-la-veda\\\/#breadcrumb\"},\"inLanguage\":\"es\",\"potentialAction\":[{\"@type\":\"ReadAction\",\"target\":[\"https:\\\/\\\/fuentesfidedignas.com.mx\\\/index.php\\\/2022\\\/03\\\/29\\\/ine-ordena-a-gobernadores-de-morena-bajar-tuits-sobre-la-consulta-que-violan-la-veda\\\/\"]}]},{\"@type\":\"ImageObject\",\"inLanguage\":\"es\",\"@id\":\"https:\\\/\\\/fuentesfidedignas.com.mx\\\/index.php\\\/2022\\\/03\\\/29\\\/ine-ordena-a-gobernadores-de-morena-bajar-tuits-sobre-la-consulta-que-violan-la-veda\\\/#primaryimage\",\"url\":\"https:\\\/\\\/fuentesfidedignas.com.mx\\\/wp-content\\\/uploads\\\/2022\\\/03\\\/f608x342-137602_167325_0.jpg\",\"contentUrl\":\"https:\\\/\\\/fuentesfidedignas.com.mx\\\/wp-content\\\/uploads\\\/2022\\\/03\\\/f608x342-137602_167325_0.jpg\",\"width\":608,\"height\":342},{\"@type\":\"BreadcrumbList\",\"@id\":\"https:\\\/\\\/fuentesfidedignas.com.mx\\\/index.php\\\/2022\\\/03\\\/29\\\/ine-ordena-a-gobernadores-de-morena-bajar-tuits-sobre-la-consulta-que-violan-la-veda\\\/#breadcrumb\",\"itemListElement\":[{\"@type\":\"ListItem\",\"position\":1,\"name\":\"Inicio\",\"item\":\"https:\\\/\\\/fuentesfidedignas.com.mx\\\/\"},{\"@type\":\"ListItem\",\"position\":2,\"name\":\"INE ordena a gobernadores de Morena bajar tuits sobre la consulta que violan la veda\"}]},{\"@type\":\"WebSite\",\"@id\":\"https:\\\/\\\/fuentesfidedignas.com.mx\\\/#website\",\"url\":\"https:\\\/\\\/fuentesfidedignas.com.mx\\\/\",\"name\":\"Fuentes Fidedignas\",\"description\":\"Otro sitio realizado con WordPress\",\"publisher\":{\"@id\":\"https:\\\/\\\/fuentesfidedignas.com.mx\\\/#organization\"},\"potentialAction\":[{\"@type\":\"SearchAction\",\"target\":{\"@type\":\"EntryPoint\",\"urlTemplate\":\"https:\\\/\\\/fuentesfidedignas.com.mx\\\/?s={search_term_string}\"},\"query-input\":{\"@type\":\"PropertyValueSpecification\",\"valueRequired\":true,\"valueName\":\"search_term_string\"}}],\"inLanguage\":\"es\"},{\"@type\":\"Organization\",\"@id\":\"https:\\\/\\\/fuentesfidedignas.com.mx\\\/#organization\",\"name\":\"Fuentes Fidedignas\",\"url\":\"https:\\\/\\\/fuentesfidedignas.com.mx\\\/\",\"logo\":{\"@type\":\"ImageObject\",\"inLanguage\":\"es\",\"@id\":\"https:\\\/\\\/fuentesfidedignas.com.mx\\\/#\\\/schema\\\/logo\\\/image\\\/\",\"url\":\"https:\\\/\\\/fuentesfidedignas.com.mx\\\/wp-content\\\/uploads\\\/2021\\\/04\\\/logo-retina.png\",\"contentUrl\":\"https:\\\/\\\/fuentesfidedignas.com.mx\\\/wp-content\\\/uploads\\\/2021\\\/04\\\/logo-retina.png\",\"width\":280,\"height\":51,\"caption\":\"Fuentes Fidedignas\"},\"image\":{\"@id\":\"https:\\\/\\\/fuentesfidedignas.com.mx\\\/#\\\/schema\\\/logo\\\/image\\\/\"},\"sameAs\":[\"https:\\\/\\\/www.facebook.com\\\/Fuentes-Fidedignas-368234489921644\",\"https:\\\/\\\/x.com\\\/fidedignas\"]},{\"@type\":\"Person\",\"@id\":\"https:\\\/\\\/fuentesfidedignas.com.mx\\\/#\\\/schema\\\/person\\\/eb72247ff123b3ce5e4cadc7f50ae372\",\"name\":\"Proceso\",\"image\":{\"@type\":\"ImageObject\",\"inLanguage\":\"es\",\"@id\":\"https:\\\/\\\/secure.gravatar.com\\\/avatar\\\/0bb01ecb091d50a46122cbe5cc32ffea15a000f83628f1e40458e669d38ff2cd?s=96&d=mm&r=g\",\"url\":\"https:\\\/\\\/secure.gravatar.com\\\/avatar\\\/0bb01ecb091d50a46122cbe5cc32ffea15a000f83628f1e40458e669d38ff2cd?s=96&d=mm&r=g\",\"contentUrl\":\"https:\\\/\\\/secure.gravatar.com\\\/avatar\\\/0bb01ecb091d50a46122cbe5cc32ffea15a000f83628f1e40458e669d38ff2cd?s=96&d=mm&r=g\",\"caption\":\"Proceso\"},\"url\":\"https:\\\/\\\/fuentesfidedignas.com.mx\\\/index.php\\\/author\\\/proceso\\\/\"}]}<\/script>\n<!-- \/ Yoast SEO plugin. -->","yoast_head_json":{"title":"INE ordena a gobernadores de Morena bajar tuits sobre la consulta que violan la veda - Fuentes Fidedignas","robots":{"index":"index","follow":"follow","max-snippet":"max-snippet:-1","max-image-preview":"max-image-preview:large","max-video-preview":"max-video-preview:-1"},"canonical":"https:\/\/fuentesfidedignas.com.mx\/index.php\/2022\/03\/29\/ine-ordena-a-gobernadores-de-morena-bajar-tuits-sobre-la-consulta-que-violan-la-veda\/","og_locale":"es_MX","og_type":"article","og_title":"INE ordena a gobernadores de Morena bajar tuits sobre la consulta que violan la veda - Fuentes Fidedignas","og_description":"La Comisi\u00f3n de Quejas y Denuncias del INE declar\u00f3 procedente la medida cautelar solicitada por el partido Movimiento Ciudadano Ciudad de M\u00e9xico. El Instituto Nacional Electoral (INE) orden\u00f3 nuevamente a la jefa de Gobierno de la Ciudad de M\u00e9xico (CDMX), Claudia Sheinbaum, eliminar de sus redes sociales mensajes que exalten logros y acciones de gobierno, [&hellip;]","og_url":"https:\/\/fuentesfidedignas.com.mx\/index.php\/2022\/03\/29\/ine-ordena-a-gobernadores-de-morena-bajar-tuits-sobre-la-consulta-que-violan-la-veda\/","og_site_name":"Fuentes Fidedignas","article_publisher":"https:\/\/www.facebook.com\/Fuentes-Fidedignas-368234489921644","article_published_time":"2022-03-29T21:38:45+00:00","article_modified_time":"2022-03-29T21:39:02+00:00","og_image":[{"width":608,"height":342,"url":"https:\/\/fuentesfidedignas.com.mx\/wp-content\/uploads\/2022\/03\/f608x342-137602_167325_0.jpg","type":"image\/jpeg"}],"author":"Proceso","twitter_card":"summary_large_image","twitter_creator":"@fidedignas","twitter_site":"@fidedignas","twitter_misc":{"Escrito por":"Proceso","Tiempo de lectura":"2 minutos"},"schema":{"@context":"https:\/\/schema.org","@graph":[{"@type":"Article","@id":"https:\/\/fuentesfidedignas.com.mx\/index.php\/2022\/03\/29\/ine-ordena-a-gobernadores-de-morena-bajar-tuits-sobre-la-consulta-que-violan-la-veda\/#article","isPartOf":{"@id":"https:\/\/fuentesfidedignas.com.mx\/index.php\/2022\/03\/29\/ine-ordena-a-gobernadores-de-morena-bajar-tuits-sobre-la-consulta-que-violan-la-veda\/"},"author":{"name":"Proceso","@id":"https:\/\/fuentesfidedignas.com.mx\/#\/schema\/person\/eb72247ff123b3ce5e4cadc7f50ae372"},"headline":"INE ordena a gobernadores de Morena bajar tuits sobre la consulta que violan la veda","datePublished":"2022-03-29T21:38:45+00:00","dateModified":"2022-03-29T21:39:02+00:00","mainEntityOfPage":{"@id":"https:\/\/fuentesfidedignas.com.mx\/index.php\/2022\/03\/29\/ine-ordena-a-gobernadores-de-morena-bajar-tuits-sobre-la-consulta-que-violan-la-veda\/"},"wordCount":277,"commentCount":0,"publisher":{"@id":"https:\/\/fuentesfidedignas.com.mx\/#organization"},"image":{"@id":"https:\/\/fuentesfidedignas.com.mx\/index.php\/2022\/03\/29\/ine-ordena-a-gobernadores-de-morena-bajar-tuits-sobre-la-consulta-que-violan-la-veda\/#primaryimage"},"thumbnailUrl":"https:\/\/fuentesfidedignas.com.mx\/wp-content\/uploads\/2022\/03\/f608x342-137602_167325_0.jpg","articleSection":["NOTICIAS NACIONALES"],"inLanguage":"es","potentialAction":[{"@type":"CommentAction","name":"Comment","target":["https:\/\/fuentesfidedignas.com.mx\/index.php\/2022\/03\/29\/ine-ordena-a-gobernadores-de-morena-bajar-tuits-sobre-la-consulta-que-violan-la-veda\/#respond"]}]},{"@type":"WebPage","@id":"https:\/\/fuentesfidedignas.com.mx\/index.php\/2022\/03\/29\/ine-ordena-a-gobernadores-de-morena-bajar-tuits-sobre-la-consulta-que-violan-la-veda\/","url":"https:\/\/fuentesfidedignas.com.mx\/index.php\/2022\/03\/29\/ine-ordena-a-gobernadores-de-morena-bajar-tuits-sobre-la-consulta-que-violan-la-veda\/","name":"INE ordena a gobernadores de Morena bajar tuits sobre la consulta que violan la veda - Fuentes Fidedignas","isPartOf":{"@id":"https:\/\/fuentesfidedignas.com.mx\/#website"},"primaryImageOfPage":{"@id":"https:\/\/fuentesfidedignas.com.mx\/index.php\/2022\/03\/29\/ine-ordena-a-gobernadores-de-morena-bajar-tuits-sobre-la-consulta-que-violan-la-veda\/#primaryimage"},"image":{"@id":"https:\/\/fuentesfidedignas.com.mx\/index.php\/2022\/03\/29\/ine-ordena-a-gobernadores-de-morena-bajar-tuits-sobre-la-consulta-que-violan-la-veda\/#primaryimage"},"thumbnailUrl":"https:\/\/fuentesfidedignas.com.mx\/wp-content\/uploads\/2022\/03\/f608x342-137602_167325_0.jpg","datePublished":"2022-03-29T21:38:45+00:00","dateModified":"2022-03-29T21:39:02+00:00","breadcrumb":{"@id":"https:\/\/fuentesfidedignas.com.mx\/index.php\/2022\/03\/29\/ine-ordena-a-gobernadores-de-morena-bajar-tuits-sobre-la-consulta-que-violan-la-veda\/#breadcrumb"},"inLanguage":"es","potentialAction":[{"@type":"ReadAction","target":["https:\/\/fuentesfidedignas.com.mx\/index.php\/2022\/03\/29\/ine-ordena-a-gobernadores-de-morena-bajar-tuits-sobre-la-consulta-que-violan-la-veda\/"]}]},{"@type":"ImageObject","inLanguage":"es","@id":"https:\/\/fuentesfidedignas.com.mx\/index.php\/2022\/03\/29\/ine-ordena-a-gobernadores-de-morena-bajar-tuits-sobre-la-consulta-que-violan-la-veda\/#primaryimage","url":"https:\/\/fuentesfidedignas.com.mx\/wp-content\/uploads\/2022\/03\/f608x342-137602_167325_0.jpg","contentUrl":"https:\/\/fuentesfidedignas.com.mx\/wp-content\/uploads\/2022\/03\/f608x342-137602_167325_0.jpg","width":608,"height":342},{"@type":"BreadcrumbList","@id":"https:\/\/fuentesfidedignas.com.mx\/index.php\/2022\/03\/29\/ine-ordena-a-gobernadores-de-morena-bajar-tuits-sobre-la-consulta-que-violan-la-veda\/#breadcrumb","itemListElement":[{"@type":"ListItem","position":1,"name":"Inicio","item":"https:\/\/fuentesfidedignas.com.mx\/"},{"@type":"ListItem","position":2,"name":"INE ordena a gobernadores de Morena bajar tuits sobre la consulta que violan la veda"}]},{"@type":"WebSite","@id":"https:\/\/fuentesfidedignas.com.mx\/#website","url":"https:\/\/fuentesfidedignas.com.mx\/","name":"Fuentes Fidedignas","description":"Otro sitio realizado con WordPress","publisher":{"@id":"https:\/\/fuentesfidedignas.com.mx\/#organization"},"potentialAction":[{"@type":"SearchAction","target":{"@type":"EntryPoint","urlTemplate":"https:\/\/fuentesfidedignas.com.mx\/?s={search_term_string}"},"query-input":{"@type":"PropertyValueSpecification","valueRequired":true,"valueName":"search_term_string"}}],"inLanguage":"es"},{"@type":"Organization","@id":"https:\/\/fuentesfidedignas.com.mx\/#organization","name":"Fuentes Fidedignas","url":"https:\/\/fuentesfidedignas.com.mx\/","logo":{"@type":"ImageObject","inLanguage":"es","@id":"https:\/\/fuentesfidedignas.com.mx\/#\/schema\/logo\/image\/","url":"https:\/\/fuentesfidedignas.com.mx\/wp-content\/uploads\/2021\/04\/logo-retina.png","contentUrl":"https:\/\/fuentesfidedignas.com.mx\/wp-content\/uploads\/2021\/04\/logo-retina.png","width":280,"height":51,"caption":"Fuentes Fidedignas"},"image":{"@id":"https:\/\/fuentesfidedignas.com.mx\/#\/schema\/logo\/image\/"},"sameAs":["https:\/\/www.facebook.com\/Fuentes-Fidedignas-368234489921644","https:\/\/x.com\/fidedignas"]},{"@type":"Person","@id":"https:\/\/fuentesfidedignas.com.mx\/#\/schema\/person\/eb72247ff123b3ce5e4cadc7f50ae372","name":"Proceso","image":{"@type":"ImageObject","inLanguage":"es","@id":"https:\/\/secure.gravatar.com\/avatar\/0bb01ecb091d50a46122cbe5cc32ffea15a000f83628f1e40458e669d38ff2cd?s=96&d=mm&r=g","url":"https:\/\/secure.gravatar.com\/avatar\/0bb01ecb091d50a46122cbe5cc32ffea15a000f83628f1e40458e669d38ff2cd?s=96&d=mm&r=g","contentUrl":"https:\/\/secure.gravatar.com\/avatar\/0bb01ecb091d50a46122cbe5cc32ffea15a000f83628f1e40458e669d38ff2cd?s=96&d=mm&r=g","caption":"Proceso"},"url":"https:\/\/fuentesfidedignas.com.mx\/index.php\/author\/proceso\/"}]}},"_links":{"self":[{"href":"https:\/\/fuentesfidedignas.com.mx\/index.php\/wp-json\/wp\/v2\/posts\/27264","targetHints":{"allow":["GET"]}}],"collection":[{"href":"https:\/\/fuentesfidedignas.com.mx\/index.php\/wp-json\/wp\/v2\/posts"}],"about":[{"href":"https:\/\/fuentesfidedignas.com.mx\/index.php\/wp-json\/wp\/v2\/types\/post"}],"author":[{"embeddable":true,"href":"https:\/\/fuentesfidedignas.com.mx\/index.php\/wp-json\/wp\/v2\/users\/50"}],"replies":[{"embeddable":true,"href":"https:\/\/fuentesfidedignas.com.mx\/index.php\/wp-json\/wp\/v2\/comments?post=27264"}],"version-history":[{"count":1,"href":"https:\/\/fuentesfidedignas.com.mx\/index.php\/wp-json\/wp\/v2\/posts\/27264\/revisions"}],"predecessor-version":[{"id":27265,"href":"https:\/\/fuentesfidedignas.com.mx\/index.php\/wp-json\/wp\/v2\/posts\/27264\/revisions\/27265"}],"wp:featuredmedia":[{"embeddable":true,"href":"https:\/\/fuentesfidedignas.com.mx\/index.php\/wp-json\/wp\/v2\/media\/27266"}],"wp:attachment":[{"href":"https:\/\/fuentesfidedignas.com.mx\/index.php\/wp-json\/wp\/v2\/media?parent=27264"}],"wp:term":[{"taxonomy":"category","embeddable":true,"href":"https:\/\/fuentesfidedignas.com.mx\/index.php\/wp-json\/wp\/v2\/categories?post=27264"},{"taxonomy":"post_tag","embeddable":true,"href":"https:\/\/fuentesfidedignas.com.mx\/index.php\/wp-json\/wp\/v2\/tags?post=27264"}],"curies":[{"name":"wp","href":"https:\/\/api.w.org\/{rel}","templated":true}]}}