{"id":27238,"date":"2022-03-29T10:38:36","date_gmt":"2022-03-29T17:38:36","guid":{"rendered":"https:\/\/fuentesfidedignas.com.mx\/?p=27238"},"modified":"2022-03-29T10:38:57","modified_gmt":"2022-03-29T17:38:57","slug":"amlo-propone-elegir-consejeros-del-ine-y-magistrados-con-elecciones","status":"publish","type":"post","link":"https:\/\/fuentesfidedignas.com.mx\/index.php\/2022\/03\/29\/amlo-propone-elegir-consejeros-del-ine-y-magistrados-con-elecciones\/","title":{"rendered":"AMLO propone elegir consejeros del INE y magistrados con elecciones"},"content":{"rendered":"\n<p><strong><em>La reforma electoral ser\u00e1 presentada luego de que se lleve a cabo la consulta de revocaci\u00f3n de mandato, adelant\u00f3 el presidente L\u00f3pez Obrador <\/em><\/strong><\/p>\n\n\n\n<p>Ciudad de M\u00e9xico. Al manifestar su rechazo por el fallo del Tribunal Electoral del Poder Judicial de la Federaci\u00f3n (TEPJF) con el cual dej\u00f3 sin efecto el &#8220;decretazo&#8221; que permit\u00eda a los funcionarios p\u00fablicos promover la revocaci\u00f3n de mandato, el presidente Andr\u00e9s Manuel L\u00f3pez Obrador adelant\u00f3 que en abril presentar\u00e1 una iniciativa de reforma electoral para que los magistrados y consejeros del Instituto Nacional Electoral (INE) sean electos por voto ciudadano.<\/p>\n\n\n\n<p>En su conferencia de prensa en Palacio Nacional, el mandatario calific\u00f3 de \u201cabsurdo y \u201cantidemocr\u00e1tico\u201d que el TEPJF est\u00e9, dijo, en contra de una consulta que promueve la democracia.<\/p>\n\n\n\n<p><strong>AMLO PROPONDR\u00c1 QUE NO HAYA JUECES SIN VOCACI\u00d3N MEDI\u00c1TICA<\/strong><\/p>\n\n\n\n<p><span style=\"color: initial;\">Por ello, anunci\u00f3 que despu\u00e9s de la revocaci\u00f3n de mandato del 10 de abril, har\u00e1 llegar la propuesta a la C\u00e1mara de Diputados para que ya no haya jueces electorales sin vocaci\u00f3n democr\u00e1tica.<\/span><\/p>\n\n\n\n<p>\u201cQue ya no haya jueces con actitudes tendenciosas en lo electoral, esto es que no haya consejeros, magistrados que no tengan vocaci\u00f3n democr\u00e1tica, y tambi\u00e9n que se garantice el voto, libre, secreto que no haya fraudes electorales, nosotros llegamos a la presidencia luego de luchar muchos a\u00f1os y de padecer fraudes electorales, entonces tenemos que dejar consolidad la democracia.<\/p>\n\n\n\n<p>\u201cLes adelanto: voy a proponer que sea el pueblo el que elija a los consejeros electorales y a los magistrados de manera directa, con voto abierto. El pueblo va a elegir de forma directa, se acab\u00f3 o espero que se acabe, lo de los acuerdos copulares\u201d.<\/p>\n\n\n\n<p>Detall\u00f3 que los poderes Ejecutivo, Legislativo y Judicial presentar\u00edan, cada uno, 20 candidatos &#8220;con inobjetable honestidad&#8221; para ser votados y el que obtenga m\u00e1s votos \u201cese va a ser el presidente&#8221;.<\/p>\n","protected":false},"excerpt":{"rendered":"<p>La reforma electoral ser\u00e1 presentada luego de que se lleve a cabo la consulta de revocaci\u00f3n de mandato, adelant\u00f3 el presidente L\u00f3pez Obrador Ciudad de M\u00e9xico. Al manifestar su rechazo por el fallo del Tribunal Electoral del Poder Judicial de la Federaci\u00f3n (TEPJF) con el cual dej\u00f3 sin efecto el &#8220;decretazo&#8221; que permit\u00eda a los [&hellip;]<\/p>\n","protected":false},"author":39,"featured_media":27240,"comment_status":"open","ping_status":"open","sticky":false,"template":"","format":"standard","meta":{"tdm_status":"","tdm_grid_status":"","footnotes":""},"categories":[39],"tags":[],"class_list":{"0":"post-27238","1":"post","2":"type-post","3":"status-publish","4":"format-standard","5":"has-post-thumbnail","7":"category-noticias-nacionales"},"yoast_head":"<!-- This site is optimized with the Yoast SEO plugin v27.5 - https:\/\/yoast.com\/product\/yoast-seo-wordpress\/ -->\n<title>AMLO propone elegir consejeros del INE y magistrados con elecciones - Fuentes Fidedignas<\/title>\n<meta name=\"robots\" content=\"index, follow, max-snippet:-1, max-image-preview:large, max-video-preview:-1\" \/>\n<link rel=\"canonical\" href=\"https:\/\/fuentesfidedignas.com.mx\/index.php\/2022\/03\/29\/amlo-propone-elegir-consejeros-del-ine-y-magistrados-con-elecciones\/\" \/>\n<meta property=\"og:locale\" content=\"es_MX\" \/>\n<meta property=\"og:type\" content=\"article\" \/>\n<meta property=\"og:title\" content=\"AMLO propone elegir consejeros del INE y magistrados con elecciones - Fuentes Fidedignas\" \/>\n<meta property=\"og:description\" content=\"La reforma electoral ser\u00e1 presentada luego de que se lleve a cabo la consulta de revocaci\u00f3n de mandato, adelant\u00f3 el presidente L\u00f3pez Obrador Ciudad de M\u00e9xico. Al manifestar su rechazo por el fallo del Tribunal Electoral del Poder Judicial de la Federaci\u00f3n (TEPJF) con el cual dej\u00f3 sin efecto el &#8220;decretazo&#8221; que permit\u00eda a los [&hellip;]\" \/>\n<meta property=\"og:url\" content=\"https:\/\/fuentesfidedignas.com.mx\/index.php\/2022\/03\/29\/amlo-propone-elegir-consejeros-del-ine-y-magistrados-con-elecciones\/\" \/>\n<meta property=\"og:site_name\" content=\"Fuentes Fidedignas\" \/>\n<meta property=\"article:publisher\" content=\"https:\/\/www.facebook.com\/Fuentes-Fidedignas-368234489921644\" \/>\n<meta property=\"article:published_time\" content=\"2022-03-29T17:38:36+00:00\" \/>\n<meta property=\"article:modified_time\" content=\"2022-03-29T17:38:57+00:00\" \/>\n<meta property=\"og:image\" content=\"https:\/\/fuentesfidedignas.com.mx\/wp-content\/uploads\/2022\/03\/amlo_reforma_electoral.jpeg\" \/>\n\t<meta property=\"og:image:width\" content=\"630\" \/>\n\t<meta property=\"og:image:height\" content=\"388\" \/>\n\t<meta property=\"og:image:type\" content=\"image\/jpeg\" \/>\n<meta name=\"author\" content=\"El Universal\" \/>\n<meta name=\"twitter:card\" content=\"summary_large_image\" \/>\n<meta name=\"twitter:creator\" content=\"@fidedignas\" \/>\n<meta name=\"twitter:site\" content=\"@fidedignas\" \/>\n<meta name=\"twitter:label1\" content=\"Escrito por\" \/>\n\t<meta name=\"twitter:data1\" content=\"El Universal\" \/>\n\t<meta name=\"twitter:label2\" content=\"Tiempo de lectura\" \/>\n\t<meta name=\"twitter:data2\" content=\"2 minutos\" \/>\n<script type=\"application\/ld+json\" class=\"yoast-schema-graph\">{\"@context\":\"https:\\\/\\\/schema.org\",\"@graph\":[{\"@type\":\"Article\",\"@id\":\"https:\\\/\\\/fuentesfidedignas.com.mx\\\/index.php\\\/2022\\\/03\\\/29\\\/amlo-propone-elegir-consejeros-del-ine-y-magistrados-con-elecciones\\\/#article\",\"isPartOf\":{\"@id\":\"https:\\\/\\\/fuentesfidedignas.com.mx\\\/index.php\\\/2022\\\/03\\\/29\\\/amlo-propone-elegir-consejeros-del-ine-y-magistrados-con-elecciones\\\/\"},\"author\":{\"name\":\"El Universal\",\"@id\":\"https:\\\/\\\/fuentesfidedignas.com.mx\\\/#\\\/schema\\\/person\\\/fee3882e65fd0510d292c43a346d35d7\"},\"headline\":\"AMLO propone elegir consejeros del INE y magistrados con elecciones\",\"datePublished\":\"2022-03-29T17:38:36+00:00\",\"dateModified\":\"2022-03-29T17:38:57+00:00\",\"mainEntityOfPage\":{\"@id\":\"https:\\\/\\\/fuentesfidedignas.com.mx\\\/index.php\\\/2022\\\/03\\\/29\\\/amlo-propone-elegir-consejeros-del-ine-y-magistrados-con-elecciones\\\/\"},\"wordCount\":332,\"commentCount\":0,\"publisher\":{\"@id\":\"https:\\\/\\\/fuentesfidedignas.com.mx\\\/#organization\"},\"image\":{\"@id\":\"https:\\\/\\\/fuentesfidedignas.com.mx\\\/index.php\\\/2022\\\/03\\\/29\\\/amlo-propone-elegir-consejeros-del-ine-y-magistrados-con-elecciones\\\/#primaryimage\"},\"thumbnailUrl\":\"https:\\\/\\\/fuentesfidedignas.com.mx\\\/wp-content\\\/uploads\\\/2022\\\/03\\\/amlo_reforma_electoral.jpeg\",\"articleSection\":[\"NOTICIAS NACIONALES\"],\"inLanguage\":\"es\",\"potentialAction\":[{\"@type\":\"CommentAction\",\"name\":\"Comment\",\"target\":[\"https:\\\/\\\/fuentesfidedignas.com.mx\\\/index.php\\\/2022\\\/03\\\/29\\\/amlo-propone-elegir-consejeros-del-ine-y-magistrados-con-elecciones\\\/#respond\"]}]},{\"@type\":\"WebPage\",\"@id\":\"https:\\\/\\\/fuentesfidedignas.com.mx\\\/index.php\\\/2022\\\/03\\\/29\\\/amlo-propone-elegir-consejeros-del-ine-y-magistrados-con-elecciones\\\/\",\"url\":\"https:\\\/\\\/fuentesfidedignas.com.mx\\\/index.php\\\/2022\\\/03\\\/29\\\/amlo-propone-elegir-consejeros-del-ine-y-magistrados-con-elecciones\\\/\",\"name\":\"AMLO propone elegir consejeros del INE y magistrados con elecciones - Fuentes Fidedignas\",\"isPartOf\":{\"@id\":\"https:\\\/\\\/fuentesfidedignas.com.mx\\\/#website\"},\"primaryImageOfPage\":{\"@id\":\"https:\\\/\\\/fuentesfidedignas.com.mx\\\/index.php\\\/2022\\\/03\\\/29\\\/amlo-propone-elegir-consejeros-del-ine-y-magistrados-con-elecciones\\\/#primaryimage\"},\"image\":{\"@id\":\"https:\\\/\\\/fuentesfidedignas.com.mx\\\/index.php\\\/2022\\\/03\\\/29\\\/amlo-propone-elegir-consejeros-del-ine-y-magistrados-con-elecciones\\\/#primaryimage\"},\"thumbnailUrl\":\"https:\\\/\\\/fuentesfidedignas.com.mx\\\/wp-content\\\/uploads\\\/2022\\\/03\\\/amlo_reforma_electoral.jpeg\",\"datePublished\":\"2022-03-29T17:38:36+00:00\",\"dateModified\":\"2022-03-29T17:38:57+00:00\",\"breadcrumb\":{\"@id\":\"https:\\\/\\\/fuentesfidedignas.com.mx\\\/index.php\\\/2022\\\/03\\\/29\\\/amlo-propone-elegir-consejeros-del-ine-y-magistrados-con-elecciones\\\/#breadcrumb\"},\"inLanguage\":\"es\",\"potentialAction\":[{\"@type\":\"ReadAction\",\"target\":[\"https:\\\/\\\/fuentesfidedignas.com.mx\\\/index.php\\\/2022\\\/03\\\/29\\\/amlo-propone-elegir-consejeros-del-ine-y-magistrados-con-elecciones\\\/\"]}]},{\"@type\":\"ImageObject\",\"inLanguage\":\"es\",\"@id\":\"https:\\\/\\\/fuentesfidedignas.com.mx\\\/index.php\\\/2022\\\/03\\\/29\\\/amlo-propone-elegir-consejeros-del-ine-y-magistrados-con-elecciones\\\/#primaryimage\",\"url\":\"https:\\\/\\\/fuentesfidedignas.com.mx\\\/wp-content\\\/uploads\\\/2022\\\/03\\\/amlo_reforma_electoral.jpeg\",\"contentUrl\":\"https:\\\/\\\/fuentesfidedignas.com.mx\\\/wp-content\\\/uploads\\\/2022\\\/03\\\/amlo_reforma_electoral.jpeg\",\"width\":630,\"height\":388},{\"@type\":\"BreadcrumbList\",\"@id\":\"https:\\\/\\\/fuentesfidedignas.com.mx\\\/index.php\\\/2022\\\/03\\\/29\\\/amlo-propone-elegir-consejeros-del-ine-y-magistrados-con-elecciones\\\/#breadcrumb\",\"itemListElement\":[{\"@type\":\"ListItem\",\"position\":1,\"name\":\"Inicio\",\"item\":\"https:\\\/\\\/fuentesfidedignas.com.mx\\\/\"},{\"@type\":\"ListItem\",\"position\":2,\"name\":\"AMLO propone elegir consejeros del INE y magistrados con elecciones\"}]},{\"@type\":\"WebSite\",\"@id\":\"https:\\\/\\\/fuentesfidedignas.com.mx\\\/#website\",\"url\":\"https:\\\/\\\/fuentesfidedignas.com.mx\\\/\",\"name\":\"Fuentes Fidedignas\",\"description\":\"Otro sitio realizado con WordPress\",\"publisher\":{\"@id\":\"https:\\\/\\\/fuentesfidedignas.com.mx\\\/#organization\"},\"potentialAction\":[{\"@type\":\"SearchAction\",\"target\":{\"@type\":\"EntryPoint\",\"urlTemplate\":\"https:\\\/\\\/fuentesfidedignas.com.mx\\\/?s={search_term_string}\"},\"query-input\":{\"@type\":\"PropertyValueSpecification\",\"valueRequired\":true,\"valueName\":\"search_term_string\"}}],\"inLanguage\":\"es\"},{\"@type\":\"Organization\",\"@id\":\"https:\\\/\\\/fuentesfidedignas.com.mx\\\/#organization\",\"name\":\"Fuentes Fidedignas\",\"url\":\"https:\\\/\\\/fuentesfidedignas.com.mx\\\/\",\"logo\":{\"@type\":\"ImageObject\",\"inLanguage\":\"es\",\"@id\":\"https:\\\/\\\/fuentesfidedignas.com.mx\\\/#\\\/schema\\\/logo\\\/image\\\/\",\"url\":\"https:\\\/\\\/fuentesfidedignas.com.mx\\\/wp-content\\\/uploads\\\/2021\\\/04\\\/logo-retina.png\",\"contentUrl\":\"https:\\\/\\\/fuentesfidedignas.com.mx\\\/wp-content\\\/uploads\\\/2021\\\/04\\\/logo-retina.png\",\"width\":280,\"height\":51,\"caption\":\"Fuentes Fidedignas\"},\"image\":{\"@id\":\"https:\\\/\\\/fuentesfidedignas.com.mx\\\/#\\\/schema\\\/logo\\\/image\\\/\"},\"sameAs\":[\"https:\\\/\\\/www.facebook.com\\\/Fuentes-Fidedignas-368234489921644\",\"https:\\\/\\\/x.com\\\/fidedignas\"]},{\"@type\":\"Person\",\"@id\":\"https:\\\/\\\/fuentesfidedignas.com.mx\\\/#\\\/schema\\\/person\\\/fee3882e65fd0510d292c43a346d35d7\",\"name\":\"El Universal\",\"image\":{\"@type\":\"ImageObject\",\"inLanguage\":\"es\",\"@id\":\"https:\\\/\\\/secure.gravatar.com\\\/avatar\\\/1ebc94d82b6c3c081781f73e5b76a0d0c1ac7bf8e57426f18802246eeaa2747c?s=96&d=mm&r=g\",\"url\":\"https:\\\/\\\/secure.gravatar.com\\\/avatar\\\/1ebc94d82b6c3c081781f73e5b76a0d0c1ac7bf8e57426f18802246eeaa2747c?s=96&d=mm&r=g\",\"contentUrl\":\"https:\\\/\\\/secure.gravatar.com\\\/avatar\\\/1ebc94d82b6c3c081781f73e5b76a0d0c1ac7bf8e57426f18802246eeaa2747c?s=96&d=mm&r=g\",\"caption\":\"El Universal\"},\"url\":\"https:\\\/\\\/fuentesfidedignas.com.mx\\\/index.php\\\/author\\\/el-universal\\\/\"}]}<\/script>\n<!-- \/ Yoast SEO plugin. -->","yoast_head_json":{"title":"AMLO propone elegir consejeros del INE y magistrados con elecciones - Fuentes Fidedignas","robots":{"index":"index","follow":"follow","max-snippet":"max-snippet:-1","max-image-preview":"max-image-preview:large","max-video-preview":"max-video-preview:-1"},"canonical":"https:\/\/fuentesfidedignas.com.mx\/index.php\/2022\/03\/29\/amlo-propone-elegir-consejeros-del-ine-y-magistrados-con-elecciones\/","og_locale":"es_MX","og_type":"article","og_title":"AMLO propone elegir consejeros del INE y magistrados con elecciones - Fuentes Fidedignas","og_description":"La reforma electoral ser\u00e1 presentada luego de que se lleve a cabo la consulta de revocaci\u00f3n de mandato, adelant\u00f3 el presidente L\u00f3pez Obrador Ciudad de M\u00e9xico. Al manifestar su rechazo por el fallo del Tribunal Electoral del Poder Judicial de la Federaci\u00f3n (TEPJF) con el cual dej\u00f3 sin efecto el &#8220;decretazo&#8221; que permit\u00eda a los [&hellip;]","og_url":"https:\/\/fuentesfidedignas.com.mx\/index.php\/2022\/03\/29\/amlo-propone-elegir-consejeros-del-ine-y-magistrados-con-elecciones\/","og_site_name":"Fuentes Fidedignas","article_publisher":"https:\/\/www.facebook.com\/Fuentes-Fidedignas-368234489921644","article_published_time":"2022-03-29T17:38:36+00:00","article_modified_time":"2022-03-29T17:38:57+00:00","og_image":[{"width":630,"height":388,"url":"https:\/\/fuentesfidedignas.com.mx\/wp-content\/uploads\/2022\/03\/amlo_reforma_electoral.jpeg","type":"image\/jpeg"}],"author":"El Universal","twitter_card":"summary_large_image","twitter_creator":"@fidedignas","twitter_site":"@fidedignas","twitter_misc":{"Escrito por":"El Universal","Tiempo de lectura":"2 minutos"},"schema":{"@context":"https:\/\/schema.org","@graph":[{"@type":"Article","@id":"https:\/\/fuentesfidedignas.com.mx\/index.php\/2022\/03\/29\/amlo-propone-elegir-consejeros-del-ine-y-magistrados-con-elecciones\/#article","isPartOf":{"@id":"https:\/\/fuentesfidedignas.com.mx\/index.php\/2022\/03\/29\/amlo-propone-elegir-consejeros-del-ine-y-magistrados-con-elecciones\/"},"author":{"name":"El Universal","@id":"https:\/\/fuentesfidedignas.com.mx\/#\/schema\/person\/fee3882e65fd0510d292c43a346d35d7"},"headline":"AMLO propone elegir consejeros del INE y magistrados con elecciones","datePublished":"2022-03-29T17:38:36+00:00","dateModified":"2022-03-29T17:38:57+00:00","mainEntityOfPage":{"@id":"https:\/\/fuentesfidedignas.com.mx\/index.php\/2022\/03\/29\/amlo-propone-elegir-consejeros-del-ine-y-magistrados-con-elecciones\/"},"wordCount":332,"commentCount":0,"publisher":{"@id":"https:\/\/fuentesfidedignas.com.mx\/#organization"},"image":{"@id":"https:\/\/fuentesfidedignas.com.mx\/index.php\/2022\/03\/29\/amlo-propone-elegir-consejeros-del-ine-y-magistrados-con-elecciones\/#primaryimage"},"thumbnailUrl":"https:\/\/fuentesfidedignas.com.mx\/wp-content\/uploads\/2022\/03\/amlo_reforma_electoral.jpeg","articleSection":["NOTICIAS NACIONALES"],"inLanguage":"es","potentialAction":[{"@type":"CommentAction","name":"Comment","target":["https:\/\/fuentesfidedignas.com.mx\/index.php\/2022\/03\/29\/amlo-propone-elegir-consejeros-del-ine-y-magistrados-con-elecciones\/#respond"]}]},{"@type":"WebPage","@id":"https:\/\/fuentesfidedignas.com.mx\/index.php\/2022\/03\/29\/amlo-propone-elegir-consejeros-del-ine-y-magistrados-con-elecciones\/","url":"https:\/\/fuentesfidedignas.com.mx\/index.php\/2022\/03\/29\/amlo-propone-elegir-consejeros-del-ine-y-magistrados-con-elecciones\/","name":"AMLO propone elegir consejeros del INE y magistrados con elecciones - Fuentes Fidedignas","isPartOf":{"@id":"https:\/\/fuentesfidedignas.com.mx\/#website"},"primaryImageOfPage":{"@id":"https:\/\/fuentesfidedignas.com.mx\/index.php\/2022\/03\/29\/amlo-propone-elegir-consejeros-del-ine-y-magistrados-con-elecciones\/#primaryimage"},"image":{"@id":"https:\/\/fuentesfidedignas.com.mx\/index.php\/2022\/03\/29\/amlo-propone-elegir-consejeros-del-ine-y-magistrados-con-elecciones\/#primaryimage"},"thumbnailUrl":"https:\/\/fuentesfidedignas.com.mx\/wp-content\/uploads\/2022\/03\/amlo_reforma_electoral.jpeg","datePublished":"2022-03-29T17:38:36+00:00","dateModified":"2022-03-29T17:38:57+00:00","breadcrumb":{"@id":"https:\/\/fuentesfidedignas.com.mx\/index.php\/2022\/03\/29\/amlo-propone-elegir-consejeros-del-ine-y-magistrados-con-elecciones\/#breadcrumb"},"inLanguage":"es","potentialAction":[{"@type":"ReadAction","target":["https:\/\/fuentesfidedignas.com.mx\/index.php\/2022\/03\/29\/amlo-propone-elegir-consejeros-del-ine-y-magistrados-con-elecciones\/"]}]},{"@type":"ImageObject","inLanguage":"es","@id":"https:\/\/fuentesfidedignas.com.mx\/index.php\/2022\/03\/29\/amlo-propone-elegir-consejeros-del-ine-y-magistrados-con-elecciones\/#primaryimage","url":"https:\/\/fuentesfidedignas.com.mx\/wp-content\/uploads\/2022\/03\/amlo_reforma_electoral.jpeg","contentUrl":"https:\/\/fuentesfidedignas.com.mx\/wp-content\/uploads\/2022\/03\/amlo_reforma_electoral.jpeg","width":630,"height":388},{"@type":"BreadcrumbList","@id":"https:\/\/fuentesfidedignas.com.mx\/index.php\/2022\/03\/29\/amlo-propone-elegir-consejeros-del-ine-y-magistrados-con-elecciones\/#breadcrumb","itemListElement":[{"@type":"ListItem","position":1,"name":"Inicio","item":"https:\/\/fuentesfidedignas.com.mx\/"},{"@type":"ListItem","position":2,"name":"AMLO propone elegir consejeros del INE y magistrados con elecciones"}]},{"@type":"WebSite","@id":"https:\/\/fuentesfidedignas.com.mx\/#website","url":"https:\/\/fuentesfidedignas.com.mx\/","name":"Fuentes Fidedignas","description":"Otro sitio realizado con WordPress","publisher":{"@id":"https:\/\/fuentesfidedignas.com.mx\/#organization"},"potentialAction":[{"@type":"SearchAction","target":{"@type":"EntryPoint","urlTemplate":"https:\/\/fuentesfidedignas.com.mx\/?s={search_term_string}"},"query-input":{"@type":"PropertyValueSpecification","valueRequired":true,"valueName":"search_term_string"}}],"inLanguage":"es"},{"@type":"Organization","@id":"https:\/\/fuentesfidedignas.com.mx\/#organization","name":"Fuentes Fidedignas","url":"https:\/\/fuentesfidedignas.com.mx\/","logo":{"@type":"ImageObject","inLanguage":"es","@id":"https:\/\/fuentesfidedignas.com.mx\/#\/schema\/logo\/image\/","url":"https:\/\/fuentesfidedignas.com.mx\/wp-content\/uploads\/2021\/04\/logo-retina.png","contentUrl":"https:\/\/fuentesfidedignas.com.mx\/wp-content\/uploads\/2021\/04\/logo-retina.png","width":280,"height":51,"caption":"Fuentes Fidedignas"},"image":{"@id":"https:\/\/fuentesfidedignas.com.mx\/#\/schema\/logo\/image\/"},"sameAs":["https:\/\/www.facebook.com\/Fuentes-Fidedignas-368234489921644","https:\/\/x.com\/fidedignas"]},{"@type":"Person","@id":"https:\/\/fuentesfidedignas.com.mx\/#\/schema\/person\/fee3882e65fd0510d292c43a346d35d7","name":"El Universal","image":{"@type":"ImageObject","inLanguage":"es","@id":"https:\/\/secure.gravatar.com\/avatar\/1ebc94d82b6c3c081781f73e5b76a0d0c1ac7bf8e57426f18802246eeaa2747c?s=96&d=mm&r=g","url":"https:\/\/secure.gravatar.com\/avatar\/1ebc94d82b6c3c081781f73e5b76a0d0c1ac7bf8e57426f18802246eeaa2747c?s=96&d=mm&r=g","contentUrl":"https:\/\/secure.gravatar.com\/avatar\/1ebc94d82b6c3c081781f73e5b76a0d0c1ac7bf8e57426f18802246eeaa2747c?s=96&d=mm&r=g","caption":"El Universal"},"url":"https:\/\/fuentesfidedignas.com.mx\/index.php\/author\/el-universal\/"}]}},"_links":{"self":[{"href":"https:\/\/fuentesfidedignas.com.mx\/index.php\/wp-json\/wp\/v2\/posts\/27238","targetHints":{"allow":["GET"]}}],"collection":[{"href":"https:\/\/fuentesfidedignas.com.mx\/index.php\/wp-json\/wp\/v2\/posts"}],"about":[{"href":"https:\/\/fuentesfidedignas.com.mx\/index.php\/wp-json\/wp\/v2\/types\/post"}],"author":[{"embeddable":true,"href":"https:\/\/fuentesfidedignas.com.mx\/index.php\/wp-json\/wp\/v2\/users\/39"}],"replies":[{"embeddable":true,"href":"https:\/\/fuentesfidedignas.com.mx\/index.php\/wp-json\/wp\/v2\/comments?post=27238"}],"version-history":[{"count":1,"href":"https:\/\/fuentesfidedignas.com.mx\/index.php\/wp-json\/wp\/v2\/posts\/27238\/revisions"}],"predecessor-version":[{"id":27239,"href":"https:\/\/fuentesfidedignas.com.mx\/index.php\/wp-json\/wp\/v2\/posts\/27238\/revisions\/27239"}],"wp:featuredmedia":[{"embeddable":true,"href":"https:\/\/fuentesfidedignas.com.mx\/index.php\/wp-json\/wp\/v2\/media\/27240"}],"wp:attachment":[{"href":"https:\/\/fuentesfidedignas.com.mx\/index.php\/wp-json\/wp\/v2\/media?parent=27238"}],"wp:term":[{"taxonomy":"category","embeddable":true,"href":"https:\/\/fuentesfidedignas.com.mx\/index.php\/wp-json\/wp\/v2\/categories?post=27238"},{"taxonomy":"post_tag","embeddable":true,"href":"https:\/\/fuentesfidedignas.com.mx\/index.php\/wp-json\/wp\/v2\/tags?post=27238"}],"curies":[{"name":"wp","href":"https:\/\/api.w.org\/{rel}","templated":true}]}}