{"id":27139,"date":"2022-03-28T08:37:09","date_gmt":"2022-03-28T15:37:09","guid":{"rendered":"https:\/\/fuentesfidedignas.com.mx\/?p=27139"},"modified":"2022-03-28T08:50:19","modified_gmt":"2022-03-28T15:50:19","slug":"hay-que-buscar-los-avisos-del-ine-como-dora-la-exploradora-lopez-obrador","status":"publish","type":"post","link":"https:\/\/fuentesfidedignas.com.mx\/index.php\/2022\/03\/28\/hay-que-buscar-los-avisos-del-ine-como-dora-la-exploradora-lopez-obrador\/","title":{"rendered":"Hay que buscar los avisos del INE\u2026 como Dora la Exploradora: L\u00f3pez Obrador"},"content":{"rendered":"\n<p><strong><em>El presidente cuestion\u00f3 a falta de difusi\u00f3n de la revocaci\u00f3n de mandato del pr\u00f3ximo 10 de abril; sostuvo el presidente que hay quienes no act\u00faan como dem\u00f3cratas<\/em><\/strong><\/p>\n\n\n\n<p>Ciudad de M\u00e9xico.- Al asegurar que hay una falta de difusi\u00f3n de la revocaci\u00f3n de mandato del 10 abril, el presidente Andr\u00e9s Manuel L\u00f3pez Obrador sostuvo que \u201chay que buscar los avisos\u2026 como Dora la Exploradora\u201d, al referirse a los mensajes del Instituto Nacional Electoral (INE) sobre el tema.<\/p>\n\n\n\n<p>En conferencia en Palacio Nacional, el mandatario dijo lo anterior luego de mostrar una foto en la que se aprecia una hoja de papel pegada en una barda y en la que se llama a los habitantes de Tlalpan a localizar sus mesas receptoras para \u201cemitir su opini\u00f3n en la consulta sobre la revocaci\u00f3n mandato\u201d.<\/p>\n\n\n\n<p>L\u00f3pez Obrador dese\u00f3 que hubiese mayor informaci\u00f3n por parte de las autoridades electorales sobre el ejercicio democr\u00e1tico del 10 de abril con el objetivo de impulsar la democracia participativa en el pa\u00eds.<\/p>\n\n\n\n<p>&#8220;Es muy lamentable que el INE no promueva la consulta (\u2026). Ojal\u00e1 y se difunda m\u00e1s y es una muy buena oportunidad para expresarnos, manifestarnos, para hacerlo de manera pac\u00edfica, por la v\u00eda democr\u00e1tica o \u00bfcu\u00e1ndo es que aceptan la democracia?\u201d, expres\u00f3.<\/p>\n\n\n\n<p>El titular el Ejecutivo federal sostuvo que para promover la consulta, \u201cestoy convocando a la gente a que participe, porque es mi deber\u201d.<\/p>\n\n\n\n<p>L\u00f3pez Obrador incluso ejemplific\u00f3 la participaci\u00f3n ciudadana en la toma de decisiones con el refer\u00e9ndum sobre Ley de Urgente Consideraci\u00f3n en Uruguay, la cual se llev\u00f3 a cabo ayer.<\/p>\n\n\n\n<p>Consider\u00f3 que es contradictorio que haya quienes se llaman dem\u00f3cratas, pero no promueven la participaci\u00f3n en la consulta de revocaci\u00f3n de mandato.<\/p>\n\n\n\n<p>&#8220;Es un ejercicio democr\u00e1tico y participaron todos los ciudadanos, esa es la democracia participativa, por qu\u00e9 no promover y que la gente participe para que decida si contin\u00faa el presidente o renuncia, no hay que tenerle miedo al pueblo y hay que ser dem\u00f3crata, de verdad, no autoritario disfrazado de dem\u00f3crata\u201d, dijo.<\/p>\n","protected":false},"excerpt":{"rendered":"<p>El presidente cuestion\u00f3 a falta de difusi\u00f3n de la revocaci\u00f3n de mandato del pr\u00f3ximo 10 de abril; sostuvo el presidente que hay quienes no act\u00faan como dem\u00f3cratas Ciudad de M\u00e9xico.- Al asegurar que hay una falta de difusi\u00f3n de la revocaci\u00f3n de mandato del 10 abril, el presidente Andr\u00e9s Manuel L\u00f3pez Obrador sostuvo que \u201chay [&hellip;]<\/p>\n","protected":false},"author":7,"featured_media":27140,"comment_status":"open","ping_status":"open","sticky":false,"template":"","format":"standard","meta":{"tdm_status":"","tdm_grid_status":"","footnotes":""},"categories":[1],"tags":[247,297,264,263,1582],"class_list":{"0":"post-27139","1":"post","2":"type-post","3":"status-publish","4":"format-standard","5":"has-post-thumbnail","7":"category-sin-categoria","8":"tag-amlo","9":"tag-andres-manuel-lopez-obrador","10":"tag-ine","11":"tag-instituto-nacional-electoral","12":"tag-revocacion-de-mandato"},"yoast_head":"<!-- This site is optimized with the Yoast SEO plugin v27.5 - https:\/\/yoast.com\/product\/yoast-seo-wordpress\/ -->\n<title>Hay que buscar los avisos del INE\u2026 como Dora la Exploradora: L\u00f3pez Obrador - Fuentes Fidedignas<\/title>\n<meta name=\"robots\" content=\"index, follow, max-snippet:-1, max-image-preview:large, max-video-preview:-1\" \/>\n<link rel=\"canonical\" href=\"https:\/\/fuentesfidedignas.com.mx\/index.php\/2022\/03\/28\/hay-que-buscar-los-avisos-del-ine-como-dora-la-exploradora-lopez-obrador\/\" \/>\n<meta property=\"og:locale\" content=\"es_MX\" \/>\n<meta property=\"og:type\" content=\"article\" \/>\n<meta property=\"og:title\" content=\"Hay que buscar los avisos del INE\u2026 como Dora la Exploradora: L\u00f3pez Obrador - Fuentes Fidedignas\" \/>\n<meta property=\"og:description\" content=\"El presidente cuestion\u00f3 a falta de difusi\u00f3n de la revocaci\u00f3n de mandato del pr\u00f3ximo 10 de abril; sostuvo el presidente que hay quienes no act\u00faan como dem\u00f3cratas Ciudad de M\u00e9xico.- Al asegurar que hay una falta de difusi\u00f3n de la revocaci\u00f3n de mandato del 10 abril, el presidente Andr\u00e9s Manuel L\u00f3pez Obrador sostuvo que \u201chay [&hellip;]\" \/>\n<meta property=\"og:url\" content=\"https:\/\/fuentesfidedignas.com.mx\/index.php\/2022\/03\/28\/hay-que-buscar-los-avisos-del-ine-como-dora-la-exploradora-lopez-obrador\/\" \/>\n<meta property=\"og:site_name\" content=\"Fuentes Fidedignas\" \/>\n<meta property=\"article:publisher\" content=\"https:\/\/www.facebook.com\/Fuentes-Fidedignas-368234489921644\" \/>\n<meta property=\"article:published_time\" content=\"2022-03-28T15:37:09+00:00\" \/>\n<meta property=\"article:modified_time\" content=\"2022-03-28T15:50:19+00:00\" \/>\n<meta property=\"og:image\" content=\"https:\/\/fuentesfidedignas.com.mx\/wp-content\/uploads\/2022\/03\/AMLO_2803.jpg\" \/>\n\t<meta property=\"og:image:width\" content=\"800\" \/>\n\t<meta property=\"og:image:height\" content=\"600\" \/>\n\t<meta property=\"og:image:type\" content=\"image\/jpeg\" \/>\n<meta name=\"author\" content=\"Exc\u00e9lsior\" \/>\n<meta name=\"twitter:card\" content=\"summary_large_image\" \/>\n<meta name=\"twitter:creator\" content=\"@fidedignas\" \/>\n<meta name=\"twitter:site\" content=\"@fidedignas\" \/>\n<meta name=\"twitter:label1\" content=\"Escrito por\" \/>\n\t<meta name=\"twitter:data1\" content=\"Exc\u00e9lsior\" \/>\n\t<meta name=\"twitter:label2\" content=\"Tiempo de lectura\" \/>\n\t<meta name=\"twitter:data2\" content=\"2 minutos\" \/>\n<script type=\"application\/ld+json\" class=\"yoast-schema-graph\">{\"@context\":\"https:\\\/\\\/schema.org\",\"@graph\":[{\"@type\":\"Article\",\"@id\":\"https:\\\/\\\/fuentesfidedignas.com.mx\\\/index.php\\\/2022\\\/03\\\/28\\\/hay-que-buscar-los-avisos-del-ine-como-dora-la-exploradora-lopez-obrador\\\/#article\",\"isPartOf\":{\"@id\":\"https:\\\/\\\/fuentesfidedignas.com.mx\\\/index.php\\\/2022\\\/03\\\/28\\\/hay-que-buscar-los-avisos-del-ine-como-dora-la-exploradora-lopez-obrador\\\/\"},\"author\":{\"name\":\"Exc\u00e9lsior\",\"@id\":\"https:\\\/\\\/fuentesfidedignas.com.mx\\\/#\\\/schema\\\/person\\\/ec4edd1fbf5efa3e44fce34fe2787780\"},\"headline\":\"Hay que buscar los avisos del INE\u2026 como Dora la Exploradora: L\u00f3pez Obrador\",\"datePublished\":\"2022-03-28T15:37:09+00:00\",\"dateModified\":\"2022-03-28T15:50:19+00:00\",\"mainEntityOfPage\":{\"@id\":\"https:\\\/\\\/fuentesfidedignas.com.mx\\\/index.php\\\/2022\\\/03\\\/28\\\/hay-que-buscar-los-avisos-del-ine-como-dora-la-exploradora-lopez-obrador\\\/\"},\"wordCount\":374,\"commentCount\":0,\"publisher\":{\"@id\":\"https:\\\/\\\/fuentesfidedignas.com.mx\\\/#organization\"},\"image\":{\"@id\":\"https:\\\/\\\/fuentesfidedignas.com.mx\\\/index.php\\\/2022\\\/03\\\/28\\\/hay-que-buscar-los-avisos-del-ine-como-dora-la-exploradora-lopez-obrador\\\/#primaryimage\"},\"thumbnailUrl\":\"https:\\\/\\\/fuentesfidedignas.com.mx\\\/wp-content\\\/uploads\\\/2022\\\/03\\\/AMLO_2803.jpg\",\"keywords\":[\"AMLO\",\"Andr\u00e9s Manuel L\u00f3pez Obrador\",\"INE\",\"Instituto Nacional Electoral\",\"Revocaci\u00f3n de mandato\"],\"inLanguage\":\"es\",\"potentialAction\":[{\"@type\":\"CommentAction\",\"name\":\"Comment\",\"target\":[\"https:\\\/\\\/fuentesfidedignas.com.mx\\\/index.php\\\/2022\\\/03\\\/28\\\/hay-que-buscar-los-avisos-del-ine-como-dora-la-exploradora-lopez-obrador\\\/#respond\"]}]},{\"@type\":\"WebPage\",\"@id\":\"https:\\\/\\\/fuentesfidedignas.com.mx\\\/index.php\\\/2022\\\/03\\\/28\\\/hay-que-buscar-los-avisos-del-ine-como-dora-la-exploradora-lopez-obrador\\\/\",\"url\":\"https:\\\/\\\/fuentesfidedignas.com.mx\\\/index.php\\\/2022\\\/03\\\/28\\\/hay-que-buscar-los-avisos-del-ine-como-dora-la-exploradora-lopez-obrador\\\/\",\"name\":\"Hay que buscar los avisos del INE\u2026 como Dora la Exploradora: L\u00f3pez Obrador - Fuentes Fidedignas\",\"isPartOf\":{\"@id\":\"https:\\\/\\\/fuentesfidedignas.com.mx\\\/#website\"},\"primaryImageOfPage\":{\"@id\":\"https:\\\/\\\/fuentesfidedignas.com.mx\\\/index.php\\\/2022\\\/03\\\/28\\\/hay-que-buscar-los-avisos-del-ine-como-dora-la-exploradora-lopez-obrador\\\/#primaryimage\"},\"image\":{\"@id\":\"https:\\\/\\\/fuentesfidedignas.com.mx\\\/index.php\\\/2022\\\/03\\\/28\\\/hay-que-buscar-los-avisos-del-ine-como-dora-la-exploradora-lopez-obrador\\\/#primaryimage\"},\"thumbnailUrl\":\"https:\\\/\\\/fuentesfidedignas.com.mx\\\/wp-content\\\/uploads\\\/2022\\\/03\\\/AMLO_2803.jpg\",\"datePublished\":\"2022-03-28T15:37:09+00:00\",\"dateModified\":\"2022-03-28T15:50:19+00:00\",\"breadcrumb\":{\"@id\":\"https:\\\/\\\/fuentesfidedignas.com.mx\\\/index.php\\\/2022\\\/03\\\/28\\\/hay-que-buscar-los-avisos-del-ine-como-dora-la-exploradora-lopez-obrador\\\/#breadcrumb\"},\"inLanguage\":\"es\",\"potentialAction\":[{\"@type\":\"ReadAction\",\"target\":[\"https:\\\/\\\/fuentesfidedignas.com.mx\\\/index.php\\\/2022\\\/03\\\/28\\\/hay-que-buscar-los-avisos-del-ine-como-dora-la-exploradora-lopez-obrador\\\/\"]}]},{\"@type\":\"ImageObject\",\"inLanguage\":\"es\",\"@id\":\"https:\\\/\\\/fuentesfidedignas.com.mx\\\/index.php\\\/2022\\\/03\\\/28\\\/hay-que-buscar-los-avisos-del-ine-como-dora-la-exploradora-lopez-obrador\\\/#primaryimage\",\"url\":\"https:\\\/\\\/fuentesfidedignas.com.mx\\\/wp-content\\\/uploads\\\/2022\\\/03\\\/AMLO_2803.jpg\",\"contentUrl\":\"https:\\\/\\\/fuentesfidedignas.com.mx\\\/wp-content\\\/uploads\\\/2022\\\/03\\\/AMLO_2803.jpg\",\"width\":800,\"height\":600},{\"@type\":\"BreadcrumbList\",\"@id\":\"https:\\\/\\\/fuentesfidedignas.com.mx\\\/index.php\\\/2022\\\/03\\\/28\\\/hay-que-buscar-los-avisos-del-ine-como-dora-la-exploradora-lopez-obrador\\\/#breadcrumb\",\"itemListElement\":[{\"@type\":\"ListItem\",\"position\":1,\"name\":\"Inicio\",\"item\":\"https:\\\/\\\/fuentesfidedignas.com.mx\\\/\"},{\"@type\":\"ListItem\",\"position\":2,\"name\":\"Hay que buscar los avisos del INE\u2026 como Dora la Exploradora: L\u00f3pez Obrador\"}]},{\"@type\":\"WebSite\",\"@id\":\"https:\\\/\\\/fuentesfidedignas.com.mx\\\/#website\",\"url\":\"https:\\\/\\\/fuentesfidedignas.com.mx\\\/\",\"name\":\"Fuentes Fidedignas\",\"description\":\"Otro sitio realizado con WordPress\",\"publisher\":{\"@id\":\"https:\\\/\\\/fuentesfidedignas.com.mx\\\/#organization\"},\"potentialAction\":[{\"@type\":\"SearchAction\",\"target\":{\"@type\":\"EntryPoint\",\"urlTemplate\":\"https:\\\/\\\/fuentesfidedignas.com.mx\\\/?s={search_term_string}\"},\"query-input\":{\"@type\":\"PropertyValueSpecification\",\"valueRequired\":true,\"valueName\":\"search_term_string\"}}],\"inLanguage\":\"es\"},{\"@type\":\"Organization\",\"@id\":\"https:\\\/\\\/fuentesfidedignas.com.mx\\\/#organization\",\"name\":\"Fuentes Fidedignas\",\"url\":\"https:\\\/\\\/fuentesfidedignas.com.mx\\\/\",\"logo\":{\"@type\":\"ImageObject\",\"inLanguage\":\"es\",\"@id\":\"https:\\\/\\\/fuentesfidedignas.com.mx\\\/#\\\/schema\\\/logo\\\/image\\\/\",\"url\":\"https:\\\/\\\/fuentesfidedignas.com.mx\\\/wp-content\\\/uploads\\\/2021\\\/04\\\/logo-retina.png\",\"contentUrl\":\"https:\\\/\\\/fuentesfidedignas.com.mx\\\/wp-content\\\/uploads\\\/2021\\\/04\\\/logo-retina.png\",\"width\":280,\"height\":51,\"caption\":\"Fuentes Fidedignas\"},\"image\":{\"@id\":\"https:\\\/\\\/fuentesfidedignas.com.mx\\\/#\\\/schema\\\/logo\\\/image\\\/\"},\"sameAs\":[\"https:\\\/\\\/www.facebook.com\\\/Fuentes-Fidedignas-368234489921644\",\"https:\\\/\\\/x.com\\\/fidedignas\"]},{\"@type\":\"Person\",\"@id\":\"https:\\\/\\\/fuentesfidedignas.com.mx\\\/#\\\/schema\\\/person\\\/ec4edd1fbf5efa3e44fce34fe2787780\",\"name\":\"Exc\u00e9lsior\",\"image\":{\"@type\":\"ImageObject\",\"inLanguage\":\"es\",\"@id\":\"https:\\\/\\\/secure.gravatar.com\\\/avatar\\\/4b7ee9206b48be08447852b3f0814dbc7c0f3b51541b164f1464a2725614020b?s=96&d=mm&r=g\",\"url\":\"https:\\\/\\\/secure.gravatar.com\\\/avatar\\\/4b7ee9206b48be08447852b3f0814dbc7c0f3b51541b164f1464a2725614020b?s=96&d=mm&r=g\",\"contentUrl\":\"https:\\\/\\\/secure.gravatar.com\\\/avatar\\\/4b7ee9206b48be08447852b3f0814dbc7c0f3b51541b164f1464a2725614020b?s=96&d=mm&r=g\",\"caption\":\"Exc\u00e9lsior\"},\"url\":\"https:\\\/\\\/fuentesfidedignas.com.mx\\\/index.php\\\/author\\\/excelsior\\\/\"}]}<\/script>\n<!-- \/ Yoast SEO plugin. -->","yoast_head_json":{"title":"Hay que buscar los avisos del INE\u2026 como Dora la Exploradora: L\u00f3pez Obrador - Fuentes Fidedignas","robots":{"index":"index","follow":"follow","max-snippet":"max-snippet:-1","max-image-preview":"max-image-preview:large","max-video-preview":"max-video-preview:-1"},"canonical":"https:\/\/fuentesfidedignas.com.mx\/index.php\/2022\/03\/28\/hay-que-buscar-los-avisos-del-ine-como-dora-la-exploradora-lopez-obrador\/","og_locale":"es_MX","og_type":"article","og_title":"Hay que buscar los avisos del INE\u2026 como Dora la Exploradora: L\u00f3pez Obrador - Fuentes Fidedignas","og_description":"El presidente cuestion\u00f3 a falta de difusi\u00f3n de la revocaci\u00f3n de mandato del pr\u00f3ximo 10 de abril; sostuvo el presidente que hay quienes no act\u00faan como dem\u00f3cratas Ciudad de M\u00e9xico.- Al asegurar que hay una falta de difusi\u00f3n de la revocaci\u00f3n de mandato del 10 abril, el presidente Andr\u00e9s Manuel L\u00f3pez Obrador sostuvo que \u201chay [&hellip;]","og_url":"https:\/\/fuentesfidedignas.com.mx\/index.php\/2022\/03\/28\/hay-que-buscar-los-avisos-del-ine-como-dora-la-exploradora-lopez-obrador\/","og_site_name":"Fuentes Fidedignas","article_publisher":"https:\/\/www.facebook.com\/Fuentes-Fidedignas-368234489921644","article_published_time":"2022-03-28T15:37:09+00:00","article_modified_time":"2022-03-28T15:50:19+00:00","og_image":[{"width":800,"height":600,"url":"https:\/\/fuentesfidedignas.com.mx\/wp-content\/uploads\/2022\/03\/AMLO_2803.jpg","type":"image\/jpeg"}],"author":"Exc\u00e9lsior","twitter_card":"summary_large_image","twitter_creator":"@fidedignas","twitter_site":"@fidedignas","twitter_misc":{"Escrito por":"Exc\u00e9lsior","Tiempo de lectura":"2 minutos"},"schema":{"@context":"https:\/\/schema.org","@graph":[{"@type":"Article","@id":"https:\/\/fuentesfidedignas.com.mx\/index.php\/2022\/03\/28\/hay-que-buscar-los-avisos-del-ine-como-dora-la-exploradora-lopez-obrador\/#article","isPartOf":{"@id":"https:\/\/fuentesfidedignas.com.mx\/index.php\/2022\/03\/28\/hay-que-buscar-los-avisos-del-ine-como-dora-la-exploradora-lopez-obrador\/"},"author":{"name":"Exc\u00e9lsior","@id":"https:\/\/fuentesfidedignas.com.mx\/#\/schema\/person\/ec4edd1fbf5efa3e44fce34fe2787780"},"headline":"Hay que buscar los avisos del INE\u2026 como Dora la Exploradora: L\u00f3pez Obrador","datePublished":"2022-03-28T15:37:09+00:00","dateModified":"2022-03-28T15:50:19+00:00","mainEntityOfPage":{"@id":"https:\/\/fuentesfidedignas.com.mx\/index.php\/2022\/03\/28\/hay-que-buscar-los-avisos-del-ine-como-dora-la-exploradora-lopez-obrador\/"},"wordCount":374,"commentCount":0,"publisher":{"@id":"https:\/\/fuentesfidedignas.com.mx\/#organization"},"image":{"@id":"https:\/\/fuentesfidedignas.com.mx\/index.php\/2022\/03\/28\/hay-que-buscar-los-avisos-del-ine-como-dora-la-exploradora-lopez-obrador\/#primaryimage"},"thumbnailUrl":"https:\/\/fuentesfidedignas.com.mx\/wp-content\/uploads\/2022\/03\/AMLO_2803.jpg","keywords":["AMLO","Andr\u00e9s Manuel L\u00f3pez Obrador","INE","Instituto Nacional Electoral","Revocaci\u00f3n de mandato"],"inLanguage":"es","potentialAction":[{"@type":"CommentAction","name":"Comment","target":["https:\/\/fuentesfidedignas.com.mx\/index.php\/2022\/03\/28\/hay-que-buscar-los-avisos-del-ine-como-dora-la-exploradora-lopez-obrador\/#respond"]}]},{"@type":"WebPage","@id":"https:\/\/fuentesfidedignas.com.mx\/index.php\/2022\/03\/28\/hay-que-buscar-los-avisos-del-ine-como-dora-la-exploradora-lopez-obrador\/","url":"https:\/\/fuentesfidedignas.com.mx\/index.php\/2022\/03\/28\/hay-que-buscar-los-avisos-del-ine-como-dora-la-exploradora-lopez-obrador\/","name":"Hay que buscar los avisos del INE\u2026 como Dora la Exploradora: L\u00f3pez Obrador - Fuentes Fidedignas","isPartOf":{"@id":"https:\/\/fuentesfidedignas.com.mx\/#website"},"primaryImageOfPage":{"@id":"https:\/\/fuentesfidedignas.com.mx\/index.php\/2022\/03\/28\/hay-que-buscar-los-avisos-del-ine-como-dora-la-exploradora-lopez-obrador\/#primaryimage"},"image":{"@id":"https:\/\/fuentesfidedignas.com.mx\/index.php\/2022\/03\/28\/hay-que-buscar-los-avisos-del-ine-como-dora-la-exploradora-lopez-obrador\/#primaryimage"},"thumbnailUrl":"https:\/\/fuentesfidedignas.com.mx\/wp-content\/uploads\/2022\/03\/AMLO_2803.jpg","datePublished":"2022-03-28T15:37:09+00:00","dateModified":"2022-03-28T15:50:19+00:00","breadcrumb":{"@id":"https:\/\/fuentesfidedignas.com.mx\/index.php\/2022\/03\/28\/hay-que-buscar-los-avisos-del-ine-como-dora-la-exploradora-lopez-obrador\/#breadcrumb"},"inLanguage":"es","potentialAction":[{"@type":"ReadAction","target":["https:\/\/fuentesfidedignas.com.mx\/index.php\/2022\/03\/28\/hay-que-buscar-los-avisos-del-ine-como-dora-la-exploradora-lopez-obrador\/"]}]},{"@type":"ImageObject","inLanguage":"es","@id":"https:\/\/fuentesfidedignas.com.mx\/index.php\/2022\/03\/28\/hay-que-buscar-los-avisos-del-ine-como-dora-la-exploradora-lopez-obrador\/#primaryimage","url":"https:\/\/fuentesfidedignas.com.mx\/wp-content\/uploads\/2022\/03\/AMLO_2803.jpg","contentUrl":"https:\/\/fuentesfidedignas.com.mx\/wp-content\/uploads\/2022\/03\/AMLO_2803.jpg","width":800,"height":600},{"@type":"BreadcrumbList","@id":"https:\/\/fuentesfidedignas.com.mx\/index.php\/2022\/03\/28\/hay-que-buscar-los-avisos-del-ine-como-dora-la-exploradora-lopez-obrador\/#breadcrumb","itemListElement":[{"@type":"ListItem","position":1,"name":"Inicio","item":"https:\/\/fuentesfidedignas.com.mx\/"},{"@type":"ListItem","position":2,"name":"Hay que buscar los avisos del INE\u2026 como Dora la Exploradora: L\u00f3pez Obrador"}]},{"@type":"WebSite","@id":"https:\/\/fuentesfidedignas.com.mx\/#website","url":"https:\/\/fuentesfidedignas.com.mx\/","name":"Fuentes Fidedignas","description":"Otro sitio realizado con WordPress","publisher":{"@id":"https:\/\/fuentesfidedignas.com.mx\/#organization"},"potentialAction":[{"@type":"SearchAction","target":{"@type":"EntryPoint","urlTemplate":"https:\/\/fuentesfidedignas.com.mx\/?s={search_term_string}"},"query-input":{"@type":"PropertyValueSpecification","valueRequired":true,"valueName":"search_term_string"}}],"inLanguage":"es"},{"@type":"Organization","@id":"https:\/\/fuentesfidedignas.com.mx\/#organization","name":"Fuentes Fidedignas","url":"https:\/\/fuentesfidedignas.com.mx\/","logo":{"@type":"ImageObject","inLanguage":"es","@id":"https:\/\/fuentesfidedignas.com.mx\/#\/schema\/logo\/image\/","url":"https:\/\/fuentesfidedignas.com.mx\/wp-content\/uploads\/2021\/04\/logo-retina.png","contentUrl":"https:\/\/fuentesfidedignas.com.mx\/wp-content\/uploads\/2021\/04\/logo-retina.png","width":280,"height":51,"caption":"Fuentes Fidedignas"},"image":{"@id":"https:\/\/fuentesfidedignas.com.mx\/#\/schema\/logo\/image\/"},"sameAs":["https:\/\/www.facebook.com\/Fuentes-Fidedignas-368234489921644","https:\/\/x.com\/fidedignas"]},{"@type":"Person","@id":"https:\/\/fuentesfidedignas.com.mx\/#\/schema\/person\/ec4edd1fbf5efa3e44fce34fe2787780","name":"Exc\u00e9lsior","image":{"@type":"ImageObject","inLanguage":"es","@id":"https:\/\/secure.gravatar.com\/avatar\/4b7ee9206b48be08447852b3f0814dbc7c0f3b51541b164f1464a2725614020b?s=96&d=mm&r=g","url":"https:\/\/secure.gravatar.com\/avatar\/4b7ee9206b48be08447852b3f0814dbc7c0f3b51541b164f1464a2725614020b?s=96&d=mm&r=g","contentUrl":"https:\/\/secure.gravatar.com\/avatar\/4b7ee9206b48be08447852b3f0814dbc7c0f3b51541b164f1464a2725614020b?s=96&d=mm&r=g","caption":"Exc\u00e9lsior"},"url":"https:\/\/fuentesfidedignas.com.mx\/index.php\/author\/excelsior\/"}]}},"_links":{"self":[{"href":"https:\/\/fuentesfidedignas.com.mx\/index.php\/wp-json\/wp\/v2\/posts\/27139","targetHints":{"allow":["GET"]}}],"collection":[{"href":"https:\/\/fuentesfidedignas.com.mx\/index.php\/wp-json\/wp\/v2\/posts"}],"about":[{"href":"https:\/\/fuentesfidedignas.com.mx\/index.php\/wp-json\/wp\/v2\/types\/post"}],"author":[{"embeddable":true,"href":"https:\/\/fuentesfidedignas.com.mx\/index.php\/wp-json\/wp\/v2\/users\/7"}],"replies":[{"embeddable":true,"href":"https:\/\/fuentesfidedignas.com.mx\/index.php\/wp-json\/wp\/v2\/comments?post=27139"}],"version-history":[{"count":1,"href":"https:\/\/fuentesfidedignas.com.mx\/index.php\/wp-json\/wp\/v2\/posts\/27139\/revisions"}],"predecessor-version":[{"id":27141,"href":"https:\/\/fuentesfidedignas.com.mx\/index.php\/wp-json\/wp\/v2\/posts\/27139\/revisions\/27141"}],"wp:featuredmedia":[{"embeddable":true,"href":"https:\/\/fuentesfidedignas.com.mx\/index.php\/wp-json\/wp\/v2\/media\/27140"}],"wp:attachment":[{"href":"https:\/\/fuentesfidedignas.com.mx\/index.php\/wp-json\/wp\/v2\/media?parent=27139"}],"wp:term":[{"taxonomy":"category","embeddable":true,"href":"https:\/\/fuentesfidedignas.com.mx\/index.php\/wp-json\/wp\/v2\/categories?post=27139"},{"taxonomy":"post_tag","embeddable":true,"href":"https:\/\/fuentesfidedignas.com.mx\/index.php\/wp-json\/wp\/v2\/tags?post=27139"}],"curies":[{"name":"wp","href":"https:\/\/api.w.org\/{rel}","templated":true}]}}