{"id":27024,"date":"2022-03-25T14:48:38","date_gmt":"2022-03-25T21:48:38","guid":{"rendered":"https:\/\/fuentesfidedignas.com.mx\/?p=27024"},"modified":"2022-03-25T14:48:57","modified_gmt":"2022-03-25T21:48:57","slug":"no-recibo-sobres-amarillos-con-dinero-responde-derbez-a-amlo-sobre-tren-maya","status":"publish","type":"post","link":"https:\/\/fuentesfidedignas.com.mx\/index.php\/2022\/03\/25\/no-recibo-sobres-amarillos-con-dinero-responde-derbez-a-amlo-sobre-tren-maya\/","title":{"rendered":"\u201cNo recibo sobres amarillos con dinero\u201d: responde Derbez a AMLO sobre Tren Maya"},"content":{"rendered":"\n<p><strong><em>El actor y productor asegur\u00f3 que no tiene la necesidad de que alguien le pague para decir algo, que lo hace por amor a M\u00e9xico<\/em><\/strong><\/p>\n\n\n\n<p>Ciudad de M\u00e9xico. Eugenio Derbez, actor y productor, le respondi\u00f3 al Presidente Andr\u00e9s Manuel L\u00f3pez Obrador sobre los se\u00f1alamientos que hizo en su contra por oponerse a la construcci\u00f3n de un tramo del Tren Maya.<\/p>\n\n\n\n<p>Me duele que descalifiquen porque creo que el le\u00f3n cree que todos son de su condici\u00f3n. Yo no recibo sobres amarillos, yo no necesito eso. Me gano el dinero con el sudor de mi frente\u201d.<\/p>\n\n\n\n<p>Esta ma\u00f1ana, en entrevista con Ciro G\u00f3mez Leyva, Derbez neg\u00f3 haber recibido alg\u00fan pago por participar en la campa\u00f1a #S\u00e9lvamedelTren, en la que tambi\u00e9n participan Kate del Castillo, Ofelia Medina, Natalia Lafourcade, Omar Chaparro, B\u00e1rbara Mori, Rub\u00e9n Albarr\u00e1n, Sa\u00fal Hern\u00e1ndez y Ana Claudia Talanc\u00f3n.<\/p>\n\n\n\n<p>&#8220;A estas alturas de mi carrera, no tengo la necesidad de que alguien me venga a pagar para decir algo\u201d, asegur\u00f3 Derbez y se\u00f1al\u00f3 que sus acciones son pensando en el bienestar de M\u00e9xico.<\/p>\n\n\n\n<figure class=\"wp-block-embed is-type-rich is-provider-twitter wp-block-embed-twitter\"><div class=\"wp-block-embed__wrapper\">\n<blockquote class=\"twitter-tweet\" data-width=\"550\" data-dnt=\"true\"><p lang=\"es\" dir=\"ltr\">&quot;No tengo necesidad de que alguien venga y me pague algunos pesos para que apoye a alg\u00fan partido pol\u00edtico, yo no recibo sobres amarillos y seguir\u00e9 protestando por la construcci\u00f3n del tramo 5 del Tren Maya&quot;, asegur\u00f3 <a href=\"https:\/\/twitter.com\/hashtag\/PorLaMa%C3%B1ana?src=hash&amp;ref_src=twsrc%5Etfw\">#PorLaMa\u00f1ana<\/a> <a href=\"https:\/\/twitter.com\/EugenioDerbez?ref_src=twsrc%5Etfw\">@EugenioDerbez<\/a> <a href=\"https:\/\/t.co\/BcJH2FH5bo\">https:\/\/t.co\/BcJH2FH5bo<\/a><\/p>&mdash; Ciro G\u00f3mez Leyva (@CiroGomezL) <a href=\"https:\/\/twitter.com\/CiroGomezL\/status\/1507358213695545344?ref_src=twsrc%5Etfw\">March 25, 2022<\/a><\/blockquote><script async src=\"https:\/\/platform.twitter.com\/widgets.js\" charset=\"utf-8\"><\/script>\n<\/div><\/figure>\n\n\n\n<p>Hace unos d\u00edas, mediante el hashtag #S\u00e9lvamedelTren, cantantes, influencers y artistas protestaron en redes sociales contra el cambio de ruta del Tren Maya porque, aseguraron, ha destruido la flora y la fauna de la zona.<\/p>\n\n\n\n<figure class=\"wp-block-embed is-type-rich is-provider-twitter wp-block-embed-twitter\"><div class=\"wp-block-embed__wrapper\">\n<blockquote class=\"twitter-tweet\" data-width=\"550\" data-dnt=\"true\"><p lang=\"es\" dir=\"ltr\">Queremos que el <a href=\"https:\/\/twitter.com\/hashtag\/TrenMaya?src=hash&amp;ref_src=twsrc%5Etfw\">#TrenMaya<\/a> respete la naturaleza. \ud83c\udf43<br>Hoy alzamos la voz. No al tramo 5, s\u00ed a los r\u00edos, selva y cenotes. \ud83c\udf33\ud83d\udc06\ud83d\udca7<a href=\"https:\/\/twitter.com\/hashtag\/S%C3%A9lvameDelTren?src=hash&amp;ref_src=twsrc%5Etfw\">#S\u00e9lvameDelTren<\/a> <a href=\"https:\/\/twitter.com\/hashtag\/SalvemosElAgua?src=hash&amp;ref_src=twsrc%5Etfw\">#SalvemosElAgua<\/a> <a href=\"https:\/\/twitter.com\/hashtag\/SalvemosLaVida?src=hash&amp;ref_src=twsrc%5Etfw\">#SalvemosLaVida<\/a><br>firma la petici\u00f3n aqu\u00ed. \u2935\ufe0f<a href=\"https:\/\/t.co\/eNBWum7FFK\">https:\/\/t.co\/eNBWum7FFK<\/a> <a href=\"https:\/\/t.co\/8hzgeUjQb2\">pic.twitter.com\/8hzgeUjQb2<\/a><\/p>&mdash; Selvame del Tren (@selvamedeltren) <a href=\"https:\/\/twitter.com\/selvamedeltren\/status\/1506348937929711623?ref_src=twsrc%5Etfw\">March 22, 2022<\/a><\/blockquote><script async src=\"https:\/\/platform.twitter.com\/widgets.js\" charset=\"utf-8\"><\/script>\n<\/div><\/figure>\n\n\n\n<p>Ayer, el Presidente L\u00f3pez Obrador acus\u00f3 a los actores que ahora se oponen al Tren maya de simular ser \u201cprogresistas buena onda\u201d para enga\u00f1ar a la sociedad, argumentando que ser de derecha es sin\u00f3nimo de retr\u00f3grada.<\/p>\n\n\n\n<p>En la conferencia ma\u00f1anera de ayer, L\u00f3pez Obrador dijo que la actitud de \u201cesos famosos\u201d, es un reflejo de la deshonestidad en artistas, en cient\u00edficos e intelectuales que ahora se manifiesta abiertamente en M\u00e9xico.<\/p>\n\n\n\n<p>&#8220;Es normal, a estos famosos o les pagaron, o lo hacen por convicci\u00f3n porque les molesta mucho lo que est\u00e1 sucediendo en el pa\u00eds, son adversarios nuestros y algunos muy desinformados\u201d, sostuvo el mandatario.<\/p>\n\n\n\n<p>Luego puso como ejemplo del desconocimiento expresado por los artistas opositores al proyecto del Tren Maya, el hecho de que, en los videos difundidos en redes sociales, se observa que los actores est\u00e1n leyendo un texto elaborado.<\/p>\n\n\n\n<p>A estas declaraciones del presidente mexicano, Eugenio Derbez asegur\u00f3 que no es partidario de ninguna fuerza pol\u00edtica, pues los gobiernos van y vienen sin que las cosas cambien verdaderamente.<\/p>\n\n\n\n<p>&#8220;Al contrario, soy apartidista (\u2026) esto lo hago por amor a M\u00e9xico, punto\u201d, presumi\u00f3.<\/p>\n\n\n\n<p>Se\u00f1al\u00f3 que le molestan las descalificaciones cuando lo que se est\u00e1 haciendo con la campa\u00f1a es hacer conciencia del da\u00f1o ecol\u00f3gico que conlleva la construcci\u00f3n del Tren Maya en el ecosistema, puntualiz\u00f3 Eugenio Derbez.<\/p>\n","protected":false},"excerpt":{"rendered":"<p>El actor y productor asegur\u00f3 que no tiene la necesidad de que alguien le pague para decir algo, que lo hace por amor a M\u00e9xico Ciudad de M\u00e9xico. Eugenio Derbez, actor y productor, le respondi\u00f3 al Presidente Andr\u00e9s Manuel L\u00f3pez Obrador sobre los se\u00f1alamientos que hizo en su contra por oponerse a la construcci\u00f3n de [&hellip;]<\/p>\n","protected":false},"author":50,"featured_media":27026,"comment_status":"open","ping_status":"open","sticky":false,"template":"","format":"standard","meta":{"tdm_status":"","tdm_grid_status":"","footnotes":""},"categories":[39],"tags":[],"class_list":{"0":"post-27024","1":"post","2":"type-post","3":"status-publish","4":"format-standard","5":"has-post-thumbnail","7":"category-noticias-nacionales"},"yoast_head":"<!-- This site is optimized with the Yoast SEO plugin v27.4 - https:\/\/yoast.com\/product\/yoast-seo-wordpress\/ -->\n<title>\u201cNo recibo sobres amarillos con dinero\u201d: responde Derbez a AMLO sobre Tren Maya - Fuentes Fidedignas<\/title>\n<meta name=\"robots\" content=\"index, follow, max-snippet:-1, max-image-preview:large, max-video-preview:-1\" \/>\n<link rel=\"canonical\" href=\"https:\/\/fuentesfidedignas.com.mx\/index.php\/2022\/03\/25\/no-recibo-sobres-amarillos-con-dinero-responde-derbez-a-amlo-sobre-tren-maya\/\" \/>\n<meta property=\"og:locale\" content=\"es_MX\" \/>\n<meta property=\"og:type\" content=\"article\" \/>\n<meta property=\"og:title\" content=\"\u201cNo recibo sobres amarillos con dinero\u201d: responde Derbez a AMLO sobre Tren Maya - Fuentes Fidedignas\" \/>\n<meta property=\"og:description\" content=\"El actor y productor asegur\u00f3 que no tiene la necesidad de que alguien le pague para decir algo, que lo hace por amor a M\u00e9xico Ciudad de M\u00e9xico. Eugenio Derbez, actor y productor, le respondi\u00f3 al Presidente Andr\u00e9s Manuel L\u00f3pez Obrador sobre los se\u00f1alamientos que hizo en su contra por oponerse a la construcci\u00f3n de [&hellip;]\" \/>\n<meta property=\"og:url\" content=\"https:\/\/fuentesfidedignas.com.mx\/index.php\/2022\/03\/25\/no-recibo-sobres-amarillos-con-dinero-responde-derbez-a-amlo-sobre-tren-maya\/\" \/>\n<meta property=\"og:site_name\" content=\"Fuentes Fidedignas\" \/>\n<meta property=\"article:publisher\" content=\"https:\/\/www.facebook.com\/Fuentes-Fidedignas-368234489921644\" \/>\n<meta property=\"article:published_time\" content=\"2022-03-25T21:48:38+00:00\" \/>\n<meta property=\"article:modified_time\" content=\"2022-03-25T21:48:57+00:00\" \/>\n<meta property=\"og:image\" content=\"https:\/\/fuentesfidedignas.com.mx\/wp-content\/uploads\/2022\/03\/f608x342-152242_181965_0.jpg\" \/>\n\t<meta property=\"og:image:width\" content=\"608\" \/>\n\t<meta property=\"og:image:height\" content=\"342\" \/>\n\t<meta property=\"og:image:type\" content=\"image\/jpeg\" \/>\n<meta name=\"author\" content=\"Proceso\" \/>\n<meta name=\"twitter:card\" content=\"summary_large_image\" \/>\n<meta name=\"twitter:creator\" content=\"@fidedignas\" \/>\n<meta name=\"twitter:site\" content=\"@fidedignas\" \/>\n<meta name=\"twitter:label1\" content=\"Escrito por\" \/>\n\t<meta name=\"twitter:data1\" content=\"Proceso\" \/>\n\t<meta name=\"twitter:label2\" content=\"Tiempo de lectura\" \/>\n\t<meta name=\"twitter:data2\" content=\"2 minutos\" \/>\n<script type=\"application\/ld+json\" class=\"yoast-schema-graph\">{\"@context\":\"https:\\\/\\\/schema.org\",\"@graph\":[{\"@type\":\"Article\",\"@id\":\"https:\\\/\\\/fuentesfidedignas.com.mx\\\/index.php\\\/2022\\\/03\\\/25\\\/no-recibo-sobres-amarillos-con-dinero-responde-derbez-a-amlo-sobre-tren-maya\\\/#article\",\"isPartOf\":{\"@id\":\"https:\\\/\\\/fuentesfidedignas.com.mx\\\/index.php\\\/2022\\\/03\\\/25\\\/no-recibo-sobres-amarillos-con-dinero-responde-derbez-a-amlo-sobre-tren-maya\\\/\"},\"author\":{\"name\":\"Proceso\",\"@id\":\"https:\\\/\\\/fuentesfidedignas.com.mx\\\/#\\\/schema\\\/person\\\/eb72247ff123b3ce5e4cadc7f50ae372\"},\"headline\":\"\u201cNo recibo sobres amarillos con dinero\u201d: responde Derbez a AMLO sobre Tren Maya\",\"datePublished\":\"2022-03-25T21:48:38+00:00\",\"dateModified\":\"2022-03-25T21:48:57+00:00\",\"mainEntityOfPage\":{\"@id\":\"https:\\\/\\\/fuentesfidedignas.com.mx\\\/index.php\\\/2022\\\/03\\\/25\\\/no-recibo-sobres-amarillos-con-dinero-responde-derbez-a-amlo-sobre-tren-maya\\\/\"},\"wordCount\":540,\"commentCount\":0,\"publisher\":{\"@id\":\"https:\\\/\\\/fuentesfidedignas.com.mx\\\/#organization\"},\"image\":{\"@id\":\"https:\\\/\\\/fuentesfidedignas.com.mx\\\/index.php\\\/2022\\\/03\\\/25\\\/no-recibo-sobres-amarillos-con-dinero-responde-derbez-a-amlo-sobre-tren-maya\\\/#primaryimage\"},\"thumbnailUrl\":\"https:\\\/\\\/fuentesfidedignas.com.mx\\\/wp-content\\\/uploads\\\/2022\\\/03\\\/f608x342-152242_181965_0.jpg\",\"articleSection\":[\"NOTICIAS NACIONALES\"],\"inLanguage\":\"es\",\"potentialAction\":[{\"@type\":\"CommentAction\",\"name\":\"Comment\",\"target\":[\"https:\\\/\\\/fuentesfidedignas.com.mx\\\/index.php\\\/2022\\\/03\\\/25\\\/no-recibo-sobres-amarillos-con-dinero-responde-derbez-a-amlo-sobre-tren-maya\\\/#respond\"]}]},{\"@type\":\"WebPage\",\"@id\":\"https:\\\/\\\/fuentesfidedignas.com.mx\\\/index.php\\\/2022\\\/03\\\/25\\\/no-recibo-sobres-amarillos-con-dinero-responde-derbez-a-amlo-sobre-tren-maya\\\/\",\"url\":\"https:\\\/\\\/fuentesfidedignas.com.mx\\\/index.php\\\/2022\\\/03\\\/25\\\/no-recibo-sobres-amarillos-con-dinero-responde-derbez-a-amlo-sobre-tren-maya\\\/\",\"name\":\"\u201cNo recibo sobres amarillos con dinero\u201d: responde Derbez a AMLO sobre Tren Maya - Fuentes Fidedignas\",\"isPartOf\":{\"@id\":\"https:\\\/\\\/fuentesfidedignas.com.mx\\\/#website\"},\"primaryImageOfPage\":{\"@id\":\"https:\\\/\\\/fuentesfidedignas.com.mx\\\/index.php\\\/2022\\\/03\\\/25\\\/no-recibo-sobres-amarillos-con-dinero-responde-derbez-a-amlo-sobre-tren-maya\\\/#primaryimage\"},\"image\":{\"@id\":\"https:\\\/\\\/fuentesfidedignas.com.mx\\\/index.php\\\/2022\\\/03\\\/25\\\/no-recibo-sobres-amarillos-con-dinero-responde-derbez-a-amlo-sobre-tren-maya\\\/#primaryimage\"},\"thumbnailUrl\":\"https:\\\/\\\/fuentesfidedignas.com.mx\\\/wp-content\\\/uploads\\\/2022\\\/03\\\/f608x342-152242_181965_0.jpg\",\"datePublished\":\"2022-03-25T21:48:38+00:00\",\"dateModified\":\"2022-03-25T21:48:57+00:00\",\"breadcrumb\":{\"@id\":\"https:\\\/\\\/fuentesfidedignas.com.mx\\\/index.php\\\/2022\\\/03\\\/25\\\/no-recibo-sobres-amarillos-con-dinero-responde-derbez-a-amlo-sobre-tren-maya\\\/#breadcrumb\"},\"inLanguage\":\"es\",\"potentialAction\":[{\"@type\":\"ReadAction\",\"target\":[\"https:\\\/\\\/fuentesfidedignas.com.mx\\\/index.php\\\/2022\\\/03\\\/25\\\/no-recibo-sobres-amarillos-con-dinero-responde-derbez-a-amlo-sobre-tren-maya\\\/\"]}]},{\"@type\":\"ImageObject\",\"inLanguage\":\"es\",\"@id\":\"https:\\\/\\\/fuentesfidedignas.com.mx\\\/index.php\\\/2022\\\/03\\\/25\\\/no-recibo-sobres-amarillos-con-dinero-responde-derbez-a-amlo-sobre-tren-maya\\\/#primaryimage\",\"url\":\"https:\\\/\\\/fuentesfidedignas.com.mx\\\/wp-content\\\/uploads\\\/2022\\\/03\\\/f608x342-152242_181965_0.jpg\",\"contentUrl\":\"https:\\\/\\\/fuentesfidedignas.com.mx\\\/wp-content\\\/uploads\\\/2022\\\/03\\\/f608x342-152242_181965_0.jpg\",\"width\":608,\"height\":342},{\"@type\":\"BreadcrumbList\",\"@id\":\"https:\\\/\\\/fuentesfidedignas.com.mx\\\/index.php\\\/2022\\\/03\\\/25\\\/no-recibo-sobres-amarillos-con-dinero-responde-derbez-a-amlo-sobre-tren-maya\\\/#breadcrumb\",\"itemListElement\":[{\"@type\":\"ListItem\",\"position\":1,\"name\":\"Inicio\",\"item\":\"https:\\\/\\\/fuentesfidedignas.com.mx\\\/\"},{\"@type\":\"ListItem\",\"position\":2,\"name\":\"\u201cNo recibo sobres amarillos con dinero\u201d: responde Derbez a AMLO sobre Tren Maya\"}]},{\"@type\":\"WebSite\",\"@id\":\"https:\\\/\\\/fuentesfidedignas.com.mx\\\/#website\",\"url\":\"https:\\\/\\\/fuentesfidedignas.com.mx\\\/\",\"name\":\"Fuentes Fidedignas\",\"description\":\"Otro sitio realizado con WordPress\",\"publisher\":{\"@id\":\"https:\\\/\\\/fuentesfidedignas.com.mx\\\/#organization\"},\"potentialAction\":[{\"@type\":\"SearchAction\",\"target\":{\"@type\":\"EntryPoint\",\"urlTemplate\":\"https:\\\/\\\/fuentesfidedignas.com.mx\\\/?s={search_term_string}\"},\"query-input\":{\"@type\":\"PropertyValueSpecification\",\"valueRequired\":true,\"valueName\":\"search_term_string\"}}],\"inLanguage\":\"es\"},{\"@type\":\"Organization\",\"@id\":\"https:\\\/\\\/fuentesfidedignas.com.mx\\\/#organization\",\"name\":\"Fuentes Fidedignas\",\"url\":\"https:\\\/\\\/fuentesfidedignas.com.mx\\\/\",\"logo\":{\"@type\":\"ImageObject\",\"inLanguage\":\"es\",\"@id\":\"https:\\\/\\\/fuentesfidedignas.com.mx\\\/#\\\/schema\\\/logo\\\/image\\\/\",\"url\":\"https:\\\/\\\/fuentesfidedignas.com.mx\\\/wp-content\\\/uploads\\\/2021\\\/04\\\/logo-retina.png\",\"contentUrl\":\"https:\\\/\\\/fuentesfidedignas.com.mx\\\/wp-content\\\/uploads\\\/2021\\\/04\\\/logo-retina.png\",\"width\":280,\"height\":51,\"caption\":\"Fuentes Fidedignas\"},\"image\":{\"@id\":\"https:\\\/\\\/fuentesfidedignas.com.mx\\\/#\\\/schema\\\/logo\\\/image\\\/\"},\"sameAs\":[\"https:\\\/\\\/www.facebook.com\\\/Fuentes-Fidedignas-368234489921644\",\"https:\\\/\\\/x.com\\\/fidedignas\"]},{\"@type\":\"Person\",\"@id\":\"https:\\\/\\\/fuentesfidedignas.com.mx\\\/#\\\/schema\\\/person\\\/eb72247ff123b3ce5e4cadc7f50ae372\",\"name\":\"Proceso\",\"image\":{\"@type\":\"ImageObject\",\"inLanguage\":\"es\",\"@id\":\"https:\\\/\\\/secure.gravatar.com\\\/avatar\\\/0bb01ecb091d50a46122cbe5cc32ffea15a000f83628f1e40458e669d38ff2cd?s=96&d=mm&r=g\",\"url\":\"https:\\\/\\\/secure.gravatar.com\\\/avatar\\\/0bb01ecb091d50a46122cbe5cc32ffea15a000f83628f1e40458e669d38ff2cd?s=96&d=mm&r=g\",\"contentUrl\":\"https:\\\/\\\/secure.gravatar.com\\\/avatar\\\/0bb01ecb091d50a46122cbe5cc32ffea15a000f83628f1e40458e669d38ff2cd?s=96&d=mm&r=g\",\"caption\":\"Proceso\"},\"url\":\"https:\\\/\\\/fuentesfidedignas.com.mx\\\/index.php\\\/author\\\/proceso\\\/\"}]}<\/script>\n<!-- \/ Yoast SEO plugin. -->","yoast_head_json":{"title":"\u201cNo recibo sobres amarillos con dinero\u201d: responde Derbez a AMLO sobre Tren Maya - Fuentes Fidedignas","robots":{"index":"index","follow":"follow","max-snippet":"max-snippet:-1","max-image-preview":"max-image-preview:large","max-video-preview":"max-video-preview:-1"},"canonical":"https:\/\/fuentesfidedignas.com.mx\/index.php\/2022\/03\/25\/no-recibo-sobres-amarillos-con-dinero-responde-derbez-a-amlo-sobre-tren-maya\/","og_locale":"es_MX","og_type":"article","og_title":"\u201cNo recibo sobres amarillos con dinero\u201d: responde Derbez a AMLO sobre Tren Maya - Fuentes Fidedignas","og_description":"El actor y productor asegur\u00f3 que no tiene la necesidad de que alguien le pague para decir algo, que lo hace por amor a M\u00e9xico Ciudad de M\u00e9xico. Eugenio Derbez, actor y productor, le respondi\u00f3 al Presidente Andr\u00e9s Manuel L\u00f3pez Obrador sobre los se\u00f1alamientos que hizo en su contra por oponerse a la construcci\u00f3n de [&hellip;]","og_url":"https:\/\/fuentesfidedignas.com.mx\/index.php\/2022\/03\/25\/no-recibo-sobres-amarillos-con-dinero-responde-derbez-a-amlo-sobre-tren-maya\/","og_site_name":"Fuentes Fidedignas","article_publisher":"https:\/\/www.facebook.com\/Fuentes-Fidedignas-368234489921644","article_published_time":"2022-03-25T21:48:38+00:00","article_modified_time":"2022-03-25T21:48:57+00:00","og_image":[{"width":608,"height":342,"url":"https:\/\/fuentesfidedignas.com.mx\/wp-content\/uploads\/2022\/03\/f608x342-152242_181965_0.jpg","type":"image\/jpeg"}],"author":"Proceso","twitter_card":"summary_large_image","twitter_creator":"@fidedignas","twitter_site":"@fidedignas","twitter_misc":{"Escrito por":"Proceso","Tiempo de lectura":"2 minutos"},"schema":{"@context":"https:\/\/schema.org","@graph":[{"@type":"Article","@id":"https:\/\/fuentesfidedignas.com.mx\/index.php\/2022\/03\/25\/no-recibo-sobres-amarillos-con-dinero-responde-derbez-a-amlo-sobre-tren-maya\/#article","isPartOf":{"@id":"https:\/\/fuentesfidedignas.com.mx\/index.php\/2022\/03\/25\/no-recibo-sobres-amarillos-con-dinero-responde-derbez-a-amlo-sobre-tren-maya\/"},"author":{"name":"Proceso","@id":"https:\/\/fuentesfidedignas.com.mx\/#\/schema\/person\/eb72247ff123b3ce5e4cadc7f50ae372"},"headline":"\u201cNo recibo sobres amarillos con dinero\u201d: responde Derbez a AMLO sobre Tren Maya","datePublished":"2022-03-25T21:48:38+00:00","dateModified":"2022-03-25T21:48:57+00:00","mainEntityOfPage":{"@id":"https:\/\/fuentesfidedignas.com.mx\/index.php\/2022\/03\/25\/no-recibo-sobres-amarillos-con-dinero-responde-derbez-a-amlo-sobre-tren-maya\/"},"wordCount":540,"commentCount":0,"publisher":{"@id":"https:\/\/fuentesfidedignas.com.mx\/#organization"},"image":{"@id":"https:\/\/fuentesfidedignas.com.mx\/index.php\/2022\/03\/25\/no-recibo-sobres-amarillos-con-dinero-responde-derbez-a-amlo-sobre-tren-maya\/#primaryimage"},"thumbnailUrl":"https:\/\/fuentesfidedignas.com.mx\/wp-content\/uploads\/2022\/03\/f608x342-152242_181965_0.jpg","articleSection":["NOTICIAS NACIONALES"],"inLanguage":"es","potentialAction":[{"@type":"CommentAction","name":"Comment","target":["https:\/\/fuentesfidedignas.com.mx\/index.php\/2022\/03\/25\/no-recibo-sobres-amarillos-con-dinero-responde-derbez-a-amlo-sobre-tren-maya\/#respond"]}]},{"@type":"WebPage","@id":"https:\/\/fuentesfidedignas.com.mx\/index.php\/2022\/03\/25\/no-recibo-sobres-amarillos-con-dinero-responde-derbez-a-amlo-sobre-tren-maya\/","url":"https:\/\/fuentesfidedignas.com.mx\/index.php\/2022\/03\/25\/no-recibo-sobres-amarillos-con-dinero-responde-derbez-a-amlo-sobre-tren-maya\/","name":"\u201cNo recibo sobres amarillos con dinero\u201d: responde Derbez a AMLO sobre Tren Maya - Fuentes Fidedignas","isPartOf":{"@id":"https:\/\/fuentesfidedignas.com.mx\/#website"},"primaryImageOfPage":{"@id":"https:\/\/fuentesfidedignas.com.mx\/index.php\/2022\/03\/25\/no-recibo-sobres-amarillos-con-dinero-responde-derbez-a-amlo-sobre-tren-maya\/#primaryimage"},"image":{"@id":"https:\/\/fuentesfidedignas.com.mx\/index.php\/2022\/03\/25\/no-recibo-sobres-amarillos-con-dinero-responde-derbez-a-amlo-sobre-tren-maya\/#primaryimage"},"thumbnailUrl":"https:\/\/fuentesfidedignas.com.mx\/wp-content\/uploads\/2022\/03\/f608x342-152242_181965_0.jpg","datePublished":"2022-03-25T21:48:38+00:00","dateModified":"2022-03-25T21:48:57+00:00","breadcrumb":{"@id":"https:\/\/fuentesfidedignas.com.mx\/index.php\/2022\/03\/25\/no-recibo-sobres-amarillos-con-dinero-responde-derbez-a-amlo-sobre-tren-maya\/#breadcrumb"},"inLanguage":"es","potentialAction":[{"@type":"ReadAction","target":["https:\/\/fuentesfidedignas.com.mx\/index.php\/2022\/03\/25\/no-recibo-sobres-amarillos-con-dinero-responde-derbez-a-amlo-sobre-tren-maya\/"]}]},{"@type":"ImageObject","inLanguage":"es","@id":"https:\/\/fuentesfidedignas.com.mx\/index.php\/2022\/03\/25\/no-recibo-sobres-amarillos-con-dinero-responde-derbez-a-amlo-sobre-tren-maya\/#primaryimage","url":"https:\/\/fuentesfidedignas.com.mx\/wp-content\/uploads\/2022\/03\/f608x342-152242_181965_0.jpg","contentUrl":"https:\/\/fuentesfidedignas.com.mx\/wp-content\/uploads\/2022\/03\/f608x342-152242_181965_0.jpg","width":608,"height":342},{"@type":"BreadcrumbList","@id":"https:\/\/fuentesfidedignas.com.mx\/index.php\/2022\/03\/25\/no-recibo-sobres-amarillos-con-dinero-responde-derbez-a-amlo-sobre-tren-maya\/#breadcrumb","itemListElement":[{"@type":"ListItem","position":1,"name":"Inicio","item":"https:\/\/fuentesfidedignas.com.mx\/"},{"@type":"ListItem","position":2,"name":"\u201cNo recibo sobres amarillos con dinero\u201d: responde Derbez a AMLO sobre Tren Maya"}]},{"@type":"WebSite","@id":"https:\/\/fuentesfidedignas.com.mx\/#website","url":"https:\/\/fuentesfidedignas.com.mx\/","name":"Fuentes Fidedignas","description":"Otro sitio realizado con WordPress","publisher":{"@id":"https:\/\/fuentesfidedignas.com.mx\/#organization"},"potentialAction":[{"@type":"SearchAction","target":{"@type":"EntryPoint","urlTemplate":"https:\/\/fuentesfidedignas.com.mx\/?s={search_term_string}"},"query-input":{"@type":"PropertyValueSpecification","valueRequired":true,"valueName":"search_term_string"}}],"inLanguage":"es"},{"@type":"Organization","@id":"https:\/\/fuentesfidedignas.com.mx\/#organization","name":"Fuentes Fidedignas","url":"https:\/\/fuentesfidedignas.com.mx\/","logo":{"@type":"ImageObject","inLanguage":"es","@id":"https:\/\/fuentesfidedignas.com.mx\/#\/schema\/logo\/image\/","url":"https:\/\/fuentesfidedignas.com.mx\/wp-content\/uploads\/2021\/04\/logo-retina.png","contentUrl":"https:\/\/fuentesfidedignas.com.mx\/wp-content\/uploads\/2021\/04\/logo-retina.png","width":280,"height":51,"caption":"Fuentes Fidedignas"},"image":{"@id":"https:\/\/fuentesfidedignas.com.mx\/#\/schema\/logo\/image\/"},"sameAs":["https:\/\/www.facebook.com\/Fuentes-Fidedignas-368234489921644","https:\/\/x.com\/fidedignas"]},{"@type":"Person","@id":"https:\/\/fuentesfidedignas.com.mx\/#\/schema\/person\/eb72247ff123b3ce5e4cadc7f50ae372","name":"Proceso","image":{"@type":"ImageObject","inLanguage":"es","@id":"https:\/\/secure.gravatar.com\/avatar\/0bb01ecb091d50a46122cbe5cc32ffea15a000f83628f1e40458e669d38ff2cd?s=96&d=mm&r=g","url":"https:\/\/secure.gravatar.com\/avatar\/0bb01ecb091d50a46122cbe5cc32ffea15a000f83628f1e40458e669d38ff2cd?s=96&d=mm&r=g","contentUrl":"https:\/\/secure.gravatar.com\/avatar\/0bb01ecb091d50a46122cbe5cc32ffea15a000f83628f1e40458e669d38ff2cd?s=96&d=mm&r=g","caption":"Proceso"},"url":"https:\/\/fuentesfidedignas.com.mx\/index.php\/author\/proceso\/"}]}},"_links":{"self":[{"href":"https:\/\/fuentesfidedignas.com.mx\/index.php\/wp-json\/wp\/v2\/posts\/27024","targetHints":{"allow":["GET"]}}],"collection":[{"href":"https:\/\/fuentesfidedignas.com.mx\/index.php\/wp-json\/wp\/v2\/posts"}],"about":[{"href":"https:\/\/fuentesfidedignas.com.mx\/index.php\/wp-json\/wp\/v2\/types\/post"}],"author":[{"embeddable":true,"href":"https:\/\/fuentesfidedignas.com.mx\/index.php\/wp-json\/wp\/v2\/users\/50"}],"replies":[{"embeddable":true,"href":"https:\/\/fuentesfidedignas.com.mx\/index.php\/wp-json\/wp\/v2\/comments?post=27024"}],"version-history":[{"count":1,"href":"https:\/\/fuentesfidedignas.com.mx\/index.php\/wp-json\/wp\/v2\/posts\/27024\/revisions"}],"predecessor-version":[{"id":27025,"href":"https:\/\/fuentesfidedignas.com.mx\/index.php\/wp-json\/wp\/v2\/posts\/27024\/revisions\/27025"}],"wp:featuredmedia":[{"embeddable":true,"href":"https:\/\/fuentesfidedignas.com.mx\/index.php\/wp-json\/wp\/v2\/media\/27026"}],"wp:attachment":[{"href":"https:\/\/fuentesfidedignas.com.mx\/index.php\/wp-json\/wp\/v2\/media?parent=27024"}],"wp:term":[{"taxonomy":"category","embeddable":true,"href":"https:\/\/fuentesfidedignas.com.mx\/index.php\/wp-json\/wp\/v2\/categories?post=27024"},{"taxonomy":"post_tag","embeddable":true,"href":"https:\/\/fuentesfidedignas.com.mx\/index.php\/wp-json\/wp\/v2\/tags?post=27024"}],"curies":[{"name":"wp","href":"https:\/\/api.w.org\/{rel}","templated":true}]}}