{"id":26933,"date":"2022-03-24T13:55:23","date_gmt":"2022-03-24T20:55:23","guid":{"rendered":"https:\/\/fuentesfidedignas.com.mx\/?p=26933"},"modified":"2022-03-24T13:56:18","modified_gmt":"2022-03-24T20:56:18","slug":"cuevas-logra-acuerdo-debe-ofrecer-disculpa-publica-a-policias-y-tomar-terapia-de-control-de-ira","status":"publish","type":"post","link":"https:\/\/fuentesfidedignas.com.mx\/index.php\/2022\/03\/24\/cuevas-logra-acuerdo-debe-ofrecer-disculpa-publica-a-policias-y-tomar-terapia-de-control-de-ira\/","title":{"rendered":"Cuevas logra acuerdo: debe ofrecer disculpa p\u00fablica a polic\u00edas y tomar terapia de control de ira"},"content":{"rendered":"\n<p><strong><em>La Fiscal\u00eda capitalina inform\u00f3 que \u201ccuando se informe el cumplimiento del ofrecimiento de la disculpa p\u00fablica, cesar\u00e1n los efectos de las medidas cautelares impuestas&#8221;<\/em><\/strong><\/p>\n\n\n\n<p>Ciudad de M\u00e9xico. Luego de 10 d\u00edas de estar suspendida como alcaldesa de Cuauht\u00e9moc, Sandra Cuevas logr\u00f3 un acuerdo reparatorio con los polic\u00edas auxiliares que la acusaron de robo calificado, abuso de autoridad y discriminaci\u00f3n; deber\u00e1 ofrecer hoy mismo, antes de las 3:00 de la tarde, una disculpa p\u00fablica a los uniformados y tomar seis meses de terapia psicol\u00f3gica en manejo de ira y de las emociones.<\/p>\n\n\n\n<p>Adem\u00e1s, la alcaldesa de oposici\u00f3n deber\u00e1 pagarles el costo de un radio de transmisi\u00f3n y un tel\u00e9fono celular, 30 mil pesos a cada uniformado y abstenerse de molestarlos, as\u00ed como abstenerse de publicar mensajes en sus redes sociales sobre el proceso.<\/p>\n\n\n\n<p>As\u00ed lo anunci\u00f3 el vocero de la Fiscal\u00eda General de Justicia de la Ciudad de M\u00e9xico (FGJCDMX), Ulises Lara, quien subray\u00f3 que, \u201ccuando se informe el cumplimiento del ofrecimiento de la disculpa p\u00fablica, cesar\u00e1n los efectos de las medidas cautelares impuestas en la continuaci\u00f3n de la audiencia inicial, principalmente por lo que respecta a la suspensi\u00f3n en el cargo de alcaldesa\u201d.<\/p>\n\n\n\n<p>Ello quiere decir que Cuevas Nieves podr\u00eda retomar el cargo de alcaldesa en Cuauht\u00e9moc la tarde de este jueves.<\/p>\n\n\n\n<p><strong>El acuerdo<\/strong><\/p>\n\n\n\n<p>E<span style=\"color: initial;\">n un mensaje convocado como \u201curgente\u201d y en el que no se permitieron preguntas de la prensa, Lara L\u00f3pez explic\u00f3 que este jueves, la jueza de control Elma Maruri Carballo autoriz\u00f3 un acuerdo reparatorio en el proceso contra Cuevas Nieves \u201cen estricto apego a lo establecido en el C\u00f3digo Nacional de Procedimientos Penales y a los principios de justicia restaurativa\u201d.<\/span><\/p>\n\n\n\n<p>Explic\u00f3 que, a solicitud de la defensa de la alcaldesa, a\u00fan en suspensi\u00f3n, se hizo una audiencia en los juzgados del Reclusorio Preventivo Varonil Norte durante la cual \u201cla servidora p\u00fablica reconoci\u00f3 que los hechos ocurrieron tal como el Ministerio P\u00fablico lo acredit\u00f3, por lo que la imputada deber\u00e1 pagar el costo de un radio de transmisi\u00f3n y de un tel\u00e9fono celular\u201d, de los cuales no se inform\u00f3 el costo.<\/p>\n\n\n\n<p>El vocero del FGJ local agreg\u00f3 que, por el delito de abuso de autoridad, \u201cse autoriz\u00f3 la suspensi\u00f3n condicional del proceso, lo que implica que la alcaldesa en Cuauht\u00e9moc deber\u00e1 este mismo d\u00eda, antes de las tres de la tarde, ofrecer a los mandos de la polic\u00eda auxiliar de la Secretar\u00eda de Seguridad Ciudadana (SSC) una disculpa de conocimiento p\u00fablico por su conducta, as\u00ed como por los actos que agraviaron sus derechos y su investidura\u201d.<\/p>\n\n\n\n<p>Adem\u00e1s, dijo que la tambi\u00e9n activista social deber\u00e1 someterse durante seis meses a tratamiento psicol\u00f3gico y tendr\u00e1 que abstenerse de molestar a las v\u00edctimas. Las terapias estar\u00e1n orientadas al manejo de la ira y las emociones\u201d.<\/p>\n\n\n\n<p>De la misma forma, a\u00f1adi\u00f3 el funcionario, Sandra Cuevas deber\u00e1 abstenerse de realizar cualquier manifestaci\u00f3n u opini\u00f3n, por cualquier medio de difusi\u00f3n y redes sociales con relaci\u00f3n a los hechos, las instituciones y los mandos policiacos durante el proceso en que se autoriza la suspensi\u00f3n, con excepci\u00f3n de la disculpa que ofrecer\u00e1 hoy.<\/p>\n\n\n\n<p>Respecto al Plan de Reparaci\u00f3n del Da\u00f1o, la autoridad orden\u00f3 la exhibici\u00f3n del pago de 30 mil pesos a cada una de las v\u00edctimas, que se deber\u00e1 presentar el d\u00eda lunes 28 de marzo.<\/p>\n\n\n\n<p>El vocero de la FGJ capitalina aclar\u00f3 que \u201ccuando se informe el cumplimiento del ofrecimiento de la disculpa p\u00fablica, cesar\u00e1n los efectos de las medidas cautelares impuestas en la continuaci\u00f3n de la audiencia inicial, principalmente por lo que respecta a la suspensi\u00f3n en el cargo de alcaldesa en Cuauht\u00e9moc\u201d.<\/p>\n\n\n\n<p>Por lo que hace a la acusaci\u00f3n de discriminaci\u00f3n, seg\u00fan el funcionario, los polic\u00edas auxiliares otorgaron el perd\u00f3n a la servidora p\u00fablica.<\/p>\n\n\n\n<p><strong>\u201cSin implicaci\u00f3n pol\u00edtica\u201d<\/strong><\/p>\n\n\n\n<p>Ulises Lara reiter\u00f3 que en esa instituci\u00f3n \u201cno actuamos con otros criterios que sean contrarios a procurar justicia. Es obligaci\u00f3n del Ministerio P\u00fablico atender todas las denuncias recibidas y es responsabilidad de la propia representaci\u00f3n social generar la imputaci\u00f3n respectiva con base en pruebas e indicios\u201d.<\/p>\n\n\n\n<p>Por ello, a\u00f1adi\u00f3, \u201ctajantemente se\u00f1alamos que no existi\u00f3 ninguna implicaci\u00f3n pol\u00edtica ni ideol\u00f3gica en este proceso, solamente cumplimos con lo que la Ley nos demanda, que es investigar los delitos\u201d.<\/p>\n\n\n\n<p>De paso, record\u00f3 que \u201ctodas y todos los servidores p\u00fablicos tenemos una obligaci\u00f3n social, un compromiso con la ciudadan\u00eda que es a quien nos debemos. Alejarnos de esos principios es inaceptable. Quienes lo hagan deber\u00e1n enfrentar las consecuencias de sus actos\u201d.<\/p>\n","protected":false},"excerpt":{"rendered":"<p>La Fiscal\u00eda capitalina inform\u00f3 que \u201ccuando se informe el cumplimiento del ofrecimiento de la disculpa p\u00fablica, cesar\u00e1n los efectos de las medidas cautelares impuestas&#8221; Ciudad de M\u00e9xico. Luego de 10 d\u00edas de estar suspendida como alcaldesa de Cuauht\u00e9moc, Sandra Cuevas logr\u00f3 un acuerdo reparatorio con los polic\u00edas auxiliares que la acusaron de robo calificado, abuso [&hellip;]<\/p>\n","protected":false},"author":50,"featured_media":26935,"comment_status":"open","ping_status":"open","sticky":false,"template":"","format":"standard","meta":{"tdm_status":"","tdm_grid_status":"","footnotes":""},"categories":[39],"tags":[],"class_list":{"0":"post-26933","1":"post","2":"type-post","3":"status-publish","4":"format-standard","5":"has-post-thumbnail","7":"category-noticias-nacionales"},"yoast_head":"<!-- This site is optimized with the Yoast SEO plugin v27.4 - https:\/\/yoast.com\/product\/yoast-seo-wordpress\/ -->\n<title>Cuevas logra acuerdo: debe ofrecer disculpa p\u00fablica a polic\u00edas y tomar terapia de control de ira - Fuentes Fidedignas<\/title>\n<meta name=\"robots\" content=\"index, follow, max-snippet:-1, max-image-preview:large, max-video-preview:-1\" \/>\n<link rel=\"canonical\" href=\"https:\/\/fuentesfidedignas.com.mx\/index.php\/2022\/03\/24\/cuevas-logra-acuerdo-debe-ofrecer-disculpa-publica-a-policias-y-tomar-terapia-de-control-de-ira\/\" \/>\n<meta property=\"og:locale\" content=\"es_MX\" \/>\n<meta property=\"og:type\" content=\"article\" \/>\n<meta property=\"og:title\" content=\"Cuevas logra acuerdo: debe ofrecer disculpa p\u00fablica a polic\u00edas y tomar terapia de control de ira - Fuentes Fidedignas\" \/>\n<meta property=\"og:description\" content=\"La Fiscal\u00eda capitalina inform\u00f3 que \u201ccuando se informe el cumplimiento del ofrecimiento de la disculpa p\u00fablica, cesar\u00e1n los efectos de las medidas cautelares impuestas&#8221; Ciudad de M\u00e9xico. Luego de 10 d\u00edas de estar suspendida como alcaldesa de Cuauht\u00e9moc, Sandra Cuevas logr\u00f3 un acuerdo reparatorio con los polic\u00edas auxiliares que la acusaron de robo calificado, abuso [&hellip;]\" \/>\n<meta property=\"og:url\" content=\"https:\/\/fuentesfidedignas.com.mx\/index.php\/2022\/03\/24\/cuevas-logra-acuerdo-debe-ofrecer-disculpa-publica-a-policias-y-tomar-terapia-de-control-de-ira\/\" \/>\n<meta property=\"og:site_name\" content=\"Fuentes Fidedignas\" \/>\n<meta property=\"article:publisher\" content=\"https:\/\/www.facebook.com\/Fuentes-Fidedignas-368234489921644\" \/>\n<meta property=\"article:published_time\" content=\"2022-03-24T20:55:23+00:00\" \/>\n<meta property=\"article:modified_time\" content=\"2022-03-24T20:56:18+00:00\" \/>\n<meta property=\"og:image\" content=\"https:\/\/fuentesfidedignas.com.mx\/wp-content\/uploads\/2022\/03\/images-75.jpeg\" \/>\n\t<meta property=\"og:image:width\" content=\"739\" \/>\n\t<meta property=\"og:image:height\" content=\"415\" \/>\n\t<meta property=\"og:image:type\" content=\"image\/jpeg\" \/>\n<meta name=\"author\" content=\"Proceso\" \/>\n<meta name=\"twitter:card\" content=\"summary_large_image\" \/>\n<meta name=\"twitter:creator\" content=\"@fidedignas\" \/>\n<meta name=\"twitter:site\" content=\"@fidedignas\" \/>\n<meta name=\"twitter:label1\" content=\"Escrito por\" \/>\n\t<meta name=\"twitter:data1\" content=\"Proceso\" \/>\n\t<meta name=\"twitter:label2\" content=\"Tiempo de lectura\" \/>\n\t<meta name=\"twitter:data2\" content=\"4 minutos\" \/>\n<script type=\"application\/ld+json\" class=\"yoast-schema-graph\">{\"@context\":\"https:\\\/\\\/schema.org\",\"@graph\":[{\"@type\":\"Article\",\"@id\":\"https:\\\/\\\/fuentesfidedignas.com.mx\\\/index.php\\\/2022\\\/03\\\/24\\\/cuevas-logra-acuerdo-debe-ofrecer-disculpa-publica-a-policias-y-tomar-terapia-de-control-de-ira\\\/#article\",\"isPartOf\":{\"@id\":\"https:\\\/\\\/fuentesfidedignas.com.mx\\\/index.php\\\/2022\\\/03\\\/24\\\/cuevas-logra-acuerdo-debe-ofrecer-disculpa-publica-a-policias-y-tomar-terapia-de-control-de-ira\\\/\"},\"author\":{\"name\":\"Proceso\",\"@id\":\"https:\\\/\\\/fuentesfidedignas.com.mx\\\/#\\\/schema\\\/person\\\/eb72247ff123b3ce5e4cadc7f50ae372\"},\"headline\":\"Cuevas logra acuerdo: debe ofrecer disculpa p\u00fablica a polic\u00edas y tomar terapia de control de ira\",\"datePublished\":\"2022-03-24T20:55:23+00:00\",\"dateModified\":\"2022-03-24T20:56:18+00:00\",\"mainEntityOfPage\":{\"@id\":\"https:\\\/\\\/fuentesfidedignas.com.mx\\\/index.php\\\/2022\\\/03\\\/24\\\/cuevas-logra-acuerdo-debe-ofrecer-disculpa-publica-a-policias-y-tomar-terapia-de-control-de-ira\\\/\"},\"wordCount\":826,\"commentCount\":0,\"publisher\":{\"@id\":\"https:\\\/\\\/fuentesfidedignas.com.mx\\\/#organization\"},\"image\":{\"@id\":\"https:\\\/\\\/fuentesfidedignas.com.mx\\\/index.php\\\/2022\\\/03\\\/24\\\/cuevas-logra-acuerdo-debe-ofrecer-disculpa-publica-a-policias-y-tomar-terapia-de-control-de-ira\\\/#primaryimage\"},\"thumbnailUrl\":\"https:\\\/\\\/fuentesfidedignas.com.mx\\\/wp-content\\\/uploads\\\/2022\\\/03\\\/images-75.jpeg\",\"articleSection\":[\"NOTICIAS NACIONALES\"],\"inLanguage\":\"es\",\"potentialAction\":[{\"@type\":\"CommentAction\",\"name\":\"Comment\",\"target\":[\"https:\\\/\\\/fuentesfidedignas.com.mx\\\/index.php\\\/2022\\\/03\\\/24\\\/cuevas-logra-acuerdo-debe-ofrecer-disculpa-publica-a-policias-y-tomar-terapia-de-control-de-ira\\\/#respond\"]}]},{\"@type\":\"WebPage\",\"@id\":\"https:\\\/\\\/fuentesfidedignas.com.mx\\\/index.php\\\/2022\\\/03\\\/24\\\/cuevas-logra-acuerdo-debe-ofrecer-disculpa-publica-a-policias-y-tomar-terapia-de-control-de-ira\\\/\",\"url\":\"https:\\\/\\\/fuentesfidedignas.com.mx\\\/index.php\\\/2022\\\/03\\\/24\\\/cuevas-logra-acuerdo-debe-ofrecer-disculpa-publica-a-policias-y-tomar-terapia-de-control-de-ira\\\/\",\"name\":\"Cuevas logra acuerdo: debe ofrecer disculpa p\u00fablica a polic\u00edas y tomar terapia de control de ira - Fuentes Fidedignas\",\"isPartOf\":{\"@id\":\"https:\\\/\\\/fuentesfidedignas.com.mx\\\/#website\"},\"primaryImageOfPage\":{\"@id\":\"https:\\\/\\\/fuentesfidedignas.com.mx\\\/index.php\\\/2022\\\/03\\\/24\\\/cuevas-logra-acuerdo-debe-ofrecer-disculpa-publica-a-policias-y-tomar-terapia-de-control-de-ira\\\/#primaryimage\"},\"image\":{\"@id\":\"https:\\\/\\\/fuentesfidedignas.com.mx\\\/index.php\\\/2022\\\/03\\\/24\\\/cuevas-logra-acuerdo-debe-ofrecer-disculpa-publica-a-policias-y-tomar-terapia-de-control-de-ira\\\/#primaryimage\"},\"thumbnailUrl\":\"https:\\\/\\\/fuentesfidedignas.com.mx\\\/wp-content\\\/uploads\\\/2022\\\/03\\\/images-75.jpeg\",\"datePublished\":\"2022-03-24T20:55:23+00:00\",\"dateModified\":\"2022-03-24T20:56:18+00:00\",\"breadcrumb\":{\"@id\":\"https:\\\/\\\/fuentesfidedignas.com.mx\\\/index.php\\\/2022\\\/03\\\/24\\\/cuevas-logra-acuerdo-debe-ofrecer-disculpa-publica-a-policias-y-tomar-terapia-de-control-de-ira\\\/#breadcrumb\"},\"inLanguage\":\"es\",\"potentialAction\":[{\"@type\":\"ReadAction\",\"target\":[\"https:\\\/\\\/fuentesfidedignas.com.mx\\\/index.php\\\/2022\\\/03\\\/24\\\/cuevas-logra-acuerdo-debe-ofrecer-disculpa-publica-a-policias-y-tomar-terapia-de-control-de-ira\\\/\"]}]},{\"@type\":\"ImageObject\",\"inLanguage\":\"es\",\"@id\":\"https:\\\/\\\/fuentesfidedignas.com.mx\\\/index.php\\\/2022\\\/03\\\/24\\\/cuevas-logra-acuerdo-debe-ofrecer-disculpa-publica-a-policias-y-tomar-terapia-de-control-de-ira\\\/#primaryimage\",\"url\":\"https:\\\/\\\/fuentesfidedignas.com.mx\\\/wp-content\\\/uploads\\\/2022\\\/03\\\/images-75.jpeg\",\"contentUrl\":\"https:\\\/\\\/fuentesfidedignas.com.mx\\\/wp-content\\\/uploads\\\/2022\\\/03\\\/images-75.jpeg\",\"width\":739,\"height\":415},{\"@type\":\"BreadcrumbList\",\"@id\":\"https:\\\/\\\/fuentesfidedignas.com.mx\\\/index.php\\\/2022\\\/03\\\/24\\\/cuevas-logra-acuerdo-debe-ofrecer-disculpa-publica-a-policias-y-tomar-terapia-de-control-de-ira\\\/#breadcrumb\",\"itemListElement\":[{\"@type\":\"ListItem\",\"position\":1,\"name\":\"Inicio\",\"item\":\"https:\\\/\\\/fuentesfidedignas.com.mx\\\/\"},{\"@type\":\"ListItem\",\"position\":2,\"name\":\"Cuevas logra acuerdo: debe ofrecer disculpa p\u00fablica a polic\u00edas y tomar terapia de control de ira\"}]},{\"@type\":\"WebSite\",\"@id\":\"https:\\\/\\\/fuentesfidedignas.com.mx\\\/#website\",\"url\":\"https:\\\/\\\/fuentesfidedignas.com.mx\\\/\",\"name\":\"Fuentes Fidedignas\",\"description\":\"Otro sitio realizado con WordPress\",\"publisher\":{\"@id\":\"https:\\\/\\\/fuentesfidedignas.com.mx\\\/#organization\"},\"potentialAction\":[{\"@type\":\"SearchAction\",\"target\":{\"@type\":\"EntryPoint\",\"urlTemplate\":\"https:\\\/\\\/fuentesfidedignas.com.mx\\\/?s={search_term_string}\"},\"query-input\":{\"@type\":\"PropertyValueSpecification\",\"valueRequired\":true,\"valueName\":\"search_term_string\"}}],\"inLanguage\":\"es\"},{\"@type\":\"Organization\",\"@id\":\"https:\\\/\\\/fuentesfidedignas.com.mx\\\/#organization\",\"name\":\"Fuentes Fidedignas\",\"url\":\"https:\\\/\\\/fuentesfidedignas.com.mx\\\/\",\"logo\":{\"@type\":\"ImageObject\",\"inLanguage\":\"es\",\"@id\":\"https:\\\/\\\/fuentesfidedignas.com.mx\\\/#\\\/schema\\\/logo\\\/image\\\/\",\"url\":\"https:\\\/\\\/fuentesfidedignas.com.mx\\\/wp-content\\\/uploads\\\/2021\\\/04\\\/logo-retina.png\",\"contentUrl\":\"https:\\\/\\\/fuentesfidedignas.com.mx\\\/wp-content\\\/uploads\\\/2021\\\/04\\\/logo-retina.png\",\"width\":280,\"height\":51,\"caption\":\"Fuentes Fidedignas\"},\"image\":{\"@id\":\"https:\\\/\\\/fuentesfidedignas.com.mx\\\/#\\\/schema\\\/logo\\\/image\\\/\"},\"sameAs\":[\"https:\\\/\\\/www.facebook.com\\\/Fuentes-Fidedignas-368234489921644\",\"https:\\\/\\\/x.com\\\/fidedignas\"]},{\"@type\":\"Person\",\"@id\":\"https:\\\/\\\/fuentesfidedignas.com.mx\\\/#\\\/schema\\\/person\\\/eb72247ff123b3ce5e4cadc7f50ae372\",\"name\":\"Proceso\",\"image\":{\"@type\":\"ImageObject\",\"inLanguage\":\"es\",\"@id\":\"https:\\\/\\\/secure.gravatar.com\\\/avatar\\\/0bb01ecb091d50a46122cbe5cc32ffea15a000f83628f1e40458e669d38ff2cd?s=96&d=mm&r=g\",\"url\":\"https:\\\/\\\/secure.gravatar.com\\\/avatar\\\/0bb01ecb091d50a46122cbe5cc32ffea15a000f83628f1e40458e669d38ff2cd?s=96&d=mm&r=g\",\"contentUrl\":\"https:\\\/\\\/secure.gravatar.com\\\/avatar\\\/0bb01ecb091d50a46122cbe5cc32ffea15a000f83628f1e40458e669d38ff2cd?s=96&d=mm&r=g\",\"caption\":\"Proceso\"},\"url\":\"https:\\\/\\\/fuentesfidedignas.com.mx\\\/index.php\\\/author\\\/proceso\\\/\"}]}<\/script>\n<!-- \/ Yoast SEO plugin. -->","yoast_head_json":{"title":"Cuevas logra acuerdo: debe ofrecer disculpa p\u00fablica a polic\u00edas y tomar terapia de control de ira - Fuentes Fidedignas","robots":{"index":"index","follow":"follow","max-snippet":"max-snippet:-1","max-image-preview":"max-image-preview:large","max-video-preview":"max-video-preview:-1"},"canonical":"https:\/\/fuentesfidedignas.com.mx\/index.php\/2022\/03\/24\/cuevas-logra-acuerdo-debe-ofrecer-disculpa-publica-a-policias-y-tomar-terapia-de-control-de-ira\/","og_locale":"es_MX","og_type":"article","og_title":"Cuevas logra acuerdo: debe ofrecer disculpa p\u00fablica a polic\u00edas y tomar terapia de control de ira - Fuentes Fidedignas","og_description":"La Fiscal\u00eda capitalina inform\u00f3 que \u201ccuando se informe el cumplimiento del ofrecimiento de la disculpa p\u00fablica, cesar\u00e1n los efectos de las medidas cautelares impuestas&#8221; Ciudad de M\u00e9xico. Luego de 10 d\u00edas de estar suspendida como alcaldesa de Cuauht\u00e9moc, Sandra Cuevas logr\u00f3 un acuerdo reparatorio con los polic\u00edas auxiliares que la acusaron de robo calificado, abuso [&hellip;]","og_url":"https:\/\/fuentesfidedignas.com.mx\/index.php\/2022\/03\/24\/cuevas-logra-acuerdo-debe-ofrecer-disculpa-publica-a-policias-y-tomar-terapia-de-control-de-ira\/","og_site_name":"Fuentes Fidedignas","article_publisher":"https:\/\/www.facebook.com\/Fuentes-Fidedignas-368234489921644","article_published_time":"2022-03-24T20:55:23+00:00","article_modified_time":"2022-03-24T20:56:18+00:00","og_image":[{"width":739,"height":415,"url":"https:\/\/fuentesfidedignas.com.mx\/wp-content\/uploads\/2022\/03\/images-75.jpeg","type":"image\/jpeg"}],"author":"Proceso","twitter_card":"summary_large_image","twitter_creator":"@fidedignas","twitter_site":"@fidedignas","twitter_misc":{"Escrito por":"Proceso","Tiempo de lectura":"4 minutos"},"schema":{"@context":"https:\/\/schema.org","@graph":[{"@type":"Article","@id":"https:\/\/fuentesfidedignas.com.mx\/index.php\/2022\/03\/24\/cuevas-logra-acuerdo-debe-ofrecer-disculpa-publica-a-policias-y-tomar-terapia-de-control-de-ira\/#article","isPartOf":{"@id":"https:\/\/fuentesfidedignas.com.mx\/index.php\/2022\/03\/24\/cuevas-logra-acuerdo-debe-ofrecer-disculpa-publica-a-policias-y-tomar-terapia-de-control-de-ira\/"},"author":{"name":"Proceso","@id":"https:\/\/fuentesfidedignas.com.mx\/#\/schema\/person\/eb72247ff123b3ce5e4cadc7f50ae372"},"headline":"Cuevas logra acuerdo: debe ofrecer disculpa p\u00fablica a polic\u00edas y tomar terapia de control de ira","datePublished":"2022-03-24T20:55:23+00:00","dateModified":"2022-03-24T20:56:18+00:00","mainEntityOfPage":{"@id":"https:\/\/fuentesfidedignas.com.mx\/index.php\/2022\/03\/24\/cuevas-logra-acuerdo-debe-ofrecer-disculpa-publica-a-policias-y-tomar-terapia-de-control-de-ira\/"},"wordCount":826,"commentCount":0,"publisher":{"@id":"https:\/\/fuentesfidedignas.com.mx\/#organization"},"image":{"@id":"https:\/\/fuentesfidedignas.com.mx\/index.php\/2022\/03\/24\/cuevas-logra-acuerdo-debe-ofrecer-disculpa-publica-a-policias-y-tomar-terapia-de-control-de-ira\/#primaryimage"},"thumbnailUrl":"https:\/\/fuentesfidedignas.com.mx\/wp-content\/uploads\/2022\/03\/images-75.jpeg","articleSection":["NOTICIAS NACIONALES"],"inLanguage":"es","potentialAction":[{"@type":"CommentAction","name":"Comment","target":["https:\/\/fuentesfidedignas.com.mx\/index.php\/2022\/03\/24\/cuevas-logra-acuerdo-debe-ofrecer-disculpa-publica-a-policias-y-tomar-terapia-de-control-de-ira\/#respond"]}]},{"@type":"WebPage","@id":"https:\/\/fuentesfidedignas.com.mx\/index.php\/2022\/03\/24\/cuevas-logra-acuerdo-debe-ofrecer-disculpa-publica-a-policias-y-tomar-terapia-de-control-de-ira\/","url":"https:\/\/fuentesfidedignas.com.mx\/index.php\/2022\/03\/24\/cuevas-logra-acuerdo-debe-ofrecer-disculpa-publica-a-policias-y-tomar-terapia-de-control-de-ira\/","name":"Cuevas logra acuerdo: debe ofrecer disculpa p\u00fablica a polic\u00edas y tomar terapia de control de ira - Fuentes Fidedignas","isPartOf":{"@id":"https:\/\/fuentesfidedignas.com.mx\/#website"},"primaryImageOfPage":{"@id":"https:\/\/fuentesfidedignas.com.mx\/index.php\/2022\/03\/24\/cuevas-logra-acuerdo-debe-ofrecer-disculpa-publica-a-policias-y-tomar-terapia-de-control-de-ira\/#primaryimage"},"image":{"@id":"https:\/\/fuentesfidedignas.com.mx\/index.php\/2022\/03\/24\/cuevas-logra-acuerdo-debe-ofrecer-disculpa-publica-a-policias-y-tomar-terapia-de-control-de-ira\/#primaryimage"},"thumbnailUrl":"https:\/\/fuentesfidedignas.com.mx\/wp-content\/uploads\/2022\/03\/images-75.jpeg","datePublished":"2022-03-24T20:55:23+00:00","dateModified":"2022-03-24T20:56:18+00:00","breadcrumb":{"@id":"https:\/\/fuentesfidedignas.com.mx\/index.php\/2022\/03\/24\/cuevas-logra-acuerdo-debe-ofrecer-disculpa-publica-a-policias-y-tomar-terapia-de-control-de-ira\/#breadcrumb"},"inLanguage":"es","potentialAction":[{"@type":"ReadAction","target":["https:\/\/fuentesfidedignas.com.mx\/index.php\/2022\/03\/24\/cuevas-logra-acuerdo-debe-ofrecer-disculpa-publica-a-policias-y-tomar-terapia-de-control-de-ira\/"]}]},{"@type":"ImageObject","inLanguage":"es","@id":"https:\/\/fuentesfidedignas.com.mx\/index.php\/2022\/03\/24\/cuevas-logra-acuerdo-debe-ofrecer-disculpa-publica-a-policias-y-tomar-terapia-de-control-de-ira\/#primaryimage","url":"https:\/\/fuentesfidedignas.com.mx\/wp-content\/uploads\/2022\/03\/images-75.jpeg","contentUrl":"https:\/\/fuentesfidedignas.com.mx\/wp-content\/uploads\/2022\/03\/images-75.jpeg","width":739,"height":415},{"@type":"BreadcrumbList","@id":"https:\/\/fuentesfidedignas.com.mx\/index.php\/2022\/03\/24\/cuevas-logra-acuerdo-debe-ofrecer-disculpa-publica-a-policias-y-tomar-terapia-de-control-de-ira\/#breadcrumb","itemListElement":[{"@type":"ListItem","position":1,"name":"Inicio","item":"https:\/\/fuentesfidedignas.com.mx\/"},{"@type":"ListItem","position":2,"name":"Cuevas logra acuerdo: debe ofrecer disculpa p\u00fablica a polic\u00edas y tomar terapia de control de ira"}]},{"@type":"WebSite","@id":"https:\/\/fuentesfidedignas.com.mx\/#website","url":"https:\/\/fuentesfidedignas.com.mx\/","name":"Fuentes Fidedignas","description":"Otro sitio realizado con WordPress","publisher":{"@id":"https:\/\/fuentesfidedignas.com.mx\/#organization"},"potentialAction":[{"@type":"SearchAction","target":{"@type":"EntryPoint","urlTemplate":"https:\/\/fuentesfidedignas.com.mx\/?s={search_term_string}"},"query-input":{"@type":"PropertyValueSpecification","valueRequired":true,"valueName":"search_term_string"}}],"inLanguage":"es"},{"@type":"Organization","@id":"https:\/\/fuentesfidedignas.com.mx\/#organization","name":"Fuentes Fidedignas","url":"https:\/\/fuentesfidedignas.com.mx\/","logo":{"@type":"ImageObject","inLanguage":"es","@id":"https:\/\/fuentesfidedignas.com.mx\/#\/schema\/logo\/image\/","url":"https:\/\/fuentesfidedignas.com.mx\/wp-content\/uploads\/2021\/04\/logo-retina.png","contentUrl":"https:\/\/fuentesfidedignas.com.mx\/wp-content\/uploads\/2021\/04\/logo-retina.png","width":280,"height":51,"caption":"Fuentes Fidedignas"},"image":{"@id":"https:\/\/fuentesfidedignas.com.mx\/#\/schema\/logo\/image\/"},"sameAs":["https:\/\/www.facebook.com\/Fuentes-Fidedignas-368234489921644","https:\/\/x.com\/fidedignas"]},{"@type":"Person","@id":"https:\/\/fuentesfidedignas.com.mx\/#\/schema\/person\/eb72247ff123b3ce5e4cadc7f50ae372","name":"Proceso","image":{"@type":"ImageObject","inLanguage":"es","@id":"https:\/\/secure.gravatar.com\/avatar\/0bb01ecb091d50a46122cbe5cc32ffea15a000f83628f1e40458e669d38ff2cd?s=96&d=mm&r=g","url":"https:\/\/secure.gravatar.com\/avatar\/0bb01ecb091d50a46122cbe5cc32ffea15a000f83628f1e40458e669d38ff2cd?s=96&d=mm&r=g","contentUrl":"https:\/\/secure.gravatar.com\/avatar\/0bb01ecb091d50a46122cbe5cc32ffea15a000f83628f1e40458e669d38ff2cd?s=96&d=mm&r=g","caption":"Proceso"},"url":"https:\/\/fuentesfidedignas.com.mx\/index.php\/author\/proceso\/"}]}},"_links":{"self":[{"href":"https:\/\/fuentesfidedignas.com.mx\/index.php\/wp-json\/wp\/v2\/posts\/26933","targetHints":{"allow":["GET"]}}],"collection":[{"href":"https:\/\/fuentesfidedignas.com.mx\/index.php\/wp-json\/wp\/v2\/posts"}],"about":[{"href":"https:\/\/fuentesfidedignas.com.mx\/index.php\/wp-json\/wp\/v2\/types\/post"}],"author":[{"embeddable":true,"href":"https:\/\/fuentesfidedignas.com.mx\/index.php\/wp-json\/wp\/v2\/users\/50"}],"replies":[{"embeddable":true,"href":"https:\/\/fuentesfidedignas.com.mx\/index.php\/wp-json\/wp\/v2\/comments?post=26933"}],"version-history":[{"count":1,"href":"https:\/\/fuentesfidedignas.com.mx\/index.php\/wp-json\/wp\/v2\/posts\/26933\/revisions"}],"predecessor-version":[{"id":26934,"href":"https:\/\/fuentesfidedignas.com.mx\/index.php\/wp-json\/wp\/v2\/posts\/26933\/revisions\/26934"}],"wp:featuredmedia":[{"embeddable":true,"href":"https:\/\/fuentesfidedignas.com.mx\/index.php\/wp-json\/wp\/v2\/media\/26935"}],"wp:attachment":[{"href":"https:\/\/fuentesfidedignas.com.mx\/index.php\/wp-json\/wp\/v2\/media?parent=26933"}],"wp:term":[{"taxonomy":"category","embeddable":true,"href":"https:\/\/fuentesfidedignas.com.mx\/index.php\/wp-json\/wp\/v2\/categories?post=26933"},{"taxonomy":"post_tag","embeddable":true,"href":"https:\/\/fuentesfidedignas.com.mx\/index.php\/wp-json\/wp\/v2\/tags?post=26933"}],"curies":[{"name":"wp","href":"https:\/\/api.w.org\/{rel}","templated":true}]}}