{"id":26575,"date":"2022-03-18T14:41:50","date_gmt":"2022-03-18T21:41:50","guid":{"rendered":"https:\/\/fuentesfidedignas.com.mx\/?p=26575"},"modified":"2022-03-18T14:43:12","modified_gmt":"2022-03-18T21:43:12","slug":"rocha-se-reune-con-sus-secretarios-para-dar-forma-al-plan-estatal-de-desarrollo-2022-2027","status":"publish","type":"post","link":"https:\/\/fuentesfidedignas.com.mx\/index.php\/2022\/03\/18\/rocha-se-reune-con-sus-secretarios-para-dar-forma-al-plan-estatal-de-desarrollo-2022-2027\/","title":{"rendered":"Rocha se re\u00fane con sus secretarios para dar forma al Plan Estatal de Desarrollo 2022-2027"},"content":{"rendered":"\n<p><strong><em>Cabe destacar que esta segunda reuni\u00f3n de gabinete con el gobernador (la primera se realiz\u00f3 el 8 de febrero)<\/em><\/strong><\/p>\n\n\n\n<p>Culiac\u00e1n, Sin. El gobernador Rub\u00e9n Rocha Moya convoc\u00f3 por segunda ocasi\u00f3n a todos los miembros de su gabinete, para continuar con los trabajos de elaboraci\u00f3n del Plan Estatal de Desarrollo 2022-2027, reuni\u00f3n en la que cada secretario present\u00f3 el marco estrat\u00e9gico que le corresponde en la conformaci\u00f3n de este plan rector, que contendr\u00e1 los compromisos para concretar el proyecto de transformaci\u00f3n de Sinaloa.<\/p>\n\n\n\n<p>Cabe destacar que esta segunda reuni\u00f3n de gabinete con el gobernador (la primera se realiz\u00f3 el 8 de febrero), es en apego al calendario de reuniones de trabajo convocadas por el Consejo para la Planeaci\u00f3n del Desarrollo de Sinaloa (COPLADESIN), que coordina el secretario de Administraci\u00f3n y Finanzas, Enrique D\u00edaz Vega, trabajos encaminados a elaborar el PED, que habr\u00e1 de ser presentado por el gobernador Rocha a la sociedad el 22 de abril, fecha que establece como l\u00edmite la Ley de Planeaci\u00f3n del Estado de Sinaloa.<\/p>\n\n\n\n<figure class=\"wp-block-image size-large\"><img decoding=\"async\" width=\"1280\" height=\"853\" src=\"https:\/\/fuentesfidedignas.com.mx\/wp-content\/uploads\/2022\/03\/IMG-20220318-WA0052.jpg\" alt=\"\" class=\"wp-image-26578\"\/><\/figure>\n\n\n\n<p>Cada uno de los secretarios establecieron sus compromisos para impulsar el proyecto de transformaci\u00f3n de Sinaloa, las pol\u00edticas p\u00fablicas que les permitir\u00e1n cumplir con este prop\u00f3sito, as\u00ed como el establecimiento de indicadores y metas que permitan transparentar el avance en los objetivos, mismos que estar\u00e1n alineados a la planificaci\u00f3n presupuestal.<\/p>\n\n\n\n<p>El Plan Estatal de Desarrollo 2022-2027 se regir\u00e1 por tres ejes espec\u00edficos, los cuales son \u201cBienestar Social y Sostenible\u201d, \u201cDesarrollo Econ\u00f3mico\u201d, y el tercero, \u201cGobierno Democr\u00e1tico Promotor de Paz, Seguridad, \u00c9tica y Eficiencia\u201d.<\/p>\n\n\n\n<figure class=\"wp-block-image size-large\"><img decoding=\"async\" width=\"1280\" height=\"853\" src=\"https:\/\/fuentesfidedignas.com.mx\/wp-content\/uploads\/2022\/03\/IMG-20220318-WA0043.jpg\" alt=\"\" class=\"wp-image-26579\"\/><\/figure>\n","protected":false},"excerpt":{"rendered":"<p>Cabe destacar que esta segunda reuni\u00f3n de gabinete con el gobernador (la primera se realiz\u00f3 el 8 de febrero) Culiac\u00e1n, Sin. El gobernador Rub\u00e9n Rocha Moya convoc\u00f3 por segunda ocasi\u00f3n a todos los miembros de su gabinete, para continuar con los trabajos de elaboraci\u00f3n del Plan Estatal de Desarrollo 2022-2027, reuni\u00f3n en la que cada [&hellip;]<\/p>\n","protected":false},"author":4,"featured_media":26577,"comment_status":"open","ping_status":"open","sticky":false,"template":"","format":"standard","meta":{"tdm_status":"","tdm_grid_status":"","footnotes":""},"categories":[37],"tags":[713,2519,52],"class_list":{"0":"post-26575","1":"post","2":"type-post","3":"status-publish","4":"format-standard","5":"has-post-thumbnail","7":"category-nota-principal","8":"tag-gobierno-del-estado-de-sinaloa","9":"tag-plan-estatal-de-desarrollo","10":"tag-ruben-rocha-moya"},"yoast_head":"<!-- This site is optimized with the Yoast SEO plugin v27.4 - https:\/\/yoast.com\/product\/yoast-seo-wordpress\/ -->\n<title>Rocha se re\u00fane con sus secretarios para dar forma al Plan Estatal de Desarrollo 2022-2027 - Fuentes Fidedignas<\/title>\n<meta name=\"robots\" content=\"index, follow, max-snippet:-1, max-image-preview:large, max-video-preview:-1\" \/>\n<link rel=\"canonical\" href=\"https:\/\/fuentesfidedignas.com.mx\/index.php\/2022\/03\/18\/rocha-se-reune-con-sus-secretarios-para-dar-forma-al-plan-estatal-de-desarrollo-2022-2027\/\" \/>\n<meta property=\"og:locale\" content=\"es_MX\" \/>\n<meta property=\"og:type\" content=\"article\" \/>\n<meta property=\"og:title\" content=\"Rocha se re\u00fane con sus secretarios para dar forma al Plan Estatal de Desarrollo 2022-2027 - Fuentes Fidedignas\" \/>\n<meta property=\"og:description\" content=\"Cabe destacar que esta segunda reuni\u00f3n de gabinete con el gobernador (la primera se realiz\u00f3 el 8 de febrero) Culiac\u00e1n, Sin. El gobernador Rub\u00e9n Rocha Moya convoc\u00f3 por segunda ocasi\u00f3n a todos los miembros de su gabinete, para continuar con los trabajos de elaboraci\u00f3n del Plan Estatal de Desarrollo 2022-2027, reuni\u00f3n en la que cada [&hellip;]\" \/>\n<meta property=\"og:url\" content=\"https:\/\/fuentesfidedignas.com.mx\/index.php\/2022\/03\/18\/rocha-se-reune-con-sus-secretarios-para-dar-forma-al-plan-estatal-de-desarrollo-2022-2027\/\" \/>\n<meta property=\"og:site_name\" content=\"Fuentes Fidedignas\" \/>\n<meta property=\"article:publisher\" content=\"https:\/\/www.facebook.com\/Fuentes-Fidedignas-368234489921644\" \/>\n<meta property=\"article:published_time\" content=\"2022-03-18T21:41:50+00:00\" \/>\n<meta property=\"article:modified_time\" content=\"2022-03-18T21:43:12+00:00\" \/>\n<meta property=\"og:image\" content=\"https:\/\/fuentesfidedignas.com.mx\/wp-content\/uploads\/2022\/03\/IMG-20220318-WA0051.jpg\" \/>\n\t<meta property=\"og:image:width\" content=\"1280\" \/>\n\t<meta property=\"og:image:height\" content=\"853\" \/>\n\t<meta property=\"og:image:type\" content=\"image\/jpeg\" \/>\n<meta name=\"author\" content=\"Redacci\u00f3n\" \/>\n<meta name=\"twitter:card\" content=\"summary_large_image\" \/>\n<meta name=\"twitter:creator\" content=\"@fidedignas\" \/>\n<meta name=\"twitter:site\" content=\"@fidedignas\" \/>\n<meta name=\"twitter:label1\" content=\"Escrito por\" \/>\n\t<meta name=\"twitter:data1\" content=\"Redacci\u00f3n\" \/>\n\t<meta name=\"twitter:label2\" content=\"Tiempo de lectura\" \/>\n\t<meta name=\"twitter:data2\" content=\"2 minutos\" \/>\n<script type=\"application\/ld+json\" class=\"yoast-schema-graph\">{\"@context\":\"https:\\\/\\\/schema.org\",\"@graph\":[{\"@type\":\"Article\",\"@id\":\"https:\\\/\\\/fuentesfidedignas.com.mx\\\/index.php\\\/2022\\\/03\\\/18\\\/rocha-se-reune-con-sus-secretarios-para-dar-forma-al-plan-estatal-de-desarrollo-2022-2027\\\/#article\",\"isPartOf\":{\"@id\":\"https:\\\/\\\/fuentesfidedignas.com.mx\\\/index.php\\\/2022\\\/03\\\/18\\\/rocha-se-reune-con-sus-secretarios-para-dar-forma-al-plan-estatal-de-desarrollo-2022-2027\\\/\"},\"author\":{\"name\":\"Redacci\u00f3n\",\"@id\":\"https:\\\/\\\/fuentesfidedignas.com.mx\\\/#\\\/schema\\\/person\\\/331be9283d37198e2acd5750279085b0\"},\"headline\":\"Rocha se re\u00fane con sus secretarios para dar forma al Plan Estatal de Desarrollo 2022-2027\",\"datePublished\":\"2022-03-18T21:41:50+00:00\",\"dateModified\":\"2022-03-18T21:43:12+00:00\",\"mainEntityOfPage\":{\"@id\":\"https:\\\/\\\/fuentesfidedignas.com.mx\\\/index.php\\\/2022\\\/03\\\/18\\\/rocha-se-reune-con-sus-secretarios-para-dar-forma-al-plan-estatal-de-desarrollo-2022-2027\\\/\"},\"wordCount\":289,\"commentCount\":0,\"publisher\":{\"@id\":\"https:\\\/\\\/fuentesfidedignas.com.mx\\\/#organization\"},\"image\":{\"@id\":\"https:\\\/\\\/fuentesfidedignas.com.mx\\\/index.php\\\/2022\\\/03\\\/18\\\/rocha-se-reune-con-sus-secretarios-para-dar-forma-al-plan-estatal-de-desarrollo-2022-2027\\\/#primaryimage\"},\"thumbnailUrl\":\"https:\\\/\\\/fuentesfidedignas.com.mx\\\/wp-content\\\/uploads\\\/2022\\\/03\\\/IMG-20220318-WA0051.jpg\",\"keywords\":[\"Gobierno del Estado de Sinaloa\",\"Plan Estatal de Desarrollo\",\"Rub\u00e9n Rocha Moya\"],\"articleSection\":[\"NOTA PRINCIPAL\"],\"inLanguage\":\"es\",\"potentialAction\":[{\"@type\":\"CommentAction\",\"name\":\"Comment\",\"target\":[\"https:\\\/\\\/fuentesfidedignas.com.mx\\\/index.php\\\/2022\\\/03\\\/18\\\/rocha-se-reune-con-sus-secretarios-para-dar-forma-al-plan-estatal-de-desarrollo-2022-2027\\\/#respond\"]}]},{\"@type\":\"WebPage\",\"@id\":\"https:\\\/\\\/fuentesfidedignas.com.mx\\\/index.php\\\/2022\\\/03\\\/18\\\/rocha-se-reune-con-sus-secretarios-para-dar-forma-al-plan-estatal-de-desarrollo-2022-2027\\\/\",\"url\":\"https:\\\/\\\/fuentesfidedignas.com.mx\\\/index.php\\\/2022\\\/03\\\/18\\\/rocha-se-reune-con-sus-secretarios-para-dar-forma-al-plan-estatal-de-desarrollo-2022-2027\\\/\",\"name\":\"Rocha se re\u00fane con sus secretarios para dar forma al Plan Estatal de Desarrollo 2022-2027 - Fuentes Fidedignas\",\"isPartOf\":{\"@id\":\"https:\\\/\\\/fuentesfidedignas.com.mx\\\/#website\"},\"primaryImageOfPage\":{\"@id\":\"https:\\\/\\\/fuentesfidedignas.com.mx\\\/index.php\\\/2022\\\/03\\\/18\\\/rocha-se-reune-con-sus-secretarios-para-dar-forma-al-plan-estatal-de-desarrollo-2022-2027\\\/#primaryimage\"},\"image\":{\"@id\":\"https:\\\/\\\/fuentesfidedignas.com.mx\\\/index.php\\\/2022\\\/03\\\/18\\\/rocha-se-reune-con-sus-secretarios-para-dar-forma-al-plan-estatal-de-desarrollo-2022-2027\\\/#primaryimage\"},\"thumbnailUrl\":\"https:\\\/\\\/fuentesfidedignas.com.mx\\\/wp-content\\\/uploads\\\/2022\\\/03\\\/IMG-20220318-WA0051.jpg\",\"datePublished\":\"2022-03-18T21:41:50+00:00\",\"dateModified\":\"2022-03-18T21:43:12+00:00\",\"breadcrumb\":{\"@id\":\"https:\\\/\\\/fuentesfidedignas.com.mx\\\/index.php\\\/2022\\\/03\\\/18\\\/rocha-se-reune-con-sus-secretarios-para-dar-forma-al-plan-estatal-de-desarrollo-2022-2027\\\/#breadcrumb\"},\"inLanguage\":\"es\",\"potentialAction\":[{\"@type\":\"ReadAction\",\"target\":[\"https:\\\/\\\/fuentesfidedignas.com.mx\\\/index.php\\\/2022\\\/03\\\/18\\\/rocha-se-reune-con-sus-secretarios-para-dar-forma-al-plan-estatal-de-desarrollo-2022-2027\\\/\"]}]},{\"@type\":\"ImageObject\",\"inLanguage\":\"es\",\"@id\":\"https:\\\/\\\/fuentesfidedignas.com.mx\\\/index.php\\\/2022\\\/03\\\/18\\\/rocha-se-reune-con-sus-secretarios-para-dar-forma-al-plan-estatal-de-desarrollo-2022-2027\\\/#primaryimage\",\"url\":\"https:\\\/\\\/fuentesfidedignas.com.mx\\\/wp-content\\\/uploads\\\/2022\\\/03\\\/IMG-20220318-WA0051.jpg\",\"contentUrl\":\"https:\\\/\\\/fuentesfidedignas.com.mx\\\/wp-content\\\/uploads\\\/2022\\\/03\\\/IMG-20220318-WA0051.jpg\",\"width\":1280,\"height\":853},{\"@type\":\"BreadcrumbList\",\"@id\":\"https:\\\/\\\/fuentesfidedignas.com.mx\\\/index.php\\\/2022\\\/03\\\/18\\\/rocha-se-reune-con-sus-secretarios-para-dar-forma-al-plan-estatal-de-desarrollo-2022-2027\\\/#breadcrumb\",\"itemListElement\":[{\"@type\":\"ListItem\",\"position\":1,\"name\":\"Inicio\",\"item\":\"https:\\\/\\\/fuentesfidedignas.com.mx\\\/\"},{\"@type\":\"ListItem\",\"position\":2,\"name\":\"Rocha se re\u00fane con sus secretarios para dar forma al Plan Estatal de Desarrollo 2022-2027\"}]},{\"@type\":\"WebSite\",\"@id\":\"https:\\\/\\\/fuentesfidedignas.com.mx\\\/#website\",\"url\":\"https:\\\/\\\/fuentesfidedignas.com.mx\\\/\",\"name\":\"Fuentes Fidedignas\",\"description\":\"Otro sitio realizado con WordPress\",\"publisher\":{\"@id\":\"https:\\\/\\\/fuentesfidedignas.com.mx\\\/#organization\"},\"potentialAction\":[{\"@type\":\"SearchAction\",\"target\":{\"@type\":\"EntryPoint\",\"urlTemplate\":\"https:\\\/\\\/fuentesfidedignas.com.mx\\\/?s={search_term_string}\"},\"query-input\":{\"@type\":\"PropertyValueSpecification\",\"valueRequired\":true,\"valueName\":\"search_term_string\"}}],\"inLanguage\":\"es\"},{\"@type\":\"Organization\",\"@id\":\"https:\\\/\\\/fuentesfidedignas.com.mx\\\/#organization\",\"name\":\"Fuentes Fidedignas\",\"url\":\"https:\\\/\\\/fuentesfidedignas.com.mx\\\/\",\"logo\":{\"@type\":\"ImageObject\",\"inLanguage\":\"es\",\"@id\":\"https:\\\/\\\/fuentesfidedignas.com.mx\\\/#\\\/schema\\\/logo\\\/image\\\/\",\"url\":\"https:\\\/\\\/fuentesfidedignas.com.mx\\\/wp-content\\\/uploads\\\/2021\\\/04\\\/logo-retina.png\",\"contentUrl\":\"https:\\\/\\\/fuentesfidedignas.com.mx\\\/wp-content\\\/uploads\\\/2021\\\/04\\\/logo-retina.png\",\"width\":280,\"height\":51,\"caption\":\"Fuentes Fidedignas\"},\"image\":{\"@id\":\"https:\\\/\\\/fuentesfidedignas.com.mx\\\/#\\\/schema\\\/logo\\\/image\\\/\"},\"sameAs\":[\"https:\\\/\\\/www.facebook.com\\\/Fuentes-Fidedignas-368234489921644\",\"https:\\\/\\\/x.com\\\/fidedignas\"]},{\"@type\":\"Person\",\"@id\":\"https:\\\/\\\/fuentesfidedignas.com.mx\\\/#\\\/schema\\\/person\\\/331be9283d37198e2acd5750279085b0\",\"name\":\"Redacci\u00f3n\",\"image\":{\"@type\":\"ImageObject\",\"inLanguage\":\"es\",\"@id\":\"https:\\\/\\\/secure.gravatar.com\\\/avatar\\\/f6d8782c11d12b2d4ad3fbb6931aeab5309937a4d6cd2fc9cfaa28a6396a5aec?s=96&d=mm&r=g\",\"url\":\"https:\\\/\\\/secure.gravatar.com\\\/avatar\\\/f6d8782c11d12b2d4ad3fbb6931aeab5309937a4d6cd2fc9cfaa28a6396a5aec?s=96&d=mm&r=g\",\"contentUrl\":\"https:\\\/\\\/secure.gravatar.com\\\/avatar\\\/f6d8782c11d12b2d4ad3fbb6931aeab5309937a4d6cd2fc9cfaa28a6396a5aec?s=96&d=mm&r=g\",\"caption\":\"Redacci\u00f3n\"},\"url\":\"https:\\\/\\\/fuentesfidedignas.com.mx\\\/index.php\\\/author\\\/redaccion\\\/\"}]}<\/script>\n<!-- \/ Yoast SEO plugin. -->","yoast_head_json":{"title":"Rocha se re\u00fane con sus secretarios para dar forma al Plan Estatal de Desarrollo 2022-2027 - Fuentes Fidedignas","robots":{"index":"index","follow":"follow","max-snippet":"max-snippet:-1","max-image-preview":"max-image-preview:large","max-video-preview":"max-video-preview:-1"},"canonical":"https:\/\/fuentesfidedignas.com.mx\/index.php\/2022\/03\/18\/rocha-se-reune-con-sus-secretarios-para-dar-forma-al-plan-estatal-de-desarrollo-2022-2027\/","og_locale":"es_MX","og_type":"article","og_title":"Rocha se re\u00fane con sus secretarios para dar forma al Plan Estatal de Desarrollo 2022-2027 - Fuentes Fidedignas","og_description":"Cabe destacar que esta segunda reuni\u00f3n de gabinete con el gobernador (la primera se realiz\u00f3 el 8 de febrero) Culiac\u00e1n, Sin. El gobernador Rub\u00e9n Rocha Moya convoc\u00f3 por segunda ocasi\u00f3n a todos los miembros de su gabinete, para continuar con los trabajos de elaboraci\u00f3n del Plan Estatal de Desarrollo 2022-2027, reuni\u00f3n en la que cada [&hellip;]","og_url":"https:\/\/fuentesfidedignas.com.mx\/index.php\/2022\/03\/18\/rocha-se-reune-con-sus-secretarios-para-dar-forma-al-plan-estatal-de-desarrollo-2022-2027\/","og_site_name":"Fuentes Fidedignas","article_publisher":"https:\/\/www.facebook.com\/Fuentes-Fidedignas-368234489921644","article_published_time":"2022-03-18T21:41:50+00:00","article_modified_time":"2022-03-18T21:43:12+00:00","og_image":[{"width":1280,"height":853,"url":"https:\/\/fuentesfidedignas.com.mx\/wp-content\/uploads\/2022\/03\/IMG-20220318-WA0051.jpg","type":"image\/jpeg"}],"author":"Redacci\u00f3n","twitter_card":"summary_large_image","twitter_creator":"@fidedignas","twitter_site":"@fidedignas","twitter_misc":{"Escrito por":"Redacci\u00f3n","Tiempo de lectura":"2 minutos"},"schema":{"@context":"https:\/\/schema.org","@graph":[{"@type":"Article","@id":"https:\/\/fuentesfidedignas.com.mx\/index.php\/2022\/03\/18\/rocha-se-reune-con-sus-secretarios-para-dar-forma-al-plan-estatal-de-desarrollo-2022-2027\/#article","isPartOf":{"@id":"https:\/\/fuentesfidedignas.com.mx\/index.php\/2022\/03\/18\/rocha-se-reune-con-sus-secretarios-para-dar-forma-al-plan-estatal-de-desarrollo-2022-2027\/"},"author":{"name":"Redacci\u00f3n","@id":"https:\/\/fuentesfidedignas.com.mx\/#\/schema\/person\/331be9283d37198e2acd5750279085b0"},"headline":"Rocha se re\u00fane con sus secretarios para dar forma al Plan Estatal de Desarrollo 2022-2027","datePublished":"2022-03-18T21:41:50+00:00","dateModified":"2022-03-18T21:43:12+00:00","mainEntityOfPage":{"@id":"https:\/\/fuentesfidedignas.com.mx\/index.php\/2022\/03\/18\/rocha-se-reune-con-sus-secretarios-para-dar-forma-al-plan-estatal-de-desarrollo-2022-2027\/"},"wordCount":289,"commentCount":0,"publisher":{"@id":"https:\/\/fuentesfidedignas.com.mx\/#organization"},"image":{"@id":"https:\/\/fuentesfidedignas.com.mx\/index.php\/2022\/03\/18\/rocha-se-reune-con-sus-secretarios-para-dar-forma-al-plan-estatal-de-desarrollo-2022-2027\/#primaryimage"},"thumbnailUrl":"https:\/\/fuentesfidedignas.com.mx\/wp-content\/uploads\/2022\/03\/IMG-20220318-WA0051.jpg","keywords":["Gobierno del Estado de Sinaloa","Plan Estatal de Desarrollo","Rub\u00e9n Rocha Moya"],"articleSection":["NOTA PRINCIPAL"],"inLanguage":"es","potentialAction":[{"@type":"CommentAction","name":"Comment","target":["https:\/\/fuentesfidedignas.com.mx\/index.php\/2022\/03\/18\/rocha-se-reune-con-sus-secretarios-para-dar-forma-al-plan-estatal-de-desarrollo-2022-2027\/#respond"]}]},{"@type":"WebPage","@id":"https:\/\/fuentesfidedignas.com.mx\/index.php\/2022\/03\/18\/rocha-se-reune-con-sus-secretarios-para-dar-forma-al-plan-estatal-de-desarrollo-2022-2027\/","url":"https:\/\/fuentesfidedignas.com.mx\/index.php\/2022\/03\/18\/rocha-se-reune-con-sus-secretarios-para-dar-forma-al-plan-estatal-de-desarrollo-2022-2027\/","name":"Rocha se re\u00fane con sus secretarios para dar forma al Plan Estatal de Desarrollo 2022-2027 - Fuentes Fidedignas","isPartOf":{"@id":"https:\/\/fuentesfidedignas.com.mx\/#website"},"primaryImageOfPage":{"@id":"https:\/\/fuentesfidedignas.com.mx\/index.php\/2022\/03\/18\/rocha-se-reune-con-sus-secretarios-para-dar-forma-al-plan-estatal-de-desarrollo-2022-2027\/#primaryimage"},"image":{"@id":"https:\/\/fuentesfidedignas.com.mx\/index.php\/2022\/03\/18\/rocha-se-reune-con-sus-secretarios-para-dar-forma-al-plan-estatal-de-desarrollo-2022-2027\/#primaryimage"},"thumbnailUrl":"https:\/\/fuentesfidedignas.com.mx\/wp-content\/uploads\/2022\/03\/IMG-20220318-WA0051.jpg","datePublished":"2022-03-18T21:41:50+00:00","dateModified":"2022-03-18T21:43:12+00:00","breadcrumb":{"@id":"https:\/\/fuentesfidedignas.com.mx\/index.php\/2022\/03\/18\/rocha-se-reune-con-sus-secretarios-para-dar-forma-al-plan-estatal-de-desarrollo-2022-2027\/#breadcrumb"},"inLanguage":"es","potentialAction":[{"@type":"ReadAction","target":["https:\/\/fuentesfidedignas.com.mx\/index.php\/2022\/03\/18\/rocha-se-reune-con-sus-secretarios-para-dar-forma-al-plan-estatal-de-desarrollo-2022-2027\/"]}]},{"@type":"ImageObject","inLanguage":"es","@id":"https:\/\/fuentesfidedignas.com.mx\/index.php\/2022\/03\/18\/rocha-se-reune-con-sus-secretarios-para-dar-forma-al-plan-estatal-de-desarrollo-2022-2027\/#primaryimage","url":"https:\/\/fuentesfidedignas.com.mx\/wp-content\/uploads\/2022\/03\/IMG-20220318-WA0051.jpg","contentUrl":"https:\/\/fuentesfidedignas.com.mx\/wp-content\/uploads\/2022\/03\/IMG-20220318-WA0051.jpg","width":1280,"height":853},{"@type":"BreadcrumbList","@id":"https:\/\/fuentesfidedignas.com.mx\/index.php\/2022\/03\/18\/rocha-se-reune-con-sus-secretarios-para-dar-forma-al-plan-estatal-de-desarrollo-2022-2027\/#breadcrumb","itemListElement":[{"@type":"ListItem","position":1,"name":"Inicio","item":"https:\/\/fuentesfidedignas.com.mx\/"},{"@type":"ListItem","position":2,"name":"Rocha se re\u00fane con sus secretarios para dar forma al Plan Estatal de Desarrollo 2022-2027"}]},{"@type":"WebSite","@id":"https:\/\/fuentesfidedignas.com.mx\/#website","url":"https:\/\/fuentesfidedignas.com.mx\/","name":"Fuentes Fidedignas","description":"Otro sitio realizado con WordPress","publisher":{"@id":"https:\/\/fuentesfidedignas.com.mx\/#organization"},"potentialAction":[{"@type":"SearchAction","target":{"@type":"EntryPoint","urlTemplate":"https:\/\/fuentesfidedignas.com.mx\/?s={search_term_string}"},"query-input":{"@type":"PropertyValueSpecification","valueRequired":true,"valueName":"search_term_string"}}],"inLanguage":"es"},{"@type":"Organization","@id":"https:\/\/fuentesfidedignas.com.mx\/#organization","name":"Fuentes Fidedignas","url":"https:\/\/fuentesfidedignas.com.mx\/","logo":{"@type":"ImageObject","inLanguage":"es","@id":"https:\/\/fuentesfidedignas.com.mx\/#\/schema\/logo\/image\/","url":"https:\/\/fuentesfidedignas.com.mx\/wp-content\/uploads\/2021\/04\/logo-retina.png","contentUrl":"https:\/\/fuentesfidedignas.com.mx\/wp-content\/uploads\/2021\/04\/logo-retina.png","width":280,"height":51,"caption":"Fuentes Fidedignas"},"image":{"@id":"https:\/\/fuentesfidedignas.com.mx\/#\/schema\/logo\/image\/"},"sameAs":["https:\/\/www.facebook.com\/Fuentes-Fidedignas-368234489921644","https:\/\/x.com\/fidedignas"]},{"@type":"Person","@id":"https:\/\/fuentesfidedignas.com.mx\/#\/schema\/person\/331be9283d37198e2acd5750279085b0","name":"Redacci\u00f3n","image":{"@type":"ImageObject","inLanguage":"es","@id":"https:\/\/secure.gravatar.com\/avatar\/f6d8782c11d12b2d4ad3fbb6931aeab5309937a4d6cd2fc9cfaa28a6396a5aec?s=96&d=mm&r=g","url":"https:\/\/secure.gravatar.com\/avatar\/f6d8782c11d12b2d4ad3fbb6931aeab5309937a4d6cd2fc9cfaa28a6396a5aec?s=96&d=mm&r=g","contentUrl":"https:\/\/secure.gravatar.com\/avatar\/f6d8782c11d12b2d4ad3fbb6931aeab5309937a4d6cd2fc9cfaa28a6396a5aec?s=96&d=mm&r=g","caption":"Redacci\u00f3n"},"url":"https:\/\/fuentesfidedignas.com.mx\/index.php\/author\/redaccion\/"}]}},"_links":{"self":[{"href":"https:\/\/fuentesfidedignas.com.mx\/index.php\/wp-json\/wp\/v2\/posts\/26575","targetHints":{"allow":["GET"]}}],"collection":[{"href":"https:\/\/fuentesfidedignas.com.mx\/index.php\/wp-json\/wp\/v2\/posts"}],"about":[{"href":"https:\/\/fuentesfidedignas.com.mx\/index.php\/wp-json\/wp\/v2\/types\/post"}],"author":[{"embeddable":true,"href":"https:\/\/fuentesfidedignas.com.mx\/index.php\/wp-json\/wp\/v2\/users\/4"}],"replies":[{"embeddable":true,"href":"https:\/\/fuentesfidedignas.com.mx\/index.php\/wp-json\/wp\/v2\/comments?post=26575"}],"version-history":[{"count":2,"href":"https:\/\/fuentesfidedignas.com.mx\/index.php\/wp-json\/wp\/v2\/posts\/26575\/revisions"}],"predecessor-version":[{"id":26580,"href":"https:\/\/fuentesfidedignas.com.mx\/index.php\/wp-json\/wp\/v2\/posts\/26575\/revisions\/26580"}],"wp:featuredmedia":[{"embeddable":true,"href":"https:\/\/fuentesfidedignas.com.mx\/index.php\/wp-json\/wp\/v2\/media\/26577"}],"wp:attachment":[{"href":"https:\/\/fuentesfidedignas.com.mx\/index.php\/wp-json\/wp\/v2\/media?parent=26575"}],"wp:term":[{"taxonomy":"category","embeddable":true,"href":"https:\/\/fuentesfidedignas.com.mx\/index.php\/wp-json\/wp\/v2\/categories?post=26575"},{"taxonomy":"post_tag","embeddable":true,"href":"https:\/\/fuentesfidedignas.com.mx\/index.php\/wp-json\/wp\/v2\/tags?post=26575"}],"curies":[{"name":"wp","href":"https:\/\/api.w.org\/{rel}","templated":true}]}}