{"id":26558,"date":"2022-03-18T13:41:05","date_gmt":"2022-03-18T20:41:05","guid":{"rendered":"https:\/\/fuentesfidedignas.com.mx\/?p=26558"},"modified":"2022-03-18T13:44:48","modified_gmt":"2022-03-18T20:44:48","slug":"sepyc-llama-a-la-confianza-de-padres-y-madres-de-familia-informara-puntualmente-sobre-la-situacion-con-sindicato","status":"publish","type":"post","link":"https:\/\/fuentesfidedignas.com.mx\/index.php\/2022\/03\/18\/sepyc-llama-a-la-confianza-de-padres-y-madres-de-familia-informara-puntualmente-sobre-la-situacion-con-sindicato\/","title":{"rendered":"SEPyC llama a la confianza de padres de familia; informar\u00e1 puntualmente sobre situaci\u00f3n con el SNTE"},"content":{"rendered":"\n<p><strong><em>La SEPyC reiter\u00f3 la disposici\u00f3n para revisar punto por punto las 23 demandas que present\u00f3 la mencionada secci\u00f3n sindical<\/em><\/strong><\/p>\n\n\n\n<p>Culiac\u00e1n, Sin.- La titular de la Secretar\u00eda de Educaci\u00f3n P\u00fablica y Cultura (SEPyC), Graciela Dom\u00ednguez Nava, llam\u00f3 a las madres, padres de familia y tutores a confiar y permanecer atentos a la informaci\u00f3n puntual que esta dependencia emitir\u00e1 acerca de la actual situaci\u00f3n con la secci\u00f3n 27 del SNTE.<\/p>\n\n\n\n<p>Indic\u00f3 que la SEPyC reiter\u00f3 la disposici\u00f3n para revisar punto por punto las 23 demandas que present\u00f3 la mencionada secci\u00f3n sindical, destacando que algunas resultan inviables, tales como la asignaci\u00f3n de plazas docentes.<\/p>\n\n\n\n<p>\u201cLa ley es la ley y no puede haber vuelta de hoja\u201d, se\u00f1al\u00f3, al asegurar que como autoridad est\u00e1 abierta al di\u00e1logo, pues lo importante es que haya disposici\u00f3n para regresar la tranquilidad a los espacios escolares.<\/p>\n\n\n\n<p>Consider\u00f3 que el oficio entregado por la citada secci\u00f3n sindical, de acuerdo con las reglas en una relaci\u00f3n Sindicato-Patr\u00f3n, no se puede establecer como un pliego petitorio, sino como un pliego de demandas, al cual ya se le dio respuesta tambi\u00e9n a trav\u00e9s de un oficio, a fin de cuidar las formas.<\/p>\n\n\n\n<p>\u201cLo que observamos es que necesitamos revisar punto por punto. Reiteran algunos aspectos gen\u00e9ricos que no quedan claros y algunos otros que la legislaci\u00f3n ya los mandata y nosotros hemos venido operando en ese sentido; algunos otros que no pueden ser, como la asignaci\u00f3n de plazas docentes. Ah\u00ed la ley es la ley y no puede haber vuelta de hoja\u201d, afirm\u00f3.<\/p>\n\n\n\n<p>Entre las demandas, se incluye el aumento en algunos bonos y otras prestaciones de impacto econ\u00f3mico, sin embargo, muchos de estos temas competen a la SEP Federal; se reitera adem\u00e1s la destituci\u00f3n del subsecretario de Educaci\u00f3n B\u00e1sica, Horacio Lora Oliva.<\/p>\n\n\n\n<p>Dom\u00ednguez Nava destac\u00f3 que como autoridad est\u00e1 abiertas al di\u00e1logo, pues lo importante es que haya disposici\u00f3n para regresar la tranquilidad a los espacios escolares, as\u00ed como brindar certeza a las madres, padres y tutores de que esta etapa de paros laborales concluir\u00e1.<\/p>\n\n\n\n<p>\u201cSi ya se dio el primer paso de entregar un documento m\u00e1s formal, m\u00e1s amplio de temas, pues est\u00e1n las condiciones para que no solamente quede en un documento, sino que podamos sentarnos realmente a revisar punto por punto y podamos ir tomando los acuerdos que correspondan\u201d, coment\u00f3.<\/p>\n","protected":false},"excerpt":{"rendered":"<p>La SEPyC reiter\u00f3 la disposici\u00f3n para revisar punto por punto las 23 demandas que present\u00f3 la mencionada secci\u00f3n sindical Culiac\u00e1n, Sin.- La titular de la Secretar\u00eda de Educaci\u00f3n P\u00fablica y Cultura (SEPyC), Graciela Dom\u00ednguez Nava, llam\u00f3 a las madres, padres de familia y tutores a confiar y permanecer atentos a la informaci\u00f3n puntual que esta [&hellip;]<\/p>\n","protected":false},"author":4,"featured_media":26560,"comment_status":"open","ping_status":"open","sticky":false,"template":"","format":"standard","meta":{"tdm_status":"","tdm_grid_status":"","footnotes":""},"categories":[37,1],"tags":[],"class_list":{"0":"post-26558","1":"post","2":"type-post","3":"status-publish","4":"format-standard","5":"has-post-thumbnail","7":"category-nota-principal","8":"category-sin-categoria"},"yoast_head":"<!-- This site is optimized with the Yoast SEO plugin v27.5 - https:\/\/yoast.com\/product\/yoast-seo-wordpress\/ -->\n<title>SEPyC llama a la confianza de padres de familia; informar\u00e1 puntualmente sobre situaci\u00f3n con el SNTE - Fuentes Fidedignas<\/title>\n<meta name=\"robots\" content=\"index, follow, max-snippet:-1, max-image-preview:large, max-video-preview:-1\" \/>\n<link rel=\"canonical\" href=\"https:\/\/fuentesfidedignas.com.mx\/index.php\/2022\/03\/18\/sepyc-llama-a-la-confianza-de-padres-y-madres-de-familia-informara-puntualmente-sobre-la-situacion-con-sindicato\/\" \/>\n<meta property=\"og:locale\" content=\"es_MX\" \/>\n<meta property=\"og:type\" content=\"article\" \/>\n<meta property=\"og:title\" content=\"SEPyC llama a la confianza de padres de familia; informar\u00e1 puntualmente sobre situaci\u00f3n con el SNTE - Fuentes Fidedignas\" \/>\n<meta property=\"og:description\" content=\"La SEPyC reiter\u00f3 la disposici\u00f3n para revisar punto por punto las 23 demandas que present\u00f3 la mencionada secci\u00f3n sindical Culiac\u00e1n, Sin.- La titular de la Secretar\u00eda de Educaci\u00f3n P\u00fablica y Cultura (SEPyC), Graciela Dom\u00ednguez Nava, llam\u00f3 a las madres, padres de familia y tutores a confiar y permanecer atentos a la informaci\u00f3n puntual que esta [&hellip;]\" \/>\n<meta property=\"og:url\" content=\"https:\/\/fuentesfidedignas.com.mx\/index.php\/2022\/03\/18\/sepyc-llama-a-la-confianza-de-padres-y-madres-de-familia-informara-puntualmente-sobre-la-situacion-con-sindicato\/\" \/>\n<meta property=\"og:site_name\" content=\"Fuentes Fidedignas\" \/>\n<meta property=\"article:publisher\" content=\"https:\/\/www.facebook.com\/Fuentes-Fidedignas-368234489921644\" \/>\n<meta property=\"article:published_time\" content=\"2022-03-18T20:41:05+00:00\" \/>\n<meta property=\"article:modified_time\" content=\"2022-03-18T20:44:48+00:00\" \/>\n<meta property=\"og:image\" content=\"https:\/\/fuentesfidedignas.com.mx\/wp-content\/uploads\/2022\/03\/IMG-20220318-WA0028.jpg\" \/>\n\t<meta property=\"og:image:width\" content=\"1280\" \/>\n\t<meta property=\"og:image:height\" content=\"853\" \/>\n\t<meta property=\"og:image:type\" content=\"image\/jpeg\" \/>\n<meta name=\"author\" content=\"Redacci\u00f3n\" \/>\n<meta name=\"twitter:card\" content=\"summary_large_image\" \/>\n<meta name=\"twitter:creator\" content=\"@fidedignas\" \/>\n<meta name=\"twitter:site\" content=\"@fidedignas\" \/>\n<meta name=\"twitter:label1\" content=\"Escrito por\" \/>\n\t<meta name=\"twitter:data1\" content=\"Redacci\u00f3n\" \/>\n\t<meta name=\"twitter:label2\" content=\"Tiempo de lectura\" \/>\n\t<meta name=\"twitter:data2\" content=\"2 minutos\" \/>\n<script type=\"application\/ld+json\" class=\"yoast-schema-graph\">{\"@context\":\"https:\\\/\\\/schema.org\",\"@graph\":[{\"@type\":\"Article\",\"@id\":\"https:\\\/\\\/fuentesfidedignas.com.mx\\\/index.php\\\/2022\\\/03\\\/18\\\/sepyc-llama-a-la-confianza-de-padres-y-madres-de-familia-informara-puntualmente-sobre-la-situacion-con-sindicato\\\/#article\",\"isPartOf\":{\"@id\":\"https:\\\/\\\/fuentesfidedignas.com.mx\\\/index.php\\\/2022\\\/03\\\/18\\\/sepyc-llama-a-la-confianza-de-padres-y-madres-de-familia-informara-puntualmente-sobre-la-situacion-con-sindicato\\\/\"},\"author\":{\"name\":\"Redacci\u00f3n\",\"@id\":\"https:\\\/\\\/fuentesfidedignas.com.mx\\\/#\\\/schema\\\/person\\\/331be9283d37198e2acd5750279085b0\"},\"headline\":\"SEPyC llama a la confianza de padres de familia; informar\u00e1 puntualmente sobre situaci\u00f3n con el SNTE\",\"datePublished\":\"2022-03-18T20:41:05+00:00\",\"dateModified\":\"2022-03-18T20:44:48+00:00\",\"mainEntityOfPage\":{\"@id\":\"https:\\\/\\\/fuentesfidedignas.com.mx\\\/index.php\\\/2022\\\/03\\\/18\\\/sepyc-llama-a-la-confianza-de-padres-y-madres-de-familia-informara-puntualmente-sobre-la-situacion-con-sindicato\\\/\"},\"wordCount\":432,\"commentCount\":0,\"publisher\":{\"@id\":\"https:\\\/\\\/fuentesfidedignas.com.mx\\\/#organization\"},\"image\":{\"@id\":\"https:\\\/\\\/fuentesfidedignas.com.mx\\\/index.php\\\/2022\\\/03\\\/18\\\/sepyc-llama-a-la-confianza-de-padres-y-madres-de-familia-informara-puntualmente-sobre-la-situacion-con-sindicato\\\/#primaryimage\"},\"thumbnailUrl\":\"https:\\\/\\\/fuentesfidedignas.com.mx\\\/wp-content\\\/uploads\\\/2022\\\/03\\\/IMG-20220318-WA0028.jpg\",\"articleSection\":[\"NOTA PRINCIPAL\"],\"inLanguage\":\"es\",\"potentialAction\":[{\"@type\":\"CommentAction\",\"name\":\"Comment\",\"target\":[\"https:\\\/\\\/fuentesfidedignas.com.mx\\\/index.php\\\/2022\\\/03\\\/18\\\/sepyc-llama-a-la-confianza-de-padres-y-madres-de-familia-informara-puntualmente-sobre-la-situacion-con-sindicato\\\/#respond\"]}]},{\"@type\":\"WebPage\",\"@id\":\"https:\\\/\\\/fuentesfidedignas.com.mx\\\/index.php\\\/2022\\\/03\\\/18\\\/sepyc-llama-a-la-confianza-de-padres-y-madres-de-familia-informara-puntualmente-sobre-la-situacion-con-sindicato\\\/\",\"url\":\"https:\\\/\\\/fuentesfidedignas.com.mx\\\/index.php\\\/2022\\\/03\\\/18\\\/sepyc-llama-a-la-confianza-de-padres-y-madres-de-familia-informara-puntualmente-sobre-la-situacion-con-sindicato\\\/\",\"name\":\"SEPyC llama a la confianza de padres de familia; informar\u00e1 puntualmente sobre situaci\u00f3n con el SNTE - Fuentes Fidedignas\",\"isPartOf\":{\"@id\":\"https:\\\/\\\/fuentesfidedignas.com.mx\\\/#website\"},\"primaryImageOfPage\":{\"@id\":\"https:\\\/\\\/fuentesfidedignas.com.mx\\\/index.php\\\/2022\\\/03\\\/18\\\/sepyc-llama-a-la-confianza-de-padres-y-madres-de-familia-informara-puntualmente-sobre-la-situacion-con-sindicato\\\/#primaryimage\"},\"image\":{\"@id\":\"https:\\\/\\\/fuentesfidedignas.com.mx\\\/index.php\\\/2022\\\/03\\\/18\\\/sepyc-llama-a-la-confianza-de-padres-y-madres-de-familia-informara-puntualmente-sobre-la-situacion-con-sindicato\\\/#primaryimage\"},\"thumbnailUrl\":\"https:\\\/\\\/fuentesfidedignas.com.mx\\\/wp-content\\\/uploads\\\/2022\\\/03\\\/IMG-20220318-WA0028.jpg\",\"datePublished\":\"2022-03-18T20:41:05+00:00\",\"dateModified\":\"2022-03-18T20:44:48+00:00\",\"breadcrumb\":{\"@id\":\"https:\\\/\\\/fuentesfidedignas.com.mx\\\/index.php\\\/2022\\\/03\\\/18\\\/sepyc-llama-a-la-confianza-de-padres-y-madres-de-familia-informara-puntualmente-sobre-la-situacion-con-sindicato\\\/#breadcrumb\"},\"inLanguage\":\"es\",\"potentialAction\":[{\"@type\":\"ReadAction\",\"target\":[\"https:\\\/\\\/fuentesfidedignas.com.mx\\\/index.php\\\/2022\\\/03\\\/18\\\/sepyc-llama-a-la-confianza-de-padres-y-madres-de-familia-informara-puntualmente-sobre-la-situacion-con-sindicato\\\/\"]}]},{\"@type\":\"ImageObject\",\"inLanguage\":\"es\",\"@id\":\"https:\\\/\\\/fuentesfidedignas.com.mx\\\/index.php\\\/2022\\\/03\\\/18\\\/sepyc-llama-a-la-confianza-de-padres-y-madres-de-familia-informara-puntualmente-sobre-la-situacion-con-sindicato\\\/#primaryimage\",\"url\":\"https:\\\/\\\/fuentesfidedignas.com.mx\\\/wp-content\\\/uploads\\\/2022\\\/03\\\/IMG-20220318-WA0028.jpg\",\"contentUrl\":\"https:\\\/\\\/fuentesfidedignas.com.mx\\\/wp-content\\\/uploads\\\/2022\\\/03\\\/IMG-20220318-WA0028.jpg\",\"width\":1280,\"height\":853},{\"@type\":\"BreadcrumbList\",\"@id\":\"https:\\\/\\\/fuentesfidedignas.com.mx\\\/index.php\\\/2022\\\/03\\\/18\\\/sepyc-llama-a-la-confianza-de-padres-y-madres-de-familia-informara-puntualmente-sobre-la-situacion-con-sindicato\\\/#breadcrumb\",\"itemListElement\":[{\"@type\":\"ListItem\",\"position\":1,\"name\":\"Inicio\",\"item\":\"https:\\\/\\\/fuentesfidedignas.com.mx\\\/\"},{\"@type\":\"ListItem\",\"position\":2,\"name\":\"SEPyC llama a la confianza de padres de familia; informar\u00e1 puntualmente sobre situaci\u00f3n con el SNTE\"}]},{\"@type\":\"WebSite\",\"@id\":\"https:\\\/\\\/fuentesfidedignas.com.mx\\\/#website\",\"url\":\"https:\\\/\\\/fuentesfidedignas.com.mx\\\/\",\"name\":\"Fuentes Fidedignas\",\"description\":\"Otro sitio realizado con WordPress\",\"publisher\":{\"@id\":\"https:\\\/\\\/fuentesfidedignas.com.mx\\\/#organization\"},\"potentialAction\":[{\"@type\":\"SearchAction\",\"target\":{\"@type\":\"EntryPoint\",\"urlTemplate\":\"https:\\\/\\\/fuentesfidedignas.com.mx\\\/?s={search_term_string}\"},\"query-input\":{\"@type\":\"PropertyValueSpecification\",\"valueRequired\":true,\"valueName\":\"search_term_string\"}}],\"inLanguage\":\"es\"},{\"@type\":\"Organization\",\"@id\":\"https:\\\/\\\/fuentesfidedignas.com.mx\\\/#organization\",\"name\":\"Fuentes Fidedignas\",\"url\":\"https:\\\/\\\/fuentesfidedignas.com.mx\\\/\",\"logo\":{\"@type\":\"ImageObject\",\"inLanguage\":\"es\",\"@id\":\"https:\\\/\\\/fuentesfidedignas.com.mx\\\/#\\\/schema\\\/logo\\\/image\\\/\",\"url\":\"https:\\\/\\\/fuentesfidedignas.com.mx\\\/wp-content\\\/uploads\\\/2021\\\/04\\\/logo-retina.png\",\"contentUrl\":\"https:\\\/\\\/fuentesfidedignas.com.mx\\\/wp-content\\\/uploads\\\/2021\\\/04\\\/logo-retina.png\",\"width\":280,\"height\":51,\"caption\":\"Fuentes Fidedignas\"},\"image\":{\"@id\":\"https:\\\/\\\/fuentesfidedignas.com.mx\\\/#\\\/schema\\\/logo\\\/image\\\/\"},\"sameAs\":[\"https:\\\/\\\/www.facebook.com\\\/Fuentes-Fidedignas-368234489921644\",\"https:\\\/\\\/x.com\\\/fidedignas\"]},{\"@type\":\"Person\",\"@id\":\"https:\\\/\\\/fuentesfidedignas.com.mx\\\/#\\\/schema\\\/person\\\/331be9283d37198e2acd5750279085b0\",\"name\":\"Redacci\u00f3n\",\"image\":{\"@type\":\"ImageObject\",\"inLanguage\":\"es\",\"@id\":\"https:\\\/\\\/secure.gravatar.com\\\/avatar\\\/f6d8782c11d12b2d4ad3fbb6931aeab5309937a4d6cd2fc9cfaa28a6396a5aec?s=96&d=mm&r=g\",\"url\":\"https:\\\/\\\/secure.gravatar.com\\\/avatar\\\/f6d8782c11d12b2d4ad3fbb6931aeab5309937a4d6cd2fc9cfaa28a6396a5aec?s=96&d=mm&r=g\",\"contentUrl\":\"https:\\\/\\\/secure.gravatar.com\\\/avatar\\\/f6d8782c11d12b2d4ad3fbb6931aeab5309937a4d6cd2fc9cfaa28a6396a5aec?s=96&d=mm&r=g\",\"caption\":\"Redacci\u00f3n\"},\"url\":\"https:\\\/\\\/fuentesfidedignas.com.mx\\\/index.php\\\/author\\\/redaccion\\\/\"}]}<\/script>\n<!-- \/ Yoast SEO plugin. -->","yoast_head_json":{"title":"SEPyC llama a la confianza de padres de familia; informar\u00e1 puntualmente sobre situaci\u00f3n con el SNTE - Fuentes Fidedignas","robots":{"index":"index","follow":"follow","max-snippet":"max-snippet:-1","max-image-preview":"max-image-preview:large","max-video-preview":"max-video-preview:-1"},"canonical":"https:\/\/fuentesfidedignas.com.mx\/index.php\/2022\/03\/18\/sepyc-llama-a-la-confianza-de-padres-y-madres-de-familia-informara-puntualmente-sobre-la-situacion-con-sindicato\/","og_locale":"es_MX","og_type":"article","og_title":"SEPyC llama a la confianza de padres de familia; informar\u00e1 puntualmente sobre situaci\u00f3n con el SNTE - Fuentes Fidedignas","og_description":"La SEPyC reiter\u00f3 la disposici\u00f3n para revisar punto por punto las 23 demandas que present\u00f3 la mencionada secci\u00f3n sindical Culiac\u00e1n, Sin.- La titular de la Secretar\u00eda de Educaci\u00f3n P\u00fablica y Cultura (SEPyC), Graciela Dom\u00ednguez Nava, llam\u00f3 a las madres, padres de familia y tutores a confiar y permanecer atentos a la informaci\u00f3n puntual que esta [&hellip;]","og_url":"https:\/\/fuentesfidedignas.com.mx\/index.php\/2022\/03\/18\/sepyc-llama-a-la-confianza-de-padres-y-madres-de-familia-informara-puntualmente-sobre-la-situacion-con-sindicato\/","og_site_name":"Fuentes Fidedignas","article_publisher":"https:\/\/www.facebook.com\/Fuentes-Fidedignas-368234489921644","article_published_time":"2022-03-18T20:41:05+00:00","article_modified_time":"2022-03-18T20:44:48+00:00","og_image":[{"width":1280,"height":853,"url":"https:\/\/fuentesfidedignas.com.mx\/wp-content\/uploads\/2022\/03\/IMG-20220318-WA0028.jpg","type":"image\/jpeg"}],"author":"Redacci\u00f3n","twitter_card":"summary_large_image","twitter_creator":"@fidedignas","twitter_site":"@fidedignas","twitter_misc":{"Escrito por":"Redacci\u00f3n","Tiempo de lectura":"2 minutos"},"schema":{"@context":"https:\/\/schema.org","@graph":[{"@type":"Article","@id":"https:\/\/fuentesfidedignas.com.mx\/index.php\/2022\/03\/18\/sepyc-llama-a-la-confianza-de-padres-y-madres-de-familia-informara-puntualmente-sobre-la-situacion-con-sindicato\/#article","isPartOf":{"@id":"https:\/\/fuentesfidedignas.com.mx\/index.php\/2022\/03\/18\/sepyc-llama-a-la-confianza-de-padres-y-madres-de-familia-informara-puntualmente-sobre-la-situacion-con-sindicato\/"},"author":{"name":"Redacci\u00f3n","@id":"https:\/\/fuentesfidedignas.com.mx\/#\/schema\/person\/331be9283d37198e2acd5750279085b0"},"headline":"SEPyC llama a la confianza de padres de familia; informar\u00e1 puntualmente sobre situaci\u00f3n con el SNTE","datePublished":"2022-03-18T20:41:05+00:00","dateModified":"2022-03-18T20:44:48+00:00","mainEntityOfPage":{"@id":"https:\/\/fuentesfidedignas.com.mx\/index.php\/2022\/03\/18\/sepyc-llama-a-la-confianza-de-padres-y-madres-de-familia-informara-puntualmente-sobre-la-situacion-con-sindicato\/"},"wordCount":432,"commentCount":0,"publisher":{"@id":"https:\/\/fuentesfidedignas.com.mx\/#organization"},"image":{"@id":"https:\/\/fuentesfidedignas.com.mx\/index.php\/2022\/03\/18\/sepyc-llama-a-la-confianza-de-padres-y-madres-de-familia-informara-puntualmente-sobre-la-situacion-con-sindicato\/#primaryimage"},"thumbnailUrl":"https:\/\/fuentesfidedignas.com.mx\/wp-content\/uploads\/2022\/03\/IMG-20220318-WA0028.jpg","articleSection":["NOTA PRINCIPAL"],"inLanguage":"es","potentialAction":[{"@type":"CommentAction","name":"Comment","target":["https:\/\/fuentesfidedignas.com.mx\/index.php\/2022\/03\/18\/sepyc-llama-a-la-confianza-de-padres-y-madres-de-familia-informara-puntualmente-sobre-la-situacion-con-sindicato\/#respond"]}]},{"@type":"WebPage","@id":"https:\/\/fuentesfidedignas.com.mx\/index.php\/2022\/03\/18\/sepyc-llama-a-la-confianza-de-padres-y-madres-de-familia-informara-puntualmente-sobre-la-situacion-con-sindicato\/","url":"https:\/\/fuentesfidedignas.com.mx\/index.php\/2022\/03\/18\/sepyc-llama-a-la-confianza-de-padres-y-madres-de-familia-informara-puntualmente-sobre-la-situacion-con-sindicato\/","name":"SEPyC llama a la confianza de padres de familia; informar\u00e1 puntualmente sobre situaci\u00f3n con el SNTE - Fuentes Fidedignas","isPartOf":{"@id":"https:\/\/fuentesfidedignas.com.mx\/#website"},"primaryImageOfPage":{"@id":"https:\/\/fuentesfidedignas.com.mx\/index.php\/2022\/03\/18\/sepyc-llama-a-la-confianza-de-padres-y-madres-de-familia-informara-puntualmente-sobre-la-situacion-con-sindicato\/#primaryimage"},"image":{"@id":"https:\/\/fuentesfidedignas.com.mx\/index.php\/2022\/03\/18\/sepyc-llama-a-la-confianza-de-padres-y-madres-de-familia-informara-puntualmente-sobre-la-situacion-con-sindicato\/#primaryimage"},"thumbnailUrl":"https:\/\/fuentesfidedignas.com.mx\/wp-content\/uploads\/2022\/03\/IMG-20220318-WA0028.jpg","datePublished":"2022-03-18T20:41:05+00:00","dateModified":"2022-03-18T20:44:48+00:00","breadcrumb":{"@id":"https:\/\/fuentesfidedignas.com.mx\/index.php\/2022\/03\/18\/sepyc-llama-a-la-confianza-de-padres-y-madres-de-familia-informara-puntualmente-sobre-la-situacion-con-sindicato\/#breadcrumb"},"inLanguage":"es","potentialAction":[{"@type":"ReadAction","target":["https:\/\/fuentesfidedignas.com.mx\/index.php\/2022\/03\/18\/sepyc-llama-a-la-confianza-de-padres-y-madres-de-familia-informara-puntualmente-sobre-la-situacion-con-sindicato\/"]}]},{"@type":"ImageObject","inLanguage":"es","@id":"https:\/\/fuentesfidedignas.com.mx\/index.php\/2022\/03\/18\/sepyc-llama-a-la-confianza-de-padres-y-madres-de-familia-informara-puntualmente-sobre-la-situacion-con-sindicato\/#primaryimage","url":"https:\/\/fuentesfidedignas.com.mx\/wp-content\/uploads\/2022\/03\/IMG-20220318-WA0028.jpg","contentUrl":"https:\/\/fuentesfidedignas.com.mx\/wp-content\/uploads\/2022\/03\/IMG-20220318-WA0028.jpg","width":1280,"height":853},{"@type":"BreadcrumbList","@id":"https:\/\/fuentesfidedignas.com.mx\/index.php\/2022\/03\/18\/sepyc-llama-a-la-confianza-de-padres-y-madres-de-familia-informara-puntualmente-sobre-la-situacion-con-sindicato\/#breadcrumb","itemListElement":[{"@type":"ListItem","position":1,"name":"Inicio","item":"https:\/\/fuentesfidedignas.com.mx\/"},{"@type":"ListItem","position":2,"name":"SEPyC llama a la confianza de padres de familia; informar\u00e1 puntualmente sobre situaci\u00f3n con el SNTE"}]},{"@type":"WebSite","@id":"https:\/\/fuentesfidedignas.com.mx\/#website","url":"https:\/\/fuentesfidedignas.com.mx\/","name":"Fuentes Fidedignas","description":"Otro sitio realizado con WordPress","publisher":{"@id":"https:\/\/fuentesfidedignas.com.mx\/#organization"},"potentialAction":[{"@type":"SearchAction","target":{"@type":"EntryPoint","urlTemplate":"https:\/\/fuentesfidedignas.com.mx\/?s={search_term_string}"},"query-input":{"@type":"PropertyValueSpecification","valueRequired":true,"valueName":"search_term_string"}}],"inLanguage":"es"},{"@type":"Organization","@id":"https:\/\/fuentesfidedignas.com.mx\/#organization","name":"Fuentes Fidedignas","url":"https:\/\/fuentesfidedignas.com.mx\/","logo":{"@type":"ImageObject","inLanguage":"es","@id":"https:\/\/fuentesfidedignas.com.mx\/#\/schema\/logo\/image\/","url":"https:\/\/fuentesfidedignas.com.mx\/wp-content\/uploads\/2021\/04\/logo-retina.png","contentUrl":"https:\/\/fuentesfidedignas.com.mx\/wp-content\/uploads\/2021\/04\/logo-retina.png","width":280,"height":51,"caption":"Fuentes Fidedignas"},"image":{"@id":"https:\/\/fuentesfidedignas.com.mx\/#\/schema\/logo\/image\/"},"sameAs":["https:\/\/www.facebook.com\/Fuentes-Fidedignas-368234489921644","https:\/\/x.com\/fidedignas"]},{"@type":"Person","@id":"https:\/\/fuentesfidedignas.com.mx\/#\/schema\/person\/331be9283d37198e2acd5750279085b0","name":"Redacci\u00f3n","image":{"@type":"ImageObject","inLanguage":"es","@id":"https:\/\/secure.gravatar.com\/avatar\/f6d8782c11d12b2d4ad3fbb6931aeab5309937a4d6cd2fc9cfaa28a6396a5aec?s=96&d=mm&r=g","url":"https:\/\/secure.gravatar.com\/avatar\/f6d8782c11d12b2d4ad3fbb6931aeab5309937a4d6cd2fc9cfaa28a6396a5aec?s=96&d=mm&r=g","contentUrl":"https:\/\/secure.gravatar.com\/avatar\/f6d8782c11d12b2d4ad3fbb6931aeab5309937a4d6cd2fc9cfaa28a6396a5aec?s=96&d=mm&r=g","caption":"Redacci\u00f3n"},"url":"https:\/\/fuentesfidedignas.com.mx\/index.php\/author\/redaccion\/"}]}},"_links":{"self":[{"href":"https:\/\/fuentesfidedignas.com.mx\/index.php\/wp-json\/wp\/v2\/posts\/26558","targetHints":{"allow":["GET"]}}],"collection":[{"href":"https:\/\/fuentesfidedignas.com.mx\/index.php\/wp-json\/wp\/v2\/posts"}],"about":[{"href":"https:\/\/fuentesfidedignas.com.mx\/index.php\/wp-json\/wp\/v2\/types\/post"}],"author":[{"embeddable":true,"href":"https:\/\/fuentesfidedignas.com.mx\/index.php\/wp-json\/wp\/v2\/users\/4"}],"replies":[{"embeddable":true,"href":"https:\/\/fuentesfidedignas.com.mx\/index.php\/wp-json\/wp\/v2\/comments?post=26558"}],"version-history":[{"count":3,"href":"https:\/\/fuentesfidedignas.com.mx\/index.php\/wp-json\/wp\/v2\/posts\/26558\/revisions"}],"predecessor-version":[{"id":26562,"href":"https:\/\/fuentesfidedignas.com.mx\/index.php\/wp-json\/wp\/v2\/posts\/26558\/revisions\/26562"}],"wp:featuredmedia":[{"embeddable":true,"href":"https:\/\/fuentesfidedignas.com.mx\/index.php\/wp-json\/wp\/v2\/media\/26560"}],"wp:attachment":[{"href":"https:\/\/fuentesfidedignas.com.mx\/index.php\/wp-json\/wp\/v2\/media?parent=26558"}],"wp:term":[{"taxonomy":"category","embeddable":true,"href":"https:\/\/fuentesfidedignas.com.mx\/index.php\/wp-json\/wp\/v2\/categories?post=26558"},{"taxonomy":"post_tag","embeddable":true,"href":"https:\/\/fuentesfidedignas.com.mx\/index.php\/wp-json\/wp\/v2\/tags?post=26558"}],"curies":[{"name":"wp","href":"https:\/\/api.w.org\/{rel}","templated":true}]}}