{"id":26466,"date":"2022-03-17T10:12:36","date_gmt":"2022-03-17T17:12:36","guid":{"rendered":"https:\/\/fuentesfidedignas.com.mx\/?p=26466"},"modified":"2022-03-17T10:12:37","modified_gmt":"2022-03-17T17:12:37","slug":"al-menos-21-muertos-en-un-ataque-ruso-al-este-de-ucrania","status":"publish","type":"post","link":"https:\/\/fuentesfidedignas.com.mx\/index.php\/2022\/03\/17\/al-menos-21-muertos-en-un-ataque-ruso-al-este-de-ucrania\/","title":{"rendered":"Al menos 21 muertos en un ataque ruso al este de Ucrania"},"content":{"rendered":"\n<p><strong><em>&#8220;Se ha empezado la limpieza de los escombros&#8221;, seg\u00fan la fiscal\u00eda, que public\u00f3 dos fotos de edificios da\u00f1ados por las explosiones<\/em><\/strong><\/p>\n\n\n\n<p>Kiev.- Al menos 21 personas murieron y 25 resultaron heridas el jueves en un bombardeo ruso en la ciudad de Merefa, en el este de Ucrania, inform\u00f3 la fiscal\u00eda regional.<\/p>\n\n\n\n<p>&#8220;Militares rusos procedieron a tiros de artiller\u00eda sobre la ciudad de Merefa en la regi\u00f3n de J\u00e1rkov hacia las 03:30 horas del jueves. Una escuela y un centro cultural fueron destruidas, 21 personas murieron y 25 resultaron heridas, entre los cuales 10 se encuentran en un estado grave&#8221;, inform\u00f3 la fiscal\u00eda de la regi\u00f3n de J\u00e1rkov en su cuenta de Facebook.<\/p>\n\n\n\n<p>Merefa est\u00e1 ubicado unos 30 kil\u00f3metros al suroeste de J\u00e1rkov.<\/p>\n\n\n\n<p>&#8220;Se ha empezado la limpieza de los escombros&#8221;, seg\u00fan la fiscal\u00eda, que public\u00f3 dos fotos de edificios da\u00f1ados por las explosiones.<\/p>\n\n\n\n<p><strong>Ucrania pidi\u00f3 a Turqu\u00eda que sea uno de los garantes<\/strong><br>El ministro de Relaciones Exteriores de Ucrania, Dmytro Kuleba, pidi\u00f3 el jueves que Turqu\u00eda sea &#8220;uno de los garantes&#8221; de un eventual acuerdo con Rusia, anunci\u00f3 su hom\u00f3logo turco, Mevlut Cavusoglu, que visita la ciudad ucraniana de Le\u00f3polis (Lviv).<\/p>\n\n\n\n<p>&#8220;Ucrania ha hecho una oferta sobre el acuerdo de seguridad colectiva: P5 [los cinco miembros permanentes del Consejo de Seguridad], m\u00e1s Turqu\u00eda y Alemania&#8221;, precis\u00f3 Cavusoglu.<\/p>\n\n\n\n<p>&#8220;Durante mis contactos en Mosc\u00fa, ayer (mi\u00e9rcoles), vi que la Federaci\u00f3n de Rusia no ten\u00eda ninguna objeci\u00f3n y que pod\u00eda aceptar una oferta as\u00ed&#8221;, precis\u00f3 el ministro.<\/p>\n\n\n\n<p>Cavusoglu se reuni\u00f3 el mi\u00e9rcoles en la capital rusa con el ministro ruso de Relaciones Exteriores, Sergu\u00e9i Lavrov.<\/p>\n","protected":false},"excerpt":{"rendered":"<p>&#8220;Se ha empezado la limpieza de los escombros&#8221;, seg\u00fan la fiscal\u00eda, que public\u00f3 dos fotos de edificios da\u00f1ados por las explosiones Kiev.- Al menos 21 personas murieron y 25 resultaron heridas el jueves en un bombardeo ruso en la ciudad de Merefa, en el este de Ucrania, inform\u00f3 la fiscal\u00eda regional. &#8220;Militares rusos procedieron a [&hellip;]<\/p>\n","protected":false},"author":12,"featured_media":26467,"comment_status":"open","ping_status":"open","sticky":false,"template":"","format":"standard","meta":{"tdm_status":"","tdm_grid_status":"","footnotes":""},"categories":[39],"tags":[2515,2362],"class_list":{"0":"post-26466","1":"post","2":"type-post","3":"status-publish","4":"format-standard","5":"has-post-thumbnail","7":"category-noticias-nacionales","8":"tag-rusa","9":"tag-ucrania"},"yoast_head":"<!-- This site is optimized with the Yoast SEO plugin v27.5 - https:\/\/yoast.com\/product\/yoast-seo-wordpress\/ -->\n<title>Al menos 21 muertos en un ataque ruso al este de Ucrania - Fuentes Fidedignas<\/title>\n<meta name=\"robots\" content=\"index, follow, max-snippet:-1, max-image-preview:large, max-video-preview:-1\" \/>\n<link rel=\"canonical\" href=\"https:\/\/fuentesfidedignas.com.mx\/index.php\/2022\/03\/17\/al-menos-21-muertos-en-un-ataque-ruso-al-este-de-ucrania\/\" \/>\n<meta property=\"og:locale\" content=\"es_MX\" \/>\n<meta property=\"og:type\" content=\"article\" \/>\n<meta property=\"og:title\" content=\"Al menos 21 muertos en un ataque ruso al este de Ucrania - Fuentes Fidedignas\" \/>\n<meta property=\"og:description\" content=\"&#8220;Se ha empezado la limpieza de los escombros&#8221;, seg\u00fan la fiscal\u00eda, que public\u00f3 dos fotos de edificios da\u00f1ados por las explosiones Kiev.- Al menos 21 personas murieron y 25 resultaron heridas el jueves en un bombardeo ruso en la ciudad de Merefa, en el este de Ucrania, inform\u00f3 la fiscal\u00eda regional. &#8220;Militares rusos procedieron a [&hellip;]\" \/>\n<meta property=\"og:url\" content=\"https:\/\/fuentesfidedignas.com.mx\/index.php\/2022\/03\/17\/al-menos-21-muertos-en-un-ataque-ruso-al-este-de-ucrania\/\" \/>\n<meta property=\"og:site_name\" content=\"Fuentes Fidedignas\" \/>\n<meta property=\"article:publisher\" content=\"https:\/\/www.facebook.com\/Fuentes-Fidedignas-368234489921644\" \/>\n<meta property=\"article:published_time\" content=\"2022-03-17T17:12:36+00:00\" \/>\n<meta property=\"article:modified_time\" content=\"2022-03-17T17:12:37+00:00\" \/>\n<meta property=\"og:image\" content=\"https:\/\/fuentesfidedignas.com.mx\/wp-content\/uploads\/2022\/03\/ATAQUE_RUSO.jpg\" \/>\n\t<meta property=\"og:image:width\" content=\"800\" \/>\n\t<meta property=\"og:image:height\" content=\"600\" \/>\n\t<meta property=\"og:image:type\" content=\"image\/jpeg\" \/>\n<meta name=\"author\" content=\"AFP\" \/>\n<meta name=\"twitter:card\" content=\"summary_large_image\" \/>\n<meta name=\"twitter:creator\" content=\"@fidedignas\" \/>\n<meta name=\"twitter:site\" content=\"@fidedignas\" \/>\n<meta name=\"twitter:label1\" content=\"Escrito por\" \/>\n\t<meta name=\"twitter:data1\" content=\"AFP\" \/>\n\t<meta name=\"twitter:label2\" content=\"Tiempo de lectura\" \/>\n\t<meta name=\"twitter:data2\" content=\"2 minutos\" \/>\n<script type=\"application\/ld+json\" class=\"yoast-schema-graph\">{\"@context\":\"https:\\\/\\\/schema.org\",\"@graph\":[{\"@type\":\"Article\",\"@id\":\"https:\\\/\\\/fuentesfidedignas.com.mx\\\/index.php\\\/2022\\\/03\\\/17\\\/al-menos-21-muertos-en-un-ataque-ruso-al-este-de-ucrania\\\/#article\",\"isPartOf\":{\"@id\":\"https:\\\/\\\/fuentesfidedignas.com.mx\\\/index.php\\\/2022\\\/03\\\/17\\\/al-menos-21-muertos-en-un-ataque-ruso-al-este-de-ucrania\\\/\"},\"author\":{\"name\":\"AFP\",\"@id\":\"https:\\\/\\\/fuentesfidedignas.com.mx\\\/#\\\/schema\\\/person\\\/1827b38c6cf89e1d6cc7d78ca3fae732\"},\"headline\":\"Al menos 21 muertos en un ataque ruso al este de Ucrania\",\"datePublished\":\"2022-03-17T17:12:36+00:00\",\"dateModified\":\"2022-03-17T17:12:37+00:00\",\"mainEntityOfPage\":{\"@id\":\"https:\\\/\\\/fuentesfidedignas.com.mx\\\/index.php\\\/2022\\\/03\\\/17\\\/al-menos-21-muertos-en-un-ataque-ruso-al-este-de-ucrania\\\/\"},\"wordCount\":296,\"commentCount\":0,\"publisher\":{\"@id\":\"https:\\\/\\\/fuentesfidedignas.com.mx\\\/#organization\"},\"image\":{\"@id\":\"https:\\\/\\\/fuentesfidedignas.com.mx\\\/index.php\\\/2022\\\/03\\\/17\\\/al-menos-21-muertos-en-un-ataque-ruso-al-este-de-ucrania\\\/#primaryimage\"},\"thumbnailUrl\":\"https:\\\/\\\/fuentesfidedignas.com.mx\\\/wp-content\\\/uploads\\\/2022\\\/03\\\/ATAQUE_RUSO.jpg\",\"keywords\":[\"Rusa\",\"Ucrania\"],\"articleSection\":[\"NOTICIAS NACIONALES\"],\"inLanguage\":\"es\",\"potentialAction\":[{\"@type\":\"CommentAction\",\"name\":\"Comment\",\"target\":[\"https:\\\/\\\/fuentesfidedignas.com.mx\\\/index.php\\\/2022\\\/03\\\/17\\\/al-menos-21-muertos-en-un-ataque-ruso-al-este-de-ucrania\\\/#respond\"]}]},{\"@type\":\"WebPage\",\"@id\":\"https:\\\/\\\/fuentesfidedignas.com.mx\\\/index.php\\\/2022\\\/03\\\/17\\\/al-menos-21-muertos-en-un-ataque-ruso-al-este-de-ucrania\\\/\",\"url\":\"https:\\\/\\\/fuentesfidedignas.com.mx\\\/index.php\\\/2022\\\/03\\\/17\\\/al-menos-21-muertos-en-un-ataque-ruso-al-este-de-ucrania\\\/\",\"name\":\"Al menos 21 muertos en un ataque ruso al este de Ucrania - Fuentes Fidedignas\",\"isPartOf\":{\"@id\":\"https:\\\/\\\/fuentesfidedignas.com.mx\\\/#website\"},\"primaryImageOfPage\":{\"@id\":\"https:\\\/\\\/fuentesfidedignas.com.mx\\\/index.php\\\/2022\\\/03\\\/17\\\/al-menos-21-muertos-en-un-ataque-ruso-al-este-de-ucrania\\\/#primaryimage\"},\"image\":{\"@id\":\"https:\\\/\\\/fuentesfidedignas.com.mx\\\/index.php\\\/2022\\\/03\\\/17\\\/al-menos-21-muertos-en-un-ataque-ruso-al-este-de-ucrania\\\/#primaryimage\"},\"thumbnailUrl\":\"https:\\\/\\\/fuentesfidedignas.com.mx\\\/wp-content\\\/uploads\\\/2022\\\/03\\\/ATAQUE_RUSO.jpg\",\"datePublished\":\"2022-03-17T17:12:36+00:00\",\"dateModified\":\"2022-03-17T17:12:37+00:00\",\"breadcrumb\":{\"@id\":\"https:\\\/\\\/fuentesfidedignas.com.mx\\\/index.php\\\/2022\\\/03\\\/17\\\/al-menos-21-muertos-en-un-ataque-ruso-al-este-de-ucrania\\\/#breadcrumb\"},\"inLanguage\":\"es\",\"potentialAction\":[{\"@type\":\"ReadAction\",\"target\":[\"https:\\\/\\\/fuentesfidedignas.com.mx\\\/index.php\\\/2022\\\/03\\\/17\\\/al-menos-21-muertos-en-un-ataque-ruso-al-este-de-ucrania\\\/\"]}]},{\"@type\":\"ImageObject\",\"inLanguage\":\"es\",\"@id\":\"https:\\\/\\\/fuentesfidedignas.com.mx\\\/index.php\\\/2022\\\/03\\\/17\\\/al-menos-21-muertos-en-un-ataque-ruso-al-este-de-ucrania\\\/#primaryimage\",\"url\":\"https:\\\/\\\/fuentesfidedignas.com.mx\\\/wp-content\\\/uploads\\\/2022\\\/03\\\/ATAQUE_RUSO.jpg\",\"contentUrl\":\"https:\\\/\\\/fuentesfidedignas.com.mx\\\/wp-content\\\/uploads\\\/2022\\\/03\\\/ATAQUE_RUSO.jpg\",\"width\":800,\"height\":600},{\"@type\":\"BreadcrumbList\",\"@id\":\"https:\\\/\\\/fuentesfidedignas.com.mx\\\/index.php\\\/2022\\\/03\\\/17\\\/al-menos-21-muertos-en-un-ataque-ruso-al-este-de-ucrania\\\/#breadcrumb\",\"itemListElement\":[{\"@type\":\"ListItem\",\"position\":1,\"name\":\"Inicio\",\"item\":\"https:\\\/\\\/fuentesfidedignas.com.mx\\\/\"},{\"@type\":\"ListItem\",\"position\":2,\"name\":\"Al menos 21 muertos en un ataque ruso al este de Ucrania\"}]},{\"@type\":\"WebSite\",\"@id\":\"https:\\\/\\\/fuentesfidedignas.com.mx\\\/#website\",\"url\":\"https:\\\/\\\/fuentesfidedignas.com.mx\\\/\",\"name\":\"Fuentes Fidedignas\",\"description\":\"Otro sitio realizado con WordPress\",\"publisher\":{\"@id\":\"https:\\\/\\\/fuentesfidedignas.com.mx\\\/#organization\"},\"potentialAction\":[{\"@type\":\"SearchAction\",\"target\":{\"@type\":\"EntryPoint\",\"urlTemplate\":\"https:\\\/\\\/fuentesfidedignas.com.mx\\\/?s={search_term_string}\"},\"query-input\":{\"@type\":\"PropertyValueSpecification\",\"valueRequired\":true,\"valueName\":\"search_term_string\"}}],\"inLanguage\":\"es\"},{\"@type\":\"Organization\",\"@id\":\"https:\\\/\\\/fuentesfidedignas.com.mx\\\/#organization\",\"name\":\"Fuentes Fidedignas\",\"url\":\"https:\\\/\\\/fuentesfidedignas.com.mx\\\/\",\"logo\":{\"@type\":\"ImageObject\",\"inLanguage\":\"es\",\"@id\":\"https:\\\/\\\/fuentesfidedignas.com.mx\\\/#\\\/schema\\\/logo\\\/image\\\/\",\"url\":\"https:\\\/\\\/fuentesfidedignas.com.mx\\\/wp-content\\\/uploads\\\/2021\\\/04\\\/logo-retina.png\",\"contentUrl\":\"https:\\\/\\\/fuentesfidedignas.com.mx\\\/wp-content\\\/uploads\\\/2021\\\/04\\\/logo-retina.png\",\"width\":280,\"height\":51,\"caption\":\"Fuentes Fidedignas\"},\"image\":{\"@id\":\"https:\\\/\\\/fuentesfidedignas.com.mx\\\/#\\\/schema\\\/logo\\\/image\\\/\"},\"sameAs\":[\"https:\\\/\\\/www.facebook.com\\\/Fuentes-Fidedignas-368234489921644\",\"https:\\\/\\\/x.com\\\/fidedignas\"]},{\"@type\":\"Person\",\"@id\":\"https:\\\/\\\/fuentesfidedignas.com.mx\\\/#\\\/schema\\\/person\\\/1827b38c6cf89e1d6cc7d78ca3fae732\",\"name\":\"AFP\",\"image\":{\"@type\":\"ImageObject\",\"inLanguage\":\"es\",\"@id\":\"https:\\\/\\\/secure.gravatar.com\\\/avatar\\\/236827d2ee9bf15e1ea99e0c1cd1b467cffa55e324d177638d0f8de7950cbae6?s=96&d=mm&r=g\",\"url\":\"https:\\\/\\\/secure.gravatar.com\\\/avatar\\\/236827d2ee9bf15e1ea99e0c1cd1b467cffa55e324d177638d0f8de7950cbae6?s=96&d=mm&r=g\",\"contentUrl\":\"https:\\\/\\\/secure.gravatar.com\\\/avatar\\\/236827d2ee9bf15e1ea99e0c1cd1b467cffa55e324d177638d0f8de7950cbae6?s=96&d=mm&r=g\",\"caption\":\"AFP\"},\"url\":\"https:\\\/\\\/fuentesfidedignas.com.mx\\\/index.php\\\/author\\\/afp\\\/\"}]}<\/script>\n<!-- \/ Yoast SEO plugin. -->","yoast_head_json":{"title":"Al menos 21 muertos en un ataque ruso al este de Ucrania - Fuentes Fidedignas","robots":{"index":"index","follow":"follow","max-snippet":"max-snippet:-1","max-image-preview":"max-image-preview:large","max-video-preview":"max-video-preview:-1"},"canonical":"https:\/\/fuentesfidedignas.com.mx\/index.php\/2022\/03\/17\/al-menos-21-muertos-en-un-ataque-ruso-al-este-de-ucrania\/","og_locale":"es_MX","og_type":"article","og_title":"Al menos 21 muertos en un ataque ruso al este de Ucrania - Fuentes Fidedignas","og_description":"&#8220;Se ha empezado la limpieza de los escombros&#8221;, seg\u00fan la fiscal\u00eda, que public\u00f3 dos fotos de edificios da\u00f1ados por las explosiones Kiev.- Al menos 21 personas murieron y 25 resultaron heridas el jueves en un bombardeo ruso en la ciudad de Merefa, en el este de Ucrania, inform\u00f3 la fiscal\u00eda regional. &#8220;Militares rusos procedieron a [&hellip;]","og_url":"https:\/\/fuentesfidedignas.com.mx\/index.php\/2022\/03\/17\/al-menos-21-muertos-en-un-ataque-ruso-al-este-de-ucrania\/","og_site_name":"Fuentes Fidedignas","article_publisher":"https:\/\/www.facebook.com\/Fuentes-Fidedignas-368234489921644","article_published_time":"2022-03-17T17:12:36+00:00","article_modified_time":"2022-03-17T17:12:37+00:00","og_image":[{"width":800,"height":600,"url":"https:\/\/fuentesfidedignas.com.mx\/wp-content\/uploads\/2022\/03\/ATAQUE_RUSO.jpg","type":"image\/jpeg"}],"author":"AFP","twitter_card":"summary_large_image","twitter_creator":"@fidedignas","twitter_site":"@fidedignas","twitter_misc":{"Escrito por":"AFP","Tiempo de lectura":"2 minutos"},"schema":{"@context":"https:\/\/schema.org","@graph":[{"@type":"Article","@id":"https:\/\/fuentesfidedignas.com.mx\/index.php\/2022\/03\/17\/al-menos-21-muertos-en-un-ataque-ruso-al-este-de-ucrania\/#article","isPartOf":{"@id":"https:\/\/fuentesfidedignas.com.mx\/index.php\/2022\/03\/17\/al-menos-21-muertos-en-un-ataque-ruso-al-este-de-ucrania\/"},"author":{"name":"AFP","@id":"https:\/\/fuentesfidedignas.com.mx\/#\/schema\/person\/1827b38c6cf89e1d6cc7d78ca3fae732"},"headline":"Al menos 21 muertos en un ataque ruso al este de Ucrania","datePublished":"2022-03-17T17:12:36+00:00","dateModified":"2022-03-17T17:12:37+00:00","mainEntityOfPage":{"@id":"https:\/\/fuentesfidedignas.com.mx\/index.php\/2022\/03\/17\/al-menos-21-muertos-en-un-ataque-ruso-al-este-de-ucrania\/"},"wordCount":296,"commentCount":0,"publisher":{"@id":"https:\/\/fuentesfidedignas.com.mx\/#organization"},"image":{"@id":"https:\/\/fuentesfidedignas.com.mx\/index.php\/2022\/03\/17\/al-menos-21-muertos-en-un-ataque-ruso-al-este-de-ucrania\/#primaryimage"},"thumbnailUrl":"https:\/\/fuentesfidedignas.com.mx\/wp-content\/uploads\/2022\/03\/ATAQUE_RUSO.jpg","keywords":["Rusa","Ucrania"],"articleSection":["NOTICIAS NACIONALES"],"inLanguage":"es","potentialAction":[{"@type":"CommentAction","name":"Comment","target":["https:\/\/fuentesfidedignas.com.mx\/index.php\/2022\/03\/17\/al-menos-21-muertos-en-un-ataque-ruso-al-este-de-ucrania\/#respond"]}]},{"@type":"WebPage","@id":"https:\/\/fuentesfidedignas.com.mx\/index.php\/2022\/03\/17\/al-menos-21-muertos-en-un-ataque-ruso-al-este-de-ucrania\/","url":"https:\/\/fuentesfidedignas.com.mx\/index.php\/2022\/03\/17\/al-menos-21-muertos-en-un-ataque-ruso-al-este-de-ucrania\/","name":"Al menos 21 muertos en un ataque ruso al este de Ucrania - Fuentes Fidedignas","isPartOf":{"@id":"https:\/\/fuentesfidedignas.com.mx\/#website"},"primaryImageOfPage":{"@id":"https:\/\/fuentesfidedignas.com.mx\/index.php\/2022\/03\/17\/al-menos-21-muertos-en-un-ataque-ruso-al-este-de-ucrania\/#primaryimage"},"image":{"@id":"https:\/\/fuentesfidedignas.com.mx\/index.php\/2022\/03\/17\/al-menos-21-muertos-en-un-ataque-ruso-al-este-de-ucrania\/#primaryimage"},"thumbnailUrl":"https:\/\/fuentesfidedignas.com.mx\/wp-content\/uploads\/2022\/03\/ATAQUE_RUSO.jpg","datePublished":"2022-03-17T17:12:36+00:00","dateModified":"2022-03-17T17:12:37+00:00","breadcrumb":{"@id":"https:\/\/fuentesfidedignas.com.mx\/index.php\/2022\/03\/17\/al-menos-21-muertos-en-un-ataque-ruso-al-este-de-ucrania\/#breadcrumb"},"inLanguage":"es","potentialAction":[{"@type":"ReadAction","target":["https:\/\/fuentesfidedignas.com.mx\/index.php\/2022\/03\/17\/al-menos-21-muertos-en-un-ataque-ruso-al-este-de-ucrania\/"]}]},{"@type":"ImageObject","inLanguage":"es","@id":"https:\/\/fuentesfidedignas.com.mx\/index.php\/2022\/03\/17\/al-menos-21-muertos-en-un-ataque-ruso-al-este-de-ucrania\/#primaryimage","url":"https:\/\/fuentesfidedignas.com.mx\/wp-content\/uploads\/2022\/03\/ATAQUE_RUSO.jpg","contentUrl":"https:\/\/fuentesfidedignas.com.mx\/wp-content\/uploads\/2022\/03\/ATAQUE_RUSO.jpg","width":800,"height":600},{"@type":"BreadcrumbList","@id":"https:\/\/fuentesfidedignas.com.mx\/index.php\/2022\/03\/17\/al-menos-21-muertos-en-un-ataque-ruso-al-este-de-ucrania\/#breadcrumb","itemListElement":[{"@type":"ListItem","position":1,"name":"Inicio","item":"https:\/\/fuentesfidedignas.com.mx\/"},{"@type":"ListItem","position":2,"name":"Al menos 21 muertos en un ataque ruso al este de Ucrania"}]},{"@type":"WebSite","@id":"https:\/\/fuentesfidedignas.com.mx\/#website","url":"https:\/\/fuentesfidedignas.com.mx\/","name":"Fuentes Fidedignas","description":"Otro sitio realizado con WordPress","publisher":{"@id":"https:\/\/fuentesfidedignas.com.mx\/#organization"},"potentialAction":[{"@type":"SearchAction","target":{"@type":"EntryPoint","urlTemplate":"https:\/\/fuentesfidedignas.com.mx\/?s={search_term_string}"},"query-input":{"@type":"PropertyValueSpecification","valueRequired":true,"valueName":"search_term_string"}}],"inLanguage":"es"},{"@type":"Organization","@id":"https:\/\/fuentesfidedignas.com.mx\/#organization","name":"Fuentes Fidedignas","url":"https:\/\/fuentesfidedignas.com.mx\/","logo":{"@type":"ImageObject","inLanguage":"es","@id":"https:\/\/fuentesfidedignas.com.mx\/#\/schema\/logo\/image\/","url":"https:\/\/fuentesfidedignas.com.mx\/wp-content\/uploads\/2021\/04\/logo-retina.png","contentUrl":"https:\/\/fuentesfidedignas.com.mx\/wp-content\/uploads\/2021\/04\/logo-retina.png","width":280,"height":51,"caption":"Fuentes Fidedignas"},"image":{"@id":"https:\/\/fuentesfidedignas.com.mx\/#\/schema\/logo\/image\/"},"sameAs":["https:\/\/www.facebook.com\/Fuentes-Fidedignas-368234489921644","https:\/\/x.com\/fidedignas"]},{"@type":"Person","@id":"https:\/\/fuentesfidedignas.com.mx\/#\/schema\/person\/1827b38c6cf89e1d6cc7d78ca3fae732","name":"AFP","image":{"@type":"ImageObject","inLanguage":"es","@id":"https:\/\/secure.gravatar.com\/avatar\/236827d2ee9bf15e1ea99e0c1cd1b467cffa55e324d177638d0f8de7950cbae6?s=96&d=mm&r=g","url":"https:\/\/secure.gravatar.com\/avatar\/236827d2ee9bf15e1ea99e0c1cd1b467cffa55e324d177638d0f8de7950cbae6?s=96&d=mm&r=g","contentUrl":"https:\/\/secure.gravatar.com\/avatar\/236827d2ee9bf15e1ea99e0c1cd1b467cffa55e324d177638d0f8de7950cbae6?s=96&d=mm&r=g","caption":"AFP"},"url":"https:\/\/fuentesfidedignas.com.mx\/index.php\/author\/afp\/"}]}},"_links":{"self":[{"href":"https:\/\/fuentesfidedignas.com.mx\/index.php\/wp-json\/wp\/v2\/posts\/26466","targetHints":{"allow":["GET"]}}],"collection":[{"href":"https:\/\/fuentesfidedignas.com.mx\/index.php\/wp-json\/wp\/v2\/posts"}],"about":[{"href":"https:\/\/fuentesfidedignas.com.mx\/index.php\/wp-json\/wp\/v2\/types\/post"}],"author":[{"embeddable":true,"href":"https:\/\/fuentesfidedignas.com.mx\/index.php\/wp-json\/wp\/v2\/users\/12"}],"replies":[{"embeddable":true,"href":"https:\/\/fuentesfidedignas.com.mx\/index.php\/wp-json\/wp\/v2\/comments?post=26466"}],"version-history":[{"count":1,"href":"https:\/\/fuentesfidedignas.com.mx\/index.php\/wp-json\/wp\/v2\/posts\/26466\/revisions"}],"predecessor-version":[{"id":26468,"href":"https:\/\/fuentesfidedignas.com.mx\/index.php\/wp-json\/wp\/v2\/posts\/26466\/revisions\/26468"}],"wp:featuredmedia":[{"embeddable":true,"href":"https:\/\/fuentesfidedignas.com.mx\/index.php\/wp-json\/wp\/v2\/media\/26467"}],"wp:attachment":[{"href":"https:\/\/fuentesfidedignas.com.mx\/index.php\/wp-json\/wp\/v2\/media?parent=26466"}],"wp:term":[{"taxonomy":"category","embeddable":true,"href":"https:\/\/fuentesfidedignas.com.mx\/index.php\/wp-json\/wp\/v2\/categories?post=26466"},{"taxonomy":"post_tag","embeddable":true,"href":"https:\/\/fuentesfidedignas.com.mx\/index.php\/wp-json\/wp\/v2\/tags?post=26466"}],"curies":[{"name":"wp","href":"https:\/\/api.w.org\/{rel}","templated":true}]}}