{"id":26338,"date":"2022-03-15T19:12:17","date_gmt":"2022-03-16T02:12:17","guid":{"rendered":"https:\/\/fuentesfidedignas.com.mx\/?p=26338"},"modified":"2022-03-15T19:13:36","modified_gmt":"2022-03-16T02:13:36","slug":"fichan-a-jaime-rodriguez-bronco-en-penal-2-de-apodaca","status":"publish","type":"post","link":"https:\/\/fuentesfidedignas.com.mx\/index.php\/2022\/03\/15\/fichan-a-jaime-rodriguez-bronco-en-penal-2-de-apodaca\/","title":{"rendered":"Fichan a Jaime Rodr\u00edguez, &#8216;El Bronco&#8217;, en Penal 2 de Apodaca"},"content":{"rendered":"\n<p><em><strong>Luego de su detenci\u00f3n en General Ter\u00e1n fue trasladado a Monterrey vigilado por un convoy<\/strong><\/em><\/p>\n\n\n\n<p>Monterrey, NL.- El ex gobernador, Jaime Heliodoro Rodr\u00edguez Calder\u00f3n, fue fichado en las instalaciones de la Agencia Estatal de Investigaciones (AEI) en Monterrey, tras ser capturado por la Fiscal\u00eda Especializada en Delitos Electorales (FEDE) de Nuevo Le\u00f3n, a mediod\u00eda de este martes en el municipio de General Ter\u00e1n.<\/p>\n\n\n\n<p>Luego de su detenci\u00f3n en General Ter\u00e1n fue trasladado a Monterrey vigilado por un convoy de unidades de la FEDE y elementos estatales de Fuerza Civil; all\u00ed, fue conducido a las instalaciones de la AEI, en donde fue fichado, para posteriormente ser trasladado al Penal 2 de Apodaca, lugar donde \u201cpermanecer\u00e1 en resguardo\u201d \u201ca disposici\u00f3n de un juez de control que resolver\u00e1 su situaci\u00f3n jur\u00eddica\u201d.<\/p>\n\n\n\n<p>Esa fiscal\u00eda, explic\u00f3 que el ex gobernante fue aprehendido este 15 de marzo del 2022, en \u201ccumplimiento a una orden de aprehensi\u00f3n\u201d, \u201cdictada por un Juez de Control y de Juicio Oral del Estado de Nuevo Le\u00f3n, por su probable participaci\u00f3n en hechos con caracter\u00edsticas de delitos electorales\u201d.<\/p>\n\n\n\n<p>La captura, de acuerdo a la Fiscal\u00eda, se realiz\u00f3 en coordinaci\u00f3n de elementos estatales de Fuerza Civil y la Agencia Estatal de Investigaciones.<\/p>\n","protected":false},"excerpt":{"rendered":"<p>Luego de su detenci\u00f3n en General Ter\u00e1n fue trasladado a Monterrey vigilado por un convoy Monterrey, NL.- El ex gobernador, Jaime Heliodoro Rodr\u00edguez Calder\u00f3n, fue fichado en las instalaciones de la Agencia Estatal de Investigaciones (AEI) en Monterrey, tras ser capturado por la Fiscal\u00eda Especializada en Delitos Electorales (FEDE) de Nuevo Le\u00f3n, a mediod\u00eda de [&hellip;]<\/p>\n","protected":false},"author":45,"featured_media":26341,"comment_status":"open","ping_status":"open","sticky":false,"template":"","format":"standard","meta":{"tdm_status":"","tdm_grid_status":"","footnotes":""},"categories":[39],"tags":[],"class_list":{"0":"post-26338","1":"post","2":"type-post","3":"status-publish","4":"format-standard","5":"has-post-thumbnail","7":"category-noticias-nacionales"},"yoast_head":"<!-- This site is optimized with the Yoast SEO plugin v27.4 - https:\/\/yoast.com\/product\/yoast-seo-wordpress\/ -->\n<title>Fichan a Jaime Rodr\u00edguez, &#039;El Bronco&#039;, en Penal 2 de Apodaca - Fuentes Fidedignas<\/title>\n<meta name=\"robots\" content=\"index, follow, max-snippet:-1, max-image-preview:large, max-video-preview:-1\" \/>\n<link rel=\"canonical\" href=\"https:\/\/fuentesfidedignas.com.mx\/index.php\/2022\/03\/15\/fichan-a-jaime-rodriguez-bronco-en-penal-2-de-apodaca\/\" \/>\n<meta property=\"og:locale\" content=\"es_MX\" \/>\n<meta property=\"og:type\" content=\"article\" \/>\n<meta property=\"og:title\" content=\"Fichan a Jaime Rodr\u00edguez, &#039;El Bronco&#039;, en Penal 2 de Apodaca - Fuentes Fidedignas\" \/>\n<meta property=\"og:description\" content=\"Luego de su detenci\u00f3n en General Ter\u00e1n fue trasladado a Monterrey vigilado por un convoy Monterrey, NL.- El ex gobernador, Jaime Heliodoro Rodr\u00edguez Calder\u00f3n, fue fichado en las instalaciones de la Agencia Estatal de Investigaciones (AEI) en Monterrey, tras ser capturado por la Fiscal\u00eda Especializada en Delitos Electorales (FEDE) de Nuevo Le\u00f3n, a mediod\u00eda de [&hellip;]\" \/>\n<meta property=\"og:url\" content=\"https:\/\/fuentesfidedignas.com.mx\/index.php\/2022\/03\/15\/fichan-a-jaime-rodriguez-bronco-en-penal-2-de-apodaca\/\" \/>\n<meta property=\"og:site_name\" content=\"Fuentes Fidedignas\" \/>\n<meta property=\"article:publisher\" content=\"https:\/\/www.facebook.com\/Fuentes-Fidedignas-368234489921644\" \/>\n<meta property=\"article:published_time\" content=\"2022-03-16T02:12:17+00:00\" \/>\n<meta property=\"article:modified_time\" content=\"2022-03-16T02:13:36+00:00\" \/>\n<meta property=\"og:image\" content=\"https:\/\/fuentesfidedignas.com.mx\/wp-content\/uploads\/2022\/03\/Screenshot_20220315_191005.jpg\" \/>\n\t<meta property=\"og:image:width\" content=\"1080\" \/>\n\t<meta property=\"og:image:height\" content=\"1051\" \/>\n\t<meta property=\"og:image:type\" content=\"image\/jpeg\" \/>\n<meta name=\"author\" content=\"La Jornada\" \/>\n<meta name=\"twitter:card\" content=\"summary_large_image\" \/>\n<meta name=\"twitter:creator\" content=\"@fidedignas\" \/>\n<meta name=\"twitter:site\" content=\"@fidedignas\" \/>\n<meta name=\"twitter:label1\" content=\"Escrito por\" \/>\n\t<meta name=\"twitter:data1\" content=\"La Jornada\" \/>\n\t<meta name=\"twitter:label2\" content=\"Tiempo de lectura\" \/>\n\t<meta name=\"twitter:data2\" content=\"1 minuto\" \/>\n<script type=\"application\/ld+json\" class=\"yoast-schema-graph\">{\"@context\":\"https:\\\/\\\/schema.org\",\"@graph\":[{\"@type\":\"Article\",\"@id\":\"https:\\\/\\\/fuentesfidedignas.com.mx\\\/index.php\\\/2022\\\/03\\\/15\\\/fichan-a-jaime-rodriguez-bronco-en-penal-2-de-apodaca\\\/#article\",\"isPartOf\":{\"@id\":\"https:\\\/\\\/fuentesfidedignas.com.mx\\\/index.php\\\/2022\\\/03\\\/15\\\/fichan-a-jaime-rodriguez-bronco-en-penal-2-de-apodaca\\\/\"},\"author\":{\"name\":\"La Jornada\",\"@id\":\"https:\\\/\\\/fuentesfidedignas.com.mx\\\/#\\\/schema\\\/person\\\/87eacee4072e149fccc7de67f9634f35\"},\"headline\":\"Fichan a Jaime Rodr\u00edguez, &#8216;El Bronco&#8217;, en Penal 2 de Apodaca\",\"datePublished\":\"2022-03-16T02:12:17+00:00\",\"dateModified\":\"2022-03-16T02:13:36+00:00\",\"mainEntityOfPage\":{\"@id\":\"https:\\\/\\\/fuentesfidedignas.com.mx\\\/index.php\\\/2022\\\/03\\\/15\\\/fichan-a-jaime-rodriguez-bronco-en-penal-2-de-apodaca\\\/\"},\"wordCount\":228,\"commentCount\":0,\"publisher\":{\"@id\":\"https:\\\/\\\/fuentesfidedignas.com.mx\\\/#organization\"},\"image\":{\"@id\":\"https:\\\/\\\/fuentesfidedignas.com.mx\\\/index.php\\\/2022\\\/03\\\/15\\\/fichan-a-jaime-rodriguez-bronco-en-penal-2-de-apodaca\\\/#primaryimage\"},\"thumbnailUrl\":\"https:\\\/\\\/fuentesfidedignas.com.mx\\\/wp-content\\\/uploads\\\/2022\\\/03\\\/Screenshot_20220315_191005.jpg\",\"articleSection\":[\"NOTICIAS NACIONALES\"],\"inLanguage\":\"es\",\"potentialAction\":[{\"@type\":\"CommentAction\",\"name\":\"Comment\",\"target\":[\"https:\\\/\\\/fuentesfidedignas.com.mx\\\/index.php\\\/2022\\\/03\\\/15\\\/fichan-a-jaime-rodriguez-bronco-en-penal-2-de-apodaca\\\/#respond\"]}]},{\"@type\":\"WebPage\",\"@id\":\"https:\\\/\\\/fuentesfidedignas.com.mx\\\/index.php\\\/2022\\\/03\\\/15\\\/fichan-a-jaime-rodriguez-bronco-en-penal-2-de-apodaca\\\/\",\"url\":\"https:\\\/\\\/fuentesfidedignas.com.mx\\\/index.php\\\/2022\\\/03\\\/15\\\/fichan-a-jaime-rodriguez-bronco-en-penal-2-de-apodaca\\\/\",\"name\":\"Fichan a Jaime Rodr\u00edguez, 'El Bronco', en Penal 2 de Apodaca - Fuentes Fidedignas\",\"isPartOf\":{\"@id\":\"https:\\\/\\\/fuentesfidedignas.com.mx\\\/#website\"},\"primaryImageOfPage\":{\"@id\":\"https:\\\/\\\/fuentesfidedignas.com.mx\\\/index.php\\\/2022\\\/03\\\/15\\\/fichan-a-jaime-rodriguez-bronco-en-penal-2-de-apodaca\\\/#primaryimage\"},\"image\":{\"@id\":\"https:\\\/\\\/fuentesfidedignas.com.mx\\\/index.php\\\/2022\\\/03\\\/15\\\/fichan-a-jaime-rodriguez-bronco-en-penal-2-de-apodaca\\\/#primaryimage\"},\"thumbnailUrl\":\"https:\\\/\\\/fuentesfidedignas.com.mx\\\/wp-content\\\/uploads\\\/2022\\\/03\\\/Screenshot_20220315_191005.jpg\",\"datePublished\":\"2022-03-16T02:12:17+00:00\",\"dateModified\":\"2022-03-16T02:13:36+00:00\",\"breadcrumb\":{\"@id\":\"https:\\\/\\\/fuentesfidedignas.com.mx\\\/index.php\\\/2022\\\/03\\\/15\\\/fichan-a-jaime-rodriguez-bronco-en-penal-2-de-apodaca\\\/#breadcrumb\"},\"inLanguage\":\"es\",\"potentialAction\":[{\"@type\":\"ReadAction\",\"target\":[\"https:\\\/\\\/fuentesfidedignas.com.mx\\\/index.php\\\/2022\\\/03\\\/15\\\/fichan-a-jaime-rodriguez-bronco-en-penal-2-de-apodaca\\\/\"]}]},{\"@type\":\"ImageObject\",\"inLanguage\":\"es\",\"@id\":\"https:\\\/\\\/fuentesfidedignas.com.mx\\\/index.php\\\/2022\\\/03\\\/15\\\/fichan-a-jaime-rodriguez-bronco-en-penal-2-de-apodaca\\\/#primaryimage\",\"url\":\"https:\\\/\\\/fuentesfidedignas.com.mx\\\/wp-content\\\/uploads\\\/2022\\\/03\\\/Screenshot_20220315_191005.jpg\",\"contentUrl\":\"https:\\\/\\\/fuentesfidedignas.com.mx\\\/wp-content\\\/uploads\\\/2022\\\/03\\\/Screenshot_20220315_191005.jpg\",\"width\":1080,\"height\":1051},{\"@type\":\"BreadcrumbList\",\"@id\":\"https:\\\/\\\/fuentesfidedignas.com.mx\\\/index.php\\\/2022\\\/03\\\/15\\\/fichan-a-jaime-rodriguez-bronco-en-penal-2-de-apodaca\\\/#breadcrumb\",\"itemListElement\":[{\"@type\":\"ListItem\",\"position\":1,\"name\":\"Inicio\",\"item\":\"https:\\\/\\\/fuentesfidedignas.com.mx\\\/\"},{\"@type\":\"ListItem\",\"position\":2,\"name\":\"Fichan a Jaime Rodr\u00edguez, &#8216;El Bronco&#8217;, en Penal 2 de Apodaca\"}]},{\"@type\":\"WebSite\",\"@id\":\"https:\\\/\\\/fuentesfidedignas.com.mx\\\/#website\",\"url\":\"https:\\\/\\\/fuentesfidedignas.com.mx\\\/\",\"name\":\"Fuentes Fidedignas\",\"description\":\"Otro sitio realizado con WordPress\",\"publisher\":{\"@id\":\"https:\\\/\\\/fuentesfidedignas.com.mx\\\/#organization\"},\"potentialAction\":[{\"@type\":\"SearchAction\",\"target\":{\"@type\":\"EntryPoint\",\"urlTemplate\":\"https:\\\/\\\/fuentesfidedignas.com.mx\\\/?s={search_term_string}\"},\"query-input\":{\"@type\":\"PropertyValueSpecification\",\"valueRequired\":true,\"valueName\":\"search_term_string\"}}],\"inLanguage\":\"es\"},{\"@type\":\"Organization\",\"@id\":\"https:\\\/\\\/fuentesfidedignas.com.mx\\\/#organization\",\"name\":\"Fuentes Fidedignas\",\"url\":\"https:\\\/\\\/fuentesfidedignas.com.mx\\\/\",\"logo\":{\"@type\":\"ImageObject\",\"inLanguage\":\"es\",\"@id\":\"https:\\\/\\\/fuentesfidedignas.com.mx\\\/#\\\/schema\\\/logo\\\/image\\\/\",\"url\":\"https:\\\/\\\/fuentesfidedignas.com.mx\\\/wp-content\\\/uploads\\\/2021\\\/04\\\/logo-retina.png\",\"contentUrl\":\"https:\\\/\\\/fuentesfidedignas.com.mx\\\/wp-content\\\/uploads\\\/2021\\\/04\\\/logo-retina.png\",\"width\":280,\"height\":51,\"caption\":\"Fuentes Fidedignas\"},\"image\":{\"@id\":\"https:\\\/\\\/fuentesfidedignas.com.mx\\\/#\\\/schema\\\/logo\\\/image\\\/\"},\"sameAs\":[\"https:\\\/\\\/www.facebook.com\\\/Fuentes-Fidedignas-368234489921644\",\"https:\\\/\\\/x.com\\\/fidedignas\"]},{\"@type\":\"Person\",\"@id\":\"https:\\\/\\\/fuentesfidedignas.com.mx\\\/#\\\/schema\\\/person\\\/87eacee4072e149fccc7de67f9634f35\",\"name\":\"La Jornada\",\"image\":{\"@type\":\"ImageObject\",\"inLanguage\":\"es\",\"@id\":\"https:\\\/\\\/secure.gravatar.com\\\/avatar\\\/2b09f15a418e222775ffd645761e3fcecd1fb9d7a38a3ba858adf349aab82c7c?s=96&d=mm&r=g\",\"url\":\"https:\\\/\\\/secure.gravatar.com\\\/avatar\\\/2b09f15a418e222775ffd645761e3fcecd1fb9d7a38a3ba858adf349aab82c7c?s=96&d=mm&r=g\",\"contentUrl\":\"https:\\\/\\\/secure.gravatar.com\\\/avatar\\\/2b09f15a418e222775ffd645761e3fcecd1fb9d7a38a3ba858adf349aab82c7c?s=96&d=mm&r=g\",\"caption\":\"La Jornada\"},\"url\":\"https:\\\/\\\/fuentesfidedignas.com.mx\\\/index.php\\\/author\\\/jornada\\\/\"}]}<\/script>\n<!-- \/ Yoast SEO plugin. -->","yoast_head_json":{"title":"Fichan a Jaime Rodr\u00edguez, 'El Bronco', en Penal 2 de Apodaca - Fuentes Fidedignas","robots":{"index":"index","follow":"follow","max-snippet":"max-snippet:-1","max-image-preview":"max-image-preview:large","max-video-preview":"max-video-preview:-1"},"canonical":"https:\/\/fuentesfidedignas.com.mx\/index.php\/2022\/03\/15\/fichan-a-jaime-rodriguez-bronco-en-penal-2-de-apodaca\/","og_locale":"es_MX","og_type":"article","og_title":"Fichan a Jaime Rodr\u00edguez, 'El Bronco', en Penal 2 de Apodaca - Fuentes Fidedignas","og_description":"Luego de su detenci\u00f3n en General Ter\u00e1n fue trasladado a Monterrey vigilado por un convoy Monterrey, NL.- El ex gobernador, Jaime Heliodoro Rodr\u00edguez Calder\u00f3n, fue fichado en las instalaciones de la Agencia Estatal de Investigaciones (AEI) en Monterrey, tras ser capturado por la Fiscal\u00eda Especializada en Delitos Electorales (FEDE) de Nuevo Le\u00f3n, a mediod\u00eda de [&hellip;]","og_url":"https:\/\/fuentesfidedignas.com.mx\/index.php\/2022\/03\/15\/fichan-a-jaime-rodriguez-bronco-en-penal-2-de-apodaca\/","og_site_name":"Fuentes Fidedignas","article_publisher":"https:\/\/www.facebook.com\/Fuentes-Fidedignas-368234489921644","article_published_time":"2022-03-16T02:12:17+00:00","article_modified_time":"2022-03-16T02:13:36+00:00","og_image":[{"width":1080,"height":1051,"url":"https:\/\/fuentesfidedignas.com.mx\/wp-content\/uploads\/2022\/03\/Screenshot_20220315_191005.jpg","type":"image\/jpeg"}],"author":"La Jornada","twitter_card":"summary_large_image","twitter_creator":"@fidedignas","twitter_site":"@fidedignas","twitter_misc":{"Escrito por":"La Jornada","Tiempo de lectura":"1 minuto"},"schema":{"@context":"https:\/\/schema.org","@graph":[{"@type":"Article","@id":"https:\/\/fuentesfidedignas.com.mx\/index.php\/2022\/03\/15\/fichan-a-jaime-rodriguez-bronco-en-penal-2-de-apodaca\/#article","isPartOf":{"@id":"https:\/\/fuentesfidedignas.com.mx\/index.php\/2022\/03\/15\/fichan-a-jaime-rodriguez-bronco-en-penal-2-de-apodaca\/"},"author":{"name":"La Jornada","@id":"https:\/\/fuentesfidedignas.com.mx\/#\/schema\/person\/87eacee4072e149fccc7de67f9634f35"},"headline":"Fichan a Jaime Rodr\u00edguez, &#8216;El Bronco&#8217;, en Penal 2 de Apodaca","datePublished":"2022-03-16T02:12:17+00:00","dateModified":"2022-03-16T02:13:36+00:00","mainEntityOfPage":{"@id":"https:\/\/fuentesfidedignas.com.mx\/index.php\/2022\/03\/15\/fichan-a-jaime-rodriguez-bronco-en-penal-2-de-apodaca\/"},"wordCount":228,"commentCount":0,"publisher":{"@id":"https:\/\/fuentesfidedignas.com.mx\/#organization"},"image":{"@id":"https:\/\/fuentesfidedignas.com.mx\/index.php\/2022\/03\/15\/fichan-a-jaime-rodriguez-bronco-en-penal-2-de-apodaca\/#primaryimage"},"thumbnailUrl":"https:\/\/fuentesfidedignas.com.mx\/wp-content\/uploads\/2022\/03\/Screenshot_20220315_191005.jpg","articleSection":["NOTICIAS NACIONALES"],"inLanguage":"es","potentialAction":[{"@type":"CommentAction","name":"Comment","target":["https:\/\/fuentesfidedignas.com.mx\/index.php\/2022\/03\/15\/fichan-a-jaime-rodriguez-bronco-en-penal-2-de-apodaca\/#respond"]}]},{"@type":"WebPage","@id":"https:\/\/fuentesfidedignas.com.mx\/index.php\/2022\/03\/15\/fichan-a-jaime-rodriguez-bronco-en-penal-2-de-apodaca\/","url":"https:\/\/fuentesfidedignas.com.mx\/index.php\/2022\/03\/15\/fichan-a-jaime-rodriguez-bronco-en-penal-2-de-apodaca\/","name":"Fichan a Jaime Rodr\u00edguez, 'El Bronco', en Penal 2 de Apodaca - Fuentes Fidedignas","isPartOf":{"@id":"https:\/\/fuentesfidedignas.com.mx\/#website"},"primaryImageOfPage":{"@id":"https:\/\/fuentesfidedignas.com.mx\/index.php\/2022\/03\/15\/fichan-a-jaime-rodriguez-bronco-en-penal-2-de-apodaca\/#primaryimage"},"image":{"@id":"https:\/\/fuentesfidedignas.com.mx\/index.php\/2022\/03\/15\/fichan-a-jaime-rodriguez-bronco-en-penal-2-de-apodaca\/#primaryimage"},"thumbnailUrl":"https:\/\/fuentesfidedignas.com.mx\/wp-content\/uploads\/2022\/03\/Screenshot_20220315_191005.jpg","datePublished":"2022-03-16T02:12:17+00:00","dateModified":"2022-03-16T02:13:36+00:00","breadcrumb":{"@id":"https:\/\/fuentesfidedignas.com.mx\/index.php\/2022\/03\/15\/fichan-a-jaime-rodriguez-bronco-en-penal-2-de-apodaca\/#breadcrumb"},"inLanguage":"es","potentialAction":[{"@type":"ReadAction","target":["https:\/\/fuentesfidedignas.com.mx\/index.php\/2022\/03\/15\/fichan-a-jaime-rodriguez-bronco-en-penal-2-de-apodaca\/"]}]},{"@type":"ImageObject","inLanguage":"es","@id":"https:\/\/fuentesfidedignas.com.mx\/index.php\/2022\/03\/15\/fichan-a-jaime-rodriguez-bronco-en-penal-2-de-apodaca\/#primaryimage","url":"https:\/\/fuentesfidedignas.com.mx\/wp-content\/uploads\/2022\/03\/Screenshot_20220315_191005.jpg","contentUrl":"https:\/\/fuentesfidedignas.com.mx\/wp-content\/uploads\/2022\/03\/Screenshot_20220315_191005.jpg","width":1080,"height":1051},{"@type":"BreadcrumbList","@id":"https:\/\/fuentesfidedignas.com.mx\/index.php\/2022\/03\/15\/fichan-a-jaime-rodriguez-bronco-en-penal-2-de-apodaca\/#breadcrumb","itemListElement":[{"@type":"ListItem","position":1,"name":"Inicio","item":"https:\/\/fuentesfidedignas.com.mx\/"},{"@type":"ListItem","position":2,"name":"Fichan a Jaime Rodr\u00edguez, &#8216;El Bronco&#8217;, en Penal 2 de Apodaca"}]},{"@type":"WebSite","@id":"https:\/\/fuentesfidedignas.com.mx\/#website","url":"https:\/\/fuentesfidedignas.com.mx\/","name":"Fuentes Fidedignas","description":"Otro sitio realizado con WordPress","publisher":{"@id":"https:\/\/fuentesfidedignas.com.mx\/#organization"},"potentialAction":[{"@type":"SearchAction","target":{"@type":"EntryPoint","urlTemplate":"https:\/\/fuentesfidedignas.com.mx\/?s={search_term_string}"},"query-input":{"@type":"PropertyValueSpecification","valueRequired":true,"valueName":"search_term_string"}}],"inLanguage":"es"},{"@type":"Organization","@id":"https:\/\/fuentesfidedignas.com.mx\/#organization","name":"Fuentes Fidedignas","url":"https:\/\/fuentesfidedignas.com.mx\/","logo":{"@type":"ImageObject","inLanguage":"es","@id":"https:\/\/fuentesfidedignas.com.mx\/#\/schema\/logo\/image\/","url":"https:\/\/fuentesfidedignas.com.mx\/wp-content\/uploads\/2021\/04\/logo-retina.png","contentUrl":"https:\/\/fuentesfidedignas.com.mx\/wp-content\/uploads\/2021\/04\/logo-retina.png","width":280,"height":51,"caption":"Fuentes Fidedignas"},"image":{"@id":"https:\/\/fuentesfidedignas.com.mx\/#\/schema\/logo\/image\/"},"sameAs":["https:\/\/www.facebook.com\/Fuentes-Fidedignas-368234489921644","https:\/\/x.com\/fidedignas"]},{"@type":"Person","@id":"https:\/\/fuentesfidedignas.com.mx\/#\/schema\/person\/87eacee4072e149fccc7de67f9634f35","name":"La Jornada","image":{"@type":"ImageObject","inLanguage":"es","@id":"https:\/\/secure.gravatar.com\/avatar\/2b09f15a418e222775ffd645761e3fcecd1fb9d7a38a3ba858adf349aab82c7c?s=96&d=mm&r=g","url":"https:\/\/secure.gravatar.com\/avatar\/2b09f15a418e222775ffd645761e3fcecd1fb9d7a38a3ba858adf349aab82c7c?s=96&d=mm&r=g","contentUrl":"https:\/\/secure.gravatar.com\/avatar\/2b09f15a418e222775ffd645761e3fcecd1fb9d7a38a3ba858adf349aab82c7c?s=96&d=mm&r=g","caption":"La Jornada"},"url":"https:\/\/fuentesfidedignas.com.mx\/index.php\/author\/jornada\/"}]}},"_links":{"self":[{"href":"https:\/\/fuentesfidedignas.com.mx\/index.php\/wp-json\/wp\/v2\/posts\/26338","targetHints":{"allow":["GET"]}}],"collection":[{"href":"https:\/\/fuentesfidedignas.com.mx\/index.php\/wp-json\/wp\/v2\/posts"}],"about":[{"href":"https:\/\/fuentesfidedignas.com.mx\/index.php\/wp-json\/wp\/v2\/types\/post"}],"author":[{"embeddable":true,"href":"https:\/\/fuentesfidedignas.com.mx\/index.php\/wp-json\/wp\/v2\/users\/45"}],"replies":[{"embeddable":true,"href":"https:\/\/fuentesfidedignas.com.mx\/index.php\/wp-json\/wp\/v2\/comments?post=26338"}],"version-history":[{"count":2,"href":"https:\/\/fuentesfidedignas.com.mx\/index.php\/wp-json\/wp\/v2\/posts\/26338\/revisions"}],"predecessor-version":[{"id":26342,"href":"https:\/\/fuentesfidedignas.com.mx\/index.php\/wp-json\/wp\/v2\/posts\/26338\/revisions\/26342"}],"wp:featuredmedia":[{"embeddable":true,"href":"https:\/\/fuentesfidedignas.com.mx\/index.php\/wp-json\/wp\/v2\/media\/26341"}],"wp:attachment":[{"href":"https:\/\/fuentesfidedignas.com.mx\/index.php\/wp-json\/wp\/v2\/media?parent=26338"}],"wp:term":[{"taxonomy":"category","embeddable":true,"href":"https:\/\/fuentesfidedignas.com.mx\/index.php\/wp-json\/wp\/v2\/categories?post=26338"},{"taxonomy":"post_tag","embeddable":true,"href":"https:\/\/fuentesfidedignas.com.mx\/index.php\/wp-json\/wp\/v2\/tags?post=26338"}],"curies":[{"name":"wp","href":"https:\/\/api.w.org\/{rel}","templated":true}]}}