{"id":26308,"date":"2022-03-15T14:17:14","date_gmt":"2022-03-15T21:17:14","guid":{"rendered":"https:\/\/fuentesfidedignas.com.mx\/?p=26308"},"modified":"2022-03-15T14:37:51","modified_gmt":"2022-03-15T21:37:51","slug":"muere-el-exdiputado-pancho-cachondo-por-complicaciones-de-covid-19","status":"publish","type":"post","link":"https:\/\/fuentesfidedignas.com.mx\/index.php\/2022\/03\/15\/muere-el-exdiputado-pancho-cachondo-por-complicaciones-de-covid-19\/","title":{"rendered":"Muere el exdiputado \u201cPancho Cachondo\u201d por complicaciones de covid-19"},"content":{"rendered":"\n<p><strong><em><br>Francisco Sol\u00eds Pe\u00f3n, conocido como \u201cdiputable\u201d, tuvo un funeral privado en M\u00e9rida, Yucat\u00e1n <\/em><\/strong><\/p>\n\n\n\n<p>Yucat\u00e1n. Por complicaciones de salud, que se agravaron por el coronavirus, el controversial pol\u00edtico yucateco Francisco Sol\u00eds Pe\u00f3n, recordado por su personaje de \u201cPancho Cachondo\u201d, falleci\u00f3 la noche del 14 de marzo en un hospital de esta capital a los 53 a\u00f1os de edad.<\/p>\n\n\n\n<p>Egresado de la escuela Libre de Derecho, Sol\u00eds Pe\u00f3n, quien era bisnieto del reconocido ling\u00fcista, poeta y pol\u00edtico Antonio Med\u00edz Bolio y miembro de la aristocracia yucateca, se inici\u00f3 en la pol\u00edtica como disc\u00edpulo del tambi\u00e9n yucateco Carlos Castillo Peraza en las filas del Partido Acci\u00f3n Nacional.<\/p>\n\n\n\n<p>En sus a\u00f1os mozos, \u201cPancho Cachondo\u201d, a quien en su tierra se le recuerda con afecto por su filantrop\u00eda, comparti\u00f3 vivienda en la capital del pa\u00eds con otro joven pupilo de Castillo Peraza: el ahora expresidente Felipe Calder\u00f3n Hinojosa.<\/p>\n\n\n\n<p>Hombre culto, aunque no lo pareciera, Francisco Sol\u00eds fue integrante de la Asamblea Legislativa del entonces Distrito Federal. Mientras desempe\u00f1aba se gan\u00f3 el mote de \u201cPancho Cachondo\u201d o el \u201cdiputable\u201d por su recurrente asistencia a ese tipo de espect\u00e1culos.<\/p>\n\n\n\n<p>Tambi\u00e9n caus\u00f3 pol\u00e9mica por sus iniciativas como la de los derechos de las personas dedicadas al trabajo sexual. Poco se recuerda sobre sus iniciativas antidiscriminaci\u00f3n, de una de las cuales derivan las placas que se exhiben en establecimientos de la capital del pa\u00eds con leyendas alusivas.<\/p>\n\n\n\n<p>Adem\u00e1s, fue uno de los impulsores de la Ley de Sociedad de Convivencia.<\/p>\n\n\n\n<p>Debido a sus escandalosas conductas en 2003, la Comisi\u00f3n de Honor del PAN le suspendi\u00f3 sus derechos como militante por a\u00f1o y medio y lo inhabilit\u00f3 por tres. \u00c9l respondi\u00f3 a la sanci\u00f3n posando para la revista Cambio desnudo y cubriendo sus genitales con el logotipo de ese partido. Finalmente fue expulsado de su partido.<\/p>\n\n\n\n<p>En 2009 compiti\u00f3 en la capital del pa\u00eds como candidato del Partido Social Dem\u00f3crata a la alcald\u00eda de la delegaci\u00f3n Cuauht\u00e9moc. En 2018, en Yucat\u00e1n, fue postulado por el Partido de la Revoluci\u00f3n Democr\u00e1tica (PRD) como candidato ciudadano a diputado local por el distrito VIII.<\/p>\n\n\n\n<p>Por complicaciones de salud, \u201cPancho\u201d Sol\u00eds fue internado desde principios de marzo en un hospital de esta ciudad, donde la v\u00edspera falleci\u00f3 de un infarto.<\/p>\n\n\n\n<p>Su funeral fue privado.<\/p>\n","protected":false},"excerpt":{"rendered":"<p>Francisco Sol\u00eds Pe\u00f3n, conocido como \u201cdiputable\u201d, tuvo un funeral privado en M\u00e9rida, Yucat\u00e1n Yucat\u00e1n. Por complicaciones de salud, que se agravaron por el coronavirus, el controversial pol\u00edtico yucateco Francisco Sol\u00eds Pe\u00f3n, recordado por su personaje de \u201cPancho Cachondo\u201d, falleci\u00f3 la noche del 14 de marzo en un hospital de esta capital a los 53 a\u00f1os [&hellip;]<\/p>\n","protected":false},"author":50,"featured_media":26310,"comment_status":"open","ping_status":"open","sticky":false,"template":"","format":"standard","meta":{"tdm_status":"","tdm_grid_status":"","footnotes":""},"categories":[1],"tags":[],"class_list":{"0":"post-26308","1":"post","2":"type-post","3":"status-publish","4":"format-standard","5":"has-post-thumbnail","7":"category-sin-categoria"},"yoast_head":"<!-- This site is optimized with the Yoast SEO plugin v27.4 - https:\/\/yoast.com\/product\/yoast-seo-wordpress\/ -->\n<title>Muere el exdiputado \u201cPancho Cachondo\u201d por complicaciones de covid-19 - Fuentes Fidedignas<\/title>\n<meta name=\"robots\" content=\"index, follow, max-snippet:-1, max-image-preview:large, max-video-preview:-1\" \/>\n<link rel=\"canonical\" href=\"https:\/\/fuentesfidedignas.com.mx\/index.php\/2022\/03\/15\/muere-el-exdiputado-pancho-cachondo-por-complicaciones-de-covid-19\/\" \/>\n<meta property=\"og:locale\" content=\"es_MX\" \/>\n<meta property=\"og:type\" content=\"article\" \/>\n<meta property=\"og:title\" content=\"Muere el exdiputado \u201cPancho Cachondo\u201d por complicaciones de covid-19 - Fuentes Fidedignas\" \/>\n<meta property=\"og:description\" content=\"Francisco Sol\u00eds Pe\u00f3n, conocido como \u201cdiputable\u201d, tuvo un funeral privado en M\u00e9rida, Yucat\u00e1n Yucat\u00e1n. Por complicaciones de salud, que se agravaron por el coronavirus, el controversial pol\u00edtico yucateco Francisco Sol\u00eds Pe\u00f3n, recordado por su personaje de \u201cPancho Cachondo\u201d, falleci\u00f3 la noche del 14 de marzo en un hospital de esta capital a los 53 a\u00f1os [&hellip;]\" \/>\n<meta property=\"og:url\" content=\"https:\/\/fuentesfidedignas.com.mx\/index.php\/2022\/03\/15\/muere-el-exdiputado-pancho-cachondo-por-complicaciones-de-covid-19\/\" \/>\n<meta property=\"og:site_name\" content=\"Fuentes Fidedignas\" \/>\n<meta property=\"article:publisher\" content=\"https:\/\/www.facebook.com\/Fuentes-Fidedignas-368234489921644\" \/>\n<meta property=\"article:published_time\" content=\"2022-03-15T21:17:14+00:00\" \/>\n<meta property=\"article:modified_time\" content=\"2022-03-15T21:37:51+00:00\" \/>\n<meta property=\"og:image\" content=\"https:\/\/fuentesfidedignas.com.mx\/wp-content\/uploads\/2022\/03\/f608x342-151850_181573_107.jpg\" \/>\n\t<meta property=\"og:image:width\" content=\"608\" \/>\n\t<meta property=\"og:image:height\" content=\"342\" \/>\n\t<meta property=\"og:image:type\" content=\"image\/jpeg\" \/>\n<meta name=\"author\" content=\"Proceso\" \/>\n<meta name=\"twitter:card\" content=\"summary_large_image\" \/>\n<meta name=\"twitter:creator\" content=\"@fidedignas\" \/>\n<meta name=\"twitter:site\" content=\"@fidedignas\" \/>\n<meta name=\"twitter:label1\" content=\"Escrito por\" \/>\n\t<meta name=\"twitter:data1\" content=\"Proceso\" \/>\n\t<meta name=\"twitter:label2\" content=\"Tiempo de lectura\" \/>\n\t<meta name=\"twitter:data2\" content=\"2 minutos\" \/>\n<script type=\"application\/ld+json\" class=\"yoast-schema-graph\">{\"@context\":\"https:\\\/\\\/schema.org\",\"@graph\":[{\"@type\":\"Article\",\"@id\":\"https:\\\/\\\/fuentesfidedignas.com.mx\\\/index.php\\\/2022\\\/03\\\/15\\\/muere-el-exdiputado-pancho-cachondo-por-complicaciones-de-covid-19\\\/#article\",\"isPartOf\":{\"@id\":\"https:\\\/\\\/fuentesfidedignas.com.mx\\\/index.php\\\/2022\\\/03\\\/15\\\/muere-el-exdiputado-pancho-cachondo-por-complicaciones-de-covid-19\\\/\"},\"author\":{\"name\":\"Proceso\",\"@id\":\"https:\\\/\\\/fuentesfidedignas.com.mx\\\/#\\\/schema\\\/person\\\/eb72247ff123b3ce5e4cadc7f50ae372\"},\"headline\":\"Muere el exdiputado \u201cPancho Cachondo\u201d por complicaciones de covid-19\",\"datePublished\":\"2022-03-15T21:17:14+00:00\",\"dateModified\":\"2022-03-15T21:37:51+00:00\",\"mainEntityOfPage\":{\"@id\":\"https:\\\/\\\/fuentesfidedignas.com.mx\\\/index.php\\\/2022\\\/03\\\/15\\\/muere-el-exdiputado-pancho-cachondo-por-complicaciones-de-covid-19\\\/\"},\"wordCount\":417,\"commentCount\":0,\"publisher\":{\"@id\":\"https:\\\/\\\/fuentesfidedignas.com.mx\\\/#organization\"},\"image\":{\"@id\":\"https:\\\/\\\/fuentesfidedignas.com.mx\\\/index.php\\\/2022\\\/03\\\/15\\\/muere-el-exdiputado-pancho-cachondo-por-complicaciones-de-covid-19\\\/#primaryimage\"},\"thumbnailUrl\":\"https:\\\/\\\/fuentesfidedignas.com.mx\\\/wp-content\\\/uploads\\\/2022\\\/03\\\/f608x342-151850_181573_107.jpg\",\"inLanguage\":\"es\",\"potentialAction\":[{\"@type\":\"CommentAction\",\"name\":\"Comment\",\"target\":[\"https:\\\/\\\/fuentesfidedignas.com.mx\\\/index.php\\\/2022\\\/03\\\/15\\\/muere-el-exdiputado-pancho-cachondo-por-complicaciones-de-covid-19\\\/#respond\"]}]},{\"@type\":\"WebPage\",\"@id\":\"https:\\\/\\\/fuentesfidedignas.com.mx\\\/index.php\\\/2022\\\/03\\\/15\\\/muere-el-exdiputado-pancho-cachondo-por-complicaciones-de-covid-19\\\/\",\"url\":\"https:\\\/\\\/fuentesfidedignas.com.mx\\\/index.php\\\/2022\\\/03\\\/15\\\/muere-el-exdiputado-pancho-cachondo-por-complicaciones-de-covid-19\\\/\",\"name\":\"Muere el exdiputado \u201cPancho Cachondo\u201d por complicaciones de covid-19 - Fuentes Fidedignas\",\"isPartOf\":{\"@id\":\"https:\\\/\\\/fuentesfidedignas.com.mx\\\/#website\"},\"primaryImageOfPage\":{\"@id\":\"https:\\\/\\\/fuentesfidedignas.com.mx\\\/index.php\\\/2022\\\/03\\\/15\\\/muere-el-exdiputado-pancho-cachondo-por-complicaciones-de-covid-19\\\/#primaryimage\"},\"image\":{\"@id\":\"https:\\\/\\\/fuentesfidedignas.com.mx\\\/index.php\\\/2022\\\/03\\\/15\\\/muere-el-exdiputado-pancho-cachondo-por-complicaciones-de-covid-19\\\/#primaryimage\"},\"thumbnailUrl\":\"https:\\\/\\\/fuentesfidedignas.com.mx\\\/wp-content\\\/uploads\\\/2022\\\/03\\\/f608x342-151850_181573_107.jpg\",\"datePublished\":\"2022-03-15T21:17:14+00:00\",\"dateModified\":\"2022-03-15T21:37:51+00:00\",\"breadcrumb\":{\"@id\":\"https:\\\/\\\/fuentesfidedignas.com.mx\\\/index.php\\\/2022\\\/03\\\/15\\\/muere-el-exdiputado-pancho-cachondo-por-complicaciones-de-covid-19\\\/#breadcrumb\"},\"inLanguage\":\"es\",\"potentialAction\":[{\"@type\":\"ReadAction\",\"target\":[\"https:\\\/\\\/fuentesfidedignas.com.mx\\\/index.php\\\/2022\\\/03\\\/15\\\/muere-el-exdiputado-pancho-cachondo-por-complicaciones-de-covid-19\\\/\"]}]},{\"@type\":\"ImageObject\",\"inLanguage\":\"es\",\"@id\":\"https:\\\/\\\/fuentesfidedignas.com.mx\\\/index.php\\\/2022\\\/03\\\/15\\\/muere-el-exdiputado-pancho-cachondo-por-complicaciones-de-covid-19\\\/#primaryimage\",\"url\":\"https:\\\/\\\/fuentesfidedignas.com.mx\\\/wp-content\\\/uploads\\\/2022\\\/03\\\/f608x342-151850_181573_107.jpg\",\"contentUrl\":\"https:\\\/\\\/fuentesfidedignas.com.mx\\\/wp-content\\\/uploads\\\/2022\\\/03\\\/f608x342-151850_181573_107.jpg\",\"width\":608,\"height\":342},{\"@type\":\"BreadcrumbList\",\"@id\":\"https:\\\/\\\/fuentesfidedignas.com.mx\\\/index.php\\\/2022\\\/03\\\/15\\\/muere-el-exdiputado-pancho-cachondo-por-complicaciones-de-covid-19\\\/#breadcrumb\",\"itemListElement\":[{\"@type\":\"ListItem\",\"position\":1,\"name\":\"Inicio\",\"item\":\"https:\\\/\\\/fuentesfidedignas.com.mx\\\/\"},{\"@type\":\"ListItem\",\"position\":2,\"name\":\"Muere el exdiputado \u201cPancho Cachondo\u201d por complicaciones de covid-19\"}]},{\"@type\":\"WebSite\",\"@id\":\"https:\\\/\\\/fuentesfidedignas.com.mx\\\/#website\",\"url\":\"https:\\\/\\\/fuentesfidedignas.com.mx\\\/\",\"name\":\"Fuentes Fidedignas\",\"description\":\"Otro sitio realizado con WordPress\",\"publisher\":{\"@id\":\"https:\\\/\\\/fuentesfidedignas.com.mx\\\/#organization\"},\"potentialAction\":[{\"@type\":\"SearchAction\",\"target\":{\"@type\":\"EntryPoint\",\"urlTemplate\":\"https:\\\/\\\/fuentesfidedignas.com.mx\\\/?s={search_term_string}\"},\"query-input\":{\"@type\":\"PropertyValueSpecification\",\"valueRequired\":true,\"valueName\":\"search_term_string\"}}],\"inLanguage\":\"es\"},{\"@type\":\"Organization\",\"@id\":\"https:\\\/\\\/fuentesfidedignas.com.mx\\\/#organization\",\"name\":\"Fuentes Fidedignas\",\"url\":\"https:\\\/\\\/fuentesfidedignas.com.mx\\\/\",\"logo\":{\"@type\":\"ImageObject\",\"inLanguage\":\"es\",\"@id\":\"https:\\\/\\\/fuentesfidedignas.com.mx\\\/#\\\/schema\\\/logo\\\/image\\\/\",\"url\":\"https:\\\/\\\/fuentesfidedignas.com.mx\\\/wp-content\\\/uploads\\\/2021\\\/04\\\/logo-retina.png\",\"contentUrl\":\"https:\\\/\\\/fuentesfidedignas.com.mx\\\/wp-content\\\/uploads\\\/2021\\\/04\\\/logo-retina.png\",\"width\":280,\"height\":51,\"caption\":\"Fuentes Fidedignas\"},\"image\":{\"@id\":\"https:\\\/\\\/fuentesfidedignas.com.mx\\\/#\\\/schema\\\/logo\\\/image\\\/\"},\"sameAs\":[\"https:\\\/\\\/www.facebook.com\\\/Fuentes-Fidedignas-368234489921644\",\"https:\\\/\\\/x.com\\\/fidedignas\"]},{\"@type\":\"Person\",\"@id\":\"https:\\\/\\\/fuentesfidedignas.com.mx\\\/#\\\/schema\\\/person\\\/eb72247ff123b3ce5e4cadc7f50ae372\",\"name\":\"Proceso\",\"image\":{\"@type\":\"ImageObject\",\"inLanguage\":\"es\",\"@id\":\"https:\\\/\\\/secure.gravatar.com\\\/avatar\\\/0bb01ecb091d50a46122cbe5cc32ffea15a000f83628f1e40458e669d38ff2cd?s=96&d=mm&r=g\",\"url\":\"https:\\\/\\\/secure.gravatar.com\\\/avatar\\\/0bb01ecb091d50a46122cbe5cc32ffea15a000f83628f1e40458e669d38ff2cd?s=96&d=mm&r=g\",\"contentUrl\":\"https:\\\/\\\/secure.gravatar.com\\\/avatar\\\/0bb01ecb091d50a46122cbe5cc32ffea15a000f83628f1e40458e669d38ff2cd?s=96&d=mm&r=g\",\"caption\":\"Proceso\"},\"url\":\"https:\\\/\\\/fuentesfidedignas.com.mx\\\/index.php\\\/author\\\/proceso\\\/\"}]}<\/script>\n<!-- \/ Yoast SEO plugin. -->","yoast_head_json":{"title":"Muere el exdiputado \u201cPancho Cachondo\u201d por complicaciones de covid-19 - Fuentes Fidedignas","robots":{"index":"index","follow":"follow","max-snippet":"max-snippet:-1","max-image-preview":"max-image-preview:large","max-video-preview":"max-video-preview:-1"},"canonical":"https:\/\/fuentesfidedignas.com.mx\/index.php\/2022\/03\/15\/muere-el-exdiputado-pancho-cachondo-por-complicaciones-de-covid-19\/","og_locale":"es_MX","og_type":"article","og_title":"Muere el exdiputado \u201cPancho Cachondo\u201d por complicaciones de covid-19 - Fuentes Fidedignas","og_description":"Francisco Sol\u00eds Pe\u00f3n, conocido como \u201cdiputable\u201d, tuvo un funeral privado en M\u00e9rida, Yucat\u00e1n Yucat\u00e1n. Por complicaciones de salud, que se agravaron por el coronavirus, el controversial pol\u00edtico yucateco Francisco Sol\u00eds Pe\u00f3n, recordado por su personaje de \u201cPancho Cachondo\u201d, falleci\u00f3 la noche del 14 de marzo en un hospital de esta capital a los 53 a\u00f1os [&hellip;]","og_url":"https:\/\/fuentesfidedignas.com.mx\/index.php\/2022\/03\/15\/muere-el-exdiputado-pancho-cachondo-por-complicaciones-de-covid-19\/","og_site_name":"Fuentes Fidedignas","article_publisher":"https:\/\/www.facebook.com\/Fuentes-Fidedignas-368234489921644","article_published_time":"2022-03-15T21:17:14+00:00","article_modified_time":"2022-03-15T21:37:51+00:00","og_image":[{"width":608,"height":342,"url":"https:\/\/fuentesfidedignas.com.mx\/wp-content\/uploads\/2022\/03\/f608x342-151850_181573_107.jpg","type":"image\/jpeg"}],"author":"Proceso","twitter_card":"summary_large_image","twitter_creator":"@fidedignas","twitter_site":"@fidedignas","twitter_misc":{"Escrito por":"Proceso","Tiempo de lectura":"2 minutos"},"schema":{"@context":"https:\/\/schema.org","@graph":[{"@type":"Article","@id":"https:\/\/fuentesfidedignas.com.mx\/index.php\/2022\/03\/15\/muere-el-exdiputado-pancho-cachondo-por-complicaciones-de-covid-19\/#article","isPartOf":{"@id":"https:\/\/fuentesfidedignas.com.mx\/index.php\/2022\/03\/15\/muere-el-exdiputado-pancho-cachondo-por-complicaciones-de-covid-19\/"},"author":{"name":"Proceso","@id":"https:\/\/fuentesfidedignas.com.mx\/#\/schema\/person\/eb72247ff123b3ce5e4cadc7f50ae372"},"headline":"Muere el exdiputado \u201cPancho Cachondo\u201d por complicaciones de covid-19","datePublished":"2022-03-15T21:17:14+00:00","dateModified":"2022-03-15T21:37:51+00:00","mainEntityOfPage":{"@id":"https:\/\/fuentesfidedignas.com.mx\/index.php\/2022\/03\/15\/muere-el-exdiputado-pancho-cachondo-por-complicaciones-de-covid-19\/"},"wordCount":417,"commentCount":0,"publisher":{"@id":"https:\/\/fuentesfidedignas.com.mx\/#organization"},"image":{"@id":"https:\/\/fuentesfidedignas.com.mx\/index.php\/2022\/03\/15\/muere-el-exdiputado-pancho-cachondo-por-complicaciones-de-covid-19\/#primaryimage"},"thumbnailUrl":"https:\/\/fuentesfidedignas.com.mx\/wp-content\/uploads\/2022\/03\/f608x342-151850_181573_107.jpg","inLanguage":"es","potentialAction":[{"@type":"CommentAction","name":"Comment","target":["https:\/\/fuentesfidedignas.com.mx\/index.php\/2022\/03\/15\/muere-el-exdiputado-pancho-cachondo-por-complicaciones-de-covid-19\/#respond"]}]},{"@type":"WebPage","@id":"https:\/\/fuentesfidedignas.com.mx\/index.php\/2022\/03\/15\/muere-el-exdiputado-pancho-cachondo-por-complicaciones-de-covid-19\/","url":"https:\/\/fuentesfidedignas.com.mx\/index.php\/2022\/03\/15\/muere-el-exdiputado-pancho-cachondo-por-complicaciones-de-covid-19\/","name":"Muere el exdiputado \u201cPancho Cachondo\u201d por complicaciones de covid-19 - Fuentes Fidedignas","isPartOf":{"@id":"https:\/\/fuentesfidedignas.com.mx\/#website"},"primaryImageOfPage":{"@id":"https:\/\/fuentesfidedignas.com.mx\/index.php\/2022\/03\/15\/muere-el-exdiputado-pancho-cachondo-por-complicaciones-de-covid-19\/#primaryimage"},"image":{"@id":"https:\/\/fuentesfidedignas.com.mx\/index.php\/2022\/03\/15\/muere-el-exdiputado-pancho-cachondo-por-complicaciones-de-covid-19\/#primaryimage"},"thumbnailUrl":"https:\/\/fuentesfidedignas.com.mx\/wp-content\/uploads\/2022\/03\/f608x342-151850_181573_107.jpg","datePublished":"2022-03-15T21:17:14+00:00","dateModified":"2022-03-15T21:37:51+00:00","breadcrumb":{"@id":"https:\/\/fuentesfidedignas.com.mx\/index.php\/2022\/03\/15\/muere-el-exdiputado-pancho-cachondo-por-complicaciones-de-covid-19\/#breadcrumb"},"inLanguage":"es","potentialAction":[{"@type":"ReadAction","target":["https:\/\/fuentesfidedignas.com.mx\/index.php\/2022\/03\/15\/muere-el-exdiputado-pancho-cachondo-por-complicaciones-de-covid-19\/"]}]},{"@type":"ImageObject","inLanguage":"es","@id":"https:\/\/fuentesfidedignas.com.mx\/index.php\/2022\/03\/15\/muere-el-exdiputado-pancho-cachondo-por-complicaciones-de-covid-19\/#primaryimage","url":"https:\/\/fuentesfidedignas.com.mx\/wp-content\/uploads\/2022\/03\/f608x342-151850_181573_107.jpg","contentUrl":"https:\/\/fuentesfidedignas.com.mx\/wp-content\/uploads\/2022\/03\/f608x342-151850_181573_107.jpg","width":608,"height":342},{"@type":"BreadcrumbList","@id":"https:\/\/fuentesfidedignas.com.mx\/index.php\/2022\/03\/15\/muere-el-exdiputado-pancho-cachondo-por-complicaciones-de-covid-19\/#breadcrumb","itemListElement":[{"@type":"ListItem","position":1,"name":"Inicio","item":"https:\/\/fuentesfidedignas.com.mx\/"},{"@type":"ListItem","position":2,"name":"Muere el exdiputado \u201cPancho Cachondo\u201d por complicaciones de covid-19"}]},{"@type":"WebSite","@id":"https:\/\/fuentesfidedignas.com.mx\/#website","url":"https:\/\/fuentesfidedignas.com.mx\/","name":"Fuentes Fidedignas","description":"Otro sitio realizado con WordPress","publisher":{"@id":"https:\/\/fuentesfidedignas.com.mx\/#organization"},"potentialAction":[{"@type":"SearchAction","target":{"@type":"EntryPoint","urlTemplate":"https:\/\/fuentesfidedignas.com.mx\/?s={search_term_string}"},"query-input":{"@type":"PropertyValueSpecification","valueRequired":true,"valueName":"search_term_string"}}],"inLanguage":"es"},{"@type":"Organization","@id":"https:\/\/fuentesfidedignas.com.mx\/#organization","name":"Fuentes Fidedignas","url":"https:\/\/fuentesfidedignas.com.mx\/","logo":{"@type":"ImageObject","inLanguage":"es","@id":"https:\/\/fuentesfidedignas.com.mx\/#\/schema\/logo\/image\/","url":"https:\/\/fuentesfidedignas.com.mx\/wp-content\/uploads\/2021\/04\/logo-retina.png","contentUrl":"https:\/\/fuentesfidedignas.com.mx\/wp-content\/uploads\/2021\/04\/logo-retina.png","width":280,"height":51,"caption":"Fuentes Fidedignas"},"image":{"@id":"https:\/\/fuentesfidedignas.com.mx\/#\/schema\/logo\/image\/"},"sameAs":["https:\/\/www.facebook.com\/Fuentes-Fidedignas-368234489921644","https:\/\/x.com\/fidedignas"]},{"@type":"Person","@id":"https:\/\/fuentesfidedignas.com.mx\/#\/schema\/person\/eb72247ff123b3ce5e4cadc7f50ae372","name":"Proceso","image":{"@type":"ImageObject","inLanguage":"es","@id":"https:\/\/secure.gravatar.com\/avatar\/0bb01ecb091d50a46122cbe5cc32ffea15a000f83628f1e40458e669d38ff2cd?s=96&d=mm&r=g","url":"https:\/\/secure.gravatar.com\/avatar\/0bb01ecb091d50a46122cbe5cc32ffea15a000f83628f1e40458e669d38ff2cd?s=96&d=mm&r=g","contentUrl":"https:\/\/secure.gravatar.com\/avatar\/0bb01ecb091d50a46122cbe5cc32ffea15a000f83628f1e40458e669d38ff2cd?s=96&d=mm&r=g","caption":"Proceso"},"url":"https:\/\/fuentesfidedignas.com.mx\/index.php\/author\/proceso\/"}]}},"_links":{"self":[{"href":"https:\/\/fuentesfidedignas.com.mx\/index.php\/wp-json\/wp\/v2\/posts\/26308","targetHints":{"allow":["GET"]}}],"collection":[{"href":"https:\/\/fuentesfidedignas.com.mx\/index.php\/wp-json\/wp\/v2\/posts"}],"about":[{"href":"https:\/\/fuentesfidedignas.com.mx\/index.php\/wp-json\/wp\/v2\/types\/post"}],"author":[{"embeddable":true,"href":"https:\/\/fuentesfidedignas.com.mx\/index.php\/wp-json\/wp\/v2\/users\/50"}],"replies":[{"embeddable":true,"href":"https:\/\/fuentesfidedignas.com.mx\/index.php\/wp-json\/wp\/v2\/comments?post=26308"}],"version-history":[{"count":1,"href":"https:\/\/fuentesfidedignas.com.mx\/index.php\/wp-json\/wp\/v2\/posts\/26308\/revisions"}],"predecessor-version":[{"id":26309,"href":"https:\/\/fuentesfidedignas.com.mx\/index.php\/wp-json\/wp\/v2\/posts\/26308\/revisions\/26309"}],"wp:featuredmedia":[{"embeddable":true,"href":"https:\/\/fuentesfidedignas.com.mx\/index.php\/wp-json\/wp\/v2\/media\/26310"}],"wp:attachment":[{"href":"https:\/\/fuentesfidedignas.com.mx\/index.php\/wp-json\/wp\/v2\/media?parent=26308"}],"wp:term":[{"taxonomy":"category","embeddable":true,"href":"https:\/\/fuentesfidedignas.com.mx\/index.php\/wp-json\/wp\/v2\/categories?post=26308"},{"taxonomy":"post_tag","embeddable":true,"href":"https:\/\/fuentesfidedignas.com.mx\/index.php\/wp-json\/wp\/v2\/tags?post=26308"}],"curies":[{"name":"wp","href":"https:\/\/api.w.org\/{rel}","templated":true}]}}