{"id":26277,"date":"2022-03-15T08:28:45","date_gmt":"2022-03-15T15:28:45","guid":{"rendered":"https:\/\/fuentesfidedignas.com.mx\/?p=26277"},"modified":"2022-03-15T08:28:46","modified_gmt":"2022-03-15T15:28:46","slug":"amlo-insiste-en-que-periodistas-den-a-conocer-sus-bienes","status":"publish","type":"post","link":"https:\/\/fuentesfidedignas.com.mx\/index.php\/2022\/03\/15\/amlo-insiste-en-que-periodistas-den-a-conocer-sus-bienes\/","title":{"rendered":"AMLO insiste en que periodistas den a conocer sus bienes"},"content":{"rendered":"\n<p><strong><em>L\u00f3pez Obrador insisti\u00f3 este martes en que periodistas, entre ellos Carlos Loret de Mola, den a conocer sus bienes y de qui\u00e9nes reciben ingresos.<\/em><\/strong><\/p>\n\n\n\n<p>Ciudad de M\u00e9xico.- El presidente Andr\u00e9s Manuel L\u00f3pez Obrador pidi\u00f3 nuevamente que periodistas den a conocer su bienes e ingresos, ello despu\u00e9s de que dieran a conocer que hay empresas cercanas a Roberto Madrazo y Silvano Aureoles que financian a un medio de comunicaci\u00f3n.<\/p>\n\n\n\n<p>Durante su conferencia matutina, el mandatario federal coment\u00f3 que en gobiernos pasados se otorgaban contratos de compra de medicamentos a empresas relacionadas con pol\u00edticos cercanos al Poder Ejecutivo, y como ahora ya no se hace, su gobierno recibe ataques.<\/p>\n\n\n\n<p>\u201cEs lo que suced\u00eda y todav\u00eda pasa en menor escala, porque esto era lo que imperaba: el negocio en las medicinas, en la compra de equipos m\u00e9dicos. Hab\u00eda 3 o 4 empresas que le vend\u00edan al gobierno medicamentos y equipos, el gobierno compraba alrededor de 100 mil millones de pesos en medicamentos y equipos y tres empresas vend\u00edan como 60 o 70%; es decir, 70 mil mdp y esas empresas estaban vinculadas al gobierno, eran empresas de traficantes o pol\u00edticos\u201d, dijo el mandatario.<\/p>\n\n\n\n<p>L\u00f3pez Obrador se\u00f1al\u00f3 que por ya no otorgar contratos a estas empresas, es que recibe ataques, como las manifestaciones de padres de familia que piden medicamentos para sus hijos con c\u00e1ncer.<\/p>\n\n\n\n<p>\u201cPor eso la campa\u00f1a tan fuerte en contra nuestra; incluso, utilizando los ni\u00f1os con c\u00e1ncer. Esas empresas promov\u00edan esa campa\u00f1a, porque se les cay\u00f3 un negocio lucrativo, jugoso, inhumano y aparte que ya no pudieron hacer ese negocio, porque se abri\u00f3 la compra de medicamento a pa\u00edses extranjeros.<\/p>\n\n\n\n<p>\u201cTen\u00edan controlado todo y no se pod\u00edan comprar medicamento en otros pa\u00edses, solo se ten\u00eda que comprar medicamentos a este grupo de intermediarios, de distribuidores de medicinas y equipos\u201d, coment\u00f3.<\/p>\n","protected":false},"excerpt":{"rendered":"<p>L\u00f3pez Obrador insisti\u00f3 este martes en que periodistas, entre ellos Carlos Loret de Mola, den a conocer sus bienes y de qui\u00e9nes reciben ingresos. Ciudad de M\u00e9xico.- El presidente Andr\u00e9s Manuel L\u00f3pez Obrador pidi\u00f3 nuevamente que periodistas den a conocer su bienes e ingresos, ello despu\u00e9s de que dieran a conocer que hay empresas cercanas [&hellip;]<\/p>\n","protected":false},"author":5,"featured_media":26278,"comment_status":"open","ping_status":"open","sticky":false,"template":"","format":"standard","meta":{"tdm_status":"","tdm_grid_status":"","footnotes":""},"categories":[39],"tags":[247,297,678],"class_list":{"0":"post-26277","1":"post","2":"type-post","3":"status-publish","4":"format-standard","5":"has-post-thumbnail","7":"category-noticias-nacionales","8":"tag-amlo","9":"tag-andres-manuel-lopez-obrador","10":"tag-periodistas"},"yoast_head":"<!-- This site is optimized with the Yoast SEO plugin v27.5 - https:\/\/yoast.com\/product\/yoast-seo-wordpress\/ -->\n<title>AMLO insiste en que periodistas den a conocer sus bienes - Fuentes Fidedignas<\/title>\n<meta name=\"robots\" content=\"index, follow, max-snippet:-1, max-image-preview:large, max-video-preview:-1\" \/>\n<link rel=\"canonical\" href=\"https:\/\/fuentesfidedignas.com.mx\/index.php\/2022\/03\/15\/amlo-insiste-en-que-periodistas-den-a-conocer-sus-bienes\/\" \/>\n<meta property=\"og:locale\" content=\"es_MX\" \/>\n<meta property=\"og:type\" content=\"article\" \/>\n<meta property=\"og:title\" content=\"AMLO insiste en que periodistas den a conocer sus bienes - Fuentes Fidedignas\" \/>\n<meta property=\"og:description\" content=\"L\u00f3pez Obrador insisti\u00f3 este martes en que periodistas, entre ellos Carlos Loret de Mola, den a conocer sus bienes y de qui\u00e9nes reciben ingresos. Ciudad de M\u00e9xico.- El presidente Andr\u00e9s Manuel L\u00f3pez Obrador pidi\u00f3 nuevamente que periodistas den a conocer su bienes e ingresos, ello despu\u00e9s de que dieran a conocer que hay empresas cercanas [&hellip;]\" \/>\n<meta property=\"og:url\" content=\"https:\/\/fuentesfidedignas.com.mx\/index.php\/2022\/03\/15\/amlo-insiste-en-que-periodistas-den-a-conocer-sus-bienes\/\" \/>\n<meta property=\"og:site_name\" content=\"Fuentes Fidedignas\" \/>\n<meta property=\"article:publisher\" content=\"https:\/\/www.facebook.com\/Fuentes-Fidedignas-368234489921644\" \/>\n<meta property=\"article:published_time\" content=\"2022-03-15T15:28:45+00:00\" \/>\n<meta property=\"article:modified_time\" content=\"2022-03-15T15:28:46+00:00\" \/>\n<meta property=\"og:image\" content=\"https:\/\/fuentesfidedignas.com.mx\/wp-content\/uploads\/2022\/03\/LOPEZ_OBRADOR2.jpg\" \/>\n\t<meta property=\"og:image:width\" content=\"640\" \/>\n\t<meta property=\"og:image:height\" content=\"360\" \/>\n\t<meta property=\"og:image:type\" content=\"image\/jpeg\" \/>\n<meta name=\"author\" content=\"Forbes\" \/>\n<meta name=\"twitter:card\" content=\"summary_large_image\" \/>\n<meta name=\"twitter:creator\" content=\"@fidedignas\" \/>\n<meta name=\"twitter:site\" content=\"@fidedignas\" \/>\n<meta name=\"twitter:label1\" content=\"Escrito por\" \/>\n\t<meta name=\"twitter:data1\" content=\"Forbes\" \/>\n\t<meta name=\"twitter:label2\" content=\"Tiempo de lectura\" \/>\n\t<meta name=\"twitter:data2\" content=\"2 minutos\" \/>\n<script type=\"application\/ld+json\" class=\"yoast-schema-graph\">{\"@context\":\"https:\\\/\\\/schema.org\",\"@graph\":[{\"@type\":\"Article\",\"@id\":\"https:\\\/\\\/fuentesfidedignas.com.mx\\\/index.php\\\/2022\\\/03\\\/15\\\/amlo-insiste-en-que-periodistas-den-a-conocer-sus-bienes\\\/#article\",\"isPartOf\":{\"@id\":\"https:\\\/\\\/fuentesfidedignas.com.mx\\\/index.php\\\/2022\\\/03\\\/15\\\/amlo-insiste-en-que-periodistas-den-a-conocer-sus-bienes\\\/\"},\"author\":{\"name\":\"Forbes\",\"@id\":\"https:\\\/\\\/fuentesfidedignas.com.mx\\\/#\\\/schema\\\/person\\\/5623d53fe2e579d825b1679734abcc44\"},\"headline\":\"AMLO insiste en que periodistas den a conocer sus bienes\",\"datePublished\":\"2022-03-15T15:28:45+00:00\",\"dateModified\":\"2022-03-15T15:28:46+00:00\",\"mainEntityOfPage\":{\"@id\":\"https:\\\/\\\/fuentesfidedignas.com.mx\\\/index.php\\\/2022\\\/03\\\/15\\\/amlo-insiste-en-que-periodistas-den-a-conocer-sus-bienes\\\/\"},\"wordCount\":332,\"commentCount\":0,\"publisher\":{\"@id\":\"https:\\\/\\\/fuentesfidedignas.com.mx\\\/#organization\"},\"image\":{\"@id\":\"https:\\\/\\\/fuentesfidedignas.com.mx\\\/index.php\\\/2022\\\/03\\\/15\\\/amlo-insiste-en-que-periodistas-den-a-conocer-sus-bienes\\\/#primaryimage\"},\"thumbnailUrl\":\"https:\\\/\\\/fuentesfidedignas.com.mx\\\/wp-content\\\/uploads\\\/2022\\\/03\\\/LOPEZ_OBRADOR2.jpg\",\"keywords\":[\"AMLO\",\"Andr\u00e9s Manuel L\u00f3pez Obrador\",\"Periodistas\"],\"articleSection\":[\"NOTICIAS NACIONALES\"],\"inLanguage\":\"es\",\"potentialAction\":[{\"@type\":\"CommentAction\",\"name\":\"Comment\",\"target\":[\"https:\\\/\\\/fuentesfidedignas.com.mx\\\/index.php\\\/2022\\\/03\\\/15\\\/amlo-insiste-en-que-periodistas-den-a-conocer-sus-bienes\\\/#respond\"]}]},{\"@type\":\"WebPage\",\"@id\":\"https:\\\/\\\/fuentesfidedignas.com.mx\\\/index.php\\\/2022\\\/03\\\/15\\\/amlo-insiste-en-que-periodistas-den-a-conocer-sus-bienes\\\/\",\"url\":\"https:\\\/\\\/fuentesfidedignas.com.mx\\\/index.php\\\/2022\\\/03\\\/15\\\/amlo-insiste-en-que-periodistas-den-a-conocer-sus-bienes\\\/\",\"name\":\"AMLO insiste en que periodistas den a conocer sus bienes - Fuentes Fidedignas\",\"isPartOf\":{\"@id\":\"https:\\\/\\\/fuentesfidedignas.com.mx\\\/#website\"},\"primaryImageOfPage\":{\"@id\":\"https:\\\/\\\/fuentesfidedignas.com.mx\\\/index.php\\\/2022\\\/03\\\/15\\\/amlo-insiste-en-que-periodistas-den-a-conocer-sus-bienes\\\/#primaryimage\"},\"image\":{\"@id\":\"https:\\\/\\\/fuentesfidedignas.com.mx\\\/index.php\\\/2022\\\/03\\\/15\\\/amlo-insiste-en-que-periodistas-den-a-conocer-sus-bienes\\\/#primaryimage\"},\"thumbnailUrl\":\"https:\\\/\\\/fuentesfidedignas.com.mx\\\/wp-content\\\/uploads\\\/2022\\\/03\\\/LOPEZ_OBRADOR2.jpg\",\"datePublished\":\"2022-03-15T15:28:45+00:00\",\"dateModified\":\"2022-03-15T15:28:46+00:00\",\"breadcrumb\":{\"@id\":\"https:\\\/\\\/fuentesfidedignas.com.mx\\\/index.php\\\/2022\\\/03\\\/15\\\/amlo-insiste-en-que-periodistas-den-a-conocer-sus-bienes\\\/#breadcrumb\"},\"inLanguage\":\"es\",\"potentialAction\":[{\"@type\":\"ReadAction\",\"target\":[\"https:\\\/\\\/fuentesfidedignas.com.mx\\\/index.php\\\/2022\\\/03\\\/15\\\/amlo-insiste-en-que-periodistas-den-a-conocer-sus-bienes\\\/\"]}]},{\"@type\":\"ImageObject\",\"inLanguage\":\"es\",\"@id\":\"https:\\\/\\\/fuentesfidedignas.com.mx\\\/index.php\\\/2022\\\/03\\\/15\\\/amlo-insiste-en-que-periodistas-den-a-conocer-sus-bienes\\\/#primaryimage\",\"url\":\"https:\\\/\\\/fuentesfidedignas.com.mx\\\/wp-content\\\/uploads\\\/2022\\\/03\\\/LOPEZ_OBRADOR2.jpg\",\"contentUrl\":\"https:\\\/\\\/fuentesfidedignas.com.mx\\\/wp-content\\\/uploads\\\/2022\\\/03\\\/LOPEZ_OBRADOR2.jpg\",\"width\":640,\"height\":360},{\"@type\":\"BreadcrumbList\",\"@id\":\"https:\\\/\\\/fuentesfidedignas.com.mx\\\/index.php\\\/2022\\\/03\\\/15\\\/amlo-insiste-en-que-periodistas-den-a-conocer-sus-bienes\\\/#breadcrumb\",\"itemListElement\":[{\"@type\":\"ListItem\",\"position\":1,\"name\":\"Inicio\",\"item\":\"https:\\\/\\\/fuentesfidedignas.com.mx\\\/\"},{\"@type\":\"ListItem\",\"position\":2,\"name\":\"AMLO insiste en que periodistas den a conocer sus bienes\"}]},{\"@type\":\"WebSite\",\"@id\":\"https:\\\/\\\/fuentesfidedignas.com.mx\\\/#website\",\"url\":\"https:\\\/\\\/fuentesfidedignas.com.mx\\\/\",\"name\":\"Fuentes Fidedignas\",\"description\":\"Otro sitio realizado con WordPress\",\"publisher\":{\"@id\":\"https:\\\/\\\/fuentesfidedignas.com.mx\\\/#organization\"},\"potentialAction\":[{\"@type\":\"SearchAction\",\"target\":{\"@type\":\"EntryPoint\",\"urlTemplate\":\"https:\\\/\\\/fuentesfidedignas.com.mx\\\/?s={search_term_string}\"},\"query-input\":{\"@type\":\"PropertyValueSpecification\",\"valueRequired\":true,\"valueName\":\"search_term_string\"}}],\"inLanguage\":\"es\"},{\"@type\":\"Organization\",\"@id\":\"https:\\\/\\\/fuentesfidedignas.com.mx\\\/#organization\",\"name\":\"Fuentes Fidedignas\",\"url\":\"https:\\\/\\\/fuentesfidedignas.com.mx\\\/\",\"logo\":{\"@type\":\"ImageObject\",\"inLanguage\":\"es\",\"@id\":\"https:\\\/\\\/fuentesfidedignas.com.mx\\\/#\\\/schema\\\/logo\\\/image\\\/\",\"url\":\"https:\\\/\\\/fuentesfidedignas.com.mx\\\/wp-content\\\/uploads\\\/2021\\\/04\\\/logo-retina.png\",\"contentUrl\":\"https:\\\/\\\/fuentesfidedignas.com.mx\\\/wp-content\\\/uploads\\\/2021\\\/04\\\/logo-retina.png\",\"width\":280,\"height\":51,\"caption\":\"Fuentes Fidedignas\"},\"image\":{\"@id\":\"https:\\\/\\\/fuentesfidedignas.com.mx\\\/#\\\/schema\\\/logo\\\/image\\\/\"},\"sameAs\":[\"https:\\\/\\\/www.facebook.com\\\/Fuentes-Fidedignas-368234489921644\",\"https:\\\/\\\/x.com\\\/fidedignas\"]},{\"@type\":\"Person\",\"@id\":\"https:\\\/\\\/fuentesfidedignas.com.mx\\\/#\\\/schema\\\/person\\\/5623d53fe2e579d825b1679734abcc44\",\"name\":\"Forbes\",\"image\":{\"@type\":\"ImageObject\",\"inLanguage\":\"es\",\"@id\":\"https:\\\/\\\/secure.gravatar.com\\\/avatar\\\/87ce3dd4e41e60c22a79c758614f01a6bc2469255fc936ec7b15efb9bb5cb66f?s=96&d=mm&r=g\",\"url\":\"https:\\\/\\\/secure.gravatar.com\\\/avatar\\\/87ce3dd4e41e60c22a79c758614f01a6bc2469255fc936ec7b15efb9bb5cb66f?s=96&d=mm&r=g\",\"contentUrl\":\"https:\\\/\\\/secure.gravatar.com\\\/avatar\\\/87ce3dd4e41e60c22a79c758614f01a6bc2469255fc936ec7b15efb9bb5cb66f?s=96&d=mm&r=g\",\"caption\":\"Forbes\"},\"url\":\"https:\\\/\\\/fuentesfidedignas.com.mx\\\/index.php\\\/author\\\/forbes\\\/\"}]}<\/script>\n<!-- \/ Yoast SEO plugin. -->","yoast_head_json":{"title":"AMLO insiste en que periodistas den a conocer sus bienes - Fuentes Fidedignas","robots":{"index":"index","follow":"follow","max-snippet":"max-snippet:-1","max-image-preview":"max-image-preview:large","max-video-preview":"max-video-preview:-1"},"canonical":"https:\/\/fuentesfidedignas.com.mx\/index.php\/2022\/03\/15\/amlo-insiste-en-que-periodistas-den-a-conocer-sus-bienes\/","og_locale":"es_MX","og_type":"article","og_title":"AMLO insiste en que periodistas den a conocer sus bienes - Fuentes Fidedignas","og_description":"L\u00f3pez Obrador insisti\u00f3 este martes en que periodistas, entre ellos Carlos Loret de Mola, den a conocer sus bienes y de qui\u00e9nes reciben ingresos. Ciudad de M\u00e9xico.- El presidente Andr\u00e9s Manuel L\u00f3pez Obrador pidi\u00f3 nuevamente que periodistas den a conocer su bienes e ingresos, ello despu\u00e9s de que dieran a conocer que hay empresas cercanas [&hellip;]","og_url":"https:\/\/fuentesfidedignas.com.mx\/index.php\/2022\/03\/15\/amlo-insiste-en-que-periodistas-den-a-conocer-sus-bienes\/","og_site_name":"Fuentes Fidedignas","article_publisher":"https:\/\/www.facebook.com\/Fuentes-Fidedignas-368234489921644","article_published_time":"2022-03-15T15:28:45+00:00","article_modified_time":"2022-03-15T15:28:46+00:00","og_image":[{"width":640,"height":360,"url":"https:\/\/fuentesfidedignas.com.mx\/wp-content\/uploads\/2022\/03\/LOPEZ_OBRADOR2.jpg","type":"image\/jpeg"}],"author":"Forbes","twitter_card":"summary_large_image","twitter_creator":"@fidedignas","twitter_site":"@fidedignas","twitter_misc":{"Escrito por":"Forbes","Tiempo de lectura":"2 minutos"},"schema":{"@context":"https:\/\/schema.org","@graph":[{"@type":"Article","@id":"https:\/\/fuentesfidedignas.com.mx\/index.php\/2022\/03\/15\/amlo-insiste-en-que-periodistas-den-a-conocer-sus-bienes\/#article","isPartOf":{"@id":"https:\/\/fuentesfidedignas.com.mx\/index.php\/2022\/03\/15\/amlo-insiste-en-que-periodistas-den-a-conocer-sus-bienes\/"},"author":{"name":"Forbes","@id":"https:\/\/fuentesfidedignas.com.mx\/#\/schema\/person\/5623d53fe2e579d825b1679734abcc44"},"headline":"AMLO insiste en que periodistas den a conocer sus bienes","datePublished":"2022-03-15T15:28:45+00:00","dateModified":"2022-03-15T15:28:46+00:00","mainEntityOfPage":{"@id":"https:\/\/fuentesfidedignas.com.mx\/index.php\/2022\/03\/15\/amlo-insiste-en-que-periodistas-den-a-conocer-sus-bienes\/"},"wordCount":332,"commentCount":0,"publisher":{"@id":"https:\/\/fuentesfidedignas.com.mx\/#organization"},"image":{"@id":"https:\/\/fuentesfidedignas.com.mx\/index.php\/2022\/03\/15\/amlo-insiste-en-que-periodistas-den-a-conocer-sus-bienes\/#primaryimage"},"thumbnailUrl":"https:\/\/fuentesfidedignas.com.mx\/wp-content\/uploads\/2022\/03\/LOPEZ_OBRADOR2.jpg","keywords":["AMLO","Andr\u00e9s Manuel L\u00f3pez Obrador","Periodistas"],"articleSection":["NOTICIAS NACIONALES"],"inLanguage":"es","potentialAction":[{"@type":"CommentAction","name":"Comment","target":["https:\/\/fuentesfidedignas.com.mx\/index.php\/2022\/03\/15\/amlo-insiste-en-que-periodistas-den-a-conocer-sus-bienes\/#respond"]}]},{"@type":"WebPage","@id":"https:\/\/fuentesfidedignas.com.mx\/index.php\/2022\/03\/15\/amlo-insiste-en-que-periodistas-den-a-conocer-sus-bienes\/","url":"https:\/\/fuentesfidedignas.com.mx\/index.php\/2022\/03\/15\/amlo-insiste-en-que-periodistas-den-a-conocer-sus-bienes\/","name":"AMLO insiste en que periodistas den a conocer sus bienes - Fuentes Fidedignas","isPartOf":{"@id":"https:\/\/fuentesfidedignas.com.mx\/#website"},"primaryImageOfPage":{"@id":"https:\/\/fuentesfidedignas.com.mx\/index.php\/2022\/03\/15\/amlo-insiste-en-que-periodistas-den-a-conocer-sus-bienes\/#primaryimage"},"image":{"@id":"https:\/\/fuentesfidedignas.com.mx\/index.php\/2022\/03\/15\/amlo-insiste-en-que-periodistas-den-a-conocer-sus-bienes\/#primaryimage"},"thumbnailUrl":"https:\/\/fuentesfidedignas.com.mx\/wp-content\/uploads\/2022\/03\/LOPEZ_OBRADOR2.jpg","datePublished":"2022-03-15T15:28:45+00:00","dateModified":"2022-03-15T15:28:46+00:00","breadcrumb":{"@id":"https:\/\/fuentesfidedignas.com.mx\/index.php\/2022\/03\/15\/amlo-insiste-en-que-periodistas-den-a-conocer-sus-bienes\/#breadcrumb"},"inLanguage":"es","potentialAction":[{"@type":"ReadAction","target":["https:\/\/fuentesfidedignas.com.mx\/index.php\/2022\/03\/15\/amlo-insiste-en-que-periodistas-den-a-conocer-sus-bienes\/"]}]},{"@type":"ImageObject","inLanguage":"es","@id":"https:\/\/fuentesfidedignas.com.mx\/index.php\/2022\/03\/15\/amlo-insiste-en-que-periodistas-den-a-conocer-sus-bienes\/#primaryimage","url":"https:\/\/fuentesfidedignas.com.mx\/wp-content\/uploads\/2022\/03\/LOPEZ_OBRADOR2.jpg","contentUrl":"https:\/\/fuentesfidedignas.com.mx\/wp-content\/uploads\/2022\/03\/LOPEZ_OBRADOR2.jpg","width":640,"height":360},{"@type":"BreadcrumbList","@id":"https:\/\/fuentesfidedignas.com.mx\/index.php\/2022\/03\/15\/amlo-insiste-en-que-periodistas-den-a-conocer-sus-bienes\/#breadcrumb","itemListElement":[{"@type":"ListItem","position":1,"name":"Inicio","item":"https:\/\/fuentesfidedignas.com.mx\/"},{"@type":"ListItem","position":2,"name":"AMLO insiste en que periodistas den a conocer sus bienes"}]},{"@type":"WebSite","@id":"https:\/\/fuentesfidedignas.com.mx\/#website","url":"https:\/\/fuentesfidedignas.com.mx\/","name":"Fuentes Fidedignas","description":"Otro sitio realizado con WordPress","publisher":{"@id":"https:\/\/fuentesfidedignas.com.mx\/#organization"},"potentialAction":[{"@type":"SearchAction","target":{"@type":"EntryPoint","urlTemplate":"https:\/\/fuentesfidedignas.com.mx\/?s={search_term_string}"},"query-input":{"@type":"PropertyValueSpecification","valueRequired":true,"valueName":"search_term_string"}}],"inLanguage":"es"},{"@type":"Organization","@id":"https:\/\/fuentesfidedignas.com.mx\/#organization","name":"Fuentes Fidedignas","url":"https:\/\/fuentesfidedignas.com.mx\/","logo":{"@type":"ImageObject","inLanguage":"es","@id":"https:\/\/fuentesfidedignas.com.mx\/#\/schema\/logo\/image\/","url":"https:\/\/fuentesfidedignas.com.mx\/wp-content\/uploads\/2021\/04\/logo-retina.png","contentUrl":"https:\/\/fuentesfidedignas.com.mx\/wp-content\/uploads\/2021\/04\/logo-retina.png","width":280,"height":51,"caption":"Fuentes Fidedignas"},"image":{"@id":"https:\/\/fuentesfidedignas.com.mx\/#\/schema\/logo\/image\/"},"sameAs":["https:\/\/www.facebook.com\/Fuentes-Fidedignas-368234489921644","https:\/\/x.com\/fidedignas"]},{"@type":"Person","@id":"https:\/\/fuentesfidedignas.com.mx\/#\/schema\/person\/5623d53fe2e579d825b1679734abcc44","name":"Forbes","image":{"@type":"ImageObject","inLanguage":"es","@id":"https:\/\/secure.gravatar.com\/avatar\/87ce3dd4e41e60c22a79c758614f01a6bc2469255fc936ec7b15efb9bb5cb66f?s=96&d=mm&r=g","url":"https:\/\/secure.gravatar.com\/avatar\/87ce3dd4e41e60c22a79c758614f01a6bc2469255fc936ec7b15efb9bb5cb66f?s=96&d=mm&r=g","contentUrl":"https:\/\/secure.gravatar.com\/avatar\/87ce3dd4e41e60c22a79c758614f01a6bc2469255fc936ec7b15efb9bb5cb66f?s=96&d=mm&r=g","caption":"Forbes"},"url":"https:\/\/fuentesfidedignas.com.mx\/index.php\/author\/forbes\/"}]}},"_links":{"self":[{"href":"https:\/\/fuentesfidedignas.com.mx\/index.php\/wp-json\/wp\/v2\/posts\/26277","targetHints":{"allow":["GET"]}}],"collection":[{"href":"https:\/\/fuentesfidedignas.com.mx\/index.php\/wp-json\/wp\/v2\/posts"}],"about":[{"href":"https:\/\/fuentesfidedignas.com.mx\/index.php\/wp-json\/wp\/v2\/types\/post"}],"author":[{"embeddable":true,"href":"https:\/\/fuentesfidedignas.com.mx\/index.php\/wp-json\/wp\/v2\/users\/5"}],"replies":[{"embeddable":true,"href":"https:\/\/fuentesfidedignas.com.mx\/index.php\/wp-json\/wp\/v2\/comments?post=26277"}],"version-history":[{"count":1,"href":"https:\/\/fuentesfidedignas.com.mx\/index.php\/wp-json\/wp\/v2\/posts\/26277\/revisions"}],"predecessor-version":[{"id":26279,"href":"https:\/\/fuentesfidedignas.com.mx\/index.php\/wp-json\/wp\/v2\/posts\/26277\/revisions\/26279"}],"wp:featuredmedia":[{"embeddable":true,"href":"https:\/\/fuentesfidedignas.com.mx\/index.php\/wp-json\/wp\/v2\/media\/26278"}],"wp:attachment":[{"href":"https:\/\/fuentesfidedignas.com.mx\/index.php\/wp-json\/wp\/v2\/media?parent=26277"}],"wp:term":[{"taxonomy":"category","embeddable":true,"href":"https:\/\/fuentesfidedignas.com.mx\/index.php\/wp-json\/wp\/v2\/categories?post=26277"},{"taxonomy":"post_tag","embeddable":true,"href":"https:\/\/fuentesfidedignas.com.mx\/index.php\/wp-json\/wp\/v2\/tags?post=26277"}],"curies":[{"name":"wp","href":"https:\/\/api.w.org\/{rel}","templated":true}]}}