{"id":26222,"date":"2022-03-14T14:03:30","date_gmt":"2022-03-14T21:03:30","guid":{"rendered":"https:\/\/fuentesfidedignas.com.mx\/?p=26222"},"modified":"2022-03-14T14:06:19","modified_gmt":"2022-03-14T21:06:19","slug":"con-semaforo-verde-escuelas-de-sinaloa-regresan-a-la-presencialidad","status":"publish","type":"post","link":"https:\/\/fuentesfidedignas.com.mx\/index.php\/2022\/03\/14\/con-semaforo-verde-escuelas-de-sinaloa-regresan-a-la-presencialidad\/","title":{"rendered":"Con sem\u00e1foro verde, escuelas de Sinaloa regresan a la presencialidad"},"content":{"rendered":"\n<p><em><strong>Se trabaja para generar condiciones en 216 escuelas con problemas severos de infraestructura<\/strong><\/em><\/p>\n\n\n\n<p>Culiac\u00e1n, Sin.- Con el sem\u00e1foro epidemiol\u00f3gico en color verde para Sinaloa, a partir de este lunes, se permite el regreso a clases con jornada completa y con el 100 por ciento de la asistencia de alumnas y alumnos en las 5 mil 951 escuelas de educaci\u00f3n b\u00e1sica de la entidad, anunci\u00f3 la secretaria de Educaci\u00f3n P\u00fablica y Cultura, Graciela Dom\u00ednguez Nava.<\/p>\n\n\n\n<p>La titular de la Secretar\u00eda de Educaci\u00f3n P\u00fablica y Cultura (SEPyC) anunci\u00f3 que, de ese universo, s\u00f3lo 216 no podr\u00e1n hacerlo por la afectaci\u00f3n en su infraestructura, por lo que el gobernador Rub\u00e9n Rocha Moya instruy\u00f3 aplicar una inversi\u00f3n extraordinaria emergente en estos planteles.<\/p>\n\n\n\n<p>\u201cEl d\u00eda de hoy todas las escuelas que no tienen problemas de infraestructura para trabajar desde la presencialidad, retornan a clases al 100 por ciento con jornada completa. Hoy el sem\u00e1foro verde ya nos permite reactivar estas actividades. El protocolo as\u00ed lo establece\u201d, dijo.<\/p>\n\n\n\n<p>Consider\u00f3 que en estos momentos que las circunstancias lo permiten se debe aprovechar el regreso a la presencialidad, pero, mientras no se haya declarado el fin de la pandemia, debemos continuar alertas a fin de preservar la salud en nuestras ni\u00f1as, ni\u00f1os y adolescentes, as\u00ed como generar las condiciones para que regresemos a la normalidad en las actividades en las escuelas.<\/p>\n\n\n\n<p>Se trata, agreg\u00f3, de recuperar lo que se ha perdido, porque, aunque la ense\u00f1anza a distancia ha ayudado, \u00e9sta no ha sido suficiente para desarrollar de manera completa el aprendizaje.<\/p>\n\n\n\n<p>Respecto a la infraestructura en los planteles educativos, mencion\u00f3 que al 60 por ciento le urge una inversi\u00f3n, por fortuna, s\u00f3lo en 216 escuelas la afectaci\u00f3n f\u00edsica es severa, lo que imposibilita el regreso a las clases presenciales por momento.<\/p>\n\n\n\n<p>\u201cAhorita estamos trabajando de manera r\u00e1pida, el Gobernador tiene claro que lo que importa es que todas las escuelas se incorporen a clases y, de manera emergente, \u00e9l acord\u00f3, \u00e9l tom\u00f3 la decisi\u00f3n de hacer una inversi\u00f3n extraordinaria para que estas escuelas puedan estar en \u00f3ptimas condiciones con los servicios que se requieran\u201d, indic\u00f3.<\/p>\n\n\n\n<p>Detall\u00f3 que, en un periodo estimado de un mes y medio a dos meses, la totalidad de las escuelas est\u00e9n trabajando en la presencialidad, mientras que, alrededor de 27 mil estudiantes (de estas 216 escuelas) continuar\u00e1n con clases en l\u00ednea. En Sinaloa, se tiene una matr\u00edcula de 889 mil 237 alumnos, desde educaci\u00f3n inicial hasta educaci\u00f3n superior, atendidos por 58 mil 915 docentes.<\/p>\n","protected":false},"excerpt":{"rendered":"<p>Se trabaja para generar condiciones en 216 escuelas con problemas severos de infraestructura Culiac\u00e1n, Sin.- Con el sem\u00e1foro epidemiol\u00f3gico en color verde para Sinaloa, a partir de este lunes, se permite el regreso a clases con jornada completa y con el 100 por ciento de la asistencia de alumnas y alumnos en las 5 mil [&hellip;]<\/p>\n","protected":false},"author":4,"featured_media":26225,"comment_status":"open","ping_status":"open","sticky":false,"template":"","format":"standard","meta":{"tdm_status":"","tdm_grid_status":"","footnotes":""},"categories":[37],"tags":[],"class_list":{"0":"post-26222","1":"post","2":"type-post","3":"status-publish","4":"format-standard","5":"has-post-thumbnail","7":"category-nota-principal"},"yoast_head":"<!-- This site is optimized with the Yoast SEO plugin v27.5 - https:\/\/yoast.com\/product\/yoast-seo-wordpress\/ -->\n<title>Con sem\u00e1foro verde, escuelas de Sinaloa regresan a la presencialidad - Fuentes Fidedignas<\/title>\n<meta name=\"robots\" content=\"index, follow, max-snippet:-1, max-image-preview:large, max-video-preview:-1\" \/>\n<link rel=\"canonical\" href=\"https:\/\/fuentesfidedignas.com.mx\/index.php\/2022\/03\/14\/con-semaforo-verde-escuelas-de-sinaloa-regresan-a-la-presencialidad\/\" \/>\n<meta property=\"og:locale\" content=\"es_MX\" \/>\n<meta property=\"og:type\" content=\"article\" \/>\n<meta property=\"og:title\" content=\"Con sem\u00e1foro verde, escuelas de Sinaloa regresan a la presencialidad - Fuentes Fidedignas\" \/>\n<meta property=\"og:description\" content=\"Se trabaja para generar condiciones en 216 escuelas con problemas severos de infraestructura Culiac\u00e1n, Sin.- Con el sem\u00e1foro epidemiol\u00f3gico en color verde para Sinaloa, a partir de este lunes, se permite el regreso a clases con jornada completa y con el 100 por ciento de la asistencia de alumnas y alumnos en las 5 mil [&hellip;]\" \/>\n<meta property=\"og:url\" content=\"https:\/\/fuentesfidedignas.com.mx\/index.php\/2022\/03\/14\/con-semaforo-verde-escuelas-de-sinaloa-regresan-a-la-presencialidad\/\" \/>\n<meta property=\"og:site_name\" content=\"Fuentes Fidedignas\" \/>\n<meta property=\"article:publisher\" content=\"https:\/\/www.facebook.com\/Fuentes-Fidedignas-368234489921644\" \/>\n<meta property=\"article:published_time\" content=\"2022-03-14T21:03:30+00:00\" \/>\n<meta property=\"article:modified_time\" content=\"2022-03-14T21:06:19+00:00\" \/>\n<meta property=\"og:image\" content=\"https:\/\/fuentesfidedignas.com.mx\/wp-content\/uploads\/2022\/03\/IMG-20220314-WA0008.jpg\" \/>\n\t<meta property=\"og:image:width\" content=\"1600\" \/>\n\t<meta property=\"og:image:height\" content=\"1066\" \/>\n\t<meta property=\"og:image:type\" content=\"image\/jpeg\" \/>\n<meta name=\"author\" content=\"Redacci\u00f3n\" \/>\n<meta name=\"twitter:card\" content=\"summary_large_image\" \/>\n<meta name=\"twitter:creator\" content=\"@fidedignas\" \/>\n<meta name=\"twitter:site\" content=\"@fidedignas\" \/>\n<meta name=\"twitter:label1\" content=\"Escrito por\" \/>\n\t<meta name=\"twitter:data1\" content=\"Redacci\u00f3n\" \/>\n\t<meta name=\"twitter:label2\" content=\"Tiempo de lectura\" \/>\n\t<meta name=\"twitter:data2\" content=\"2 minutos\" \/>\n<script type=\"application\/ld+json\" class=\"yoast-schema-graph\">{\"@context\":\"https:\\\/\\\/schema.org\",\"@graph\":[{\"@type\":\"Article\",\"@id\":\"https:\\\/\\\/fuentesfidedignas.com.mx\\\/index.php\\\/2022\\\/03\\\/14\\\/con-semaforo-verde-escuelas-de-sinaloa-regresan-a-la-presencialidad\\\/#article\",\"isPartOf\":{\"@id\":\"https:\\\/\\\/fuentesfidedignas.com.mx\\\/index.php\\\/2022\\\/03\\\/14\\\/con-semaforo-verde-escuelas-de-sinaloa-regresan-a-la-presencialidad\\\/\"},\"author\":{\"name\":\"Redacci\u00f3n\",\"@id\":\"https:\\\/\\\/fuentesfidedignas.com.mx\\\/#\\\/schema\\\/person\\\/331be9283d37198e2acd5750279085b0\"},\"headline\":\"Con sem\u00e1foro verde, escuelas de Sinaloa regresan a la presencialidad\",\"datePublished\":\"2022-03-14T21:03:30+00:00\",\"dateModified\":\"2022-03-14T21:06:19+00:00\",\"mainEntityOfPage\":{\"@id\":\"https:\\\/\\\/fuentesfidedignas.com.mx\\\/index.php\\\/2022\\\/03\\\/14\\\/con-semaforo-verde-escuelas-de-sinaloa-regresan-a-la-presencialidad\\\/\"},\"wordCount\":442,\"commentCount\":0,\"publisher\":{\"@id\":\"https:\\\/\\\/fuentesfidedignas.com.mx\\\/#organization\"},\"image\":{\"@id\":\"https:\\\/\\\/fuentesfidedignas.com.mx\\\/index.php\\\/2022\\\/03\\\/14\\\/con-semaforo-verde-escuelas-de-sinaloa-regresan-a-la-presencialidad\\\/#primaryimage\"},\"thumbnailUrl\":\"https:\\\/\\\/fuentesfidedignas.com.mx\\\/wp-content\\\/uploads\\\/2022\\\/03\\\/IMG-20220314-WA0008.jpg\",\"articleSection\":[\"NOTA PRINCIPAL\"],\"inLanguage\":\"es\",\"potentialAction\":[{\"@type\":\"CommentAction\",\"name\":\"Comment\",\"target\":[\"https:\\\/\\\/fuentesfidedignas.com.mx\\\/index.php\\\/2022\\\/03\\\/14\\\/con-semaforo-verde-escuelas-de-sinaloa-regresan-a-la-presencialidad\\\/#respond\"]}]},{\"@type\":\"WebPage\",\"@id\":\"https:\\\/\\\/fuentesfidedignas.com.mx\\\/index.php\\\/2022\\\/03\\\/14\\\/con-semaforo-verde-escuelas-de-sinaloa-regresan-a-la-presencialidad\\\/\",\"url\":\"https:\\\/\\\/fuentesfidedignas.com.mx\\\/index.php\\\/2022\\\/03\\\/14\\\/con-semaforo-verde-escuelas-de-sinaloa-regresan-a-la-presencialidad\\\/\",\"name\":\"Con sem\u00e1foro verde, escuelas de Sinaloa regresan a la presencialidad - Fuentes Fidedignas\",\"isPartOf\":{\"@id\":\"https:\\\/\\\/fuentesfidedignas.com.mx\\\/#website\"},\"primaryImageOfPage\":{\"@id\":\"https:\\\/\\\/fuentesfidedignas.com.mx\\\/index.php\\\/2022\\\/03\\\/14\\\/con-semaforo-verde-escuelas-de-sinaloa-regresan-a-la-presencialidad\\\/#primaryimage\"},\"image\":{\"@id\":\"https:\\\/\\\/fuentesfidedignas.com.mx\\\/index.php\\\/2022\\\/03\\\/14\\\/con-semaforo-verde-escuelas-de-sinaloa-regresan-a-la-presencialidad\\\/#primaryimage\"},\"thumbnailUrl\":\"https:\\\/\\\/fuentesfidedignas.com.mx\\\/wp-content\\\/uploads\\\/2022\\\/03\\\/IMG-20220314-WA0008.jpg\",\"datePublished\":\"2022-03-14T21:03:30+00:00\",\"dateModified\":\"2022-03-14T21:06:19+00:00\",\"breadcrumb\":{\"@id\":\"https:\\\/\\\/fuentesfidedignas.com.mx\\\/index.php\\\/2022\\\/03\\\/14\\\/con-semaforo-verde-escuelas-de-sinaloa-regresan-a-la-presencialidad\\\/#breadcrumb\"},\"inLanguage\":\"es\",\"potentialAction\":[{\"@type\":\"ReadAction\",\"target\":[\"https:\\\/\\\/fuentesfidedignas.com.mx\\\/index.php\\\/2022\\\/03\\\/14\\\/con-semaforo-verde-escuelas-de-sinaloa-regresan-a-la-presencialidad\\\/\"]}]},{\"@type\":\"ImageObject\",\"inLanguage\":\"es\",\"@id\":\"https:\\\/\\\/fuentesfidedignas.com.mx\\\/index.php\\\/2022\\\/03\\\/14\\\/con-semaforo-verde-escuelas-de-sinaloa-regresan-a-la-presencialidad\\\/#primaryimage\",\"url\":\"https:\\\/\\\/fuentesfidedignas.com.mx\\\/wp-content\\\/uploads\\\/2022\\\/03\\\/IMG-20220314-WA0008.jpg\",\"contentUrl\":\"https:\\\/\\\/fuentesfidedignas.com.mx\\\/wp-content\\\/uploads\\\/2022\\\/03\\\/IMG-20220314-WA0008.jpg\",\"width\":1600,\"height\":1066},{\"@type\":\"BreadcrumbList\",\"@id\":\"https:\\\/\\\/fuentesfidedignas.com.mx\\\/index.php\\\/2022\\\/03\\\/14\\\/con-semaforo-verde-escuelas-de-sinaloa-regresan-a-la-presencialidad\\\/#breadcrumb\",\"itemListElement\":[{\"@type\":\"ListItem\",\"position\":1,\"name\":\"Inicio\",\"item\":\"https:\\\/\\\/fuentesfidedignas.com.mx\\\/\"},{\"@type\":\"ListItem\",\"position\":2,\"name\":\"Con sem\u00e1foro verde, escuelas de Sinaloa regresan a la presencialidad\"}]},{\"@type\":\"WebSite\",\"@id\":\"https:\\\/\\\/fuentesfidedignas.com.mx\\\/#website\",\"url\":\"https:\\\/\\\/fuentesfidedignas.com.mx\\\/\",\"name\":\"Fuentes Fidedignas\",\"description\":\"Otro sitio realizado con WordPress\",\"publisher\":{\"@id\":\"https:\\\/\\\/fuentesfidedignas.com.mx\\\/#organization\"},\"potentialAction\":[{\"@type\":\"SearchAction\",\"target\":{\"@type\":\"EntryPoint\",\"urlTemplate\":\"https:\\\/\\\/fuentesfidedignas.com.mx\\\/?s={search_term_string}\"},\"query-input\":{\"@type\":\"PropertyValueSpecification\",\"valueRequired\":true,\"valueName\":\"search_term_string\"}}],\"inLanguage\":\"es\"},{\"@type\":\"Organization\",\"@id\":\"https:\\\/\\\/fuentesfidedignas.com.mx\\\/#organization\",\"name\":\"Fuentes Fidedignas\",\"url\":\"https:\\\/\\\/fuentesfidedignas.com.mx\\\/\",\"logo\":{\"@type\":\"ImageObject\",\"inLanguage\":\"es\",\"@id\":\"https:\\\/\\\/fuentesfidedignas.com.mx\\\/#\\\/schema\\\/logo\\\/image\\\/\",\"url\":\"https:\\\/\\\/fuentesfidedignas.com.mx\\\/wp-content\\\/uploads\\\/2021\\\/04\\\/logo-retina.png\",\"contentUrl\":\"https:\\\/\\\/fuentesfidedignas.com.mx\\\/wp-content\\\/uploads\\\/2021\\\/04\\\/logo-retina.png\",\"width\":280,\"height\":51,\"caption\":\"Fuentes Fidedignas\"},\"image\":{\"@id\":\"https:\\\/\\\/fuentesfidedignas.com.mx\\\/#\\\/schema\\\/logo\\\/image\\\/\"},\"sameAs\":[\"https:\\\/\\\/www.facebook.com\\\/Fuentes-Fidedignas-368234489921644\",\"https:\\\/\\\/x.com\\\/fidedignas\"]},{\"@type\":\"Person\",\"@id\":\"https:\\\/\\\/fuentesfidedignas.com.mx\\\/#\\\/schema\\\/person\\\/331be9283d37198e2acd5750279085b0\",\"name\":\"Redacci\u00f3n\",\"image\":{\"@type\":\"ImageObject\",\"inLanguage\":\"es\",\"@id\":\"https:\\\/\\\/secure.gravatar.com\\\/avatar\\\/f6d8782c11d12b2d4ad3fbb6931aeab5309937a4d6cd2fc9cfaa28a6396a5aec?s=96&d=mm&r=g\",\"url\":\"https:\\\/\\\/secure.gravatar.com\\\/avatar\\\/f6d8782c11d12b2d4ad3fbb6931aeab5309937a4d6cd2fc9cfaa28a6396a5aec?s=96&d=mm&r=g\",\"contentUrl\":\"https:\\\/\\\/secure.gravatar.com\\\/avatar\\\/f6d8782c11d12b2d4ad3fbb6931aeab5309937a4d6cd2fc9cfaa28a6396a5aec?s=96&d=mm&r=g\",\"caption\":\"Redacci\u00f3n\"},\"url\":\"https:\\\/\\\/fuentesfidedignas.com.mx\\\/index.php\\\/author\\\/redaccion\\\/\"}]}<\/script>\n<!-- \/ Yoast SEO plugin. -->","yoast_head_json":{"title":"Con sem\u00e1foro verde, escuelas de Sinaloa regresan a la presencialidad - Fuentes Fidedignas","robots":{"index":"index","follow":"follow","max-snippet":"max-snippet:-1","max-image-preview":"max-image-preview:large","max-video-preview":"max-video-preview:-1"},"canonical":"https:\/\/fuentesfidedignas.com.mx\/index.php\/2022\/03\/14\/con-semaforo-verde-escuelas-de-sinaloa-regresan-a-la-presencialidad\/","og_locale":"es_MX","og_type":"article","og_title":"Con sem\u00e1foro verde, escuelas de Sinaloa regresan a la presencialidad - Fuentes Fidedignas","og_description":"Se trabaja para generar condiciones en 216 escuelas con problemas severos de infraestructura Culiac\u00e1n, Sin.- Con el sem\u00e1foro epidemiol\u00f3gico en color verde para Sinaloa, a partir de este lunes, se permite el regreso a clases con jornada completa y con el 100 por ciento de la asistencia de alumnas y alumnos en las 5 mil [&hellip;]","og_url":"https:\/\/fuentesfidedignas.com.mx\/index.php\/2022\/03\/14\/con-semaforo-verde-escuelas-de-sinaloa-regresan-a-la-presencialidad\/","og_site_name":"Fuentes Fidedignas","article_publisher":"https:\/\/www.facebook.com\/Fuentes-Fidedignas-368234489921644","article_published_time":"2022-03-14T21:03:30+00:00","article_modified_time":"2022-03-14T21:06:19+00:00","og_image":[{"width":1600,"height":1066,"url":"https:\/\/fuentesfidedignas.com.mx\/wp-content\/uploads\/2022\/03\/IMG-20220314-WA0008.jpg","type":"image\/jpeg"}],"author":"Redacci\u00f3n","twitter_card":"summary_large_image","twitter_creator":"@fidedignas","twitter_site":"@fidedignas","twitter_misc":{"Escrito por":"Redacci\u00f3n","Tiempo de lectura":"2 minutos"},"schema":{"@context":"https:\/\/schema.org","@graph":[{"@type":"Article","@id":"https:\/\/fuentesfidedignas.com.mx\/index.php\/2022\/03\/14\/con-semaforo-verde-escuelas-de-sinaloa-regresan-a-la-presencialidad\/#article","isPartOf":{"@id":"https:\/\/fuentesfidedignas.com.mx\/index.php\/2022\/03\/14\/con-semaforo-verde-escuelas-de-sinaloa-regresan-a-la-presencialidad\/"},"author":{"name":"Redacci\u00f3n","@id":"https:\/\/fuentesfidedignas.com.mx\/#\/schema\/person\/331be9283d37198e2acd5750279085b0"},"headline":"Con sem\u00e1foro verde, escuelas de Sinaloa regresan a la presencialidad","datePublished":"2022-03-14T21:03:30+00:00","dateModified":"2022-03-14T21:06:19+00:00","mainEntityOfPage":{"@id":"https:\/\/fuentesfidedignas.com.mx\/index.php\/2022\/03\/14\/con-semaforo-verde-escuelas-de-sinaloa-regresan-a-la-presencialidad\/"},"wordCount":442,"commentCount":0,"publisher":{"@id":"https:\/\/fuentesfidedignas.com.mx\/#organization"},"image":{"@id":"https:\/\/fuentesfidedignas.com.mx\/index.php\/2022\/03\/14\/con-semaforo-verde-escuelas-de-sinaloa-regresan-a-la-presencialidad\/#primaryimage"},"thumbnailUrl":"https:\/\/fuentesfidedignas.com.mx\/wp-content\/uploads\/2022\/03\/IMG-20220314-WA0008.jpg","articleSection":["NOTA PRINCIPAL"],"inLanguage":"es","potentialAction":[{"@type":"CommentAction","name":"Comment","target":["https:\/\/fuentesfidedignas.com.mx\/index.php\/2022\/03\/14\/con-semaforo-verde-escuelas-de-sinaloa-regresan-a-la-presencialidad\/#respond"]}]},{"@type":"WebPage","@id":"https:\/\/fuentesfidedignas.com.mx\/index.php\/2022\/03\/14\/con-semaforo-verde-escuelas-de-sinaloa-regresan-a-la-presencialidad\/","url":"https:\/\/fuentesfidedignas.com.mx\/index.php\/2022\/03\/14\/con-semaforo-verde-escuelas-de-sinaloa-regresan-a-la-presencialidad\/","name":"Con sem\u00e1foro verde, escuelas de Sinaloa regresan a la presencialidad - Fuentes Fidedignas","isPartOf":{"@id":"https:\/\/fuentesfidedignas.com.mx\/#website"},"primaryImageOfPage":{"@id":"https:\/\/fuentesfidedignas.com.mx\/index.php\/2022\/03\/14\/con-semaforo-verde-escuelas-de-sinaloa-regresan-a-la-presencialidad\/#primaryimage"},"image":{"@id":"https:\/\/fuentesfidedignas.com.mx\/index.php\/2022\/03\/14\/con-semaforo-verde-escuelas-de-sinaloa-regresan-a-la-presencialidad\/#primaryimage"},"thumbnailUrl":"https:\/\/fuentesfidedignas.com.mx\/wp-content\/uploads\/2022\/03\/IMG-20220314-WA0008.jpg","datePublished":"2022-03-14T21:03:30+00:00","dateModified":"2022-03-14T21:06:19+00:00","breadcrumb":{"@id":"https:\/\/fuentesfidedignas.com.mx\/index.php\/2022\/03\/14\/con-semaforo-verde-escuelas-de-sinaloa-regresan-a-la-presencialidad\/#breadcrumb"},"inLanguage":"es","potentialAction":[{"@type":"ReadAction","target":["https:\/\/fuentesfidedignas.com.mx\/index.php\/2022\/03\/14\/con-semaforo-verde-escuelas-de-sinaloa-regresan-a-la-presencialidad\/"]}]},{"@type":"ImageObject","inLanguage":"es","@id":"https:\/\/fuentesfidedignas.com.mx\/index.php\/2022\/03\/14\/con-semaforo-verde-escuelas-de-sinaloa-regresan-a-la-presencialidad\/#primaryimage","url":"https:\/\/fuentesfidedignas.com.mx\/wp-content\/uploads\/2022\/03\/IMG-20220314-WA0008.jpg","contentUrl":"https:\/\/fuentesfidedignas.com.mx\/wp-content\/uploads\/2022\/03\/IMG-20220314-WA0008.jpg","width":1600,"height":1066},{"@type":"BreadcrumbList","@id":"https:\/\/fuentesfidedignas.com.mx\/index.php\/2022\/03\/14\/con-semaforo-verde-escuelas-de-sinaloa-regresan-a-la-presencialidad\/#breadcrumb","itemListElement":[{"@type":"ListItem","position":1,"name":"Inicio","item":"https:\/\/fuentesfidedignas.com.mx\/"},{"@type":"ListItem","position":2,"name":"Con sem\u00e1foro verde, escuelas de Sinaloa regresan a la presencialidad"}]},{"@type":"WebSite","@id":"https:\/\/fuentesfidedignas.com.mx\/#website","url":"https:\/\/fuentesfidedignas.com.mx\/","name":"Fuentes Fidedignas","description":"Otro sitio realizado con WordPress","publisher":{"@id":"https:\/\/fuentesfidedignas.com.mx\/#organization"},"potentialAction":[{"@type":"SearchAction","target":{"@type":"EntryPoint","urlTemplate":"https:\/\/fuentesfidedignas.com.mx\/?s={search_term_string}"},"query-input":{"@type":"PropertyValueSpecification","valueRequired":true,"valueName":"search_term_string"}}],"inLanguage":"es"},{"@type":"Organization","@id":"https:\/\/fuentesfidedignas.com.mx\/#organization","name":"Fuentes Fidedignas","url":"https:\/\/fuentesfidedignas.com.mx\/","logo":{"@type":"ImageObject","inLanguage":"es","@id":"https:\/\/fuentesfidedignas.com.mx\/#\/schema\/logo\/image\/","url":"https:\/\/fuentesfidedignas.com.mx\/wp-content\/uploads\/2021\/04\/logo-retina.png","contentUrl":"https:\/\/fuentesfidedignas.com.mx\/wp-content\/uploads\/2021\/04\/logo-retina.png","width":280,"height":51,"caption":"Fuentes Fidedignas"},"image":{"@id":"https:\/\/fuentesfidedignas.com.mx\/#\/schema\/logo\/image\/"},"sameAs":["https:\/\/www.facebook.com\/Fuentes-Fidedignas-368234489921644","https:\/\/x.com\/fidedignas"]},{"@type":"Person","@id":"https:\/\/fuentesfidedignas.com.mx\/#\/schema\/person\/331be9283d37198e2acd5750279085b0","name":"Redacci\u00f3n","image":{"@type":"ImageObject","inLanguage":"es","@id":"https:\/\/secure.gravatar.com\/avatar\/f6d8782c11d12b2d4ad3fbb6931aeab5309937a4d6cd2fc9cfaa28a6396a5aec?s=96&d=mm&r=g","url":"https:\/\/secure.gravatar.com\/avatar\/f6d8782c11d12b2d4ad3fbb6931aeab5309937a4d6cd2fc9cfaa28a6396a5aec?s=96&d=mm&r=g","contentUrl":"https:\/\/secure.gravatar.com\/avatar\/f6d8782c11d12b2d4ad3fbb6931aeab5309937a4d6cd2fc9cfaa28a6396a5aec?s=96&d=mm&r=g","caption":"Redacci\u00f3n"},"url":"https:\/\/fuentesfidedignas.com.mx\/index.php\/author\/redaccion\/"}]}},"_links":{"self":[{"href":"https:\/\/fuentesfidedignas.com.mx\/index.php\/wp-json\/wp\/v2\/posts\/26222","targetHints":{"allow":["GET"]}}],"collection":[{"href":"https:\/\/fuentesfidedignas.com.mx\/index.php\/wp-json\/wp\/v2\/posts"}],"about":[{"href":"https:\/\/fuentesfidedignas.com.mx\/index.php\/wp-json\/wp\/v2\/types\/post"}],"author":[{"embeddable":true,"href":"https:\/\/fuentesfidedignas.com.mx\/index.php\/wp-json\/wp\/v2\/users\/4"}],"replies":[{"embeddable":true,"href":"https:\/\/fuentesfidedignas.com.mx\/index.php\/wp-json\/wp\/v2\/comments?post=26222"}],"version-history":[{"count":2,"href":"https:\/\/fuentesfidedignas.com.mx\/index.php\/wp-json\/wp\/v2\/posts\/26222\/revisions"}],"predecessor-version":[{"id":26226,"href":"https:\/\/fuentesfidedignas.com.mx\/index.php\/wp-json\/wp\/v2\/posts\/26222\/revisions\/26226"}],"wp:featuredmedia":[{"embeddable":true,"href":"https:\/\/fuentesfidedignas.com.mx\/index.php\/wp-json\/wp\/v2\/media\/26225"}],"wp:attachment":[{"href":"https:\/\/fuentesfidedignas.com.mx\/index.php\/wp-json\/wp\/v2\/media?parent=26222"}],"wp:term":[{"taxonomy":"category","embeddable":true,"href":"https:\/\/fuentesfidedignas.com.mx\/index.php\/wp-json\/wp\/v2\/categories?post=26222"},{"taxonomy":"post_tag","embeddable":true,"href":"https:\/\/fuentesfidedignas.com.mx\/index.php\/wp-json\/wp\/v2\/tags?post=26222"}],"curies":[{"name":"wp","href":"https:\/\/api.w.org\/{rel}","templated":true}]}}