{"id":26214,"date":"2022-03-14T12:33:40","date_gmt":"2022-03-14T19:33:40","guid":{"rendered":"https:\/\/fuentesfidedignas.com.mx\/?p=26214"},"modified":"2022-03-14T14:18:24","modified_gmt":"2022-03-14T21:18:24","slug":"la-universidad-del-policia-de-sinaloa-brindara-la-capacitacion-a-los-policias-de-seis-estados-rocha","status":"publish","type":"post","link":"https:\/\/fuentesfidedignas.com.mx\/index.php\/2022\/03\/14\/la-universidad-del-policia-de-sinaloa-brindara-la-capacitacion-a-los-policias-de-seis-estados-rocha\/","title":{"rendered":"Universidad del Polic\u00eda de Sinaloa brindar\u00e1 la capacitaci\u00f3n a los polic\u00edas de seis estados"},"content":{"rendered":"\n<p><strong><em>Este fue uno de los acuerdos a los que lleg\u00f3 el gobernador Rocha con sus hom\u00f3logos de Baja California, Marina del Pilar \u00c1vila Olmeda; de Baja California Sur, V\u00edctor Manuel Castro Cos\u00edo; y de Sonora, Alfonso Durazo Monta\u00f1o<\/em><\/strong><\/p>\n\n\n\n<p>Culiac\u00e1n, Sin.- Durante su Conferencia Semanera, el gobernador Rub\u00e9n Rocha Moya abund\u00f3 sobre los acuerdos en materia de seguridad p\u00fablica a los que se lleg\u00f3 en la Mesa Pac\u00edfico celebrada el pasado s\u00e1bado en Mexicali, Baja California, en la cual participaron los gobernadores de cuatro estados, y uno de ellos es que la reci\u00e9n creada Universidad del Polic\u00eda de Sinaloa sea la instituci\u00f3n donde se brinde capacitaci\u00f3n a los polic\u00edas de estas cuatro entidades que suscribieron el convenio, mismo que contempla la adici\u00f3n de los estados de Nayarit y de Chihuahua.<\/p>\n\n\n\n<p>Este fue uno de los acuerdos a los que lleg\u00f3 el gobernador Rocha con sus hom\u00f3logos de Baja California, Marina del Pilar \u00c1vila Olmeda; de Baja California Sur, V\u00edctor Manuel Castro Cos\u00edo; y de Sonora, Alfonso Durazo Monta\u00f1o, con quienes suscribi\u00f3 un Convenio de Coordinaci\u00f3n y Colaboraci\u00f3n Interestatal, para consolidar una estrategia regional de seguridad para las entidades vecinas entre s\u00ed.<\/p>\n\n\n\n<p>A propuesta del mandatario sinaloense, los gobiernos de los estados participantes en el Convenio de Colaboraci\u00f3n acordaron enviar a Sinaloa a sus elementos de seguridad p\u00fablica para que reciban capacitaci\u00f3n en la Universidad del Polic\u00eda, ubicada en Culiac\u00e1n y cuyo antecedente fue el Instituto Estatal de Ciencias Penales y Seguridad P\u00fablica.<\/p>\n\n\n\n<p>Explic\u00f3 que esto es en seguimiento al acuerdo que hab\u00edan hecho los cuatro gobernadores, luego de las elecciones de julio del a\u00f1o pasado, cuando resultaron electos en sus respectivos estados, y durante una primera reuni\u00f3n antes de tomar posesi\u00f3n, acordaron precisamente la necesidad de capacitar sobre todo en materia de derechos humanos a sus polic\u00edas, y siendo Sinaloa el primer estado que cre\u00f3 la Universidad para tal fin, este s\u00e1bado se tom\u00f3 la decisi\u00f3n de que recibieran esta capacitaci\u00f3n en Culiac\u00e1n.<\/p>\n\n\n\n<p>El gobernador Rocha record\u00f3 que previamente, el pasado 18 de febrero en Tamazula, firm\u00f3 un convenio con las mismas intenciones con el gobernador de Durango, Jos\u00e9 Rosas Aispuro, tambi\u00e9n en materia de seguridad p\u00fablica, prevenci\u00f3n y persecuci\u00f3n del delito, y aunado al acuerdo en Mexicali del s\u00e1bado, Sinaloa ya tiene formalizada la colaboraci\u00f3n con todos los estados del noroeste del pa\u00eds en esta materia.<\/p>\n\n\n\n<p>En la reuni\u00f3n en Mexicali tambi\u00e9n participaron los comandantes de las dos Regiones Militares, que es la Segunda con sede precisamente en Mexicali y la Tercera con sede en Mazatl\u00e1n, as\u00ed como los comandantes de las cuatro Zonas Militares, de Sonora, las dos Baja California y la Culiac\u00e1n.<\/p>\n","protected":false},"excerpt":{"rendered":"<p>Este fue uno de los acuerdos a los que lleg\u00f3 el gobernador Rocha con sus hom\u00f3logos de Baja California, Marina del Pilar \u00c1vila Olmeda; de Baja California Sur, V\u00edctor Manuel Castro Cos\u00edo; y de Sonora, Alfonso Durazo Monta\u00f1o Culiac\u00e1n, Sin.- Durante su Conferencia Semanera, el gobernador Rub\u00e9n Rocha Moya abund\u00f3 sobre los acuerdos en materia [&hellip;]<\/p>\n","protected":false},"author":4,"featured_media":26232,"comment_status":"open","ping_status":"open","sticky":false,"template":"","format":"standard","meta":{"tdm_status":"","tdm_grid_status":"","footnotes":""},"categories":[37],"tags":[],"class_list":{"0":"post-26214","1":"post","2":"type-post","3":"status-publish","4":"format-standard","5":"has-post-thumbnail","7":"category-nota-principal"},"yoast_head":"<!-- This site is optimized with the Yoast SEO plugin v27.5 - https:\/\/yoast.com\/product\/yoast-seo-wordpress\/ -->\n<title>Universidad del Polic\u00eda de Sinaloa brindar\u00e1 la capacitaci\u00f3n a los polic\u00edas de seis estados - Fuentes Fidedignas<\/title>\n<meta name=\"robots\" content=\"index, follow, max-snippet:-1, max-image-preview:large, max-video-preview:-1\" \/>\n<link rel=\"canonical\" href=\"https:\/\/fuentesfidedignas.com.mx\/index.php\/2022\/03\/14\/la-universidad-del-policia-de-sinaloa-brindara-la-capacitacion-a-los-policias-de-seis-estados-rocha\/\" \/>\n<meta property=\"og:locale\" content=\"es_MX\" \/>\n<meta property=\"og:type\" content=\"article\" \/>\n<meta property=\"og:title\" content=\"Universidad del Polic\u00eda de Sinaloa brindar\u00e1 la capacitaci\u00f3n a los polic\u00edas de seis estados - Fuentes Fidedignas\" \/>\n<meta property=\"og:description\" content=\"Este fue uno de los acuerdos a los que lleg\u00f3 el gobernador Rocha con sus hom\u00f3logos de Baja California, Marina del Pilar \u00c1vila Olmeda; de Baja California Sur, V\u00edctor Manuel Castro Cos\u00edo; y de Sonora, Alfonso Durazo Monta\u00f1o Culiac\u00e1n, Sin.- Durante su Conferencia Semanera, el gobernador Rub\u00e9n Rocha Moya abund\u00f3 sobre los acuerdos en materia [&hellip;]\" \/>\n<meta property=\"og:url\" content=\"https:\/\/fuentesfidedignas.com.mx\/index.php\/2022\/03\/14\/la-universidad-del-policia-de-sinaloa-brindara-la-capacitacion-a-los-policias-de-seis-estados-rocha\/\" \/>\n<meta property=\"og:site_name\" content=\"Fuentes Fidedignas\" \/>\n<meta property=\"article:publisher\" content=\"https:\/\/www.facebook.com\/Fuentes-Fidedignas-368234489921644\" \/>\n<meta property=\"article:published_time\" content=\"2022-03-14T19:33:40+00:00\" \/>\n<meta property=\"article:modified_time\" content=\"2022-03-14T21:18:24+00:00\" \/>\n<meta property=\"og:image\" content=\"https:\/\/fuentesfidedignas.com.mx\/wp-content\/uploads\/2022\/03\/images-63.jpeg\" \/>\n\t<meta property=\"og:image:width\" content=\"720\" \/>\n\t<meta property=\"og:image:height\" content=\"426\" \/>\n\t<meta property=\"og:image:type\" content=\"image\/jpeg\" \/>\n<meta name=\"author\" content=\"Redacci\u00f3n\" \/>\n<meta name=\"twitter:card\" content=\"summary_large_image\" \/>\n<meta name=\"twitter:creator\" content=\"@fidedignas\" \/>\n<meta name=\"twitter:site\" content=\"@fidedignas\" \/>\n<meta name=\"twitter:label1\" content=\"Escrito por\" \/>\n\t<meta name=\"twitter:data1\" content=\"Redacci\u00f3n\" \/>\n\t<meta name=\"twitter:label2\" content=\"Tiempo de lectura\" \/>\n\t<meta name=\"twitter:data2\" content=\"2 minutos\" \/>\n<script type=\"application\/ld+json\" class=\"yoast-schema-graph\">{\"@context\":\"https:\\\/\\\/schema.org\",\"@graph\":[{\"@type\":\"Article\",\"@id\":\"https:\\\/\\\/fuentesfidedignas.com.mx\\\/index.php\\\/2022\\\/03\\\/14\\\/la-universidad-del-policia-de-sinaloa-brindara-la-capacitacion-a-los-policias-de-seis-estados-rocha\\\/#article\",\"isPartOf\":{\"@id\":\"https:\\\/\\\/fuentesfidedignas.com.mx\\\/index.php\\\/2022\\\/03\\\/14\\\/la-universidad-del-policia-de-sinaloa-brindara-la-capacitacion-a-los-policias-de-seis-estados-rocha\\\/\"},\"author\":{\"name\":\"Redacci\u00f3n\",\"@id\":\"https:\\\/\\\/fuentesfidedignas.com.mx\\\/#\\\/schema\\\/person\\\/331be9283d37198e2acd5750279085b0\"},\"headline\":\"Universidad del Polic\u00eda de Sinaloa brindar\u00e1 la capacitaci\u00f3n a los polic\u00edas de seis estados\",\"datePublished\":\"2022-03-14T19:33:40+00:00\",\"dateModified\":\"2022-03-14T21:18:24+00:00\",\"mainEntityOfPage\":{\"@id\":\"https:\\\/\\\/fuentesfidedignas.com.mx\\\/index.php\\\/2022\\\/03\\\/14\\\/la-universidad-del-policia-de-sinaloa-brindara-la-capacitacion-a-los-policias-de-seis-estados-rocha\\\/\"},\"wordCount\":498,\"commentCount\":0,\"publisher\":{\"@id\":\"https:\\\/\\\/fuentesfidedignas.com.mx\\\/#organization\"},\"image\":{\"@id\":\"https:\\\/\\\/fuentesfidedignas.com.mx\\\/index.php\\\/2022\\\/03\\\/14\\\/la-universidad-del-policia-de-sinaloa-brindara-la-capacitacion-a-los-policias-de-seis-estados-rocha\\\/#primaryimage\"},\"thumbnailUrl\":\"https:\\\/\\\/fuentesfidedignas.com.mx\\\/wp-content\\\/uploads\\\/2022\\\/03\\\/images-63.jpeg\",\"articleSection\":[\"NOTA PRINCIPAL\"],\"inLanguage\":\"es\",\"potentialAction\":[{\"@type\":\"CommentAction\",\"name\":\"Comment\",\"target\":[\"https:\\\/\\\/fuentesfidedignas.com.mx\\\/index.php\\\/2022\\\/03\\\/14\\\/la-universidad-del-policia-de-sinaloa-brindara-la-capacitacion-a-los-policias-de-seis-estados-rocha\\\/#respond\"]}]},{\"@type\":\"WebPage\",\"@id\":\"https:\\\/\\\/fuentesfidedignas.com.mx\\\/index.php\\\/2022\\\/03\\\/14\\\/la-universidad-del-policia-de-sinaloa-brindara-la-capacitacion-a-los-policias-de-seis-estados-rocha\\\/\",\"url\":\"https:\\\/\\\/fuentesfidedignas.com.mx\\\/index.php\\\/2022\\\/03\\\/14\\\/la-universidad-del-policia-de-sinaloa-brindara-la-capacitacion-a-los-policias-de-seis-estados-rocha\\\/\",\"name\":\"Universidad del Polic\u00eda de Sinaloa brindar\u00e1 la capacitaci\u00f3n a los polic\u00edas de seis estados - Fuentes Fidedignas\",\"isPartOf\":{\"@id\":\"https:\\\/\\\/fuentesfidedignas.com.mx\\\/#website\"},\"primaryImageOfPage\":{\"@id\":\"https:\\\/\\\/fuentesfidedignas.com.mx\\\/index.php\\\/2022\\\/03\\\/14\\\/la-universidad-del-policia-de-sinaloa-brindara-la-capacitacion-a-los-policias-de-seis-estados-rocha\\\/#primaryimage\"},\"image\":{\"@id\":\"https:\\\/\\\/fuentesfidedignas.com.mx\\\/index.php\\\/2022\\\/03\\\/14\\\/la-universidad-del-policia-de-sinaloa-brindara-la-capacitacion-a-los-policias-de-seis-estados-rocha\\\/#primaryimage\"},\"thumbnailUrl\":\"https:\\\/\\\/fuentesfidedignas.com.mx\\\/wp-content\\\/uploads\\\/2022\\\/03\\\/images-63.jpeg\",\"datePublished\":\"2022-03-14T19:33:40+00:00\",\"dateModified\":\"2022-03-14T21:18:24+00:00\",\"breadcrumb\":{\"@id\":\"https:\\\/\\\/fuentesfidedignas.com.mx\\\/index.php\\\/2022\\\/03\\\/14\\\/la-universidad-del-policia-de-sinaloa-brindara-la-capacitacion-a-los-policias-de-seis-estados-rocha\\\/#breadcrumb\"},\"inLanguage\":\"es\",\"potentialAction\":[{\"@type\":\"ReadAction\",\"target\":[\"https:\\\/\\\/fuentesfidedignas.com.mx\\\/index.php\\\/2022\\\/03\\\/14\\\/la-universidad-del-policia-de-sinaloa-brindara-la-capacitacion-a-los-policias-de-seis-estados-rocha\\\/\"]}]},{\"@type\":\"ImageObject\",\"inLanguage\":\"es\",\"@id\":\"https:\\\/\\\/fuentesfidedignas.com.mx\\\/index.php\\\/2022\\\/03\\\/14\\\/la-universidad-del-policia-de-sinaloa-brindara-la-capacitacion-a-los-policias-de-seis-estados-rocha\\\/#primaryimage\",\"url\":\"https:\\\/\\\/fuentesfidedignas.com.mx\\\/wp-content\\\/uploads\\\/2022\\\/03\\\/images-63.jpeg\",\"contentUrl\":\"https:\\\/\\\/fuentesfidedignas.com.mx\\\/wp-content\\\/uploads\\\/2022\\\/03\\\/images-63.jpeg\",\"width\":720,\"height\":426},{\"@type\":\"BreadcrumbList\",\"@id\":\"https:\\\/\\\/fuentesfidedignas.com.mx\\\/index.php\\\/2022\\\/03\\\/14\\\/la-universidad-del-policia-de-sinaloa-brindara-la-capacitacion-a-los-policias-de-seis-estados-rocha\\\/#breadcrumb\",\"itemListElement\":[{\"@type\":\"ListItem\",\"position\":1,\"name\":\"Inicio\",\"item\":\"https:\\\/\\\/fuentesfidedignas.com.mx\\\/\"},{\"@type\":\"ListItem\",\"position\":2,\"name\":\"Universidad del Polic\u00eda de Sinaloa brindar\u00e1 la capacitaci\u00f3n a los polic\u00edas de seis estados\"}]},{\"@type\":\"WebSite\",\"@id\":\"https:\\\/\\\/fuentesfidedignas.com.mx\\\/#website\",\"url\":\"https:\\\/\\\/fuentesfidedignas.com.mx\\\/\",\"name\":\"Fuentes Fidedignas\",\"description\":\"Otro sitio realizado con WordPress\",\"publisher\":{\"@id\":\"https:\\\/\\\/fuentesfidedignas.com.mx\\\/#organization\"},\"potentialAction\":[{\"@type\":\"SearchAction\",\"target\":{\"@type\":\"EntryPoint\",\"urlTemplate\":\"https:\\\/\\\/fuentesfidedignas.com.mx\\\/?s={search_term_string}\"},\"query-input\":{\"@type\":\"PropertyValueSpecification\",\"valueRequired\":true,\"valueName\":\"search_term_string\"}}],\"inLanguage\":\"es\"},{\"@type\":\"Organization\",\"@id\":\"https:\\\/\\\/fuentesfidedignas.com.mx\\\/#organization\",\"name\":\"Fuentes Fidedignas\",\"url\":\"https:\\\/\\\/fuentesfidedignas.com.mx\\\/\",\"logo\":{\"@type\":\"ImageObject\",\"inLanguage\":\"es\",\"@id\":\"https:\\\/\\\/fuentesfidedignas.com.mx\\\/#\\\/schema\\\/logo\\\/image\\\/\",\"url\":\"https:\\\/\\\/fuentesfidedignas.com.mx\\\/wp-content\\\/uploads\\\/2021\\\/04\\\/logo-retina.png\",\"contentUrl\":\"https:\\\/\\\/fuentesfidedignas.com.mx\\\/wp-content\\\/uploads\\\/2021\\\/04\\\/logo-retina.png\",\"width\":280,\"height\":51,\"caption\":\"Fuentes Fidedignas\"},\"image\":{\"@id\":\"https:\\\/\\\/fuentesfidedignas.com.mx\\\/#\\\/schema\\\/logo\\\/image\\\/\"},\"sameAs\":[\"https:\\\/\\\/www.facebook.com\\\/Fuentes-Fidedignas-368234489921644\",\"https:\\\/\\\/x.com\\\/fidedignas\"]},{\"@type\":\"Person\",\"@id\":\"https:\\\/\\\/fuentesfidedignas.com.mx\\\/#\\\/schema\\\/person\\\/331be9283d37198e2acd5750279085b0\",\"name\":\"Redacci\u00f3n\",\"image\":{\"@type\":\"ImageObject\",\"inLanguage\":\"es\",\"@id\":\"https:\\\/\\\/secure.gravatar.com\\\/avatar\\\/f6d8782c11d12b2d4ad3fbb6931aeab5309937a4d6cd2fc9cfaa28a6396a5aec?s=96&d=mm&r=g\",\"url\":\"https:\\\/\\\/secure.gravatar.com\\\/avatar\\\/f6d8782c11d12b2d4ad3fbb6931aeab5309937a4d6cd2fc9cfaa28a6396a5aec?s=96&d=mm&r=g\",\"contentUrl\":\"https:\\\/\\\/secure.gravatar.com\\\/avatar\\\/f6d8782c11d12b2d4ad3fbb6931aeab5309937a4d6cd2fc9cfaa28a6396a5aec?s=96&d=mm&r=g\",\"caption\":\"Redacci\u00f3n\"},\"url\":\"https:\\\/\\\/fuentesfidedignas.com.mx\\\/index.php\\\/author\\\/redaccion\\\/\"}]}<\/script>\n<!-- \/ Yoast SEO plugin. -->","yoast_head_json":{"title":"Universidad del Polic\u00eda de Sinaloa brindar\u00e1 la capacitaci\u00f3n a los polic\u00edas de seis estados - Fuentes Fidedignas","robots":{"index":"index","follow":"follow","max-snippet":"max-snippet:-1","max-image-preview":"max-image-preview:large","max-video-preview":"max-video-preview:-1"},"canonical":"https:\/\/fuentesfidedignas.com.mx\/index.php\/2022\/03\/14\/la-universidad-del-policia-de-sinaloa-brindara-la-capacitacion-a-los-policias-de-seis-estados-rocha\/","og_locale":"es_MX","og_type":"article","og_title":"Universidad del Polic\u00eda de Sinaloa brindar\u00e1 la capacitaci\u00f3n a los polic\u00edas de seis estados - Fuentes Fidedignas","og_description":"Este fue uno de los acuerdos a los que lleg\u00f3 el gobernador Rocha con sus hom\u00f3logos de Baja California, Marina del Pilar \u00c1vila Olmeda; de Baja California Sur, V\u00edctor Manuel Castro Cos\u00edo; y de Sonora, Alfonso Durazo Monta\u00f1o Culiac\u00e1n, Sin.- Durante su Conferencia Semanera, el gobernador Rub\u00e9n Rocha Moya abund\u00f3 sobre los acuerdos en materia [&hellip;]","og_url":"https:\/\/fuentesfidedignas.com.mx\/index.php\/2022\/03\/14\/la-universidad-del-policia-de-sinaloa-brindara-la-capacitacion-a-los-policias-de-seis-estados-rocha\/","og_site_name":"Fuentes Fidedignas","article_publisher":"https:\/\/www.facebook.com\/Fuentes-Fidedignas-368234489921644","article_published_time":"2022-03-14T19:33:40+00:00","article_modified_time":"2022-03-14T21:18:24+00:00","og_image":[{"width":720,"height":426,"url":"https:\/\/fuentesfidedignas.com.mx\/wp-content\/uploads\/2022\/03\/images-63.jpeg","type":"image\/jpeg"}],"author":"Redacci\u00f3n","twitter_card":"summary_large_image","twitter_creator":"@fidedignas","twitter_site":"@fidedignas","twitter_misc":{"Escrito por":"Redacci\u00f3n","Tiempo de lectura":"2 minutos"},"schema":{"@context":"https:\/\/schema.org","@graph":[{"@type":"Article","@id":"https:\/\/fuentesfidedignas.com.mx\/index.php\/2022\/03\/14\/la-universidad-del-policia-de-sinaloa-brindara-la-capacitacion-a-los-policias-de-seis-estados-rocha\/#article","isPartOf":{"@id":"https:\/\/fuentesfidedignas.com.mx\/index.php\/2022\/03\/14\/la-universidad-del-policia-de-sinaloa-brindara-la-capacitacion-a-los-policias-de-seis-estados-rocha\/"},"author":{"name":"Redacci\u00f3n","@id":"https:\/\/fuentesfidedignas.com.mx\/#\/schema\/person\/331be9283d37198e2acd5750279085b0"},"headline":"Universidad del Polic\u00eda de Sinaloa brindar\u00e1 la capacitaci\u00f3n a los polic\u00edas de seis estados","datePublished":"2022-03-14T19:33:40+00:00","dateModified":"2022-03-14T21:18:24+00:00","mainEntityOfPage":{"@id":"https:\/\/fuentesfidedignas.com.mx\/index.php\/2022\/03\/14\/la-universidad-del-policia-de-sinaloa-brindara-la-capacitacion-a-los-policias-de-seis-estados-rocha\/"},"wordCount":498,"commentCount":0,"publisher":{"@id":"https:\/\/fuentesfidedignas.com.mx\/#organization"},"image":{"@id":"https:\/\/fuentesfidedignas.com.mx\/index.php\/2022\/03\/14\/la-universidad-del-policia-de-sinaloa-brindara-la-capacitacion-a-los-policias-de-seis-estados-rocha\/#primaryimage"},"thumbnailUrl":"https:\/\/fuentesfidedignas.com.mx\/wp-content\/uploads\/2022\/03\/images-63.jpeg","articleSection":["NOTA PRINCIPAL"],"inLanguage":"es","potentialAction":[{"@type":"CommentAction","name":"Comment","target":["https:\/\/fuentesfidedignas.com.mx\/index.php\/2022\/03\/14\/la-universidad-del-policia-de-sinaloa-brindara-la-capacitacion-a-los-policias-de-seis-estados-rocha\/#respond"]}]},{"@type":"WebPage","@id":"https:\/\/fuentesfidedignas.com.mx\/index.php\/2022\/03\/14\/la-universidad-del-policia-de-sinaloa-brindara-la-capacitacion-a-los-policias-de-seis-estados-rocha\/","url":"https:\/\/fuentesfidedignas.com.mx\/index.php\/2022\/03\/14\/la-universidad-del-policia-de-sinaloa-brindara-la-capacitacion-a-los-policias-de-seis-estados-rocha\/","name":"Universidad del Polic\u00eda de Sinaloa brindar\u00e1 la capacitaci\u00f3n a los polic\u00edas de seis estados - Fuentes Fidedignas","isPartOf":{"@id":"https:\/\/fuentesfidedignas.com.mx\/#website"},"primaryImageOfPage":{"@id":"https:\/\/fuentesfidedignas.com.mx\/index.php\/2022\/03\/14\/la-universidad-del-policia-de-sinaloa-brindara-la-capacitacion-a-los-policias-de-seis-estados-rocha\/#primaryimage"},"image":{"@id":"https:\/\/fuentesfidedignas.com.mx\/index.php\/2022\/03\/14\/la-universidad-del-policia-de-sinaloa-brindara-la-capacitacion-a-los-policias-de-seis-estados-rocha\/#primaryimage"},"thumbnailUrl":"https:\/\/fuentesfidedignas.com.mx\/wp-content\/uploads\/2022\/03\/images-63.jpeg","datePublished":"2022-03-14T19:33:40+00:00","dateModified":"2022-03-14T21:18:24+00:00","breadcrumb":{"@id":"https:\/\/fuentesfidedignas.com.mx\/index.php\/2022\/03\/14\/la-universidad-del-policia-de-sinaloa-brindara-la-capacitacion-a-los-policias-de-seis-estados-rocha\/#breadcrumb"},"inLanguage":"es","potentialAction":[{"@type":"ReadAction","target":["https:\/\/fuentesfidedignas.com.mx\/index.php\/2022\/03\/14\/la-universidad-del-policia-de-sinaloa-brindara-la-capacitacion-a-los-policias-de-seis-estados-rocha\/"]}]},{"@type":"ImageObject","inLanguage":"es","@id":"https:\/\/fuentesfidedignas.com.mx\/index.php\/2022\/03\/14\/la-universidad-del-policia-de-sinaloa-brindara-la-capacitacion-a-los-policias-de-seis-estados-rocha\/#primaryimage","url":"https:\/\/fuentesfidedignas.com.mx\/wp-content\/uploads\/2022\/03\/images-63.jpeg","contentUrl":"https:\/\/fuentesfidedignas.com.mx\/wp-content\/uploads\/2022\/03\/images-63.jpeg","width":720,"height":426},{"@type":"BreadcrumbList","@id":"https:\/\/fuentesfidedignas.com.mx\/index.php\/2022\/03\/14\/la-universidad-del-policia-de-sinaloa-brindara-la-capacitacion-a-los-policias-de-seis-estados-rocha\/#breadcrumb","itemListElement":[{"@type":"ListItem","position":1,"name":"Inicio","item":"https:\/\/fuentesfidedignas.com.mx\/"},{"@type":"ListItem","position":2,"name":"Universidad del Polic\u00eda de Sinaloa brindar\u00e1 la capacitaci\u00f3n a los polic\u00edas de seis estados"}]},{"@type":"WebSite","@id":"https:\/\/fuentesfidedignas.com.mx\/#website","url":"https:\/\/fuentesfidedignas.com.mx\/","name":"Fuentes Fidedignas","description":"Otro sitio realizado con WordPress","publisher":{"@id":"https:\/\/fuentesfidedignas.com.mx\/#organization"},"potentialAction":[{"@type":"SearchAction","target":{"@type":"EntryPoint","urlTemplate":"https:\/\/fuentesfidedignas.com.mx\/?s={search_term_string}"},"query-input":{"@type":"PropertyValueSpecification","valueRequired":true,"valueName":"search_term_string"}}],"inLanguage":"es"},{"@type":"Organization","@id":"https:\/\/fuentesfidedignas.com.mx\/#organization","name":"Fuentes Fidedignas","url":"https:\/\/fuentesfidedignas.com.mx\/","logo":{"@type":"ImageObject","inLanguage":"es","@id":"https:\/\/fuentesfidedignas.com.mx\/#\/schema\/logo\/image\/","url":"https:\/\/fuentesfidedignas.com.mx\/wp-content\/uploads\/2021\/04\/logo-retina.png","contentUrl":"https:\/\/fuentesfidedignas.com.mx\/wp-content\/uploads\/2021\/04\/logo-retina.png","width":280,"height":51,"caption":"Fuentes Fidedignas"},"image":{"@id":"https:\/\/fuentesfidedignas.com.mx\/#\/schema\/logo\/image\/"},"sameAs":["https:\/\/www.facebook.com\/Fuentes-Fidedignas-368234489921644","https:\/\/x.com\/fidedignas"]},{"@type":"Person","@id":"https:\/\/fuentesfidedignas.com.mx\/#\/schema\/person\/331be9283d37198e2acd5750279085b0","name":"Redacci\u00f3n","image":{"@type":"ImageObject","inLanguage":"es","@id":"https:\/\/secure.gravatar.com\/avatar\/f6d8782c11d12b2d4ad3fbb6931aeab5309937a4d6cd2fc9cfaa28a6396a5aec?s=96&d=mm&r=g","url":"https:\/\/secure.gravatar.com\/avatar\/f6d8782c11d12b2d4ad3fbb6931aeab5309937a4d6cd2fc9cfaa28a6396a5aec?s=96&d=mm&r=g","contentUrl":"https:\/\/secure.gravatar.com\/avatar\/f6d8782c11d12b2d4ad3fbb6931aeab5309937a4d6cd2fc9cfaa28a6396a5aec?s=96&d=mm&r=g","caption":"Redacci\u00f3n"},"url":"https:\/\/fuentesfidedignas.com.mx\/index.php\/author\/redaccion\/"}]}},"_links":{"self":[{"href":"https:\/\/fuentesfidedignas.com.mx\/index.php\/wp-json\/wp\/v2\/posts\/26214","targetHints":{"allow":["GET"]}}],"collection":[{"href":"https:\/\/fuentesfidedignas.com.mx\/index.php\/wp-json\/wp\/v2\/posts"}],"about":[{"href":"https:\/\/fuentesfidedignas.com.mx\/index.php\/wp-json\/wp\/v2\/types\/post"}],"author":[{"embeddable":true,"href":"https:\/\/fuentesfidedignas.com.mx\/index.php\/wp-json\/wp\/v2\/users\/4"}],"replies":[{"embeddable":true,"href":"https:\/\/fuentesfidedignas.com.mx\/index.php\/wp-json\/wp\/v2\/comments?post=26214"}],"version-history":[{"count":5,"href":"https:\/\/fuentesfidedignas.com.mx\/index.php\/wp-json\/wp\/v2\/posts\/26214\/revisions"}],"predecessor-version":[{"id":26237,"href":"https:\/\/fuentesfidedignas.com.mx\/index.php\/wp-json\/wp\/v2\/posts\/26214\/revisions\/26237"}],"wp:featuredmedia":[{"embeddable":true,"href":"https:\/\/fuentesfidedignas.com.mx\/index.php\/wp-json\/wp\/v2\/media\/26232"}],"wp:attachment":[{"href":"https:\/\/fuentesfidedignas.com.mx\/index.php\/wp-json\/wp\/v2\/media?parent=26214"}],"wp:term":[{"taxonomy":"category","embeddable":true,"href":"https:\/\/fuentesfidedignas.com.mx\/index.php\/wp-json\/wp\/v2\/categories?post=26214"},{"taxonomy":"post_tag","embeddable":true,"href":"https:\/\/fuentesfidedignas.com.mx\/index.php\/wp-json\/wp\/v2\/tags?post=26214"}],"curies":[{"name":"wp","href":"https:\/\/api.w.org\/{rel}","templated":true}]}}