{"id":26155,"date":"2022-03-13T15:02:29","date_gmt":"2022-03-13T22:02:29","guid":{"rendered":"https:\/\/fuentesfidedignas.com.mx\/?p=26155"},"modified":"2022-03-13T15:02:32","modified_gmt":"2022-03-13T22:02:32","slug":"semar-detiene-a-el-chaparrito-jefe-del-cjng-en-colima","status":"publish","type":"post","link":"https:\/\/fuentesfidedignas.com.mx\/index.php\/2022\/03\/13\/semar-detiene-a-el-chaparrito-jefe-del-cjng-en-colima\/","title":{"rendered":"Semar detiene a \u2018El Chaparrito\u2019, jefe del CJNG en Colima"},"content":{"rendered":"\n<p><strong><em>Aldrin Jarqu\u00edn Jarqu\u00edn, jefe regional del C\u00e1rtel Jalisco Nueva Generaci\u00f3n (CJNG) en el estado de Colima, fue detenido en Zapopan.<\/em><\/strong><\/p>\n\n\n\n<p>Ciudad de M\u00e9xico.- Esta ma\u00f1ana durante un operativo conjunto entre elementos de infanter\u00eda de la Armada de M\u00e9xico (Semar) y Fiscal\u00eda General de la Rep\u00fablica (FGR) en el municipio de Zapopan, detuvieron a Aldrin Jarqu\u00edn Jarqu\u00edn, \u201cEl Chaparrito\u201d, jefe regional del C\u00e1rtel Jalisco Nueva Generaci\u00f3n (CJNG) en el estado de Colima.<\/p>\n\n\n\n<p>En esta acci\u00f3n encabezada por elementos de inteligencia naval, integrantes de las Unidades de Operaciones Especiales de Semar en coordinaci\u00f3n con elementos de la FGR, realizaron diversos cateos en el municipio zapopano con la finalidad de detener a este objetivo prioritario del crimen organizado.<\/p>\n\n\n\n<p>De acuerdo con las fuentes del Gabinete de Seguridad del Gobierno Federal, \u201cEl Chaparrito\u201d tiene el control del puerto de Manzanillo, Colima, para la introducci\u00f3n de estupefacientes y precursores qu\u00edmicos para la organizaci\u00f3n delictiva.<\/p>\n\n\n\n<p>Las agencias de seguridad de M\u00e9xico y Estados Unidos lo buscan por ser el principal generador de violencia en el estado de Colima; adem\u00e1s de ser un objetivo prioritario para los dos gobiernos.<\/p>\n\n\n\n<p>El detenido fue trasladado v\u00eda a\u00e9rea en un helic\u00f3ptero Black Hawk de la Armada de M\u00e9xico del municipio de Zapopan, Jalisco, al helipuerto de la FGR, donde fue puesto a disposici\u00f3n del Ministerio P\u00fablico Federal, adscrito a la Fiscal\u00eda Especializada en materia de Delincuencia Organizada (FEMDO).<\/p>\n\n\n\n<p>De acuerdo con las fuentes consultadas, este objetivo prioritario del Gobierno de M\u00e9xico ten\u00eda en su poder el control del trasiego de estupefacientes y diversos qu\u00edmicos para la elaboraci\u00f3n de drogas sint\u00e9ticas en la entidad, utilizando el puerto de Manzanillo como su base de operaciones.<\/p>\n\n\n\n<p>En su momento la Oficina de Control de Activos Extranjeros (OFAC, por sus siglas en ingl\u00e9s), del Departamento del Tesoro de Estados Unidos, dio a conocer que de conformidad con la Ley de Designaci\u00f3n de Cabecillas Extranjeros (Ley Kingpin)-, Aldrin Miguel Jarqu\u00edn Jarqu\u00edn, alias \u201cEl Chaparrito\u201d, es un \u201cnarcotraficante significativo\u201d y operador del trasiego de drogas para el CJNG en el puerto de Manzanillo, Colima.<\/p>\n\n\n\n<p>El Gobierno de EU enfatiz\u00f3 que, por Manzanillo, el CJNG acopia grandes cantidades de drogas sint\u00e9ticas que contienen fentanilo, sustancia letal que llega a M\u00e9xico en su mayor\u00eda procedente de China.<\/p>\n\n\n\n<p>El Departamento del Tesoro est\u00e1 comprometido a continuar trabajando con el gobierno de M\u00e9xico para exponer, aislar y desmantelar a los miembros del CJNG que operan en Manzanillo y otros lugares\u201d, abund\u00f3 la directora de la OFAC.<\/p>\n\n\n\n<p>Esta lista incluye a Aldrin Miguel y Jos\u00e9 Jes\u00fas Jarqu\u00edn Jarqu\u00edn, con los alias de \u201cEl Chaparrito\u201d y \u201cR32\u201d, considerados por el gobierno estadounidense como los cabecillas de la c\u00e9lula criminal que opera en Manzanillo y en todo el estado de Colima, junto con D\u00edaz de Le\u00f3n Sauceda, y el subordinado de los tres: Zagal Ant\u00f3n.<\/p>\n\n\n\n<p>Cabe destacar que la Unidad de Inteligencia Financiera (UIF) les congel\u00f3 sus cuentas bancarias en junio del 2020 a \u201cEl Chaparrito\u201d y a \u201cR32\u201d, junto a sus dos secuaces.<\/p>\n\n\n\n<p>Fueron designados por proveer a la organizaci\u00f3n criminal apoyo financiero, tecnol\u00f3gico, bienes y servicios y porque juntos ayudan al CJNG a llevar a cabo operaciones de tr\u00e1fico de drogas a trav\u00e9s del puerto de Manzanillo y mantienen contacto con los proveedores de coca\u00edna de Colombia\u201d, destac\u00f3 el Departamento del Tesoro.<\/p>\n\n\n\n<p>Aldrin Jarqu\u00edn Jarqu\u00edn, \u201cEl Chaparrito\u201d, fue ingresado a la Fiscal\u00eda Especializada en materia de Delincuencia Organizada (FEMDO) alrededor de las 14:45 de la tarde de este domingo para iniciar su proceso por delitos contra la salud, portaci\u00f3n de armas de uso exclusivo del ej\u00e9rcito, entre otros.<\/p>\n\n\n\n<figure class=\"wp-block-embed is-type-rich is-provider-twitter wp-block-embed-twitter\"><div class=\"wp-block-embed__wrapper\">\n<blockquote class=\"twitter-tweet\" data-width=\"550\" data-dnt=\"true\"><p lang=\"es\" dir=\"ltr\">La UIF le congel\u00f3 diversas cuentas bancar\u00edas con miles de d\u00f3lares a Aldrin Jarqu\u00edn Jarqu\u00edn (a) \u201cChaparrito\u201d jefe regional del C\u00e1rtel Jalisco Nueva Generaci\u00f3n (CJNG) en el estado de Colima. <a href=\"https:\/\/t.co\/VZonMfsHqQ\">pic.twitter.com\/VZonMfsHqQ<\/a><\/p>&mdash; Ra\u00fal Flores Mart\u00ednez (@SoyRaulFlores) <a href=\"https:\/\/twitter.com\/SoyRaulFlores\/status\/1503115257467781139?ref_src=twsrc%5Etfw\">March 13, 2022<\/a><\/blockquote><script async src=\"https:\/\/platform.twitter.com\/widgets.js\" charset=\"utf-8\"><\/script>\n<\/div><\/figure>\n","protected":false},"excerpt":{"rendered":"<p>Aldrin Jarqu\u00edn Jarqu\u00edn, jefe regional del C\u00e1rtel Jalisco Nueva Generaci\u00f3n (CJNG) en el estado de Colima, fue detenido en Zapopan. Ciudad de M\u00e9xico.- Esta ma\u00f1ana durante un operativo conjunto entre elementos de infanter\u00eda de la Armada de M\u00e9xico (Semar) y Fiscal\u00eda General de la Rep\u00fablica (FGR) en el municipio de Zapopan, detuvieron a Aldrin Jarqu\u00edn [&hellip;]<\/p>\n","protected":false},"author":7,"featured_media":26156,"comment_status":"open","ping_status":"open","sticky":false,"template":"","format":"standard","meta":{"tdm_status":"","tdm_grid_status":"","footnotes":""},"categories":[39],"tags":[204,203,1081],"class_list":{"0":"post-26155","1":"post","2":"type-post","3":"status-publish","4":"format-standard","5":"has-post-thumbnail","7":"category-noticias-nacionales","8":"tag-cartel-jalisco-nueva-generacion","9":"tag-cjng","10":"tag-colima"},"yoast_head":"<!-- This site is optimized with the Yoast SEO plugin v27.4 - https:\/\/yoast.com\/product\/yoast-seo-wordpress\/ -->\n<title>Semar detiene a \u2018El Chaparrito\u2019, jefe del CJNG en Colima - Fuentes Fidedignas<\/title>\n<meta name=\"robots\" content=\"index, follow, max-snippet:-1, max-image-preview:large, max-video-preview:-1\" \/>\n<link rel=\"canonical\" href=\"https:\/\/fuentesfidedignas.com.mx\/index.php\/2022\/03\/13\/semar-detiene-a-el-chaparrito-jefe-del-cjng-en-colima\/\" \/>\n<meta property=\"og:locale\" content=\"es_MX\" \/>\n<meta property=\"og:type\" content=\"article\" \/>\n<meta property=\"og:title\" content=\"Semar detiene a \u2018El Chaparrito\u2019, jefe del CJNG en Colima - Fuentes Fidedignas\" \/>\n<meta property=\"og:description\" content=\"Aldrin Jarqu\u00edn Jarqu\u00edn, jefe regional del C\u00e1rtel Jalisco Nueva Generaci\u00f3n (CJNG) en el estado de Colima, fue detenido en Zapopan. Ciudad de M\u00e9xico.- Esta ma\u00f1ana durante un operativo conjunto entre elementos de infanter\u00eda de la Armada de M\u00e9xico (Semar) y Fiscal\u00eda General de la Rep\u00fablica (FGR) en el municipio de Zapopan, detuvieron a Aldrin Jarqu\u00edn [&hellip;]\" \/>\n<meta property=\"og:url\" content=\"https:\/\/fuentesfidedignas.com.mx\/index.php\/2022\/03\/13\/semar-detiene-a-el-chaparrito-jefe-del-cjng-en-colima\/\" \/>\n<meta property=\"og:site_name\" content=\"Fuentes Fidedignas\" \/>\n<meta property=\"article:publisher\" content=\"https:\/\/www.facebook.com\/Fuentes-Fidedignas-368234489921644\" \/>\n<meta property=\"article:published_time\" content=\"2022-03-13T22:02:29+00:00\" \/>\n<meta property=\"article:modified_time\" content=\"2022-03-13T22:02:32+00:00\" \/>\n<meta property=\"og:image\" content=\"https:\/\/fuentesfidedignas.com.mx\/wp-content\/uploads\/2022\/03\/FICHA.jpg\" \/>\n\t<meta property=\"og:image:width\" content=\"800\" \/>\n\t<meta property=\"og:image:height\" content=\"600\" \/>\n\t<meta property=\"og:image:type\" content=\"image\/jpeg\" \/>\n<meta name=\"author\" content=\"Exc\u00e9lsior\" \/>\n<meta name=\"twitter:card\" content=\"summary_large_image\" \/>\n<meta name=\"twitter:creator\" content=\"@fidedignas\" \/>\n<meta name=\"twitter:site\" content=\"@fidedignas\" \/>\n<meta name=\"twitter:label1\" content=\"Escrito por\" \/>\n\t<meta name=\"twitter:data1\" content=\"Exc\u00e9lsior\" \/>\n\t<meta name=\"twitter:label2\" content=\"Tiempo de lectura\" \/>\n\t<meta name=\"twitter:data2\" content=\"3 minutos\" \/>\n<script type=\"application\/ld+json\" class=\"yoast-schema-graph\">{\"@context\":\"https:\\\/\\\/schema.org\",\"@graph\":[{\"@type\":\"Article\",\"@id\":\"https:\\\/\\\/fuentesfidedignas.com.mx\\\/index.php\\\/2022\\\/03\\\/13\\\/semar-detiene-a-el-chaparrito-jefe-del-cjng-en-colima\\\/#article\",\"isPartOf\":{\"@id\":\"https:\\\/\\\/fuentesfidedignas.com.mx\\\/index.php\\\/2022\\\/03\\\/13\\\/semar-detiene-a-el-chaparrito-jefe-del-cjng-en-colima\\\/\"},\"author\":{\"name\":\"Exc\u00e9lsior\",\"@id\":\"https:\\\/\\\/fuentesfidedignas.com.mx\\\/#\\\/schema\\\/person\\\/ec4edd1fbf5efa3e44fce34fe2787780\"},\"headline\":\"Semar detiene a \u2018El Chaparrito\u2019, jefe del CJNG en Colima\",\"datePublished\":\"2022-03-13T22:02:29+00:00\",\"dateModified\":\"2022-03-13T22:02:32+00:00\",\"mainEntityOfPage\":{\"@id\":\"https:\\\/\\\/fuentesfidedignas.com.mx\\\/index.php\\\/2022\\\/03\\\/13\\\/semar-detiene-a-el-chaparrito-jefe-del-cjng-en-colima\\\/\"},\"wordCount\":685,\"commentCount\":0,\"publisher\":{\"@id\":\"https:\\\/\\\/fuentesfidedignas.com.mx\\\/#organization\"},\"image\":{\"@id\":\"https:\\\/\\\/fuentesfidedignas.com.mx\\\/index.php\\\/2022\\\/03\\\/13\\\/semar-detiene-a-el-chaparrito-jefe-del-cjng-en-colima\\\/#primaryimage\"},\"thumbnailUrl\":\"https:\\\/\\\/fuentesfidedignas.com.mx\\\/wp-content\\\/uploads\\\/2022\\\/03\\\/FICHA.jpg\",\"keywords\":[\"C\u00e1rtel Jalisco Nueva Generaci\u00f3n\",\"CJNG\",\"Colima\"],\"articleSection\":[\"NOTICIAS NACIONALES\"],\"inLanguage\":\"es\",\"potentialAction\":[{\"@type\":\"CommentAction\",\"name\":\"Comment\",\"target\":[\"https:\\\/\\\/fuentesfidedignas.com.mx\\\/index.php\\\/2022\\\/03\\\/13\\\/semar-detiene-a-el-chaparrito-jefe-del-cjng-en-colima\\\/#respond\"]}]},{\"@type\":\"WebPage\",\"@id\":\"https:\\\/\\\/fuentesfidedignas.com.mx\\\/index.php\\\/2022\\\/03\\\/13\\\/semar-detiene-a-el-chaparrito-jefe-del-cjng-en-colima\\\/\",\"url\":\"https:\\\/\\\/fuentesfidedignas.com.mx\\\/index.php\\\/2022\\\/03\\\/13\\\/semar-detiene-a-el-chaparrito-jefe-del-cjng-en-colima\\\/\",\"name\":\"Semar detiene a \u2018El Chaparrito\u2019, jefe del CJNG en Colima - Fuentes Fidedignas\",\"isPartOf\":{\"@id\":\"https:\\\/\\\/fuentesfidedignas.com.mx\\\/#website\"},\"primaryImageOfPage\":{\"@id\":\"https:\\\/\\\/fuentesfidedignas.com.mx\\\/index.php\\\/2022\\\/03\\\/13\\\/semar-detiene-a-el-chaparrito-jefe-del-cjng-en-colima\\\/#primaryimage\"},\"image\":{\"@id\":\"https:\\\/\\\/fuentesfidedignas.com.mx\\\/index.php\\\/2022\\\/03\\\/13\\\/semar-detiene-a-el-chaparrito-jefe-del-cjng-en-colima\\\/#primaryimage\"},\"thumbnailUrl\":\"https:\\\/\\\/fuentesfidedignas.com.mx\\\/wp-content\\\/uploads\\\/2022\\\/03\\\/FICHA.jpg\",\"datePublished\":\"2022-03-13T22:02:29+00:00\",\"dateModified\":\"2022-03-13T22:02:32+00:00\",\"breadcrumb\":{\"@id\":\"https:\\\/\\\/fuentesfidedignas.com.mx\\\/index.php\\\/2022\\\/03\\\/13\\\/semar-detiene-a-el-chaparrito-jefe-del-cjng-en-colima\\\/#breadcrumb\"},\"inLanguage\":\"es\",\"potentialAction\":[{\"@type\":\"ReadAction\",\"target\":[\"https:\\\/\\\/fuentesfidedignas.com.mx\\\/index.php\\\/2022\\\/03\\\/13\\\/semar-detiene-a-el-chaparrito-jefe-del-cjng-en-colima\\\/\"]}]},{\"@type\":\"ImageObject\",\"inLanguage\":\"es\",\"@id\":\"https:\\\/\\\/fuentesfidedignas.com.mx\\\/index.php\\\/2022\\\/03\\\/13\\\/semar-detiene-a-el-chaparrito-jefe-del-cjng-en-colima\\\/#primaryimage\",\"url\":\"https:\\\/\\\/fuentesfidedignas.com.mx\\\/wp-content\\\/uploads\\\/2022\\\/03\\\/FICHA.jpg\",\"contentUrl\":\"https:\\\/\\\/fuentesfidedignas.com.mx\\\/wp-content\\\/uploads\\\/2022\\\/03\\\/FICHA.jpg\",\"width\":800,\"height\":600},{\"@type\":\"BreadcrumbList\",\"@id\":\"https:\\\/\\\/fuentesfidedignas.com.mx\\\/index.php\\\/2022\\\/03\\\/13\\\/semar-detiene-a-el-chaparrito-jefe-del-cjng-en-colima\\\/#breadcrumb\",\"itemListElement\":[{\"@type\":\"ListItem\",\"position\":1,\"name\":\"Inicio\",\"item\":\"https:\\\/\\\/fuentesfidedignas.com.mx\\\/\"},{\"@type\":\"ListItem\",\"position\":2,\"name\":\"Semar detiene a \u2018El Chaparrito\u2019, jefe del CJNG en Colima\"}]},{\"@type\":\"WebSite\",\"@id\":\"https:\\\/\\\/fuentesfidedignas.com.mx\\\/#website\",\"url\":\"https:\\\/\\\/fuentesfidedignas.com.mx\\\/\",\"name\":\"Fuentes Fidedignas\",\"description\":\"Otro sitio realizado con WordPress\",\"publisher\":{\"@id\":\"https:\\\/\\\/fuentesfidedignas.com.mx\\\/#organization\"},\"potentialAction\":[{\"@type\":\"SearchAction\",\"target\":{\"@type\":\"EntryPoint\",\"urlTemplate\":\"https:\\\/\\\/fuentesfidedignas.com.mx\\\/?s={search_term_string}\"},\"query-input\":{\"@type\":\"PropertyValueSpecification\",\"valueRequired\":true,\"valueName\":\"search_term_string\"}}],\"inLanguage\":\"es\"},{\"@type\":\"Organization\",\"@id\":\"https:\\\/\\\/fuentesfidedignas.com.mx\\\/#organization\",\"name\":\"Fuentes Fidedignas\",\"url\":\"https:\\\/\\\/fuentesfidedignas.com.mx\\\/\",\"logo\":{\"@type\":\"ImageObject\",\"inLanguage\":\"es\",\"@id\":\"https:\\\/\\\/fuentesfidedignas.com.mx\\\/#\\\/schema\\\/logo\\\/image\\\/\",\"url\":\"https:\\\/\\\/fuentesfidedignas.com.mx\\\/wp-content\\\/uploads\\\/2021\\\/04\\\/logo-retina.png\",\"contentUrl\":\"https:\\\/\\\/fuentesfidedignas.com.mx\\\/wp-content\\\/uploads\\\/2021\\\/04\\\/logo-retina.png\",\"width\":280,\"height\":51,\"caption\":\"Fuentes Fidedignas\"},\"image\":{\"@id\":\"https:\\\/\\\/fuentesfidedignas.com.mx\\\/#\\\/schema\\\/logo\\\/image\\\/\"},\"sameAs\":[\"https:\\\/\\\/www.facebook.com\\\/Fuentes-Fidedignas-368234489921644\",\"https:\\\/\\\/x.com\\\/fidedignas\"]},{\"@type\":\"Person\",\"@id\":\"https:\\\/\\\/fuentesfidedignas.com.mx\\\/#\\\/schema\\\/person\\\/ec4edd1fbf5efa3e44fce34fe2787780\",\"name\":\"Exc\u00e9lsior\",\"image\":{\"@type\":\"ImageObject\",\"inLanguage\":\"es\",\"@id\":\"https:\\\/\\\/secure.gravatar.com\\\/avatar\\\/4b7ee9206b48be08447852b3f0814dbc7c0f3b51541b164f1464a2725614020b?s=96&d=mm&r=g\",\"url\":\"https:\\\/\\\/secure.gravatar.com\\\/avatar\\\/4b7ee9206b48be08447852b3f0814dbc7c0f3b51541b164f1464a2725614020b?s=96&d=mm&r=g\",\"contentUrl\":\"https:\\\/\\\/secure.gravatar.com\\\/avatar\\\/4b7ee9206b48be08447852b3f0814dbc7c0f3b51541b164f1464a2725614020b?s=96&d=mm&r=g\",\"caption\":\"Exc\u00e9lsior\"},\"url\":\"https:\\\/\\\/fuentesfidedignas.com.mx\\\/index.php\\\/author\\\/excelsior\\\/\"}]}<\/script>\n<!-- \/ Yoast SEO plugin. -->","yoast_head_json":{"title":"Semar detiene a \u2018El Chaparrito\u2019, jefe del CJNG en Colima - Fuentes Fidedignas","robots":{"index":"index","follow":"follow","max-snippet":"max-snippet:-1","max-image-preview":"max-image-preview:large","max-video-preview":"max-video-preview:-1"},"canonical":"https:\/\/fuentesfidedignas.com.mx\/index.php\/2022\/03\/13\/semar-detiene-a-el-chaparrito-jefe-del-cjng-en-colima\/","og_locale":"es_MX","og_type":"article","og_title":"Semar detiene a \u2018El Chaparrito\u2019, jefe del CJNG en Colima - Fuentes Fidedignas","og_description":"Aldrin Jarqu\u00edn Jarqu\u00edn, jefe regional del C\u00e1rtel Jalisco Nueva Generaci\u00f3n (CJNG) en el estado de Colima, fue detenido en Zapopan. Ciudad de M\u00e9xico.- Esta ma\u00f1ana durante un operativo conjunto entre elementos de infanter\u00eda de la Armada de M\u00e9xico (Semar) y Fiscal\u00eda General de la Rep\u00fablica (FGR) en el municipio de Zapopan, detuvieron a Aldrin Jarqu\u00edn [&hellip;]","og_url":"https:\/\/fuentesfidedignas.com.mx\/index.php\/2022\/03\/13\/semar-detiene-a-el-chaparrito-jefe-del-cjng-en-colima\/","og_site_name":"Fuentes Fidedignas","article_publisher":"https:\/\/www.facebook.com\/Fuentes-Fidedignas-368234489921644","article_published_time":"2022-03-13T22:02:29+00:00","article_modified_time":"2022-03-13T22:02:32+00:00","og_image":[{"width":800,"height":600,"url":"https:\/\/fuentesfidedignas.com.mx\/wp-content\/uploads\/2022\/03\/FICHA.jpg","type":"image\/jpeg"}],"author":"Exc\u00e9lsior","twitter_card":"summary_large_image","twitter_creator":"@fidedignas","twitter_site":"@fidedignas","twitter_misc":{"Escrito por":"Exc\u00e9lsior","Tiempo de lectura":"3 minutos"},"schema":{"@context":"https:\/\/schema.org","@graph":[{"@type":"Article","@id":"https:\/\/fuentesfidedignas.com.mx\/index.php\/2022\/03\/13\/semar-detiene-a-el-chaparrito-jefe-del-cjng-en-colima\/#article","isPartOf":{"@id":"https:\/\/fuentesfidedignas.com.mx\/index.php\/2022\/03\/13\/semar-detiene-a-el-chaparrito-jefe-del-cjng-en-colima\/"},"author":{"name":"Exc\u00e9lsior","@id":"https:\/\/fuentesfidedignas.com.mx\/#\/schema\/person\/ec4edd1fbf5efa3e44fce34fe2787780"},"headline":"Semar detiene a \u2018El Chaparrito\u2019, jefe del CJNG en Colima","datePublished":"2022-03-13T22:02:29+00:00","dateModified":"2022-03-13T22:02:32+00:00","mainEntityOfPage":{"@id":"https:\/\/fuentesfidedignas.com.mx\/index.php\/2022\/03\/13\/semar-detiene-a-el-chaparrito-jefe-del-cjng-en-colima\/"},"wordCount":685,"commentCount":0,"publisher":{"@id":"https:\/\/fuentesfidedignas.com.mx\/#organization"},"image":{"@id":"https:\/\/fuentesfidedignas.com.mx\/index.php\/2022\/03\/13\/semar-detiene-a-el-chaparrito-jefe-del-cjng-en-colima\/#primaryimage"},"thumbnailUrl":"https:\/\/fuentesfidedignas.com.mx\/wp-content\/uploads\/2022\/03\/FICHA.jpg","keywords":["C\u00e1rtel Jalisco Nueva Generaci\u00f3n","CJNG","Colima"],"articleSection":["NOTICIAS NACIONALES"],"inLanguage":"es","potentialAction":[{"@type":"CommentAction","name":"Comment","target":["https:\/\/fuentesfidedignas.com.mx\/index.php\/2022\/03\/13\/semar-detiene-a-el-chaparrito-jefe-del-cjng-en-colima\/#respond"]}]},{"@type":"WebPage","@id":"https:\/\/fuentesfidedignas.com.mx\/index.php\/2022\/03\/13\/semar-detiene-a-el-chaparrito-jefe-del-cjng-en-colima\/","url":"https:\/\/fuentesfidedignas.com.mx\/index.php\/2022\/03\/13\/semar-detiene-a-el-chaparrito-jefe-del-cjng-en-colima\/","name":"Semar detiene a \u2018El Chaparrito\u2019, jefe del CJNG en Colima - Fuentes Fidedignas","isPartOf":{"@id":"https:\/\/fuentesfidedignas.com.mx\/#website"},"primaryImageOfPage":{"@id":"https:\/\/fuentesfidedignas.com.mx\/index.php\/2022\/03\/13\/semar-detiene-a-el-chaparrito-jefe-del-cjng-en-colima\/#primaryimage"},"image":{"@id":"https:\/\/fuentesfidedignas.com.mx\/index.php\/2022\/03\/13\/semar-detiene-a-el-chaparrito-jefe-del-cjng-en-colima\/#primaryimage"},"thumbnailUrl":"https:\/\/fuentesfidedignas.com.mx\/wp-content\/uploads\/2022\/03\/FICHA.jpg","datePublished":"2022-03-13T22:02:29+00:00","dateModified":"2022-03-13T22:02:32+00:00","breadcrumb":{"@id":"https:\/\/fuentesfidedignas.com.mx\/index.php\/2022\/03\/13\/semar-detiene-a-el-chaparrito-jefe-del-cjng-en-colima\/#breadcrumb"},"inLanguage":"es","potentialAction":[{"@type":"ReadAction","target":["https:\/\/fuentesfidedignas.com.mx\/index.php\/2022\/03\/13\/semar-detiene-a-el-chaparrito-jefe-del-cjng-en-colima\/"]}]},{"@type":"ImageObject","inLanguage":"es","@id":"https:\/\/fuentesfidedignas.com.mx\/index.php\/2022\/03\/13\/semar-detiene-a-el-chaparrito-jefe-del-cjng-en-colima\/#primaryimage","url":"https:\/\/fuentesfidedignas.com.mx\/wp-content\/uploads\/2022\/03\/FICHA.jpg","contentUrl":"https:\/\/fuentesfidedignas.com.mx\/wp-content\/uploads\/2022\/03\/FICHA.jpg","width":800,"height":600},{"@type":"BreadcrumbList","@id":"https:\/\/fuentesfidedignas.com.mx\/index.php\/2022\/03\/13\/semar-detiene-a-el-chaparrito-jefe-del-cjng-en-colima\/#breadcrumb","itemListElement":[{"@type":"ListItem","position":1,"name":"Inicio","item":"https:\/\/fuentesfidedignas.com.mx\/"},{"@type":"ListItem","position":2,"name":"Semar detiene a \u2018El Chaparrito\u2019, jefe del CJNG en Colima"}]},{"@type":"WebSite","@id":"https:\/\/fuentesfidedignas.com.mx\/#website","url":"https:\/\/fuentesfidedignas.com.mx\/","name":"Fuentes Fidedignas","description":"Otro sitio realizado con WordPress","publisher":{"@id":"https:\/\/fuentesfidedignas.com.mx\/#organization"},"potentialAction":[{"@type":"SearchAction","target":{"@type":"EntryPoint","urlTemplate":"https:\/\/fuentesfidedignas.com.mx\/?s={search_term_string}"},"query-input":{"@type":"PropertyValueSpecification","valueRequired":true,"valueName":"search_term_string"}}],"inLanguage":"es"},{"@type":"Organization","@id":"https:\/\/fuentesfidedignas.com.mx\/#organization","name":"Fuentes Fidedignas","url":"https:\/\/fuentesfidedignas.com.mx\/","logo":{"@type":"ImageObject","inLanguage":"es","@id":"https:\/\/fuentesfidedignas.com.mx\/#\/schema\/logo\/image\/","url":"https:\/\/fuentesfidedignas.com.mx\/wp-content\/uploads\/2021\/04\/logo-retina.png","contentUrl":"https:\/\/fuentesfidedignas.com.mx\/wp-content\/uploads\/2021\/04\/logo-retina.png","width":280,"height":51,"caption":"Fuentes Fidedignas"},"image":{"@id":"https:\/\/fuentesfidedignas.com.mx\/#\/schema\/logo\/image\/"},"sameAs":["https:\/\/www.facebook.com\/Fuentes-Fidedignas-368234489921644","https:\/\/x.com\/fidedignas"]},{"@type":"Person","@id":"https:\/\/fuentesfidedignas.com.mx\/#\/schema\/person\/ec4edd1fbf5efa3e44fce34fe2787780","name":"Exc\u00e9lsior","image":{"@type":"ImageObject","inLanguage":"es","@id":"https:\/\/secure.gravatar.com\/avatar\/4b7ee9206b48be08447852b3f0814dbc7c0f3b51541b164f1464a2725614020b?s=96&d=mm&r=g","url":"https:\/\/secure.gravatar.com\/avatar\/4b7ee9206b48be08447852b3f0814dbc7c0f3b51541b164f1464a2725614020b?s=96&d=mm&r=g","contentUrl":"https:\/\/secure.gravatar.com\/avatar\/4b7ee9206b48be08447852b3f0814dbc7c0f3b51541b164f1464a2725614020b?s=96&d=mm&r=g","caption":"Exc\u00e9lsior"},"url":"https:\/\/fuentesfidedignas.com.mx\/index.php\/author\/excelsior\/"}]}},"_links":{"self":[{"href":"https:\/\/fuentesfidedignas.com.mx\/index.php\/wp-json\/wp\/v2\/posts\/26155","targetHints":{"allow":["GET"]}}],"collection":[{"href":"https:\/\/fuentesfidedignas.com.mx\/index.php\/wp-json\/wp\/v2\/posts"}],"about":[{"href":"https:\/\/fuentesfidedignas.com.mx\/index.php\/wp-json\/wp\/v2\/types\/post"}],"author":[{"embeddable":true,"href":"https:\/\/fuentesfidedignas.com.mx\/index.php\/wp-json\/wp\/v2\/users\/7"}],"replies":[{"embeddable":true,"href":"https:\/\/fuentesfidedignas.com.mx\/index.php\/wp-json\/wp\/v2\/comments?post=26155"}],"version-history":[{"count":1,"href":"https:\/\/fuentesfidedignas.com.mx\/index.php\/wp-json\/wp\/v2\/posts\/26155\/revisions"}],"predecessor-version":[{"id":26157,"href":"https:\/\/fuentesfidedignas.com.mx\/index.php\/wp-json\/wp\/v2\/posts\/26155\/revisions\/26157"}],"wp:featuredmedia":[{"embeddable":true,"href":"https:\/\/fuentesfidedignas.com.mx\/index.php\/wp-json\/wp\/v2\/media\/26156"}],"wp:attachment":[{"href":"https:\/\/fuentesfidedignas.com.mx\/index.php\/wp-json\/wp\/v2\/media?parent=26155"}],"wp:term":[{"taxonomy":"category","embeddable":true,"href":"https:\/\/fuentesfidedignas.com.mx\/index.php\/wp-json\/wp\/v2\/categories?post=26155"},{"taxonomy":"post_tag","embeddable":true,"href":"https:\/\/fuentesfidedignas.com.mx\/index.php\/wp-json\/wp\/v2\/tags?post=26155"}],"curies":[{"name":"wp","href":"https:\/\/api.w.org\/{rel}","templated":true}]}}