{"id":26139,"date":"2022-03-13T11:34:34","date_gmt":"2022-03-13T18:34:34","guid":{"rendered":"https:\/\/fuentesfidedignas.com.mx\/?p=26139"},"modified":"2022-03-13T11:34:37","modified_gmt":"2022-03-13T18:34:37","slug":"eu-dice-que-habra-consecuencias-por-muerte-de-uno-de-sus-periodistas-en-ucrania","status":"publish","type":"post","link":"https:\/\/fuentesfidedignas.com.mx\/index.php\/2022\/03\/13\/eu-dice-que-habra-consecuencias-por-muerte-de-uno-de-sus-periodistas-en-ucrania\/","title":{"rendered":"EU dice que habr\u00e1 consecuencias por muerte de uno de sus periodistas en Ucrania"},"content":{"rendered":"\n<p><strong><em>EU<\/em><\/strong> <strong><em>dijo que lo ocurrido es horroroso y asegur\u00f3 estar en contacto con las autoridades ucranianas para lograr m\u00e1s informaci\u00f3n al respecto.<\/em><\/strong><\/p>\n\n\n\n<p>Estados Unidos.- El Gobierno de Estados Unidos prometi\u00f3 este domingo aplicar las \u201cconsecuencias apropiadas\u201d por la muerte del periodista de ese pa\u00eds Brent Renaud, quien, seg\u00fan la polic\u00eda de Kiev, fue abatido por fuerzas rusas en la localidad ucraniana de Irpin.<\/p>\n\n\n\n<p>En una entrevista televisada con el canal CBS, el asesor de seguridad nacional de la Casa Blanca, Jake Sullivan, dijo que lo ocurrido es horroroso y asegur\u00f3 estar en contacto con las autoridades ucranianas para lograr m\u00e1s informaci\u00f3n al respecto que permita al Gobierno estadounidense tomar las \u201cconsecuencias apropiadas\u201d.<\/p>\n\n\n\n<p>\u201cLos rusos han disparado contra civiles, contra hospitales, contra lugares de culto y contra periodistas\u201d, lament\u00f3 Sullivan.<\/p>\n\n\n\n<p>La muerte de Renaud, de 51 a\u00f1os, fue confirmada inicialmente por la Polic\u00eda de Kiev, quien culp\u00f3 a las fuerzas rusas del suceso.<\/p>\n\n\n\n<p>En un primer momento, se divulg\u00f3 que era periodista de The New York Times, lo que posteriormente fue desmentido por dicho diario, con el que Renaud s\u00ed hab\u00eda colaborado, pero hace algunos a\u00f1os.<\/p>\n","protected":false},"excerpt":{"rendered":"<p>EU dijo que lo ocurrido es horroroso y asegur\u00f3 estar en contacto con las autoridades ucranianas para lograr m\u00e1s informaci\u00f3n al respecto. Estados Unidos.- El Gobierno de Estados Unidos prometi\u00f3 este domingo aplicar las \u201cconsecuencias apropiadas\u201d por la muerte del periodista de ese pa\u00eds Brent Renaud, quien, seg\u00fan la polic\u00eda de Kiev, fue abatido por [&hellip;]<\/p>\n","protected":false},"author":5,"featured_media":26140,"comment_status":"open","ping_status":"open","sticky":false,"template":"","format":"standard","meta":{"tdm_status":"","tdm_grid_status":"","footnotes":""},"categories":[39],"tags":[2492,315,2493,141,694,2362],"class_list":{"0":"post-26139","1":"post","2":"type-post","3":"status-publish","4":"format-standard","5":"has-post-thumbnail","7":"category-noticias-nacionales","8":"tag-cbs","9":"tag-estados-unidos","10":"tag-reportero","11":"tag-rusia","12":"tag-the-new-york-times","13":"tag-ucrania"},"yoast_head":"<!-- This site is optimized with the Yoast SEO plugin v27.5 - https:\/\/yoast.com\/product\/yoast-seo-wordpress\/ -->\n<title>EU dice que habr\u00e1 consecuencias por muerte de uno de sus periodistas en Ucrania - Fuentes Fidedignas<\/title>\n<meta name=\"robots\" content=\"index, follow, max-snippet:-1, max-image-preview:large, max-video-preview:-1\" \/>\n<link rel=\"canonical\" href=\"https:\/\/fuentesfidedignas.com.mx\/index.php\/2022\/03\/13\/eu-dice-que-habra-consecuencias-por-muerte-de-uno-de-sus-periodistas-en-ucrania\/\" \/>\n<meta property=\"og:locale\" content=\"es_MX\" \/>\n<meta property=\"og:type\" content=\"article\" \/>\n<meta property=\"og:title\" content=\"EU dice que habr\u00e1 consecuencias por muerte de uno de sus periodistas en Ucrania - Fuentes Fidedignas\" \/>\n<meta property=\"og:description\" content=\"EU dijo que lo ocurrido es horroroso y asegur\u00f3 estar en contacto con las autoridades ucranianas para lograr m\u00e1s informaci\u00f3n al respecto. Estados Unidos.- El Gobierno de Estados Unidos prometi\u00f3 este domingo aplicar las \u201cconsecuencias apropiadas\u201d por la muerte del periodista de ese pa\u00eds Brent Renaud, quien, seg\u00fan la polic\u00eda de Kiev, fue abatido por [&hellip;]\" \/>\n<meta property=\"og:url\" content=\"https:\/\/fuentesfidedignas.com.mx\/index.php\/2022\/03\/13\/eu-dice-que-habra-consecuencias-por-muerte-de-uno-de-sus-periodistas-en-ucrania\/\" \/>\n<meta property=\"og:site_name\" content=\"Fuentes Fidedignas\" \/>\n<meta property=\"article:publisher\" content=\"https:\/\/www.facebook.com\/Fuentes-Fidedignas-368234489921644\" \/>\n<meta property=\"article:published_time\" content=\"2022-03-13T18:34:34+00:00\" \/>\n<meta property=\"article:modified_time\" content=\"2022-03-13T18:34:37+00:00\" \/>\n<meta property=\"og:image\" content=\"https:\/\/fuentesfidedignas.com.mx\/wp-content\/uploads\/2022\/03\/PERIODISTA_UCRANIA.jpg\" \/>\n\t<meta property=\"og:image:width\" content=\"640\" \/>\n\t<meta property=\"og:image:height\" content=\"360\" \/>\n\t<meta property=\"og:image:type\" content=\"image\/jpeg\" \/>\n<meta name=\"author\" content=\"Forbes\" \/>\n<meta name=\"twitter:card\" content=\"summary_large_image\" \/>\n<meta name=\"twitter:creator\" content=\"@fidedignas\" \/>\n<meta name=\"twitter:site\" content=\"@fidedignas\" \/>\n<meta name=\"twitter:label1\" content=\"Escrito por\" \/>\n\t<meta name=\"twitter:data1\" content=\"Forbes\" \/>\n\t<meta name=\"twitter:label2\" content=\"Tiempo de lectura\" \/>\n\t<meta name=\"twitter:data2\" content=\"1 minuto\" \/>\n<script type=\"application\/ld+json\" class=\"yoast-schema-graph\">{\"@context\":\"https:\\\/\\\/schema.org\",\"@graph\":[{\"@type\":\"Article\",\"@id\":\"https:\\\/\\\/fuentesfidedignas.com.mx\\\/index.php\\\/2022\\\/03\\\/13\\\/eu-dice-que-habra-consecuencias-por-muerte-de-uno-de-sus-periodistas-en-ucrania\\\/#article\",\"isPartOf\":{\"@id\":\"https:\\\/\\\/fuentesfidedignas.com.mx\\\/index.php\\\/2022\\\/03\\\/13\\\/eu-dice-que-habra-consecuencias-por-muerte-de-uno-de-sus-periodistas-en-ucrania\\\/\"},\"author\":{\"name\":\"Forbes\",\"@id\":\"https:\\\/\\\/fuentesfidedignas.com.mx\\\/#\\\/schema\\\/person\\\/5623d53fe2e579d825b1679734abcc44\"},\"headline\":\"EU dice que habr\u00e1 consecuencias por muerte de uno de sus periodistas en Ucrania\",\"datePublished\":\"2022-03-13T18:34:34+00:00\",\"dateModified\":\"2022-03-13T18:34:37+00:00\",\"mainEntityOfPage\":{\"@id\":\"https:\\\/\\\/fuentesfidedignas.com.mx\\\/index.php\\\/2022\\\/03\\\/13\\\/eu-dice-que-habra-consecuencias-por-muerte-de-uno-de-sus-periodistas-en-ucrania\\\/\"},\"wordCount\":210,\"commentCount\":0,\"publisher\":{\"@id\":\"https:\\\/\\\/fuentesfidedignas.com.mx\\\/#organization\"},\"image\":{\"@id\":\"https:\\\/\\\/fuentesfidedignas.com.mx\\\/index.php\\\/2022\\\/03\\\/13\\\/eu-dice-que-habra-consecuencias-por-muerte-de-uno-de-sus-periodistas-en-ucrania\\\/#primaryimage\"},\"thumbnailUrl\":\"https:\\\/\\\/fuentesfidedignas.com.mx\\\/wp-content\\\/uploads\\\/2022\\\/03\\\/PERIODISTA_UCRANIA.jpg\",\"keywords\":[\"CBS\",\"Estados Unidos\",\"Reportero\",\"Rusia\",\"The New York Times\",\"Ucrania\"],\"articleSection\":[\"NOTICIAS NACIONALES\"],\"inLanguage\":\"es\",\"potentialAction\":[{\"@type\":\"CommentAction\",\"name\":\"Comment\",\"target\":[\"https:\\\/\\\/fuentesfidedignas.com.mx\\\/index.php\\\/2022\\\/03\\\/13\\\/eu-dice-que-habra-consecuencias-por-muerte-de-uno-de-sus-periodistas-en-ucrania\\\/#respond\"]}]},{\"@type\":\"WebPage\",\"@id\":\"https:\\\/\\\/fuentesfidedignas.com.mx\\\/index.php\\\/2022\\\/03\\\/13\\\/eu-dice-que-habra-consecuencias-por-muerte-de-uno-de-sus-periodistas-en-ucrania\\\/\",\"url\":\"https:\\\/\\\/fuentesfidedignas.com.mx\\\/index.php\\\/2022\\\/03\\\/13\\\/eu-dice-que-habra-consecuencias-por-muerte-de-uno-de-sus-periodistas-en-ucrania\\\/\",\"name\":\"EU dice que habr\u00e1 consecuencias por muerte de uno de sus periodistas en Ucrania - Fuentes Fidedignas\",\"isPartOf\":{\"@id\":\"https:\\\/\\\/fuentesfidedignas.com.mx\\\/#website\"},\"primaryImageOfPage\":{\"@id\":\"https:\\\/\\\/fuentesfidedignas.com.mx\\\/index.php\\\/2022\\\/03\\\/13\\\/eu-dice-que-habra-consecuencias-por-muerte-de-uno-de-sus-periodistas-en-ucrania\\\/#primaryimage\"},\"image\":{\"@id\":\"https:\\\/\\\/fuentesfidedignas.com.mx\\\/index.php\\\/2022\\\/03\\\/13\\\/eu-dice-que-habra-consecuencias-por-muerte-de-uno-de-sus-periodistas-en-ucrania\\\/#primaryimage\"},\"thumbnailUrl\":\"https:\\\/\\\/fuentesfidedignas.com.mx\\\/wp-content\\\/uploads\\\/2022\\\/03\\\/PERIODISTA_UCRANIA.jpg\",\"datePublished\":\"2022-03-13T18:34:34+00:00\",\"dateModified\":\"2022-03-13T18:34:37+00:00\",\"breadcrumb\":{\"@id\":\"https:\\\/\\\/fuentesfidedignas.com.mx\\\/index.php\\\/2022\\\/03\\\/13\\\/eu-dice-que-habra-consecuencias-por-muerte-de-uno-de-sus-periodistas-en-ucrania\\\/#breadcrumb\"},\"inLanguage\":\"es\",\"potentialAction\":[{\"@type\":\"ReadAction\",\"target\":[\"https:\\\/\\\/fuentesfidedignas.com.mx\\\/index.php\\\/2022\\\/03\\\/13\\\/eu-dice-que-habra-consecuencias-por-muerte-de-uno-de-sus-periodistas-en-ucrania\\\/\"]}]},{\"@type\":\"ImageObject\",\"inLanguage\":\"es\",\"@id\":\"https:\\\/\\\/fuentesfidedignas.com.mx\\\/index.php\\\/2022\\\/03\\\/13\\\/eu-dice-que-habra-consecuencias-por-muerte-de-uno-de-sus-periodistas-en-ucrania\\\/#primaryimage\",\"url\":\"https:\\\/\\\/fuentesfidedignas.com.mx\\\/wp-content\\\/uploads\\\/2022\\\/03\\\/PERIODISTA_UCRANIA.jpg\",\"contentUrl\":\"https:\\\/\\\/fuentesfidedignas.com.mx\\\/wp-content\\\/uploads\\\/2022\\\/03\\\/PERIODISTA_UCRANIA.jpg\",\"width\":640,\"height\":360},{\"@type\":\"BreadcrumbList\",\"@id\":\"https:\\\/\\\/fuentesfidedignas.com.mx\\\/index.php\\\/2022\\\/03\\\/13\\\/eu-dice-que-habra-consecuencias-por-muerte-de-uno-de-sus-periodistas-en-ucrania\\\/#breadcrumb\",\"itemListElement\":[{\"@type\":\"ListItem\",\"position\":1,\"name\":\"Inicio\",\"item\":\"https:\\\/\\\/fuentesfidedignas.com.mx\\\/\"},{\"@type\":\"ListItem\",\"position\":2,\"name\":\"EU dice que habr\u00e1 consecuencias por muerte de uno de sus periodistas en Ucrania\"}]},{\"@type\":\"WebSite\",\"@id\":\"https:\\\/\\\/fuentesfidedignas.com.mx\\\/#website\",\"url\":\"https:\\\/\\\/fuentesfidedignas.com.mx\\\/\",\"name\":\"Fuentes Fidedignas\",\"description\":\"Otro sitio realizado con WordPress\",\"publisher\":{\"@id\":\"https:\\\/\\\/fuentesfidedignas.com.mx\\\/#organization\"},\"potentialAction\":[{\"@type\":\"SearchAction\",\"target\":{\"@type\":\"EntryPoint\",\"urlTemplate\":\"https:\\\/\\\/fuentesfidedignas.com.mx\\\/?s={search_term_string}\"},\"query-input\":{\"@type\":\"PropertyValueSpecification\",\"valueRequired\":true,\"valueName\":\"search_term_string\"}}],\"inLanguage\":\"es\"},{\"@type\":\"Organization\",\"@id\":\"https:\\\/\\\/fuentesfidedignas.com.mx\\\/#organization\",\"name\":\"Fuentes Fidedignas\",\"url\":\"https:\\\/\\\/fuentesfidedignas.com.mx\\\/\",\"logo\":{\"@type\":\"ImageObject\",\"inLanguage\":\"es\",\"@id\":\"https:\\\/\\\/fuentesfidedignas.com.mx\\\/#\\\/schema\\\/logo\\\/image\\\/\",\"url\":\"https:\\\/\\\/fuentesfidedignas.com.mx\\\/wp-content\\\/uploads\\\/2021\\\/04\\\/logo-retina.png\",\"contentUrl\":\"https:\\\/\\\/fuentesfidedignas.com.mx\\\/wp-content\\\/uploads\\\/2021\\\/04\\\/logo-retina.png\",\"width\":280,\"height\":51,\"caption\":\"Fuentes Fidedignas\"},\"image\":{\"@id\":\"https:\\\/\\\/fuentesfidedignas.com.mx\\\/#\\\/schema\\\/logo\\\/image\\\/\"},\"sameAs\":[\"https:\\\/\\\/www.facebook.com\\\/Fuentes-Fidedignas-368234489921644\",\"https:\\\/\\\/x.com\\\/fidedignas\"]},{\"@type\":\"Person\",\"@id\":\"https:\\\/\\\/fuentesfidedignas.com.mx\\\/#\\\/schema\\\/person\\\/5623d53fe2e579d825b1679734abcc44\",\"name\":\"Forbes\",\"image\":{\"@type\":\"ImageObject\",\"inLanguage\":\"es\",\"@id\":\"https:\\\/\\\/secure.gravatar.com\\\/avatar\\\/87ce3dd4e41e60c22a79c758614f01a6bc2469255fc936ec7b15efb9bb5cb66f?s=96&d=mm&r=g\",\"url\":\"https:\\\/\\\/secure.gravatar.com\\\/avatar\\\/87ce3dd4e41e60c22a79c758614f01a6bc2469255fc936ec7b15efb9bb5cb66f?s=96&d=mm&r=g\",\"contentUrl\":\"https:\\\/\\\/secure.gravatar.com\\\/avatar\\\/87ce3dd4e41e60c22a79c758614f01a6bc2469255fc936ec7b15efb9bb5cb66f?s=96&d=mm&r=g\",\"caption\":\"Forbes\"},\"url\":\"https:\\\/\\\/fuentesfidedignas.com.mx\\\/index.php\\\/author\\\/forbes\\\/\"}]}<\/script>\n<!-- \/ Yoast SEO plugin. -->","yoast_head_json":{"title":"EU dice que habr\u00e1 consecuencias por muerte de uno de sus periodistas en Ucrania - Fuentes Fidedignas","robots":{"index":"index","follow":"follow","max-snippet":"max-snippet:-1","max-image-preview":"max-image-preview:large","max-video-preview":"max-video-preview:-1"},"canonical":"https:\/\/fuentesfidedignas.com.mx\/index.php\/2022\/03\/13\/eu-dice-que-habra-consecuencias-por-muerte-de-uno-de-sus-periodistas-en-ucrania\/","og_locale":"es_MX","og_type":"article","og_title":"EU dice que habr\u00e1 consecuencias por muerte de uno de sus periodistas en Ucrania - Fuentes Fidedignas","og_description":"EU dijo que lo ocurrido es horroroso y asegur\u00f3 estar en contacto con las autoridades ucranianas para lograr m\u00e1s informaci\u00f3n al respecto. Estados Unidos.- El Gobierno de Estados Unidos prometi\u00f3 este domingo aplicar las \u201cconsecuencias apropiadas\u201d por la muerte del periodista de ese pa\u00eds Brent Renaud, quien, seg\u00fan la polic\u00eda de Kiev, fue abatido por [&hellip;]","og_url":"https:\/\/fuentesfidedignas.com.mx\/index.php\/2022\/03\/13\/eu-dice-que-habra-consecuencias-por-muerte-de-uno-de-sus-periodistas-en-ucrania\/","og_site_name":"Fuentes Fidedignas","article_publisher":"https:\/\/www.facebook.com\/Fuentes-Fidedignas-368234489921644","article_published_time":"2022-03-13T18:34:34+00:00","article_modified_time":"2022-03-13T18:34:37+00:00","og_image":[{"width":640,"height":360,"url":"https:\/\/fuentesfidedignas.com.mx\/wp-content\/uploads\/2022\/03\/PERIODISTA_UCRANIA.jpg","type":"image\/jpeg"}],"author":"Forbes","twitter_card":"summary_large_image","twitter_creator":"@fidedignas","twitter_site":"@fidedignas","twitter_misc":{"Escrito por":"Forbes","Tiempo de lectura":"1 minuto"},"schema":{"@context":"https:\/\/schema.org","@graph":[{"@type":"Article","@id":"https:\/\/fuentesfidedignas.com.mx\/index.php\/2022\/03\/13\/eu-dice-que-habra-consecuencias-por-muerte-de-uno-de-sus-periodistas-en-ucrania\/#article","isPartOf":{"@id":"https:\/\/fuentesfidedignas.com.mx\/index.php\/2022\/03\/13\/eu-dice-que-habra-consecuencias-por-muerte-de-uno-de-sus-periodistas-en-ucrania\/"},"author":{"name":"Forbes","@id":"https:\/\/fuentesfidedignas.com.mx\/#\/schema\/person\/5623d53fe2e579d825b1679734abcc44"},"headline":"EU dice que habr\u00e1 consecuencias por muerte de uno de sus periodistas en Ucrania","datePublished":"2022-03-13T18:34:34+00:00","dateModified":"2022-03-13T18:34:37+00:00","mainEntityOfPage":{"@id":"https:\/\/fuentesfidedignas.com.mx\/index.php\/2022\/03\/13\/eu-dice-que-habra-consecuencias-por-muerte-de-uno-de-sus-periodistas-en-ucrania\/"},"wordCount":210,"commentCount":0,"publisher":{"@id":"https:\/\/fuentesfidedignas.com.mx\/#organization"},"image":{"@id":"https:\/\/fuentesfidedignas.com.mx\/index.php\/2022\/03\/13\/eu-dice-que-habra-consecuencias-por-muerte-de-uno-de-sus-periodistas-en-ucrania\/#primaryimage"},"thumbnailUrl":"https:\/\/fuentesfidedignas.com.mx\/wp-content\/uploads\/2022\/03\/PERIODISTA_UCRANIA.jpg","keywords":["CBS","Estados Unidos","Reportero","Rusia","The New York Times","Ucrania"],"articleSection":["NOTICIAS NACIONALES"],"inLanguage":"es","potentialAction":[{"@type":"CommentAction","name":"Comment","target":["https:\/\/fuentesfidedignas.com.mx\/index.php\/2022\/03\/13\/eu-dice-que-habra-consecuencias-por-muerte-de-uno-de-sus-periodistas-en-ucrania\/#respond"]}]},{"@type":"WebPage","@id":"https:\/\/fuentesfidedignas.com.mx\/index.php\/2022\/03\/13\/eu-dice-que-habra-consecuencias-por-muerte-de-uno-de-sus-periodistas-en-ucrania\/","url":"https:\/\/fuentesfidedignas.com.mx\/index.php\/2022\/03\/13\/eu-dice-que-habra-consecuencias-por-muerte-de-uno-de-sus-periodistas-en-ucrania\/","name":"EU dice que habr\u00e1 consecuencias por muerte de uno de sus periodistas en Ucrania - Fuentes Fidedignas","isPartOf":{"@id":"https:\/\/fuentesfidedignas.com.mx\/#website"},"primaryImageOfPage":{"@id":"https:\/\/fuentesfidedignas.com.mx\/index.php\/2022\/03\/13\/eu-dice-que-habra-consecuencias-por-muerte-de-uno-de-sus-periodistas-en-ucrania\/#primaryimage"},"image":{"@id":"https:\/\/fuentesfidedignas.com.mx\/index.php\/2022\/03\/13\/eu-dice-que-habra-consecuencias-por-muerte-de-uno-de-sus-periodistas-en-ucrania\/#primaryimage"},"thumbnailUrl":"https:\/\/fuentesfidedignas.com.mx\/wp-content\/uploads\/2022\/03\/PERIODISTA_UCRANIA.jpg","datePublished":"2022-03-13T18:34:34+00:00","dateModified":"2022-03-13T18:34:37+00:00","breadcrumb":{"@id":"https:\/\/fuentesfidedignas.com.mx\/index.php\/2022\/03\/13\/eu-dice-que-habra-consecuencias-por-muerte-de-uno-de-sus-periodistas-en-ucrania\/#breadcrumb"},"inLanguage":"es","potentialAction":[{"@type":"ReadAction","target":["https:\/\/fuentesfidedignas.com.mx\/index.php\/2022\/03\/13\/eu-dice-que-habra-consecuencias-por-muerte-de-uno-de-sus-periodistas-en-ucrania\/"]}]},{"@type":"ImageObject","inLanguage":"es","@id":"https:\/\/fuentesfidedignas.com.mx\/index.php\/2022\/03\/13\/eu-dice-que-habra-consecuencias-por-muerte-de-uno-de-sus-periodistas-en-ucrania\/#primaryimage","url":"https:\/\/fuentesfidedignas.com.mx\/wp-content\/uploads\/2022\/03\/PERIODISTA_UCRANIA.jpg","contentUrl":"https:\/\/fuentesfidedignas.com.mx\/wp-content\/uploads\/2022\/03\/PERIODISTA_UCRANIA.jpg","width":640,"height":360},{"@type":"BreadcrumbList","@id":"https:\/\/fuentesfidedignas.com.mx\/index.php\/2022\/03\/13\/eu-dice-que-habra-consecuencias-por-muerte-de-uno-de-sus-periodistas-en-ucrania\/#breadcrumb","itemListElement":[{"@type":"ListItem","position":1,"name":"Inicio","item":"https:\/\/fuentesfidedignas.com.mx\/"},{"@type":"ListItem","position":2,"name":"EU dice que habr\u00e1 consecuencias por muerte de uno de sus periodistas en Ucrania"}]},{"@type":"WebSite","@id":"https:\/\/fuentesfidedignas.com.mx\/#website","url":"https:\/\/fuentesfidedignas.com.mx\/","name":"Fuentes Fidedignas","description":"Otro sitio realizado con WordPress","publisher":{"@id":"https:\/\/fuentesfidedignas.com.mx\/#organization"},"potentialAction":[{"@type":"SearchAction","target":{"@type":"EntryPoint","urlTemplate":"https:\/\/fuentesfidedignas.com.mx\/?s={search_term_string}"},"query-input":{"@type":"PropertyValueSpecification","valueRequired":true,"valueName":"search_term_string"}}],"inLanguage":"es"},{"@type":"Organization","@id":"https:\/\/fuentesfidedignas.com.mx\/#organization","name":"Fuentes Fidedignas","url":"https:\/\/fuentesfidedignas.com.mx\/","logo":{"@type":"ImageObject","inLanguage":"es","@id":"https:\/\/fuentesfidedignas.com.mx\/#\/schema\/logo\/image\/","url":"https:\/\/fuentesfidedignas.com.mx\/wp-content\/uploads\/2021\/04\/logo-retina.png","contentUrl":"https:\/\/fuentesfidedignas.com.mx\/wp-content\/uploads\/2021\/04\/logo-retina.png","width":280,"height":51,"caption":"Fuentes Fidedignas"},"image":{"@id":"https:\/\/fuentesfidedignas.com.mx\/#\/schema\/logo\/image\/"},"sameAs":["https:\/\/www.facebook.com\/Fuentes-Fidedignas-368234489921644","https:\/\/x.com\/fidedignas"]},{"@type":"Person","@id":"https:\/\/fuentesfidedignas.com.mx\/#\/schema\/person\/5623d53fe2e579d825b1679734abcc44","name":"Forbes","image":{"@type":"ImageObject","inLanguage":"es","@id":"https:\/\/secure.gravatar.com\/avatar\/87ce3dd4e41e60c22a79c758614f01a6bc2469255fc936ec7b15efb9bb5cb66f?s=96&d=mm&r=g","url":"https:\/\/secure.gravatar.com\/avatar\/87ce3dd4e41e60c22a79c758614f01a6bc2469255fc936ec7b15efb9bb5cb66f?s=96&d=mm&r=g","contentUrl":"https:\/\/secure.gravatar.com\/avatar\/87ce3dd4e41e60c22a79c758614f01a6bc2469255fc936ec7b15efb9bb5cb66f?s=96&d=mm&r=g","caption":"Forbes"},"url":"https:\/\/fuentesfidedignas.com.mx\/index.php\/author\/forbes\/"}]}},"_links":{"self":[{"href":"https:\/\/fuentesfidedignas.com.mx\/index.php\/wp-json\/wp\/v2\/posts\/26139","targetHints":{"allow":["GET"]}}],"collection":[{"href":"https:\/\/fuentesfidedignas.com.mx\/index.php\/wp-json\/wp\/v2\/posts"}],"about":[{"href":"https:\/\/fuentesfidedignas.com.mx\/index.php\/wp-json\/wp\/v2\/types\/post"}],"author":[{"embeddable":true,"href":"https:\/\/fuentesfidedignas.com.mx\/index.php\/wp-json\/wp\/v2\/users\/5"}],"replies":[{"embeddable":true,"href":"https:\/\/fuentesfidedignas.com.mx\/index.php\/wp-json\/wp\/v2\/comments?post=26139"}],"version-history":[{"count":1,"href":"https:\/\/fuentesfidedignas.com.mx\/index.php\/wp-json\/wp\/v2\/posts\/26139\/revisions"}],"predecessor-version":[{"id":26141,"href":"https:\/\/fuentesfidedignas.com.mx\/index.php\/wp-json\/wp\/v2\/posts\/26139\/revisions\/26141"}],"wp:featuredmedia":[{"embeddable":true,"href":"https:\/\/fuentesfidedignas.com.mx\/index.php\/wp-json\/wp\/v2\/media\/26140"}],"wp:attachment":[{"href":"https:\/\/fuentesfidedignas.com.mx\/index.php\/wp-json\/wp\/v2\/media?parent=26139"}],"wp:term":[{"taxonomy":"category","embeddable":true,"href":"https:\/\/fuentesfidedignas.com.mx\/index.php\/wp-json\/wp\/v2\/categories?post=26139"},{"taxonomy":"post_tag","embeddable":true,"href":"https:\/\/fuentesfidedignas.com.mx\/index.php\/wp-json\/wp\/v2\/tags?post=26139"}],"curies":[{"name":"wp","href":"https:\/\/api.w.org\/{rel}","templated":true}]}}