{"id":26081,"date":"2022-03-12T13:35:52","date_gmt":"2022-03-12T20:35:52","guid":{"rendered":"https:\/\/fuentesfidedignas.com.mx\/?p=26081"},"modified":"2022-03-12T13:36:19","modified_gmt":"2022-03-12T20:36:19","slug":"vicente-fernandez-se-cancela-el-estreno-de-su-serie-por-esta-fuerte-razon","status":"publish","type":"post","link":"https:\/\/fuentesfidedignas.com.mx\/index.php\/2022\/03\/12\/vicente-fernandez-se-cancela-el-estreno-de-su-serie-por-esta-fuerte-razon\/","title":{"rendered":"Vicente Fern\u00e1ndez: Se cancela el estreno de su serie por esta fuerte raz\u00f3n"},"content":{"rendered":"\n<p><strong><em><br>La bioserie de Vicente Fern\u00e1ndez cancel\u00f3 su estreno debido a una serie de problemas que hay entre Televisa y la familia del Charro de Hunetit\u00e1n <\/em><\/strong><\/p>\n\n\n\n<p>Ciudad de M\u00e9xico. Un juez federal orden\u00f3 a Televisa suspender la transmisi\u00f3n de la bioserie del cantante Vicente Fern\u00e1ndez cuyo estreno est\u00e1 programado para el pr\u00f3ximo 14 de marzo.<\/p>\n\n\n\n<p>Fuentes federales confirmaron que el Juez Segundo de Distrito en materia Civil del Tercer Circuito orden\u00f3 diversas medidas cautelares mientras resuelve la demanda que la familia de Vicente Fern\u00e1ndez present\u00f3 contra Televisa por la transmisi\u00f3n de la serie en la que se narrar\u00eda la historia de vida del cantante.<\/p>\n\n\n\n<p>En el juicio Ordinario Civil, la familia del charro de Huentit\u00e1n aleg\u00f3 que Televisa incurri\u00f3 en violaciones a relaciones extracontractuales; al derecho de marca; uso indebido de nombre art\u00edstico reservado ante el Instituto Nacional de Derecho de Autor (Indautor); competencia desleal, entre otras. <\/p>\n\n\n\n<p>Por ello, el juez orden\u00f3 a Televisa suspender la transmisi\u00f3n de la serie y notific\u00f3 al Instituto Federal de Telecomunicaciones (IFT) para que, en el \u00e1mbito de su competencia, no permita la salida de dicho contenido ni para que la televisora utilice la concesi\u00f3n que le dio el Estado mexicano, para difundir este material.<\/p>\n\n\n\n<p>De acuerdo con las fuentes consultadas todas las partes involucradas en el juicio ya fueron notificadas de la orden del juez, incluida Televisa.<\/p>\n\n\n\n<p>Por el lanzamiento de la bioserie \u201cEl \u00faltimo rey: el hijo del pueblo\u201d, sobre la vida de Vicente Fern\u00e1ndez, su familia tambi\u00e9n solicit\u00f3 al Instituto Mexicano de la Propiedad Intelectual (IMPI) diversas medidas cautelares para evitar que el contenido sea transmitido.<\/p>\n\n\n\n<p>El IMPI orden\u00f3 a Televisa el retiro de la circulaci\u00f3n de todo aquel producto con el que usen o exploten, sin autorizaci\u00f3n, la imagen del cantante y las reservas de derecho de nombre art\u00edstico Vicente Fern\u00e1ndez y el charro de Huentit\u00e1n en la serie, as\u00ed como cualquier adaptaci\u00f3n.<\/p>\n\n\n\n<p><\/p>\n\n\n\n<p><\/p>\n","protected":false},"excerpt":{"rendered":"<p>La bioserie de Vicente Fern\u00e1ndez cancel\u00f3 su estreno debido a una serie de problemas que hay entre Televisa y la familia del Charro de Hunetit\u00e1n Ciudad de M\u00e9xico. Un juez federal orden\u00f3 a Televisa suspender la transmisi\u00f3n de la bioserie del cantante Vicente Fern\u00e1ndez cuyo estreno est\u00e1 programado para el pr\u00f3ximo 14 de marzo. Fuentes [&hellip;]<\/p>\n","protected":false},"author":39,"featured_media":26083,"comment_status":"open","ping_status":"open","sticky":false,"template":"","format":"standard","meta":{"tdm_status":"","tdm_grid_status":"","footnotes":""},"categories":[39],"tags":[2240,1274],"class_list":{"0":"post-26081","1":"post","2":"type-post","3":"status-publish","4":"format-standard","5":"has-post-thumbnail","7":"category-noticias-nacionales","8":"tag-televisa","9":"tag-vicente-fernandez"},"yoast_head":"<!-- This site is optimized with the Yoast SEO plugin v27.5 - https:\/\/yoast.com\/product\/yoast-seo-wordpress\/ -->\n<title>Vicente Fern\u00e1ndez: Se cancela el estreno de su serie por esta fuerte raz\u00f3n - Fuentes Fidedignas<\/title>\n<meta name=\"robots\" content=\"index, follow, max-snippet:-1, max-image-preview:large, max-video-preview:-1\" \/>\n<link rel=\"canonical\" href=\"https:\/\/fuentesfidedignas.com.mx\/index.php\/2022\/03\/12\/vicente-fernandez-se-cancela-el-estreno-de-su-serie-por-esta-fuerte-razon\/\" \/>\n<meta property=\"og:locale\" content=\"es_MX\" \/>\n<meta property=\"og:type\" content=\"article\" \/>\n<meta property=\"og:title\" content=\"Vicente Fern\u00e1ndez: Se cancela el estreno de su serie por esta fuerte raz\u00f3n - Fuentes Fidedignas\" \/>\n<meta property=\"og:description\" content=\"La bioserie de Vicente Fern\u00e1ndez cancel\u00f3 su estreno debido a una serie de problemas que hay entre Televisa y la familia del Charro de Hunetit\u00e1n Ciudad de M\u00e9xico. Un juez federal orden\u00f3 a Televisa suspender la transmisi\u00f3n de la bioserie del cantante Vicente Fern\u00e1ndez cuyo estreno est\u00e1 programado para el pr\u00f3ximo 14 de marzo. Fuentes [&hellip;]\" \/>\n<meta property=\"og:url\" content=\"https:\/\/fuentesfidedignas.com.mx\/index.php\/2022\/03\/12\/vicente-fernandez-se-cancela-el-estreno-de-su-serie-por-esta-fuerte-razon\/\" \/>\n<meta property=\"og:site_name\" content=\"Fuentes Fidedignas\" \/>\n<meta property=\"article:publisher\" content=\"https:\/\/www.facebook.com\/Fuentes-Fidedignas-368234489921644\" \/>\n<meta property=\"article:published_time\" content=\"2022-03-12T20:35:52+00:00\" \/>\n<meta property=\"article:modified_time\" content=\"2022-03-12T20:36:19+00:00\" \/>\n<meta property=\"og:image\" content=\"https:\/\/fuentesfidedignas.com.mx\/wp-content\/uploads\/2022\/03\/f608x342-50016_79739_18.jpg\" \/>\n\t<meta property=\"og:image:width\" content=\"608\" \/>\n\t<meta property=\"og:image:height\" content=\"342\" \/>\n\t<meta property=\"og:image:type\" content=\"image\/jpeg\" \/>\n<meta name=\"author\" content=\"El Universal\" \/>\n<meta name=\"twitter:card\" content=\"summary_large_image\" \/>\n<meta name=\"twitter:creator\" content=\"@fidedignas\" \/>\n<meta name=\"twitter:site\" content=\"@fidedignas\" \/>\n<meta name=\"twitter:label1\" content=\"Escrito por\" \/>\n\t<meta name=\"twitter:data1\" content=\"El Universal\" \/>\n\t<meta name=\"twitter:label2\" content=\"Tiempo de lectura\" \/>\n\t<meta name=\"twitter:data2\" content=\"2 minutos\" \/>\n<script type=\"application\/ld+json\" class=\"yoast-schema-graph\">{\"@context\":\"https:\\\/\\\/schema.org\",\"@graph\":[{\"@type\":\"Article\",\"@id\":\"https:\\\/\\\/fuentesfidedignas.com.mx\\\/index.php\\\/2022\\\/03\\\/12\\\/vicente-fernandez-se-cancela-el-estreno-de-su-serie-por-esta-fuerte-razon\\\/#article\",\"isPartOf\":{\"@id\":\"https:\\\/\\\/fuentesfidedignas.com.mx\\\/index.php\\\/2022\\\/03\\\/12\\\/vicente-fernandez-se-cancela-el-estreno-de-su-serie-por-esta-fuerte-razon\\\/\"},\"author\":{\"name\":\"El Universal\",\"@id\":\"https:\\\/\\\/fuentesfidedignas.com.mx\\\/#\\\/schema\\\/person\\\/fee3882e65fd0510d292c43a346d35d7\"},\"headline\":\"Vicente Fern\u00e1ndez: Se cancela el estreno de su serie por esta fuerte raz\u00f3n\",\"datePublished\":\"2022-03-12T20:35:52+00:00\",\"dateModified\":\"2022-03-12T20:36:19+00:00\",\"mainEntityOfPage\":{\"@id\":\"https:\\\/\\\/fuentesfidedignas.com.mx\\\/index.php\\\/2022\\\/03\\\/12\\\/vicente-fernandez-se-cancela-el-estreno-de-su-serie-por-esta-fuerte-razon\\\/\"},\"wordCount\":347,\"commentCount\":0,\"publisher\":{\"@id\":\"https:\\\/\\\/fuentesfidedignas.com.mx\\\/#organization\"},\"image\":{\"@id\":\"https:\\\/\\\/fuentesfidedignas.com.mx\\\/index.php\\\/2022\\\/03\\\/12\\\/vicente-fernandez-se-cancela-el-estreno-de-su-serie-por-esta-fuerte-razon\\\/#primaryimage\"},\"thumbnailUrl\":\"https:\\\/\\\/fuentesfidedignas.com.mx\\\/wp-content\\\/uploads\\\/2022\\\/03\\\/f608x342-50016_79739_18.jpg\",\"keywords\":[\"Televisa\",\"Vicente Fern\u00e1ndez\"],\"articleSection\":[\"NOTICIAS NACIONALES\"],\"inLanguage\":\"es\",\"potentialAction\":[{\"@type\":\"CommentAction\",\"name\":\"Comment\",\"target\":[\"https:\\\/\\\/fuentesfidedignas.com.mx\\\/index.php\\\/2022\\\/03\\\/12\\\/vicente-fernandez-se-cancela-el-estreno-de-su-serie-por-esta-fuerte-razon\\\/#respond\"]}]},{\"@type\":\"WebPage\",\"@id\":\"https:\\\/\\\/fuentesfidedignas.com.mx\\\/index.php\\\/2022\\\/03\\\/12\\\/vicente-fernandez-se-cancela-el-estreno-de-su-serie-por-esta-fuerte-razon\\\/\",\"url\":\"https:\\\/\\\/fuentesfidedignas.com.mx\\\/index.php\\\/2022\\\/03\\\/12\\\/vicente-fernandez-se-cancela-el-estreno-de-su-serie-por-esta-fuerte-razon\\\/\",\"name\":\"Vicente Fern\u00e1ndez: Se cancela el estreno de su serie por esta fuerte raz\u00f3n - Fuentes Fidedignas\",\"isPartOf\":{\"@id\":\"https:\\\/\\\/fuentesfidedignas.com.mx\\\/#website\"},\"primaryImageOfPage\":{\"@id\":\"https:\\\/\\\/fuentesfidedignas.com.mx\\\/index.php\\\/2022\\\/03\\\/12\\\/vicente-fernandez-se-cancela-el-estreno-de-su-serie-por-esta-fuerte-razon\\\/#primaryimage\"},\"image\":{\"@id\":\"https:\\\/\\\/fuentesfidedignas.com.mx\\\/index.php\\\/2022\\\/03\\\/12\\\/vicente-fernandez-se-cancela-el-estreno-de-su-serie-por-esta-fuerte-razon\\\/#primaryimage\"},\"thumbnailUrl\":\"https:\\\/\\\/fuentesfidedignas.com.mx\\\/wp-content\\\/uploads\\\/2022\\\/03\\\/f608x342-50016_79739_18.jpg\",\"datePublished\":\"2022-03-12T20:35:52+00:00\",\"dateModified\":\"2022-03-12T20:36:19+00:00\",\"breadcrumb\":{\"@id\":\"https:\\\/\\\/fuentesfidedignas.com.mx\\\/index.php\\\/2022\\\/03\\\/12\\\/vicente-fernandez-se-cancela-el-estreno-de-su-serie-por-esta-fuerte-razon\\\/#breadcrumb\"},\"inLanguage\":\"es\",\"potentialAction\":[{\"@type\":\"ReadAction\",\"target\":[\"https:\\\/\\\/fuentesfidedignas.com.mx\\\/index.php\\\/2022\\\/03\\\/12\\\/vicente-fernandez-se-cancela-el-estreno-de-su-serie-por-esta-fuerte-razon\\\/\"]}]},{\"@type\":\"ImageObject\",\"inLanguage\":\"es\",\"@id\":\"https:\\\/\\\/fuentesfidedignas.com.mx\\\/index.php\\\/2022\\\/03\\\/12\\\/vicente-fernandez-se-cancela-el-estreno-de-su-serie-por-esta-fuerte-razon\\\/#primaryimage\",\"url\":\"https:\\\/\\\/fuentesfidedignas.com.mx\\\/wp-content\\\/uploads\\\/2022\\\/03\\\/f608x342-50016_79739_18.jpg\",\"contentUrl\":\"https:\\\/\\\/fuentesfidedignas.com.mx\\\/wp-content\\\/uploads\\\/2022\\\/03\\\/f608x342-50016_79739_18.jpg\",\"width\":608,\"height\":342},{\"@type\":\"BreadcrumbList\",\"@id\":\"https:\\\/\\\/fuentesfidedignas.com.mx\\\/index.php\\\/2022\\\/03\\\/12\\\/vicente-fernandez-se-cancela-el-estreno-de-su-serie-por-esta-fuerte-razon\\\/#breadcrumb\",\"itemListElement\":[{\"@type\":\"ListItem\",\"position\":1,\"name\":\"Inicio\",\"item\":\"https:\\\/\\\/fuentesfidedignas.com.mx\\\/\"},{\"@type\":\"ListItem\",\"position\":2,\"name\":\"Vicente Fern\u00e1ndez: Se cancela el estreno de su serie por esta fuerte raz\u00f3n\"}]},{\"@type\":\"WebSite\",\"@id\":\"https:\\\/\\\/fuentesfidedignas.com.mx\\\/#website\",\"url\":\"https:\\\/\\\/fuentesfidedignas.com.mx\\\/\",\"name\":\"Fuentes Fidedignas\",\"description\":\"Otro sitio realizado con WordPress\",\"publisher\":{\"@id\":\"https:\\\/\\\/fuentesfidedignas.com.mx\\\/#organization\"},\"potentialAction\":[{\"@type\":\"SearchAction\",\"target\":{\"@type\":\"EntryPoint\",\"urlTemplate\":\"https:\\\/\\\/fuentesfidedignas.com.mx\\\/?s={search_term_string}\"},\"query-input\":{\"@type\":\"PropertyValueSpecification\",\"valueRequired\":true,\"valueName\":\"search_term_string\"}}],\"inLanguage\":\"es\"},{\"@type\":\"Organization\",\"@id\":\"https:\\\/\\\/fuentesfidedignas.com.mx\\\/#organization\",\"name\":\"Fuentes Fidedignas\",\"url\":\"https:\\\/\\\/fuentesfidedignas.com.mx\\\/\",\"logo\":{\"@type\":\"ImageObject\",\"inLanguage\":\"es\",\"@id\":\"https:\\\/\\\/fuentesfidedignas.com.mx\\\/#\\\/schema\\\/logo\\\/image\\\/\",\"url\":\"https:\\\/\\\/fuentesfidedignas.com.mx\\\/wp-content\\\/uploads\\\/2021\\\/04\\\/logo-retina.png\",\"contentUrl\":\"https:\\\/\\\/fuentesfidedignas.com.mx\\\/wp-content\\\/uploads\\\/2021\\\/04\\\/logo-retina.png\",\"width\":280,\"height\":51,\"caption\":\"Fuentes Fidedignas\"},\"image\":{\"@id\":\"https:\\\/\\\/fuentesfidedignas.com.mx\\\/#\\\/schema\\\/logo\\\/image\\\/\"},\"sameAs\":[\"https:\\\/\\\/www.facebook.com\\\/Fuentes-Fidedignas-368234489921644\",\"https:\\\/\\\/x.com\\\/fidedignas\"]},{\"@type\":\"Person\",\"@id\":\"https:\\\/\\\/fuentesfidedignas.com.mx\\\/#\\\/schema\\\/person\\\/fee3882e65fd0510d292c43a346d35d7\",\"name\":\"El Universal\",\"image\":{\"@type\":\"ImageObject\",\"inLanguage\":\"es\",\"@id\":\"https:\\\/\\\/secure.gravatar.com\\\/avatar\\\/1ebc94d82b6c3c081781f73e5b76a0d0c1ac7bf8e57426f18802246eeaa2747c?s=96&d=mm&r=g\",\"url\":\"https:\\\/\\\/secure.gravatar.com\\\/avatar\\\/1ebc94d82b6c3c081781f73e5b76a0d0c1ac7bf8e57426f18802246eeaa2747c?s=96&d=mm&r=g\",\"contentUrl\":\"https:\\\/\\\/secure.gravatar.com\\\/avatar\\\/1ebc94d82b6c3c081781f73e5b76a0d0c1ac7bf8e57426f18802246eeaa2747c?s=96&d=mm&r=g\",\"caption\":\"El Universal\"},\"url\":\"https:\\\/\\\/fuentesfidedignas.com.mx\\\/index.php\\\/author\\\/el-universal\\\/\"}]}<\/script>\n<!-- \/ Yoast SEO plugin. -->","yoast_head_json":{"title":"Vicente Fern\u00e1ndez: Se cancela el estreno de su serie por esta fuerte raz\u00f3n - Fuentes Fidedignas","robots":{"index":"index","follow":"follow","max-snippet":"max-snippet:-1","max-image-preview":"max-image-preview:large","max-video-preview":"max-video-preview:-1"},"canonical":"https:\/\/fuentesfidedignas.com.mx\/index.php\/2022\/03\/12\/vicente-fernandez-se-cancela-el-estreno-de-su-serie-por-esta-fuerte-razon\/","og_locale":"es_MX","og_type":"article","og_title":"Vicente Fern\u00e1ndez: Se cancela el estreno de su serie por esta fuerte raz\u00f3n - Fuentes Fidedignas","og_description":"La bioserie de Vicente Fern\u00e1ndez cancel\u00f3 su estreno debido a una serie de problemas que hay entre Televisa y la familia del Charro de Hunetit\u00e1n Ciudad de M\u00e9xico. Un juez federal orden\u00f3 a Televisa suspender la transmisi\u00f3n de la bioserie del cantante Vicente Fern\u00e1ndez cuyo estreno est\u00e1 programado para el pr\u00f3ximo 14 de marzo. Fuentes [&hellip;]","og_url":"https:\/\/fuentesfidedignas.com.mx\/index.php\/2022\/03\/12\/vicente-fernandez-se-cancela-el-estreno-de-su-serie-por-esta-fuerte-razon\/","og_site_name":"Fuentes Fidedignas","article_publisher":"https:\/\/www.facebook.com\/Fuentes-Fidedignas-368234489921644","article_published_time":"2022-03-12T20:35:52+00:00","article_modified_time":"2022-03-12T20:36:19+00:00","og_image":[{"width":608,"height":342,"url":"https:\/\/fuentesfidedignas.com.mx\/wp-content\/uploads\/2022\/03\/f608x342-50016_79739_18.jpg","type":"image\/jpeg"}],"author":"El Universal","twitter_card":"summary_large_image","twitter_creator":"@fidedignas","twitter_site":"@fidedignas","twitter_misc":{"Escrito por":"El Universal","Tiempo de lectura":"2 minutos"},"schema":{"@context":"https:\/\/schema.org","@graph":[{"@type":"Article","@id":"https:\/\/fuentesfidedignas.com.mx\/index.php\/2022\/03\/12\/vicente-fernandez-se-cancela-el-estreno-de-su-serie-por-esta-fuerte-razon\/#article","isPartOf":{"@id":"https:\/\/fuentesfidedignas.com.mx\/index.php\/2022\/03\/12\/vicente-fernandez-se-cancela-el-estreno-de-su-serie-por-esta-fuerte-razon\/"},"author":{"name":"El Universal","@id":"https:\/\/fuentesfidedignas.com.mx\/#\/schema\/person\/fee3882e65fd0510d292c43a346d35d7"},"headline":"Vicente Fern\u00e1ndez: Se cancela el estreno de su serie por esta fuerte raz\u00f3n","datePublished":"2022-03-12T20:35:52+00:00","dateModified":"2022-03-12T20:36:19+00:00","mainEntityOfPage":{"@id":"https:\/\/fuentesfidedignas.com.mx\/index.php\/2022\/03\/12\/vicente-fernandez-se-cancela-el-estreno-de-su-serie-por-esta-fuerte-razon\/"},"wordCount":347,"commentCount":0,"publisher":{"@id":"https:\/\/fuentesfidedignas.com.mx\/#organization"},"image":{"@id":"https:\/\/fuentesfidedignas.com.mx\/index.php\/2022\/03\/12\/vicente-fernandez-se-cancela-el-estreno-de-su-serie-por-esta-fuerte-razon\/#primaryimage"},"thumbnailUrl":"https:\/\/fuentesfidedignas.com.mx\/wp-content\/uploads\/2022\/03\/f608x342-50016_79739_18.jpg","keywords":["Televisa","Vicente Fern\u00e1ndez"],"articleSection":["NOTICIAS NACIONALES"],"inLanguage":"es","potentialAction":[{"@type":"CommentAction","name":"Comment","target":["https:\/\/fuentesfidedignas.com.mx\/index.php\/2022\/03\/12\/vicente-fernandez-se-cancela-el-estreno-de-su-serie-por-esta-fuerte-razon\/#respond"]}]},{"@type":"WebPage","@id":"https:\/\/fuentesfidedignas.com.mx\/index.php\/2022\/03\/12\/vicente-fernandez-se-cancela-el-estreno-de-su-serie-por-esta-fuerte-razon\/","url":"https:\/\/fuentesfidedignas.com.mx\/index.php\/2022\/03\/12\/vicente-fernandez-se-cancela-el-estreno-de-su-serie-por-esta-fuerte-razon\/","name":"Vicente Fern\u00e1ndez: Se cancela el estreno de su serie por esta fuerte raz\u00f3n - Fuentes Fidedignas","isPartOf":{"@id":"https:\/\/fuentesfidedignas.com.mx\/#website"},"primaryImageOfPage":{"@id":"https:\/\/fuentesfidedignas.com.mx\/index.php\/2022\/03\/12\/vicente-fernandez-se-cancela-el-estreno-de-su-serie-por-esta-fuerte-razon\/#primaryimage"},"image":{"@id":"https:\/\/fuentesfidedignas.com.mx\/index.php\/2022\/03\/12\/vicente-fernandez-se-cancela-el-estreno-de-su-serie-por-esta-fuerte-razon\/#primaryimage"},"thumbnailUrl":"https:\/\/fuentesfidedignas.com.mx\/wp-content\/uploads\/2022\/03\/f608x342-50016_79739_18.jpg","datePublished":"2022-03-12T20:35:52+00:00","dateModified":"2022-03-12T20:36:19+00:00","breadcrumb":{"@id":"https:\/\/fuentesfidedignas.com.mx\/index.php\/2022\/03\/12\/vicente-fernandez-se-cancela-el-estreno-de-su-serie-por-esta-fuerte-razon\/#breadcrumb"},"inLanguage":"es","potentialAction":[{"@type":"ReadAction","target":["https:\/\/fuentesfidedignas.com.mx\/index.php\/2022\/03\/12\/vicente-fernandez-se-cancela-el-estreno-de-su-serie-por-esta-fuerte-razon\/"]}]},{"@type":"ImageObject","inLanguage":"es","@id":"https:\/\/fuentesfidedignas.com.mx\/index.php\/2022\/03\/12\/vicente-fernandez-se-cancela-el-estreno-de-su-serie-por-esta-fuerte-razon\/#primaryimage","url":"https:\/\/fuentesfidedignas.com.mx\/wp-content\/uploads\/2022\/03\/f608x342-50016_79739_18.jpg","contentUrl":"https:\/\/fuentesfidedignas.com.mx\/wp-content\/uploads\/2022\/03\/f608x342-50016_79739_18.jpg","width":608,"height":342},{"@type":"BreadcrumbList","@id":"https:\/\/fuentesfidedignas.com.mx\/index.php\/2022\/03\/12\/vicente-fernandez-se-cancela-el-estreno-de-su-serie-por-esta-fuerte-razon\/#breadcrumb","itemListElement":[{"@type":"ListItem","position":1,"name":"Inicio","item":"https:\/\/fuentesfidedignas.com.mx\/"},{"@type":"ListItem","position":2,"name":"Vicente Fern\u00e1ndez: Se cancela el estreno de su serie por esta fuerte raz\u00f3n"}]},{"@type":"WebSite","@id":"https:\/\/fuentesfidedignas.com.mx\/#website","url":"https:\/\/fuentesfidedignas.com.mx\/","name":"Fuentes Fidedignas","description":"Otro sitio realizado con WordPress","publisher":{"@id":"https:\/\/fuentesfidedignas.com.mx\/#organization"},"potentialAction":[{"@type":"SearchAction","target":{"@type":"EntryPoint","urlTemplate":"https:\/\/fuentesfidedignas.com.mx\/?s={search_term_string}"},"query-input":{"@type":"PropertyValueSpecification","valueRequired":true,"valueName":"search_term_string"}}],"inLanguage":"es"},{"@type":"Organization","@id":"https:\/\/fuentesfidedignas.com.mx\/#organization","name":"Fuentes Fidedignas","url":"https:\/\/fuentesfidedignas.com.mx\/","logo":{"@type":"ImageObject","inLanguage":"es","@id":"https:\/\/fuentesfidedignas.com.mx\/#\/schema\/logo\/image\/","url":"https:\/\/fuentesfidedignas.com.mx\/wp-content\/uploads\/2021\/04\/logo-retina.png","contentUrl":"https:\/\/fuentesfidedignas.com.mx\/wp-content\/uploads\/2021\/04\/logo-retina.png","width":280,"height":51,"caption":"Fuentes Fidedignas"},"image":{"@id":"https:\/\/fuentesfidedignas.com.mx\/#\/schema\/logo\/image\/"},"sameAs":["https:\/\/www.facebook.com\/Fuentes-Fidedignas-368234489921644","https:\/\/x.com\/fidedignas"]},{"@type":"Person","@id":"https:\/\/fuentesfidedignas.com.mx\/#\/schema\/person\/fee3882e65fd0510d292c43a346d35d7","name":"El Universal","image":{"@type":"ImageObject","inLanguage":"es","@id":"https:\/\/secure.gravatar.com\/avatar\/1ebc94d82b6c3c081781f73e5b76a0d0c1ac7bf8e57426f18802246eeaa2747c?s=96&d=mm&r=g","url":"https:\/\/secure.gravatar.com\/avatar\/1ebc94d82b6c3c081781f73e5b76a0d0c1ac7bf8e57426f18802246eeaa2747c?s=96&d=mm&r=g","contentUrl":"https:\/\/secure.gravatar.com\/avatar\/1ebc94d82b6c3c081781f73e5b76a0d0c1ac7bf8e57426f18802246eeaa2747c?s=96&d=mm&r=g","caption":"El Universal"},"url":"https:\/\/fuentesfidedignas.com.mx\/index.php\/author\/el-universal\/"}]}},"_links":{"self":[{"href":"https:\/\/fuentesfidedignas.com.mx\/index.php\/wp-json\/wp\/v2\/posts\/26081","targetHints":{"allow":["GET"]}}],"collection":[{"href":"https:\/\/fuentesfidedignas.com.mx\/index.php\/wp-json\/wp\/v2\/posts"}],"about":[{"href":"https:\/\/fuentesfidedignas.com.mx\/index.php\/wp-json\/wp\/v2\/types\/post"}],"author":[{"embeddable":true,"href":"https:\/\/fuentesfidedignas.com.mx\/index.php\/wp-json\/wp\/v2\/users\/39"}],"replies":[{"embeddable":true,"href":"https:\/\/fuentesfidedignas.com.mx\/index.php\/wp-json\/wp\/v2\/comments?post=26081"}],"version-history":[{"count":1,"href":"https:\/\/fuentesfidedignas.com.mx\/index.php\/wp-json\/wp\/v2\/posts\/26081\/revisions"}],"predecessor-version":[{"id":26082,"href":"https:\/\/fuentesfidedignas.com.mx\/index.php\/wp-json\/wp\/v2\/posts\/26081\/revisions\/26082"}],"wp:featuredmedia":[{"embeddable":true,"href":"https:\/\/fuentesfidedignas.com.mx\/index.php\/wp-json\/wp\/v2\/media\/26083"}],"wp:attachment":[{"href":"https:\/\/fuentesfidedignas.com.mx\/index.php\/wp-json\/wp\/v2\/media?parent=26081"}],"wp:term":[{"taxonomy":"category","embeddable":true,"href":"https:\/\/fuentesfidedignas.com.mx\/index.php\/wp-json\/wp\/v2\/categories?post=26081"},{"taxonomy":"post_tag","embeddable":true,"href":"https:\/\/fuentesfidedignas.com.mx\/index.php\/wp-json\/wp\/v2\/tags?post=26081"}],"curies":[{"name":"wp","href":"https:\/\/api.w.org\/{rel}","templated":true}]}}