{"id":26037,"date":"2022-03-11T15:31:51","date_gmt":"2022-03-11T22:31:51","guid":{"rendered":"https:\/\/fuentesfidedignas.com.mx\/?p=26037"},"modified":"2022-03-11T16:22:09","modified_gmt":"2022-03-11T23:22:09","slug":"inglesia-excomulga-a-diputados-de-sinaloa-que-votaron-a-favor-del-aborto","status":"publish","type":"post","link":"https:\/\/fuentesfidedignas.com.mx\/index.php\/2022\/03\/11\/inglesia-excomulga-a-diputados-de-sinaloa-que-votaron-a-favor-del-aborto\/","title":{"rendered":"Excomulgan a diputados de Sinaloa que votaron a favor del aborto"},"content":{"rendered":"\n<p>Culiac\u00e1n, Sin.- Por no proteger la vida, los diputados locales que aprobaron la legalizaci\u00f3n del aborto en Sinaloa son excomulgados, inform\u00f3 la Di\u00f3cesis de Culiac\u00e1n.<\/p>\n\n\n\n<p>A trav\u00e9s de una carta difundida en redes sociales, di\u00f3 a conocer que el legislador que haya votado a favor &#8220;NO PUEDE ACERCARSE A LA COMUNI\u00d3N SACRAMENTAL, NI PUEDE SER PADRINO O ACOMPA\u00d1ANTE DE OTRAS PERSONAS QUE QUIERAN RECIBIR OTROS SACRAMENTOS, COMO EL BAUTISMO&#8221;.<\/p>\n\n\n\n<p>La carta fue firmada por el Padre Miguel \u00c1ngel Soto, qui\u00e9n se someti\u00f3 a huelga de hambre afuera del Congreso del Estado, previo a la votaci\u00f3n del dictamen que despenaliza la interrupci\u00f3n del embarazo hasta las 13 semanas. <\/p>\n\n\n\n<figure class=\"wp-block-image size-full is-resized\"><img decoding=\"async\" src=\"https:\/\/fuentesfidedignas.com.mx\/wp-content\/uploads\/2022\/03\/FB_IMG_1647037628222.jpg\" alt=\"\" class=\"wp-image-26038\" width=\"414\" height=\"506\"\/><\/figure>\n","protected":false},"excerpt":{"rendered":"<p>Culiac\u00e1n, Sin.- Por no proteger la vida, los diputados locales que aprobaron la legalizaci\u00f3n del aborto en Sinaloa son excomulgados, inform\u00f3 la Di\u00f3cesis de Culiac\u00e1n. A trav\u00e9s de una carta difundida en redes sociales, di\u00f3 a conocer que el legislador que haya votado a favor &#8220;NO PUEDE ACERCARSE A LA COMUNI\u00d3N SACRAMENTAL, NI PUEDE SER [&hellip;]<\/p>\n","protected":false},"author":4,"featured_media":26040,"comment_status":"open","ping_status":"open","sticky":false,"template":"","format":"standard","meta":{"tdm_status":"","tdm_grid_status":"","footnotes":""},"categories":[37],"tags":[],"class_list":{"0":"post-26037","1":"post","2":"type-post","3":"status-publish","4":"format-standard","5":"has-post-thumbnail","7":"category-nota-principal"},"yoast_head":"<!-- This site is optimized with the Yoast SEO plugin v27.5 - https:\/\/yoast.com\/product\/yoast-seo-wordpress\/ -->\n<title>Excomulgan a diputados de Sinaloa que votaron a favor del aborto - Fuentes Fidedignas<\/title>\n<meta name=\"robots\" content=\"index, follow, max-snippet:-1, max-image-preview:large, max-video-preview:-1\" \/>\n<link rel=\"canonical\" href=\"https:\/\/fuentesfidedignas.com.mx\/index.php\/2022\/03\/11\/inglesia-excomulga-a-diputados-de-sinaloa-que-votaron-a-favor-del-aborto\/\" \/>\n<meta property=\"og:locale\" content=\"es_MX\" \/>\n<meta property=\"og:type\" content=\"article\" \/>\n<meta property=\"og:title\" content=\"Excomulgan a diputados de Sinaloa que votaron a favor del aborto - Fuentes Fidedignas\" \/>\n<meta property=\"og:description\" content=\"Culiac\u00e1n, Sin.- Por no proteger la vida, los diputados locales que aprobaron la legalizaci\u00f3n del aborto en Sinaloa son excomulgados, inform\u00f3 la Di\u00f3cesis de Culiac\u00e1n. A trav\u00e9s de una carta difundida en redes sociales, di\u00f3 a conocer que el legislador que haya votado a favor &#8220;NO PUEDE ACERCARSE A LA COMUNI\u00d3N SACRAMENTAL, NI PUEDE SER [&hellip;]\" \/>\n<meta property=\"og:url\" content=\"https:\/\/fuentesfidedignas.com.mx\/index.php\/2022\/03\/11\/inglesia-excomulga-a-diputados-de-sinaloa-que-votaron-a-favor-del-aborto\/\" \/>\n<meta property=\"og:site_name\" content=\"Fuentes Fidedignas\" \/>\n<meta property=\"article:publisher\" content=\"https:\/\/www.facebook.com\/Fuentes-Fidedignas-368234489921644\" \/>\n<meta property=\"article:published_time\" content=\"2022-03-11T22:31:51+00:00\" \/>\n<meta property=\"article:modified_time\" content=\"2022-03-11T23:22:09+00:00\" \/>\n<meta property=\"og:image\" content=\"https:\/\/fuentesfidedignas.com.mx\/wp-content\/uploads\/2022\/03\/FB_IMG_1647036539875.jpg\" \/>\n\t<meta property=\"og:image:width\" content=\"1080\" \/>\n\t<meta property=\"og:image:height\" content=\"810\" \/>\n\t<meta property=\"og:image:type\" content=\"image\/jpeg\" \/>\n<meta name=\"author\" content=\"Redacci\u00f3n\" \/>\n<meta name=\"twitter:card\" content=\"summary_large_image\" \/>\n<meta name=\"twitter:creator\" content=\"@fidedignas\" \/>\n<meta name=\"twitter:site\" content=\"@fidedignas\" \/>\n<meta name=\"twitter:label1\" content=\"Escrito por\" \/>\n\t<meta name=\"twitter:data1\" content=\"Redacci\u00f3n\" \/>\n\t<meta name=\"twitter:label2\" content=\"Tiempo de lectura\" \/>\n\t<meta name=\"twitter:data2\" content=\"1 minuto\" \/>\n<script type=\"application\/ld+json\" class=\"yoast-schema-graph\">{\"@context\":\"https:\\\/\\\/schema.org\",\"@graph\":[{\"@type\":\"Article\",\"@id\":\"https:\\\/\\\/fuentesfidedignas.com.mx\\\/index.php\\\/2022\\\/03\\\/11\\\/inglesia-excomulga-a-diputados-de-sinaloa-que-votaron-a-favor-del-aborto\\\/#article\",\"isPartOf\":{\"@id\":\"https:\\\/\\\/fuentesfidedignas.com.mx\\\/index.php\\\/2022\\\/03\\\/11\\\/inglesia-excomulga-a-diputados-de-sinaloa-que-votaron-a-favor-del-aborto\\\/\"},\"author\":{\"name\":\"Redacci\u00f3n\",\"@id\":\"https:\\\/\\\/fuentesfidedignas.com.mx\\\/#\\\/schema\\\/person\\\/331be9283d37198e2acd5750279085b0\"},\"headline\":\"Excomulgan a diputados de Sinaloa que votaron a favor del aborto\",\"datePublished\":\"2022-03-11T22:31:51+00:00\",\"dateModified\":\"2022-03-11T23:22:09+00:00\",\"mainEntityOfPage\":{\"@id\":\"https:\\\/\\\/fuentesfidedignas.com.mx\\\/index.php\\\/2022\\\/03\\\/11\\\/inglesia-excomulga-a-diputados-de-sinaloa-que-votaron-a-favor-del-aborto\\\/\"},\"wordCount\":128,\"commentCount\":0,\"publisher\":{\"@id\":\"https:\\\/\\\/fuentesfidedignas.com.mx\\\/#organization\"},\"image\":{\"@id\":\"https:\\\/\\\/fuentesfidedignas.com.mx\\\/index.php\\\/2022\\\/03\\\/11\\\/inglesia-excomulga-a-diputados-de-sinaloa-que-votaron-a-favor-del-aborto\\\/#primaryimage\"},\"thumbnailUrl\":\"https:\\\/\\\/fuentesfidedignas.com.mx\\\/wp-content\\\/uploads\\\/2022\\\/03\\\/FB_IMG_1647036539875.jpg\",\"articleSection\":[\"NOTA PRINCIPAL\"],\"inLanguage\":\"es\",\"potentialAction\":[{\"@type\":\"CommentAction\",\"name\":\"Comment\",\"target\":[\"https:\\\/\\\/fuentesfidedignas.com.mx\\\/index.php\\\/2022\\\/03\\\/11\\\/inglesia-excomulga-a-diputados-de-sinaloa-que-votaron-a-favor-del-aborto\\\/#respond\"]}]},{\"@type\":\"WebPage\",\"@id\":\"https:\\\/\\\/fuentesfidedignas.com.mx\\\/index.php\\\/2022\\\/03\\\/11\\\/inglesia-excomulga-a-diputados-de-sinaloa-que-votaron-a-favor-del-aborto\\\/\",\"url\":\"https:\\\/\\\/fuentesfidedignas.com.mx\\\/index.php\\\/2022\\\/03\\\/11\\\/inglesia-excomulga-a-diputados-de-sinaloa-que-votaron-a-favor-del-aborto\\\/\",\"name\":\"Excomulgan a diputados de Sinaloa que votaron a favor del aborto - Fuentes Fidedignas\",\"isPartOf\":{\"@id\":\"https:\\\/\\\/fuentesfidedignas.com.mx\\\/#website\"},\"primaryImageOfPage\":{\"@id\":\"https:\\\/\\\/fuentesfidedignas.com.mx\\\/index.php\\\/2022\\\/03\\\/11\\\/inglesia-excomulga-a-diputados-de-sinaloa-que-votaron-a-favor-del-aborto\\\/#primaryimage\"},\"image\":{\"@id\":\"https:\\\/\\\/fuentesfidedignas.com.mx\\\/index.php\\\/2022\\\/03\\\/11\\\/inglesia-excomulga-a-diputados-de-sinaloa-que-votaron-a-favor-del-aborto\\\/#primaryimage\"},\"thumbnailUrl\":\"https:\\\/\\\/fuentesfidedignas.com.mx\\\/wp-content\\\/uploads\\\/2022\\\/03\\\/FB_IMG_1647036539875.jpg\",\"datePublished\":\"2022-03-11T22:31:51+00:00\",\"dateModified\":\"2022-03-11T23:22:09+00:00\",\"breadcrumb\":{\"@id\":\"https:\\\/\\\/fuentesfidedignas.com.mx\\\/index.php\\\/2022\\\/03\\\/11\\\/inglesia-excomulga-a-diputados-de-sinaloa-que-votaron-a-favor-del-aborto\\\/#breadcrumb\"},\"inLanguage\":\"es\",\"potentialAction\":[{\"@type\":\"ReadAction\",\"target\":[\"https:\\\/\\\/fuentesfidedignas.com.mx\\\/index.php\\\/2022\\\/03\\\/11\\\/inglesia-excomulga-a-diputados-de-sinaloa-que-votaron-a-favor-del-aborto\\\/\"]}]},{\"@type\":\"ImageObject\",\"inLanguage\":\"es\",\"@id\":\"https:\\\/\\\/fuentesfidedignas.com.mx\\\/index.php\\\/2022\\\/03\\\/11\\\/inglesia-excomulga-a-diputados-de-sinaloa-que-votaron-a-favor-del-aborto\\\/#primaryimage\",\"url\":\"https:\\\/\\\/fuentesfidedignas.com.mx\\\/wp-content\\\/uploads\\\/2022\\\/03\\\/FB_IMG_1647036539875.jpg\",\"contentUrl\":\"https:\\\/\\\/fuentesfidedignas.com.mx\\\/wp-content\\\/uploads\\\/2022\\\/03\\\/FB_IMG_1647036539875.jpg\",\"width\":1080,\"height\":810},{\"@type\":\"BreadcrumbList\",\"@id\":\"https:\\\/\\\/fuentesfidedignas.com.mx\\\/index.php\\\/2022\\\/03\\\/11\\\/inglesia-excomulga-a-diputados-de-sinaloa-que-votaron-a-favor-del-aborto\\\/#breadcrumb\",\"itemListElement\":[{\"@type\":\"ListItem\",\"position\":1,\"name\":\"Inicio\",\"item\":\"https:\\\/\\\/fuentesfidedignas.com.mx\\\/\"},{\"@type\":\"ListItem\",\"position\":2,\"name\":\"Excomulgan a diputados de Sinaloa que votaron a favor del aborto\"}]},{\"@type\":\"WebSite\",\"@id\":\"https:\\\/\\\/fuentesfidedignas.com.mx\\\/#website\",\"url\":\"https:\\\/\\\/fuentesfidedignas.com.mx\\\/\",\"name\":\"Fuentes Fidedignas\",\"description\":\"Otro sitio realizado con WordPress\",\"publisher\":{\"@id\":\"https:\\\/\\\/fuentesfidedignas.com.mx\\\/#organization\"},\"potentialAction\":[{\"@type\":\"SearchAction\",\"target\":{\"@type\":\"EntryPoint\",\"urlTemplate\":\"https:\\\/\\\/fuentesfidedignas.com.mx\\\/?s={search_term_string}\"},\"query-input\":{\"@type\":\"PropertyValueSpecification\",\"valueRequired\":true,\"valueName\":\"search_term_string\"}}],\"inLanguage\":\"es\"},{\"@type\":\"Organization\",\"@id\":\"https:\\\/\\\/fuentesfidedignas.com.mx\\\/#organization\",\"name\":\"Fuentes Fidedignas\",\"url\":\"https:\\\/\\\/fuentesfidedignas.com.mx\\\/\",\"logo\":{\"@type\":\"ImageObject\",\"inLanguage\":\"es\",\"@id\":\"https:\\\/\\\/fuentesfidedignas.com.mx\\\/#\\\/schema\\\/logo\\\/image\\\/\",\"url\":\"https:\\\/\\\/fuentesfidedignas.com.mx\\\/wp-content\\\/uploads\\\/2021\\\/04\\\/logo-retina.png\",\"contentUrl\":\"https:\\\/\\\/fuentesfidedignas.com.mx\\\/wp-content\\\/uploads\\\/2021\\\/04\\\/logo-retina.png\",\"width\":280,\"height\":51,\"caption\":\"Fuentes Fidedignas\"},\"image\":{\"@id\":\"https:\\\/\\\/fuentesfidedignas.com.mx\\\/#\\\/schema\\\/logo\\\/image\\\/\"},\"sameAs\":[\"https:\\\/\\\/www.facebook.com\\\/Fuentes-Fidedignas-368234489921644\",\"https:\\\/\\\/x.com\\\/fidedignas\"]},{\"@type\":\"Person\",\"@id\":\"https:\\\/\\\/fuentesfidedignas.com.mx\\\/#\\\/schema\\\/person\\\/331be9283d37198e2acd5750279085b0\",\"name\":\"Redacci\u00f3n\",\"image\":{\"@type\":\"ImageObject\",\"inLanguage\":\"es\",\"@id\":\"https:\\\/\\\/secure.gravatar.com\\\/avatar\\\/f6d8782c11d12b2d4ad3fbb6931aeab5309937a4d6cd2fc9cfaa28a6396a5aec?s=96&d=mm&r=g\",\"url\":\"https:\\\/\\\/secure.gravatar.com\\\/avatar\\\/f6d8782c11d12b2d4ad3fbb6931aeab5309937a4d6cd2fc9cfaa28a6396a5aec?s=96&d=mm&r=g\",\"contentUrl\":\"https:\\\/\\\/secure.gravatar.com\\\/avatar\\\/f6d8782c11d12b2d4ad3fbb6931aeab5309937a4d6cd2fc9cfaa28a6396a5aec?s=96&d=mm&r=g\",\"caption\":\"Redacci\u00f3n\"},\"url\":\"https:\\\/\\\/fuentesfidedignas.com.mx\\\/index.php\\\/author\\\/redaccion\\\/\"}]}<\/script>\n<!-- \/ Yoast SEO plugin. -->","yoast_head_json":{"title":"Excomulgan a diputados de Sinaloa que votaron a favor del aborto - Fuentes Fidedignas","robots":{"index":"index","follow":"follow","max-snippet":"max-snippet:-1","max-image-preview":"max-image-preview:large","max-video-preview":"max-video-preview:-1"},"canonical":"https:\/\/fuentesfidedignas.com.mx\/index.php\/2022\/03\/11\/inglesia-excomulga-a-diputados-de-sinaloa-que-votaron-a-favor-del-aborto\/","og_locale":"es_MX","og_type":"article","og_title":"Excomulgan a diputados de Sinaloa que votaron a favor del aborto - Fuentes Fidedignas","og_description":"Culiac\u00e1n, Sin.- Por no proteger la vida, los diputados locales que aprobaron la legalizaci\u00f3n del aborto en Sinaloa son excomulgados, inform\u00f3 la Di\u00f3cesis de Culiac\u00e1n. A trav\u00e9s de una carta difundida en redes sociales, di\u00f3 a conocer que el legislador que haya votado a favor &#8220;NO PUEDE ACERCARSE A LA COMUNI\u00d3N SACRAMENTAL, NI PUEDE SER [&hellip;]","og_url":"https:\/\/fuentesfidedignas.com.mx\/index.php\/2022\/03\/11\/inglesia-excomulga-a-diputados-de-sinaloa-que-votaron-a-favor-del-aborto\/","og_site_name":"Fuentes Fidedignas","article_publisher":"https:\/\/www.facebook.com\/Fuentes-Fidedignas-368234489921644","article_published_time":"2022-03-11T22:31:51+00:00","article_modified_time":"2022-03-11T23:22:09+00:00","og_image":[{"width":1080,"height":810,"url":"https:\/\/fuentesfidedignas.com.mx\/wp-content\/uploads\/2022\/03\/FB_IMG_1647036539875.jpg","type":"image\/jpeg"}],"author":"Redacci\u00f3n","twitter_card":"summary_large_image","twitter_creator":"@fidedignas","twitter_site":"@fidedignas","twitter_misc":{"Escrito por":"Redacci\u00f3n","Tiempo de lectura":"1 minuto"},"schema":{"@context":"https:\/\/schema.org","@graph":[{"@type":"Article","@id":"https:\/\/fuentesfidedignas.com.mx\/index.php\/2022\/03\/11\/inglesia-excomulga-a-diputados-de-sinaloa-que-votaron-a-favor-del-aborto\/#article","isPartOf":{"@id":"https:\/\/fuentesfidedignas.com.mx\/index.php\/2022\/03\/11\/inglesia-excomulga-a-diputados-de-sinaloa-que-votaron-a-favor-del-aborto\/"},"author":{"name":"Redacci\u00f3n","@id":"https:\/\/fuentesfidedignas.com.mx\/#\/schema\/person\/331be9283d37198e2acd5750279085b0"},"headline":"Excomulgan a diputados de Sinaloa que votaron a favor del aborto","datePublished":"2022-03-11T22:31:51+00:00","dateModified":"2022-03-11T23:22:09+00:00","mainEntityOfPage":{"@id":"https:\/\/fuentesfidedignas.com.mx\/index.php\/2022\/03\/11\/inglesia-excomulga-a-diputados-de-sinaloa-que-votaron-a-favor-del-aborto\/"},"wordCount":128,"commentCount":0,"publisher":{"@id":"https:\/\/fuentesfidedignas.com.mx\/#organization"},"image":{"@id":"https:\/\/fuentesfidedignas.com.mx\/index.php\/2022\/03\/11\/inglesia-excomulga-a-diputados-de-sinaloa-que-votaron-a-favor-del-aborto\/#primaryimage"},"thumbnailUrl":"https:\/\/fuentesfidedignas.com.mx\/wp-content\/uploads\/2022\/03\/FB_IMG_1647036539875.jpg","articleSection":["NOTA PRINCIPAL"],"inLanguage":"es","potentialAction":[{"@type":"CommentAction","name":"Comment","target":["https:\/\/fuentesfidedignas.com.mx\/index.php\/2022\/03\/11\/inglesia-excomulga-a-diputados-de-sinaloa-que-votaron-a-favor-del-aborto\/#respond"]}]},{"@type":"WebPage","@id":"https:\/\/fuentesfidedignas.com.mx\/index.php\/2022\/03\/11\/inglesia-excomulga-a-diputados-de-sinaloa-que-votaron-a-favor-del-aborto\/","url":"https:\/\/fuentesfidedignas.com.mx\/index.php\/2022\/03\/11\/inglesia-excomulga-a-diputados-de-sinaloa-que-votaron-a-favor-del-aborto\/","name":"Excomulgan a diputados de Sinaloa que votaron a favor del aborto - Fuentes Fidedignas","isPartOf":{"@id":"https:\/\/fuentesfidedignas.com.mx\/#website"},"primaryImageOfPage":{"@id":"https:\/\/fuentesfidedignas.com.mx\/index.php\/2022\/03\/11\/inglesia-excomulga-a-diputados-de-sinaloa-que-votaron-a-favor-del-aborto\/#primaryimage"},"image":{"@id":"https:\/\/fuentesfidedignas.com.mx\/index.php\/2022\/03\/11\/inglesia-excomulga-a-diputados-de-sinaloa-que-votaron-a-favor-del-aborto\/#primaryimage"},"thumbnailUrl":"https:\/\/fuentesfidedignas.com.mx\/wp-content\/uploads\/2022\/03\/FB_IMG_1647036539875.jpg","datePublished":"2022-03-11T22:31:51+00:00","dateModified":"2022-03-11T23:22:09+00:00","breadcrumb":{"@id":"https:\/\/fuentesfidedignas.com.mx\/index.php\/2022\/03\/11\/inglesia-excomulga-a-diputados-de-sinaloa-que-votaron-a-favor-del-aborto\/#breadcrumb"},"inLanguage":"es","potentialAction":[{"@type":"ReadAction","target":["https:\/\/fuentesfidedignas.com.mx\/index.php\/2022\/03\/11\/inglesia-excomulga-a-diputados-de-sinaloa-que-votaron-a-favor-del-aborto\/"]}]},{"@type":"ImageObject","inLanguage":"es","@id":"https:\/\/fuentesfidedignas.com.mx\/index.php\/2022\/03\/11\/inglesia-excomulga-a-diputados-de-sinaloa-que-votaron-a-favor-del-aborto\/#primaryimage","url":"https:\/\/fuentesfidedignas.com.mx\/wp-content\/uploads\/2022\/03\/FB_IMG_1647036539875.jpg","contentUrl":"https:\/\/fuentesfidedignas.com.mx\/wp-content\/uploads\/2022\/03\/FB_IMG_1647036539875.jpg","width":1080,"height":810},{"@type":"BreadcrumbList","@id":"https:\/\/fuentesfidedignas.com.mx\/index.php\/2022\/03\/11\/inglesia-excomulga-a-diputados-de-sinaloa-que-votaron-a-favor-del-aborto\/#breadcrumb","itemListElement":[{"@type":"ListItem","position":1,"name":"Inicio","item":"https:\/\/fuentesfidedignas.com.mx\/"},{"@type":"ListItem","position":2,"name":"Excomulgan a diputados de Sinaloa que votaron a favor del aborto"}]},{"@type":"WebSite","@id":"https:\/\/fuentesfidedignas.com.mx\/#website","url":"https:\/\/fuentesfidedignas.com.mx\/","name":"Fuentes Fidedignas","description":"Otro sitio realizado con WordPress","publisher":{"@id":"https:\/\/fuentesfidedignas.com.mx\/#organization"},"potentialAction":[{"@type":"SearchAction","target":{"@type":"EntryPoint","urlTemplate":"https:\/\/fuentesfidedignas.com.mx\/?s={search_term_string}"},"query-input":{"@type":"PropertyValueSpecification","valueRequired":true,"valueName":"search_term_string"}}],"inLanguage":"es"},{"@type":"Organization","@id":"https:\/\/fuentesfidedignas.com.mx\/#organization","name":"Fuentes Fidedignas","url":"https:\/\/fuentesfidedignas.com.mx\/","logo":{"@type":"ImageObject","inLanguage":"es","@id":"https:\/\/fuentesfidedignas.com.mx\/#\/schema\/logo\/image\/","url":"https:\/\/fuentesfidedignas.com.mx\/wp-content\/uploads\/2021\/04\/logo-retina.png","contentUrl":"https:\/\/fuentesfidedignas.com.mx\/wp-content\/uploads\/2021\/04\/logo-retina.png","width":280,"height":51,"caption":"Fuentes Fidedignas"},"image":{"@id":"https:\/\/fuentesfidedignas.com.mx\/#\/schema\/logo\/image\/"},"sameAs":["https:\/\/www.facebook.com\/Fuentes-Fidedignas-368234489921644","https:\/\/x.com\/fidedignas"]},{"@type":"Person","@id":"https:\/\/fuentesfidedignas.com.mx\/#\/schema\/person\/331be9283d37198e2acd5750279085b0","name":"Redacci\u00f3n","image":{"@type":"ImageObject","inLanguage":"es","@id":"https:\/\/secure.gravatar.com\/avatar\/f6d8782c11d12b2d4ad3fbb6931aeab5309937a4d6cd2fc9cfaa28a6396a5aec?s=96&d=mm&r=g","url":"https:\/\/secure.gravatar.com\/avatar\/f6d8782c11d12b2d4ad3fbb6931aeab5309937a4d6cd2fc9cfaa28a6396a5aec?s=96&d=mm&r=g","contentUrl":"https:\/\/secure.gravatar.com\/avatar\/f6d8782c11d12b2d4ad3fbb6931aeab5309937a4d6cd2fc9cfaa28a6396a5aec?s=96&d=mm&r=g","caption":"Redacci\u00f3n"},"url":"https:\/\/fuentesfidedignas.com.mx\/index.php\/author\/redaccion\/"}]}},"_links":{"self":[{"href":"https:\/\/fuentesfidedignas.com.mx\/index.php\/wp-json\/wp\/v2\/posts\/26037","targetHints":{"allow":["GET"]}}],"collection":[{"href":"https:\/\/fuentesfidedignas.com.mx\/index.php\/wp-json\/wp\/v2\/posts"}],"about":[{"href":"https:\/\/fuentesfidedignas.com.mx\/index.php\/wp-json\/wp\/v2\/types\/post"}],"author":[{"embeddable":true,"href":"https:\/\/fuentesfidedignas.com.mx\/index.php\/wp-json\/wp\/v2\/users\/4"}],"replies":[{"embeddable":true,"href":"https:\/\/fuentesfidedignas.com.mx\/index.php\/wp-json\/wp\/v2\/comments?post=26037"}],"version-history":[{"count":5,"href":"https:\/\/fuentesfidedignas.com.mx\/index.php\/wp-json\/wp\/v2\/posts\/26037\/revisions"}],"predecessor-version":[{"id":26050,"href":"https:\/\/fuentesfidedignas.com.mx\/index.php\/wp-json\/wp\/v2\/posts\/26037\/revisions\/26050"}],"wp:featuredmedia":[{"embeddable":true,"href":"https:\/\/fuentesfidedignas.com.mx\/index.php\/wp-json\/wp\/v2\/media\/26040"}],"wp:attachment":[{"href":"https:\/\/fuentesfidedignas.com.mx\/index.php\/wp-json\/wp\/v2\/media?parent=26037"}],"wp:term":[{"taxonomy":"category","embeddable":true,"href":"https:\/\/fuentesfidedignas.com.mx\/index.php\/wp-json\/wp\/v2\/categories?post=26037"},{"taxonomy":"post_tag","embeddable":true,"href":"https:\/\/fuentesfidedignas.com.mx\/index.php\/wp-json\/wp\/v2\/tags?post=26037"}],"curies":[{"name":"wp","href":"https:\/\/api.w.org\/{rel}","templated":true}]}}