{"id":25579,"date":"2022-03-06T13:56:44","date_gmt":"2022-03-06T20:56:44","guid":{"rendered":"https:\/\/fuentesfidedignas.com.mx\/?p=25579"},"modified":"2022-03-06T13:57:43","modified_gmt":"2022-03-06T20:57:43","slug":"asiste-gerardo-vargas-a-el-encuentro-municipalista-de-morena","status":"publish","type":"post","link":"https:\/\/fuentesfidedignas.com.mx\/index.php\/2022\/03\/06\/asiste-gerardo-vargas-a-el-encuentro-municipalista-de-morena\/","title":{"rendered":"Asiste Gerardo Vargas a el Encuentro Municipalista de Morena"},"content":{"rendered":"\n<p><strong><em>En el evento estuvieron integrantes del gabinete federal, gobernadores de Morena y legisladores de la bancada mayoritaria que mantiene el partido guinda en el Congreso de la Uni\u00f3n<\/em><\/strong><\/p>\n\n\n\n<p>Ciudad de M\u00e9xico.- Gerardo Vargas Landeros estuvo presente en el Encuentro Municipalista de Morena, presidido por el l\u00edder del Partido Movimiento de Regeneraci\u00f3n Nacional, Mario Delgado, al cual asistieron los secretarios de Gobernaci\u00f3n, Ad\u00e1n Augusto L\u00f3pez, y de Seguridad Ciudadana, Rosa Icela Rodr\u00edguez, as\u00ed como los directores del IMSS, Zo\u00e9 Robledo, y CFE, Manuel Bartlett, entre otros.<\/p>\n\n\n\n<p>Los alcaldes y presidentes municipales de extracci\u00f3n morenista del pa\u00eds sostuvieron una reuni\u00f3n con integrantes del gabinete federal, gobernadores de Morena y legisladores de la bancada mayoritaria que mantiene el partido guinda en el Congreso de la Uni\u00f3n, con el objetivo de revisar la agenda municipal.<\/p>\n\n\n\n<figure class=\"wp-block-gallery has-nested-images columns-default is-cropped wp-block-gallery-1 is-layout-flex wp-block-gallery-is-layout-flex\">\n<figure class=\"wp-block-image size-large\"><img decoding=\"async\" data-id=\"25581\" src=\"https:\/\/fuentesfidedignas.com.mx\/wp-content\/uploads\/2022\/03\/WhatsApp-Image-2022-03-06-at-1.44.37-PM.jpeg\" alt=\"\" class=\"wp-image-25581\"\/><\/figure>\n\n\n\n<figure class=\"wp-block-image size-large\"><img decoding=\"async\" data-id=\"25582\" src=\"https:\/\/fuentesfidedignas.com.mx\/wp-content\/uploads\/2022\/03\/WhatsApp-Image-2022-03-06-at-1.44.36-PM-1.jpeg\" alt=\"\" class=\"wp-image-25582\"\/><\/figure>\n\n\n\n<figure class=\"wp-block-image size-large\"><img decoding=\"async\" width=\"1024\" height=\"576\" data-id=\"25583\" src=\"https:\/\/fuentesfidedignas.com.mx\/wp-content\/uploads\/2022\/03\/WhatsApp-Image-2022-03-06-at-1.44.36-PM.jpeg\" alt=\"\" class=\"wp-image-25583\"\/><\/figure>\n<\/figure>\n","protected":false},"excerpt":{"rendered":"<p>En el evento estuvieron integrantes del gabinete federal, gobernadores de Morena y legisladores de la bancada mayoritaria que mantiene el partido guinda en el Congreso de la Uni\u00f3n Ciudad de M\u00e9xico.- Gerardo Vargas Landeros estuvo presente en el Encuentro Municipalista de Morena, presidido por el l\u00edder del Partido Movimiento de Regeneraci\u00f3n Nacional, Mario Delgado, al [&hellip;]<\/p>\n","protected":false},"author":4,"featured_media":0,"comment_status":"open","ping_status":"open","sticky":false,"template":"","format":"standard","meta":{"tdm_status":"","tdm_grid_status":"","footnotes":""},"categories":[38],"tags":[1654,45,2469],"class_list":{"0":"post-25579","1":"post","2":"type-post","3":"status-publish","4":"format-standard","6":"category-noticias-locales","7":"tag-gerardo-vargas-landeros","8":"tag-morena","9":"tag-movimiento-de-regeneracion-nacional"},"yoast_head":"<!-- This site is optimized with the Yoast SEO plugin v27.5 - https:\/\/yoast.com\/product\/yoast-seo-wordpress\/ -->\n<title>Asiste Gerardo Vargas a el Encuentro Municipalista de Morena - Fuentes Fidedignas<\/title>\n<meta name=\"robots\" content=\"index, follow, max-snippet:-1, max-image-preview:large, max-video-preview:-1\" \/>\n<link rel=\"canonical\" href=\"https:\/\/fuentesfidedignas.com.mx\/index.php\/2022\/03\/06\/asiste-gerardo-vargas-a-el-encuentro-municipalista-de-morena\/\" \/>\n<meta property=\"og:locale\" content=\"es_MX\" \/>\n<meta property=\"og:type\" content=\"article\" \/>\n<meta property=\"og:title\" content=\"Asiste Gerardo Vargas a el Encuentro Municipalista de Morena - Fuentes Fidedignas\" \/>\n<meta property=\"og:description\" content=\"En el evento estuvieron integrantes del gabinete federal, gobernadores de Morena y legisladores de la bancada mayoritaria que mantiene el partido guinda en el Congreso de la Uni\u00f3n Ciudad de M\u00e9xico.- Gerardo Vargas Landeros estuvo presente en el Encuentro Municipalista de Morena, presidido por el l\u00edder del Partido Movimiento de Regeneraci\u00f3n Nacional, Mario Delgado, al [&hellip;]\" \/>\n<meta property=\"og:url\" content=\"https:\/\/fuentesfidedignas.com.mx\/index.php\/2022\/03\/06\/asiste-gerardo-vargas-a-el-encuentro-municipalista-de-morena\/\" \/>\n<meta property=\"og:site_name\" content=\"Fuentes Fidedignas\" \/>\n<meta property=\"article:publisher\" content=\"https:\/\/www.facebook.com\/Fuentes-Fidedignas-368234489921644\" \/>\n<meta property=\"article:published_time\" content=\"2022-03-06T20:56:44+00:00\" \/>\n<meta property=\"article:modified_time\" content=\"2022-03-06T20:57:43+00:00\" \/>\n<meta property=\"og:image\" content=\"https:\/\/fuentesfidedignas.com.mx\/wp-content\/uploads\/2022\/03\/WhatsApp-Image-2022-03-06-at-1.44.37-PM-1.jpeg\" \/>\n\t<meta property=\"og:image:width\" content=\"478\" \/>\n\t<meta property=\"og:image:height\" content=\"268\" \/>\n\t<meta property=\"og:image:type\" content=\"image\/jpeg\" \/>\n<meta name=\"author\" content=\"Redacci\u00f3n\" \/>\n<meta name=\"twitter:card\" content=\"summary_large_image\" \/>\n<meta name=\"twitter:creator\" content=\"@fidedignas\" \/>\n<meta name=\"twitter:site\" content=\"@fidedignas\" \/>\n<meta name=\"twitter:label1\" content=\"Escrito por\" \/>\n\t<meta name=\"twitter:data1\" content=\"Redacci\u00f3n\" \/>\n\t<meta name=\"twitter:label2\" content=\"Tiempo de lectura\" \/>\n\t<meta name=\"twitter:data2\" content=\"2 minutos\" \/>\n<script type=\"application\/ld+json\" class=\"yoast-schema-graph\">{\"@context\":\"https:\\\/\\\/schema.org\",\"@graph\":[{\"@type\":\"Article\",\"@id\":\"https:\\\/\\\/fuentesfidedignas.com.mx\\\/index.php\\\/2022\\\/03\\\/06\\\/asiste-gerardo-vargas-a-el-encuentro-municipalista-de-morena\\\/#article\",\"isPartOf\":{\"@id\":\"https:\\\/\\\/fuentesfidedignas.com.mx\\\/index.php\\\/2022\\\/03\\\/06\\\/asiste-gerardo-vargas-a-el-encuentro-municipalista-de-morena\\\/\"},\"author\":{\"name\":\"Redacci\u00f3n\",\"@id\":\"https:\\\/\\\/fuentesfidedignas.com.mx\\\/#\\\/schema\\\/person\\\/331be9283d37198e2acd5750279085b0\"},\"headline\":\"Asiste Gerardo Vargas a el Encuentro Municipalista de Morena\",\"datePublished\":\"2022-03-06T20:56:44+00:00\",\"dateModified\":\"2022-03-06T20:57:43+00:00\",\"mainEntityOfPage\":{\"@id\":\"https:\\\/\\\/fuentesfidedignas.com.mx\\\/index.php\\\/2022\\\/03\\\/06\\\/asiste-gerardo-vargas-a-el-encuentro-municipalista-de-morena\\\/\"},\"wordCount\":153,\"commentCount\":0,\"publisher\":{\"@id\":\"https:\\\/\\\/fuentesfidedignas.com.mx\\\/#organization\"},\"image\":{\"@id\":\"https:\\\/\\\/fuentesfidedignas.com.mx\\\/index.php\\\/2022\\\/03\\\/06\\\/asiste-gerardo-vargas-a-el-encuentro-municipalista-de-morena\\\/#primaryimage\"},\"thumbnailUrl\":\"https:\\\/\\\/fuentesfidedignas.com.mx\\\/wp-content\\\/uploads\\\/2022\\\/03\\\/WhatsApp-Image-2022-03-06-at-1.44.37-PM.jpeg\",\"keywords\":[\"Gerardo Vargas Landeros\",\"morena\",\"Movimiento de Regeneraci\u00f3n Nacional\"],\"articleSection\":[\"NOTICIAS LOCALES\"],\"inLanguage\":\"es\",\"potentialAction\":[{\"@type\":\"CommentAction\",\"name\":\"Comment\",\"target\":[\"https:\\\/\\\/fuentesfidedignas.com.mx\\\/index.php\\\/2022\\\/03\\\/06\\\/asiste-gerardo-vargas-a-el-encuentro-municipalista-de-morena\\\/#respond\"]}]},{\"@type\":\"WebPage\",\"@id\":\"https:\\\/\\\/fuentesfidedignas.com.mx\\\/index.php\\\/2022\\\/03\\\/06\\\/asiste-gerardo-vargas-a-el-encuentro-municipalista-de-morena\\\/\",\"url\":\"https:\\\/\\\/fuentesfidedignas.com.mx\\\/index.php\\\/2022\\\/03\\\/06\\\/asiste-gerardo-vargas-a-el-encuentro-municipalista-de-morena\\\/\",\"name\":\"Asiste Gerardo Vargas a el Encuentro Municipalista de Morena - Fuentes Fidedignas\",\"isPartOf\":{\"@id\":\"https:\\\/\\\/fuentesfidedignas.com.mx\\\/#website\"},\"primaryImageOfPage\":{\"@id\":\"https:\\\/\\\/fuentesfidedignas.com.mx\\\/index.php\\\/2022\\\/03\\\/06\\\/asiste-gerardo-vargas-a-el-encuentro-municipalista-de-morena\\\/#primaryimage\"},\"image\":{\"@id\":\"https:\\\/\\\/fuentesfidedignas.com.mx\\\/index.php\\\/2022\\\/03\\\/06\\\/asiste-gerardo-vargas-a-el-encuentro-municipalista-de-morena\\\/#primaryimage\"},\"thumbnailUrl\":\"https:\\\/\\\/fuentesfidedignas.com.mx\\\/wp-content\\\/uploads\\\/2022\\\/03\\\/WhatsApp-Image-2022-03-06-at-1.44.37-PM.jpeg\",\"datePublished\":\"2022-03-06T20:56:44+00:00\",\"dateModified\":\"2022-03-06T20:57:43+00:00\",\"breadcrumb\":{\"@id\":\"https:\\\/\\\/fuentesfidedignas.com.mx\\\/index.php\\\/2022\\\/03\\\/06\\\/asiste-gerardo-vargas-a-el-encuentro-municipalista-de-morena\\\/#breadcrumb\"},\"inLanguage\":\"es\",\"potentialAction\":[{\"@type\":\"ReadAction\",\"target\":[\"https:\\\/\\\/fuentesfidedignas.com.mx\\\/index.php\\\/2022\\\/03\\\/06\\\/asiste-gerardo-vargas-a-el-encuentro-municipalista-de-morena\\\/\"]}]},{\"@type\":\"ImageObject\",\"inLanguage\":\"es\",\"@id\":\"https:\\\/\\\/fuentesfidedignas.com.mx\\\/index.php\\\/2022\\\/03\\\/06\\\/asiste-gerardo-vargas-a-el-encuentro-municipalista-de-morena\\\/#primaryimage\",\"url\":\"\",\"contentUrl\":\"\"},{\"@type\":\"BreadcrumbList\",\"@id\":\"https:\\\/\\\/fuentesfidedignas.com.mx\\\/index.php\\\/2022\\\/03\\\/06\\\/asiste-gerardo-vargas-a-el-encuentro-municipalista-de-morena\\\/#breadcrumb\",\"itemListElement\":[{\"@type\":\"ListItem\",\"position\":1,\"name\":\"Inicio\",\"item\":\"https:\\\/\\\/fuentesfidedignas.com.mx\\\/\"},{\"@type\":\"ListItem\",\"position\":2,\"name\":\"Asiste Gerardo Vargas a el Encuentro Municipalista de Morena\"}]},{\"@type\":\"WebSite\",\"@id\":\"https:\\\/\\\/fuentesfidedignas.com.mx\\\/#website\",\"url\":\"https:\\\/\\\/fuentesfidedignas.com.mx\\\/\",\"name\":\"Fuentes Fidedignas\",\"description\":\"Otro sitio realizado con WordPress\",\"publisher\":{\"@id\":\"https:\\\/\\\/fuentesfidedignas.com.mx\\\/#organization\"},\"potentialAction\":[{\"@type\":\"SearchAction\",\"target\":{\"@type\":\"EntryPoint\",\"urlTemplate\":\"https:\\\/\\\/fuentesfidedignas.com.mx\\\/?s={search_term_string}\"},\"query-input\":{\"@type\":\"PropertyValueSpecification\",\"valueRequired\":true,\"valueName\":\"search_term_string\"}}],\"inLanguage\":\"es\"},{\"@type\":\"Organization\",\"@id\":\"https:\\\/\\\/fuentesfidedignas.com.mx\\\/#organization\",\"name\":\"Fuentes Fidedignas\",\"url\":\"https:\\\/\\\/fuentesfidedignas.com.mx\\\/\",\"logo\":{\"@type\":\"ImageObject\",\"inLanguage\":\"es\",\"@id\":\"https:\\\/\\\/fuentesfidedignas.com.mx\\\/#\\\/schema\\\/logo\\\/image\\\/\",\"url\":\"https:\\\/\\\/fuentesfidedignas.com.mx\\\/wp-content\\\/uploads\\\/2021\\\/04\\\/logo-retina.png\",\"contentUrl\":\"https:\\\/\\\/fuentesfidedignas.com.mx\\\/wp-content\\\/uploads\\\/2021\\\/04\\\/logo-retina.png\",\"width\":280,\"height\":51,\"caption\":\"Fuentes Fidedignas\"},\"image\":{\"@id\":\"https:\\\/\\\/fuentesfidedignas.com.mx\\\/#\\\/schema\\\/logo\\\/image\\\/\"},\"sameAs\":[\"https:\\\/\\\/www.facebook.com\\\/Fuentes-Fidedignas-368234489921644\",\"https:\\\/\\\/x.com\\\/fidedignas\"]},{\"@type\":\"Person\",\"@id\":\"https:\\\/\\\/fuentesfidedignas.com.mx\\\/#\\\/schema\\\/person\\\/331be9283d37198e2acd5750279085b0\",\"name\":\"Redacci\u00f3n\",\"image\":{\"@type\":\"ImageObject\",\"inLanguage\":\"es\",\"@id\":\"https:\\\/\\\/secure.gravatar.com\\\/avatar\\\/f6d8782c11d12b2d4ad3fbb6931aeab5309937a4d6cd2fc9cfaa28a6396a5aec?s=96&d=mm&r=g\",\"url\":\"https:\\\/\\\/secure.gravatar.com\\\/avatar\\\/f6d8782c11d12b2d4ad3fbb6931aeab5309937a4d6cd2fc9cfaa28a6396a5aec?s=96&d=mm&r=g\",\"contentUrl\":\"https:\\\/\\\/secure.gravatar.com\\\/avatar\\\/f6d8782c11d12b2d4ad3fbb6931aeab5309937a4d6cd2fc9cfaa28a6396a5aec?s=96&d=mm&r=g\",\"caption\":\"Redacci\u00f3n\"},\"url\":\"https:\\\/\\\/fuentesfidedignas.com.mx\\\/index.php\\\/author\\\/redaccion\\\/\"}]}<\/script>\n<!-- \/ Yoast SEO plugin. -->","yoast_head_json":{"title":"Asiste Gerardo Vargas a el Encuentro Municipalista de Morena - Fuentes Fidedignas","robots":{"index":"index","follow":"follow","max-snippet":"max-snippet:-1","max-image-preview":"max-image-preview:large","max-video-preview":"max-video-preview:-1"},"canonical":"https:\/\/fuentesfidedignas.com.mx\/index.php\/2022\/03\/06\/asiste-gerardo-vargas-a-el-encuentro-municipalista-de-morena\/","og_locale":"es_MX","og_type":"article","og_title":"Asiste Gerardo Vargas a el Encuentro Municipalista de Morena - Fuentes Fidedignas","og_description":"En el evento estuvieron integrantes del gabinete federal, gobernadores de Morena y legisladores de la bancada mayoritaria que mantiene el partido guinda en el Congreso de la Uni\u00f3n Ciudad de M\u00e9xico.- Gerardo Vargas Landeros estuvo presente en el Encuentro Municipalista de Morena, presidido por el l\u00edder del Partido Movimiento de Regeneraci\u00f3n Nacional, Mario Delgado, al [&hellip;]","og_url":"https:\/\/fuentesfidedignas.com.mx\/index.php\/2022\/03\/06\/asiste-gerardo-vargas-a-el-encuentro-municipalista-de-morena\/","og_site_name":"Fuentes Fidedignas","article_publisher":"https:\/\/www.facebook.com\/Fuentes-Fidedignas-368234489921644","article_published_time":"2022-03-06T20:56:44+00:00","article_modified_time":"2022-03-06T20:57:43+00:00","og_image":[{"width":478,"height":268,"url":"https:\/\/fuentesfidedignas.com.mx\/wp-content\/uploads\/2022\/03\/WhatsApp-Image-2022-03-06-at-1.44.37-PM-1.jpeg","type":"image\/jpeg"}],"author":"Redacci\u00f3n","twitter_card":"summary_large_image","twitter_creator":"@fidedignas","twitter_site":"@fidedignas","twitter_misc":{"Escrito por":"Redacci\u00f3n","Tiempo de lectura":"2 minutos"},"schema":{"@context":"https:\/\/schema.org","@graph":[{"@type":"Article","@id":"https:\/\/fuentesfidedignas.com.mx\/index.php\/2022\/03\/06\/asiste-gerardo-vargas-a-el-encuentro-municipalista-de-morena\/#article","isPartOf":{"@id":"https:\/\/fuentesfidedignas.com.mx\/index.php\/2022\/03\/06\/asiste-gerardo-vargas-a-el-encuentro-municipalista-de-morena\/"},"author":{"name":"Redacci\u00f3n","@id":"https:\/\/fuentesfidedignas.com.mx\/#\/schema\/person\/331be9283d37198e2acd5750279085b0"},"headline":"Asiste Gerardo Vargas a el Encuentro Municipalista de Morena","datePublished":"2022-03-06T20:56:44+00:00","dateModified":"2022-03-06T20:57:43+00:00","mainEntityOfPage":{"@id":"https:\/\/fuentesfidedignas.com.mx\/index.php\/2022\/03\/06\/asiste-gerardo-vargas-a-el-encuentro-municipalista-de-morena\/"},"wordCount":153,"commentCount":0,"publisher":{"@id":"https:\/\/fuentesfidedignas.com.mx\/#organization"},"image":{"@id":"https:\/\/fuentesfidedignas.com.mx\/index.php\/2022\/03\/06\/asiste-gerardo-vargas-a-el-encuentro-municipalista-de-morena\/#primaryimage"},"thumbnailUrl":"https:\/\/fuentesfidedignas.com.mx\/wp-content\/uploads\/2022\/03\/WhatsApp-Image-2022-03-06-at-1.44.37-PM.jpeg","keywords":["Gerardo Vargas Landeros","morena","Movimiento de Regeneraci\u00f3n Nacional"],"articleSection":["NOTICIAS LOCALES"],"inLanguage":"es","potentialAction":[{"@type":"CommentAction","name":"Comment","target":["https:\/\/fuentesfidedignas.com.mx\/index.php\/2022\/03\/06\/asiste-gerardo-vargas-a-el-encuentro-municipalista-de-morena\/#respond"]}]},{"@type":"WebPage","@id":"https:\/\/fuentesfidedignas.com.mx\/index.php\/2022\/03\/06\/asiste-gerardo-vargas-a-el-encuentro-municipalista-de-morena\/","url":"https:\/\/fuentesfidedignas.com.mx\/index.php\/2022\/03\/06\/asiste-gerardo-vargas-a-el-encuentro-municipalista-de-morena\/","name":"Asiste Gerardo Vargas a el Encuentro Municipalista de Morena - Fuentes Fidedignas","isPartOf":{"@id":"https:\/\/fuentesfidedignas.com.mx\/#website"},"primaryImageOfPage":{"@id":"https:\/\/fuentesfidedignas.com.mx\/index.php\/2022\/03\/06\/asiste-gerardo-vargas-a-el-encuentro-municipalista-de-morena\/#primaryimage"},"image":{"@id":"https:\/\/fuentesfidedignas.com.mx\/index.php\/2022\/03\/06\/asiste-gerardo-vargas-a-el-encuentro-municipalista-de-morena\/#primaryimage"},"thumbnailUrl":"https:\/\/fuentesfidedignas.com.mx\/wp-content\/uploads\/2022\/03\/WhatsApp-Image-2022-03-06-at-1.44.37-PM.jpeg","datePublished":"2022-03-06T20:56:44+00:00","dateModified":"2022-03-06T20:57:43+00:00","breadcrumb":{"@id":"https:\/\/fuentesfidedignas.com.mx\/index.php\/2022\/03\/06\/asiste-gerardo-vargas-a-el-encuentro-municipalista-de-morena\/#breadcrumb"},"inLanguage":"es","potentialAction":[{"@type":"ReadAction","target":["https:\/\/fuentesfidedignas.com.mx\/index.php\/2022\/03\/06\/asiste-gerardo-vargas-a-el-encuentro-municipalista-de-morena\/"]}]},{"@type":"ImageObject","inLanguage":"es","@id":"https:\/\/fuentesfidedignas.com.mx\/index.php\/2022\/03\/06\/asiste-gerardo-vargas-a-el-encuentro-municipalista-de-morena\/#primaryimage","url":"","contentUrl":""},{"@type":"BreadcrumbList","@id":"https:\/\/fuentesfidedignas.com.mx\/index.php\/2022\/03\/06\/asiste-gerardo-vargas-a-el-encuentro-municipalista-de-morena\/#breadcrumb","itemListElement":[{"@type":"ListItem","position":1,"name":"Inicio","item":"https:\/\/fuentesfidedignas.com.mx\/"},{"@type":"ListItem","position":2,"name":"Asiste Gerardo Vargas a el Encuentro Municipalista de Morena"}]},{"@type":"WebSite","@id":"https:\/\/fuentesfidedignas.com.mx\/#website","url":"https:\/\/fuentesfidedignas.com.mx\/","name":"Fuentes Fidedignas","description":"Otro sitio realizado con WordPress","publisher":{"@id":"https:\/\/fuentesfidedignas.com.mx\/#organization"},"potentialAction":[{"@type":"SearchAction","target":{"@type":"EntryPoint","urlTemplate":"https:\/\/fuentesfidedignas.com.mx\/?s={search_term_string}"},"query-input":{"@type":"PropertyValueSpecification","valueRequired":true,"valueName":"search_term_string"}}],"inLanguage":"es"},{"@type":"Organization","@id":"https:\/\/fuentesfidedignas.com.mx\/#organization","name":"Fuentes Fidedignas","url":"https:\/\/fuentesfidedignas.com.mx\/","logo":{"@type":"ImageObject","inLanguage":"es","@id":"https:\/\/fuentesfidedignas.com.mx\/#\/schema\/logo\/image\/","url":"https:\/\/fuentesfidedignas.com.mx\/wp-content\/uploads\/2021\/04\/logo-retina.png","contentUrl":"https:\/\/fuentesfidedignas.com.mx\/wp-content\/uploads\/2021\/04\/logo-retina.png","width":280,"height":51,"caption":"Fuentes Fidedignas"},"image":{"@id":"https:\/\/fuentesfidedignas.com.mx\/#\/schema\/logo\/image\/"},"sameAs":["https:\/\/www.facebook.com\/Fuentes-Fidedignas-368234489921644","https:\/\/x.com\/fidedignas"]},{"@type":"Person","@id":"https:\/\/fuentesfidedignas.com.mx\/#\/schema\/person\/331be9283d37198e2acd5750279085b0","name":"Redacci\u00f3n","image":{"@type":"ImageObject","inLanguage":"es","@id":"https:\/\/secure.gravatar.com\/avatar\/f6d8782c11d12b2d4ad3fbb6931aeab5309937a4d6cd2fc9cfaa28a6396a5aec?s=96&d=mm&r=g","url":"https:\/\/secure.gravatar.com\/avatar\/f6d8782c11d12b2d4ad3fbb6931aeab5309937a4d6cd2fc9cfaa28a6396a5aec?s=96&d=mm&r=g","contentUrl":"https:\/\/secure.gravatar.com\/avatar\/f6d8782c11d12b2d4ad3fbb6931aeab5309937a4d6cd2fc9cfaa28a6396a5aec?s=96&d=mm&r=g","caption":"Redacci\u00f3n"},"url":"https:\/\/fuentesfidedignas.com.mx\/index.php\/author\/redaccion\/"}]}},"_links":{"self":[{"href":"https:\/\/fuentesfidedignas.com.mx\/index.php\/wp-json\/wp\/v2\/posts\/25579","targetHints":{"allow":["GET"]}}],"collection":[{"href":"https:\/\/fuentesfidedignas.com.mx\/index.php\/wp-json\/wp\/v2\/posts"}],"about":[{"href":"https:\/\/fuentesfidedignas.com.mx\/index.php\/wp-json\/wp\/v2\/types\/post"}],"author":[{"embeddable":true,"href":"https:\/\/fuentesfidedignas.com.mx\/index.php\/wp-json\/wp\/v2\/users\/4"}],"replies":[{"embeddable":true,"href":"https:\/\/fuentesfidedignas.com.mx\/index.php\/wp-json\/wp\/v2\/comments?post=25579"}],"version-history":[{"count":3,"href":"https:\/\/fuentesfidedignas.com.mx\/index.php\/wp-json\/wp\/v2\/posts\/25579\/revisions"}],"predecessor-version":[{"id":25586,"href":"https:\/\/fuentesfidedignas.com.mx\/index.php\/wp-json\/wp\/v2\/posts\/25579\/revisions\/25586"}],"wp:attachment":[{"href":"https:\/\/fuentesfidedignas.com.mx\/index.php\/wp-json\/wp\/v2\/media?parent=25579"}],"wp:term":[{"taxonomy":"category","embeddable":true,"href":"https:\/\/fuentesfidedignas.com.mx\/index.php\/wp-json\/wp\/v2\/categories?post=25579"},{"taxonomy":"post_tag","embeddable":true,"href":"https:\/\/fuentesfidedignas.com.mx\/index.php\/wp-json\/wp\/v2\/tags?post=25579"}],"curies":[{"name":"wp","href":"https:\/\/api.w.org\/{rel}","templated":true}]}}