{"id":25550,"date":"2022-03-06T09:24:32","date_gmt":"2022-03-06T16:24:32","guid":{"rendered":"https:\/\/fuentesfidedignas.com.mx\/?p=25550"},"modified":"2022-03-06T09:24:34","modified_gmt":"2022-03-06T16:24:34","slug":"frena-sinaloa-discusion-sobre-la-despenalizacion-del-aborto","status":"publish","type":"post","link":"https:\/\/fuentesfidedignas.com.mx\/index.php\/2022\/03\/06\/frena-sinaloa-discusion-sobre-la-despenalizacion-del-aborto\/","title":{"rendered":"Frena Sinaloa discusi\u00f3n sobre la despenalizaci\u00f3n del aborto"},"content":{"rendered":"\n<p><strong><em>Los miembros de las Comisiones Unidas de Igualdad de G\u00e9nero y Familia, de Salud y Asistencia Social y de Derechos Humanos del Congreso estatal acordaron diferir para el pr\u00f3ximo lunes su discusi\u00f3n<\/em><\/strong><\/p>\n\n\n\n<p>Culiac\u00e1n, Sin.\u2014 Los diputados locales suspendieron la discusi\u00f3n y aprobaci\u00f3n del dictamen que contempla la despenalizaci\u00f3n del aborto, ante la diferencia de criterios en cuanto al n\u00famero m\u00e1ximo de semanas en las que se puede solicitar la interrupci\u00f3n de la gestaci\u00f3n, sin poner en riesgo la salud.<\/p>\n\n\n\n<p>Una de las iniciativas presentadas por Morena establece hasta 14 semanas, pero las bancadas del Revolucionario Institucional y el Sinaloense propusieron que sea de 12 semanas, y diputados sin partido pol\u00edtico pidieron que se reduzca a ocho.<\/p>\n\n\n\n<p>Los miembros de las Comisiones Unidas de Igualdad de G\u00e9nero y Familia, de Salud y Asistencia Social y de Derechos Humanos del Congreso estatal acordaron diferir para el pr\u00f3ximo lunes su discusi\u00f3n, a fin de que el \u00e1rea jur\u00eddica realice nuevas adiciones al dictamen que va ser discutido, aprobado o rechazado.<\/p>\n\n\n\n<p>Al respecto, el secretario de Salud local, H\u00e9ctor Melesio Cu\u00e9n Ojeda, mencion\u00f3 que, por seguridad de las mujeres, se debe reducir al m\u00e1ximo el n\u00famero de semanas en las que el personal m\u00e9dico puede interrumpir los embarazos a petici\u00f3n de la madre.<\/p>\n\n\n\n<p>Aclar\u00f3 que \u00e9l siempre ha estado a favor de la vida, pero que la Suprema Corte de Justicia de la Naci\u00f3n (SCJN) ya emiti\u00f3 una resoluci\u00f3n para que el Congreso estatal legisle en materia de despenalizaci\u00f3n del aborto.<\/p>\n\n\n\n<p>Por su parte, los grupos a favor de la vida, la familia y la salud que se oponen a la despenalizaci\u00f3n del aborto y al cambio de identidad de g\u00e9nero expusieron que los diputados locales no escucharon sus planteamientos y peticiones de legislar a favor de la vida, por lo que fue est\u00e9ril celebrar un parlamento abierto.<\/p>\n\n\n\n<p>Ana Laura Hern\u00e1ndez Meijueiro, l\u00edder de V\u00eda Familia, se\u00f1al\u00f3 que en el Congreso del estado tienen prisa por sacar las reformas al C\u00f3digo Penal y a la Ley de Salud, para aprobar la despenalizaci\u00f3n del aborto, como parte de la celebraci\u00f3n del D\u00eda Internacional de la Mujer, que es el pr\u00f3ximo 8 de marzo.<\/p>\n\n\n\n<p>Asimismo, coment\u00f3 que van a asistir a la sede del Poder Legislativo el pr\u00f3ximo martes, con el objetivo de externar su desacuerdo sobre autorizar el aborto sin justificaci\u00f3n cient\u00edfica.<\/p>\n","protected":false},"excerpt":{"rendered":"<p>Los miembros de las Comisiones Unidas de Igualdad de G\u00e9nero y Familia, de Salud y Asistencia Social y de Derechos Humanos del Congreso estatal acordaron diferir para el pr\u00f3ximo lunes su discusi\u00f3n Culiac\u00e1n, Sin.\u2014 Los diputados locales suspendieron la discusi\u00f3n y aprobaci\u00f3n del dictamen que contempla la despenalizaci\u00f3n del aborto, ante la diferencia de criterios [&hellip;]<\/p>\n","protected":false},"author":39,"featured_media":25551,"comment_status":"open","ping_status":"open","sticky":false,"template":"","format":"standard","meta":{"tdm_status":"","tdm_grid_status":"","footnotes":""},"categories":[37],"tags":[],"class_list":{"0":"post-25550","1":"post","2":"type-post","3":"status-publish","4":"format-standard","5":"has-post-thumbnail","7":"category-nota-principal"},"yoast_head":"<!-- This site is optimized with the Yoast SEO plugin v27.5 - https:\/\/yoast.com\/product\/yoast-seo-wordpress\/ -->\n<title>Frena Sinaloa discusi\u00f3n sobre la despenalizaci\u00f3n del aborto - Fuentes Fidedignas<\/title>\n<meta name=\"robots\" content=\"index, follow, max-snippet:-1, max-image-preview:large, max-video-preview:-1\" \/>\n<link rel=\"canonical\" href=\"https:\/\/fuentesfidedignas.com.mx\/index.php\/2022\/03\/06\/frena-sinaloa-discusion-sobre-la-despenalizacion-del-aborto\/\" \/>\n<meta property=\"og:locale\" content=\"es_MX\" \/>\n<meta property=\"og:type\" content=\"article\" \/>\n<meta property=\"og:title\" content=\"Frena Sinaloa discusi\u00f3n sobre la despenalizaci\u00f3n del aborto - Fuentes Fidedignas\" \/>\n<meta property=\"og:description\" content=\"Los miembros de las Comisiones Unidas de Igualdad de G\u00e9nero y Familia, de Salud y Asistencia Social y de Derechos Humanos del Congreso estatal acordaron diferir para el pr\u00f3ximo lunes su discusi\u00f3n Culiac\u00e1n, Sin.\u2014 Los diputados locales suspendieron la discusi\u00f3n y aprobaci\u00f3n del dictamen que contempla la despenalizaci\u00f3n del aborto, ante la diferencia de criterios [&hellip;]\" \/>\n<meta property=\"og:url\" content=\"https:\/\/fuentesfidedignas.com.mx\/index.php\/2022\/03\/06\/frena-sinaloa-discusion-sobre-la-despenalizacion-del-aborto\/\" \/>\n<meta property=\"og:site_name\" content=\"Fuentes Fidedignas\" \/>\n<meta property=\"article:publisher\" content=\"https:\/\/www.facebook.com\/Fuentes-Fidedignas-368234489921644\" \/>\n<meta property=\"article:published_time\" content=\"2022-03-06T16:24:32+00:00\" \/>\n<meta property=\"article:modified_time\" content=\"2022-03-06T16:24:34+00:00\" \/>\n<meta property=\"og:image\" content=\"https:\/\/fuentesfidedignas.com.mx\/wp-content\/uploads\/2022\/03\/aborto-en-el-mundo.jpg\" \/>\n\t<meta property=\"og:image:width\" content=\"1200\" \/>\n\t<meta property=\"og:image:height\" content=\"675\" \/>\n\t<meta property=\"og:image:type\" content=\"image\/jpeg\" \/>\n<meta name=\"author\" content=\"El Universal\" \/>\n<meta name=\"twitter:card\" content=\"summary_large_image\" \/>\n<meta name=\"twitter:creator\" content=\"@fidedignas\" \/>\n<meta name=\"twitter:site\" content=\"@fidedignas\" \/>\n<meta name=\"twitter:label1\" content=\"Escrito por\" \/>\n\t<meta name=\"twitter:data1\" content=\"El Universal\" \/>\n\t<meta name=\"twitter:label2\" content=\"Tiempo de lectura\" \/>\n\t<meta name=\"twitter:data2\" content=\"2 minutos\" \/>\n<script type=\"application\/ld+json\" class=\"yoast-schema-graph\">{\"@context\":\"https:\\\/\\\/schema.org\",\"@graph\":[{\"@type\":\"Article\",\"@id\":\"https:\\\/\\\/fuentesfidedignas.com.mx\\\/index.php\\\/2022\\\/03\\\/06\\\/frena-sinaloa-discusion-sobre-la-despenalizacion-del-aborto\\\/#article\",\"isPartOf\":{\"@id\":\"https:\\\/\\\/fuentesfidedignas.com.mx\\\/index.php\\\/2022\\\/03\\\/06\\\/frena-sinaloa-discusion-sobre-la-despenalizacion-del-aborto\\\/\"},\"author\":{\"name\":\"El Universal\",\"@id\":\"https:\\\/\\\/fuentesfidedignas.com.mx\\\/#\\\/schema\\\/person\\\/fee3882e65fd0510d292c43a346d35d7\"},\"headline\":\"Frena Sinaloa discusi\u00f3n sobre la despenalizaci\u00f3n del aborto\",\"datePublished\":\"2022-03-06T16:24:32+00:00\",\"dateModified\":\"2022-03-06T16:24:34+00:00\",\"mainEntityOfPage\":{\"@id\":\"https:\\\/\\\/fuentesfidedignas.com.mx\\\/index.php\\\/2022\\\/03\\\/06\\\/frena-sinaloa-discusion-sobre-la-despenalizacion-del-aborto\\\/\"},\"wordCount\":434,\"commentCount\":0,\"publisher\":{\"@id\":\"https:\\\/\\\/fuentesfidedignas.com.mx\\\/#organization\"},\"image\":{\"@id\":\"https:\\\/\\\/fuentesfidedignas.com.mx\\\/index.php\\\/2022\\\/03\\\/06\\\/frena-sinaloa-discusion-sobre-la-despenalizacion-del-aborto\\\/#primaryimage\"},\"thumbnailUrl\":\"https:\\\/\\\/fuentesfidedignas.com.mx\\\/wp-content\\\/uploads\\\/2022\\\/03\\\/aborto-en-el-mundo.jpg\",\"articleSection\":[\"NOTA PRINCIPAL\"],\"inLanguage\":\"es\",\"potentialAction\":[{\"@type\":\"CommentAction\",\"name\":\"Comment\",\"target\":[\"https:\\\/\\\/fuentesfidedignas.com.mx\\\/index.php\\\/2022\\\/03\\\/06\\\/frena-sinaloa-discusion-sobre-la-despenalizacion-del-aborto\\\/#respond\"]}]},{\"@type\":\"WebPage\",\"@id\":\"https:\\\/\\\/fuentesfidedignas.com.mx\\\/index.php\\\/2022\\\/03\\\/06\\\/frena-sinaloa-discusion-sobre-la-despenalizacion-del-aborto\\\/\",\"url\":\"https:\\\/\\\/fuentesfidedignas.com.mx\\\/index.php\\\/2022\\\/03\\\/06\\\/frena-sinaloa-discusion-sobre-la-despenalizacion-del-aborto\\\/\",\"name\":\"Frena Sinaloa discusi\u00f3n sobre la despenalizaci\u00f3n del aborto - Fuentes Fidedignas\",\"isPartOf\":{\"@id\":\"https:\\\/\\\/fuentesfidedignas.com.mx\\\/#website\"},\"primaryImageOfPage\":{\"@id\":\"https:\\\/\\\/fuentesfidedignas.com.mx\\\/index.php\\\/2022\\\/03\\\/06\\\/frena-sinaloa-discusion-sobre-la-despenalizacion-del-aborto\\\/#primaryimage\"},\"image\":{\"@id\":\"https:\\\/\\\/fuentesfidedignas.com.mx\\\/index.php\\\/2022\\\/03\\\/06\\\/frena-sinaloa-discusion-sobre-la-despenalizacion-del-aborto\\\/#primaryimage\"},\"thumbnailUrl\":\"https:\\\/\\\/fuentesfidedignas.com.mx\\\/wp-content\\\/uploads\\\/2022\\\/03\\\/aborto-en-el-mundo.jpg\",\"datePublished\":\"2022-03-06T16:24:32+00:00\",\"dateModified\":\"2022-03-06T16:24:34+00:00\",\"breadcrumb\":{\"@id\":\"https:\\\/\\\/fuentesfidedignas.com.mx\\\/index.php\\\/2022\\\/03\\\/06\\\/frena-sinaloa-discusion-sobre-la-despenalizacion-del-aborto\\\/#breadcrumb\"},\"inLanguage\":\"es\",\"potentialAction\":[{\"@type\":\"ReadAction\",\"target\":[\"https:\\\/\\\/fuentesfidedignas.com.mx\\\/index.php\\\/2022\\\/03\\\/06\\\/frena-sinaloa-discusion-sobre-la-despenalizacion-del-aborto\\\/\"]}]},{\"@type\":\"ImageObject\",\"inLanguage\":\"es\",\"@id\":\"https:\\\/\\\/fuentesfidedignas.com.mx\\\/index.php\\\/2022\\\/03\\\/06\\\/frena-sinaloa-discusion-sobre-la-despenalizacion-del-aborto\\\/#primaryimage\",\"url\":\"https:\\\/\\\/fuentesfidedignas.com.mx\\\/wp-content\\\/uploads\\\/2022\\\/03\\\/aborto-en-el-mundo.jpg\",\"contentUrl\":\"https:\\\/\\\/fuentesfidedignas.com.mx\\\/wp-content\\\/uploads\\\/2022\\\/03\\\/aborto-en-el-mundo.jpg\",\"width\":1200,\"height\":675},{\"@type\":\"BreadcrumbList\",\"@id\":\"https:\\\/\\\/fuentesfidedignas.com.mx\\\/index.php\\\/2022\\\/03\\\/06\\\/frena-sinaloa-discusion-sobre-la-despenalizacion-del-aborto\\\/#breadcrumb\",\"itemListElement\":[{\"@type\":\"ListItem\",\"position\":1,\"name\":\"Inicio\",\"item\":\"https:\\\/\\\/fuentesfidedignas.com.mx\\\/\"},{\"@type\":\"ListItem\",\"position\":2,\"name\":\"Frena Sinaloa discusi\u00f3n sobre la despenalizaci\u00f3n del aborto\"}]},{\"@type\":\"WebSite\",\"@id\":\"https:\\\/\\\/fuentesfidedignas.com.mx\\\/#website\",\"url\":\"https:\\\/\\\/fuentesfidedignas.com.mx\\\/\",\"name\":\"Fuentes Fidedignas\",\"description\":\"Otro sitio realizado con WordPress\",\"publisher\":{\"@id\":\"https:\\\/\\\/fuentesfidedignas.com.mx\\\/#organization\"},\"potentialAction\":[{\"@type\":\"SearchAction\",\"target\":{\"@type\":\"EntryPoint\",\"urlTemplate\":\"https:\\\/\\\/fuentesfidedignas.com.mx\\\/?s={search_term_string}\"},\"query-input\":{\"@type\":\"PropertyValueSpecification\",\"valueRequired\":true,\"valueName\":\"search_term_string\"}}],\"inLanguage\":\"es\"},{\"@type\":\"Organization\",\"@id\":\"https:\\\/\\\/fuentesfidedignas.com.mx\\\/#organization\",\"name\":\"Fuentes Fidedignas\",\"url\":\"https:\\\/\\\/fuentesfidedignas.com.mx\\\/\",\"logo\":{\"@type\":\"ImageObject\",\"inLanguage\":\"es\",\"@id\":\"https:\\\/\\\/fuentesfidedignas.com.mx\\\/#\\\/schema\\\/logo\\\/image\\\/\",\"url\":\"https:\\\/\\\/fuentesfidedignas.com.mx\\\/wp-content\\\/uploads\\\/2021\\\/04\\\/logo-retina.png\",\"contentUrl\":\"https:\\\/\\\/fuentesfidedignas.com.mx\\\/wp-content\\\/uploads\\\/2021\\\/04\\\/logo-retina.png\",\"width\":280,\"height\":51,\"caption\":\"Fuentes Fidedignas\"},\"image\":{\"@id\":\"https:\\\/\\\/fuentesfidedignas.com.mx\\\/#\\\/schema\\\/logo\\\/image\\\/\"},\"sameAs\":[\"https:\\\/\\\/www.facebook.com\\\/Fuentes-Fidedignas-368234489921644\",\"https:\\\/\\\/x.com\\\/fidedignas\"]},{\"@type\":\"Person\",\"@id\":\"https:\\\/\\\/fuentesfidedignas.com.mx\\\/#\\\/schema\\\/person\\\/fee3882e65fd0510d292c43a346d35d7\",\"name\":\"El Universal\",\"image\":{\"@type\":\"ImageObject\",\"inLanguage\":\"es\",\"@id\":\"https:\\\/\\\/secure.gravatar.com\\\/avatar\\\/1ebc94d82b6c3c081781f73e5b76a0d0c1ac7bf8e57426f18802246eeaa2747c?s=96&d=mm&r=g\",\"url\":\"https:\\\/\\\/secure.gravatar.com\\\/avatar\\\/1ebc94d82b6c3c081781f73e5b76a0d0c1ac7bf8e57426f18802246eeaa2747c?s=96&d=mm&r=g\",\"contentUrl\":\"https:\\\/\\\/secure.gravatar.com\\\/avatar\\\/1ebc94d82b6c3c081781f73e5b76a0d0c1ac7bf8e57426f18802246eeaa2747c?s=96&d=mm&r=g\",\"caption\":\"El Universal\"},\"url\":\"https:\\\/\\\/fuentesfidedignas.com.mx\\\/index.php\\\/author\\\/el-universal\\\/\"}]}<\/script>\n<!-- \/ Yoast SEO plugin. -->","yoast_head_json":{"title":"Frena Sinaloa discusi\u00f3n sobre la despenalizaci\u00f3n del aborto - Fuentes Fidedignas","robots":{"index":"index","follow":"follow","max-snippet":"max-snippet:-1","max-image-preview":"max-image-preview:large","max-video-preview":"max-video-preview:-1"},"canonical":"https:\/\/fuentesfidedignas.com.mx\/index.php\/2022\/03\/06\/frena-sinaloa-discusion-sobre-la-despenalizacion-del-aborto\/","og_locale":"es_MX","og_type":"article","og_title":"Frena Sinaloa discusi\u00f3n sobre la despenalizaci\u00f3n del aborto - Fuentes Fidedignas","og_description":"Los miembros de las Comisiones Unidas de Igualdad de G\u00e9nero y Familia, de Salud y Asistencia Social y de Derechos Humanos del Congreso estatal acordaron diferir para el pr\u00f3ximo lunes su discusi\u00f3n Culiac\u00e1n, Sin.\u2014 Los diputados locales suspendieron la discusi\u00f3n y aprobaci\u00f3n del dictamen que contempla la despenalizaci\u00f3n del aborto, ante la diferencia de criterios [&hellip;]","og_url":"https:\/\/fuentesfidedignas.com.mx\/index.php\/2022\/03\/06\/frena-sinaloa-discusion-sobre-la-despenalizacion-del-aborto\/","og_site_name":"Fuentes Fidedignas","article_publisher":"https:\/\/www.facebook.com\/Fuentes-Fidedignas-368234489921644","article_published_time":"2022-03-06T16:24:32+00:00","article_modified_time":"2022-03-06T16:24:34+00:00","og_image":[{"width":1200,"height":675,"url":"https:\/\/fuentesfidedignas.com.mx\/wp-content\/uploads\/2022\/03\/aborto-en-el-mundo.jpg","type":"image\/jpeg"}],"author":"El Universal","twitter_card":"summary_large_image","twitter_creator":"@fidedignas","twitter_site":"@fidedignas","twitter_misc":{"Escrito por":"El Universal","Tiempo de lectura":"2 minutos"},"schema":{"@context":"https:\/\/schema.org","@graph":[{"@type":"Article","@id":"https:\/\/fuentesfidedignas.com.mx\/index.php\/2022\/03\/06\/frena-sinaloa-discusion-sobre-la-despenalizacion-del-aborto\/#article","isPartOf":{"@id":"https:\/\/fuentesfidedignas.com.mx\/index.php\/2022\/03\/06\/frena-sinaloa-discusion-sobre-la-despenalizacion-del-aborto\/"},"author":{"name":"El Universal","@id":"https:\/\/fuentesfidedignas.com.mx\/#\/schema\/person\/fee3882e65fd0510d292c43a346d35d7"},"headline":"Frena Sinaloa discusi\u00f3n sobre la despenalizaci\u00f3n del aborto","datePublished":"2022-03-06T16:24:32+00:00","dateModified":"2022-03-06T16:24:34+00:00","mainEntityOfPage":{"@id":"https:\/\/fuentesfidedignas.com.mx\/index.php\/2022\/03\/06\/frena-sinaloa-discusion-sobre-la-despenalizacion-del-aborto\/"},"wordCount":434,"commentCount":0,"publisher":{"@id":"https:\/\/fuentesfidedignas.com.mx\/#organization"},"image":{"@id":"https:\/\/fuentesfidedignas.com.mx\/index.php\/2022\/03\/06\/frena-sinaloa-discusion-sobre-la-despenalizacion-del-aborto\/#primaryimage"},"thumbnailUrl":"https:\/\/fuentesfidedignas.com.mx\/wp-content\/uploads\/2022\/03\/aborto-en-el-mundo.jpg","articleSection":["NOTA PRINCIPAL"],"inLanguage":"es","potentialAction":[{"@type":"CommentAction","name":"Comment","target":["https:\/\/fuentesfidedignas.com.mx\/index.php\/2022\/03\/06\/frena-sinaloa-discusion-sobre-la-despenalizacion-del-aborto\/#respond"]}]},{"@type":"WebPage","@id":"https:\/\/fuentesfidedignas.com.mx\/index.php\/2022\/03\/06\/frena-sinaloa-discusion-sobre-la-despenalizacion-del-aborto\/","url":"https:\/\/fuentesfidedignas.com.mx\/index.php\/2022\/03\/06\/frena-sinaloa-discusion-sobre-la-despenalizacion-del-aborto\/","name":"Frena Sinaloa discusi\u00f3n sobre la despenalizaci\u00f3n del aborto - Fuentes Fidedignas","isPartOf":{"@id":"https:\/\/fuentesfidedignas.com.mx\/#website"},"primaryImageOfPage":{"@id":"https:\/\/fuentesfidedignas.com.mx\/index.php\/2022\/03\/06\/frena-sinaloa-discusion-sobre-la-despenalizacion-del-aborto\/#primaryimage"},"image":{"@id":"https:\/\/fuentesfidedignas.com.mx\/index.php\/2022\/03\/06\/frena-sinaloa-discusion-sobre-la-despenalizacion-del-aborto\/#primaryimage"},"thumbnailUrl":"https:\/\/fuentesfidedignas.com.mx\/wp-content\/uploads\/2022\/03\/aborto-en-el-mundo.jpg","datePublished":"2022-03-06T16:24:32+00:00","dateModified":"2022-03-06T16:24:34+00:00","breadcrumb":{"@id":"https:\/\/fuentesfidedignas.com.mx\/index.php\/2022\/03\/06\/frena-sinaloa-discusion-sobre-la-despenalizacion-del-aborto\/#breadcrumb"},"inLanguage":"es","potentialAction":[{"@type":"ReadAction","target":["https:\/\/fuentesfidedignas.com.mx\/index.php\/2022\/03\/06\/frena-sinaloa-discusion-sobre-la-despenalizacion-del-aborto\/"]}]},{"@type":"ImageObject","inLanguage":"es","@id":"https:\/\/fuentesfidedignas.com.mx\/index.php\/2022\/03\/06\/frena-sinaloa-discusion-sobre-la-despenalizacion-del-aborto\/#primaryimage","url":"https:\/\/fuentesfidedignas.com.mx\/wp-content\/uploads\/2022\/03\/aborto-en-el-mundo.jpg","contentUrl":"https:\/\/fuentesfidedignas.com.mx\/wp-content\/uploads\/2022\/03\/aborto-en-el-mundo.jpg","width":1200,"height":675},{"@type":"BreadcrumbList","@id":"https:\/\/fuentesfidedignas.com.mx\/index.php\/2022\/03\/06\/frena-sinaloa-discusion-sobre-la-despenalizacion-del-aborto\/#breadcrumb","itemListElement":[{"@type":"ListItem","position":1,"name":"Inicio","item":"https:\/\/fuentesfidedignas.com.mx\/"},{"@type":"ListItem","position":2,"name":"Frena Sinaloa discusi\u00f3n sobre la despenalizaci\u00f3n del aborto"}]},{"@type":"WebSite","@id":"https:\/\/fuentesfidedignas.com.mx\/#website","url":"https:\/\/fuentesfidedignas.com.mx\/","name":"Fuentes Fidedignas","description":"Otro sitio realizado con WordPress","publisher":{"@id":"https:\/\/fuentesfidedignas.com.mx\/#organization"},"potentialAction":[{"@type":"SearchAction","target":{"@type":"EntryPoint","urlTemplate":"https:\/\/fuentesfidedignas.com.mx\/?s={search_term_string}"},"query-input":{"@type":"PropertyValueSpecification","valueRequired":true,"valueName":"search_term_string"}}],"inLanguage":"es"},{"@type":"Organization","@id":"https:\/\/fuentesfidedignas.com.mx\/#organization","name":"Fuentes Fidedignas","url":"https:\/\/fuentesfidedignas.com.mx\/","logo":{"@type":"ImageObject","inLanguage":"es","@id":"https:\/\/fuentesfidedignas.com.mx\/#\/schema\/logo\/image\/","url":"https:\/\/fuentesfidedignas.com.mx\/wp-content\/uploads\/2021\/04\/logo-retina.png","contentUrl":"https:\/\/fuentesfidedignas.com.mx\/wp-content\/uploads\/2021\/04\/logo-retina.png","width":280,"height":51,"caption":"Fuentes Fidedignas"},"image":{"@id":"https:\/\/fuentesfidedignas.com.mx\/#\/schema\/logo\/image\/"},"sameAs":["https:\/\/www.facebook.com\/Fuentes-Fidedignas-368234489921644","https:\/\/x.com\/fidedignas"]},{"@type":"Person","@id":"https:\/\/fuentesfidedignas.com.mx\/#\/schema\/person\/fee3882e65fd0510d292c43a346d35d7","name":"El Universal","image":{"@type":"ImageObject","inLanguage":"es","@id":"https:\/\/secure.gravatar.com\/avatar\/1ebc94d82b6c3c081781f73e5b76a0d0c1ac7bf8e57426f18802246eeaa2747c?s=96&d=mm&r=g","url":"https:\/\/secure.gravatar.com\/avatar\/1ebc94d82b6c3c081781f73e5b76a0d0c1ac7bf8e57426f18802246eeaa2747c?s=96&d=mm&r=g","contentUrl":"https:\/\/secure.gravatar.com\/avatar\/1ebc94d82b6c3c081781f73e5b76a0d0c1ac7bf8e57426f18802246eeaa2747c?s=96&d=mm&r=g","caption":"El Universal"},"url":"https:\/\/fuentesfidedignas.com.mx\/index.php\/author\/el-universal\/"}]}},"_links":{"self":[{"href":"https:\/\/fuentesfidedignas.com.mx\/index.php\/wp-json\/wp\/v2\/posts\/25550","targetHints":{"allow":["GET"]}}],"collection":[{"href":"https:\/\/fuentesfidedignas.com.mx\/index.php\/wp-json\/wp\/v2\/posts"}],"about":[{"href":"https:\/\/fuentesfidedignas.com.mx\/index.php\/wp-json\/wp\/v2\/types\/post"}],"author":[{"embeddable":true,"href":"https:\/\/fuentesfidedignas.com.mx\/index.php\/wp-json\/wp\/v2\/users\/39"}],"replies":[{"embeddable":true,"href":"https:\/\/fuentesfidedignas.com.mx\/index.php\/wp-json\/wp\/v2\/comments?post=25550"}],"version-history":[{"count":1,"href":"https:\/\/fuentesfidedignas.com.mx\/index.php\/wp-json\/wp\/v2\/posts\/25550\/revisions"}],"predecessor-version":[{"id":25552,"href":"https:\/\/fuentesfidedignas.com.mx\/index.php\/wp-json\/wp\/v2\/posts\/25550\/revisions\/25552"}],"wp:featuredmedia":[{"embeddable":true,"href":"https:\/\/fuentesfidedignas.com.mx\/index.php\/wp-json\/wp\/v2\/media\/25551"}],"wp:attachment":[{"href":"https:\/\/fuentesfidedignas.com.mx\/index.php\/wp-json\/wp\/v2\/media?parent=25550"}],"wp:term":[{"taxonomy":"category","embeddable":true,"href":"https:\/\/fuentesfidedignas.com.mx\/index.php\/wp-json\/wp\/v2\/categories?post=25550"},{"taxonomy":"post_tag","embeddable":true,"href":"https:\/\/fuentesfidedignas.com.mx\/index.php\/wp-json\/wp\/v2\/tags?post=25550"}],"curies":[{"name":"wp","href":"https:\/\/api.w.org\/{rel}","templated":true}]}}