{"id":25509,"date":"2022-03-05T10:23:32","date_gmt":"2022-03-05T17:23:32","guid":{"rendered":"https:\/\/fuentesfidedignas.com.mx\/?p=25509"},"modified":"2022-03-05T10:23:59","modified_gmt":"2022-03-05T17:23:59","slug":"que-no-se-hagan-pendejos-estrada-ferreiro-estalla-contra-periodistas","status":"publish","type":"post","link":"https:\/\/fuentesfidedignas.com.mx\/index.php\/2022\/03\/05\/que-no-se-hagan-pendejos-estrada-ferreiro-estalla-contra-periodistas\/","title":{"rendered":"\u201c\u00a1Que no se hagan pendejos!\u201d, Estrada Ferreiro estalla contra periodistas"},"content":{"rendered":"\n<p><strong><em>El alcalde de Culiac\u00e1n arremeti\u00f3 contra periodistas que cuestionaron declaraciones que generaron pol\u00e9mica<\/em><\/strong>  <\/p>\n\n\n\n<p>Culiac\u00e1n, Sin. Jes\u00fas Estrada Ferreiro, alcalde de Culiac\u00e1n, arremeti\u00f3 contra periodistas que cuestionaron declaraciones que generaron pol\u00e9mica. <\/p>\n\n\n\n<figure class=\"wp-block-embed is-type-rich is-provider-twitter wp-block-embed-twitter\"><div class=\"wp-block-embed__wrapper\">\n<blockquote class=\"twitter-tweet\" data-width=\"550\" data-dnt=\"true\"><p lang=\"es\" dir=\"ltr\">\u00a1Que no sean pend\u2026!<br>El alcalde Jes\u00fas Estrada Ferreiro estalla contra los medios de comunicaci\u00f3n por ser exhibido cuando dijo \u201cLa mujer misma propicia que les causen el da\u00f1o, porque no hacen caso a las recomendaciones.\u201d <a href=\"https:\/\/t.co\/n4D6zoOb76\">pic.twitter.com\/n4D6zoOb76<\/a><\/p>&mdash; Circulo Rojo (@enelcirculorojo) <a href=\"https:\/\/twitter.com\/enelcirculorojo\/status\/1499434381353488384?ref_src=twsrc%5Etfw\">March 3, 2022<\/a><\/blockquote><script async src=\"https:\/\/platform.twitter.com\/widgets.js\" charset=\"utf-8\"><\/script>\n<\/div><\/figure>\n\n\n\n<p>&#8220;El peri\u00f3dico, o quien sac\u00f3 esa pendejada, est\u00e1 alterando, est\u00e1 sacando de contexto las cosas porque ah\u00ed fui correcto. Lean lo que dije, \u00a1que no se hagan pendejos los que escriben!\u201d, espet\u00f3 a reporteros y amag\u00f3 con no dar entrevistas.<\/p>\n\n\n\n<p>El alcalde manifest\u00f3 que le \u201cvale madres lo que sigan publicando\u201d los medios.<\/p>\n\n\n\n<p>Estrada Ferreiro dijo en d\u00edas recientes que la mujer \u201cpropicia que le causen da\u00f1o\u201d, lo que provoc\u00f3 pol\u00e9mica en Culiac\u00e1n. El presidente municipal manifest\u00f3 que sus declaraciones las dijo en un sentido de que las autoridades deben instruir y aconsejar a las mujeres sobre c\u00f3mo actuar en casos de violencia de g\u00e9nero. <\/p>\n\n\n\n<figure class=\"wp-block-embed is-type-rich is-provider-twitter wp-block-embed-twitter\"><div class=\"wp-block-embed__wrapper\">\n<blockquote class=\"twitter-tweet\" data-width=\"550\" data-dnt=\"true\"><p lang=\"es\" dir=\"ltr\">Sobre la declaraci\u00f3n hecha acerca de la violencia de g\u00e9nero, dejo aqu\u00ed mi declaraci\u00f3n, no malinterpreten. Conozco la ley y por eso mismo s\u00e9 quienes tienen el deber de atender esto, es tambi\u00e9n necesario que las mujeres no se callen y se asesoren para salir del c\u00edrculo de violencia <a href=\"https:\/\/t.co\/DypwHL8mVh\">pic.twitter.com\/DypwHL8mVh<\/a><\/p>&mdash; Jes\u00fas Estrada Ferreiro (@estradaferreiro) <a href=\"https:\/\/twitter.com\/estradaferreiro\/status\/1499118206862053376?ref_src=twsrc%5Etfw\">March 2, 2022<\/a><\/blockquote><script async src=\"https:\/\/platform.twitter.com\/widgets.js\" charset=\"utf-8\"><\/script>\n<\/div><\/figure>\n\n\n\n<p>Colectivas feministas en Sinaloa condenaron sus declaraciones.<\/p>\n","protected":false},"excerpt":{"rendered":"<p>El alcalde de Culiac\u00e1n arremeti\u00f3 contra periodistas que cuestionaron declaraciones que generaron pol\u00e9mica Culiac\u00e1n, Sin. Jes\u00fas Estrada Ferreiro, alcalde de Culiac\u00e1n, arremeti\u00f3 contra periodistas que cuestionaron declaraciones que generaron pol\u00e9mica. &#8220;El peri\u00f3dico, o quien sac\u00f3 esa pendejada, est\u00e1 alterando, est\u00e1 sacando de contexto las cosas porque ah\u00ed fui correcto. Lean lo que dije, \u00a1que no [&hellip;]<\/p>\n","protected":false},"author":47,"featured_media":25511,"comment_status":"open","ping_status":"open","sticky":false,"template":"","format":"standard","meta":{"tdm_status":"","tdm_grid_status":"","footnotes":""},"categories":[38],"tags":[782],"class_list":{"0":"post-25509","1":"post","2":"type-post","3":"status-publish","4":"format-standard","5":"has-post-thumbnail","7":"category-noticias-locales","8":"tag-jesus-estrada-ferreiro"},"yoast_head":"<!-- This site is optimized with the Yoast SEO plugin v27.5 - https:\/\/yoast.com\/product\/yoast-seo-wordpress\/ -->\n<title>\u201c\u00a1Que no se hagan pendejos!\u201d, Estrada Ferreiro estalla contra periodistas - Fuentes Fidedignas<\/title>\n<meta name=\"robots\" content=\"index, follow, max-snippet:-1, max-image-preview:large, max-video-preview:-1\" \/>\n<link rel=\"canonical\" href=\"https:\/\/fuentesfidedignas.com.mx\/index.php\/2022\/03\/05\/que-no-se-hagan-pendejos-estrada-ferreiro-estalla-contra-periodistas\/\" \/>\n<meta property=\"og:locale\" content=\"es_MX\" \/>\n<meta property=\"og:type\" content=\"article\" \/>\n<meta property=\"og:title\" content=\"\u201c\u00a1Que no se hagan pendejos!\u201d, Estrada Ferreiro estalla contra periodistas - Fuentes Fidedignas\" \/>\n<meta property=\"og:description\" content=\"El alcalde de Culiac\u00e1n arremeti\u00f3 contra periodistas que cuestionaron declaraciones que generaron pol\u00e9mica Culiac\u00e1n, Sin. Jes\u00fas Estrada Ferreiro, alcalde de Culiac\u00e1n, arremeti\u00f3 contra periodistas que cuestionaron declaraciones que generaron pol\u00e9mica. &#8220;El peri\u00f3dico, o quien sac\u00f3 esa pendejada, est\u00e1 alterando, est\u00e1 sacando de contexto las cosas porque ah\u00ed fui correcto. Lean lo que dije, \u00a1que no [&hellip;]\" \/>\n<meta property=\"og:url\" content=\"https:\/\/fuentesfidedignas.com.mx\/index.php\/2022\/03\/05\/que-no-se-hagan-pendejos-estrada-ferreiro-estalla-contra-periodistas\/\" \/>\n<meta property=\"og:site_name\" content=\"Fuentes Fidedignas\" \/>\n<meta property=\"article:publisher\" content=\"https:\/\/www.facebook.com\/Fuentes-Fidedignas-368234489921644\" \/>\n<meta property=\"article:published_time\" content=\"2022-03-05T17:23:32+00:00\" \/>\n<meta property=\"article:modified_time\" content=\"2022-03-05T17:23:59+00:00\" \/>\n<meta property=\"og:image\" content=\"https:\/\/fuentesfidedignas.com.mx\/wp-content\/uploads\/2022\/03\/alcalde-culiacan-periodistas.jpg\" \/>\n\t<meta property=\"og:image:width\" content=\"1200\" \/>\n\t<meta property=\"og:image:height\" content=\"675\" \/>\n\t<meta property=\"og:image:type\" content=\"image\/jpeg\" \/>\n<meta name=\"author\" content=\"L\u00f3pez D\u00f3riga\" \/>\n<meta name=\"twitter:card\" content=\"summary_large_image\" \/>\n<meta name=\"twitter:creator\" content=\"@fidedignas\" \/>\n<meta name=\"twitter:site\" content=\"@fidedignas\" \/>\n<meta name=\"twitter:label1\" content=\"Escrito por\" \/>\n\t<meta name=\"twitter:data1\" content=\"L\u00f3pez D\u00f3riga\" \/>\n\t<meta name=\"twitter:label2\" content=\"Tiempo de lectura\" \/>\n\t<meta name=\"twitter:data2\" content=\"1 minuto\" \/>\n<script type=\"application\/ld+json\" class=\"yoast-schema-graph\">{\"@context\":\"https:\\\/\\\/schema.org\",\"@graph\":[{\"@type\":\"Article\",\"@id\":\"https:\\\/\\\/fuentesfidedignas.com.mx\\\/index.php\\\/2022\\\/03\\\/05\\\/que-no-se-hagan-pendejos-estrada-ferreiro-estalla-contra-periodistas\\\/#article\",\"isPartOf\":{\"@id\":\"https:\\\/\\\/fuentesfidedignas.com.mx\\\/index.php\\\/2022\\\/03\\\/05\\\/que-no-se-hagan-pendejos-estrada-ferreiro-estalla-contra-periodistas\\\/\"},\"author\":{\"name\":\"L\u00f3pez D\u00f3riga\",\"@id\":\"https:\\\/\\\/fuentesfidedignas.com.mx\\\/#\\\/schema\\\/person\\\/67d852f0557c8509146a4b9ddebd543a\"},\"headline\":\"\u201c\u00a1Que no se hagan pendejos!\u201d, Estrada Ferreiro estalla contra periodistas\",\"datePublished\":\"2022-03-05T17:23:32+00:00\",\"dateModified\":\"2022-03-05T17:23:59+00:00\",\"mainEntityOfPage\":{\"@id\":\"https:\\\/\\\/fuentesfidedignas.com.mx\\\/index.php\\\/2022\\\/03\\\/05\\\/que-no-se-hagan-pendejos-estrada-ferreiro-estalla-contra-periodistas\\\/\"},\"wordCount\":223,\"commentCount\":0,\"publisher\":{\"@id\":\"https:\\\/\\\/fuentesfidedignas.com.mx\\\/#organization\"},\"image\":{\"@id\":\"https:\\\/\\\/fuentesfidedignas.com.mx\\\/index.php\\\/2022\\\/03\\\/05\\\/que-no-se-hagan-pendejos-estrada-ferreiro-estalla-contra-periodistas\\\/#primaryimage\"},\"thumbnailUrl\":\"https:\\\/\\\/fuentesfidedignas.com.mx\\\/wp-content\\\/uploads\\\/2022\\\/03\\\/alcalde-culiacan-periodistas.jpg\",\"keywords\":[\"Jes\u00fas Estrada Ferreiro\"],\"articleSection\":[\"NOTICIAS LOCALES\"],\"inLanguage\":\"es\",\"potentialAction\":[{\"@type\":\"CommentAction\",\"name\":\"Comment\",\"target\":[\"https:\\\/\\\/fuentesfidedignas.com.mx\\\/index.php\\\/2022\\\/03\\\/05\\\/que-no-se-hagan-pendejos-estrada-ferreiro-estalla-contra-periodistas\\\/#respond\"]}]},{\"@type\":\"WebPage\",\"@id\":\"https:\\\/\\\/fuentesfidedignas.com.mx\\\/index.php\\\/2022\\\/03\\\/05\\\/que-no-se-hagan-pendejos-estrada-ferreiro-estalla-contra-periodistas\\\/\",\"url\":\"https:\\\/\\\/fuentesfidedignas.com.mx\\\/index.php\\\/2022\\\/03\\\/05\\\/que-no-se-hagan-pendejos-estrada-ferreiro-estalla-contra-periodistas\\\/\",\"name\":\"\u201c\u00a1Que no se hagan pendejos!\u201d, Estrada Ferreiro estalla contra periodistas - Fuentes Fidedignas\",\"isPartOf\":{\"@id\":\"https:\\\/\\\/fuentesfidedignas.com.mx\\\/#website\"},\"primaryImageOfPage\":{\"@id\":\"https:\\\/\\\/fuentesfidedignas.com.mx\\\/index.php\\\/2022\\\/03\\\/05\\\/que-no-se-hagan-pendejos-estrada-ferreiro-estalla-contra-periodistas\\\/#primaryimage\"},\"image\":{\"@id\":\"https:\\\/\\\/fuentesfidedignas.com.mx\\\/index.php\\\/2022\\\/03\\\/05\\\/que-no-se-hagan-pendejos-estrada-ferreiro-estalla-contra-periodistas\\\/#primaryimage\"},\"thumbnailUrl\":\"https:\\\/\\\/fuentesfidedignas.com.mx\\\/wp-content\\\/uploads\\\/2022\\\/03\\\/alcalde-culiacan-periodistas.jpg\",\"datePublished\":\"2022-03-05T17:23:32+00:00\",\"dateModified\":\"2022-03-05T17:23:59+00:00\",\"breadcrumb\":{\"@id\":\"https:\\\/\\\/fuentesfidedignas.com.mx\\\/index.php\\\/2022\\\/03\\\/05\\\/que-no-se-hagan-pendejos-estrada-ferreiro-estalla-contra-periodistas\\\/#breadcrumb\"},\"inLanguage\":\"es\",\"potentialAction\":[{\"@type\":\"ReadAction\",\"target\":[\"https:\\\/\\\/fuentesfidedignas.com.mx\\\/index.php\\\/2022\\\/03\\\/05\\\/que-no-se-hagan-pendejos-estrada-ferreiro-estalla-contra-periodistas\\\/\"]}]},{\"@type\":\"ImageObject\",\"inLanguage\":\"es\",\"@id\":\"https:\\\/\\\/fuentesfidedignas.com.mx\\\/index.php\\\/2022\\\/03\\\/05\\\/que-no-se-hagan-pendejos-estrada-ferreiro-estalla-contra-periodistas\\\/#primaryimage\",\"url\":\"https:\\\/\\\/fuentesfidedignas.com.mx\\\/wp-content\\\/uploads\\\/2022\\\/03\\\/alcalde-culiacan-periodistas.jpg\",\"contentUrl\":\"https:\\\/\\\/fuentesfidedignas.com.mx\\\/wp-content\\\/uploads\\\/2022\\\/03\\\/alcalde-culiacan-periodistas.jpg\",\"width\":1200,\"height\":675},{\"@type\":\"BreadcrumbList\",\"@id\":\"https:\\\/\\\/fuentesfidedignas.com.mx\\\/index.php\\\/2022\\\/03\\\/05\\\/que-no-se-hagan-pendejos-estrada-ferreiro-estalla-contra-periodistas\\\/#breadcrumb\",\"itemListElement\":[{\"@type\":\"ListItem\",\"position\":1,\"name\":\"Inicio\",\"item\":\"https:\\\/\\\/fuentesfidedignas.com.mx\\\/\"},{\"@type\":\"ListItem\",\"position\":2,\"name\":\"\u201c\u00a1Que no se hagan pendejos!\u201d, Estrada Ferreiro estalla contra periodistas\"}]},{\"@type\":\"WebSite\",\"@id\":\"https:\\\/\\\/fuentesfidedignas.com.mx\\\/#website\",\"url\":\"https:\\\/\\\/fuentesfidedignas.com.mx\\\/\",\"name\":\"Fuentes Fidedignas\",\"description\":\"Otro sitio realizado con WordPress\",\"publisher\":{\"@id\":\"https:\\\/\\\/fuentesfidedignas.com.mx\\\/#organization\"},\"potentialAction\":[{\"@type\":\"SearchAction\",\"target\":{\"@type\":\"EntryPoint\",\"urlTemplate\":\"https:\\\/\\\/fuentesfidedignas.com.mx\\\/?s={search_term_string}\"},\"query-input\":{\"@type\":\"PropertyValueSpecification\",\"valueRequired\":true,\"valueName\":\"search_term_string\"}}],\"inLanguage\":\"es\"},{\"@type\":\"Organization\",\"@id\":\"https:\\\/\\\/fuentesfidedignas.com.mx\\\/#organization\",\"name\":\"Fuentes Fidedignas\",\"url\":\"https:\\\/\\\/fuentesfidedignas.com.mx\\\/\",\"logo\":{\"@type\":\"ImageObject\",\"inLanguage\":\"es\",\"@id\":\"https:\\\/\\\/fuentesfidedignas.com.mx\\\/#\\\/schema\\\/logo\\\/image\\\/\",\"url\":\"https:\\\/\\\/fuentesfidedignas.com.mx\\\/wp-content\\\/uploads\\\/2021\\\/04\\\/logo-retina.png\",\"contentUrl\":\"https:\\\/\\\/fuentesfidedignas.com.mx\\\/wp-content\\\/uploads\\\/2021\\\/04\\\/logo-retina.png\",\"width\":280,\"height\":51,\"caption\":\"Fuentes Fidedignas\"},\"image\":{\"@id\":\"https:\\\/\\\/fuentesfidedignas.com.mx\\\/#\\\/schema\\\/logo\\\/image\\\/\"},\"sameAs\":[\"https:\\\/\\\/www.facebook.com\\\/Fuentes-Fidedignas-368234489921644\",\"https:\\\/\\\/x.com\\\/fidedignas\"]},{\"@type\":\"Person\",\"@id\":\"https:\\\/\\\/fuentesfidedignas.com.mx\\\/#\\\/schema\\\/person\\\/67d852f0557c8509146a4b9ddebd543a\",\"name\":\"L\u00f3pez D\u00f3riga\",\"image\":{\"@type\":\"ImageObject\",\"inLanguage\":\"es\",\"@id\":\"https:\\\/\\\/secure.gravatar.com\\\/avatar\\\/e525b06574ca18b33cded59dfe5778d6c823b9513154eff47da551b0551bdd1e?s=96&d=mm&r=g\",\"url\":\"https:\\\/\\\/secure.gravatar.com\\\/avatar\\\/e525b06574ca18b33cded59dfe5778d6c823b9513154eff47da551b0551bdd1e?s=96&d=mm&r=g\",\"contentUrl\":\"https:\\\/\\\/secure.gravatar.com\\\/avatar\\\/e525b06574ca18b33cded59dfe5778d6c823b9513154eff47da551b0551bdd1e?s=96&d=mm&r=g\",\"caption\":\"L\u00f3pez D\u00f3riga\"},\"url\":\"https:\\\/\\\/fuentesfidedignas.com.mx\\\/index.php\\\/author\\\/doriga\\\/\"}]}<\/script>\n<!-- \/ Yoast SEO plugin. -->","yoast_head_json":{"title":"\u201c\u00a1Que no se hagan pendejos!\u201d, Estrada Ferreiro estalla contra periodistas - Fuentes Fidedignas","robots":{"index":"index","follow":"follow","max-snippet":"max-snippet:-1","max-image-preview":"max-image-preview:large","max-video-preview":"max-video-preview:-1"},"canonical":"https:\/\/fuentesfidedignas.com.mx\/index.php\/2022\/03\/05\/que-no-se-hagan-pendejos-estrada-ferreiro-estalla-contra-periodistas\/","og_locale":"es_MX","og_type":"article","og_title":"\u201c\u00a1Que no se hagan pendejos!\u201d, Estrada Ferreiro estalla contra periodistas - Fuentes Fidedignas","og_description":"El alcalde de Culiac\u00e1n arremeti\u00f3 contra periodistas que cuestionaron declaraciones que generaron pol\u00e9mica Culiac\u00e1n, Sin. Jes\u00fas Estrada Ferreiro, alcalde de Culiac\u00e1n, arremeti\u00f3 contra periodistas que cuestionaron declaraciones que generaron pol\u00e9mica. &#8220;El peri\u00f3dico, o quien sac\u00f3 esa pendejada, est\u00e1 alterando, est\u00e1 sacando de contexto las cosas porque ah\u00ed fui correcto. Lean lo que dije, \u00a1que no [&hellip;]","og_url":"https:\/\/fuentesfidedignas.com.mx\/index.php\/2022\/03\/05\/que-no-se-hagan-pendejos-estrada-ferreiro-estalla-contra-periodistas\/","og_site_name":"Fuentes Fidedignas","article_publisher":"https:\/\/www.facebook.com\/Fuentes-Fidedignas-368234489921644","article_published_time":"2022-03-05T17:23:32+00:00","article_modified_time":"2022-03-05T17:23:59+00:00","og_image":[{"width":1200,"height":675,"url":"https:\/\/fuentesfidedignas.com.mx\/wp-content\/uploads\/2022\/03\/alcalde-culiacan-periodistas.jpg","type":"image\/jpeg"}],"author":"L\u00f3pez D\u00f3riga","twitter_card":"summary_large_image","twitter_creator":"@fidedignas","twitter_site":"@fidedignas","twitter_misc":{"Escrito por":"L\u00f3pez D\u00f3riga","Tiempo de lectura":"1 minuto"},"schema":{"@context":"https:\/\/schema.org","@graph":[{"@type":"Article","@id":"https:\/\/fuentesfidedignas.com.mx\/index.php\/2022\/03\/05\/que-no-se-hagan-pendejos-estrada-ferreiro-estalla-contra-periodistas\/#article","isPartOf":{"@id":"https:\/\/fuentesfidedignas.com.mx\/index.php\/2022\/03\/05\/que-no-se-hagan-pendejos-estrada-ferreiro-estalla-contra-periodistas\/"},"author":{"name":"L\u00f3pez D\u00f3riga","@id":"https:\/\/fuentesfidedignas.com.mx\/#\/schema\/person\/67d852f0557c8509146a4b9ddebd543a"},"headline":"\u201c\u00a1Que no se hagan pendejos!\u201d, Estrada Ferreiro estalla contra periodistas","datePublished":"2022-03-05T17:23:32+00:00","dateModified":"2022-03-05T17:23:59+00:00","mainEntityOfPage":{"@id":"https:\/\/fuentesfidedignas.com.mx\/index.php\/2022\/03\/05\/que-no-se-hagan-pendejos-estrada-ferreiro-estalla-contra-periodistas\/"},"wordCount":223,"commentCount":0,"publisher":{"@id":"https:\/\/fuentesfidedignas.com.mx\/#organization"},"image":{"@id":"https:\/\/fuentesfidedignas.com.mx\/index.php\/2022\/03\/05\/que-no-se-hagan-pendejos-estrada-ferreiro-estalla-contra-periodistas\/#primaryimage"},"thumbnailUrl":"https:\/\/fuentesfidedignas.com.mx\/wp-content\/uploads\/2022\/03\/alcalde-culiacan-periodistas.jpg","keywords":["Jes\u00fas Estrada Ferreiro"],"articleSection":["NOTICIAS LOCALES"],"inLanguage":"es","potentialAction":[{"@type":"CommentAction","name":"Comment","target":["https:\/\/fuentesfidedignas.com.mx\/index.php\/2022\/03\/05\/que-no-se-hagan-pendejos-estrada-ferreiro-estalla-contra-periodistas\/#respond"]}]},{"@type":"WebPage","@id":"https:\/\/fuentesfidedignas.com.mx\/index.php\/2022\/03\/05\/que-no-se-hagan-pendejos-estrada-ferreiro-estalla-contra-periodistas\/","url":"https:\/\/fuentesfidedignas.com.mx\/index.php\/2022\/03\/05\/que-no-se-hagan-pendejos-estrada-ferreiro-estalla-contra-periodistas\/","name":"\u201c\u00a1Que no se hagan pendejos!\u201d, Estrada Ferreiro estalla contra periodistas - Fuentes Fidedignas","isPartOf":{"@id":"https:\/\/fuentesfidedignas.com.mx\/#website"},"primaryImageOfPage":{"@id":"https:\/\/fuentesfidedignas.com.mx\/index.php\/2022\/03\/05\/que-no-se-hagan-pendejos-estrada-ferreiro-estalla-contra-periodistas\/#primaryimage"},"image":{"@id":"https:\/\/fuentesfidedignas.com.mx\/index.php\/2022\/03\/05\/que-no-se-hagan-pendejos-estrada-ferreiro-estalla-contra-periodistas\/#primaryimage"},"thumbnailUrl":"https:\/\/fuentesfidedignas.com.mx\/wp-content\/uploads\/2022\/03\/alcalde-culiacan-periodistas.jpg","datePublished":"2022-03-05T17:23:32+00:00","dateModified":"2022-03-05T17:23:59+00:00","breadcrumb":{"@id":"https:\/\/fuentesfidedignas.com.mx\/index.php\/2022\/03\/05\/que-no-se-hagan-pendejos-estrada-ferreiro-estalla-contra-periodistas\/#breadcrumb"},"inLanguage":"es","potentialAction":[{"@type":"ReadAction","target":["https:\/\/fuentesfidedignas.com.mx\/index.php\/2022\/03\/05\/que-no-se-hagan-pendejos-estrada-ferreiro-estalla-contra-periodistas\/"]}]},{"@type":"ImageObject","inLanguage":"es","@id":"https:\/\/fuentesfidedignas.com.mx\/index.php\/2022\/03\/05\/que-no-se-hagan-pendejos-estrada-ferreiro-estalla-contra-periodistas\/#primaryimage","url":"https:\/\/fuentesfidedignas.com.mx\/wp-content\/uploads\/2022\/03\/alcalde-culiacan-periodistas.jpg","contentUrl":"https:\/\/fuentesfidedignas.com.mx\/wp-content\/uploads\/2022\/03\/alcalde-culiacan-periodistas.jpg","width":1200,"height":675},{"@type":"BreadcrumbList","@id":"https:\/\/fuentesfidedignas.com.mx\/index.php\/2022\/03\/05\/que-no-se-hagan-pendejos-estrada-ferreiro-estalla-contra-periodistas\/#breadcrumb","itemListElement":[{"@type":"ListItem","position":1,"name":"Inicio","item":"https:\/\/fuentesfidedignas.com.mx\/"},{"@type":"ListItem","position":2,"name":"\u201c\u00a1Que no se hagan pendejos!\u201d, Estrada Ferreiro estalla contra periodistas"}]},{"@type":"WebSite","@id":"https:\/\/fuentesfidedignas.com.mx\/#website","url":"https:\/\/fuentesfidedignas.com.mx\/","name":"Fuentes Fidedignas","description":"Otro sitio realizado con WordPress","publisher":{"@id":"https:\/\/fuentesfidedignas.com.mx\/#organization"},"potentialAction":[{"@type":"SearchAction","target":{"@type":"EntryPoint","urlTemplate":"https:\/\/fuentesfidedignas.com.mx\/?s={search_term_string}"},"query-input":{"@type":"PropertyValueSpecification","valueRequired":true,"valueName":"search_term_string"}}],"inLanguage":"es"},{"@type":"Organization","@id":"https:\/\/fuentesfidedignas.com.mx\/#organization","name":"Fuentes Fidedignas","url":"https:\/\/fuentesfidedignas.com.mx\/","logo":{"@type":"ImageObject","inLanguage":"es","@id":"https:\/\/fuentesfidedignas.com.mx\/#\/schema\/logo\/image\/","url":"https:\/\/fuentesfidedignas.com.mx\/wp-content\/uploads\/2021\/04\/logo-retina.png","contentUrl":"https:\/\/fuentesfidedignas.com.mx\/wp-content\/uploads\/2021\/04\/logo-retina.png","width":280,"height":51,"caption":"Fuentes Fidedignas"},"image":{"@id":"https:\/\/fuentesfidedignas.com.mx\/#\/schema\/logo\/image\/"},"sameAs":["https:\/\/www.facebook.com\/Fuentes-Fidedignas-368234489921644","https:\/\/x.com\/fidedignas"]},{"@type":"Person","@id":"https:\/\/fuentesfidedignas.com.mx\/#\/schema\/person\/67d852f0557c8509146a4b9ddebd543a","name":"L\u00f3pez D\u00f3riga","image":{"@type":"ImageObject","inLanguage":"es","@id":"https:\/\/secure.gravatar.com\/avatar\/e525b06574ca18b33cded59dfe5778d6c823b9513154eff47da551b0551bdd1e?s=96&d=mm&r=g","url":"https:\/\/secure.gravatar.com\/avatar\/e525b06574ca18b33cded59dfe5778d6c823b9513154eff47da551b0551bdd1e?s=96&d=mm&r=g","contentUrl":"https:\/\/secure.gravatar.com\/avatar\/e525b06574ca18b33cded59dfe5778d6c823b9513154eff47da551b0551bdd1e?s=96&d=mm&r=g","caption":"L\u00f3pez D\u00f3riga"},"url":"https:\/\/fuentesfidedignas.com.mx\/index.php\/author\/doriga\/"}]}},"_links":{"self":[{"href":"https:\/\/fuentesfidedignas.com.mx\/index.php\/wp-json\/wp\/v2\/posts\/25509","targetHints":{"allow":["GET"]}}],"collection":[{"href":"https:\/\/fuentesfidedignas.com.mx\/index.php\/wp-json\/wp\/v2\/posts"}],"about":[{"href":"https:\/\/fuentesfidedignas.com.mx\/index.php\/wp-json\/wp\/v2\/types\/post"}],"author":[{"embeddable":true,"href":"https:\/\/fuentesfidedignas.com.mx\/index.php\/wp-json\/wp\/v2\/users\/47"}],"replies":[{"embeddable":true,"href":"https:\/\/fuentesfidedignas.com.mx\/index.php\/wp-json\/wp\/v2\/comments?post=25509"}],"version-history":[{"count":1,"href":"https:\/\/fuentesfidedignas.com.mx\/index.php\/wp-json\/wp\/v2\/posts\/25509\/revisions"}],"predecessor-version":[{"id":25510,"href":"https:\/\/fuentesfidedignas.com.mx\/index.php\/wp-json\/wp\/v2\/posts\/25509\/revisions\/25510"}],"wp:featuredmedia":[{"embeddable":true,"href":"https:\/\/fuentesfidedignas.com.mx\/index.php\/wp-json\/wp\/v2\/media\/25511"}],"wp:attachment":[{"href":"https:\/\/fuentesfidedignas.com.mx\/index.php\/wp-json\/wp\/v2\/media?parent=25509"}],"wp:term":[{"taxonomy":"category","embeddable":true,"href":"https:\/\/fuentesfidedignas.com.mx\/index.php\/wp-json\/wp\/v2\/categories?post=25509"},{"taxonomy":"post_tag","embeddable":true,"href":"https:\/\/fuentesfidedignas.com.mx\/index.php\/wp-json\/wp\/v2\/tags?post=25509"}],"curies":[{"name":"wp","href":"https:\/\/api.w.org\/{rel}","templated":true}]}}