{"id":2550,"date":"2021-05-20T06:40:48","date_gmt":"2021-05-20T13:40:48","guid":{"rendered":"https:\/\/fuentesfidedignas.com.mx\/?p=2550"},"modified":"2021-05-20T06:40:49","modified_gmt":"2021-05-20T13:40:49","slug":"la-ue-aprueba-la-apertura-de-fronteras-a-los-vacunados-de-terceros-paises","status":"publish","type":"post","link":"https:\/\/fuentesfidedignas.com.mx\/index.php\/2021\/05\/20\/la-ue-aprueba-la-apertura-de-fronteras-a-los-vacunados-de-terceros-paises\/","title":{"rendered":"La UE aprueba la apertura de fronteras a los vacunados de terceros pa\u00edses"},"content":{"rendered":"\n<p><strong><em>Para poder entrar a la UE, las personas se tendr\u00e1n que haber vacunado al menos 14 d\u00edas antes y tambi\u00e9n se aceptar\u00e1n los f\u00e1rmacos autorizados por la OMS, entre los que se encuentra la vacuna china Sinopharm.<\/em><\/strong><\/p>\n\n\n\n<p>Ciudad de M\u00e9xico.- La Uni\u00f3n Europea dio este jueves luz verde a la apertura de las fronteras a los viajeros de terceros pa\u00edses que se hayan vacunado con uno de los f\u00e1rmacos aprobados por la Agencia Europea del Medicamento (EMA) o que provengan de lugares con una incidencia acumulada de 75 casos por cada 100,000 habitantes, lo que afectar\u00e1 a pa\u00edses como Estados Unidos.<\/p>\n\n\n\n<p>Para poder entrar a la UE, las personas se tendr\u00e1n que haber vacunado al menos 14 d\u00edas antes y, seg\u00fan la decisi\u00f3n anunciada ayer y adoptada formalmente hoy, tambi\u00e9n se aceptar\u00e1n los f\u00e1rmacos autorizados por la Organizaci\u00f3n Mundial de la Salud (OMS), entre los que se encuentra la vacuna china Sinopharm.<\/p>\n\n\n\n<p>Los pa\u00edses de la UE acordaron tambi\u00e9n que si uno de ellos acepta que la prueba de vacunaci\u00f3n exima de la obligaci\u00f3n de hacer cuarentenas o test PCR, esas medidas se tendr\u00e1n que aplicar tambi\u00e9n a los viajeros de terceros pa\u00edses, siempre y cuando haya reciprocidad.<\/p>\n\n\n\n<p>El acuerdo alcanzado a nivel comunitario, no obstante, es totalmente voluntario, ya que el control de las fronteras es una competencia estrictamente nacional, por lo que, en \u00faltimo t\u00e9rmino, cada pa\u00eds podr\u00e1 adoptar las medidas que crea convenientes.<\/p>\n\n\n\n<p>Adem\u00e1s, se ha establecido un \u201cfreno de emergencia\u201d para poder restringir de forma \u201curgente\u201d la entrada de viajeros de terceros pa\u00edses en caso de que en uno de ellos empeore la situaci\u00f3n epidemiol\u00f3gica, sobre todo por la aparici\u00f3n de nuevas variantes del virus, tanto si se consideran \u201cvariantes preocupantes\u201d o \u201cvariantes de inter\u00e9s\u201d.<\/p>\n\n\n\n<p>Mientras tanto, las instituciones europeas se re\u00fanen hoy de nuevo para intentar llegar a un acuerdo sobre el certificado de vacunaci\u00f3n que facilite los viajes para los ciudadanos comunitarios, con la intenci\u00f3n de que est\u00e9 aprobado en junio, a tiempo para la temporada de verano.<\/p>\n","protected":false},"excerpt":{"rendered":"<p>Para poder entrar a la UE, las personas se tendr\u00e1n que haber vacunado al menos 14 d\u00edas antes y tambi\u00e9n se aceptar\u00e1n los f\u00e1rmacos autorizados por la OMS, entre los que se encuentra la vacuna china Sinopharm. Ciudad de M\u00e9xico.- La Uni\u00f3n Europea dio este jueves luz verde a la apertura de las fronteras a [&hellip;]<\/p>\n","protected":false},"author":22,"featured_media":2551,"comment_status":"open","ping_status":"open","sticky":false,"template":"","format":"standard","meta":{"tdm_status":"","tdm_grid_status":"","footnotes":""},"categories":[39],"tags":[332,59,58,471,472],"class_list":{"0":"post-2550","1":"post","2":"type-post","3":"status-publish","4":"format-standard","5":"has-post-thumbnail","7":"category-noticias-nacionales","8":"tag-coronavirus","9":"tag-covid-19","10":"tag-pandemia","11":"tag-ue","12":"tag-union-europea"},"yoast_head":"<!-- This site is optimized with the Yoast SEO plugin v27.5 - https:\/\/yoast.com\/product\/yoast-seo-wordpress\/ -->\n<title>La UE aprueba la apertura de fronteras a los vacunados de terceros pa\u00edses - Fuentes Fidedignas<\/title>\n<meta name=\"robots\" content=\"index, follow, max-snippet:-1, max-image-preview:large, max-video-preview:-1\" \/>\n<link rel=\"canonical\" href=\"https:\/\/fuentesfidedignas.com.mx\/index.php\/2021\/05\/20\/la-ue-aprueba-la-apertura-de-fronteras-a-los-vacunados-de-terceros-paises\/\" \/>\n<meta property=\"og:locale\" content=\"es_MX\" \/>\n<meta property=\"og:type\" content=\"article\" \/>\n<meta property=\"og:title\" content=\"La UE aprueba la apertura de fronteras a los vacunados de terceros pa\u00edses - Fuentes Fidedignas\" \/>\n<meta property=\"og:description\" content=\"Para poder entrar a la UE, las personas se tendr\u00e1n que haber vacunado al menos 14 d\u00edas antes y tambi\u00e9n se aceptar\u00e1n los f\u00e1rmacos autorizados por la OMS, entre los que se encuentra la vacuna china Sinopharm. Ciudad de M\u00e9xico.- La Uni\u00f3n Europea dio este jueves luz verde a la apertura de las fronteras a [&hellip;]\" \/>\n<meta property=\"og:url\" content=\"https:\/\/fuentesfidedignas.com.mx\/index.php\/2021\/05\/20\/la-ue-aprueba-la-apertura-de-fronteras-a-los-vacunados-de-terceros-paises\/\" \/>\n<meta property=\"og:site_name\" content=\"Fuentes Fidedignas\" \/>\n<meta property=\"article:publisher\" content=\"https:\/\/www.facebook.com\/Fuentes-Fidedignas-368234489921644\" \/>\n<meta property=\"article:published_time\" content=\"2021-05-20T13:40:48+00:00\" \/>\n<meta property=\"article:modified_time\" content=\"2021-05-20T13:40:49+00:00\" \/>\n<meta property=\"og:image\" content=\"https:\/\/fuentesfidedignas.com.mx\/wp-content\/uploads\/2021\/05\/aeropuertos-640x360-1.jpg\" \/>\n\t<meta property=\"og:image:width\" content=\"640\" \/>\n\t<meta property=\"og:image:height\" content=\"360\" \/>\n\t<meta property=\"og:image:type\" content=\"image\/jpeg\" \/>\n<meta name=\"author\" content=\"EFE\" \/>\n<meta name=\"twitter:card\" content=\"summary_large_image\" \/>\n<meta name=\"twitter:creator\" content=\"@fidedignas\" \/>\n<meta name=\"twitter:site\" content=\"@fidedignas\" \/>\n<meta name=\"twitter:label1\" content=\"Escrito por\" \/>\n\t<meta name=\"twitter:data1\" content=\"EFE\" \/>\n\t<meta name=\"twitter:label2\" content=\"Tiempo de lectura\" \/>\n\t<meta name=\"twitter:data2\" content=\"2 minutos\" \/>\n<script type=\"application\/ld+json\" class=\"yoast-schema-graph\">{\"@context\":\"https:\\\/\\\/schema.org\",\"@graph\":[{\"@type\":\"Article\",\"@id\":\"https:\\\/\\\/fuentesfidedignas.com.mx\\\/index.php\\\/2021\\\/05\\\/20\\\/la-ue-aprueba-la-apertura-de-fronteras-a-los-vacunados-de-terceros-paises\\\/#article\",\"isPartOf\":{\"@id\":\"https:\\\/\\\/fuentesfidedignas.com.mx\\\/index.php\\\/2021\\\/05\\\/20\\\/la-ue-aprueba-la-apertura-de-fronteras-a-los-vacunados-de-terceros-paises\\\/\"},\"author\":{\"name\":\"EFE\",\"@id\":\"https:\\\/\\\/fuentesfidedignas.com.mx\\\/#\\\/schema\\\/person\\\/0d44615087b5a626d5d3f13afe31ac41\"},\"headline\":\"La UE aprueba la apertura de fronteras a los vacunados de terceros pa\u00edses\",\"datePublished\":\"2021-05-20T13:40:48+00:00\",\"dateModified\":\"2021-05-20T13:40:49+00:00\",\"mainEntityOfPage\":{\"@id\":\"https:\\\/\\\/fuentesfidedignas.com.mx\\\/index.php\\\/2021\\\/05\\\/20\\\/la-ue-aprueba-la-apertura-de-fronteras-a-los-vacunados-de-terceros-paises\\\/\"},\"wordCount\":381,\"commentCount\":0,\"publisher\":{\"@id\":\"https:\\\/\\\/fuentesfidedignas.com.mx\\\/#organization\"},\"image\":{\"@id\":\"https:\\\/\\\/fuentesfidedignas.com.mx\\\/index.php\\\/2021\\\/05\\\/20\\\/la-ue-aprueba-la-apertura-de-fronteras-a-los-vacunados-de-terceros-paises\\\/#primaryimage\"},\"thumbnailUrl\":\"https:\\\/\\\/fuentesfidedignas.com.mx\\\/wp-content\\\/uploads\\\/2021\\\/05\\\/aeropuertos-640x360-1.jpg\",\"keywords\":[\"Coronavirus\",\"Covid-19\",\"Pandemia\",\"UE\",\"Uni\u00f3n Europea\"],\"articleSection\":[\"NOTICIAS NACIONALES\"],\"inLanguage\":\"es\",\"potentialAction\":[{\"@type\":\"CommentAction\",\"name\":\"Comment\",\"target\":[\"https:\\\/\\\/fuentesfidedignas.com.mx\\\/index.php\\\/2021\\\/05\\\/20\\\/la-ue-aprueba-la-apertura-de-fronteras-a-los-vacunados-de-terceros-paises\\\/#respond\"]}]},{\"@type\":\"WebPage\",\"@id\":\"https:\\\/\\\/fuentesfidedignas.com.mx\\\/index.php\\\/2021\\\/05\\\/20\\\/la-ue-aprueba-la-apertura-de-fronteras-a-los-vacunados-de-terceros-paises\\\/\",\"url\":\"https:\\\/\\\/fuentesfidedignas.com.mx\\\/index.php\\\/2021\\\/05\\\/20\\\/la-ue-aprueba-la-apertura-de-fronteras-a-los-vacunados-de-terceros-paises\\\/\",\"name\":\"La UE aprueba la apertura de fronteras a los vacunados de terceros pa\u00edses - Fuentes Fidedignas\",\"isPartOf\":{\"@id\":\"https:\\\/\\\/fuentesfidedignas.com.mx\\\/#website\"},\"primaryImageOfPage\":{\"@id\":\"https:\\\/\\\/fuentesfidedignas.com.mx\\\/index.php\\\/2021\\\/05\\\/20\\\/la-ue-aprueba-la-apertura-de-fronteras-a-los-vacunados-de-terceros-paises\\\/#primaryimage\"},\"image\":{\"@id\":\"https:\\\/\\\/fuentesfidedignas.com.mx\\\/index.php\\\/2021\\\/05\\\/20\\\/la-ue-aprueba-la-apertura-de-fronteras-a-los-vacunados-de-terceros-paises\\\/#primaryimage\"},\"thumbnailUrl\":\"https:\\\/\\\/fuentesfidedignas.com.mx\\\/wp-content\\\/uploads\\\/2021\\\/05\\\/aeropuertos-640x360-1.jpg\",\"datePublished\":\"2021-05-20T13:40:48+00:00\",\"dateModified\":\"2021-05-20T13:40:49+00:00\",\"breadcrumb\":{\"@id\":\"https:\\\/\\\/fuentesfidedignas.com.mx\\\/index.php\\\/2021\\\/05\\\/20\\\/la-ue-aprueba-la-apertura-de-fronteras-a-los-vacunados-de-terceros-paises\\\/#breadcrumb\"},\"inLanguage\":\"es\",\"potentialAction\":[{\"@type\":\"ReadAction\",\"target\":[\"https:\\\/\\\/fuentesfidedignas.com.mx\\\/index.php\\\/2021\\\/05\\\/20\\\/la-ue-aprueba-la-apertura-de-fronteras-a-los-vacunados-de-terceros-paises\\\/\"]}]},{\"@type\":\"ImageObject\",\"inLanguage\":\"es\",\"@id\":\"https:\\\/\\\/fuentesfidedignas.com.mx\\\/index.php\\\/2021\\\/05\\\/20\\\/la-ue-aprueba-la-apertura-de-fronteras-a-los-vacunados-de-terceros-paises\\\/#primaryimage\",\"url\":\"https:\\\/\\\/fuentesfidedignas.com.mx\\\/wp-content\\\/uploads\\\/2021\\\/05\\\/aeropuertos-640x360-1.jpg\",\"contentUrl\":\"https:\\\/\\\/fuentesfidedignas.com.mx\\\/wp-content\\\/uploads\\\/2021\\\/05\\\/aeropuertos-640x360-1.jpg\",\"width\":640,\"height\":360},{\"@type\":\"BreadcrumbList\",\"@id\":\"https:\\\/\\\/fuentesfidedignas.com.mx\\\/index.php\\\/2021\\\/05\\\/20\\\/la-ue-aprueba-la-apertura-de-fronteras-a-los-vacunados-de-terceros-paises\\\/#breadcrumb\",\"itemListElement\":[{\"@type\":\"ListItem\",\"position\":1,\"name\":\"Inicio\",\"item\":\"https:\\\/\\\/fuentesfidedignas.com.mx\\\/\"},{\"@type\":\"ListItem\",\"position\":2,\"name\":\"La UE aprueba la apertura de fronteras a los vacunados de terceros pa\u00edses\"}]},{\"@type\":\"WebSite\",\"@id\":\"https:\\\/\\\/fuentesfidedignas.com.mx\\\/#website\",\"url\":\"https:\\\/\\\/fuentesfidedignas.com.mx\\\/\",\"name\":\"Fuentes Fidedignas\",\"description\":\"Otro sitio realizado con WordPress\",\"publisher\":{\"@id\":\"https:\\\/\\\/fuentesfidedignas.com.mx\\\/#organization\"},\"potentialAction\":[{\"@type\":\"SearchAction\",\"target\":{\"@type\":\"EntryPoint\",\"urlTemplate\":\"https:\\\/\\\/fuentesfidedignas.com.mx\\\/?s={search_term_string}\"},\"query-input\":{\"@type\":\"PropertyValueSpecification\",\"valueRequired\":true,\"valueName\":\"search_term_string\"}}],\"inLanguage\":\"es\"},{\"@type\":\"Organization\",\"@id\":\"https:\\\/\\\/fuentesfidedignas.com.mx\\\/#organization\",\"name\":\"Fuentes Fidedignas\",\"url\":\"https:\\\/\\\/fuentesfidedignas.com.mx\\\/\",\"logo\":{\"@type\":\"ImageObject\",\"inLanguage\":\"es\",\"@id\":\"https:\\\/\\\/fuentesfidedignas.com.mx\\\/#\\\/schema\\\/logo\\\/image\\\/\",\"url\":\"https:\\\/\\\/fuentesfidedignas.com.mx\\\/wp-content\\\/uploads\\\/2021\\\/04\\\/logo-retina.png\",\"contentUrl\":\"https:\\\/\\\/fuentesfidedignas.com.mx\\\/wp-content\\\/uploads\\\/2021\\\/04\\\/logo-retina.png\",\"width\":280,\"height\":51,\"caption\":\"Fuentes Fidedignas\"},\"image\":{\"@id\":\"https:\\\/\\\/fuentesfidedignas.com.mx\\\/#\\\/schema\\\/logo\\\/image\\\/\"},\"sameAs\":[\"https:\\\/\\\/www.facebook.com\\\/Fuentes-Fidedignas-368234489921644\",\"https:\\\/\\\/x.com\\\/fidedignas\"]},{\"@type\":\"Person\",\"@id\":\"https:\\\/\\\/fuentesfidedignas.com.mx\\\/#\\\/schema\\\/person\\\/0d44615087b5a626d5d3f13afe31ac41\",\"name\":\"EFE\",\"image\":{\"@type\":\"ImageObject\",\"inLanguage\":\"es\",\"@id\":\"https:\\\/\\\/secure.gravatar.com\\\/avatar\\\/7048c2d9b569d9bed55bb53ad23821e6e047aa66338fb6ea9868627bbb9f54e8?s=96&d=mm&r=g\",\"url\":\"https:\\\/\\\/secure.gravatar.com\\\/avatar\\\/7048c2d9b569d9bed55bb53ad23821e6e047aa66338fb6ea9868627bbb9f54e8?s=96&d=mm&r=g\",\"contentUrl\":\"https:\\\/\\\/secure.gravatar.com\\\/avatar\\\/7048c2d9b569d9bed55bb53ad23821e6e047aa66338fb6ea9868627bbb9f54e8?s=96&d=mm&r=g\",\"caption\":\"EFE\"},\"url\":\"https:\\\/\\\/fuentesfidedignas.com.mx\\\/index.php\\\/author\\\/efe\\\/\"}]}<\/script>\n<!-- \/ Yoast SEO plugin. -->","yoast_head_json":{"title":"La UE aprueba la apertura de fronteras a los vacunados de terceros pa\u00edses - Fuentes Fidedignas","robots":{"index":"index","follow":"follow","max-snippet":"max-snippet:-1","max-image-preview":"max-image-preview:large","max-video-preview":"max-video-preview:-1"},"canonical":"https:\/\/fuentesfidedignas.com.mx\/index.php\/2021\/05\/20\/la-ue-aprueba-la-apertura-de-fronteras-a-los-vacunados-de-terceros-paises\/","og_locale":"es_MX","og_type":"article","og_title":"La UE aprueba la apertura de fronteras a los vacunados de terceros pa\u00edses - Fuentes Fidedignas","og_description":"Para poder entrar a la UE, las personas se tendr\u00e1n que haber vacunado al menos 14 d\u00edas antes y tambi\u00e9n se aceptar\u00e1n los f\u00e1rmacos autorizados por la OMS, entre los que se encuentra la vacuna china Sinopharm. Ciudad de M\u00e9xico.- La Uni\u00f3n Europea dio este jueves luz verde a la apertura de las fronteras a [&hellip;]","og_url":"https:\/\/fuentesfidedignas.com.mx\/index.php\/2021\/05\/20\/la-ue-aprueba-la-apertura-de-fronteras-a-los-vacunados-de-terceros-paises\/","og_site_name":"Fuentes Fidedignas","article_publisher":"https:\/\/www.facebook.com\/Fuentes-Fidedignas-368234489921644","article_published_time":"2021-05-20T13:40:48+00:00","article_modified_time":"2021-05-20T13:40:49+00:00","og_image":[{"width":640,"height":360,"url":"https:\/\/fuentesfidedignas.com.mx\/wp-content\/uploads\/2021\/05\/aeropuertos-640x360-1.jpg","type":"image\/jpeg"}],"author":"EFE","twitter_card":"summary_large_image","twitter_creator":"@fidedignas","twitter_site":"@fidedignas","twitter_misc":{"Escrito por":"EFE","Tiempo de lectura":"2 minutos"},"schema":{"@context":"https:\/\/schema.org","@graph":[{"@type":"Article","@id":"https:\/\/fuentesfidedignas.com.mx\/index.php\/2021\/05\/20\/la-ue-aprueba-la-apertura-de-fronteras-a-los-vacunados-de-terceros-paises\/#article","isPartOf":{"@id":"https:\/\/fuentesfidedignas.com.mx\/index.php\/2021\/05\/20\/la-ue-aprueba-la-apertura-de-fronteras-a-los-vacunados-de-terceros-paises\/"},"author":{"name":"EFE","@id":"https:\/\/fuentesfidedignas.com.mx\/#\/schema\/person\/0d44615087b5a626d5d3f13afe31ac41"},"headline":"La UE aprueba la apertura de fronteras a los vacunados de terceros pa\u00edses","datePublished":"2021-05-20T13:40:48+00:00","dateModified":"2021-05-20T13:40:49+00:00","mainEntityOfPage":{"@id":"https:\/\/fuentesfidedignas.com.mx\/index.php\/2021\/05\/20\/la-ue-aprueba-la-apertura-de-fronteras-a-los-vacunados-de-terceros-paises\/"},"wordCount":381,"commentCount":0,"publisher":{"@id":"https:\/\/fuentesfidedignas.com.mx\/#organization"},"image":{"@id":"https:\/\/fuentesfidedignas.com.mx\/index.php\/2021\/05\/20\/la-ue-aprueba-la-apertura-de-fronteras-a-los-vacunados-de-terceros-paises\/#primaryimage"},"thumbnailUrl":"https:\/\/fuentesfidedignas.com.mx\/wp-content\/uploads\/2021\/05\/aeropuertos-640x360-1.jpg","keywords":["Coronavirus","Covid-19","Pandemia","UE","Uni\u00f3n Europea"],"articleSection":["NOTICIAS NACIONALES"],"inLanguage":"es","potentialAction":[{"@type":"CommentAction","name":"Comment","target":["https:\/\/fuentesfidedignas.com.mx\/index.php\/2021\/05\/20\/la-ue-aprueba-la-apertura-de-fronteras-a-los-vacunados-de-terceros-paises\/#respond"]}]},{"@type":"WebPage","@id":"https:\/\/fuentesfidedignas.com.mx\/index.php\/2021\/05\/20\/la-ue-aprueba-la-apertura-de-fronteras-a-los-vacunados-de-terceros-paises\/","url":"https:\/\/fuentesfidedignas.com.mx\/index.php\/2021\/05\/20\/la-ue-aprueba-la-apertura-de-fronteras-a-los-vacunados-de-terceros-paises\/","name":"La UE aprueba la apertura de fronteras a los vacunados de terceros pa\u00edses - Fuentes Fidedignas","isPartOf":{"@id":"https:\/\/fuentesfidedignas.com.mx\/#website"},"primaryImageOfPage":{"@id":"https:\/\/fuentesfidedignas.com.mx\/index.php\/2021\/05\/20\/la-ue-aprueba-la-apertura-de-fronteras-a-los-vacunados-de-terceros-paises\/#primaryimage"},"image":{"@id":"https:\/\/fuentesfidedignas.com.mx\/index.php\/2021\/05\/20\/la-ue-aprueba-la-apertura-de-fronteras-a-los-vacunados-de-terceros-paises\/#primaryimage"},"thumbnailUrl":"https:\/\/fuentesfidedignas.com.mx\/wp-content\/uploads\/2021\/05\/aeropuertos-640x360-1.jpg","datePublished":"2021-05-20T13:40:48+00:00","dateModified":"2021-05-20T13:40:49+00:00","breadcrumb":{"@id":"https:\/\/fuentesfidedignas.com.mx\/index.php\/2021\/05\/20\/la-ue-aprueba-la-apertura-de-fronteras-a-los-vacunados-de-terceros-paises\/#breadcrumb"},"inLanguage":"es","potentialAction":[{"@type":"ReadAction","target":["https:\/\/fuentesfidedignas.com.mx\/index.php\/2021\/05\/20\/la-ue-aprueba-la-apertura-de-fronteras-a-los-vacunados-de-terceros-paises\/"]}]},{"@type":"ImageObject","inLanguage":"es","@id":"https:\/\/fuentesfidedignas.com.mx\/index.php\/2021\/05\/20\/la-ue-aprueba-la-apertura-de-fronteras-a-los-vacunados-de-terceros-paises\/#primaryimage","url":"https:\/\/fuentesfidedignas.com.mx\/wp-content\/uploads\/2021\/05\/aeropuertos-640x360-1.jpg","contentUrl":"https:\/\/fuentesfidedignas.com.mx\/wp-content\/uploads\/2021\/05\/aeropuertos-640x360-1.jpg","width":640,"height":360},{"@type":"BreadcrumbList","@id":"https:\/\/fuentesfidedignas.com.mx\/index.php\/2021\/05\/20\/la-ue-aprueba-la-apertura-de-fronteras-a-los-vacunados-de-terceros-paises\/#breadcrumb","itemListElement":[{"@type":"ListItem","position":1,"name":"Inicio","item":"https:\/\/fuentesfidedignas.com.mx\/"},{"@type":"ListItem","position":2,"name":"La UE aprueba la apertura de fronteras a los vacunados de terceros pa\u00edses"}]},{"@type":"WebSite","@id":"https:\/\/fuentesfidedignas.com.mx\/#website","url":"https:\/\/fuentesfidedignas.com.mx\/","name":"Fuentes Fidedignas","description":"Otro sitio realizado con WordPress","publisher":{"@id":"https:\/\/fuentesfidedignas.com.mx\/#organization"},"potentialAction":[{"@type":"SearchAction","target":{"@type":"EntryPoint","urlTemplate":"https:\/\/fuentesfidedignas.com.mx\/?s={search_term_string}"},"query-input":{"@type":"PropertyValueSpecification","valueRequired":true,"valueName":"search_term_string"}}],"inLanguage":"es"},{"@type":"Organization","@id":"https:\/\/fuentesfidedignas.com.mx\/#organization","name":"Fuentes Fidedignas","url":"https:\/\/fuentesfidedignas.com.mx\/","logo":{"@type":"ImageObject","inLanguage":"es","@id":"https:\/\/fuentesfidedignas.com.mx\/#\/schema\/logo\/image\/","url":"https:\/\/fuentesfidedignas.com.mx\/wp-content\/uploads\/2021\/04\/logo-retina.png","contentUrl":"https:\/\/fuentesfidedignas.com.mx\/wp-content\/uploads\/2021\/04\/logo-retina.png","width":280,"height":51,"caption":"Fuentes Fidedignas"},"image":{"@id":"https:\/\/fuentesfidedignas.com.mx\/#\/schema\/logo\/image\/"},"sameAs":["https:\/\/www.facebook.com\/Fuentes-Fidedignas-368234489921644","https:\/\/x.com\/fidedignas"]},{"@type":"Person","@id":"https:\/\/fuentesfidedignas.com.mx\/#\/schema\/person\/0d44615087b5a626d5d3f13afe31ac41","name":"EFE","image":{"@type":"ImageObject","inLanguage":"es","@id":"https:\/\/secure.gravatar.com\/avatar\/7048c2d9b569d9bed55bb53ad23821e6e047aa66338fb6ea9868627bbb9f54e8?s=96&d=mm&r=g","url":"https:\/\/secure.gravatar.com\/avatar\/7048c2d9b569d9bed55bb53ad23821e6e047aa66338fb6ea9868627bbb9f54e8?s=96&d=mm&r=g","contentUrl":"https:\/\/secure.gravatar.com\/avatar\/7048c2d9b569d9bed55bb53ad23821e6e047aa66338fb6ea9868627bbb9f54e8?s=96&d=mm&r=g","caption":"EFE"},"url":"https:\/\/fuentesfidedignas.com.mx\/index.php\/author\/efe\/"}]}},"_links":{"self":[{"href":"https:\/\/fuentesfidedignas.com.mx\/index.php\/wp-json\/wp\/v2\/posts\/2550","targetHints":{"allow":["GET"]}}],"collection":[{"href":"https:\/\/fuentesfidedignas.com.mx\/index.php\/wp-json\/wp\/v2\/posts"}],"about":[{"href":"https:\/\/fuentesfidedignas.com.mx\/index.php\/wp-json\/wp\/v2\/types\/post"}],"author":[{"embeddable":true,"href":"https:\/\/fuentesfidedignas.com.mx\/index.php\/wp-json\/wp\/v2\/users\/22"}],"replies":[{"embeddable":true,"href":"https:\/\/fuentesfidedignas.com.mx\/index.php\/wp-json\/wp\/v2\/comments?post=2550"}],"version-history":[{"count":1,"href":"https:\/\/fuentesfidedignas.com.mx\/index.php\/wp-json\/wp\/v2\/posts\/2550\/revisions"}],"predecessor-version":[{"id":2552,"href":"https:\/\/fuentesfidedignas.com.mx\/index.php\/wp-json\/wp\/v2\/posts\/2550\/revisions\/2552"}],"wp:featuredmedia":[{"embeddable":true,"href":"https:\/\/fuentesfidedignas.com.mx\/index.php\/wp-json\/wp\/v2\/media\/2551"}],"wp:attachment":[{"href":"https:\/\/fuentesfidedignas.com.mx\/index.php\/wp-json\/wp\/v2\/media?parent=2550"}],"wp:term":[{"taxonomy":"category","embeddable":true,"href":"https:\/\/fuentesfidedignas.com.mx\/index.php\/wp-json\/wp\/v2\/categories?post=2550"},{"taxonomy":"post_tag","embeddable":true,"href":"https:\/\/fuentesfidedignas.com.mx\/index.php\/wp-json\/wp\/v2\/tags?post=2550"}],"curies":[{"name":"wp","href":"https:\/\/api.w.org\/{rel}","templated":true}]}}