{"id":25464,"date":"2022-03-04T14:18:54","date_gmt":"2022-03-04T21:18:54","guid":{"rendered":"https:\/\/fuentesfidedignas.com.mx\/?p=25464"},"modified":"2022-03-04T14:19:44","modified_gmt":"2022-03-04T21:19:44","slug":"gerardo-vargas-segundo-alcalde-en-ranking-nacional-de-aprobacion","status":"publish","type":"post","link":"https:\/\/fuentesfidedignas.com.mx\/index.php\/2022\/03\/04\/gerardo-vargas-segundo-alcalde-en-ranking-nacional-de-aprobacion\/","title":{"rendered":"Gerardo Vargas, segundo alcalde en ranking nacional de aprobaci\u00f3n"},"content":{"rendered":"\n<p><br><strong><em>Demoscopia digital a conocer la medici\u00f3n de febrero de Aprobaci\u00f3n de Alcaldes de M\u00e9xico<\/em><\/strong><\/p>\n\n\n\n<p>Ahome, Sin. Demoscopiaa digital, dio a conocer su tercera medici\u00f3n mensual denominada Aprobaciones de Alcaldes de M\u00e9xico, Ranking Nacional, de febrero de 2022, en el Top 10, posiciona a Gerardo Vargas Landeros, Alcalde de Ahome, en segundo sitio a nivel nacional, con un 70.6%.<\/p>\n\n\n\n<figure class=\"wp-block-image size-full\"><img decoding=\"async\" width=\"524\" height=\"1024\" src=\"https:\/\/fuentesfidedignas.com.mx\/wp-content\/uploads\/2022\/03\/IMG-20220304-WA0010.jpg\" alt=\"\" class=\"wp-image-25465\"\/><\/figure>\n\n\n\n<p>En diciembre de 2021, esta empresa encuestadora realiz\u00f3 su primera encuesta de Ranking de Aprobaci\u00f3n de Alcaldes, la cual indica que el presidente municipal de Ahome arranc\u00f3 su administraci\u00f3n con un 65.8%; en tanto, que la segunda, levantada en enero de 2022, muestra un incremento de 2.7% al ubicarse en un 68.2%.<\/p>\n\n\n\n<p><div>En tanto, en esta medici\u00f3n Aprobaciones de Alcaldes de M\u00e9xico, el alcalde de Mazatl\u00e1n, Luis Guillermo Ben\u00edtez se ubica en la posici\u00f3n 26, con un 61.3%; de Culiac\u00e1n, Jes\u00fas Estrada, en el escal\u00f3n 30, con un 59.9%; de Guasave, Mart\u00edn Ahumada, en el 48, con un 55.4% y de Navolato, Margoth, en el 60, con 53.5%.<\/div><\/p>\n\n\n\n<p><div>En el \u00e1mbito estatal, al efectuar un cruce de datos, Demoscopia digital muestra en la Aprobaci\u00f3n del febrero, Alcaldes Sinaloa, que Gerardo Vargas Landeros, alcalde de Ahome, puntea con 70.6%; en segundo sitio con un 61.3%, Luis Guillermo Ben\u00edtez, de Mazatl\u00e1n; en tercer lugar, Culiac\u00e1n, Jes\u00fas Estrada, con 59.9%; en cuarto Guasave, con 55.4%, Mart\u00edn Ahumada y en quinto Navolato, Margoth Urrea con un 53.5%.<\/div><\/p>\n","protected":false},"excerpt":{"rendered":"<p>Demoscopia digital a conocer la medici\u00f3n de febrero de Aprobaci\u00f3n de Alcaldes de M\u00e9xico Ahome, Sin. Demoscopiaa digital, dio a conocer su tercera medici\u00f3n mensual denominada Aprobaciones de Alcaldes de M\u00e9xico, Ranking Nacional, de febrero de 2022, en el Top 10, posiciona a Gerardo Vargas Landeros, Alcalde de Ahome, en segundo sitio a nivel nacional, [&hellip;]<\/p>\n","protected":false},"author":4,"featured_media":25467,"comment_status":"open","ping_status":"open","sticky":false,"template":"","format":"standard","meta":{"tdm_status":"","tdm_grid_status":"","footnotes":""},"categories":[37],"tags":[1654],"class_list":{"0":"post-25464","1":"post","2":"type-post","3":"status-publish","4":"format-standard","5":"has-post-thumbnail","7":"category-nota-principal","8":"tag-gerardo-vargas-landeros"},"yoast_head":"<!-- This site is optimized with the Yoast SEO plugin v27.5 - https:\/\/yoast.com\/product\/yoast-seo-wordpress\/ -->\n<title>Gerardo Vargas, segundo alcalde en ranking nacional de aprobaci\u00f3n - Fuentes Fidedignas<\/title>\n<meta name=\"robots\" content=\"index, follow, max-snippet:-1, max-image-preview:large, max-video-preview:-1\" \/>\n<link rel=\"canonical\" href=\"https:\/\/fuentesfidedignas.com.mx\/index.php\/2022\/03\/04\/gerardo-vargas-segundo-alcalde-en-ranking-nacional-de-aprobacion\/\" \/>\n<meta property=\"og:locale\" content=\"es_MX\" \/>\n<meta property=\"og:type\" content=\"article\" \/>\n<meta property=\"og:title\" content=\"Gerardo Vargas, segundo alcalde en ranking nacional de aprobaci\u00f3n - Fuentes Fidedignas\" \/>\n<meta property=\"og:description\" content=\"Demoscopia digital a conocer la medici\u00f3n de febrero de Aprobaci\u00f3n de Alcaldes de M\u00e9xico Ahome, Sin. Demoscopiaa digital, dio a conocer su tercera medici\u00f3n mensual denominada Aprobaciones de Alcaldes de M\u00e9xico, Ranking Nacional, de febrero de 2022, en el Top 10, posiciona a Gerardo Vargas Landeros, Alcalde de Ahome, en segundo sitio a nivel nacional, [&hellip;]\" \/>\n<meta property=\"og:url\" content=\"https:\/\/fuentesfidedignas.com.mx\/index.php\/2022\/03\/04\/gerardo-vargas-segundo-alcalde-en-ranking-nacional-de-aprobacion\/\" \/>\n<meta property=\"og:site_name\" content=\"Fuentes Fidedignas\" \/>\n<meta property=\"article:publisher\" content=\"https:\/\/www.facebook.com\/Fuentes-Fidedignas-368234489921644\" \/>\n<meta property=\"article:published_time\" content=\"2022-03-04T21:18:54+00:00\" \/>\n<meta property=\"article:modified_time\" content=\"2022-03-04T21:19:44+00:00\" \/>\n<meta property=\"og:image\" content=\"https:\/\/fuentesfidedignas.com.mx\/wp-content\/uploads\/2022\/03\/IMG-20220304-WA0011.jpg\" \/>\n\t<meta property=\"og:image:width\" content=\"1080\" \/>\n\t<meta property=\"og:image:height\" content=\"699\" \/>\n\t<meta property=\"og:image:type\" content=\"image\/jpeg\" \/>\n<meta name=\"author\" content=\"Redacci\u00f3n\" \/>\n<meta name=\"twitter:card\" content=\"summary_large_image\" \/>\n<meta name=\"twitter:creator\" content=\"@fidedignas\" \/>\n<meta name=\"twitter:site\" content=\"@fidedignas\" \/>\n<meta name=\"twitter:label1\" content=\"Escrito por\" \/>\n\t<meta name=\"twitter:data1\" content=\"Redacci\u00f3n\" \/>\n\t<meta name=\"twitter:label2\" content=\"Tiempo de lectura\" \/>\n\t<meta name=\"twitter:data2\" content=\"2 minutos\" \/>\n<script type=\"application\/ld+json\" class=\"yoast-schema-graph\">{\"@context\":\"https:\\\/\\\/schema.org\",\"@graph\":[{\"@type\":\"Article\",\"@id\":\"https:\\\/\\\/fuentesfidedignas.com.mx\\\/index.php\\\/2022\\\/03\\\/04\\\/gerardo-vargas-segundo-alcalde-en-ranking-nacional-de-aprobacion\\\/#article\",\"isPartOf\":{\"@id\":\"https:\\\/\\\/fuentesfidedignas.com.mx\\\/index.php\\\/2022\\\/03\\\/04\\\/gerardo-vargas-segundo-alcalde-en-ranking-nacional-de-aprobacion\\\/\"},\"author\":{\"name\":\"Redacci\u00f3n\",\"@id\":\"https:\\\/\\\/fuentesfidedignas.com.mx\\\/#\\\/schema\\\/person\\\/331be9283d37198e2acd5750279085b0\"},\"headline\":\"Gerardo Vargas, segundo alcalde en ranking nacional de aprobaci\u00f3n\",\"datePublished\":\"2022-03-04T21:18:54+00:00\",\"dateModified\":\"2022-03-04T21:19:44+00:00\",\"mainEntityOfPage\":{\"@id\":\"https:\\\/\\\/fuentesfidedignas.com.mx\\\/index.php\\\/2022\\\/03\\\/04\\\/gerardo-vargas-segundo-alcalde-en-ranking-nacional-de-aprobacion\\\/\"},\"wordCount\":242,\"commentCount\":0,\"publisher\":{\"@id\":\"https:\\\/\\\/fuentesfidedignas.com.mx\\\/#organization\"},\"image\":{\"@id\":\"https:\\\/\\\/fuentesfidedignas.com.mx\\\/index.php\\\/2022\\\/03\\\/04\\\/gerardo-vargas-segundo-alcalde-en-ranking-nacional-de-aprobacion\\\/#primaryimage\"},\"thumbnailUrl\":\"https:\\\/\\\/fuentesfidedignas.com.mx\\\/wp-content\\\/uploads\\\/2022\\\/03\\\/IMG-20220304-WA0011.jpg\",\"keywords\":[\"Gerardo Vargas Landeros\"],\"articleSection\":[\"NOTA PRINCIPAL\"],\"inLanguage\":\"es\",\"potentialAction\":[{\"@type\":\"CommentAction\",\"name\":\"Comment\",\"target\":[\"https:\\\/\\\/fuentesfidedignas.com.mx\\\/index.php\\\/2022\\\/03\\\/04\\\/gerardo-vargas-segundo-alcalde-en-ranking-nacional-de-aprobacion\\\/#respond\"]}]},{\"@type\":\"WebPage\",\"@id\":\"https:\\\/\\\/fuentesfidedignas.com.mx\\\/index.php\\\/2022\\\/03\\\/04\\\/gerardo-vargas-segundo-alcalde-en-ranking-nacional-de-aprobacion\\\/\",\"url\":\"https:\\\/\\\/fuentesfidedignas.com.mx\\\/index.php\\\/2022\\\/03\\\/04\\\/gerardo-vargas-segundo-alcalde-en-ranking-nacional-de-aprobacion\\\/\",\"name\":\"Gerardo Vargas, segundo alcalde en ranking nacional de aprobaci\u00f3n - Fuentes Fidedignas\",\"isPartOf\":{\"@id\":\"https:\\\/\\\/fuentesfidedignas.com.mx\\\/#website\"},\"primaryImageOfPage\":{\"@id\":\"https:\\\/\\\/fuentesfidedignas.com.mx\\\/index.php\\\/2022\\\/03\\\/04\\\/gerardo-vargas-segundo-alcalde-en-ranking-nacional-de-aprobacion\\\/#primaryimage\"},\"image\":{\"@id\":\"https:\\\/\\\/fuentesfidedignas.com.mx\\\/index.php\\\/2022\\\/03\\\/04\\\/gerardo-vargas-segundo-alcalde-en-ranking-nacional-de-aprobacion\\\/#primaryimage\"},\"thumbnailUrl\":\"https:\\\/\\\/fuentesfidedignas.com.mx\\\/wp-content\\\/uploads\\\/2022\\\/03\\\/IMG-20220304-WA0011.jpg\",\"datePublished\":\"2022-03-04T21:18:54+00:00\",\"dateModified\":\"2022-03-04T21:19:44+00:00\",\"breadcrumb\":{\"@id\":\"https:\\\/\\\/fuentesfidedignas.com.mx\\\/index.php\\\/2022\\\/03\\\/04\\\/gerardo-vargas-segundo-alcalde-en-ranking-nacional-de-aprobacion\\\/#breadcrumb\"},\"inLanguage\":\"es\",\"potentialAction\":[{\"@type\":\"ReadAction\",\"target\":[\"https:\\\/\\\/fuentesfidedignas.com.mx\\\/index.php\\\/2022\\\/03\\\/04\\\/gerardo-vargas-segundo-alcalde-en-ranking-nacional-de-aprobacion\\\/\"]}]},{\"@type\":\"ImageObject\",\"inLanguage\":\"es\",\"@id\":\"https:\\\/\\\/fuentesfidedignas.com.mx\\\/index.php\\\/2022\\\/03\\\/04\\\/gerardo-vargas-segundo-alcalde-en-ranking-nacional-de-aprobacion\\\/#primaryimage\",\"url\":\"https:\\\/\\\/fuentesfidedignas.com.mx\\\/wp-content\\\/uploads\\\/2022\\\/03\\\/IMG-20220304-WA0011.jpg\",\"contentUrl\":\"https:\\\/\\\/fuentesfidedignas.com.mx\\\/wp-content\\\/uploads\\\/2022\\\/03\\\/IMG-20220304-WA0011.jpg\",\"width\":1080,\"height\":699},{\"@type\":\"BreadcrumbList\",\"@id\":\"https:\\\/\\\/fuentesfidedignas.com.mx\\\/index.php\\\/2022\\\/03\\\/04\\\/gerardo-vargas-segundo-alcalde-en-ranking-nacional-de-aprobacion\\\/#breadcrumb\",\"itemListElement\":[{\"@type\":\"ListItem\",\"position\":1,\"name\":\"Inicio\",\"item\":\"https:\\\/\\\/fuentesfidedignas.com.mx\\\/\"},{\"@type\":\"ListItem\",\"position\":2,\"name\":\"Gerardo Vargas, segundo alcalde en ranking nacional de aprobaci\u00f3n\"}]},{\"@type\":\"WebSite\",\"@id\":\"https:\\\/\\\/fuentesfidedignas.com.mx\\\/#website\",\"url\":\"https:\\\/\\\/fuentesfidedignas.com.mx\\\/\",\"name\":\"Fuentes Fidedignas\",\"description\":\"Otro sitio realizado con WordPress\",\"publisher\":{\"@id\":\"https:\\\/\\\/fuentesfidedignas.com.mx\\\/#organization\"},\"potentialAction\":[{\"@type\":\"SearchAction\",\"target\":{\"@type\":\"EntryPoint\",\"urlTemplate\":\"https:\\\/\\\/fuentesfidedignas.com.mx\\\/?s={search_term_string}\"},\"query-input\":{\"@type\":\"PropertyValueSpecification\",\"valueRequired\":true,\"valueName\":\"search_term_string\"}}],\"inLanguage\":\"es\"},{\"@type\":\"Organization\",\"@id\":\"https:\\\/\\\/fuentesfidedignas.com.mx\\\/#organization\",\"name\":\"Fuentes Fidedignas\",\"url\":\"https:\\\/\\\/fuentesfidedignas.com.mx\\\/\",\"logo\":{\"@type\":\"ImageObject\",\"inLanguage\":\"es\",\"@id\":\"https:\\\/\\\/fuentesfidedignas.com.mx\\\/#\\\/schema\\\/logo\\\/image\\\/\",\"url\":\"https:\\\/\\\/fuentesfidedignas.com.mx\\\/wp-content\\\/uploads\\\/2021\\\/04\\\/logo-retina.png\",\"contentUrl\":\"https:\\\/\\\/fuentesfidedignas.com.mx\\\/wp-content\\\/uploads\\\/2021\\\/04\\\/logo-retina.png\",\"width\":280,\"height\":51,\"caption\":\"Fuentes Fidedignas\"},\"image\":{\"@id\":\"https:\\\/\\\/fuentesfidedignas.com.mx\\\/#\\\/schema\\\/logo\\\/image\\\/\"},\"sameAs\":[\"https:\\\/\\\/www.facebook.com\\\/Fuentes-Fidedignas-368234489921644\",\"https:\\\/\\\/x.com\\\/fidedignas\"]},{\"@type\":\"Person\",\"@id\":\"https:\\\/\\\/fuentesfidedignas.com.mx\\\/#\\\/schema\\\/person\\\/331be9283d37198e2acd5750279085b0\",\"name\":\"Redacci\u00f3n\",\"image\":{\"@type\":\"ImageObject\",\"inLanguage\":\"es\",\"@id\":\"https:\\\/\\\/secure.gravatar.com\\\/avatar\\\/f6d8782c11d12b2d4ad3fbb6931aeab5309937a4d6cd2fc9cfaa28a6396a5aec?s=96&d=mm&r=g\",\"url\":\"https:\\\/\\\/secure.gravatar.com\\\/avatar\\\/f6d8782c11d12b2d4ad3fbb6931aeab5309937a4d6cd2fc9cfaa28a6396a5aec?s=96&d=mm&r=g\",\"contentUrl\":\"https:\\\/\\\/secure.gravatar.com\\\/avatar\\\/f6d8782c11d12b2d4ad3fbb6931aeab5309937a4d6cd2fc9cfaa28a6396a5aec?s=96&d=mm&r=g\",\"caption\":\"Redacci\u00f3n\"},\"url\":\"https:\\\/\\\/fuentesfidedignas.com.mx\\\/index.php\\\/author\\\/redaccion\\\/\"}]}<\/script>\n<!-- \/ Yoast SEO plugin. -->","yoast_head_json":{"title":"Gerardo Vargas, segundo alcalde en ranking nacional de aprobaci\u00f3n - Fuentes Fidedignas","robots":{"index":"index","follow":"follow","max-snippet":"max-snippet:-1","max-image-preview":"max-image-preview:large","max-video-preview":"max-video-preview:-1"},"canonical":"https:\/\/fuentesfidedignas.com.mx\/index.php\/2022\/03\/04\/gerardo-vargas-segundo-alcalde-en-ranking-nacional-de-aprobacion\/","og_locale":"es_MX","og_type":"article","og_title":"Gerardo Vargas, segundo alcalde en ranking nacional de aprobaci\u00f3n - Fuentes Fidedignas","og_description":"Demoscopia digital a conocer la medici\u00f3n de febrero de Aprobaci\u00f3n de Alcaldes de M\u00e9xico Ahome, Sin. Demoscopiaa digital, dio a conocer su tercera medici\u00f3n mensual denominada Aprobaciones de Alcaldes de M\u00e9xico, Ranking Nacional, de febrero de 2022, en el Top 10, posiciona a Gerardo Vargas Landeros, Alcalde de Ahome, en segundo sitio a nivel nacional, [&hellip;]","og_url":"https:\/\/fuentesfidedignas.com.mx\/index.php\/2022\/03\/04\/gerardo-vargas-segundo-alcalde-en-ranking-nacional-de-aprobacion\/","og_site_name":"Fuentes Fidedignas","article_publisher":"https:\/\/www.facebook.com\/Fuentes-Fidedignas-368234489921644","article_published_time":"2022-03-04T21:18:54+00:00","article_modified_time":"2022-03-04T21:19:44+00:00","og_image":[{"width":1080,"height":699,"url":"https:\/\/fuentesfidedignas.com.mx\/wp-content\/uploads\/2022\/03\/IMG-20220304-WA0011.jpg","type":"image\/jpeg"}],"author":"Redacci\u00f3n","twitter_card":"summary_large_image","twitter_creator":"@fidedignas","twitter_site":"@fidedignas","twitter_misc":{"Escrito por":"Redacci\u00f3n","Tiempo de lectura":"2 minutos"},"schema":{"@context":"https:\/\/schema.org","@graph":[{"@type":"Article","@id":"https:\/\/fuentesfidedignas.com.mx\/index.php\/2022\/03\/04\/gerardo-vargas-segundo-alcalde-en-ranking-nacional-de-aprobacion\/#article","isPartOf":{"@id":"https:\/\/fuentesfidedignas.com.mx\/index.php\/2022\/03\/04\/gerardo-vargas-segundo-alcalde-en-ranking-nacional-de-aprobacion\/"},"author":{"name":"Redacci\u00f3n","@id":"https:\/\/fuentesfidedignas.com.mx\/#\/schema\/person\/331be9283d37198e2acd5750279085b0"},"headline":"Gerardo Vargas, segundo alcalde en ranking nacional de aprobaci\u00f3n","datePublished":"2022-03-04T21:18:54+00:00","dateModified":"2022-03-04T21:19:44+00:00","mainEntityOfPage":{"@id":"https:\/\/fuentesfidedignas.com.mx\/index.php\/2022\/03\/04\/gerardo-vargas-segundo-alcalde-en-ranking-nacional-de-aprobacion\/"},"wordCount":242,"commentCount":0,"publisher":{"@id":"https:\/\/fuentesfidedignas.com.mx\/#organization"},"image":{"@id":"https:\/\/fuentesfidedignas.com.mx\/index.php\/2022\/03\/04\/gerardo-vargas-segundo-alcalde-en-ranking-nacional-de-aprobacion\/#primaryimage"},"thumbnailUrl":"https:\/\/fuentesfidedignas.com.mx\/wp-content\/uploads\/2022\/03\/IMG-20220304-WA0011.jpg","keywords":["Gerardo Vargas Landeros"],"articleSection":["NOTA PRINCIPAL"],"inLanguage":"es","potentialAction":[{"@type":"CommentAction","name":"Comment","target":["https:\/\/fuentesfidedignas.com.mx\/index.php\/2022\/03\/04\/gerardo-vargas-segundo-alcalde-en-ranking-nacional-de-aprobacion\/#respond"]}]},{"@type":"WebPage","@id":"https:\/\/fuentesfidedignas.com.mx\/index.php\/2022\/03\/04\/gerardo-vargas-segundo-alcalde-en-ranking-nacional-de-aprobacion\/","url":"https:\/\/fuentesfidedignas.com.mx\/index.php\/2022\/03\/04\/gerardo-vargas-segundo-alcalde-en-ranking-nacional-de-aprobacion\/","name":"Gerardo Vargas, segundo alcalde en ranking nacional de aprobaci\u00f3n - Fuentes Fidedignas","isPartOf":{"@id":"https:\/\/fuentesfidedignas.com.mx\/#website"},"primaryImageOfPage":{"@id":"https:\/\/fuentesfidedignas.com.mx\/index.php\/2022\/03\/04\/gerardo-vargas-segundo-alcalde-en-ranking-nacional-de-aprobacion\/#primaryimage"},"image":{"@id":"https:\/\/fuentesfidedignas.com.mx\/index.php\/2022\/03\/04\/gerardo-vargas-segundo-alcalde-en-ranking-nacional-de-aprobacion\/#primaryimage"},"thumbnailUrl":"https:\/\/fuentesfidedignas.com.mx\/wp-content\/uploads\/2022\/03\/IMG-20220304-WA0011.jpg","datePublished":"2022-03-04T21:18:54+00:00","dateModified":"2022-03-04T21:19:44+00:00","breadcrumb":{"@id":"https:\/\/fuentesfidedignas.com.mx\/index.php\/2022\/03\/04\/gerardo-vargas-segundo-alcalde-en-ranking-nacional-de-aprobacion\/#breadcrumb"},"inLanguage":"es","potentialAction":[{"@type":"ReadAction","target":["https:\/\/fuentesfidedignas.com.mx\/index.php\/2022\/03\/04\/gerardo-vargas-segundo-alcalde-en-ranking-nacional-de-aprobacion\/"]}]},{"@type":"ImageObject","inLanguage":"es","@id":"https:\/\/fuentesfidedignas.com.mx\/index.php\/2022\/03\/04\/gerardo-vargas-segundo-alcalde-en-ranking-nacional-de-aprobacion\/#primaryimage","url":"https:\/\/fuentesfidedignas.com.mx\/wp-content\/uploads\/2022\/03\/IMG-20220304-WA0011.jpg","contentUrl":"https:\/\/fuentesfidedignas.com.mx\/wp-content\/uploads\/2022\/03\/IMG-20220304-WA0011.jpg","width":1080,"height":699},{"@type":"BreadcrumbList","@id":"https:\/\/fuentesfidedignas.com.mx\/index.php\/2022\/03\/04\/gerardo-vargas-segundo-alcalde-en-ranking-nacional-de-aprobacion\/#breadcrumb","itemListElement":[{"@type":"ListItem","position":1,"name":"Inicio","item":"https:\/\/fuentesfidedignas.com.mx\/"},{"@type":"ListItem","position":2,"name":"Gerardo Vargas, segundo alcalde en ranking nacional de aprobaci\u00f3n"}]},{"@type":"WebSite","@id":"https:\/\/fuentesfidedignas.com.mx\/#website","url":"https:\/\/fuentesfidedignas.com.mx\/","name":"Fuentes Fidedignas","description":"Otro sitio realizado con WordPress","publisher":{"@id":"https:\/\/fuentesfidedignas.com.mx\/#organization"},"potentialAction":[{"@type":"SearchAction","target":{"@type":"EntryPoint","urlTemplate":"https:\/\/fuentesfidedignas.com.mx\/?s={search_term_string}"},"query-input":{"@type":"PropertyValueSpecification","valueRequired":true,"valueName":"search_term_string"}}],"inLanguage":"es"},{"@type":"Organization","@id":"https:\/\/fuentesfidedignas.com.mx\/#organization","name":"Fuentes Fidedignas","url":"https:\/\/fuentesfidedignas.com.mx\/","logo":{"@type":"ImageObject","inLanguage":"es","@id":"https:\/\/fuentesfidedignas.com.mx\/#\/schema\/logo\/image\/","url":"https:\/\/fuentesfidedignas.com.mx\/wp-content\/uploads\/2021\/04\/logo-retina.png","contentUrl":"https:\/\/fuentesfidedignas.com.mx\/wp-content\/uploads\/2021\/04\/logo-retina.png","width":280,"height":51,"caption":"Fuentes Fidedignas"},"image":{"@id":"https:\/\/fuentesfidedignas.com.mx\/#\/schema\/logo\/image\/"},"sameAs":["https:\/\/www.facebook.com\/Fuentes-Fidedignas-368234489921644","https:\/\/x.com\/fidedignas"]},{"@type":"Person","@id":"https:\/\/fuentesfidedignas.com.mx\/#\/schema\/person\/331be9283d37198e2acd5750279085b0","name":"Redacci\u00f3n","image":{"@type":"ImageObject","inLanguage":"es","@id":"https:\/\/secure.gravatar.com\/avatar\/f6d8782c11d12b2d4ad3fbb6931aeab5309937a4d6cd2fc9cfaa28a6396a5aec?s=96&d=mm&r=g","url":"https:\/\/secure.gravatar.com\/avatar\/f6d8782c11d12b2d4ad3fbb6931aeab5309937a4d6cd2fc9cfaa28a6396a5aec?s=96&d=mm&r=g","contentUrl":"https:\/\/secure.gravatar.com\/avatar\/f6d8782c11d12b2d4ad3fbb6931aeab5309937a4d6cd2fc9cfaa28a6396a5aec?s=96&d=mm&r=g","caption":"Redacci\u00f3n"},"url":"https:\/\/fuentesfidedignas.com.mx\/index.php\/author\/redaccion\/"}]}},"_links":{"self":[{"href":"https:\/\/fuentesfidedignas.com.mx\/index.php\/wp-json\/wp\/v2\/posts\/25464","targetHints":{"allow":["GET"]}}],"collection":[{"href":"https:\/\/fuentesfidedignas.com.mx\/index.php\/wp-json\/wp\/v2\/posts"}],"about":[{"href":"https:\/\/fuentesfidedignas.com.mx\/index.php\/wp-json\/wp\/v2\/types\/post"}],"author":[{"embeddable":true,"href":"https:\/\/fuentesfidedignas.com.mx\/index.php\/wp-json\/wp\/v2\/users\/4"}],"replies":[{"embeddable":true,"href":"https:\/\/fuentesfidedignas.com.mx\/index.php\/wp-json\/wp\/v2\/comments?post=25464"}],"version-history":[{"count":2,"href":"https:\/\/fuentesfidedignas.com.mx\/index.php\/wp-json\/wp\/v2\/posts\/25464\/revisions"}],"predecessor-version":[{"id":25468,"href":"https:\/\/fuentesfidedignas.com.mx\/index.php\/wp-json\/wp\/v2\/posts\/25464\/revisions\/25468"}],"wp:featuredmedia":[{"embeddable":true,"href":"https:\/\/fuentesfidedignas.com.mx\/index.php\/wp-json\/wp\/v2\/media\/25467"}],"wp:attachment":[{"href":"https:\/\/fuentesfidedignas.com.mx\/index.php\/wp-json\/wp\/v2\/media?parent=25464"}],"wp:term":[{"taxonomy":"category","embeddable":true,"href":"https:\/\/fuentesfidedignas.com.mx\/index.php\/wp-json\/wp\/v2\/categories?post=25464"},{"taxonomy":"post_tag","embeddable":true,"href":"https:\/\/fuentesfidedignas.com.mx\/index.php\/wp-json\/wp\/v2\/tags?post=25464"}],"curies":[{"name":"wp","href":"https:\/\/api.w.org\/{rel}","templated":true}]}}