{"id":25449,"date":"2022-03-04T13:05:42","date_gmt":"2022-03-04T20:05:42","guid":{"rendered":"https:\/\/fuentesfidedignas.com.mx\/?p=25449"},"modified":"2022-03-04T13:06:05","modified_gmt":"2022-03-04T20:06:05","slug":"muere-joven-por-mini-lipo-hecha-por-cundina-en-culiacan","status":"publish","type":"post","link":"https:\/\/fuentesfidedignas.com.mx\/index.php\/2022\/03\/04\/muere-joven-por-mini-lipo-hecha-por-cundina-en-culiacan\/","title":{"rendered":"Muere joven por &#8220;mini lipo&#8221; hecha por cundina en Culiac\u00e1n"},"content":{"rendered":"\n<p><br><strong><em>Piden a la jovencitas no caer en procesos irregulares<\/em><\/strong> <\/p>\n\n\n\n<p>Culiac\u00e1n, Sin. La Fiscal\u00eda General del Estado abri\u00f3 una carpeta de investigaci\u00f3n por la muerte de la joven Paulina \u201cN\u201d, presuntamente a causa de una negligencia m\u00e9dica de una Mini Lipo que le practicaron en una cl\u00ednica privada, por la cual tuvo que ser trasladada de emergencia a un hospital del Instituto Mexicano del Seguro Social. <\/p>\n\n\n\n<p>En redes sociales, familiares y amigos de la v\u00edctima establecieron que esta a trav\u00e9s de una cirug\u00eda est\u00e9tica, esta acudi\u00f3 con la doctora Amairani \u201cR\u201d, al parecer tuvo complicaciones en su salud durante el proceso de la Mini Lipo, por lo que tuvo que ser remitida a un hospital del Seguro Social donde falleci\u00f3.<\/p>\n\n\n\n<p>Una usuaria de redes sociales, identificada como Viridiana \u201cN\u201d, alert\u00f3 a las jovencitas no arriesgar sus vidas por ahorra un poco de dinero, por lo que antes de someterse alg\u00fan tratamiento est\u00e9tico deben investigar a los profesionales de la salud, para certificar que estan capacitados y certificados para llevar a cabo las cirug\u00edas. <\/p>\n\n\n\n<p><strong>Exigen castigo por muerte de joven en liposucci\u00f3n<\/strong><\/p>\n\n\n\n<p><div>Se<\/div><span style=\"background-color: rgba(0, 0, 0, 0.2); color: initial;\">g\u00fan los datos que se han divulgado en redes sociales por sus familiares, ellos se enteraron de la defunci\u00f3n de la joven madre Paulina \u201cN\u201d, cuando su cuerpo fue depositado en una casa funeraria de la capital del estado por lo que exigen que se castigue a la doctora y el equipo que intervino en la Mini Lipo.<\/span><\/p>\n\n\n\n<p>Un caso similar, tuvo lugar en el mes de septiembre del 2021, en el municipio de Guasave, en donde falleci\u00f3 el joven Enrique \u201cN\u201d, de 32 a\u00f1os de edad a causa de una falla multiorg\u00e1nica en su cuerpo, a solo cinco d\u00edas de haber sido sometido a una cirug\u00eda est\u00e9tica y eliminaci\u00f3n de grasa en el abdomen.<\/p>\n\n\n\n<p>La Secretar\u00eda de Salud del Estado estableci\u00f3 que el trabajo m\u00e9dico se practic\u00f3 en una casa habilitada, como una supuesta cl\u00ednica est\u00e9tica, sin el equipo adecuado, ni el personal calificado, por lo que el lugar fue clausurado.<\/p>\n","protected":false},"excerpt":{"rendered":"<p>Piden a la jovencitas no caer en procesos irregulares Culiac\u00e1n, Sin. La Fiscal\u00eda General del Estado abri\u00f3 una carpeta de investigaci\u00f3n por la muerte de la joven Paulina \u201cN\u201d, presuntamente a causa de una negligencia m\u00e9dica de una Mini Lipo que le practicaron en una cl\u00ednica privada, por la cual tuvo que ser trasladada de [&hellip;]<\/p>\n","protected":false},"author":39,"featured_media":25451,"comment_status":"open","ping_status":"open","sticky":false,"template":"","format":"standard","meta":{"tdm_status":"","tdm_grid_status":"","footnotes":""},"categories":[38],"tags":[],"class_list":{"0":"post-25449","1":"post","2":"type-post","3":"status-publish","4":"format-standard","5":"has-post-thumbnail","7":"category-noticias-locales"},"yoast_head":"<!-- This site is optimized with the Yoast SEO plugin v27.5 - https:\/\/yoast.com\/product\/yoast-seo-wordpress\/ -->\n<title>Muere joven por &quot;mini lipo&quot; hecha por cundina en Culiac\u00e1n - Fuentes Fidedignas<\/title>\n<meta name=\"robots\" content=\"index, follow, max-snippet:-1, max-image-preview:large, max-video-preview:-1\" \/>\n<link rel=\"canonical\" href=\"https:\/\/fuentesfidedignas.com.mx\/index.php\/2022\/03\/04\/muere-joven-por-mini-lipo-hecha-por-cundina-en-culiacan\/\" \/>\n<meta property=\"og:locale\" content=\"es_MX\" \/>\n<meta property=\"og:type\" content=\"article\" \/>\n<meta property=\"og:title\" content=\"Muere joven por &quot;mini lipo&quot; hecha por cundina en Culiac\u00e1n - Fuentes Fidedignas\" \/>\n<meta property=\"og:description\" content=\"Piden a la jovencitas no caer en procesos irregulares Culiac\u00e1n, Sin. La Fiscal\u00eda General del Estado abri\u00f3 una carpeta de investigaci\u00f3n por la muerte de la joven Paulina \u201cN\u201d, presuntamente a causa de una negligencia m\u00e9dica de una Mini Lipo que le practicaron en una cl\u00ednica privada, por la cual tuvo que ser trasladada de [&hellip;]\" \/>\n<meta property=\"og:url\" content=\"https:\/\/fuentesfidedignas.com.mx\/index.php\/2022\/03\/04\/muere-joven-por-mini-lipo-hecha-por-cundina-en-culiacan\/\" \/>\n<meta property=\"og:site_name\" content=\"Fuentes Fidedignas\" \/>\n<meta property=\"article:publisher\" content=\"https:\/\/www.facebook.com\/Fuentes-Fidedignas-368234489921644\" \/>\n<meta property=\"article:published_time\" content=\"2022-03-04T20:05:42+00:00\" \/>\n<meta property=\"article:modified_time\" content=\"2022-03-04T20:06:05+00:00\" \/>\n<meta property=\"og:image\" content=\"https:\/\/fuentesfidedignas.com.mx\/wp-content\/uploads\/2022\/03\/Screenshot_20220304_130048.jpg\" \/>\n\t<meta property=\"og:image:width\" content=\"1080\" \/>\n\t<meta property=\"og:image:height\" content=\"735\" \/>\n\t<meta property=\"og:image:type\" content=\"image\/jpeg\" \/>\n<meta name=\"author\" content=\"El Universal\" \/>\n<meta name=\"twitter:card\" content=\"summary_large_image\" \/>\n<meta name=\"twitter:creator\" content=\"@fidedignas\" \/>\n<meta name=\"twitter:site\" content=\"@fidedignas\" \/>\n<meta name=\"twitter:label1\" content=\"Escrito por\" \/>\n\t<meta name=\"twitter:data1\" content=\"El Universal\" \/>\n\t<meta name=\"twitter:label2\" content=\"Tiempo de lectura\" \/>\n\t<meta name=\"twitter:data2\" content=\"2 minutos\" \/>\n<script type=\"application\/ld+json\" class=\"yoast-schema-graph\">{\"@context\":\"https:\\\/\\\/schema.org\",\"@graph\":[{\"@type\":\"Article\",\"@id\":\"https:\\\/\\\/fuentesfidedignas.com.mx\\\/index.php\\\/2022\\\/03\\\/04\\\/muere-joven-por-mini-lipo-hecha-por-cundina-en-culiacan\\\/#article\",\"isPartOf\":{\"@id\":\"https:\\\/\\\/fuentesfidedignas.com.mx\\\/index.php\\\/2022\\\/03\\\/04\\\/muere-joven-por-mini-lipo-hecha-por-cundina-en-culiacan\\\/\"},\"author\":{\"name\":\"El Universal\",\"@id\":\"https:\\\/\\\/fuentesfidedignas.com.mx\\\/#\\\/schema\\\/person\\\/fee3882e65fd0510d292c43a346d35d7\"},\"headline\":\"Muere joven por &#8220;mini lipo&#8221; hecha por cundina en Culiac\u00e1n\",\"datePublished\":\"2022-03-04T20:05:42+00:00\",\"dateModified\":\"2022-03-04T20:06:05+00:00\",\"mainEntityOfPage\":{\"@id\":\"https:\\\/\\\/fuentesfidedignas.com.mx\\\/index.php\\\/2022\\\/03\\\/04\\\/muere-joven-por-mini-lipo-hecha-por-cundina-en-culiacan\\\/\"},\"wordCount\":367,\"commentCount\":0,\"publisher\":{\"@id\":\"https:\\\/\\\/fuentesfidedignas.com.mx\\\/#organization\"},\"image\":{\"@id\":\"https:\\\/\\\/fuentesfidedignas.com.mx\\\/index.php\\\/2022\\\/03\\\/04\\\/muere-joven-por-mini-lipo-hecha-por-cundina-en-culiacan\\\/#primaryimage\"},\"thumbnailUrl\":\"https:\\\/\\\/fuentesfidedignas.com.mx\\\/wp-content\\\/uploads\\\/2022\\\/03\\\/Screenshot_20220304_130048.jpg\",\"articleSection\":[\"NOTICIAS LOCALES\"],\"inLanguage\":\"es\",\"potentialAction\":[{\"@type\":\"CommentAction\",\"name\":\"Comment\",\"target\":[\"https:\\\/\\\/fuentesfidedignas.com.mx\\\/index.php\\\/2022\\\/03\\\/04\\\/muere-joven-por-mini-lipo-hecha-por-cundina-en-culiacan\\\/#respond\"]}]},{\"@type\":\"WebPage\",\"@id\":\"https:\\\/\\\/fuentesfidedignas.com.mx\\\/index.php\\\/2022\\\/03\\\/04\\\/muere-joven-por-mini-lipo-hecha-por-cundina-en-culiacan\\\/\",\"url\":\"https:\\\/\\\/fuentesfidedignas.com.mx\\\/index.php\\\/2022\\\/03\\\/04\\\/muere-joven-por-mini-lipo-hecha-por-cundina-en-culiacan\\\/\",\"name\":\"Muere joven por \\\"mini lipo\\\" hecha por cundina en Culiac\u00e1n - Fuentes Fidedignas\",\"isPartOf\":{\"@id\":\"https:\\\/\\\/fuentesfidedignas.com.mx\\\/#website\"},\"primaryImageOfPage\":{\"@id\":\"https:\\\/\\\/fuentesfidedignas.com.mx\\\/index.php\\\/2022\\\/03\\\/04\\\/muere-joven-por-mini-lipo-hecha-por-cundina-en-culiacan\\\/#primaryimage\"},\"image\":{\"@id\":\"https:\\\/\\\/fuentesfidedignas.com.mx\\\/index.php\\\/2022\\\/03\\\/04\\\/muere-joven-por-mini-lipo-hecha-por-cundina-en-culiacan\\\/#primaryimage\"},\"thumbnailUrl\":\"https:\\\/\\\/fuentesfidedignas.com.mx\\\/wp-content\\\/uploads\\\/2022\\\/03\\\/Screenshot_20220304_130048.jpg\",\"datePublished\":\"2022-03-04T20:05:42+00:00\",\"dateModified\":\"2022-03-04T20:06:05+00:00\",\"breadcrumb\":{\"@id\":\"https:\\\/\\\/fuentesfidedignas.com.mx\\\/index.php\\\/2022\\\/03\\\/04\\\/muere-joven-por-mini-lipo-hecha-por-cundina-en-culiacan\\\/#breadcrumb\"},\"inLanguage\":\"es\",\"potentialAction\":[{\"@type\":\"ReadAction\",\"target\":[\"https:\\\/\\\/fuentesfidedignas.com.mx\\\/index.php\\\/2022\\\/03\\\/04\\\/muere-joven-por-mini-lipo-hecha-por-cundina-en-culiacan\\\/\"]}]},{\"@type\":\"ImageObject\",\"inLanguage\":\"es\",\"@id\":\"https:\\\/\\\/fuentesfidedignas.com.mx\\\/index.php\\\/2022\\\/03\\\/04\\\/muere-joven-por-mini-lipo-hecha-por-cundina-en-culiacan\\\/#primaryimage\",\"url\":\"https:\\\/\\\/fuentesfidedignas.com.mx\\\/wp-content\\\/uploads\\\/2022\\\/03\\\/Screenshot_20220304_130048.jpg\",\"contentUrl\":\"https:\\\/\\\/fuentesfidedignas.com.mx\\\/wp-content\\\/uploads\\\/2022\\\/03\\\/Screenshot_20220304_130048.jpg\",\"width\":1080,\"height\":735},{\"@type\":\"BreadcrumbList\",\"@id\":\"https:\\\/\\\/fuentesfidedignas.com.mx\\\/index.php\\\/2022\\\/03\\\/04\\\/muere-joven-por-mini-lipo-hecha-por-cundina-en-culiacan\\\/#breadcrumb\",\"itemListElement\":[{\"@type\":\"ListItem\",\"position\":1,\"name\":\"Inicio\",\"item\":\"https:\\\/\\\/fuentesfidedignas.com.mx\\\/\"},{\"@type\":\"ListItem\",\"position\":2,\"name\":\"Muere joven por &#8220;mini lipo&#8221; hecha por cundina en Culiac\u00e1n\"}]},{\"@type\":\"WebSite\",\"@id\":\"https:\\\/\\\/fuentesfidedignas.com.mx\\\/#website\",\"url\":\"https:\\\/\\\/fuentesfidedignas.com.mx\\\/\",\"name\":\"Fuentes Fidedignas\",\"description\":\"Otro sitio realizado con WordPress\",\"publisher\":{\"@id\":\"https:\\\/\\\/fuentesfidedignas.com.mx\\\/#organization\"},\"potentialAction\":[{\"@type\":\"SearchAction\",\"target\":{\"@type\":\"EntryPoint\",\"urlTemplate\":\"https:\\\/\\\/fuentesfidedignas.com.mx\\\/?s={search_term_string}\"},\"query-input\":{\"@type\":\"PropertyValueSpecification\",\"valueRequired\":true,\"valueName\":\"search_term_string\"}}],\"inLanguage\":\"es\"},{\"@type\":\"Organization\",\"@id\":\"https:\\\/\\\/fuentesfidedignas.com.mx\\\/#organization\",\"name\":\"Fuentes Fidedignas\",\"url\":\"https:\\\/\\\/fuentesfidedignas.com.mx\\\/\",\"logo\":{\"@type\":\"ImageObject\",\"inLanguage\":\"es\",\"@id\":\"https:\\\/\\\/fuentesfidedignas.com.mx\\\/#\\\/schema\\\/logo\\\/image\\\/\",\"url\":\"https:\\\/\\\/fuentesfidedignas.com.mx\\\/wp-content\\\/uploads\\\/2021\\\/04\\\/logo-retina.png\",\"contentUrl\":\"https:\\\/\\\/fuentesfidedignas.com.mx\\\/wp-content\\\/uploads\\\/2021\\\/04\\\/logo-retina.png\",\"width\":280,\"height\":51,\"caption\":\"Fuentes Fidedignas\"},\"image\":{\"@id\":\"https:\\\/\\\/fuentesfidedignas.com.mx\\\/#\\\/schema\\\/logo\\\/image\\\/\"},\"sameAs\":[\"https:\\\/\\\/www.facebook.com\\\/Fuentes-Fidedignas-368234489921644\",\"https:\\\/\\\/x.com\\\/fidedignas\"]},{\"@type\":\"Person\",\"@id\":\"https:\\\/\\\/fuentesfidedignas.com.mx\\\/#\\\/schema\\\/person\\\/fee3882e65fd0510d292c43a346d35d7\",\"name\":\"El Universal\",\"image\":{\"@type\":\"ImageObject\",\"inLanguage\":\"es\",\"@id\":\"https:\\\/\\\/secure.gravatar.com\\\/avatar\\\/1ebc94d82b6c3c081781f73e5b76a0d0c1ac7bf8e57426f18802246eeaa2747c?s=96&d=mm&r=g\",\"url\":\"https:\\\/\\\/secure.gravatar.com\\\/avatar\\\/1ebc94d82b6c3c081781f73e5b76a0d0c1ac7bf8e57426f18802246eeaa2747c?s=96&d=mm&r=g\",\"contentUrl\":\"https:\\\/\\\/secure.gravatar.com\\\/avatar\\\/1ebc94d82b6c3c081781f73e5b76a0d0c1ac7bf8e57426f18802246eeaa2747c?s=96&d=mm&r=g\",\"caption\":\"El Universal\"},\"url\":\"https:\\\/\\\/fuentesfidedignas.com.mx\\\/index.php\\\/author\\\/el-universal\\\/\"}]}<\/script>\n<!-- \/ Yoast SEO plugin. -->","yoast_head_json":{"title":"Muere joven por \"mini lipo\" hecha por cundina en Culiac\u00e1n - Fuentes Fidedignas","robots":{"index":"index","follow":"follow","max-snippet":"max-snippet:-1","max-image-preview":"max-image-preview:large","max-video-preview":"max-video-preview:-1"},"canonical":"https:\/\/fuentesfidedignas.com.mx\/index.php\/2022\/03\/04\/muere-joven-por-mini-lipo-hecha-por-cundina-en-culiacan\/","og_locale":"es_MX","og_type":"article","og_title":"Muere joven por \"mini lipo\" hecha por cundina en Culiac\u00e1n - Fuentes Fidedignas","og_description":"Piden a la jovencitas no caer en procesos irregulares Culiac\u00e1n, Sin. La Fiscal\u00eda General del Estado abri\u00f3 una carpeta de investigaci\u00f3n por la muerte de la joven Paulina \u201cN\u201d, presuntamente a causa de una negligencia m\u00e9dica de una Mini Lipo que le practicaron en una cl\u00ednica privada, por la cual tuvo que ser trasladada de [&hellip;]","og_url":"https:\/\/fuentesfidedignas.com.mx\/index.php\/2022\/03\/04\/muere-joven-por-mini-lipo-hecha-por-cundina-en-culiacan\/","og_site_name":"Fuentes Fidedignas","article_publisher":"https:\/\/www.facebook.com\/Fuentes-Fidedignas-368234489921644","article_published_time":"2022-03-04T20:05:42+00:00","article_modified_time":"2022-03-04T20:06:05+00:00","og_image":[{"width":1080,"height":735,"url":"https:\/\/fuentesfidedignas.com.mx\/wp-content\/uploads\/2022\/03\/Screenshot_20220304_130048.jpg","type":"image\/jpeg"}],"author":"El Universal","twitter_card":"summary_large_image","twitter_creator":"@fidedignas","twitter_site":"@fidedignas","twitter_misc":{"Escrito por":"El Universal","Tiempo de lectura":"2 minutos"},"schema":{"@context":"https:\/\/schema.org","@graph":[{"@type":"Article","@id":"https:\/\/fuentesfidedignas.com.mx\/index.php\/2022\/03\/04\/muere-joven-por-mini-lipo-hecha-por-cundina-en-culiacan\/#article","isPartOf":{"@id":"https:\/\/fuentesfidedignas.com.mx\/index.php\/2022\/03\/04\/muere-joven-por-mini-lipo-hecha-por-cundina-en-culiacan\/"},"author":{"name":"El Universal","@id":"https:\/\/fuentesfidedignas.com.mx\/#\/schema\/person\/fee3882e65fd0510d292c43a346d35d7"},"headline":"Muere joven por &#8220;mini lipo&#8221; hecha por cundina en Culiac\u00e1n","datePublished":"2022-03-04T20:05:42+00:00","dateModified":"2022-03-04T20:06:05+00:00","mainEntityOfPage":{"@id":"https:\/\/fuentesfidedignas.com.mx\/index.php\/2022\/03\/04\/muere-joven-por-mini-lipo-hecha-por-cundina-en-culiacan\/"},"wordCount":367,"commentCount":0,"publisher":{"@id":"https:\/\/fuentesfidedignas.com.mx\/#organization"},"image":{"@id":"https:\/\/fuentesfidedignas.com.mx\/index.php\/2022\/03\/04\/muere-joven-por-mini-lipo-hecha-por-cundina-en-culiacan\/#primaryimage"},"thumbnailUrl":"https:\/\/fuentesfidedignas.com.mx\/wp-content\/uploads\/2022\/03\/Screenshot_20220304_130048.jpg","articleSection":["NOTICIAS LOCALES"],"inLanguage":"es","potentialAction":[{"@type":"CommentAction","name":"Comment","target":["https:\/\/fuentesfidedignas.com.mx\/index.php\/2022\/03\/04\/muere-joven-por-mini-lipo-hecha-por-cundina-en-culiacan\/#respond"]}]},{"@type":"WebPage","@id":"https:\/\/fuentesfidedignas.com.mx\/index.php\/2022\/03\/04\/muere-joven-por-mini-lipo-hecha-por-cundina-en-culiacan\/","url":"https:\/\/fuentesfidedignas.com.mx\/index.php\/2022\/03\/04\/muere-joven-por-mini-lipo-hecha-por-cundina-en-culiacan\/","name":"Muere joven por \"mini lipo\" hecha por cundina en Culiac\u00e1n - Fuentes Fidedignas","isPartOf":{"@id":"https:\/\/fuentesfidedignas.com.mx\/#website"},"primaryImageOfPage":{"@id":"https:\/\/fuentesfidedignas.com.mx\/index.php\/2022\/03\/04\/muere-joven-por-mini-lipo-hecha-por-cundina-en-culiacan\/#primaryimage"},"image":{"@id":"https:\/\/fuentesfidedignas.com.mx\/index.php\/2022\/03\/04\/muere-joven-por-mini-lipo-hecha-por-cundina-en-culiacan\/#primaryimage"},"thumbnailUrl":"https:\/\/fuentesfidedignas.com.mx\/wp-content\/uploads\/2022\/03\/Screenshot_20220304_130048.jpg","datePublished":"2022-03-04T20:05:42+00:00","dateModified":"2022-03-04T20:06:05+00:00","breadcrumb":{"@id":"https:\/\/fuentesfidedignas.com.mx\/index.php\/2022\/03\/04\/muere-joven-por-mini-lipo-hecha-por-cundina-en-culiacan\/#breadcrumb"},"inLanguage":"es","potentialAction":[{"@type":"ReadAction","target":["https:\/\/fuentesfidedignas.com.mx\/index.php\/2022\/03\/04\/muere-joven-por-mini-lipo-hecha-por-cundina-en-culiacan\/"]}]},{"@type":"ImageObject","inLanguage":"es","@id":"https:\/\/fuentesfidedignas.com.mx\/index.php\/2022\/03\/04\/muere-joven-por-mini-lipo-hecha-por-cundina-en-culiacan\/#primaryimage","url":"https:\/\/fuentesfidedignas.com.mx\/wp-content\/uploads\/2022\/03\/Screenshot_20220304_130048.jpg","contentUrl":"https:\/\/fuentesfidedignas.com.mx\/wp-content\/uploads\/2022\/03\/Screenshot_20220304_130048.jpg","width":1080,"height":735},{"@type":"BreadcrumbList","@id":"https:\/\/fuentesfidedignas.com.mx\/index.php\/2022\/03\/04\/muere-joven-por-mini-lipo-hecha-por-cundina-en-culiacan\/#breadcrumb","itemListElement":[{"@type":"ListItem","position":1,"name":"Inicio","item":"https:\/\/fuentesfidedignas.com.mx\/"},{"@type":"ListItem","position":2,"name":"Muere joven por &#8220;mini lipo&#8221; hecha por cundina en Culiac\u00e1n"}]},{"@type":"WebSite","@id":"https:\/\/fuentesfidedignas.com.mx\/#website","url":"https:\/\/fuentesfidedignas.com.mx\/","name":"Fuentes Fidedignas","description":"Otro sitio realizado con WordPress","publisher":{"@id":"https:\/\/fuentesfidedignas.com.mx\/#organization"},"potentialAction":[{"@type":"SearchAction","target":{"@type":"EntryPoint","urlTemplate":"https:\/\/fuentesfidedignas.com.mx\/?s={search_term_string}"},"query-input":{"@type":"PropertyValueSpecification","valueRequired":true,"valueName":"search_term_string"}}],"inLanguage":"es"},{"@type":"Organization","@id":"https:\/\/fuentesfidedignas.com.mx\/#organization","name":"Fuentes Fidedignas","url":"https:\/\/fuentesfidedignas.com.mx\/","logo":{"@type":"ImageObject","inLanguage":"es","@id":"https:\/\/fuentesfidedignas.com.mx\/#\/schema\/logo\/image\/","url":"https:\/\/fuentesfidedignas.com.mx\/wp-content\/uploads\/2021\/04\/logo-retina.png","contentUrl":"https:\/\/fuentesfidedignas.com.mx\/wp-content\/uploads\/2021\/04\/logo-retina.png","width":280,"height":51,"caption":"Fuentes Fidedignas"},"image":{"@id":"https:\/\/fuentesfidedignas.com.mx\/#\/schema\/logo\/image\/"},"sameAs":["https:\/\/www.facebook.com\/Fuentes-Fidedignas-368234489921644","https:\/\/x.com\/fidedignas"]},{"@type":"Person","@id":"https:\/\/fuentesfidedignas.com.mx\/#\/schema\/person\/fee3882e65fd0510d292c43a346d35d7","name":"El Universal","image":{"@type":"ImageObject","inLanguage":"es","@id":"https:\/\/secure.gravatar.com\/avatar\/1ebc94d82b6c3c081781f73e5b76a0d0c1ac7bf8e57426f18802246eeaa2747c?s=96&d=mm&r=g","url":"https:\/\/secure.gravatar.com\/avatar\/1ebc94d82b6c3c081781f73e5b76a0d0c1ac7bf8e57426f18802246eeaa2747c?s=96&d=mm&r=g","contentUrl":"https:\/\/secure.gravatar.com\/avatar\/1ebc94d82b6c3c081781f73e5b76a0d0c1ac7bf8e57426f18802246eeaa2747c?s=96&d=mm&r=g","caption":"El Universal"},"url":"https:\/\/fuentesfidedignas.com.mx\/index.php\/author\/el-universal\/"}]}},"_links":{"self":[{"href":"https:\/\/fuentesfidedignas.com.mx\/index.php\/wp-json\/wp\/v2\/posts\/25449","targetHints":{"allow":["GET"]}}],"collection":[{"href":"https:\/\/fuentesfidedignas.com.mx\/index.php\/wp-json\/wp\/v2\/posts"}],"about":[{"href":"https:\/\/fuentesfidedignas.com.mx\/index.php\/wp-json\/wp\/v2\/types\/post"}],"author":[{"embeddable":true,"href":"https:\/\/fuentesfidedignas.com.mx\/index.php\/wp-json\/wp\/v2\/users\/39"}],"replies":[{"embeddable":true,"href":"https:\/\/fuentesfidedignas.com.mx\/index.php\/wp-json\/wp\/v2\/comments?post=25449"}],"version-history":[{"count":1,"href":"https:\/\/fuentesfidedignas.com.mx\/index.php\/wp-json\/wp\/v2\/posts\/25449\/revisions"}],"predecessor-version":[{"id":25450,"href":"https:\/\/fuentesfidedignas.com.mx\/index.php\/wp-json\/wp\/v2\/posts\/25449\/revisions\/25450"}],"wp:featuredmedia":[{"embeddable":true,"href":"https:\/\/fuentesfidedignas.com.mx\/index.php\/wp-json\/wp\/v2\/media\/25451"}],"wp:attachment":[{"href":"https:\/\/fuentesfidedignas.com.mx\/index.php\/wp-json\/wp\/v2\/media?parent=25449"}],"wp:term":[{"taxonomy":"category","embeddable":true,"href":"https:\/\/fuentesfidedignas.com.mx\/index.php\/wp-json\/wp\/v2\/categories?post=25449"},{"taxonomy":"post_tag","embeddable":true,"href":"https:\/\/fuentesfidedignas.com.mx\/index.php\/wp-json\/wp\/v2\/tags?post=25449"}],"curies":[{"name":"wp","href":"https:\/\/api.w.org\/{rel}","templated":true}]}}