{"id":2544,"date":"2021-05-20T05:31:33","date_gmt":"2021-05-20T12:31:33","guid":{"rendered":"https:\/\/fuentesfidedignas.com.mx\/?p=2544"},"modified":"2021-05-20T05:31:35","modified_gmt":"2021-05-20T12:31:35","slug":"oms-las-vacunas-aprobadas-son-eficaces-contra-todas-las-variantes-de-covid","status":"publish","type":"post","link":"https:\/\/fuentesfidedignas.com.mx\/index.php\/2021\/05\/20\/oms-las-vacunas-aprobadas-son-eficaces-contra-todas-las-variantes-de-covid\/","title":{"rendered":"OMS: las vacunas aprobadas son eficaces contra todas las variantes de covid"},"content":{"rendered":"\n<p><em><strong>El director regional de la OMS para Europa, Hans Henri Kluge, inst\u00f3 a mantener la &#8220;prudencia&#8221;, sobre la evoluci\u00f3n de la pandemia, pues se trata de una &#8220;amenaza persistente&#8221; y con &#8220;nuevas incertidumbres&#8221;.<\/strong><\/em><\/p>\n\n\n\n<p>Ciudad de M\u00e9xico.- La oficina regional de la Organizaci\u00f3n Mundial de la Salud (OMS) para Europa asegur\u00f3 este jueves que las vacunas contra la covid aprobadas hasta la fecha son eficaces contra \u201ctodas las variantes\u201d.<\/p>\n\n\n\n<p>El director regional de la OMS para Europa, Hans Henri Kluge, inst\u00f3 sin embargo a mantener la \u201cprudencia\u201d, en una rueda de prensa sobre la evoluci\u00f3n de la pandemia, y argument\u00f3 que se trata de una \u201camenaza persistente\u201d y con \u201cnuevas incertidumbres\u201d.<\/p>\n\n\n\n<p>\u201cLas vacunas pueden ser la luz al final del t\u00fanel, pero no podemos cegarnos por esa luz\u201d, asegur\u00f3.<\/p>\n\n\n\n<p>La OMS sigue con atenci\u00f3n la evoluci\u00f3n de las cuatro variantes m\u00e1s destacadas que ha detectado en Europa, y que denomina \u201cde inter\u00e9s\u201d o \u201cpreocupantes\u201d.<\/p>\n\n\n\n<p>La dominante en la regi\u00f3n es la detectada en primer lugar en Reino Unido, pero la india se ha registrado ya en 26 de los 53 pa\u00edses que componen la regi\u00f3n europea de la OMS.<\/p>\n\n\n\n<p>La mutaci\u00f3n india, por ejemplo, se ha propagado \u201cen muchos casos\u201d debido a viajes internacionales, aunque ya se ha detectado tambi\u00e9n transmisi\u00f3n comunitaria.<\/p>\n\n\n\n<p>Kluge indic\u00f3 al respecto que se deben evitar los viajes internacionales no esenciales y se mostr\u00f3 esc\u00e9ptico ante la posibilidad de los \u201cpasaportes de vacunaci\u00f3n\u201d (frente al \u201ccertificado de vacunaci\u00f3n que registra a todos los inmunizados), aunque reconoci\u00f3 que el turismo es una v\u00eda de ingresos vital para algunas regiones.<\/p>\n\n\n\n<p>La responsable de Emergencias de la OMS en Europa, Catherine Smallwood, advirti\u00f3 que en un momento de \u201calta transmisi\u00f3n\u201d como el actual -pese al descenso regional de la incidencia- y con la \u201camenaza\u201d de una nueva variante preocupante es preciso ser \u201cextremadamente cuidadosos\u201d y reflexionar sobre cualquier decisi\u00f3n de desescalada.<\/p>\n\n\n\n<p>\u201cNecesitaremos redoblar todos los esfuerzos\u201d, afirm\u00f3 Smallwood, que se mostr\u00f3 a favor de mantener los requisitos para los viajes, como los test y las cuarentenas en ciertas situaciones.<\/p>\n","protected":false},"excerpt":{"rendered":"<p>El director regional de la OMS para Europa, Hans Henri Kluge, inst\u00f3 a mantener la &#8220;prudencia&#8221;, sobre la evoluci\u00f3n de la pandemia, pues se trata de una &#8220;amenaza persistente&#8221; y con &#8220;nuevas incertidumbres&#8221;. Ciudad de M\u00e9xico.- La oficina regional de la Organizaci\u00f3n Mundial de la Salud (OMS) para Europa asegur\u00f3 este jueves que las vacunas [&hellip;]<\/p>\n","protected":false},"author":22,"featured_media":2545,"comment_status":"open","ping_status":"open","sticky":false,"template":"","format":"standard","meta":{"tdm_status":"","tdm_grid_status":"","footnotes":""},"categories":[39],"tags":[374,375,407],"class_list":{"0":"post-2544","1":"post","2":"type-post","3":"status-publish","4":"format-standard","5":"has-post-thumbnail","7":"category-noticias-nacionales","8":"tag-oms","9":"tag-organizacion-mundial-de-la-salud","10":"tag-vacuna-anticovid"},"yoast_head":"<!-- This site is optimized with the Yoast SEO plugin v27.5 - https:\/\/yoast.com\/product\/yoast-seo-wordpress\/ -->\n<title>OMS: las vacunas aprobadas son eficaces contra todas las variantes de covid - Fuentes Fidedignas<\/title>\n<meta name=\"robots\" content=\"index, follow, max-snippet:-1, max-image-preview:large, max-video-preview:-1\" \/>\n<link rel=\"canonical\" href=\"https:\/\/fuentesfidedignas.com.mx\/index.php\/2021\/05\/20\/oms-las-vacunas-aprobadas-son-eficaces-contra-todas-las-variantes-de-covid\/\" \/>\n<meta property=\"og:locale\" content=\"es_MX\" \/>\n<meta property=\"og:type\" content=\"article\" \/>\n<meta property=\"og:title\" content=\"OMS: las vacunas aprobadas son eficaces contra todas las variantes de covid - Fuentes Fidedignas\" \/>\n<meta property=\"og:description\" content=\"El director regional de la OMS para Europa, Hans Henri Kluge, inst\u00f3 a mantener la &#8220;prudencia&#8221;, sobre la evoluci\u00f3n de la pandemia, pues se trata de una &#8220;amenaza persistente&#8221; y con &#8220;nuevas incertidumbres&#8221;. Ciudad de M\u00e9xico.- La oficina regional de la Organizaci\u00f3n Mundial de la Salud (OMS) para Europa asegur\u00f3 este jueves que las vacunas [&hellip;]\" \/>\n<meta property=\"og:url\" content=\"https:\/\/fuentesfidedignas.com.mx\/index.php\/2021\/05\/20\/oms-las-vacunas-aprobadas-son-eficaces-contra-todas-las-variantes-de-covid\/\" \/>\n<meta property=\"og:site_name\" content=\"Fuentes Fidedignas\" \/>\n<meta property=\"article:publisher\" content=\"https:\/\/www.facebook.com\/Fuentes-Fidedignas-368234489921644\" \/>\n<meta property=\"article:published_time\" content=\"2021-05-20T12:31:33+00:00\" \/>\n<meta property=\"article:modified_time\" content=\"2021-05-20T12:31:35+00:00\" \/>\n<meta property=\"og:image\" content=\"https:\/\/fuentesfidedignas.com.mx\/wp-content\/uploads\/2021\/05\/vacunas-640x360-1.jpg\" \/>\n\t<meta property=\"og:image:width\" content=\"640\" \/>\n\t<meta property=\"og:image:height\" content=\"360\" \/>\n\t<meta property=\"og:image:type\" content=\"image\/jpeg\" \/>\n<meta name=\"author\" content=\"EFE\" \/>\n<meta name=\"twitter:card\" content=\"summary_large_image\" \/>\n<meta name=\"twitter:creator\" content=\"@fidedignas\" \/>\n<meta name=\"twitter:site\" content=\"@fidedignas\" \/>\n<meta name=\"twitter:label1\" content=\"Escrito por\" \/>\n\t<meta name=\"twitter:data1\" content=\"EFE\" \/>\n\t<meta name=\"twitter:label2\" content=\"Tiempo de lectura\" \/>\n\t<meta name=\"twitter:data2\" content=\"2 minutos\" \/>\n<script type=\"application\/ld+json\" class=\"yoast-schema-graph\">{\"@context\":\"https:\\\/\\\/schema.org\",\"@graph\":[{\"@type\":\"Article\",\"@id\":\"https:\\\/\\\/fuentesfidedignas.com.mx\\\/index.php\\\/2021\\\/05\\\/20\\\/oms-las-vacunas-aprobadas-son-eficaces-contra-todas-las-variantes-de-covid\\\/#article\",\"isPartOf\":{\"@id\":\"https:\\\/\\\/fuentesfidedignas.com.mx\\\/index.php\\\/2021\\\/05\\\/20\\\/oms-las-vacunas-aprobadas-son-eficaces-contra-todas-las-variantes-de-covid\\\/\"},\"author\":{\"name\":\"EFE\",\"@id\":\"https:\\\/\\\/fuentesfidedignas.com.mx\\\/#\\\/schema\\\/person\\\/0d44615087b5a626d5d3f13afe31ac41\"},\"headline\":\"OMS: las vacunas aprobadas son eficaces contra todas las variantes de covid\",\"datePublished\":\"2021-05-20T12:31:33+00:00\",\"dateModified\":\"2021-05-20T12:31:35+00:00\",\"mainEntityOfPage\":{\"@id\":\"https:\\\/\\\/fuentesfidedignas.com.mx\\\/index.php\\\/2021\\\/05\\\/20\\\/oms-las-vacunas-aprobadas-son-eficaces-contra-todas-las-variantes-de-covid\\\/\"},\"wordCount\":371,\"commentCount\":0,\"publisher\":{\"@id\":\"https:\\\/\\\/fuentesfidedignas.com.mx\\\/#organization\"},\"image\":{\"@id\":\"https:\\\/\\\/fuentesfidedignas.com.mx\\\/index.php\\\/2021\\\/05\\\/20\\\/oms-las-vacunas-aprobadas-son-eficaces-contra-todas-las-variantes-de-covid\\\/#primaryimage\"},\"thumbnailUrl\":\"https:\\\/\\\/fuentesfidedignas.com.mx\\\/wp-content\\\/uploads\\\/2021\\\/05\\\/vacunas-640x360-1.jpg\",\"keywords\":[\"OMS\",\"Organizaci\u00f3n Mundial de la Salud\",\"Vacuna anticovid\"],\"articleSection\":[\"NOTICIAS NACIONALES\"],\"inLanguage\":\"es\",\"potentialAction\":[{\"@type\":\"CommentAction\",\"name\":\"Comment\",\"target\":[\"https:\\\/\\\/fuentesfidedignas.com.mx\\\/index.php\\\/2021\\\/05\\\/20\\\/oms-las-vacunas-aprobadas-son-eficaces-contra-todas-las-variantes-de-covid\\\/#respond\"]}]},{\"@type\":\"WebPage\",\"@id\":\"https:\\\/\\\/fuentesfidedignas.com.mx\\\/index.php\\\/2021\\\/05\\\/20\\\/oms-las-vacunas-aprobadas-son-eficaces-contra-todas-las-variantes-de-covid\\\/\",\"url\":\"https:\\\/\\\/fuentesfidedignas.com.mx\\\/index.php\\\/2021\\\/05\\\/20\\\/oms-las-vacunas-aprobadas-son-eficaces-contra-todas-las-variantes-de-covid\\\/\",\"name\":\"OMS: las vacunas aprobadas son eficaces contra todas las variantes de covid - Fuentes Fidedignas\",\"isPartOf\":{\"@id\":\"https:\\\/\\\/fuentesfidedignas.com.mx\\\/#website\"},\"primaryImageOfPage\":{\"@id\":\"https:\\\/\\\/fuentesfidedignas.com.mx\\\/index.php\\\/2021\\\/05\\\/20\\\/oms-las-vacunas-aprobadas-son-eficaces-contra-todas-las-variantes-de-covid\\\/#primaryimage\"},\"image\":{\"@id\":\"https:\\\/\\\/fuentesfidedignas.com.mx\\\/index.php\\\/2021\\\/05\\\/20\\\/oms-las-vacunas-aprobadas-son-eficaces-contra-todas-las-variantes-de-covid\\\/#primaryimage\"},\"thumbnailUrl\":\"https:\\\/\\\/fuentesfidedignas.com.mx\\\/wp-content\\\/uploads\\\/2021\\\/05\\\/vacunas-640x360-1.jpg\",\"datePublished\":\"2021-05-20T12:31:33+00:00\",\"dateModified\":\"2021-05-20T12:31:35+00:00\",\"breadcrumb\":{\"@id\":\"https:\\\/\\\/fuentesfidedignas.com.mx\\\/index.php\\\/2021\\\/05\\\/20\\\/oms-las-vacunas-aprobadas-son-eficaces-contra-todas-las-variantes-de-covid\\\/#breadcrumb\"},\"inLanguage\":\"es\",\"potentialAction\":[{\"@type\":\"ReadAction\",\"target\":[\"https:\\\/\\\/fuentesfidedignas.com.mx\\\/index.php\\\/2021\\\/05\\\/20\\\/oms-las-vacunas-aprobadas-son-eficaces-contra-todas-las-variantes-de-covid\\\/\"]}]},{\"@type\":\"ImageObject\",\"inLanguage\":\"es\",\"@id\":\"https:\\\/\\\/fuentesfidedignas.com.mx\\\/index.php\\\/2021\\\/05\\\/20\\\/oms-las-vacunas-aprobadas-son-eficaces-contra-todas-las-variantes-de-covid\\\/#primaryimage\",\"url\":\"https:\\\/\\\/fuentesfidedignas.com.mx\\\/wp-content\\\/uploads\\\/2021\\\/05\\\/vacunas-640x360-1.jpg\",\"contentUrl\":\"https:\\\/\\\/fuentesfidedignas.com.mx\\\/wp-content\\\/uploads\\\/2021\\\/05\\\/vacunas-640x360-1.jpg\",\"width\":640,\"height\":360},{\"@type\":\"BreadcrumbList\",\"@id\":\"https:\\\/\\\/fuentesfidedignas.com.mx\\\/index.php\\\/2021\\\/05\\\/20\\\/oms-las-vacunas-aprobadas-son-eficaces-contra-todas-las-variantes-de-covid\\\/#breadcrumb\",\"itemListElement\":[{\"@type\":\"ListItem\",\"position\":1,\"name\":\"Inicio\",\"item\":\"https:\\\/\\\/fuentesfidedignas.com.mx\\\/\"},{\"@type\":\"ListItem\",\"position\":2,\"name\":\"OMS: las vacunas aprobadas son eficaces contra todas las variantes de covid\"}]},{\"@type\":\"WebSite\",\"@id\":\"https:\\\/\\\/fuentesfidedignas.com.mx\\\/#website\",\"url\":\"https:\\\/\\\/fuentesfidedignas.com.mx\\\/\",\"name\":\"Fuentes Fidedignas\",\"description\":\"Otro sitio realizado con WordPress\",\"publisher\":{\"@id\":\"https:\\\/\\\/fuentesfidedignas.com.mx\\\/#organization\"},\"potentialAction\":[{\"@type\":\"SearchAction\",\"target\":{\"@type\":\"EntryPoint\",\"urlTemplate\":\"https:\\\/\\\/fuentesfidedignas.com.mx\\\/?s={search_term_string}\"},\"query-input\":{\"@type\":\"PropertyValueSpecification\",\"valueRequired\":true,\"valueName\":\"search_term_string\"}}],\"inLanguage\":\"es\"},{\"@type\":\"Organization\",\"@id\":\"https:\\\/\\\/fuentesfidedignas.com.mx\\\/#organization\",\"name\":\"Fuentes Fidedignas\",\"url\":\"https:\\\/\\\/fuentesfidedignas.com.mx\\\/\",\"logo\":{\"@type\":\"ImageObject\",\"inLanguage\":\"es\",\"@id\":\"https:\\\/\\\/fuentesfidedignas.com.mx\\\/#\\\/schema\\\/logo\\\/image\\\/\",\"url\":\"https:\\\/\\\/fuentesfidedignas.com.mx\\\/wp-content\\\/uploads\\\/2021\\\/04\\\/logo-retina.png\",\"contentUrl\":\"https:\\\/\\\/fuentesfidedignas.com.mx\\\/wp-content\\\/uploads\\\/2021\\\/04\\\/logo-retina.png\",\"width\":280,\"height\":51,\"caption\":\"Fuentes Fidedignas\"},\"image\":{\"@id\":\"https:\\\/\\\/fuentesfidedignas.com.mx\\\/#\\\/schema\\\/logo\\\/image\\\/\"},\"sameAs\":[\"https:\\\/\\\/www.facebook.com\\\/Fuentes-Fidedignas-368234489921644\",\"https:\\\/\\\/x.com\\\/fidedignas\"]},{\"@type\":\"Person\",\"@id\":\"https:\\\/\\\/fuentesfidedignas.com.mx\\\/#\\\/schema\\\/person\\\/0d44615087b5a626d5d3f13afe31ac41\",\"name\":\"EFE\",\"image\":{\"@type\":\"ImageObject\",\"inLanguage\":\"es\",\"@id\":\"https:\\\/\\\/secure.gravatar.com\\\/avatar\\\/7048c2d9b569d9bed55bb53ad23821e6e047aa66338fb6ea9868627bbb9f54e8?s=96&d=mm&r=g\",\"url\":\"https:\\\/\\\/secure.gravatar.com\\\/avatar\\\/7048c2d9b569d9bed55bb53ad23821e6e047aa66338fb6ea9868627bbb9f54e8?s=96&d=mm&r=g\",\"contentUrl\":\"https:\\\/\\\/secure.gravatar.com\\\/avatar\\\/7048c2d9b569d9bed55bb53ad23821e6e047aa66338fb6ea9868627bbb9f54e8?s=96&d=mm&r=g\",\"caption\":\"EFE\"},\"url\":\"https:\\\/\\\/fuentesfidedignas.com.mx\\\/index.php\\\/author\\\/efe\\\/\"}]}<\/script>\n<!-- \/ Yoast SEO plugin. -->","yoast_head_json":{"title":"OMS: las vacunas aprobadas son eficaces contra todas las variantes de covid - Fuentes Fidedignas","robots":{"index":"index","follow":"follow","max-snippet":"max-snippet:-1","max-image-preview":"max-image-preview:large","max-video-preview":"max-video-preview:-1"},"canonical":"https:\/\/fuentesfidedignas.com.mx\/index.php\/2021\/05\/20\/oms-las-vacunas-aprobadas-son-eficaces-contra-todas-las-variantes-de-covid\/","og_locale":"es_MX","og_type":"article","og_title":"OMS: las vacunas aprobadas son eficaces contra todas las variantes de covid - Fuentes Fidedignas","og_description":"El director regional de la OMS para Europa, Hans Henri Kluge, inst\u00f3 a mantener la &#8220;prudencia&#8221;, sobre la evoluci\u00f3n de la pandemia, pues se trata de una &#8220;amenaza persistente&#8221; y con &#8220;nuevas incertidumbres&#8221;. Ciudad de M\u00e9xico.- La oficina regional de la Organizaci\u00f3n Mundial de la Salud (OMS) para Europa asegur\u00f3 este jueves que las vacunas [&hellip;]","og_url":"https:\/\/fuentesfidedignas.com.mx\/index.php\/2021\/05\/20\/oms-las-vacunas-aprobadas-son-eficaces-contra-todas-las-variantes-de-covid\/","og_site_name":"Fuentes Fidedignas","article_publisher":"https:\/\/www.facebook.com\/Fuentes-Fidedignas-368234489921644","article_published_time":"2021-05-20T12:31:33+00:00","article_modified_time":"2021-05-20T12:31:35+00:00","og_image":[{"width":640,"height":360,"url":"https:\/\/fuentesfidedignas.com.mx\/wp-content\/uploads\/2021\/05\/vacunas-640x360-1.jpg","type":"image\/jpeg"}],"author":"EFE","twitter_card":"summary_large_image","twitter_creator":"@fidedignas","twitter_site":"@fidedignas","twitter_misc":{"Escrito por":"EFE","Tiempo de lectura":"2 minutos"},"schema":{"@context":"https:\/\/schema.org","@graph":[{"@type":"Article","@id":"https:\/\/fuentesfidedignas.com.mx\/index.php\/2021\/05\/20\/oms-las-vacunas-aprobadas-son-eficaces-contra-todas-las-variantes-de-covid\/#article","isPartOf":{"@id":"https:\/\/fuentesfidedignas.com.mx\/index.php\/2021\/05\/20\/oms-las-vacunas-aprobadas-son-eficaces-contra-todas-las-variantes-de-covid\/"},"author":{"name":"EFE","@id":"https:\/\/fuentesfidedignas.com.mx\/#\/schema\/person\/0d44615087b5a626d5d3f13afe31ac41"},"headline":"OMS: las vacunas aprobadas son eficaces contra todas las variantes de covid","datePublished":"2021-05-20T12:31:33+00:00","dateModified":"2021-05-20T12:31:35+00:00","mainEntityOfPage":{"@id":"https:\/\/fuentesfidedignas.com.mx\/index.php\/2021\/05\/20\/oms-las-vacunas-aprobadas-son-eficaces-contra-todas-las-variantes-de-covid\/"},"wordCount":371,"commentCount":0,"publisher":{"@id":"https:\/\/fuentesfidedignas.com.mx\/#organization"},"image":{"@id":"https:\/\/fuentesfidedignas.com.mx\/index.php\/2021\/05\/20\/oms-las-vacunas-aprobadas-son-eficaces-contra-todas-las-variantes-de-covid\/#primaryimage"},"thumbnailUrl":"https:\/\/fuentesfidedignas.com.mx\/wp-content\/uploads\/2021\/05\/vacunas-640x360-1.jpg","keywords":["OMS","Organizaci\u00f3n Mundial de la Salud","Vacuna anticovid"],"articleSection":["NOTICIAS NACIONALES"],"inLanguage":"es","potentialAction":[{"@type":"CommentAction","name":"Comment","target":["https:\/\/fuentesfidedignas.com.mx\/index.php\/2021\/05\/20\/oms-las-vacunas-aprobadas-son-eficaces-contra-todas-las-variantes-de-covid\/#respond"]}]},{"@type":"WebPage","@id":"https:\/\/fuentesfidedignas.com.mx\/index.php\/2021\/05\/20\/oms-las-vacunas-aprobadas-son-eficaces-contra-todas-las-variantes-de-covid\/","url":"https:\/\/fuentesfidedignas.com.mx\/index.php\/2021\/05\/20\/oms-las-vacunas-aprobadas-son-eficaces-contra-todas-las-variantes-de-covid\/","name":"OMS: las vacunas aprobadas son eficaces contra todas las variantes de covid - Fuentes Fidedignas","isPartOf":{"@id":"https:\/\/fuentesfidedignas.com.mx\/#website"},"primaryImageOfPage":{"@id":"https:\/\/fuentesfidedignas.com.mx\/index.php\/2021\/05\/20\/oms-las-vacunas-aprobadas-son-eficaces-contra-todas-las-variantes-de-covid\/#primaryimage"},"image":{"@id":"https:\/\/fuentesfidedignas.com.mx\/index.php\/2021\/05\/20\/oms-las-vacunas-aprobadas-son-eficaces-contra-todas-las-variantes-de-covid\/#primaryimage"},"thumbnailUrl":"https:\/\/fuentesfidedignas.com.mx\/wp-content\/uploads\/2021\/05\/vacunas-640x360-1.jpg","datePublished":"2021-05-20T12:31:33+00:00","dateModified":"2021-05-20T12:31:35+00:00","breadcrumb":{"@id":"https:\/\/fuentesfidedignas.com.mx\/index.php\/2021\/05\/20\/oms-las-vacunas-aprobadas-son-eficaces-contra-todas-las-variantes-de-covid\/#breadcrumb"},"inLanguage":"es","potentialAction":[{"@type":"ReadAction","target":["https:\/\/fuentesfidedignas.com.mx\/index.php\/2021\/05\/20\/oms-las-vacunas-aprobadas-son-eficaces-contra-todas-las-variantes-de-covid\/"]}]},{"@type":"ImageObject","inLanguage":"es","@id":"https:\/\/fuentesfidedignas.com.mx\/index.php\/2021\/05\/20\/oms-las-vacunas-aprobadas-son-eficaces-contra-todas-las-variantes-de-covid\/#primaryimage","url":"https:\/\/fuentesfidedignas.com.mx\/wp-content\/uploads\/2021\/05\/vacunas-640x360-1.jpg","contentUrl":"https:\/\/fuentesfidedignas.com.mx\/wp-content\/uploads\/2021\/05\/vacunas-640x360-1.jpg","width":640,"height":360},{"@type":"BreadcrumbList","@id":"https:\/\/fuentesfidedignas.com.mx\/index.php\/2021\/05\/20\/oms-las-vacunas-aprobadas-son-eficaces-contra-todas-las-variantes-de-covid\/#breadcrumb","itemListElement":[{"@type":"ListItem","position":1,"name":"Inicio","item":"https:\/\/fuentesfidedignas.com.mx\/"},{"@type":"ListItem","position":2,"name":"OMS: las vacunas aprobadas son eficaces contra todas las variantes de covid"}]},{"@type":"WebSite","@id":"https:\/\/fuentesfidedignas.com.mx\/#website","url":"https:\/\/fuentesfidedignas.com.mx\/","name":"Fuentes Fidedignas","description":"Otro sitio realizado con WordPress","publisher":{"@id":"https:\/\/fuentesfidedignas.com.mx\/#organization"},"potentialAction":[{"@type":"SearchAction","target":{"@type":"EntryPoint","urlTemplate":"https:\/\/fuentesfidedignas.com.mx\/?s={search_term_string}"},"query-input":{"@type":"PropertyValueSpecification","valueRequired":true,"valueName":"search_term_string"}}],"inLanguage":"es"},{"@type":"Organization","@id":"https:\/\/fuentesfidedignas.com.mx\/#organization","name":"Fuentes Fidedignas","url":"https:\/\/fuentesfidedignas.com.mx\/","logo":{"@type":"ImageObject","inLanguage":"es","@id":"https:\/\/fuentesfidedignas.com.mx\/#\/schema\/logo\/image\/","url":"https:\/\/fuentesfidedignas.com.mx\/wp-content\/uploads\/2021\/04\/logo-retina.png","contentUrl":"https:\/\/fuentesfidedignas.com.mx\/wp-content\/uploads\/2021\/04\/logo-retina.png","width":280,"height":51,"caption":"Fuentes Fidedignas"},"image":{"@id":"https:\/\/fuentesfidedignas.com.mx\/#\/schema\/logo\/image\/"},"sameAs":["https:\/\/www.facebook.com\/Fuentes-Fidedignas-368234489921644","https:\/\/x.com\/fidedignas"]},{"@type":"Person","@id":"https:\/\/fuentesfidedignas.com.mx\/#\/schema\/person\/0d44615087b5a626d5d3f13afe31ac41","name":"EFE","image":{"@type":"ImageObject","inLanguage":"es","@id":"https:\/\/secure.gravatar.com\/avatar\/7048c2d9b569d9bed55bb53ad23821e6e047aa66338fb6ea9868627bbb9f54e8?s=96&d=mm&r=g","url":"https:\/\/secure.gravatar.com\/avatar\/7048c2d9b569d9bed55bb53ad23821e6e047aa66338fb6ea9868627bbb9f54e8?s=96&d=mm&r=g","contentUrl":"https:\/\/secure.gravatar.com\/avatar\/7048c2d9b569d9bed55bb53ad23821e6e047aa66338fb6ea9868627bbb9f54e8?s=96&d=mm&r=g","caption":"EFE"},"url":"https:\/\/fuentesfidedignas.com.mx\/index.php\/author\/efe\/"}]}},"_links":{"self":[{"href":"https:\/\/fuentesfidedignas.com.mx\/index.php\/wp-json\/wp\/v2\/posts\/2544","targetHints":{"allow":["GET"]}}],"collection":[{"href":"https:\/\/fuentesfidedignas.com.mx\/index.php\/wp-json\/wp\/v2\/posts"}],"about":[{"href":"https:\/\/fuentesfidedignas.com.mx\/index.php\/wp-json\/wp\/v2\/types\/post"}],"author":[{"embeddable":true,"href":"https:\/\/fuentesfidedignas.com.mx\/index.php\/wp-json\/wp\/v2\/users\/22"}],"replies":[{"embeddable":true,"href":"https:\/\/fuentesfidedignas.com.mx\/index.php\/wp-json\/wp\/v2\/comments?post=2544"}],"version-history":[{"count":1,"href":"https:\/\/fuentesfidedignas.com.mx\/index.php\/wp-json\/wp\/v2\/posts\/2544\/revisions"}],"predecessor-version":[{"id":2546,"href":"https:\/\/fuentesfidedignas.com.mx\/index.php\/wp-json\/wp\/v2\/posts\/2544\/revisions\/2546"}],"wp:featuredmedia":[{"embeddable":true,"href":"https:\/\/fuentesfidedignas.com.mx\/index.php\/wp-json\/wp\/v2\/media\/2545"}],"wp:attachment":[{"href":"https:\/\/fuentesfidedignas.com.mx\/index.php\/wp-json\/wp\/v2\/media?parent=2544"}],"wp:term":[{"taxonomy":"category","embeddable":true,"href":"https:\/\/fuentesfidedignas.com.mx\/index.php\/wp-json\/wp\/v2\/categories?post=2544"},{"taxonomy":"post_tag","embeddable":true,"href":"https:\/\/fuentesfidedignas.com.mx\/index.php\/wp-json\/wp\/v2\/tags?post=2544"}],"curies":[{"name":"wp","href":"https:\/\/api.w.org\/{rel}","templated":true}]}}