{"id":25422,"date":"2022-03-04T08:35:51","date_gmt":"2022-03-04T15:35:51","guid":{"rendered":"https:\/\/fuentesfidedignas.com.mx\/?p=25422"},"modified":"2022-03-04T08:35:52","modified_gmt":"2022-03-04T15:35:52","slug":"amlo-cierra-puerta-a-peticion-de-ucrania-para-envio-de-armas","status":"publish","type":"post","link":"https:\/\/fuentesfidedignas.com.mx\/index.php\/2022\/03\/04\/amlo-cierra-puerta-a-peticion-de-ucrania-para-envio-de-armas\/","title":{"rendered":"AMLO cierra puerta a petici\u00f3n de Ucrania para env\u00edo de armas"},"content":{"rendered":"\n<p><strong><em>El presidente L\u00f3pez Obrador descart\u00f3 la posibilidad de que M\u00e9xico surta de armas a Ucrania ante el ataque de Rusia contra ese pa\u00eds.<\/em><\/strong><\/p>\n\n\n\n<p>Ciudad de M\u00e9xico.- El presidente Andr\u00e9s Manuel L\u00f3pez Obrador cerr\u00f3 la posibilidad de que M\u00e9xico abastezca de armas a Ucrania, tal y como lo pidieron legisladores de aquel pa\u00eds al Congreso mexicano.<\/p>\n\n\n\n<p>En una breve declaraci\u00f3n, el mandatario federal sostuvo que M\u00e9xico no apuesta a las confrontaciones b\u00e9licas, sino a la resoluci\u00f3n pac\u00edfica de las controversias, como dicta la Constituci\u00f3n.<\/p>\n\n\n\n<p>\u201cNosotros no mandamos armas a ningun lado, nosotros somos pacifistas\u201d, ataj\u00f3 a comentar el presidente de la Rep\u00fablica luego de que asegur\u00f3 que los mexicanos que a\u00fan est\u00e1n en Ucrania ser\u00e1n resguardados y atendidos por su gobierno.<\/p>\n\n\n\n<p>\u201cSi es necesario, se les va ayudar, ya la Secretar\u00eda de Relaciones Exteriores est\u00e1 en eso, protecci\u00f3n y ayuda humanitaria a todos. Nosotros somos del partido de la fraternidad universal que va m\u00e1s all\u00e1 de fronteras\u201d, afirm\u00f3.<\/p>\n\n\n\n<p>La petici\u00f3n de legisladores ucranianos fue entregada por medio de una carta que la embajadora de Ucrania en M\u00e9xico, Oksana Dramaretska, envi\u00f3 a la presidenta de la Mesa Directiva del Senado, Olga S\u00e1nchez Cordero.<\/p>\n\n\n\n<p>La primera vez que Ucrania solicit\u00f3 armas a M\u00e9xico fue el 27 de febrero. En esa ocasi\u00f3n, la embajadora Dramaretska entreg\u00f3 a Ricardo Monreal, presidente de la Junta de Coordinaci\u00f3n Pol\u00edtica del Senado, una carta en la que piden al pa\u00eds acciones contra Rusia y apoyo con armamento y municiones.<\/p>\n","protected":false},"excerpt":{"rendered":"<p>El presidente L\u00f3pez Obrador descart\u00f3 la posibilidad de que M\u00e9xico surta de armas a Ucrania ante el ataque de Rusia contra ese pa\u00eds. Ciudad de M\u00e9xico.- El presidente Andr\u00e9s Manuel L\u00f3pez Obrador cerr\u00f3 la posibilidad de que M\u00e9xico abastezca de armas a Ucrania, tal y como lo pidieron legisladores de aquel pa\u00eds al Congreso mexicano. [&hellip;]<\/p>\n","protected":false},"author":5,"featured_media":25423,"comment_status":"open","ping_status":"open","sticky":false,"template":"","format":"standard","meta":{"tdm_status":"","tdm_grid_status":"","footnotes":""},"categories":[39],"tags":[247,297,932,141,2362],"class_list":{"0":"post-25422","1":"post","2":"type-post","3":"status-publish","4":"format-standard","5":"has-post-thumbnail","7":"category-noticias-nacionales","8":"tag-amlo","9":"tag-andres-manuel-lopez-obrador","10":"tag-armas","11":"tag-rusia","12":"tag-ucrania"},"yoast_head":"<!-- This site is optimized with the Yoast SEO plugin v27.5 - https:\/\/yoast.com\/product\/yoast-seo-wordpress\/ -->\n<title>AMLO cierra puerta a petici\u00f3n de Ucrania para env\u00edo de armas - Fuentes Fidedignas<\/title>\n<meta name=\"robots\" content=\"index, follow, max-snippet:-1, max-image-preview:large, max-video-preview:-1\" \/>\n<link rel=\"canonical\" href=\"https:\/\/fuentesfidedignas.com.mx\/index.php\/2022\/03\/04\/amlo-cierra-puerta-a-peticion-de-ucrania-para-envio-de-armas\/\" \/>\n<meta property=\"og:locale\" content=\"es_MX\" \/>\n<meta property=\"og:type\" content=\"article\" \/>\n<meta property=\"og:title\" content=\"AMLO cierra puerta a petici\u00f3n de Ucrania para env\u00edo de armas - Fuentes Fidedignas\" \/>\n<meta property=\"og:description\" content=\"El presidente L\u00f3pez Obrador descart\u00f3 la posibilidad de que M\u00e9xico surta de armas a Ucrania ante el ataque de Rusia contra ese pa\u00eds. Ciudad de M\u00e9xico.- El presidente Andr\u00e9s Manuel L\u00f3pez Obrador cerr\u00f3 la posibilidad de que M\u00e9xico abastezca de armas a Ucrania, tal y como lo pidieron legisladores de aquel pa\u00eds al Congreso mexicano. [&hellip;]\" \/>\n<meta property=\"og:url\" content=\"https:\/\/fuentesfidedignas.com.mx\/index.php\/2022\/03\/04\/amlo-cierra-puerta-a-peticion-de-ucrania-para-envio-de-armas\/\" \/>\n<meta property=\"og:site_name\" content=\"Fuentes Fidedignas\" \/>\n<meta property=\"article:publisher\" content=\"https:\/\/www.facebook.com\/Fuentes-Fidedignas-368234489921644\" \/>\n<meta property=\"article:published_time\" content=\"2022-03-04T15:35:51+00:00\" \/>\n<meta property=\"article:modified_time\" content=\"2022-03-04T15:35:52+00:00\" \/>\n<meta property=\"og:image\" content=\"https:\/\/fuentesfidedignas.com.mx\/wp-content\/uploads\/2022\/03\/Guerra-Ucrania-Rusia5-640x360-1.jpg\" \/>\n\t<meta property=\"og:image:width\" content=\"640\" \/>\n\t<meta property=\"og:image:height\" content=\"360\" \/>\n\t<meta property=\"og:image:type\" content=\"image\/jpeg\" \/>\n<meta name=\"author\" content=\"Forbes\" \/>\n<meta name=\"twitter:card\" content=\"summary_large_image\" \/>\n<meta name=\"twitter:creator\" content=\"@fidedignas\" \/>\n<meta name=\"twitter:site\" content=\"@fidedignas\" \/>\n<meta name=\"twitter:label1\" content=\"Escrito por\" \/>\n\t<meta name=\"twitter:data1\" content=\"Forbes\" \/>\n\t<meta name=\"twitter:label2\" content=\"Tiempo de lectura\" \/>\n\t<meta name=\"twitter:data2\" content=\"2 minutos\" \/>\n<script type=\"application\/ld+json\" class=\"yoast-schema-graph\">{\"@context\":\"https:\\\/\\\/schema.org\",\"@graph\":[{\"@type\":\"Article\",\"@id\":\"https:\\\/\\\/fuentesfidedignas.com.mx\\\/index.php\\\/2022\\\/03\\\/04\\\/amlo-cierra-puerta-a-peticion-de-ucrania-para-envio-de-armas\\\/#article\",\"isPartOf\":{\"@id\":\"https:\\\/\\\/fuentesfidedignas.com.mx\\\/index.php\\\/2022\\\/03\\\/04\\\/amlo-cierra-puerta-a-peticion-de-ucrania-para-envio-de-armas\\\/\"},\"author\":{\"name\":\"Forbes\",\"@id\":\"https:\\\/\\\/fuentesfidedignas.com.mx\\\/#\\\/schema\\\/person\\\/5623d53fe2e579d825b1679734abcc44\"},\"headline\":\"AMLO cierra puerta a petici\u00f3n de Ucrania para env\u00edo de armas\",\"datePublished\":\"2022-03-04T15:35:51+00:00\",\"dateModified\":\"2022-03-04T15:35:52+00:00\",\"mainEntityOfPage\":{\"@id\":\"https:\\\/\\\/fuentesfidedignas.com.mx\\\/index.php\\\/2022\\\/03\\\/04\\\/amlo-cierra-puerta-a-peticion-de-ucrania-para-envio-de-armas\\\/\"},\"wordCount\":283,\"commentCount\":0,\"publisher\":{\"@id\":\"https:\\\/\\\/fuentesfidedignas.com.mx\\\/#organization\"},\"image\":{\"@id\":\"https:\\\/\\\/fuentesfidedignas.com.mx\\\/index.php\\\/2022\\\/03\\\/04\\\/amlo-cierra-puerta-a-peticion-de-ucrania-para-envio-de-armas\\\/#primaryimage\"},\"thumbnailUrl\":\"https:\\\/\\\/fuentesfidedignas.com.mx\\\/wp-content\\\/uploads\\\/2022\\\/03\\\/Guerra-Ucrania-Rusia5-640x360-1.jpg\",\"keywords\":[\"AMLO\",\"Andr\u00e9s Manuel L\u00f3pez Obrador\",\"Armas\",\"Rusia\",\"Ucrania\"],\"articleSection\":[\"NOTICIAS NACIONALES\"],\"inLanguage\":\"es\",\"potentialAction\":[{\"@type\":\"CommentAction\",\"name\":\"Comment\",\"target\":[\"https:\\\/\\\/fuentesfidedignas.com.mx\\\/index.php\\\/2022\\\/03\\\/04\\\/amlo-cierra-puerta-a-peticion-de-ucrania-para-envio-de-armas\\\/#respond\"]}]},{\"@type\":\"WebPage\",\"@id\":\"https:\\\/\\\/fuentesfidedignas.com.mx\\\/index.php\\\/2022\\\/03\\\/04\\\/amlo-cierra-puerta-a-peticion-de-ucrania-para-envio-de-armas\\\/\",\"url\":\"https:\\\/\\\/fuentesfidedignas.com.mx\\\/index.php\\\/2022\\\/03\\\/04\\\/amlo-cierra-puerta-a-peticion-de-ucrania-para-envio-de-armas\\\/\",\"name\":\"AMLO cierra puerta a petici\u00f3n de Ucrania para env\u00edo de armas - Fuentes Fidedignas\",\"isPartOf\":{\"@id\":\"https:\\\/\\\/fuentesfidedignas.com.mx\\\/#website\"},\"primaryImageOfPage\":{\"@id\":\"https:\\\/\\\/fuentesfidedignas.com.mx\\\/index.php\\\/2022\\\/03\\\/04\\\/amlo-cierra-puerta-a-peticion-de-ucrania-para-envio-de-armas\\\/#primaryimage\"},\"image\":{\"@id\":\"https:\\\/\\\/fuentesfidedignas.com.mx\\\/index.php\\\/2022\\\/03\\\/04\\\/amlo-cierra-puerta-a-peticion-de-ucrania-para-envio-de-armas\\\/#primaryimage\"},\"thumbnailUrl\":\"https:\\\/\\\/fuentesfidedignas.com.mx\\\/wp-content\\\/uploads\\\/2022\\\/03\\\/Guerra-Ucrania-Rusia5-640x360-1.jpg\",\"datePublished\":\"2022-03-04T15:35:51+00:00\",\"dateModified\":\"2022-03-04T15:35:52+00:00\",\"breadcrumb\":{\"@id\":\"https:\\\/\\\/fuentesfidedignas.com.mx\\\/index.php\\\/2022\\\/03\\\/04\\\/amlo-cierra-puerta-a-peticion-de-ucrania-para-envio-de-armas\\\/#breadcrumb\"},\"inLanguage\":\"es\",\"potentialAction\":[{\"@type\":\"ReadAction\",\"target\":[\"https:\\\/\\\/fuentesfidedignas.com.mx\\\/index.php\\\/2022\\\/03\\\/04\\\/amlo-cierra-puerta-a-peticion-de-ucrania-para-envio-de-armas\\\/\"]}]},{\"@type\":\"ImageObject\",\"inLanguage\":\"es\",\"@id\":\"https:\\\/\\\/fuentesfidedignas.com.mx\\\/index.php\\\/2022\\\/03\\\/04\\\/amlo-cierra-puerta-a-peticion-de-ucrania-para-envio-de-armas\\\/#primaryimage\",\"url\":\"https:\\\/\\\/fuentesfidedignas.com.mx\\\/wp-content\\\/uploads\\\/2022\\\/03\\\/Guerra-Ucrania-Rusia5-640x360-1.jpg\",\"contentUrl\":\"https:\\\/\\\/fuentesfidedignas.com.mx\\\/wp-content\\\/uploads\\\/2022\\\/03\\\/Guerra-Ucrania-Rusia5-640x360-1.jpg\",\"width\":640,\"height\":360},{\"@type\":\"BreadcrumbList\",\"@id\":\"https:\\\/\\\/fuentesfidedignas.com.mx\\\/index.php\\\/2022\\\/03\\\/04\\\/amlo-cierra-puerta-a-peticion-de-ucrania-para-envio-de-armas\\\/#breadcrumb\",\"itemListElement\":[{\"@type\":\"ListItem\",\"position\":1,\"name\":\"Inicio\",\"item\":\"https:\\\/\\\/fuentesfidedignas.com.mx\\\/\"},{\"@type\":\"ListItem\",\"position\":2,\"name\":\"AMLO cierra puerta a petici\u00f3n de Ucrania para env\u00edo de armas\"}]},{\"@type\":\"WebSite\",\"@id\":\"https:\\\/\\\/fuentesfidedignas.com.mx\\\/#website\",\"url\":\"https:\\\/\\\/fuentesfidedignas.com.mx\\\/\",\"name\":\"Fuentes Fidedignas\",\"description\":\"Otro sitio realizado con WordPress\",\"publisher\":{\"@id\":\"https:\\\/\\\/fuentesfidedignas.com.mx\\\/#organization\"},\"potentialAction\":[{\"@type\":\"SearchAction\",\"target\":{\"@type\":\"EntryPoint\",\"urlTemplate\":\"https:\\\/\\\/fuentesfidedignas.com.mx\\\/?s={search_term_string}\"},\"query-input\":{\"@type\":\"PropertyValueSpecification\",\"valueRequired\":true,\"valueName\":\"search_term_string\"}}],\"inLanguage\":\"es\"},{\"@type\":\"Organization\",\"@id\":\"https:\\\/\\\/fuentesfidedignas.com.mx\\\/#organization\",\"name\":\"Fuentes Fidedignas\",\"url\":\"https:\\\/\\\/fuentesfidedignas.com.mx\\\/\",\"logo\":{\"@type\":\"ImageObject\",\"inLanguage\":\"es\",\"@id\":\"https:\\\/\\\/fuentesfidedignas.com.mx\\\/#\\\/schema\\\/logo\\\/image\\\/\",\"url\":\"https:\\\/\\\/fuentesfidedignas.com.mx\\\/wp-content\\\/uploads\\\/2021\\\/04\\\/logo-retina.png\",\"contentUrl\":\"https:\\\/\\\/fuentesfidedignas.com.mx\\\/wp-content\\\/uploads\\\/2021\\\/04\\\/logo-retina.png\",\"width\":280,\"height\":51,\"caption\":\"Fuentes Fidedignas\"},\"image\":{\"@id\":\"https:\\\/\\\/fuentesfidedignas.com.mx\\\/#\\\/schema\\\/logo\\\/image\\\/\"},\"sameAs\":[\"https:\\\/\\\/www.facebook.com\\\/Fuentes-Fidedignas-368234489921644\",\"https:\\\/\\\/x.com\\\/fidedignas\"]},{\"@type\":\"Person\",\"@id\":\"https:\\\/\\\/fuentesfidedignas.com.mx\\\/#\\\/schema\\\/person\\\/5623d53fe2e579d825b1679734abcc44\",\"name\":\"Forbes\",\"image\":{\"@type\":\"ImageObject\",\"inLanguage\":\"es\",\"@id\":\"https:\\\/\\\/secure.gravatar.com\\\/avatar\\\/87ce3dd4e41e60c22a79c758614f01a6bc2469255fc936ec7b15efb9bb5cb66f?s=96&d=mm&r=g\",\"url\":\"https:\\\/\\\/secure.gravatar.com\\\/avatar\\\/87ce3dd4e41e60c22a79c758614f01a6bc2469255fc936ec7b15efb9bb5cb66f?s=96&d=mm&r=g\",\"contentUrl\":\"https:\\\/\\\/secure.gravatar.com\\\/avatar\\\/87ce3dd4e41e60c22a79c758614f01a6bc2469255fc936ec7b15efb9bb5cb66f?s=96&d=mm&r=g\",\"caption\":\"Forbes\"},\"url\":\"https:\\\/\\\/fuentesfidedignas.com.mx\\\/index.php\\\/author\\\/forbes\\\/\"}]}<\/script>\n<!-- \/ Yoast SEO plugin. -->","yoast_head_json":{"title":"AMLO cierra puerta a petici\u00f3n de Ucrania para env\u00edo de armas - Fuentes Fidedignas","robots":{"index":"index","follow":"follow","max-snippet":"max-snippet:-1","max-image-preview":"max-image-preview:large","max-video-preview":"max-video-preview:-1"},"canonical":"https:\/\/fuentesfidedignas.com.mx\/index.php\/2022\/03\/04\/amlo-cierra-puerta-a-peticion-de-ucrania-para-envio-de-armas\/","og_locale":"es_MX","og_type":"article","og_title":"AMLO cierra puerta a petici\u00f3n de Ucrania para env\u00edo de armas - Fuentes Fidedignas","og_description":"El presidente L\u00f3pez Obrador descart\u00f3 la posibilidad de que M\u00e9xico surta de armas a Ucrania ante el ataque de Rusia contra ese pa\u00eds. Ciudad de M\u00e9xico.- El presidente Andr\u00e9s Manuel L\u00f3pez Obrador cerr\u00f3 la posibilidad de que M\u00e9xico abastezca de armas a Ucrania, tal y como lo pidieron legisladores de aquel pa\u00eds al Congreso mexicano. [&hellip;]","og_url":"https:\/\/fuentesfidedignas.com.mx\/index.php\/2022\/03\/04\/amlo-cierra-puerta-a-peticion-de-ucrania-para-envio-de-armas\/","og_site_name":"Fuentes Fidedignas","article_publisher":"https:\/\/www.facebook.com\/Fuentes-Fidedignas-368234489921644","article_published_time":"2022-03-04T15:35:51+00:00","article_modified_time":"2022-03-04T15:35:52+00:00","og_image":[{"width":640,"height":360,"url":"https:\/\/fuentesfidedignas.com.mx\/wp-content\/uploads\/2022\/03\/Guerra-Ucrania-Rusia5-640x360-1.jpg","type":"image\/jpeg"}],"author":"Forbes","twitter_card":"summary_large_image","twitter_creator":"@fidedignas","twitter_site":"@fidedignas","twitter_misc":{"Escrito por":"Forbes","Tiempo de lectura":"2 minutos"},"schema":{"@context":"https:\/\/schema.org","@graph":[{"@type":"Article","@id":"https:\/\/fuentesfidedignas.com.mx\/index.php\/2022\/03\/04\/amlo-cierra-puerta-a-peticion-de-ucrania-para-envio-de-armas\/#article","isPartOf":{"@id":"https:\/\/fuentesfidedignas.com.mx\/index.php\/2022\/03\/04\/amlo-cierra-puerta-a-peticion-de-ucrania-para-envio-de-armas\/"},"author":{"name":"Forbes","@id":"https:\/\/fuentesfidedignas.com.mx\/#\/schema\/person\/5623d53fe2e579d825b1679734abcc44"},"headline":"AMLO cierra puerta a petici\u00f3n de Ucrania para env\u00edo de armas","datePublished":"2022-03-04T15:35:51+00:00","dateModified":"2022-03-04T15:35:52+00:00","mainEntityOfPage":{"@id":"https:\/\/fuentesfidedignas.com.mx\/index.php\/2022\/03\/04\/amlo-cierra-puerta-a-peticion-de-ucrania-para-envio-de-armas\/"},"wordCount":283,"commentCount":0,"publisher":{"@id":"https:\/\/fuentesfidedignas.com.mx\/#organization"},"image":{"@id":"https:\/\/fuentesfidedignas.com.mx\/index.php\/2022\/03\/04\/amlo-cierra-puerta-a-peticion-de-ucrania-para-envio-de-armas\/#primaryimage"},"thumbnailUrl":"https:\/\/fuentesfidedignas.com.mx\/wp-content\/uploads\/2022\/03\/Guerra-Ucrania-Rusia5-640x360-1.jpg","keywords":["AMLO","Andr\u00e9s Manuel L\u00f3pez Obrador","Armas","Rusia","Ucrania"],"articleSection":["NOTICIAS NACIONALES"],"inLanguage":"es","potentialAction":[{"@type":"CommentAction","name":"Comment","target":["https:\/\/fuentesfidedignas.com.mx\/index.php\/2022\/03\/04\/amlo-cierra-puerta-a-peticion-de-ucrania-para-envio-de-armas\/#respond"]}]},{"@type":"WebPage","@id":"https:\/\/fuentesfidedignas.com.mx\/index.php\/2022\/03\/04\/amlo-cierra-puerta-a-peticion-de-ucrania-para-envio-de-armas\/","url":"https:\/\/fuentesfidedignas.com.mx\/index.php\/2022\/03\/04\/amlo-cierra-puerta-a-peticion-de-ucrania-para-envio-de-armas\/","name":"AMLO cierra puerta a petici\u00f3n de Ucrania para env\u00edo de armas - Fuentes Fidedignas","isPartOf":{"@id":"https:\/\/fuentesfidedignas.com.mx\/#website"},"primaryImageOfPage":{"@id":"https:\/\/fuentesfidedignas.com.mx\/index.php\/2022\/03\/04\/amlo-cierra-puerta-a-peticion-de-ucrania-para-envio-de-armas\/#primaryimage"},"image":{"@id":"https:\/\/fuentesfidedignas.com.mx\/index.php\/2022\/03\/04\/amlo-cierra-puerta-a-peticion-de-ucrania-para-envio-de-armas\/#primaryimage"},"thumbnailUrl":"https:\/\/fuentesfidedignas.com.mx\/wp-content\/uploads\/2022\/03\/Guerra-Ucrania-Rusia5-640x360-1.jpg","datePublished":"2022-03-04T15:35:51+00:00","dateModified":"2022-03-04T15:35:52+00:00","breadcrumb":{"@id":"https:\/\/fuentesfidedignas.com.mx\/index.php\/2022\/03\/04\/amlo-cierra-puerta-a-peticion-de-ucrania-para-envio-de-armas\/#breadcrumb"},"inLanguage":"es","potentialAction":[{"@type":"ReadAction","target":["https:\/\/fuentesfidedignas.com.mx\/index.php\/2022\/03\/04\/amlo-cierra-puerta-a-peticion-de-ucrania-para-envio-de-armas\/"]}]},{"@type":"ImageObject","inLanguage":"es","@id":"https:\/\/fuentesfidedignas.com.mx\/index.php\/2022\/03\/04\/amlo-cierra-puerta-a-peticion-de-ucrania-para-envio-de-armas\/#primaryimage","url":"https:\/\/fuentesfidedignas.com.mx\/wp-content\/uploads\/2022\/03\/Guerra-Ucrania-Rusia5-640x360-1.jpg","contentUrl":"https:\/\/fuentesfidedignas.com.mx\/wp-content\/uploads\/2022\/03\/Guerra-Ucrania-Rusia5-640x360-1.jpg","width":640,"height":360},{"@type":"BreadcrumbList","@id":"https:\/\/fuentesfidedignas.com.mx\/index.php\/2022\/03\/04\/amlo-cierra-puerta-a-peticion-de-ucrania-para-envio-de-armas\/#breadcrumb","itemListElement":[{"@type":"ListItem","position":1,"name":"Inicio","item":"https:\/\/fuentesfidedignas.com.mx\/"},{"@type":"ListItem","position":2,"name":"AMLO cierra puerta a petici\u00f3n de Ucrania para env\u00edo de armas"}]},{"@type":"WebSite","@id":"https:\/\/fuentesfidedignas.com.mx\/#website","url":"https:\/\/fuentesfidedignas.com.mx\/","name":"Fuentes Fidedignas","description":"Otro sitio realizado con WordPress","publisher":{"@id":"https:\/\/fuentesfidedignas.com.mx\/#organization"},"potentialAction":[{"@type":"SearchAction","target":{"@type":"EntryPoint","urlTemplate":"https:\/\/fuentesfidedignas.com.mx\/?s={search_term_string}"},"query-input":{"@type":"PropertyValueSpecification","valueRequired":true,"valueName":"search_term_string"}}],"inLanguage":"es"},{"@type":"Organization","@id":"https:\/\/fuentesfidedignas.com.mx\/#organization","name":"Fuentes Fidedignas","url":"https:\/\/fuentesfidedignas.com.mx\/","logo":{"@type":"ImageObject","inLanguage":"es","@id":"https:\/\/fuentesfidedignas.com.mx\/#\/schema\/logo\/image\/","url":"https:\/\/fuentesfidedignas.com.mx\/wp-content\/uploads\/2021\/04\/logo-retina.png","contentUrl":"https:\/\/fuentesfidedignas.com.mx\/wp-content\/uploads\/2021\/04\/logo-retina.png","width":280,"height":51,"caption":"Fuentes Fidedignas"},"image":{"@id":"https:\/\/fuentesfidedignas.com.mx\/#\/schema\/logo\/image\/"},"sameAs":["https:\/\/www.facebook.com\/Fuentes-Fidedignas-368234489921644","https:\/\/x.com\/fidedignas"]},{"@type":"Person","@id":"https:\/\/fuentesfidedignas.com.mx\/#\/schema\/person\/5623d53fe2e579d825b1679734abcc44","name":"Forbes","image":{"@type":"ImageObject","inLanguage":"es","@id":"https:\/\/secure.gravatar.com\/avatar\/87ce3dd4e41e60c22a79c758614f01a6bc2469255fc936ec7b15efb9bb5cb66f?s=96&d=mm&r=g","url":"https:\/\/secure.gravatar.com\/avatar\/87ce3dd4e41e60c22a79c758614f01a6bc2469255fc936ec7b15efb9bb5cb66f?s=96&d=mm&r=g","contentUrl":"https:\/\/secure.gravatar.com\/avatar\/87ce3dd4e41e60c22a79c758614f01a6bc2469255fc936ec7b15efb9bb5cb66f?s=96&d=mm&r=g","caption":"Forbes"},"url":"https:\/\/fuentesfidedignas.com.mx\/index.php\/author\/forbes\/"}]}},"_links":{"self":[{"href":"https:\/\/fuentesfidedignas.com.mx\/index.php\/wp-json\/wp\/v2\/posts\/25422","targetHints":{"allow":["GET"]}}],"collection":[{"href":"https:\/\/fuentesfidedignas.com.mx\/index.php\/wp-json\/wp\/v2\/posts"}],"about":[{"href":"https:\/\/fuentesfidedignas.com.mx\/index.php\/wp-json\/wp\/v2\/types\/post"}],"author":[{"embeddable":true,"href":"https:\/\/fuentesfidedignas.com.mx\/index.php\/wp-json\/wp\/v2\/users\/5"}],"replies":[{"embeddable":true,"href":"https:\/\/fuentesfidedignas.com.mx\/index.php\/wp-json\/wp\/v2\/comments?post=25422"}],"version-history":[{"count":1,"href":"https:\/\/fuentesfidedignas.com.mx\/index.php\/wp-json\/wp\/v2\/posts\/25422\/revisions"}],"predecessor-version":[{"id":25424,"href":"https:\/\/fuentesfidedignas.com.mx\/index.php\/wp-json\/wp\/v2\/posts\/25422\/revisions\/25424"}],"wp:featuredmedia":[{"embeddable":true,"href":"https:\/\/fuentesfidedignas.com.mx\/index.php\/wp-json\/wp\/v2\/media\/25423"}],"wp:attachment":[{"href":"https:\/\/fuentesfidedignas.com.mx\/index.php\/wp-json\/wp\/v2\/media?parent=25422"}],"wp:term":[{"taxonomy":"category","embeddable":true,"href":"https:\/\/fuentesfidedignas.com.mx\/index.php\/wp-json\/wp\/v2\/categories?post=25422"},{"taxonomy":"post_tag","embeddable":true,"href":"https:\/\/fuentesfidedignas.com.mx\/index.php\/wp-json\/wp\/v2\/tags?post=25422"}],"curies":[{"name":"wp","href":"https:\/\/api.w.org\/{rel}","templated":true}]}}