{"id":25413,"date":"2022-03-04T06:29:15","date_gmt":"2022-03-04T13:29:15","guid":{"rendered":"https:\/\/fuentesfidedignas.com.mx\/?p=25413"},"modified":"2022-03-04T06:29:16","modified_gmt":"2022-03-04T13:29:16","slug":"quirino-ordaz-lamenta-inminente-expulsion-del-pri-pero-ser-embajador-en-espana-es-una-distincion","status":"publish","type":"post","link":"https:\/\/fuentesfidedignas.com.mx\/index.php\/2022\/03\/04\/quirino-ordaz-lamenta-inminente-expulsion-del-pri-pero-ser-embajador-en-espana-es-una-distincion\/","title":{"rendered":"Quirino Ordaz lamenta inminente expulsi\u00f3n del PRI, pero \u201cser embajador en Espa\u00f1a es una distinci\u00f3n\u201d"},"content":{"rendered":"\n<p><strong><em>Incorporarse al cuerpo diplom\u00e1tico es una distinci\u00f3n y no un tema de colores ni partidos, afirma el exgobernador de Sinaloa<\/em><\/strong><\/p>\n\n\n\n<p>Ciudad de M\u00e9xico.- El exgobernador de Sinaloa, Quirino Ordaz Coppel, lament\u00f3 la decisi\u00f3n de la dirigencia del PRI de expulsarlo por aceptar la invitaci\u00f3n del presidente Andr\u00e9s Manuel L\u00f3pez a Obrador para ser embajador de M\u00e9xico en Espa\u00f1a, pero asegur\u00f3 que incorporarse al cuerpo diplom\u00e1tico es una distinci\u00f3n y no un tema de colores ni partidos.<\/p>\n\n\n\n<p>Entrevistado al t\u00e9rmino de su comparecencia ente la comisi\u00f3n de Relaciones Exteriores Europea, del Senado, que aprob\u00f3 el dictamen de ratificaci\u00f3n de su nombramiento, Ordaz Coppel dijo que respeta la decisi\u00f3n de la dirigencia del PRI, aunque no la comparte, pues siempre correspondi\u00f3 al apoyo que le dio el partido al hacer un buen gobierno en Sinaloa.<\/p>\n\n\n\n<p>\u201cSiempre estar\u00e9 agradecido con el PRI por la oportunidad que me dio. Fui un gobernador de tierra, los resultados ah\u00ed est\u00e1n con la gente, las evaluaciones, siempre fui considerado dentro de los mejores gobernadores a nivel nacional, y creo que es una decisi\u00f3n de la dirigencia que yo respeto y lamento, pero creo que es una distinci\u00f3n personal la que recibo. Representas a la naci\u00f3n, al pa\u00eds, al Estado mexicano. No es un tema de partidos ni colores, entonces creo que hay mucho por trabajar y por fortalecer las relaciones con Espa\u00f1a\u201d, enfatiz\u00f3.<\/p>\n\n\n\n<p>Acompa\u00f1ado de sus hijos y su esposa, Quirino Ordaz agradeci\u00f3 al presidente L\u00f3pez Obrador la confianza de darle esta distinci\u00f3n, \u201ca mi y a los sinaloenses, una oportunidad, una embajada important\u00edsima por la relaci\u00f3n hist\u00f3rica, din\u00e1mica, comercial, de inversi\u00f3n, tur\u00edstica, cultural que tenemos con Espa\u00f1a, una relaci\u00f3n de m\u00e1s de 500 a\u00f1os\u201d.<\/p>\n\n\n\n<p>Record\u00f3 que la pr\u00f3xima semana visitar\u00e1 M\u00e9xico el canciller espa\u00f1ol Jos\u00e9 Manuel Albares, \u201clo que es un gran mensaje de buscar relanzar, reactivar, fortalecer la relaci\u00f3n con Espa\u00f1a y creo que eso es lo que va a dejar esta visita\u201d.<\/p>\n\n\n\n<p>Mientras tanto, se\u00f1al\u00f3 Ordaz Coppel, esta es una primera etapa, y \u201cestoy atento al pleno y hasta que no sea ratificado no soy embajador\u201d.<\/p>\n\n\n\n<p>Se prev\u00e9 que el dictamen de ratificaci\u00f3n del exgobernador de Sinaloa como embajador de M\u00e9xico en Espa\u00f1a sea puesto a consideraci\u00f3n del pleno del Senado el pr\u00f3ximo 8 de marzo para su discusi\u00f3n y votaci\u00f3n.<\/p>\n","protected":false},"excerpt":{"rendered":"<p>Incorporarse al cuerpo diplom\u00e1tico es una distinci\u00f3n y no un tema de colores ni partidos, afirma el exgobernador de Sinaloa Ciudad de M\u00e9xico.- El exgobernador de Sinaloa, Quirino Ordaz Coppel, lament\u00f3 la decisi\u00f3n de la dirigencia del PRI de expulsarlo por aceptar la invitaci\u00f3n del presidente Andr\u00e9s Manuel L\u00f3pez a Obrador para ser embajador de [&hellip;]<\/p>\n","protected":false},"author":39,"featured_media":25414,"comment_status":"open","ping_status":"open","sticky":false,"template":"","format":"standard","meta":{"tdm_status":"","tdm_grid_status":"","footnotes":""},"categories":[37],"tags":[],"class_list":{"0":"post-25413","1":"post","2":"type-post","3":"status-publish","4":"format-standard","5":"has-post-thumbnail","7":"category-nota-principal"},"yoast_head":"<!-- This site is optimized with the Yoast SEO plugin v27.5 - https:\/\/yoast.com\/product\/yoast-seo-wordpress\/ -->\n<title>Quirino Ordaz lamenta inminente expulsi\u00f3n del PRI, pero \u201cser embajador en Espa\u00f1a es una distinci\u00f3n\u201d - Fuentes Fidedignas<\/title>\n<meta name=\"robots\" content=\"index, follow, max-snippet:-1, max-image-preview:large, max-video-preview:-1\" \/>\n<link rel=\"canonical\" href=\"https:\/\/fuentesfidedignas.com.mx\/index.php\/2022\/03\/04\/quirino-ordaz-lamenta-inminente-expulsion-del-pri-pero-ser-embajador-en-espana-es-una-distincion\/\" \/>\n<meta property=\"og:locale\" content=\"es_MX\" \/>\n<meta property=\"og:type\" content=\"article\" \/>\n<meta property=\"og:title\" content=\"Quirino Ordaz lamenta inminente expulsi\u00f3n del PRI, pero \u201cser embajador en Espa\u00f1a es una distinci\u00f3n\u201d - Fuentes Fidedignas\" \/>\n<meta property=\"og:description\" content=\"Incorporarse al cuerpo diplom\u00e1tico es una distinci\u00f3n y no un tema de colores ni partidos, afirma el exgobernador de Sinaloa Ciudad de M\u00e9xico.- El exgobernador de Sinaloa, Quirino Ordaz Coppel, lament\u00f3 la decisi\u00f3n de la dirigencia del PRI de expulsarlo por aceptar la invitaci\u00f3n del presidente Andr\u00e9s Manuel L\u00f3pez a Obrador para ser embajador de [&hellip;]\" \/>\n<meta property=\"og:url\" content=\"https:\/\/fuentesfidedignas.com.mx\/index.php\/2022\/03\/04\/quirino-ordaz-lamenta-inminente-expulsion-del-pri-pero-ser-embajador-en-espana-es-una-distincion\/\" \/>\n<meta property=\"og:site_name\" content=\"Fuentes Fidedignas\" \/>\n<meta property=\"article:publisher\" content=\"https:\/\/www.facebook.com\/Fuentes-Fidedignas-368234489921644\" \/>\n<meta property=\"article:published_time\" content=\"2022-03-04T13:29:15+00:00\" \/>\n<meta property=\"article:modified_time\" content=\"2022-03-04T13:29:16+00:00\" \/>\n<meta property=\"og:image\" content=\"https:\/\/fuentesfidedignas.com.mx\/wp-content\/uploads\/2022\/03\/Ordaz-Coppel.jpg\" \/>\n\t<meta property=\"og:image:width\" content=\"1140\" \/>\n\t<meta property=\"og:image:height\" content=\"712\" \/>\n\t<meta property=\"og:image:type\" content=\"image\/jpeg\" \/>\n<meta name=\"author\" content=\"El Universal\" \/>\n<meta name=\"twitter:card\" content=\"summary_large_image\" \/>\n<meta name=\"twitter:creator\" content=\"@fidedignas\" \/>\n<meta name=\"twitter:site\" content=\"@fidedignas\" \/>\n<meta name=\"twitter:label1\" content=\"Escrito por\" \/>\n\t<meta name=\"twitter:data1\" content=\"El Universal\" \/>\n\t<meta name=\"twitter:label2\" content=\"Tiempo de lectura\" \/>\n\t<meta name=\"twitter:data2\" content=\"2 minutos\" \/>\n<script type=\"application\/ld+json\" class=\"yoast-schema-graph\">{\"@context\":\"https:\\\/\\\/schema.org\",\"@graph\":[{\"@type\":\"Article\",\"@id\":\"https:\\\/\\\/fuentesfidedignas.com.mx\\\/index.php\\\/2022\\\/03\\\/04\\\/quirino-ordaz-lamenta-inminente-expulsion-del-pri-pero-ser-embajador-en-espana-es-una-distincion\\\/#article\",\"isPartOf\":{\"@id\":\"https:\\\/\\\/fuentesfidedignas.com.mx\\\/index.php\\\/2022\\\/03\\\/04\\\/quirino-ordaz-lamenta-inminente-expulsion-del-pri-pero-ser-embajador-en-espana-es-una-distincion\\\/\"},\"author\":{\"name\":\"El Universal\",\"@id\":\"https:\\\/\\\/fuentesfidedignas.com.mx\\\/#\\\/schema\\\/person\\\/fee3882e65fd0510d292c43a346d35d7\"},\"headline\":\"Quirino Ordaz lamenta inminente expulsi\u00f3n del PRI, pero \u201cser embajador en Espa\u00f1a es una distinci\u00f3n\u201d\",\"datePublished\":\"2022-03-04T13:29:15+00:00\",\"dateModified\":\"2022-03-04T13:29:16+00:00\",\"mainEntityOfPage\":{\"@id\":\"https:\\\/\\\/fuentesfidedignas.com.mx\\\/index.php\\\/2022\\\/03\\\/04\\\/quirino-ordaz-lamenta-inminente-expulsion-del-pri-pero-ser-embajador-en-espana-es-una-distincion\\\/\"},\"wordCount\":441,\"commentCount\":0,\"publisher\":{\"@id\":\"https:\\\/\\\/fuentesfidedignas.com.mx\\\/#organization\"},\"image\":{\"@id\":\"https:\\\/\\\/fuentesfidedignas.com.mx\\\/index.php\\\/2022\\\/03\\\/04\\\/quirino-ordaz-lamenta-inminente-expulsion-del-pri-pero-ser-embajador-en-espana-es-una-distincion\\\/#primaryimage\"},\"thumbnailUrl\":\"https:\\\/\\\/fuentesfidedignas.com.mx\\\/wp-content\\\/uploads\\\/2022\\\/03\\\/Ordaz-Coppel.jpg\",\"articleSection\":[\"NOTA PRINCIPAL\"],\"inLanguage\":\"es\",\"potentialAction\":[{\"@type\":\"CommentAction\",\"name\":\"Comment\",\"target\":[\"https:\\\/\\\/fuentesfidedignas.com.mx\\\/index.php\\\/2022\\\/03\\\/04\\\/quirino-ordaz-lamenta-inminente-expulsion-del-pri-pero-ser-embajador-en-espana-es-una-distincion\\\/#respond\"]}]},{\"@type\":\"WebPage\",\"@id\":\"https:\\\/\\\/fuentesfidedignas.com.mx\\\/index.php\\\/2022\\\/03\\\/04\\\/quirino-ordaz-lamenta-inminente-expulsion-del-pri-pero-ser-embajador-en-espana-es-una-distincion\\\/\",\"url\":\"https:\\\/\\\/fuentesfidedignas.com.mx\\\/index.php\\\/2022\\\/03\\\/04\\\/quirino-ordaz-lamenta-inminente-expulsion-del-pri-pero-ser-embajador-en-espana-es-una-distincion\\\/\",\"name\":\"Quirino Ordaz lamenta inminente expulsi\u00f3n del PRI, pero \u201cser embajador en Espa\u00f1a es una distinci\u00f3n\u201d - Fuentes Fidedignas\",\"isPartOf\":{\"@id\":\"https:\\\/\\\/fuentesfidedignas.com.mx\\\/#website\"},\"primaryImageOfPage\":{\"@id\":\"https:\\\/\\\/fuentesfidedignas.com.mx\\\/index.php\\\/2022\\\/03\\\/04\\\/quirino-ordaz-lamenta-inminente-expulsion-del-pri-pero-ser-embajador-en-espana-es-una-distincion\\\/#primaryimage\"},\"image\":{\"@id\":\"https:\\\/\\\/fuentesfidedignas.com.mx\\\/index.php\\\/2022\\\/03\\\/04\\\/quirino-ordaz-lamenta-inminente-expulsion-del-pri-pero-ser-embajador-en-espana-es-una-distincion\\\/#primaryimage\"},\"thumbnailUrl\":\"https:\\\/\\\/fuentesfidedignas.com.mx\\\/wp-content\\\/uploads\\\/2022\\\/03\\\/Ordaz-Coppel.jpg\",\"datePublished\":\"2022-03-04T13:29:15+00:00\",\"dateModified\":\"2022-03-04T13:29:16+00:00\",\"breadcrumb\":{\"@id\":\"https:\\\/\\\/fuentesfidedignas.com.mx\\\/index.php\\\/2022\\\/03\\\/04\\\/quirino-ordaz-lamenta-inminente-expulsion-del-pri-pero-ser-embajador-en-espana-es-una-distincion\\\/#breadcrumb\"},\"inLanguage\":\"es\",\"potentialAction\":[{\"@type\":\"ReadAction\",\"target\":[\"https:\\\/\\\/fuentesfidedignas.com.mx\\\/index.php\\\/2022\\\/03\\\/04\\\/quirino-ordaz-lamenta-inminente-expulsion-del-pri-pero-ser-embajador-en-espana-es-una-distincion\\\/\"]}]},{\"@type\":\"ImageObject\",\"inLanguage\":\"es\",\"@id\":\"https:\\\/\\\/fuentesfidedignas.com.mx\\\/index.php\\\/2022\\\/03\\\/04\\\/quirino-ordaz-lamenta-inminente-expulsion-del-pri-pero-ser-embajador-en-espana-es-una-distincion\\\/#primaryimage\",\"url\":\"https:\\\/\\\/fuentesfidedignas.com.mx\\\/wp-content\\\/uploads\\\/2022\\\/03\\\/Ordaz-Coppel.jpg\",\"contentUrl\":\"https:\\\/\\\/fuentesfidedignas.com.mx\\\/wp-content\\\/uploads\\\/2022\\\/03\\\/Ordaz-Coppel.jpg\",\"width\":1140,\"height\":712},{\"@type\":\"BreadcrumbList\",\"@id\":\"https:\\\/\\\/fuentesfidedignas.com.mx\\\/index.php\\\/2022\\\/03\\\/04\\\/quirino-ordaz-lamenta-inminente-expulsion-del-pri-pero-ser-embajador-en-espana-es-una-distincion\\\/#breadcrumb\",\"itemListElement\":[{\"@type\":\"ListItem\",\"position\":1,\"name\":\"Inicio\",\"item\":\"https:\\\/\\\/fuentesfidedignas.com.mx\\\/\"},{\"@type\":\"ListItem\",\"position\":2,\"name\":\"Quirino Ordaz lamenta inminente expulsi\u00f3n del PRI, pero \u201cser embajador en Espa\u00f1a es una distinci\u00f3n\u201d\"}]},{\"@type\":\"WebSite\",\"@id\":\"https:\\\/\\\/fuentesfidedignas.com.mx\\\/#website\",\"url\":\"https:\\\/\\\/fuentesfidedignas.com.mx\\\/\",\"name\":\"Fuentes Fidedignas\",\"description\":\"Otro sitio realizado con WordPress\",\"publisher\":{\"@id\":\"https:\\\/\\\/fuentesfidedignas.com.mx\\\/#organization\"},\"potentialAction\":[{\"@type\":\"SearchAction\",\"target\":{\"@type\":\"EntryPoint\",\"urlTemplate\":\"https:\\\/\\\/fuentesfidedignas.com.mx\\\/?s={search_term_string}\"},\"query-input\":{\"@type\":\"PropertyValueSpecification\",\"valueRequired\":true,\"valueName\":\"search_term_string\"}}],\"inLanguage\":\"es\"},{\"@type\":\"Organization\",\"@id\":\"https:\\\/\\\/fuentesfidedignas.com.mx\\\/#organization\",\"name\":\"Fuentes Fidedignas\",\"url\":\"https:\\\/\\\/fuentesfidedignas.com.mx\\\/\",\"logo\":{\"@type\":\"ImageObject\",\"inLanguage\":\"es\",\"@id\":\"https:\\\/\\\/fuentesfidedignas.com.mx\\\/#\\\/schema\\\/logo\\\/image\\\/\",\"url\":\"https:\\\/\\\/fuentesfidedignas.com.mx\\\/wp-content\\\/uploads\\\/2021\\\/04\\\/logo-retina.png\",\"contentUrl\":\"https:\\\/\\\/fuentesfidedignas.com.mx\\\/wp-content\\\/uploads\\\/2021\\\/04\\\/logo-retina.png\",\"width\":280,\"height\":51,\"caption\":\"Fuentes Fidedignas\"},\"image\":{\"@id\":\"https:\\\/\\\/fuentesfidedignas.com.mx\\\/#\\\/schema\\\/logo\\\/image\\\/\"},\"sameAs\":[\"https:\\\/\\\/www.facebook.com\\\/Fuentes-Fidedignas-368234489921644\",\"https:\\\/\\\/x.com\\\/fidedignas\"]},{\"@type\":\"Person\",\"@id\":\"https:\\\/\\\/fuentesfidedignas.com.mx\\\/#\\\/schema\\\/person\\\/fee3882e65fd0510d292c43a346d35d7\",\"name\":\"El Universal\",\"image\":{\"@type\":\"ImageObject\",\"inLanguage\":\"es\",\"@id\":\"https:\\\/\\\/secure.gravatar.com\\\/avatar\\\/1ebc94d82b6c3c081781f73e5b76a0d0c1ac7bf8e57426f18802246eeaa2747c?s=96&d=mm&r=g\",\"url\":\"https:\\\/\\\/secure.gravatar.com\\\/avatar\\\/1ebc94d82b6c3c081781f73e5b76a0d0c1ac7bf8e57426f18802246eeaa2747c?s=96&d=mm&r=g\",\"contentUrl\":\"https:\\\/\\\/secure.gravatar.com\\\/avatar\\\/1ebc94d82b6c3c081781f73e5b76a0d0c1ac7bf8e57426f18802246eeaa2747c?s=96&d=mm&r=g\",\"caption\":\"El Universal\"},\"url\":\"https:\\\/\\\/fuentesfidedignas.com.mx\\\/index.php\\\/author\\\/el-universal\\\/\"}]}<\/script>\n<!-- \/ Yoast SEO plugin. -->","yoast_head_json":{"title":"Quirino Ordaz lamenta inminente expulsi\u00f3n del PRI, pero \u201cser embajador en Espa\u00f1a es una distinci\u00f3n\u201d - Fuentes Fidedignas","robots":{"index":"index","follow":"follow","max-snippet":"max-snippet:-1","max-image-preview":"max-image-preview:large","max-video-preview":"max-video-preview:-1"},"canonical":"https:\/\/fuentesfidedignas.com.mx\/index.php\/2022\/03\/04\/quirino-ordaz-lamenta-inminente-expulsion-del-pri-pero-ser-embajador-en-espana-es-una-distincion\/","og_locale":"es_MX","og_type":"article","og_title":"Quirino Ordaz lamenta inminente expulsi\u00f3n del PRI, pero \u201cser embajador en Espa\u00f1a es una distinci\u00f3n\u201d - Fuentes Fidedignas","og_description":"Incorporarse al cuerpo diplom\u00e1tico es una distinci\u00f3n y no un tema de colores ni partidos, afirma el exgobernador de Sinaloa Ciudad de M\u00e9xico.- El exgobernador de Sinaloa, Quirino Ordaz Coppel, lament\u00f3 la decisi\u00f3n de la dirigencia del PRI de expulsarlo por aceptar la invitaci\u00f3n del presidente Andr\u00e9s Manuel L\u00f3pez a Obrador para ser embajador de [&hellip;]","og_url":"https:\/\/fuentesfidedignas.com.mx\/index.php\/2022\/03\/04\/quirino-ordaz-lamenta-inminente-expulsion-del-pri-pero-ser-embajador-en-espana-es-una-distincion\/","og_site_name":"Fuentes Fidedignas","article_publisher":"https:\/\/www.facebook.com\/Fuentes-Fidedignas-368234489921644","article_published_time":"2022-03-04T13:29:15+00:00","article_modified_time":"2022-03-04T13:29:16+00:00","og_image":[{"width":1140,"height":712,"url":"https:\/\/fuentesfidedignas.com.mx\/wp-content\/uploads\/2022\/03\/Ordaz-Coppel.jpg","type":"image\/jpeg"}],"author":"El Universal","twitter_card":"summary_large_image","twitter_creator":"@fidedignas","twitter_site":"@fidedignas","twitter_misc":{"Escrito por":"El Universal","Tiempo de lectura":"2 minutos"},"schema":{"@context":"https:\/\/schema.org","@graph":[{"@type":"Article","@id":"https:\/\/fuentesfidedignas.com.mx\/index.php\/2022\/03\/04\/quirino-ordaz-lamenta-inminente-expulsion-del-pri-pero-ser-embajador-en-espana-es-una-distincion\/#article","isPartOf":{"@id":"https:\/\/fuentesfidedignas.com.mx\/index.php\/2022\/03\/04\/quirino-ordaz-lamenta-inminente-expulsion-del-pri-pero-ser-embajador-en-espana-es-una-distincion\/"},"author":{"name":"El Universal","@id":"https:\/\/fuentesfidedignas.com.mx\/#\/schema\/person\/fee3882e65fd0510d292c43a346d35d7"},"headline":"Quirino Ordaz lamenta inminente expulsi\u00f3n del PRI, pero \u201cser embajador en Espa\u00f1a es una distinci\u00f3n\u201d","datePublished":"2022-03-04T13:29:15+00:00","dateModified":"2022-03-04T13:29:16+00:00","mainEntityOfPage":{"@id":"https:\/\/fuentesfidedignas.com.mx\/index.php\/2022\/03\/04\/quirino-ordaz-lamenta-inminente-expulsion-del-pri-pero-ser-embajador-en-espana-es-una-distincion\/"},"wordCount":441,"commentCount":0,"publisher":{"@id":"https:\/\/fuentesfidedignas.com.mx\/#organization"},"image":{"@id":"https:\/\/fuentesfidedignas.com.mx\/index.php\/2022\/03\/04\/quirino-ordaz-lamenta-inminente-expulsion-del-pri-pero-ser-embajador-en-espana-es-una-distincion\/#primaryimage"},"thumbnailUrl":"https:\/\/fuentesfidedignas.com.mx\/wp-content\/uploads\/2022\/03\/Ordaz-Coppel.jpg","articleSection":["NOTA PRINCIPAL"],"inLanguage":"es","potentialAction":[{"@type":"CommentAction","name":"Comment","target":["https:\/\/fuentesfidedignas.com.mx\/index.php\/2022\/03\/04\/quirino-ordaz-lamenta-inminente-expulsion-del-pri-pero-ser-embajador-en-espana-es-una-distincion\/#respond"]}]},{"@type":"WebPage","@id":"https:\/\/fuentesfidedignas.com.mx\/index.php\/2022\/03\/04\/quirino-ordaz-lamenta-inminente-expulsion-del-pri-pero-ser-embajador-en-espana-es-una-distincion\/","url":"https:\/\/fuentesfidedignas.com.mx\/index.php\/2022\/03\/04\/quirino-ordaz-lamenta-inminente-expulsion-del-pri-pero-ser-embajador-en-espana-es-una-distincion\/","name":"Quirino Ordaz lamenta inminente expulsi\u00f3n del PRI, pero \u201cser embajador en Espa\u00f1a es una distinci\u00f3n\u201d - Fuentes Fidedignas","isPartOf":{"@id":"https:\/\/fuentesfidedignas.com.mx\/#website"},"primaryImageOfPage":{"@id":"https:\/\/fuentesfidedignas.com.mx\/index.php\/2022\/03\/04\/quirino-ordaz-lamenta-inminente-expulsion-del-pri-pero-ser-embajador-en-espana-es-una-distincion\/#primaryimage"},"image":{"@id":"https:\/\/fuentesfidedignas.com.mx\/index.php\/2022\/03\/04\/quirino-ordaz-lamenta-inminente-expulsion-del-pri-pero-ser-embajador-en-espana-es-una-distincion\/#primaryimage"},"thumbnailUrl":"https:\/\/fuentesfidedignas.com.mx\/wp-content\/uploads\/2022\/03\/Ordaz-Coppel.jpg","datePublished":"2022-03-04T13:29:15+00:00","dateModified":"2022-03-04T13:29:16+00:00","breadcrumb":{"@id":"https:\/\/fuentesfidedignas.com.mx\/index.php\/2022\/03\/04\/quirino-ordaz-lamenta-inminente-expulsion-del-pri-pero-ser-embajador-en-espana-es-una-distincion\/#breadcrumb"},"inLanguage":"es","potentialAction":[{"@type":"ReadAction","target":["https:\/\/fuentesfidedignas.com.mx\/index.php\/2022\/03\/04\/quirino-ordaz-lamenta-inminente-expulsion-del-pri-pero-ser-embajador-en-espana-es-una-distincion\/"]}]},{"@type":"ImageObject","inLanguage":"es","@id":"https:\/\/fuentesfidedignas.com.mx\/index.php\/2022\/03\/04\/quirino-ordaz-lamenta-inminente-expulsion-del-pri-pero-ser-embajador-en-espana-es-una-distincion\/#primaryimage","url":"https:\/\/fuentesfidedignas.com.mx\/wp-content\/uploads\/2022\/03\/Ordaz-Coppel.jpg","contentUrl":"https:\/\/fuentesfidedignas.com.mx\/wp-content\/uploads\/2022\/03\/Ordaz-Coppel.jpg","width":1140,"height":712},{"@type":"BreadcrumbList","@id":"https:\/\/fuentesfidedignas.com.mx\/index.php\/2022\/03\/04\/quirino-ordaz-lamenta-inminente-expulsion-del-pri-pero-ser-embajador-en-espana-es-una-distincion\/#breadcrumb","itemListElement":[{"@type":"ListItem","position":1,"name":"Inicio","item":"https:\/\/fuentesfidedignas.com.mx\/"},{"@type":"ListItem","position":2,"name":"Quirino Ordaz lamenta inminente expulsi\u00f3n del PRI, pero \u201cser embajador en Espa\u00f1a es una distinci\u00f3n\u201d"}]},{"@type":"WebSite","@id":"https:\/\/fuentesfidedignas.com.mx\/#website","url":"https:\/\/fuentesfidedignas.com.mx\/","name":"Fuentes Fidedignas","description":"Otro sitio realizado con WordPress","publisher":{"@id":"https:\/\/fuentesfidedignas.com.mx\/#organization"},"potentialAction":[{"@type":"SearchAction","target":{"@type":"EntryPoint","urlTemplate":"https:\/\/fuentesfidedignas.com.mx\/?s={search_term_string}"},"query-input":{"@type":"PropertyValueSpecification","valueRequired":true,"valueName":"search_term_string"}}],"inLanguage":"es"},{"@type":"Organization","@id":"https:\/\/fuentesfidedignas.com.mx\/#organization","name":"Fuentes Fidedignas","url":"https:\/\/fuentesfidedignas.com.mx\/","logo":{"@type":"ImageObject","inLanguage":"es","@id":"https:\/\/fuentesfidedignas.com.mx\/#\/schema\/logo\/image\/","url":"https:\/\/fuentesfidedignas.com.mx\/wp-content\/uploads\/2021\/04\/logo-retina.png","contentUrl":"https:\/\/fuentesfidedignas.com.mx\/wp-content\/uploads\/2021\/04\/logo-retina.png","width":280,"height":51,"caption":"Fuentes Fidedignas"},"image":{"@id":"https:\/\/fuentesfidedignas.com.mx\/#\/schema\/logo\/image\/"},"sameAs":["https:\/\/www.facebook.com\/Fuentes-Fidedignas-368234489921644","https:\/\/x.com\/fidedignas"]},{"@type":"Person","@id":"https:\/\/fuentesfidedignas.com.mx\/#\/schema\/person\/fee3882e65fd0510d292c43a346d35d7","name":"El Universal","image":{"@type":"ImageObject","inLanguage":"es","@id":"https:\/\/secure.gravatar.com\/avatar\/1ebc94d82b6c3c081781f73e5b76a0d0c1ac7bf8e57426f18802246eeaa2747c?s=96&d=mm&r=g","url":"https:\/\/secure.gravatar.com\/avatar\/1ebc94d82b6c3c081781f73e5b76a0d0c1ac7bf8e57426f18802246eeaa2747c?s=96&d=mm&r=g","contentUrl":"https:\/\/secure.gravatar.com\/avatar\/1ebc94d82b6c3c081781f73e5b76a0d0c1ac7bf8e57426f18802246eeaa2747c?s=96&d=mm&r=g","caption":"El Universal"},"url":"https:\/\/fuentesfidedignas.com.mx\/index.php\/author\/el-universal\/"}]}},"_links":{"self":[{"href":"https:\/\/fuentesfidedignas.com.mx\/index.php\/wp-json\/wp\/v2\/posts\/25413","targetHints":{"allow":["GET"]}}],"collection":[{"href":"https:\/\/fuentesfidedignas.com.mx\/index.php\/wp-json\/wp\/v2\/posts"}],"about":[{"href":"https:\/\/fuentesfidedignas.com.mx\/index.php\/wp-json\/wp\/v2\/types\/post"}],"author":[{"embeddable":true,"href":"https:\/\/fuentesfidedignas.com.mx\/index.php\/wp-json\/wp\/v2\/users\/39"}],"replies":[{"embeddable":true,"href":"https:\/\/fuentesfidedignas.com.mx\/index.php\/wp-json\/wp\/v2\/comments?post=25413"}],"version-history":[{"count":1,"href":"https:\/\/fuentesfidedignas.com.mx\/index.php\/wp-json\/wp\/v2\/posts\/25413\/revisions"}],"predecessor-version":[{"id":25415,"href":"https:\/\/fuentesfidedignas.com.mx\/index.php\/wp-json\/wp\/v2\/posts\/25413\/revisions\/25415"}],"wp:featuredmedia":[{"embeddable":true,"href":"https:\/\/fuentesfidedignas.com.mx\/index.php\/wp-json\/wp\/v2\/media\/25414"}],"wp:attachment":[{"href":"https:\/\/fuentesfidedignas.com.mx\/index.php\/wp-json\/wp\/v2\/media?parent=25413"}],"wp:term":[{"taxonomy":"category","embeddable":true,"href":"https:\/\/fuentesfidedignas.com.mx\/index.php\/wp-json\/wp\/v2\/categories?post=25413"},{"taxonomy":"post_tag","embeddable":true,"href":"https:\/\/fuentesfidedignas.com.mx\/index.php\/wp-json\/wp\/v2\/tags?post=25413"}],"curies":[{"name":"wp","href":"https:\/\/api.w.org\/{rel}","templated":true}]}}