{"id":25329,"date":"2022-03-03T10:04:06","date_gmt":"2022-03-03T17:04:06","guid":{"rendered":"https:\/\/fuentesfidedignas.com.mx\/?p=25329"},"modified":"2022-03-03T10:04:07","modified_gmt":"2022-03-03T17:04:07","slug":"se-registra-sismo-magnitud-4-7-en-guerrero-tras-temblor-en-veracruz","status":"publish","type":"post","link":"https:\/\/fuentesfidedignas.com.mx\/index.php\/2022\/03\/03\/se-registra-sismo-magnitud-4-7-en-guerrero-tras-temblor-en-veracruz\/","title":{"rendered":"Se registra sismo magnitud 4.7 en Guerrero tras temblor en Veracruz"},"content":{"rendered":"\n<p><em><strong>El primer sismo se registr\u00f3 a las 08:40 horas, a 14 kil\u00f3metros al norte de Isla, en Veracruz, y activ\u00f3 la alerta s\u00edsmica de CDMX y buena parte del pa\u00eds<\/strong><\/em><\/p>\n\n\n\n<p>Ciudad de M\u00e9xico.- Un sismo de magnitud 4.7 se registr\u00f3 en Guerrero, minutos despu\u00e9s de que se percibiera en el estado otro sismo, de magnitud 5.7, con epicentro en Isla, Veracruz.<\/p>\n\n\n\n<p>El primer sismo se registr\u00f3 a las 08:40 horas, a 14 kil\u00f3metros al norte de Isla, en Veracruz, y activ\u00f3 la alerta s\u00edsmica de la Ciudad de M\u00e9xico y buena parte del pa\u00eds, lo que llev\u00f3 a miles de personas a evacuar temporalmente los edificios.<\/p>\n\n\n\n<p>El segundo sismo se registr\u00f3 a las 08:54 horas y tuvo una magnitud de 4.7. El epicentro se registr\u00f3 en Atoyac de \u00c1lvarez, Guerrero.<\/p>\n\n\n\n<figure class=\"wp-block-embed is-type-rich is-provider-twitter wp-block-embed-twitter\"><div class=\"wp-block-embed__wrapper\">\n<blockquote class=\"twitter-tweet\" data-width=\"550\" data-dnt=\"true\"><p lang=\"es\" dir=\"ltr\">SISMO Magnitud 4.7 Loc  30 km al SUR de ATOYAC DE ALVAREZ, GRO 03\/03\/22 08:54:49 Lat 16.94 Lon -100.51 Pf 3 km <a href=\"https:\/\/t.co\/mY56e5DwBL\">pic.twitter.com\/mY56e5DwBL<\/a><\/p>&mdash; Sismologico Nacional (@SismologicoMX) <a href=\"https:\/\/twitter.com\/SismologicoMX\/status\/1499404249544814598?ref_src=twsrc%5Etfw\">March 3, 2022<\/a><\/blockquote><script async src=\"https:\/\/platform.twitter.com\/widgets.js\" charset=\"utf-8\"><\/script>\n<\/div><\/figure>\n\n\n\n<p>En ambos casos, la Secretar\u00eda de Protecci\u00f3n Civil estatal activ\u00f3 los protocolos de seguridad.<\/p>\n\n\n\n<p>Autoridades estatales no tienen reportes de afectaciones ni v\u00edctimas.<\/p>\n","protected":false},"excerpt":{"rendered":"<p>El primer sismo se registr\u00f3 a las 08:40 horas, a 14 kil\u00f3metros al norte de Isla, en Veracruz, y activ\u00f3 la alerta s\u00edsmica de CDMX y buena parte del pa\u00eds Ciudad de M\u00e9xico.- Un sismo de magnitud 4.7 se registr\u00f3 en Guerrero, minutos despu\u00e9s de que se percibiera en el estado otro sismo, de magnitud [&hellip;]<\/p>\n","protected":false},"author":46,"featured_media":25330,"comment_status":"open","ping_status":"open","sticky":false,"template":"","format":"standard","meta":{"tdm_status":"","tdm_grid_status":"","footnotes":""},"categories":[39],"tags":[175,1777,1370],"class_list":{"0":"post-25329","1":"post","2":"type-post","3":"status-publish","4":"format-standard","5":"has-post-thumbnail","7":"category-noticias-nacionales","8":"tag-guerrero","9":"tag-sismo","10":"tag-veracruz"},"yoast_head":"<!-- This site is optimized with the Yoast SEO plugin v27.5 - https:\/\/yoast.com\/product\/yoast-seo-wordpress\/ -->\n<title>Se registra sismo magnitud 4.7 en Guerrero tras temblor en Veracruz - Fuentes Fidedignas<\/title>\n<meta name=\"robots\" content=\"index, follow, max-snippet:-1, max-image-preview:large, max-video-preview:-1\" \/>\n<link rel=\"canonical\" href=\"https:\/\/fuentesfidedignas.com.mx\/index.php\/2022\/03\/03\/se-registra-sismo-magnitud-4-7-en-guerrero-tras-temblor-en-veracruz\/\" \/>\n<meta property=\"og:locale\" content=\"es_MX\" \/>\n<meta property=\"og:type\" content=\"article\" \/>\n<meta property=\"og:title\" content=\"Se registra sismo magnitud 4.7 en Guerrero tras temblor en Veracruz - Fuentes Fidedignas\" \/>\n<meta property=\"og:description\" content=\"El primer sismo se registr\u00f3 a las 08:40 horas, a 14 kil\u00f3metros al norte de Isla, en Veracruz, y activ\u00f3 la alerta s\u00edsmica de CDMX y buena parte del pa\u00eds Ciudad de M\u00e9xico.- Un sismo de magnitud 4.7 se registr\u00f3 en Guerrero, minutos despu\u00e9s de que se percibiera en el estado otro sismo, de magnitud [&hellip;]\" \/>\n<meta property=\"og:url\" content=\"https:\/\/fuentesfidedignas.com.mx\/index.php\/2022\/03\/03\/se-registra-sismo-magnitud-4-7-en-guerrero-tras-temblor-en-veracruz\/\" \/>\n<meta property=\"og:site_name\" content=\"Fuentes Fidedignas\" \/>\n<meta property=\"article:publisher\" content=\"https:\/\/www.facebook.com\/Fuentes-Fidedignas-368234489921644\" \/>\n<meta property=\"article:published_time\" content=\"2022-03-03T17:04:06+00:00\" \/>\n<meta property=\"article:modified_time\" content=\"2022-03-03T17:04:07+00:00\" \/>\n<meta property=\"og:image\" content=\"https:\/\/fuentesfidedignas.com.mx\/wp-content\/uploads\/2022\/03\/sismo-guerrero-ok.jpg\" \/>\n\t<meta property=\"og:image:width\" content=\"1280\" \/>\n\t<meta property=\"og:image:height\" content=\"720\" \/>\n\t<meta property=\"og:image:type\" content=\"image\/jpeg\" \/>\n<meta name=\"author\" content=\"Noticieros Televisa\" \/>\n<meta name=\"twitter:card\" content=\"summary_large_image\" \/>\n<meta name=\"twitter:creator\" content=\"@fidedignas\" \/>\n<meta name=\"twitter:site\" content=\"@fidedignas\" \/>\n<meta name=\"twitter:label1\" content=\"Escrito por\" \/>\n\t<meta name=\"twitter:data1\" content=\"Noticieros Televisa\" \/>\n\t<meta name=\"twitter:label2\" content=\"Tiempo de lectura\" \/>\n\t<meta name=\"twitter:data2\" content=\"1 minuto\" \/>\n<script type=\"application\/ld+json\" class=\"yoast-schema-graph\">{\"@context\":\"https:\\\/\\\/schema.org\",\"@graph\":[{\"@type\":\"Article\",\"@id\":\"https:\\\/\\\/fuentesfidedignas.com.mx\\\/index.php\\\/2022\\\/03\\\/03\\\/se-registra-sismo-magnitud-4-7-en-guerrero-tras-temblor-en-veracruz\\\/#article\",\"isPartOf\":{\"@id\":\"https:\\\/\\\/fuentesfidedignas.com.mx\\\/index.php\\\/2022\\\/03\\\/03\\\/se-registra-sismo-magnitud-4-7-en-guerrero-tras-temblor-en-veracruz\\\/\"},\"author\":{\"name\":\"Noticieros Televisa\",\"@id\":\"https:\\\/\\\/fuentesfidedignas.com.mx\\\/#\\\/schema\\\/person\\\/f030e42657a5a464a8bbd891b1aab6ee\"},\"headline\":\"Se registra sismo magnitud 4.7 en Guerrero tras temblor en Veracruz\",\"datePublished\":\"2022-03-03T17:04:06+00:00\",\"dateModified\":\"2022-03-03T17:04:07+00:00\",\"mainEntityOfPage\":{\"@id\":\"https:\\\/\\\/fuentesfidedignas.com.mx\\\/index.php\\\/2022\\\/03\\\/03\\\/se-registra-sismo-magnitud-4-7-en-guerrero-tras-temblor-en-veracruz\\\/\"},\"wordCount\":197,\"commentCount\":0,\"publisher\":{\"@id\":\"https:\\\/\\\/fuentesfidedignas.com.mx\\\/#organization\"},\"image\":{\"@id\":\"https:\\\/\\\/fuentesfidedignas.com.mx\\\/index.php\\\/2022\\\/03\\\/03\\\/se-registra-sismo-magnitud-4-7-en-guerrero-tras-temblor-en-veracruz\\\/#primaryimage\"},\"thumbnailUrl\":\"https:\\\/\\\/fuentesfidedignas.com.mx\\\/wp-content\\\/uploads\\\/2022\\\/03\\\/sismo-guerrero-ok.jpg\",\"keywords\":[\"Guerrero\",\"Sismo\",\"Veracruz\"],\"articleSection\":[\"NOTICIAS NACIONALES\"],\"inLanguage\":\"es\",\"potentialAction\":[{\"@type\":\"CommentAction\",\"name\":\"Comment\",\"target\":[\"https:\\\/\\\/fuentesfidedignas.com.mx\\\/index.php\\\/2022\\\/03\\\/03\\\/se-registra-sismo-magnitud-4-7-en-guerrero-tras-temblor-en-veracruz\\\/#respond\"]}]},{\"@type\":\"WebPage\",\"@id\":\"https:\\\/\\\/fuentesfidedignas.com.mx\\\/index.php\\\/2022\\\/03\\\/03\\\/se-registra-sismo-magnitud-4-7-en-guerrero-tras-temblor-en-veracruz\\\/\",\"url\":\"https:\\\/\\\/fuentesfidedignas.com.mx\\\/index.php\\\/2022\\\/03\\\/03\\\/se-registra-sismo-magnitud-4-7-en-guerrero-tras-temblor-en-veracruz\\\/\",\"name\":\"Se registra sismo magnitud 4.7 en Guerrero tras temblor en Veracruz - Fuentes Fidedignas\",\"isPartOf\":{\"@id\":\"https:\\\/\\\/fuentesfidedignas.com.mx\\\/#website\"},\"primaryImageOfPage\":{\"@id\":\"https:\\\/\\\/fuentesfidedignas.com.mx\\\/index.php\\\/2022\\\/03\\\/03\\\/se-registra-sismo-magnitud-4-7-en-guerrero-tras-temblor-en-veracruz\\\/#primaryimage\"},\"image\":{\"@id\":\"https:\\\/\\\/fuentesfidedignas.com.mx\\\/index.php\\\/2022\\\/03\\\/03\\\/se-registra-sismo-magnitud-4-7-en-guerrero-tras-temblor-en-veracruz\\\/#primaryimage\"},\"thumbnailUrl\":\"https:\\\/\\\/fuentesfidedignas.com.mx\\\/wp-content\\\/uploads\\\/2022\\\/03\\\/sismo-guerrero-ok.jpg\",\"datePublished\":\"2022-03-03T17:04:06+00:00\",\"dateModified\":\"2022-03-03T17:04:07+00:00\",\"breadcrumb\":{\"@id\":\"https:\\\/\\\/fuentesfidedignas.com.mx\\\/index.php\\\/2022\\\/03\\\/03\\\/se-registra-sismo-magnitud-4-7-en-guerrero-tras-temblor-en-veracruz\\\/#breadcrumb\"},\"inLanguage\":\"es\",\"potentialAction\":[{\"@type\":\"ReadAction\",\"target\":[\"https:\\\/\\\/fuentesfidedignas.com.mx\\\/index.php\\\/2022\\\/03\\\/03\\\/se-registra-sismo-magnitud-4-7-en-guerrero-tras-temblor-en-veracruz\\\/\"]}]},{\"@type\":\"ImageObject\",\"inLanguage\":\"es\",\"@id\":\"https:\\\/\\\/fuentesfidedignas.com.mx\\\/index.php\\\/2022\\\/03\\\/03\\\/se-registra-sismo-magnitud-4-7-en-guerrero-tras-temblor-en-veracruz\\\/#primaryimage\",\"url\":\"https:\\\/\\\/fuentesfidedignas.com.mx\\\/wp-content\\\/uploads\\\/2022\\\/03\\\/sismo-guerrero-ok.jpg\",\"contentUrl\":\"https:\\\/\\\/fuentesfidedignas.com.mx\\\/wp-content\\\/uploads\\\/2022\\\/03\\\/sismo-guerrero-ok.jpg\",\"width\":1280,\"height\":720},{\"@type\":\"BreadcrumbList\",\"@id\":\"https:\\\/\\\/fuentesfidedignas.com.mx\\\/index.php\\\/2022\\\/03\\\/03\\\/se-registra-sismo-magnitud-4-7-en-guerrero-tras-temblor-en-veracruz\\\/#breadcrumb\",\"itemListElement\":[{\"@type\":\"ListItem\",\"position\":1,\"name\":\"Inicio\",\"item\":\"https:\\\/\\\/fuentesfidedignas.com.mx\\\/\"},{\"@type\":\"ListItem\",\"position\":2,\"name\":\"Se registra sismo magnitud 4.7 en Guerrero tras temblor en Veracruz\"}]},{\"@type\":\"WebSite\",\"@id\":\"https:\\\/\\\/fuentesfidedignas.com.mx\\\/#website\",\"url\":\"https:\\\/\\\/fuentesfidedignas.com.mx\\\/\",\"name\":\"Fuentes Fidedignas\",\"description\":\"Otro sitio realizado con WordPress\",\"publisher\":{\"@id\":\"https:\\\/\\\/fuentesfidedignas.com.mx\\\/#organization\"},\"potentialAction\":[{\"@type\":\"SearchAction\",\"target\":{\"@type\":\"EntryPoint\",\"urlTemplate\":\"https:\\\/\\\/fuentesfidedignas.com.mx\\\/?s={search_term_string}\"},\"query-input\":{\"@type\":\"PropertyValueSpecification\",\"valueRequired\":true,\"valueName\":\"search_term_string\"}}],\"inLanguage\":\"es\"},{\"@type\":\"Organization\",\"@id\":\"https:\\\/\\\/fuentesfidedignas.com.mx\\\/#organization\",\"name\":\"Fuentes Fidedignas\",\"url\":\"https:\\\/\\\/fuentesfidedignas.com.mx\\\/\",\"logo\":{\"@type\":\"ImageObject\",\"inLanguage\":\"es\",\"@id\":\"https:\\\/\\\/fuentesfidedignas.com.mx\\\/#\\\/schema\\\/logo\\\/image\\\/\",\"url\":\"https:\\\/\\\/fuentesfidedignas.com.mx\\\/wp-content\\\/uploads\\\/2021\\\/04\\\/logo-retina.png\",\"contentUrl\":\"https:\\\/\\\/fuentesfidedignas.com.mx\\\/wp-content\\\/uploads\\\/2021\\\/04\\\/logo-retina.png\",\"width\":280,\"height\":51,\"caption\":\"Fuentes Fidedignas\"},\"image\":{\"@id\":\"https:\\\/\\\/fuentesfidedignas.com.mx\\\/#\\\/schema\\\/logo\\\/image\\\/\"},\"sameAs\":[\"https:\\\/\\\/www.facebook.com\\\/Fuentes-Fidedignas-368234489921644\",\"https:\\\/\\\/x.com\\\/fidedignas\"]},{\"@type\":\"Person\",\"@id\":\"https:\\\/\\\/fuentesfidedignas.com.mx\\\/#\\\/schema\\\/person\\\/f030e42657a5a464a8bbd891b1aab6ee\",\"name\":\"Noticieros Televisa\",\"image\":{\"@type\":\"ImageObject\",\"inLanguage\":\"es\",\"@id\":\"https:\\\/\\\/secure.gravatar.com\\\/avatar\\\/0e47b9e785a628831b8fd9eaf15e090e106760a879abbd4a3306f128ef5d43a9?s=96&d=mm&r=g\",\"url\":\"https:\\\/\\\/secure.gravatar.com\\\/avatar\\\/0e47b9e785a628831b8fd9eaf15e090e106760a879abbd4a3306f128ef5d43a9?s=96&d=mm&r=g\",\"contentUrl\":\"https:\\\/\\\/secure.gravatar.com\\\/avatar\\\/0e47b9e785a628831b8fd9eaf15e090e106760a879abbd4a3306f128ef5d43a9?s=96&d=mm&r=g\",\"caption\":\"Noticieros Televisa\"},\"url\":\"https:\\\/\\\/fuentesfidedignas.com.mx\\\/index.php\\\/author\\\/noticieros-televisa\\\/\"}]}<\/script>\n<!-- \/ Yoast SEO plugin. -->","yoast_head_json":{"title":"Se registra sismo magnitud 4.7 en Guerrero tras temblor en Veracruz - Fuentes Fidedignas","robots":{"index":"index","follow":"follow","max-snippet":"max-snippet:-1","max-image-preview":"max-image-preview:large","max-video-preview":"max-video-preview:-1"},"canonical":"https:\/\/fuentesfidedignas.com.mx\/index.php\/2022\/03\/03\/se-registra-sismo-magnitud-4-7-en-guerrero-tras-temblor-en-veracruz\/","og_locale":"es_MX","og_type":"article","og_title":"Se registra sismo magnitud 4.7 en Guerrero tras temblor en Veracruz - Fuentes Fidedignas","og_description":"El primer sismo se registr\u00f3 a las 08:40 horas, a 14 kil\u00f3metros al norte de Isla, en Veracruz, y activ\u00f3 la alerta s\u00edsmica de CDMX y buena parte del pa\u00eds Ciudad de M\u00e9xico.- Un sismo de magnitud 4.7 se registr\u00f3 en Guerrero, minutos despu\u00e9s de que se percibiera en el estado otro sismo, de magnitud [&hellip;]","og_url":"https:\/\/fuentesfidedignas.com.mx\/index.php\/2022\/03\/03\/se-registra-sismo-magnitud-4-7-en-guerrero-tras-temblor-en-veracruz\/","og_site_name":"Fuentes Fidedignas","article_publisher":"https:\/\/www.facebook.com\/Fuentes-Fidedignas-368234489921644","article_published_time":"2022-03-03T17:04:06+00:00","article_modified_time":"2022-03-03T17:04:07+00:00","og_image":[{"width":1280,"height":720,"url":"https:\/\/fuentesfidedignas.com.mx\/wp-content\/uploads\/2022\/03\/sismo-guerrero-ok.jpg","type":"image\/jpeg"}],"author":"Noticieros Televisa","twitter_card":"summary_large_image","twitter_creator":"@fidedignas","twitter_site":"@fidedignas","twitter_misc":{"Escrito por":"Noticieros Televisa","Tiempo de lectura":"1 minuto"},"schema":{"@context":"https:\/\/schema.org","@graph":[{"@type":"Article","@id":"https:\/\/fuentesfidedignas.com.mx\/index.php\/2022\/03\/03\/se-registra-sismo-magnitud-4-7-en-guerrero-tras-temblor-en-veracruz\/#article","isPartOf":{"@id":"https:\/\/fuentesfidedignas.com.mx\/index.php\/2022\/03\/03\/se-registra-sismo-magnitud-4-7-en-guerrero-tras-temblor-en-veracruz\/"},"author":{"name":"Noticieros Televisa","@id":"https:\/\/fuentesfidedignas.com.mx\/#\/schema\/person\/f030e42657a5a464a8bbd891b1aab6ee"},"headline":"Se registra sismo magnitud 4.7 en Guerrero tras temblor en Veracruz","datePublished":"2022-03-03T17:04:06+00:00","dateModified":"2022-03-03T17:04:07+00:00","mainEntityOfPage":{"@id":"https:\/\/fuentesfidedignas.com.mx\/index.php\/2022\/03\/03\/se-registra-sismo-magnitud-4-7-en-guerrero-tras-temblor-en-veracruz\/"},"wordCount":197,"commentCount":0,"publisher":{"@id":"https:\/\/fuentesfidedignas.com.mx\/#organization"},"image":{"@id":"https:\/\/fuentesfidedignas.com.mx\/index.php\/2022\/03\/03\/se-registra-sismo-magnitud-4-7-en-guerrero-tras-temblor-en-veracruz\/#primaryimage"},"thumbnailUrl":"https:\/\/fuentesfidedignas.com.mx\/wp-content\/uploads\/2022\/03\/sismo-guerrero-ok.jpg","keywords":["Guerrero","Sismo","Veracruz"],"articleSection":["NOTICIAS NACIONALES"],"inLanguage":"es","potentialAction":[{"@type":"CommentAction","name":"Comment","target":["https:\/\/fuentesfidedignas.com.mx\/index.php\/2022\/03\/03\/se-registra-sismo-magnitud-4-7-en-guerrero-tras-temblor-en-veracruz\/#respond"]}]},{"@type":"WebPage","@id":"https:\/\/fuentesfidedignas.com.mx\/index.php\/2022\/03\/03\/se-registra-sismo-magnitud-4-7-en-guerrero-tras-temblor-en-veracruz\/","url":"https:\/\/fuentesfidedignas.com.mx\/index.php\/2022\/03\/03\/se-registra-sismo-magnitud-4-7-en-guerrero-tras-temblor-en-veracruz\/","name":"Se registra sismo magnitud 4.7 en Guerrero tras temblor en Veracruz - Fuentes Fidedignas","isPartOf":{"@id":"https:\/\/fuentesfidedignas.com.mx\/#website"},"primaryImageOfPage":{"@id":"https:\/\/fuentesfidedignas.com.mx\/index.php\/2022\/03\/03\/se-registra-sismo-magnitud-4-7-en-guerrero-tras-temblor-en-veracruz\/#primaryimage"},"image":{"@id":"https:\/\/fuentesfidedignas.com.mx\/index.php\/2022\/03\/03\/se-registra-sismo-magnitud-4-7-en-guerrero-tras-temblor-en-veracruz\/#primaryimage"},"thumbnailUrl":"https:\/\/fuentesfidedignas.com.mx\/wp-content\/uploads\/2022\/03\/sismo-guerrero-ok.jpg","datePublished":"2022-03-03T17:04:06+00:00","dateModified":"2022-03-03T17:04:07+00:00","breadcrumb":{"@id":"https:\/\/fuentesfidedignas.com.mx\/index.php\/2022\/03\/03\/se-registra-sismo-magnitud-4-7-en-guerrero-tras-temblor-en-veracruz\/#breadcrumb"},"inLanguage":"es","potentialAction":[{"@type":"ReadAction","target":["https:\/\/fuentesfidedignas.com.mx\/index.php\/2022\/03\/03\/se-registra-sismo-magnitud-4-7-en-guerrero-tras-temblor-en-veracruz\/"]}]},{"@type":"ImageObject","inLanguage":"es","@id":"https:\/\/fuentesfidedignas.com.mx\/index.php\/2022\/03\/03\/se-registra-sismo-magnitud-4-7-en-guerrero-tras-temblor-en-veracruz\/#primaryimage","url":"https:\/\/fuentesfidedignas.com.mx\/wp-content\/uploads\/2022\/03\/sismo-guerrero-ok.jpg","contentUrl":"https:\/\/fuentesfidedignas.com.mx\/wp-content\/uploads\/2022\/03\/sismo-guerrero-ok.jpg","width":1280,"height":720},{"@type":"BreadcrumbList","@id":"https:\/\/fuentesfidedignas.com.mx\/index.php\/2022\/03\/03\/se-registra-sismo-magnitud-4-7-en-guerrero-tras-temblor-en-veracruz\/#breadcrumb","itemListElement":[{"@type":"ListItem","position":1,"name":"Inicio","item":"https:\/\/fuentesfidedignas.com.mx\/"},{"@type":"ListItem","position":2,"name":"Se registra sismo magnitud 4.7 en Guerrero tras temblor en Veracruz"}]},{"@type":"WebSite","@id":"https:\/\/fuentesfidedignas.com.mx\/#website","url":"https:\/\/fuentesfidedignas.com.mx\/","name":"Fuentes Fidedignas","description":"Otro sitio realizado con WordPress","publisher":{"@id":"https:\/\/fuentesfidedignas.com.mx\/#organization"},"potentialAction":[{"@type":"SearchAction","target":{"@type":"EntryPoint","urlTemplate":"https:\/\/fuentesfidedignas.com.mx\/?s={search_term_string}"},"query-input":{"@type":"PropertyValueSpecification","valueRequired":true,"valueName":"search_term_string"}}],"inLanguage":"es"},{"@type":"Organization","@id":"https:\/\/fuentesfidedignas.com.mx\/#organization","name":"Fuentes Fidedignas","url":"https:\/\/fuentesfidedignas.com.mx\/","logo":{"@type":"ImageObject","inLanguage":"es","@id":"https:\/\/fuentesfidedignas.com.mx\/#\/schema\/logo\/image\/","url":"https:\/\/fuentesfidedignas.com.mx\/wp-content\/uploads\/2021\/04\/logo-retina.png","contentUrl":"https:\/\/fuentesfidedignas.com.mx\/wp-content\/uploads\/2021\/04\/logo-retina.png","width":280,"height":51,"caption":"Fuentes Fidedignas"},"image":{"@id":"https:\/\/fuentesfidedignas.com.mx\/#\/schema\/logo\/image\/"},"sameAs":["https:\/\/www.facebook.com\/Fuentes-Fidedignas-368234489921644","https:\/\/x.com\/fidedignas"]},{"@type":"Person","@id":"https:\/\/fuentesfidedignas.com.mx\/#\/schema\/person\/f030e42657a5a464a8bbd891b1aab6ee","name":"Noticieros Televisa","image":{"@type":"ImageObject","inLanguage":"es","@id":"https:\/\/secure.gravatar.com\/avatar\/0e47b9e785a628831b8fd9eaf15e090e106760a879abbd4a3306f128ef5d43a9?s=96&d=mm&r=g","url":"https:\/\/secure.gravatar.com\/avatar\/0e47b9e785a628831b8fd9eaf15e090e106760a879abbd4a3306f128ef5d43a9?s=96&d=mm&r=g","contentUrl":"https:\/\/secure.gravatar.com\/avatar\/0e47b9e785a628831b8fd9eaf15e090e106760a879abbd4a3306f128ef5d43a9?s=96&d=mm&r=g","caption":"Noticieros Televisa"},"url":"https:\/\/fuentesfidedignas.com.mx\/index.php\/author\/noticieros-televisa\/"}]}},"_links":{"self":[{"href":"https:\/\/fuentesfidedignas.com.mx\/index.php\/wp-json\/wp\/v2\/posts\/25329","targetHints":{"allow":["GET"]}}],"collection":[{"href":"https:\/\/fuentesfidedignas.com.mx\/index.php\/wp-json\/wp\/v2\/posts"}],"about":[{"href":"https:\/\/fuentesfidedignas.com.mx\/index.php\/wp-json\/wp\/v2\/types\/post"}],"author":[{"embeddable":true,"href":"https:\/\/fuentesfidedignas.com.mx\/index.php\/wp-json\/wp\/v2\/users\/46"}],"replies":[{"embeddable":true,"href":"https:\/\/fuentesfidedignas.com.mx\/index.php\/wp-json\/wp\/v2\/comments?post=25329"}],"version-history":[{"count":1,"href":"https:\/\/fuentesfidedignas.com.mx\/index.php\/wp-json\/wp\/v2\/posts\/25329\/revisions"}],"predecessor-version":[{"id":25331,"href":"https:\/\/fuentesfidedignas.com.mx\/index.php\/wp-json\/wp\/v2\/posts\/25329\/revisions\/25331"}],"wp:featuredmedia":[{"embeddable":true,"href":"https:\/\/fuentesfidedignas.com.mx\/index.php\/wp-json\/wp\/v2\/media\/25330"}],"wp:attachment":[{"href":"https:\/\/fuentesfidedignas.com.mx\/index.php\/wp-json\/wp\/v2\/media?parent=25329"}],"wp:term":[{"taxonomy":"category","embeddable":true,"href":"https:\/\/fuentesfidedignas.com.mx\/index.php\/wp-json\/wp\/v2\/categories?post=25329"},{"taxonomy":"post_tag","embeddable":true,"href":"https:\/\/fuentesfidedignas.com.mx\/index.php\/wp-json\/wp\/v2\/tags?post=25329"}],"curies":[{"name":"wp","href":"https:\/\/api.w.org\/{rel}","templated":true}]}}