{"id":25233,"date":"2022-03-02T07:50:54","date_gmt":"2022-03-02T14:50:54","guid":{"rendered":"https:\/\/fuentesfidedignas.com.mx\/?p=25233"},"modified":"2022-03-02T07:50:55","modified_gmt":"2022-03-02T14:50:55","slug":"mexico-recibira-a-todos-los-que-pidan-refugio-por-conflicto-rusia-ucrania-amlo","status":"publish","type":"post","link":"https:\/\/fuentesfidedignas.com.mx\/index.php\/2022\/03\/02\/mexico-recibira-a-todos-los-que-pidan-refugio-por-conflicto-rusia-ucrania-amlo\/","title":{"rendered":"M\u00e9xico recibir\u00e1 a todos los que pidan refugio por conflicto Rusia-Ucrania: AMLO"},"content":{"rendered":"\n<p><strong><em>El presidente L\u00f3pez Obrador dijo que por conflicto en Ucrania M\u00e9xico dar\u00e1 asilo a quien lo solicite sin importar nacionalidad.<\/em><\/strong><\/p>\n\n\n\n<p>Ciudad de M\u00e9xico.- El presidente Andr\u00e9s Manuel L\u00f3pez Obrador afirm\u00f3 este mi\u00e9rcoles que M\u00e9xico est\u00e1 preparado para recibir a todos los ciudadanos que pidan refugio derivado del conflicto b\u00e9lico entre Rusia y Ucrania.<\/p>\n\n\n\n<p>El fin de semana pasado, las Fuerzas Armadas mexicanas enviaron un avi\u00f3n a la frontera de Rumania con Ucrania para repatriar a los mexicanos que buscan salir de aquel pa\u00eds que diariamente es asediado con misiles rusos.<\/p>\n\n\n\n<p>\u201cYa salieron un grupo de mexicanos de Ucrania, ese es el informe que nos dieron ahora, ya est\u00e1n en la frontera, llegaron en autobuses hacia la frontera. Se est\u00e1 haciendo el programa para el traslado, para salir. Pero eso lo va a informar el secretario de Relaciones Exteriores. Todos los que nos pidan refugio en nuestro pa\u00eds ser\u00e1n recibidos, protegidos y bienvenidos\u201d, coment\u00f3 el mandatario federal en conferencia de prensa desde Palacio Nacional.<\/p>\n\n\n\n<p>De acuerdo con reportes de la Canciller\u00eda, actualmente 26 mexicanos han podido salir de Ucrania y se espera que 18 connacionales abandonen dicho pa\u00eds. Se prev\u00e9 que el avi\u00f3n del Ej\u00e9rcito mexicano regrese de Rumania con al menos 44 mexicanos.<\/p>\n\n\n\n<p>Los mexicanos fueron acompa\u00f1ados desde Kiev por el embajadora de M\u00e9xico en Ucrania, Olga Garc\u00eda, ante los retenes de seguridad implantados por el Ej\u00e9rcito ruso quien mantiene ocupadas diversas ciudades de dicho pa\u00eds.<\/p>\n\n\n\n<p>Se tiene previsto que el avi\u00f3n de las Fuerzas Armadas despegue hacia M\u00e9xico este jueves 3 de marzo.<\/p>\n","protected":false},"excerpt":{"rendered":"<p>El presidente L\u00f3pez Obrador dijo que por conflicto en Ucrania M\u00e9xico dar\u00e1 asilo a quien lo solicite sin importar nacionalidad. Ciudad de M\u00e9xico.- El presidente Andr\u00e9s Manuel L\u00f3pez Obrador afirm\u00f3 este mi\u00e9rcoles que M\u00e9xico est\u00e1 preparado para recibir a todos los ciudadanos que pidan refugio derivado del conflicto b\u00e9lico entre Rusia y Ucrania. El fin [&hellip;]<\/p>\n","protected":false},"author":5,"featured_media":25234,"comment_status":"open","ping_status":"open","sticky":false,"template":"","format":"standard","meta":{"tdm_status":"","tdm_grid_status":"","footnotes":""},"categories":[39],"tags":[247,297,2445,141,2362],"class_list":{"0":"post-25233","1":"post","2":"type-post","3":"status-publish","4":"format-standard","5":"has-post-thumbnail","7":"category-noticias-nacionales","8":"tag-amlo","9":"tag-andres-manuel-lopez-obrador","10":"tag-refugiados","11":"tag-rusia","12":"tag-ucrania"},"yoast_head":"<!-- This site is optimized with the Yoast SEO plugin v27.5 - https:\/\/yoast.com\/product\/yoast-seo-wordpress\/ -->\n<title>M\u00e9xico recibir\u00e1 a todos los que pidan refugio por conflicto Rusia-Ucrania: AMLO - Fuentes Fidedignas<\/title>\n<meta name=\"robots\" content=\"index, follow, max-snippet:-1, max-image-preview:large, max-video-preview:-1\" \/>\n<link rel=\"canonical\" href=\"https:\/\/fuentesfidedignas.com.mx\/index.php\/2022\/03\/02\/mexico-recibira-a-todos-los-que-pidan-refugio-por-conflicto-rusia-ucrania-amlo\/\" \/>\n<meta property=\"og:locale\" content=\"es_MX\" \/>\n<meta property=\"og:type\" content=\"article\" \/>\n<meta property=\"og:title\" content=\"M\u00e9xico recibir\u00e1 a todos los que pidan refugio por conflicto Rusia-Ucrania: AMLO - Fuentes Fidedignas\" \/>\n<meta property=\"og:description\" content=\"El presidente L\u00f3pez Obrador dijo que por conflicto en Ucrania M\u00e9xico dar\u00e1 asilo a quien lo solicite sin importar nacionalidad. Ciudad de M\u00e9xico.- El presidente Andr\u00e9s Manuel L\u00f3pez Obrador afirm\u00f3 este mi\u00e9rcoles que M\u00e9xico est\u00e1 preparado para recibir a todos los ciudadanos que pidan refugio derivado del conflicto b\u00e9lico entre Rusia y Ucrania. El fin [&hellip;]\" \/>\n<meta property=\"og:url\" content=\"https:\/\/fuentesfidedignas.com.mx\/index.php\/2022\/03\/02\/mexico-recibira-a-todos-los-que-pidan-refugio-por-conflicto-rusia-ucrania-amlo\/\" \/>\n<meta property=\"og:site_name\" content=\"Fuentes Fidedignas\" \/>\n<meta property=\"article:publisher\" content=\"https:\/\/www.facebook.com\/Fuentes-Fidedignas-368234489921644\" \/>\n<meta property=\"article:published_time\" content=\"2022-03-02T14:50:54+00:00\" \/>\n<meta property=\"article:modified_time\" content=\"2022-03-02T14:50:55+00:00\" \/>\n<meta property=\"og:image\" content=\"https:\/\/fuentesfidedignas.com.mx\/wp-content\/uploads\/2022\/03\/REFUGIADOS-UCRANIA-EN-HUNGRI\u0301A-e1646149885411-640x360-1.jpg\" \/>\n\t<meta property=\"og:image:width\" content=\"640\" \/>\n\t<meta property=\"og:image:height\" content=\"360\" \/>\n\t<meta property=\"og:image:type\" content=\"image\/jpeg\" \/>\n<meta name=\"author\" content=\"Forbes\" \/>\n<meta name=\"twitter:card\" content=\"summary_large_image\" \/>\n<meta name=\"twitter:creator\" content=\"@fidedignas\" \/>\n<meta name=\"twitter:site\" content=\"@fidedignas\" \/>\n<meta name=\"twitter:label1\" content=\"Escrito por\" \/>\n\t<meta name=\"twitter:data1\" content=\"Forbes\" \/>\n\t<meta name=\"twitter:label2\" content=\"Tiempo de lectura\" \/>\n\t<meta name=\"twitter:data2\" content=\"2 minutos\" \/>\n<script type=\"application\/ld+json\" class=\"yoast-schema-graph\">{\"@context\":\"https:\\\/\\\/schema.org\",\"@graph\":[{\"@type\":\"Article\",\"@id\":\"https:\\\/\\\/fuentesfidedignas.com.mx\\\/index.php\\\/2022\\\/03\\\/02\\\/mexico-recibira-a-todos-los-que-pidan-refugio-por-conflicto-rusia-ucrania-amlo\\\/#article\",\"isPartOf\":{\"@id\":\"https:\\\/\\\/fuentesfidedignas.com.mx\\\/index.php\\\/2022\\\/03\\\/02\\\/mexico-recibira-a-todos-los-que-pidan-refugio-por-conflicto-rusia-ucrania-amlo\\\/\"},\"author\":{\"name\":\"Forbes\",\"@id\":\"https:\\\/\\\/fuentesfidedignas.com.mx\\\/#\\\/schema\\\/person\\\/5623d53fe2e579d825b1679734abcc44\"},\"headline\":\"M\u00e9xico recibir\u00e1 a todos los que pidan refugio por conflicto Rusia-Ucrania: AMLO\",\"datePublished\":\"2022-03-02T14:50:54+00:00\",\"dateModified\":\"2022-03-02T14:50:55+00:00\",\"mainEntityOfPage\":{\"@id\":\"https:\\\/\\\/fuentesfidedignas.com.mx\\\/index.php\\\/2022\\\/03\\\/02\\\/mexico-recibira-a-todos-los-que-pidan-refugio-por-conflicto-rusia-ucrania-amlo\\\/\"},\"wordCount\":288,\"commentCount\":0,\"publisher\":{\"@id\":\"https:\\\/\\\/fuentesfidedignas.com.mx\\\/#organization\"},\"image\":{\"@id\":\"https:\\\/\\\/fuentesfidedignas.com.mx\\\/index.php\\\/2022\\\/03\\\/02\\\/mexico-recibira-a-todos-los-que-pidan-refugio-por-conflicto-rusia-ucrania-amlo\\\/#primaryimage\"},\"thumbnailUrl\":\"https:\\\/\\\/fuentesfidedignas.com.mx\\\/wp-content\\\/uploads\\\/2022\\\/03\\\/REFUGIADOS-UCRANIA-EN-HUNGRI\u0301A-e1646149885411-640x360-1.jpg\",\"keywords\":[\"AMLO\",\"Andr\u00e9s Manuel L\u00f3pez Obrador\",\"Refugiados\",\"Rusia\",\"Ucrania\"],\"articleSection\":[\"NOTICIAS NACIONALES\"],\"inLanguage\":\"es\",\"potentialAction\":[{\"@type\":\"CommentAction\",\"name\":\"Comment\",\"target\":[\"https:\\\/\\\/fuentesfidedignas.com.mx\\\/index.php\\\/2022\\\/03\\\/02\\\/mexico-recibira-a-todos-los-que-pidan-refugio-por-conflicto-rusia-ucrania-amlo\\\/#respond\"]}]},{\"@type\":\"WebPage\",\"@id\":\"https:\\\/\\\/fuentesfidedignas.com.mx\\\/index.php\\\/2022\\\/03\\\/02\\\/mexico-recibira-a-todos-los-que-pidan-refugio-por-conflicto-rusia-ucrania-amlo\\\/\",\"url\":\"https:\\\/\\\/fuentesfidedignas.com.mx\\\/index.php\\\/2022\\\/03\\\/02\\\/mexico-recibira-a-todos-los-que-pidan-refugio-por-conflicto-rusia-ucrania-amlo\\\/\",\"name\":\"M\u00e9xico recibir\u00e1 a todos los que pidan refugio por conflicto Rusia-Ucrania: AMLO - Fuentes Fidedignas\",\"isPartOf\":{\"@id\":\"https:\\\/\\\/fuentesfidedignas.com.mx\\\/#website\"},\"primaryImageOfPage\":{\"@id\":\"https:\\\/\\\/fuentesfidedignas.com.mx\\\/index.php\\\/2022\\\/03\\\/02\\\/mexico-recibira-a-todos-los-que-pidan-refugio-por-conflicto-rusia-ucrania-amlo\\\/#primaryimage\"},\"image\":{\"@id\":\"https:\\\/\\\/fuentesfidedignas.com.mx\\\/index.php\\\/2022\\\/03\\\/02\\\/mexico-recibira-a-todos-los-que-pidan-refugio-por-conflicto-rusia-ucrania-amlo\\\/#primaryimage\"},\"thumbnailUrl\":\"https:\\\/\\\/fuentesfidedignas.com.mx\\\/wp-content\\\/uploads\\\/2022\\\/03\\\/REFUGIADOS-UCRANIA-EN-HUNGRI\u0301A-e1646149885411-640x360-1.jpg\",\"datePublished\":\"2022-03-02T14:50:54+00:00\",\"dateModified\":\"2022-03-02T14:50:55+00:00\",\"breadcrumb\":{\"@id\":\"https:\\\/\\\/fuentesfidedignas.com.mx\\\/index.php\\\/2022\\\/03\\\/02\\\/mexico-recibira-a-todos-los-que-pidan-refugio-por-conflicto-rusia-ucrania-amlo\\\/#breadcrumb\"},\"inLanguage\":\"es\",\"potentialAction\":[{\"@type\":\"ReadAction\",\"target\":[\"https:\\\/\\\/fuentesfidedignas.com.mx\\\/index.php\\\/2022\\\/03\\\/02\\\/mexico-recibira-a-todos-los-que-pidan-refugio-por-conflicto-rusia-ucrania-amlo\\\/\"]}]},{\"@type\":\"ImageObject\",\"inLanguage\":\"es\",\"@id\":\"https:\\\/\\\/fuentesfidedignas.com.mx\\\/index.php\\\/2022\\\/03\\\/02\\\/mexico-recibira-a-todos-los-que-pidan-refugio-por-conflicto-rusia-ucrania-amlo\\\/#primaryimage\",\"url\":\"https:\\\/\\\/fuentesfidedignas.com.mx\\\/wp-content\\\/uploads\\\/2022\\\/03\\\/REFUGIADOS-UCRANIA-EN-HUNGRI\u0301A-e1646149885411-640x360-1.jpg\",\"contentUrl\":\"https:\\\/\\\/fuentesfidedignas.com.mx\\\/wp-content\\\/uploads\\\/2022\\\/03\\\/REFUGIADOS-UCRANIA-EN-HUNGRI\u0301A-e1646149885411-640x360-1.jpg\",\"width\":640,\"height\":360},{\"@type\":\"BreadcrumbList\",\"@id\":\"https:\\\/\\\/fuentesfidedignas.com.mx\\\/index.php\\\/2022\\\/03\\\/02\\\/mexico-recibira-a-todos-los-que-pidan-refugio-por-conflicto-rusia-ucrania-amlo\\\/#breadcrumb\",\"itemListElement\":[{\"@type\":\"ListItem\",\"position\":1,\"name\":\"Inicio\",\"item\":\"https:\\\/\\\/fuentesfidedignas.com.mx\\\/\"},{\"@type\":\"ListItem\",\"position\":2,\"name\":\"M\u00e9xico recibir\u00e1 a todos los que pidan refugio por conflicto Rusia-Ucrania: AMLO\"}]},{\"@type\":\"WebSite\",\"@id\":\"https:\\\/\\\/fuentesfidedignas.com.mx\\\/#website\",\"url\":\"https:\\\/\\\/fuentesfidedignas.com.mx\\\/\",\"name\":\"Fuentes Fidedignas\",\"description\":\"Otro sitio realizado con WordPress\",\"publisher\":{\"@id\":\"https:\\\/\\\/fuentesfidedignas.com.mx\\\/#organization\"},\"potentialAction\":[{\"@type\":\"SearchAction\",\"target\":{\"@type\":\"EntryPoint\",\"urlTemplate\":\"https:\\\/\\\/fuentesfidedignas.com.mx\\\/?s={search_term_string}\"},\"query-input\":{\"@type\":\"PropertyValueSpecification\",\"valueRequired\":true,\"valueName\":\"search_term_string\"}}],\"inLanguage\":\"es\"},{\"@type\":\"Organization\",\"@id\":\"https:\\\/\\\/fuentesfidedignas.com.mx\\\/#organization\",\"name\":\"Fuentes Fidedignas\",\"url\":\"https:\\\/\\\/fuentesfidedignas.com.mx\\\/\",\"logo\":{\"@type\":\"ImageObject\",\"inLanguage\":\"es\",\"@id\":\"https:\\\/\\\/fuentesfidedignas.com.mx\\\/#\\\/schema\\\/logo\\\/image\\\/\",\"url\":\"https:\\\/\\\/fuentesfidedignas.com.mx\\\/wp-content\\\/uploads\\\/2021\\\/04\\\/logo-retina.png\",\"contentUrl\":\"https:\\\/\\\/fuentesfidedignas.com.mx\\\/wp-content\\\/uploads\\\/2021\\\/04\\\/logo-retina.png\",\"width\":280,\"height\":51,\"caption\":\"Fuentes Fidedignas\"},\"image\":{\"@id\":\"https:\\\/\\\/fuentesfidedignas.com.mx\\\/#\\\/schema\\\/logo\\\/image\\\/\"},\"sameAs\":[\"https:\\\/\\\/www.facebook.com\\\/Fuentes-Fidedignas-368234489921644\",\"https:\\\/\\\/x.com\\\/fidedignas\"]},{\"@type\":\"Person\",\"@id\":\"https:\\\/\\\/fuentesfidedignas.com.mx\\\/#\\\/schema\\\/person\\\/5623d53fe2e579d825b1679734abcc44\",\"name\":\"Forbes\",\"image\":{\"@type\":\"ImageObject\",\"inLanguage\":\"es\",\"@id\":\"https:\\\/\\\/secure.gravatar.com\\\/avatar\\\/87ce3dd4e41e60c22a79c758614f01a6bc2469255fc936ec7b15efb9bb5cb66f?s=96&d=mm&r=g\",\"url\":\"https:\\\/\\\/secure.gravatar.com\\\/avatar\\\/87ce3dd4e41e60c22a79c758614f01a6bc2469255fc936ec7b15efb9bb5cb66f?s=96&d=mm&r=g\",\"contentUrl\":\"https:\\\/\\\/secure.gravatar.com\\\/avatar\\\/87ce3dd4e41e60c22a79c758614f01a6bc2469255fc936ec7b15efb9bb5cb66f?s=96&d=mm&r=g\",\"caption\":\"Forbes\"},\"url\":\"https:\\\/\\\/fuentesfidedignas.com.mx\\\/index.php\\\/author\\\/forbes\\\/\"}]}<\/script>\n<!-- \/ Yoast SEO plugin. -->","yoast_head_json":{"title":"M\u00e9xico recibir\u00e1 a todos los que pidan refugio por conflicto Rusia-Ucrania: AMLO - Fuentes Fidedignas","robots":{"index":"index","follow":"follow","max-snippet":"max-snippet:-1","max-image-preview":"max-image-preview:large","max-video-preview":"max-video-preview:-1"},"canonical":"https:\/\/fuentesfidedignas.com.mx\/index.php\/2022\/03\/02\/mexico-recibira-a-todos-los-que-pidan-refugio-por-conflicto-rusia-ucrania-amlo\/","og_locale":"es_MX","og_type":"article","og_title":"M\u00e9xico recibir\u00e1 a todos los que pidan refugio por conflicto Rusia-Ucrania: AMLO - Fuentes Fidedignas","og_description":"El presidente L\u00f3pez Obrador dijo que por conflicto en Ucrania M\u00e9xico dar\u00e1 asilo a quien lo solicite sin importar nacionalidad. Ciudad de M\u00e9xico.- El presidente Andr\u00e9s Manuel L\u00f3pez Obrador afirm\u00f3 este mi\u00e9rcoles que M\u00e9xico est\u00e1 preparado para recibir a todos los ciudadanos que pidan refugio derivado del conflicto b\u00e9lico entre Rusia y Ucrania. El fin [&hellip;]","og_url":"https:\/\/fuentesfidedignas.com.mx\/index.php\/2022\/03\/02\/mexico-recibira-a-todos-los-que-pidan-refugio-por-conflicto-rusia-ucrania-amlo\/","og_site_name":"Fuentes Fidedignas","article_publisher":"https:\/\/www.facebook.com\/Fuentes-Fidedignas-368234489921644","article_published_time":"2022-03-02T14:50:54+00:00","article_modified_time":"2022-03-02T14:50:55+00:00","og_image":[{"width":640,"height":360,"url":"https:\/\/fuentesfidedignas.com.mx\/wp-content\/uploads\/2022\/03\/REFUGIADOS-UCRANIA-EN-HUNGRI\u0301A-e1646149885411-640x360-1.jpg","type":"image\/jpeg"}],"author":"Forbes","twitter_card":"summary_large_image","twitter_creator":"@fidedignas","twitter_site":"@fidedignas","twitter_misc":{"Escrito por":"Forbes","Tiempo de lectura":"2 minutos"},"schema":{"@context":"https:\/\/schema.org","@graph":[{"@type":"Article","@id":"https:\/\/fuentesfidedignas.com.mx\/index.php\/2022\/03\/02\/mexico-recibira-a-todos-los-que-pidan-refugio-por-conflicto-rusia-ucrania-amlo\/#article","isPartOf":{"@id":"https:\/\/fuentesfidedignas.com.mx\/index.php\/2022\/03\/02\/mexico-recibira-a-todos-los-que-pidan-refugio-por-conflicto-rusia-ucrania-amlo\/"},"author":{"name":"Forbes","@id":"https:\/\/fuentesfidedignas.com.mx\/#\/schema\/person\/5623d53fe2e579d825b1679734abcc44"},"headline":"M\u00e9xico recibir\u00e1 a todos los que pidan refugio por conflicto Rusia-Ucrania: AMLO","datePublished":"2022-03-02T14:50:54+00:00","dateModified":"2022-03-02T14:50:55+00:00","mainEntityOfPage":{"@id":"https:\/\/fuentesfidedignas.com.mx\/index.php\/2022\/03\/02\/mexico-recibira-a-todos-los-que-pidan-refugio-por-conflicto-rusia-ucrania-amlo\/"},"wordCount":288,"commentCount":0,"publisher":{"@id":"https:\/\/fuentesfidedignas.com.mx\/#organization"},"image":{"@id":"https:\/\/fuentesfidedignas.com.mx\/index.php\/2022\/03\/02\/mexico-recibira-a-todos-los-que-pidan-refugio-por-conflicto-rusia-ucrania-amlo\/#primaryimage"},"thumbnailUrl":"https:\/\/fuentesfidedignas.com.mx\/wp-content\/uploads\/2022\/03\/REFUGIADOS-UCRANIA-EN-HUNGRI\u0301A-e1646149885411-640x360-1.jpg","keywords":["AMLO","Andr\u00e9s Manuel L\u00f3pez Obrador","Refugiados","Rusia","Ucrania"],"articleSection":["NOTICIAS NACIONALES"],"inLanguage":"es","potentialAction":[{"@type":"CommentAction","name":"Comment","target":["https:\/\/fuentesfidedignas.com.mx\/index.php\/2022\/03\/02\/mexico-recibira-a-todos-los-que-pidan-refugio-por-conflicto-rusia-ucrania-amlo\/#respond"]}]},{"@type":"WebPage","@id":"https:\/\/fuentesfidedignas.com.mx\/index.php\/2022\/03\/02\/mexico-recibira-a-todos-los-que-pidan-refugio-por-conflicto-rusia-ucrania-amlo\/","url":"https:\/\/fuentesfidedignas.com.mx\/index.php\/2022\/03\/02\/mexico-recibira-a-todos-los-que-pidan-refugio-por-conflicto-rusia-ucrania-amlo\/","name":"M\u00e9xico recibir\u00e1 a todos los que pidan refugio por conflicto Rusia-Ucrania: AMLO - Fuentes Fidedignas","isPartOf":{"@id":"https:\/\/fuentesfidedignas.com.mx\/#website"},"primaryImageOfPage":{"@id":"https:\/\/fuentesfidedignas.com.mx\/index.php\/2022\/03\/02\/mexico-recibira-a-todos-los-que-pidan-refugio-por-conflicto-rusia-ucrania-amlo\/#primaryimage"},"image":{"@id":"https:\/\/fuentesfidedignas.com.mx\/index.php\/2022\/03\/02\/mexico-recibira-a-todos-los-que-pidan-refugio-por-conflicto-rusia-ucrania-amlo\/#primaryimage"},"thumbnailUrl":"https:\/\/fuentesfidedignas.com.mx\/wp-content\/uploads\/2022\/03\/REFUGIADOS-UCRANIA-EN-HUNGRI\u0301A-e1646149885411-640x360-1.jpg","datePublished":"2022-03-02T14:50:54+00:00","dateModified":"2022-03-02T14:50:55+00:00","breadcrumb":{"@id":"https:\/\/fuentesfidedignas.com.mx\/index.php\/2022\/03\/02\/mexico-recibira-a-todos-los-que-pidan-refugio-por-conflicto-rusia-ucrania-amlo\/#breadcrumb"},"inLanguage":"es","potentialAction":[{"@type":"ReadAction","target":["https:\/\/fuentesfidedignas.com.mx\/index.php\/2022\/03\/02\/mexico-recibira-a-todos-los-que-pidan-refugio-por-conflicto-rusia-ucrania-amlo\/"]}]},{"@type":"ImageObject","inLanguage":"es","@id":"https:\/\/fuentesfidedignas.com.mx\/index.php\/2022\/03\/02\/mexico-recibira-a-todos-los-que-pidan-refugio-por-conflicto-rusia-ucrania-amlo\/#primaryimage","url":"https:\/\/fuentesfidedignas.com.mx\/wp-content\/uploads\/2022\/03\/REFUGIADOS-UCRANIA-EN-HUNGRI\u0301A-e1646149885411-640x360-1.jpg","contentUrl":"https:\/\/fuentesfidedignas.com.mx\/wp-content\/uploads\/2022\/03\/REFUGIADOS-UCRANIA-EN-HUNGRI\u0301A-e1646149885411-640x360-1.jpg","width":640,"height":360},{"@type":"BreadcrumbList","@id":"https:\/\/fuentesfidedignas.com.mx\/index.php\/2022\/03\/02\/mexico-recibira-a-todos-los-que-pidan-refugio-por-conflicto-rusia-ucrania-amlo\/#breadcrumb","itemListElement":[{"@type":"ListItem","position":1,"name":"Inicio","item":"https:\/\/fuentesfidedignas.com.mx\/"},{"@type":"ListItem","position":2,"name":"M\u00e9xico recibir\u00e1 a todos los que pidan refugio por conflicto Rusia-Ucrania: AMLO"}]},{"@type":"WebSite","@id":"https:\/\/fuentesfidedignas.com.mx\/#website","url":"https:\/\/fuentesfidedignas.com.mx\/","name":"Fuentes Fidedignas","description":"Otro sitio realizado con WordPress","publisher":{"@id":"https:\/\/fuentesfidedignas.com.mx\/#organization"},"potentialAction":[{"@type":"SearchAction","target":{"@type":"EntryPoint","urlTemplate":"https:\/\/fuentesfidedignas.com.mx\/?s={search_term_string}"},"query-input":{"@type":"PropertyValueSpecification","valueRequired":true,"valueName":"search_term_string"}}],"inLanguage":"es"},{"@type":"Organization","@id":"https:\/\/fuentesfidedignas.com.mx\/#organization","name":"Fuentes Fidedignas","url":"https:\/\/fuentesfidedignas.com.mx\/","logo":{"@type":"ImageObject","inLanguage":"es","@id":"https:\/\/fuentesfidedignas.com.mx\/#\/schema\/logo\/image\/","url":"https:\/\/fuentesfidedignas.com.mx\/wp-content\/uploads\/2021\/04\/logo-retina.png","contentUrl":"https:\/\/fuentesfidedignas.com.mx\/wp-content\/uploads\/2021\/04\/logo-retina.png","width":280,"height":51,"caption":"Fuentes Fidedignas"},"image":{"@id":"https:\/\/fuentesfidedignas.com.mx\/#\/schema\/logo\/image\/"},"sameAs":["https:\/\/www.facebook.com\/Fuentes-Fidedignas-368234489921644","https:\/\/x.com\/fidedignas"]},{"@type":"Person","@id":"https:\/\/fuentesfidedignas.com.mx\/#\/schema\/person\/5623d53fe2e579d825b1679734abcc44","name":"Forbes","image":{"@type":"ImageObject","inLanguage":"es","@id":"https:\/\/secure.gravatar.com\/avatar\/87ce3dd4e41e60c22a79c758614f01a6bc2469255fc936ec7b15efb9bb5cb66f?s=96&d=mm&r=g","url":"https:\/\/secure.gravatar.com\/avatar\/87ce3dd4e41e60c22a79c758614f01a6bc2469255fc936ec7b15efb9bb5cb66f?s=96&d=mm&r=g","contentUrl":"https:\/\/secure.gravatar.com\/avatar\/87ce3dd4e41e60c22a79c758614f01a6bc2469255fc936ec7b15efb9bb5cb66f?s=96&d=mm&r=g","caption":"Forbes"},"url":"https:\/\/fuentesfidedignas.com.mx\/index.php\/author\/forbes\/"}]}},"_links":{"self":[{"href":"https:\/\/fuentesfidedignas.com.mx\/index.php\/wp-json\/wp\/v2\/posts\/25233","targetHints":{"allow":["GET"]}}],"collection":[{"href":"https:\/\/fuentesfidedignas.com.mx\/index.php\/wp-json\/wp\/v2\/posts"}],"about":[{"href":"https:\/\/fuentesfidedignas.com.mx\/index.php\/wp-json\/wp\/v2\/types\/post"}],"author":[{"embeddable":true,"href":"https:\/\/fuentesfidedignas.com.mx\/index.php\/wp-json\/wp\/v2\/users\/5"}],"replies":[{"embeddable":true,"href":"https:\/\/fuentesfidedignas.com.mx\/index.php\/wp-json\/wp\/v2\/comments?post=25233"}],"version-history":[{"count":1,"href":"https:\/\/fuentesfidedignas.com.mx\/index.php\/wp-json\/wp\/v2\/posts\/25233\/revisions"}],"predecessor-version":[{"id":25235,"href":"https:\/\/fuentesfidedignas.com.mx\/index.php\/wp-json\/wp\/v2\/posts\/25233\/revisions\/25235"}],"wp:featuredmedia":[{"embeddable":true,"href":"https:\/\/fuentesfidedignas.com.mx\/index.php\/wp-json\/wp\/v2\/media\/25234"}],"wp:attachment":[{"href":"https:\/\/fuentesfidedignas.com.mx\/index.php\/wp-json\/wp\/v2\/media?parent=25233"}],"wp:term":[{"taxonomy":"category","embeddable":true,"href":"https:\/\/fuentesfidedignas.com.mx\/index.php\/wp-json\/wp\/v2\/categories?post=25233"},{"taxonomy":"post_tag","embeddable":true,"href":"https:\/\/fuentesfidedignas.com.mx\/index.php\/wp-json\/wp\/v2\/tags?post=25233"}],"curies":[{"name":"wp","href":"https:\/\/api.w.org\/{rel}","templated":true}]}}