{"id":25198,"date":"2022-03-01T15:25:11","date_gmt":"2022-03-01T22:25:11","guid":{"rendered":"https:\/\/fuentesfidedignas.com.mx\/?p=25198"},"modified":"2022-03-01T15:26:42","modified_gmt":"2022-03-01T22:26:42","slug":"van-autoridades-y-obreros-juntos-para-lograr-un-ambiente-laboral-armonico-en-ahome","status":"publish","type":"post","link":"https:\/\/fuentesfidedignas.com.mx\/index.php\/2022\/03\/01\/van-autoridades-y-obreros-juntos-para-lograr-un-ambiente-laboral-armonico-en-ahome\/","title":{"rendered":"Van autoridades y obreros juntos para lograr un ambiente laboral arm\u00f3nico en Ahome"},"content":{"rendered":"\n<p><strong><em>L\u00edderes de la CTM Estatal y Local visitaron al Alcalde y dijeron estar conformes con la recepci\u00f3n y con el acuerdo de que el Presidente Municipal visitar\u00e1 las instalaciones de la CTM en la localidad para saludar y escuchar a los obreros ahomenses<\/em><\/strong><\/p>\n\n\n\n<p>Ahome, Sin.- El Secretario General de la Confederaci\u00f3n de Obreros CTM del Estado de Sinaloa, Jos\u00e9 El\u00edas Mu\u00f1oz Vega, realiz\u00f3 visita de cortes\u00eda al Alcalde de Ahome, para tener un primer acercamiento oficial y acordar trabajar juntos para beneficio de ambas instituciones.<\/p>\n\n\n\n<p>Acompa\u00f1ado del Secretario General de la CTM en el Norte de Sinaloa Nicolas Garc\u00eda Castillo y su suplente Mario Ruiz, as\u00ed como Miguel Luna Secretario de Organizaci\u00f3n Estatal y Armado Pineda integrante del comit\u00e9 ejecutivo estatal, el l\u00edder obrero dijo estar contento con la recepci\u00f3n que les ofreci\u00f3 el Presidente Municipal.<\/p>\n\n\n\n<p>\u201cAprovechamos para felicitarlo y desearle \u00e9xito en su gesti\u00f3n, y manifestarle que queremos trabajar como obreros sinaloenses y ahomenses, de la mano con \u00e9l en la regi\u00f3n de Ahome\u201d.<\/p>\n\n\n\n<p>Expres\u00f3 que procurar\u00e1n mantener un ambiente laboral c\u00e1lido en Ahome, para que haya una buena relaci\u00f3n entre trabajadores, patrones y Gobierno.<\/p>\n\n\n\n<p>Tambi\u00e9n acordaron que el Alcalde visite en breve las instalaciones de la CTM en la localidad, para que salud\u00e9 a los representantes sindicales y de organismos de obreros, y escuche sus principales peticiones y necesidades.<\/p>\n\n\n\n<p>\u201cSobre todo que nos apoye en las solicitudes, gestiones, requerimientos y necesidades de los trabajadores\u201d.<\/p>\n\n\n\n<p>Dijo que el Alcalde los recibi\u00f3 y escuch\u00f3 de manera excelente por lo que tienen confianza de que la clase trabajadora resultar\u00e1 beneficiada.<\/p>\n","protected":false},"excerpt":{"rendered":"<p>L\u00edderes de la CTM Estatal y Local visitaron al Alcalde y dijeron estar conformes con la recepci\u00f3n y con el acuerdo de que el Presidente Municipal visitar\u00e1 las instalaciones de la CTM en la localidad para saludar y escuchar a los obreros ahomenses Ahome, Sin.- El Secretario General de la Confederaci\u00f3n de Obreros CTM del [&hellip;]<\/p>\n","protected":false},"author":4,"featured_media":25200,"comment_status":"open","ping_status":"open","sticky":false,"template":"","format":"standard","meta":{"tdm_status":"","tdm_grid_status":"","footnotes":""},"categories":[38],"tags":[278,1715,1654],"class_list":{"0":"post-25198","1":"post","2":"type-post","3":"status-publish","4":"format-standard","5":"has-post-thumbnail","7":"category-noticias-locales","8":"tag-ahome","9":"tag-ayuntamiento-de-ahome","10":"tag-gerardo-vargas-landeros"},"yoast_head":"<!-- This site is optimized with the Yoast SEO plugin v27.5 - https:\/\/yoast.com\/product\/yoast-seo-wordpress\/ -->\n<title>Van autoridades y obreros juntos para lograr un ambiente laboral arm\u00f3nico en Ahome - Fuentes Fidedignas<\/title>\n<meta name=\"robots\" content=\"index, follow, max-snippet:-1, max-image-preview:large, max-video-preview:-1\" \/>\n<link rel=\"canonical\" href=\"https:\/\/fuentesfidedignas.com.mx\/index.php\/2022\/03\/01\/van-autoridades-y-obreros-juntos-para-lograr-un-ambiente-laboral-armonico-en-ahome\/\" \/>\n<meta property=\"og:locale\" content=\"es_MX\" \/>\n<meta property=\"og:type\" content=\"article\" \/>\n<meta property=\"og:title\" content=\"Van autoridades y obreros juntos para lograr un ambiente laboral arm\u00f3nico en Ahome - Fuentes Fidedignas\" \/>\n<meta property=\"og:description\" content=\"L\u00edderes de la CTM Estatal y Local visitaron al Alcalde y dijeron estar conformes con la recepci\u00f3n y con el acuerdo de que el Presidente Municipal visitar\u00e1 las instalaciones de la CTM en la localidad para saludar y escuchar a los obreros ahomenses Ahome, Sin.- El Secretario General de la Confederaci\u00f3n de Obreros CTM del [&hellip;]\" \/>\n<meta property=\"og:url\" content=\"https:\/\/fuentesfidedignas.com.mx\/index.php\/2022\/03\/01\/van-autoridades-y-obreros-juntos-para-lograr-un-ambiente-laboral-armonico-en-ahome\/\" \/>\n<meta property=\"og:site_name\" content=\"Fuentes Fidedignas\" \/>\n<meta property=\"article:publisher\" content=\"https:\/\/www.facebook.com\/Fuentes-Fidedignas-368234489921644\" \/>\n<meta property=\"article:published_time\" content=\"2022-03-01T22:25:11+00:00\" \/>\n<meta property=\"article:modified_time\" content=\"2022-03-01T22:26:42+00:00\" \/>\n<meta property=\"og:image\" content=\"https:\/\/fuentesfidedignas.com.mx\/wp-content\/uploads\/2022\/03\/IMG-20220301-WA0020-1.jpg\" \/>\n\t<meta property=\"og:image:width\" content=\"1280\" \/>\n\t<meta property=\"og:image:height\" content=\"852\" \/>\n\t<meta property=\"og:image:type\" content=\"image\/jpeg\" \/>\n<meta name=\"author\" content=\"Redacci\u00f3n\" \/>\n<meta name=\"twitter:card\" content=\"summary_large_image\" \/>\n<meta name=\"twitter:creator\" content=\"@fidedignas\" \/>\n<meta name=\"twitter:site\" content=\"@fidedignas\" \/>\n<meta name=\"twitter:label1\" content=\"Escrito por\" \/>\n\t<meta name=\"twitter:data1\" content=\"Redacci\u00f3n\" \/>\n\t<meta name=\"twitter:label2\" content=\"Tiempo de lectura\" \/>\n\t<meta name=\"twitter:data2\" content=\"2 minutos\" \/>\n<script type=\"application\/ld+json\" class=\"yoast-schema-graph\">{\"@context\":\"https:\\\/\\\/schema.org\",\"@graph\":[{\"@type\":\"Article\",\"@id\":\"https:\\\/\\\/fuentesfidedignas.com.mx\\\/index.php\\\/2022\\\/03\\\/01\\\/van-autoridades-y-obreros-juntos-para-lograr-un-ambiente-laboral-armonico-en-ahome\\\/#article\",\"isPartOf\":{\"@id\":\"https:\\\/\\\/fuentesfidedignas.com.mx\\\/index.php\\\/2022\\\/03\\\/01\\\/van-autoridades-y-obreros-juntos-para-lograr-un-ambiente-laboral-armonico-en-ahome\\\/\"},\"author\":{\"name\":\"Redacci\u00f3n\",\"@id\":\"https:\\\/\\\/fuentesfidedignas.com.mx\\\/#\\\/schema\\\/person\\\/331be9283d37198e2acd5750279085b0\"},\"headline\":\"Van autoridades y obreros juntos para lograr un ambiente laboral arm\u00f3nico en Ahome\",\"datePublished\":\"2022-03-01T22:25:11+00:00\",\"dateModified\":\"2022-03-01T22:26:42+00:00\",\"mainEntityOfPage\":{\"@id\":\"https:\\\/\\\/fuentesfidedignas.com.mx\\\/index.php\\\/2022\\\/03\\\/01\\\/van-autoridades-y-obreros-juntos-para-lograr-un-ambiente-laboral-armonico-en-ahome\\\/\"},\"wordCount\":291,\"commentCount\":0,\"publisher\":{\"@id\":\"https:\\\/\\\/fuentesfidedignas.com.mx\\\/#organization\"},\"image\":{\"@id\":\"https:\\\/\\\/fuentesfidedignas.com.mx\\\/index.php\\\/2022\\\/03\\\/01\\\/van-autoridades-y-obreros-juntos-para-lograr-un-ambiente-laboral-armonico-en-ahome\\\/#primaryimage\"},\"thumbnailUrl\":\"https:\\\/\\\/fuentesfidedignas.com.mx\\\/wp-content\\\/uploads\\\/2022\\\/03\\\/IMG-20220301-WA0020-1.jpg\",\"keywords\":[\"Ahome\",\"Ayuntamiento de Ahome\",\"Gerardo Vargas Landeros\"],\"articleSection\":[\"NOTICIAS LOCALES\"],\"inLanguage\":\"es\",\"potentialAction\":[{\"@type\":\"CommentAction\",\"name\":\"Comment\",\"target\":[\"https:\\\/\\\/fuentesfidedignas.com.mx\\\/index.php\\\/2022\\\/03\\\/01\\\/van-autoridades-y-obreros-juntos-para-lograr-un-ambiente-laboral-armonico-en-ahome\\\/#respond\"]}]},{\"@type\":\"WebPage\",\"@id\":\"https:\\\/\\\/fuentesfidedignas.com.mx\\\/index.php\\\/2022\\\/03\\\/01\\\/van-autoridades-y-obreros-juntos-para-lograr-un-ambiente-laboral-armonico-en-ahome\\\/\",\"url\":\"https:\\\/\\\/fuentesfidedignas.com.mx\\\/index.php\\\/2022\\\/03\\\/01\\\/van-autoridades-y-obreros-juntos-para-lograr-un-ambiente-laboral-armonico-en-ahome\\\/\",\"name\":\"Van autoridades y obreros juntos para lograr un ambiente laboral arm\u00f3nico en Ahome - Fuentes Fidedignas\",\"isPartOf\":{\"@id\":\"https:\\\/\\\/fuentesfidedignas.com.mx\\\/#website\"},\"primaryImageOfPage\":{\"@id\":\"https:\\\/\\\/fuentesfidedignas.com.mx\\\/index.php\\\/2022\\\/03\\\/01\\\/van-autoridades-y-obreros-juntos-para-lograr-un-ambiente-laboral-armonico-en-ahome\\\/#primaryimage\"},\"image\":{\"@id\":\"https:\\\/\\\/fuentesfidedignas.com.mx\\\/index.php\\\/2022\\\/03\\\/01\\\/van-autoridades-y-obreros-juntos-para-lograr-un-ambiente-laboral-armonico-en-ahome\\\/#primaryimage\"},\"thumbnailUrl\":\"https:\\\/\\\/fuentesfidedignas.com.mx\\\/wp-content\\\/uploads\\\/2022\\\/03\\\/IMG-20220301-WA0020-1.jpg\",\"datePublished\":\"2022-03-01T22:25:11+00:00\",\"dateModified\":\"2022-03-01T22:26:42+00:00\",\"breadcrumb\":{\"@id\":\"https:\\\/\\\/fuentesfidedignas.com.mx\\\/index.php\\\/2022\\\/03\\\/01\\\/van-autoridades-y-obreros-juntos-para-lograr-un-ambiente-laboral-armonico-en-ahome\\\/#breadcrumb\"},\"inLanguage\":\"es\",\"potentialAction\":[{\"@type\":\"ReadAction\",\"target\":[\"https:\\\/\\\/fuentesfidedignas.com.mx\\\/index.php\\\/2022\\\/03\\\/01\\\/van-autoridades-y-obreros-juntos-para-lograr-un-ambiente-laboral-armonico-en-ahome\\\/\"]}]},{\"@type\":\"ImageObject\",\"inLanguage\":\"es\",\"@id\":\"https:\\\/\\\/fuentesfidedignas.com.mx\\\/index.php\\\/2022\\\/03\\\/01\\\/van-autoridades-y-obreros-juntos-para-lograr-un-ambiente-laboral-armonico-en-ahome\\\/#primaryimage\",\"url\":\"https:\\\/\\\/fuentesfidedignas.com.mx\\\/wp-content\\\/uploads\\\/2022\\\/03\\\/IMG-20220301-WA0020-1.jpg\",\"contentUrl\":\"https:\\\/\\\/fuentesfidedignas.com.mx\\\/wp-content\\\/uploads\\\/2022\\\/03\\\/IMG-20220301-WA0020-1.jpg\",\"width\":1280,\"height\":852},{\"@type\":\"BreadcrumbList\",\"@id\":\"https:\\\/\\\/fuentesfidedignas.com.mx\\\/index.php\\\/2022\\\/03\\\/01\\\/van-autoridades-y-obreros-juntos-para-lograr-un-ambiente-laboral-armonico-en-ahome\\\/#breadcrumb\",\"itemListElement\":[{\"@type\":\"ListItem\",\"position\":1,\"name\":\"Inicio\",\"item\":\"https:\\\/\\\/fuentesfidedignas.com.mx\\\/\"},{\"@type\":\"ListItem\",\"position\":2,\"name\":\"Van autoridades y obreros juntos para lograr un ambiente laboral arm\u00f3nico en Ahome\"}]},{\"@type\":\"WebSite\",\"@id\":\"https:\\\/\\\/fuentesfidedignas.com.mx\\\/#website\",\"url\":\"https:\\\/\\\/fuentesfidedignas.com.mx\\\/\",\"name\":\"Fuentes Fidedignas\",\"description\":\"Otro sitio realizado con WordPress\",\"publisher\":{\"@id\":\"https:\\\/\\\/fuentesfidedignas.com.mx\\\/#organization\"},\"potentialAction\":[{\"@type\":\"SearchAction\",\"target\":{\"@type\":\"EntryPoint\",\"urlTemplate\":\"https:\\\/\\\/fuentesfidedignas.com.mx\\\/?s={search_term_string}\"},\"query-input\":{\"@type\":\"PropertyValueSpecification\",\"valueRequired\":true,\"valueName\":\"search_term_string\"}}],\"inLanguage\":\"es\"},{\"@type\":\"Organization\",\"@id\":\"https:\\\/\\\/fuentesfidedignas.com.mx\\\/#organization\",\"name\":\"Fuentes Fidedignas\",\"url\":\"https:\\\/\\\/fuentesfidedignas.com.mx\\\/\",\"logo\":{\"@type\":\"ImageObject\",\"inLanguage\":\"es\",\"@id\":\"https:\\\/\\\/fuentesfidedignas.com.mx\\\/#\\\/schema\\\/logo\\\/image\\\/\",\"url\":\"https:\\\/\\\/fuentesfidedignas.com.mx\\\/wp-content\\\/uploads\\\/2021\\\/04\\\/logo-retina.png\",\"contentUrl\":\"https:\\\/\\\/fuentesfidedignas.com.mx\\\/wp-content\\\/uploads\\\/2021\\\/04\\\/logo-retina.png\",\"width\":280,\"height\":51,\"caption\":\"Fuentes Fidedignas\"},\"image\":{\"@id\":\"https:\\\/\\\/fuentesfidedignas.com.mx\\\/#\\\/schema\\\/logo\\\/image\\\/\"},\"sameAs\":[\"https:\\\/\\\/www.facebook.com\\\/Fuentes-Fidedignas-368234489921644\",\"https:\\\/\\\/x.com\\\/fidedignas\"]},{\"@type\":\"Person\",\"@id\":\"https:\\\/\\\/fuentesfidedignas.com.mx\\\/#\\\/schema\\\/person\\\/331be9283d37198e2acd5750279085b0\",\"name\":\"Redacci\u00f3n\",\"image\":{\"@type\":\"ImageObject\",\"inLanguage\":\"es\",\"@id\":\"https:\\\/\\\/secure.gravatar.com\\\/avatar\\\/f6d8782c11d12b2d4ad3fbb6931aeab5309937a4d6cd2fc9cfaa28a6396a5aec?s=96&d=mm&r=g\",\"url\":\"https:\\\/\\\/secure.gravatar.com\\\/avatar\\\/f6d8782c11d12b2d4ad3fbb6931aeab5309937a4d6cd2fc9cfaa28a6396a5aec?s=96&d=mm&r=g\",\"contentUrl\":\"https:\\\/\\\/secure.gravatar.com\\\/avatar\\\/f6d8782c11d12b2d4ad3fbb6931aeab5309937a4d6cd2fc9cfaa28a6396a5aec?s=96&d=mm&r=g\",\"caption\":\"Redacci\u00f3n\"},\"url\":\"https:\\\/\\\/fuentesfidedignas.com.mx\\\/index.php\\\/author\\\/redaccion\\\/\"}]}<\/script>\n<!-- \/ Yoast SEO plugin. -->","yoast_head_json":{"title":"Van autoridades y obreros juntos para lograr un ambiente laboral arm\u00f3nico en Ahome - Fuentes Fidedignas","robots":{"index":"index","follow":"follow","max-snippet":"max-snippet:-1","max-image-preview":"max-image-preview:large","max-video-preview":"max-video-preview:-1"},"canonical":"https:\/\/fuentesfidedignas.com.mx\/index.php\/2022\/03\/01\/van-autoridades-y-obreros-juntos-para-lograr-un-ambiente-laboral-armonico-en-ahome\/","og_locale":"es_MX","og_type":"article","og_title":"Van autoridades y obreros juntos para lograr un ambiente laboral arm\u00f3nico en Ahome - Fuentes Fidedignas","og_description":"L\u00edderes de la CTM Estatal y Local visitaron al Alcalde y dijeron estar conformes con la recepci\u00f3n y con el acuerdo de que el Presidente Municipal visitar\u00e1 las instalaciones de la CTM en la localidad para saludar y escuchar a los obreros ahomenses Ahome, Sin.- El Secretario General de la Confederaci\u00f3n de Obreros CTM del [&hellip;]","og_url":"https:\/\/fuentesfidedignas.com.mx\/index.php\/2022\/03\/01\/van-autoridades-y-obreros-juntos-para-lograr-un-ambiente-laboral-armonico-en-ahome\/","og_site_name":"Fuentes Fidedignas","article_publisher":"https:\/\/www.facebook.com\/Fuentes-Fidedignas-368234489921644","article_published_time":"2022-03-01T22:25:11+00:00","article_modified_time":"2022-03-01T22:26:42+00:00","og_image":[{"width":1280,"height":852,"url":"https:\/\/fuentesfidedignas.com.mx\/wp-content\/uploads\/2022\/03\/IMG-20220301-WA0020-1.jpg","type":"image\/jpeg"}],"author":"Redacci\u00f3n","twitter_card":"summary_large_image","twitter_creator":"@fidedignas","twitter_site":"@fidedignas","twitter_misc":{"Escrito por":"Redacci\u00f3n","Tiempo de lectura":"2 minutos"},"schema":{"@context":"https:\/\/schema.org","@graph":[{"@type":"Article","@id":"https:\/\/fuentesfidedignas.com.mx\/index.php\/2022\/03\/01\/van-autoridades-y-obreros-juntos-para-lograr-un-ambiente-laboral-armonico-en-ahome\/#article","isPartOf":{"@id":"https:\/\/fuentesfidedignas.com.mx\/index.php\/2022\/03\/01\/van-autoridades-y-obreros-juntos-para-lograr-un-ambiente-laboral-armonico-en-ahome\/"},"author":{"name":"Redacci\u00f3n","@id":"https:\/\/fuentesfidedignas.com.mx\/#\/schema\/person\/331be9283d37198e2acd5750279085b0"},"headline":"Van autoridades y obreros juntos para lograr un ambiente laboral arm\u00f3nico en Ahome","datePublished":"2022-03-01T22:25:11+00:00","dateModified":"2022-03-01T22:26:42+00:00","mainEntityOfPage":{"@id":"https:\/\/fuentesfidedignas.com.mx\/index.php\/2022\/03\/01\/van-autoridades-y-obreros-juntos-para-lograr-un-ambiente-laboral-armonico-en-ahome\/"},"wordCount":291,"commentCount":0,"publisher":{"@id":"https:\/\/fuentesfidedignas.com.mx\/#organization"},"image":{"@id":"https:\/\/fuentesfidedignas.com.mx\/index.php\/2022\/03\/01\/van-autoridades-y-obreros-juntos-para-lograr-un-ambiente-laboral-armonico-en-ahome\/#primaryimage"},"thumbnailUrl":"https:\/\/fuentesfidedignas.com.mx\/wp-content\/uploads\/2022\/03\/IMG-20220301-WA0020-1.jpg","keywords":["Ahome","Ayuntamiento de Ahome","Gerardo Vargas Landeros"],"articleSection":["NOTICIAS LOCALES"],"inLanguage":"es","potentialAction":[{"@type":"CommentAction","name":"Comment","target":["https:\/\/fuentesfidedignas.com.mx\/index.php\/2022\/03\/01\/van-autoridades-y-obreros-juntos-para-lograr-un-ambiente-laboral-armonico-en-ahome\/#respond"]}]},{"@type":"WebPage","@id":"https:\/\/fuentesfidedignas.com.mx\/index.php\/2022\/03\/01\/van-autoridades-y-obreros-juntos-para-lograr-un-ambiente-laboral-armonico-en-ahome\/","url":"https:\/\/fuentesfidedignas.com.mx\/index.php\/2022\/03\/01\/van-autoridades-y-obreros-juntos-para-lograr-un-ambiente-laboral-armonico-en-ahome\/","name":"Van autoridades y obreros juntos para lograr un ambiente laboral arm\u00f3nico en Ahome - Fuentes Fidedignas","isPartOf":{"@id":"https:\/\/fuentesfidedignas.com.mx\/#website"},"primaryImageOfPage":{"@id":"https:\/\/fuentesfidedignas.com.mx\/index.php\/2022\/03\/01\/van-autoridades-y-obreros-juntos-para-lograr-un-ambiente-laboral-armonico-en-ahome\/#primaryimage"},"image":{"@id":"https:\/\/fuentesfidedignas.com.mx\/index.php\/2022\/03\/01\/van-autoridades-y-obreros-juntos-para-lograr-un-ambiente-laboral-armonico-en-ahome\/#primaryimage"},"thumbnailUrl":"https:\/\/fuentesfidedignas.com.mx\/wp-content\/uploads\/2022\/03\/IMG-20220301-WA0020-1.jpg","datePublished":"2022-03-01T22:25:11+00:00","dateModified":"2022-03-01T22:26:42+00:00","breadcrumb":{"@id":"https:\/\/fuentesfidedignas.com.mx\/index.php\/2022\/03\/01\/van-autoridades-y-obreros-juntos-para-lograr-un-ambiente-laboral-armonico-en-ahome\/#breadcrumb"},"inLanguage":"es","potentialAction":[{"@type":"ReadAction","target":["https:\/\/fuentesfidedignas.com.mx\/index.php\/2022\/03\/01\/van-autoridades-y-obreros-juntos-para-lograr-un-ambiente-laboral-armonico-en-ahome\/"]}]},{"@type":"ImageObject","inLanguage":"es","@id":"https:\/\/fuentesfidedignas.com.mx\/index.php\/2022\/03\/01\/van-autoridades-y-obreros-juntos-para-lograr-un-ambiente-laboral-armonico-en-ahome\/#primaryimage","url":"https:\/\/fuentesfidedignas.com.mx\/wp-content\/uploads\/2022\/03\/IMG-20220301-WA0020-1.jpg","contentUrl":"https:\/\/fuentesfidedignas.com.mx\/wp-content\/uploads\/2022\/03\/IMG-20220301-WA0020-1.jpg","width":1280,"height":852},{"@type":"BreadcrumbList","@id":"https:\/\/fuentesfidedignas.com.mx\/index.php\/2022\/03\/01\/van-autoridades-y-obreros-juntos-para-lograr-un-ambiente-laboral-armonico-en-ahome\/#breadcrumb","itemListElement":[{"@type":"ListItem","position":1,"name":"Inicio","item":"https:\/\/fuentesfidedignas.com.mx\/"},{"@type":"ListItem","position":2,"name":"Van autoridades y obreros juntos para lograr un ambiente laboral arm\u00f3nico en Ahome"}]},{"@type":"WebSite","@id":"https:\/\/fuentesfidedignas.com.mx\/#website","url":"https:\/\/fuentesfidedignas.com.mx\/","name":"Fuentes Fidedignas","description":"Otro sitio realizado con WordPress","publisher":{"@id":"https:\/\/fuentesfidedignas.com.mx\/#organization"},"potentialAction":[{"@type":"SearchAction","target":{"@type":"EntryPoint","urlTemplate":"https:\/\/fuentesfidedignas.com.mx\/?s={search_term_string}"},"query-input":{"@type":"PropertyValueSpecification","valueRequired":true,"valueName":"search_term_string"}}],"inLanguage":"es"},{"@type":"Organization","@id":"https:\/\/fuentesfidedignas.com.mx\/#organization","name":"Fuentes Fidedignas","url":"https:\/\/fuentesfidedignas.com.mx\/","logo":{"@type":"ImageObject","inLanguage":"es","@id":"https:\/\/fuentesfidedignas.com.mx\/#\/schema\/logo\/image\/","url":"https:\/\/fuentesfidedignas.com.mx\/wp-content\/uploads\/2021\/04\/logo-retina.png","contentUrl":"https:\/\/fuentesfidedignas.com.mx\/wp-content\/uploads\/2021\/04\/logo-retina.png","width":280,"height":51,"caption":"Fuentes Fidedignas"},"image":{"@id":"https:\/\/fuentesfidedignas.com.mx\/#\/schema\/logo\/image\/"},"sameAs":["https:\/\/www.facebook.com\/Fuentes-Fidedignas-368234489921644","https:\/\/x.com\/fidedignas"]},{"@type":"Person","@id":"https:\/\/fuentesfidedignas.com.mx\/#\/schema\/person\/331be9283d37198e2acd5750279085b0","name":"Redacci\u00f3n","image":{"@type":"ImageObject","inLanguage":"es","@id":"https:\/\/secure.gravatar.com\/avatar\/f6d8782c11d12b2d4ad3fbb6931aeab5309937a4d6cd2fc9cfaa28a6396a5aec?s=96&d=mm&r=g","url":"https:\/\/secure.gravatar.com\/avatar\/f6d8782c11d12b2d4ad3fbb6931aeab5309937a4d6cd2fc9cfaa28a6396a5aec?s=96&d=mm&r=g","contentUrl":"https:\/\/secure.gravatar.com\/avatar\/f6d8782c11d12b2d4ad3fbb6931aeab5309937a4d6cd2fc9cfaa28a6396a5aec?s=96&d=mm&r=g","caption":"Redacci\u00f3n"},"url":"https:\/\/fuentesfidedignas.com.mx\/index.php\/author\/redaccion\/"}]}},"_links":{"self":[{"href":"https:\/\/fuentesfidedignas.com.mx\/index.php\/wp-json\/wp\/v2\/posts\/25198","targetHints":{"allow":["GET"]}}],"collection":[{"href":"https:\/\/fuentesfidedignas.com.mx\/index.php\/wp-json\/wp\/v2\/posts"}],"about":[{"href":"https:\/\/fuentesfidedignas.com.mx\/index.php\/wp-json\/wp\/v2\/types\/post"}],"author":[{"embeddable":true,"href":"https:\/\/fuentesfidedignas.com.mx\/index.php\/wp-json\/wp\/v2\/users\/4"}],"replies":[{"embeddable":true,"href":"https:\/\/fuentesfidedignas.com.mx\/index.php\/wp-json\/wp\/v2\/comments?post=25198"}],"version-history":[{"count":1,"href":"https:\/\/fuentesfidedignas.com.mx\/index.php\/wp-json\/wp\/v2\/posts\/25198\/revisions"}],"predecessor-version":[{"id":25199,"href":"https:\/\/fuentesfidedignas.com.mx\/index.php\/wp-json\/wp\/v2\/posts\/25198\/revisions\/25199"}],"wp:featuredmedia":[{"embeddable":true,"href":"https:\/\/fuentesfidedignas.com.mx\/index.php\/wp-json\/wp\/v2\/media\/25200"}],"wp:attachment":[{"href":"https:\/\/fuentesfidedignas.com.mx\/index.php\/wp-json\/wp\/v2\/media?parent=25198"}],"wp:term":[{"taxonomy":"category","embeddable":true,"href":"https:\/\/fuentesfidedignas.com.mx\/index.php\/wp-json\/wp\/v2\/categories?post=25198"},{"taxonomy":"post_tag","embeddable":true,"href":"https:\/\/fuentesfidedignas.com.mx\/index.php\/wp-json\/wp\/v2\/tags?post=25198"}],"curies":[{"name":"wp","href":"https:\/\/api.w.org\/{rel}","templated":true}]}}