{"id":25157,"date":"2022-03-01T10:30:57","date_gmt":"2022-03-01T17:30:57","guid":{"rendered":"https:\/\/fuentesfidedignas.com.mx\/?p=25157"},"modified":"2022-03-01T10:30:58","modified_gmt":"2022-03-01T17:30:58","slug":"gobierno-subira-peajes-carreteros-hasta-que-concluya-la-pandemia","status":"publish","type":"post","link":"https:\/\/fuentesfidedignas.com.mx\/index.php\/2022\/03\/01\/gobierno-subira-peajes-carreteros-hasta-que-concluya-la-pandemia\/","title":{"rendered":"Gobierno subir\u00e1 peajes carreteros hasta que concluya la pandemia"},"content":{"rendered":"\n<p><strong><em>L\u00f3pez Obrador dijo que se revisar\u00e1n los aumentos en peajes carreteros hasta que haya concluido la emergencia sanitaria por Covid-19.<\/em><\/strong><\/p>\n\n\n\n<p>Ciudad de M\u00e9xico.- El presidente Andr\u00e9s Manuel L\u00f3pez Obrador inform\u00f3 este martes que su gobierno analizar\u00e1 con los concesionarios de carreteras del pa\u00eds alzas en las tarifas de peaje una vez que concluya la pandemia por Covid-19.<\/p>\n\n\n\n<p>\u201cHay algo que tienen que saber todos, que no hemos autorizado aumentos en el pago de peaje, o sea que ya hab\u00edan dado la orden, porque lo solicitaban los concesionarios y dijimos que hasta que pase la pandemia vamos a ver lo de los aumentos en pagos de carreteras\u201d, indic\u00f3 el jefe del Ejecutivo federal durante su conferencia de prensa matutina.<\/p>\n\n\n\n<p>El pasado 15 de febrero, Caminos y Puentes Federales (Capufe) inform\u00f3 acerca de un aumento en las tarifas de los caminos y puentes a su cargo en promedio de 7.36% debido a la inflaci\u00f3n registrada en 2020 y 2021.<\/p>\n\n\n\n<p>En el caso del corredor M\u00e9xico\u2013Acapulco, Capufe hab\u00eda precisado un incremento adicional dentro del l\u00edmite de 10% como respuesta al aplazamiento que ha sufrido el aumento de las cuotas en este tramo.<\/p>\n\n\n\n<p>No obstante, un d\u00eda despu\u00e9s esta determinaci\u00f3n fue cancelada por la Secretar\u00eda de Infraestructura Comunicaciones y Transportes (SICT) sin que se hubiera dado alguna explicaci\u00f3n de por medio.<\/p>\n\n\n\n<p>Cuestionado sobre el alza que registran algunas autopistas de cuota y que suelen ser las m\u00e1s caras del pa\u00eds como la M\u00e9rida-Canc\u00fan, que tiene mayor demanda por las obras del Tren Maya, el presidente de la Rep\u00fablica dijo que entrar\u00e1 en contacto con ICA, quien tiene la concesi\u00f3n, para tratar de reducir el peaje.<\/p>\n\n\n\n<p>\u201cSe puede hacer la petici\u00f3n a la concesionaria, para ver si se reduce el costo. Lo vamos a tratar, es la empresa ICA que tiene la concesi\u00f3n y el contrato para la construcci\u00f3n del Tren\u201d, se\u00f1al\u00f3.<\/p>\n\n\n\n<p>\u201cSe est\u00e1 haciendo de nuevo la autopista y al mismo tiempo el tren, van juntos, separados nada m\u00e1s por unos \u00e1rboles. Entonces ahora hay dos carriles, no en todos lados, pero si se est\u00e1 interrumpiendo la carretera y a lo mejor podr\u00edan considerar el pago\u201d, indic\u00f3.<\/p>\n","protected":false},"excerpt":{"rendered":"<p>L\u00f3pez Obrador dijo que se revisar\u00e1n los aumentos en peajes carreteros hasta que haya concluido la emergencia sanitaria por Covid-19. Ciudad de M\u00e9xico.- El presidente Andr\u00e9s Manuel L\u00f3pez Obrador inform\u00f3 este martes que su gobierno analizar\u00e1 con los concesionarios de carreteras del pa\u00eds alzas en las tarifas de peaje una vez que concluya la pandemia [&hellip;]<\/p>\n","protected":false},"author":5,"featured_media":14978,"comment_status":"open","ping_status":"open","sticky":false,"template":"","format":"standard","meta":{"tdm_status":"","tdm_grid_status":"","footnotes":""},"categories":[39],"tags":[],"class_list":{"0":"post-25157","1":"post","2":"type-post","3":"status-publish","4":"format-standard","5":"has-post-thumbnail","7":"category-noticias-nacionales"},"yoast_head":"<!-- This site is optimized with the Yoast SEO plugin v27.5 - https:\/\/yoast.com\/product\/yoast-seo-wordpress\/ -->\n<title>Gobierno subir\u00e1 peajes carreteros hasta que concluya la pandemia - Fuentes Fidedignas<\/title>\n<meta name=\"robots\" content=\"index, follow, max-snippet:-1, max-image-preview:large, max-video-preview:-1\" \/>\n<link rel=\"canonical\" href=\"https:\/\/fuentesfidedignas.com.mx\/index.php\/2022\/03\/01\/gobierno-subira-peajes-carreteros-hasta-que-concluya-la-pandemia\/\" \/>\n<meta property=\"og:locale\" content=\"es_MX\" \/>\n<meta property=\"og:type\" content=\"article\" \/>\n<meta property=\"og:title\" content=\"Gobierno subir\u00e1 peajes carreteros hasta que concluya la pandemia - Fuentes Fidedignas\" \/>\n<meta property=\"og:description\" content=\"L\u00f3pez Obrador dijo que se revisar\u00e1n los aumentos en peajes carreteros hasta que haya concluido la emergencia sanitaria por Covid-19. Ciudad de M\u00e9xico.- El presidente Andr\u00e9s Manuel L\u00f3pez Obrador inform\u00f3 este martes que su gobierno analizar\u00e1 con los concesionarios de carreteras del pa\u00eds alzas en las tarifas de peaje una vez que concluya la pandemia [&hellip;]\" \/>\n<meta property=\"og:url\" content=\"https:\/\/fuentesfidedignas.com.mx\/index.php\/2022\/03\/01\/gobierno-subira-peajes-carreteros-hasta-que-concluya-la-pandemia\/\" \/>\n<meta property=\"og:site_name\" content=\"Fuentes Fidedignas\" \/>\n<meta property=\"article:publisher\" content=\"https:\/\/www.facebook.com\/Fuentes-Fidedignas-368234489921644\" \/>\n<meta property=\"article:published_time\" content=\"2022-03-01T17:30:57+00:00\" \/>\n<meta property=\"article:modified_time\" content=\"2022-03-01T17:30:58+00:00\" \/>\n<meta property=\"og:image\" content=\"https:\/\/fuentesfidedignas.com.mx\/wp-content\/uploads\/2021\/10\/trailer-en-caseta-de-cobro.webp\" \/>\n\t<meta property=\"og:image:width\" content=\"1200\" \/>\n\t<meta property=\"og:image:height\" content=\"800\" \/>\n\t<meta property=\"og:image:type\" content=\"image\/webp\" \/>\n<meta name=\"author\" content=\"Forbes\" \/>\n<meta name=\"twitter:card\" content=\"summary_large_image\" \/>\n<meta name=\"twitter:creator\" content=\"@fidedignas\" \/>\n<meta name=\"twitter:site\" content=\"@fidedignas\" \/>\n<meta name=\"twitter:label1\" content=\"Escrito por\" \/>\n\t<meta name=\"twitter:data1\" content=\"Forbes\" \/>\n\t<meta name=\"twitter:label2\" content=\"Tiempo de lectura\" \/>\n\t<meta name=\"twitter:data2\" content=\"2 minutos\" \/>\n<script type=\"application\/ld+json\" class=\"yoast-schema-graph\">{\"@context\":\"https:\\\/\\\/schema.org\",\"@graph\":[{\"@type\":\"Article\",\"@id\":\"https:\\\/\\\/fuentesfidedignas.com.mx\\\/index.php\\\/2022\\\/03\\\/01\\\/gobierno-subira-peajes-carreteros-hasta-que-concluya-la-pandemia\\\/#article\",\"isPartOf\":{\"@id\":\"https:\\\/\\\/fuentesfidedignas.com.mx\\\/index.php\\\/2022\\\/03\\\/01\\\/gobierno-subira-peajes-carreteros-hasta-que-concluya-la-pandemia\\\/\"},\"author\":{\"name\":\"Forbes\",\"@id\":\"https:\\\/\\\/fuentesfidedignas.com.mx\\\/#\\\/schema\\\/person\\\/5623d53fe2e579d825b1679734abcc44\"},\"headline\":\"Gobierno subir\u00e1 peajes carreteros hasta que concluya la pandemia\",\"datePublished\":\"2022-03-01T17:30:57+00:00\",\"dateModified\":\"2022-03-01T17:30:58+00:00\",\"mainEntityOfPage\":{\"@id\":\"https:\\\/\\\/fuentesfidedignas.com.mx\\\/index.php\\\/2022\\\/03\\\/01\\\/gobierno-subira-peajes-carreteros-hasta-que-concluya-la-pandemia\\\/\"},\"wordCount\":387,\"commentCount\":0,\"publisher\":{\"@id\":\"https:\\\/\\\/fuentesfidedignas.com.mx\\\/#organization\"},\"image\":{\"@id\":\"https:\\\/\\\/fuentesfidedignas.com.mx\\\/index.php\\\/2022\\\/03\\\/01\\\/gobierno-subira-peajes-carreteros-hasta-que-concluya-la-pandemia\\\/#primaryimage\"},\"thumbnailUrl\":\"https:\\\/\\\/fuentesfidedignas.com.mx\\\/wp-content\\\/uploads\\\/2021\\\/10\\\/trailer-en-caseta-de-cobro.webp\",\"articleSection\":[\"NOTICIAS NACIONALES\"],\"inLanguage\":\"es\",\"potentialAction\":[{\"@type\":\"CommentAction\",\"name\":\"Comment\",\"target\":[\"https:\\\/\\\/fuentesfidedignas.com.mx\\\/index.php\\\/2022\\\/03\\\/01\\\/gobierno-subira-peajes-carreteros-hasta-que-concluya-la-pandemia\\\/#respond\"]}]},{\"@type\":\"WebPage\",\"@id\":\"https:\\\/\\\/fuentesfidedignas.com.mx\\\/index.php\\\/2022\\\/03\\\/01\\\/gobierno-subira-peajes-carreteros-hasta-que-concluya-la-pandemia\\\/\",\"url\":\"https:\\\/\\\/fuentesfidedignas.com.mx\\\/index.php\\\/2022\\\/03\\\/01\\\/gobierno-subira-peajes-carreteros-hasta-que-concluya-la-pandemia\\\/\",\"name\":\"Gobierno subir\u00e1 peajes carreteros hasta que concluya la pandemia - Fuentes Fidedignas\",\"isPartOf\":{\"@id\":\"https:\\\/\\\/fuentesfidedignas.com.mx\\\/#website\"},\"primaryImageOfPage\":{\"@id\":\"https:\\\/\\\/fuentesfidedignas.com.mx\\\/index.php\\\/2022\\\/03\\\/01\\\/gobierno-subira-peajes-carreteros-hasta-que-concluya-la-pandemia\\\/#primaryimage\"},\"image\":{\"@id\":\"https:\\\/\\\/fuentesfidedignas.com.mx\\\/index.php\\\/2022\\\/03\\\/01\\\/gobierno-subira-peajes-carreteros-hasta-que-concluya-la-pandemia\\\/#primaryimage\"},\"thumbnailUrl\":\"https:\\\/\\\/fuentesfidedignas.com.mx\\\/wp-content\\\/uploads\\\/2021\\\/10\\\/trailer-en-caseta-de-cobro.webp\",\"datePublished\":\"2022-03-01T17:30:57+00:00\",\"dateModified\":\"2022-03-01T17:30:58+00:00\",\"breadcrumb\":{\"@id\":\"https:\\\/\\\/fuentesfidedignas.com.mx\\\/index.php\\\/2022\\\/03\\\/01\\\/gobierno-subira-peajes-carreteros-hasta-que-concluya-la-pandemia\\\/#breadcrumb\"},\"inLanguage\":\"es\",\"potentialAction\":[{\"@type\":\"ReadAction\",\"target\":[\"https:\\\/\\\/fuentesfidedignas.com.mx\\\/index.php\\\/2022\\\/03\\\/01\\\/gobierno-subira-peajes-carreteros-hasta-que-concluya-la-pandemia\\\/\"]}]},{\"@type\":\"ImageObject\",\"inLanguage\":\"es\",\"@id\":\"https:\\\/\\\/fuentesfidedignas.com.mx\\\/index.php\\\/2022\\\/03\\\/01\\\/gobierno-subira-peajes-carreteros-hasta-que-concluya-la-pandemia\\\/#primaryimage\",\"url\":\"https:\\\/\\\/fuentesfidedignas.com.mx\\\/wp-content\\\/uploads\\\/2021\\\/10\\\/trailer-en-caseta-de-cobro.webp\",\"contentUrl\":\"https:\\\/\\\/fuentesfidedignas.com.mx\\\/wp-content\\\/uploads\\\/2021\\\/10\\\/trailer-en-caseta-de-cobro.webp\",\"width\":1200,\"height\":800},{\"@type\":\"BreadcrumbList\",\"@id\":\"https:\\\/\\\/fuentesfidedignas.com.mx\\\/index.php\\\/2022\\\/03\\\/01\\\/gobierno-subira-peajes-carreteros-hasta-que-concluya-la-pandemia\\\/#breadcrumb\",\"itemListElement\":[{\"@type\":\"ListItem\",\"position\":1,\"name\":\"Inicio\",\"item\":\"https:\\\/\\\/fuentesfidedignas.com.mx\\\/\"},{\"@type\":\"ListItem\",\"position\":2,\"name\":\"Gobierno subir\u00e1 peajes carreteros hasta que concluya la pandemia\"}]},{\"@type\":\"WebSite\",\"@id\":\"https:\\\/\\\/fuentesfidedignas.com.mx\\\/#website\",\"url\":\"https:\\\/\\\/fuentesfidedignas.com.mx\\\/\",\"name\":\"Fuentes Fidedignas\",\"description\":\"Otro sitio realizado con WordPress\",\"publisher\":{\"@id\":\"https:\\\/\\\/fuentesfidedignas.com.mx\\\/#organization\"},\"potentialAction\":[{\"@type\":\"SearchAction\",\"target\":{\"@type\":\"EntryPoint\",\"urlTemplate\":\"https:\\\/\\\/fuentesfidedignas.com.mx\\\/?s={search_term_string}\"},\"query-input\":{\"@type\":\"PropertyValueSpecification\",\"valueRequired\":true,\"valueName\":\"search_term_string\"}}],\"inLanguage\":\"es\"},{\"@type\":\"Organization\",\"@id\":\"https:\\\/\\\/fuentesfidedignas.com.mx\\\/#organization\",\"name\":\"Fuentes Fidedignas\",\"url\":\"https:\\\/\\\/fuentesfidedignas.com.mx\\\/\",\"logo\":{\"@type\":\"ImageObject\",\"inLanguage\":\"es\",\"@id\":\"https:\\\/\\\/fuentesfidedignas.com.mx\\\/#\\\/schema\\\/logo\\\/image\\\/\",\"url\":\"https:\\\/\\\/fuentesfidedignas.com.mx\\\/wp-content\\\/uploads\\\/2021\\\/04\\\/logo-retina.png\",\"contentUrl\":\"https:\\\/\\\/fuentesfidedignas.com.mx\\\/wp-content\\\/uploads\\\/2021\\\/04\\\/logo-retina.png\",\"width\":280,\"height\":51,\"caption\":\"Fuentes Fidedignas\"},\"image\":{\"@id\":\"https:\\\/\\\/fuentesfidedignas.com.mx\\\/#\\\/schema\\\/logo\\\/image\\\/\"},\"sameAs\":[\"https:\\\/\\\/www.facebook.com\\\/Fuentes-Fidedignas-368234489921644\",\"https:\\\/\\\/x.com\\\/fidedignas\"]},{\"@type\":\"Person\",\"@id\":\"https:\\\/\\\/fuentesfidedignas.com.mx\\\/#\\\/schema\\\/person\\\/5623d53fe2e579d825b1679734abcc44\",\"name\":\"Forbes\",\"image\":{\"@type\":\"ImageObject\",\"inLanguage\":\"es\",\"@id\":\"https:\\\/\\\/secure.gravatar.com\\\/avatar\\\/87ce3dd4e41e60c22a79c758614f01a6bc2469255fc936ec7b15efb9bb5cb66f?s=96&d=mm&r=g\",\"url\":\"https:\\\/\\\/secure.gravatar.com\\\/avatar\\\/87ce3dd4e41e60c22a79c758614f01a6bc2469255fc936ec7b15efb9bb5cb66f?s=96&d=mm&r=g\",\"contentUrl\":\"https:\\\/\\\/secure.gravatar.com\\\/avatar\\\/87ce3dd4e41e60c22a79c758614f01a6bc2469255fc936ec7b15efb9bb5cb66f?s=96&d=mm&r=g\",\"caption\":\"Forbes\"},\"url\":\"https:\\\/\\\/fuentesfidedignas.com.mx\\\/index.php\\\/author\\\/forbes\\\/\"}]}<\/script>\n<!-- \/ Yoast SEO plugin. -->","yoast_head_json":{"title":"Gobierno subir\u00e1 peajes carreteros hasta que concluya la pandemia - Fuentes Fidedignas","robots":{"index":"index","follow":"follow","max-snippet":"max-snippet:-1","max-image-preview":"max-image-preview:large","max-video-preview":"max-video-preview:-1"},"canonical":"https:\/\/fuentesfidedignas.com.mx\/index.php\/2022\/03\/01\/gobierno-subira-peajes-carreteros-hasta-que-concluya-la-pandemia\/","og_locale":"es_MX","og_type":"article","og_title":"Gobierno subir\u00e1 peajes carreteros hasta que concluya la pandemia - Fuentes Fidedignas","og_description":"L\u00f3pez Obrador dijo que se revisar\u00e1n los aumentos en peajes carreteros hasta que haya concluido la emergencia sanitaria por Covid-19. Ciudad de M\u00e9xico.- El presidente Andr\u00e9s Manuel L\u00f3pez Obrador inform\u00f3 este martes que su gobierno analizar\u00e1 con los concesionarios de carreteras del pa\u00eds alzas en las tarifas de peaje una vez que concluya la pandemia [&hellip;]","og_url":"https:\/\/fuentesfidedignas.com.mx\/index.php\/2022\/03\/01\/gobierno-subira-peajes-carreteros-hasta-que-concluya-la-pandemia\/","og_site_name":"Fuentes Fidedignas","article_publisher":"https:\/\/www.facebook.com\/Fuentes-Fidedignas-368234489921644","article_published_time":"2022-03-01T17:30:57+00:00","article_modified_time":"2022-03-01T17:30:58+00:00","og_image":[{"width":1200,"height":800,"url":"https:\/\/fuentesfidedignas.com.mx\/wp-content\/uploads\/2021\/10\/trailer-en-caseta-de-cobro.webp","type":"image\/webp"}],"author":"Forbes","twitter_card":"summary_large_image","twitter_creator":"@fidedignas","twitter_site":"@fidedignas","twitter_misc":{"Escrito por":"Forbes","Tiempo de lectura":"2 minutos"},"schema":{"@context":"https:\/\/schema.org","@graph":[{"@type":"Article","@id":"https:\/\/fuentesfidedignas.com.mx\/index.php\/2022\/03\/01\/gobierno-subira-peajes-carreteros-hasta-que-concluya-la-pandemia\/#article","isPartOf":{"@id":"https:\/\/fuentesfidedignas.com.mx\/index.php\/2022\/03\/01\/gobierno-subira-peajes-carreteros-hasta-que-concluya-la-pandemia\/"},"author":{"name":"Forbes","@id":"https:\/\/fuentesfidedignas.com.mx\/#\/schema\/person\/5623d53fe2e579d825b1679734abcc44"},"headline":"Gobierno subir\u00e1 peajes carreteros hasta que concluya la pandemia","datePublished":"2022-03-01T17:30:57+00:00","dateModified":"2022-03-01T17:30:58+00:00","mainEntityOfPage":{"@id":"https:\/\/fuentesfidedignas.com.mx\/index.php\/2022\/03\/01\/gobierno-subira-peajes-carreteros-hasta-que-concluya-la-pandemia\/"},"wordCount":387,"commentCount":0,"publisher":{"@id":"https:\/\/fuentesfidedignas.com.mx\/#organization"},"image":{"@id":"https:\/\/fuentesfidedignas.com.mx\/index.php\/2022\/03\/01\/gobierno-subira-peajes-carreteros-hasta-que-concluya-la-pandemia\/#primaryimage"},"thumbnailUrl":"https:\/\/fuentesfidedignas.com.mx\/wp-content\/uploads\/2021\/10\/trailer-en-caseta-de-cobro.webp","articleSection":["NOTICIAS NACIONALES"],"inLanguage":"es","potentialAction":[{"@type":"CommentAction","name":"Comment","target":["https:\/\/fuentesfidedignas.com.mx\/index.php\/2022\/03\/01\/gobierno-subira-peajes-carreteros-hasta-que-concluya-la-pandemia\/#respond"]}]},{"@type":"WebPage","@id":"https:\/\/fuentesfidedignas.com.mx\/index.php\/2022\/03\/01\/gobierno-subira-peajes-carreteros-hasta-que-concluya-la-pandemia\/","url":"https:\/\/fuentesfidedignas.com.mx\/index.php\/2022\/03\/01\/gobierno-subira-peajes-carreteros-hasta-que-concluya-la-pandemia\/","name":"Gobierno subir\u00e1 peajes carreteros hasta que concluya la pandemia - Fuentes Fidedignas","isPartOf":{"@id":"https:\/\/fuentesfidedignas.com.mx\/#website"},"primaryImageOfPage":{"@id":"https:\/\/fuentesfidedignas.com.mx\/index.php\/2022\/03\/01\/gobierno-subira-peajes-carreteros-hasta-que-concluya-la-pandemia\/#primaryimage"},"image":{"@id":"https:\/\/fuentesfidedignas.com.mx\/index.php\/2022\/03\/01\/gobierno-subira-peajes-carreteros-hasta-que-concluya-la-pandemia\/#primaryimage"},"thumbnailUrl":"https:\/\/fuentesfidedignas.com.mx\/wp-content\/uploads\/2021\/10\/trailer-en-caseta-de-cobro.webp","datePublished":"2022-03-01T17:30:57+00:00","dateModified":"2022-03-01T17:30:58+00:00","breadcrumb":{"@id":"https:\/\/fuentesfidedignas.com.mx\/index.php\/2022\/03\/01\/gobierno-subira-peajes-carreteros-hasta-que-concluya-la-pandemia\/#breadcrumb"},"inLanguage":"es","potentialAction":[{"@type":"ReadAction","target":["https:\/\/fuentesfidedignas.com.mx\/index.php\/2022\/03\/01\/gobierno-subira-peajes-carreteros-hasta-que-concluya-la-pandemia\/"]}]},{"@type":"ImageObject","inLanguage":"es","@id":"https:\/\/fuentesfidedignas.com.mx\/index.php\/2022\/03\/01\/gobierno-subira-peajes-carreteros-hasta-que-concluya-la-pandemia\/#primaryimage","url":"https:\/\/fuentesfidedignas.com.mx\/wp-content\/uploads\/2021\/10\/trailer-en-caseta-de-cobro.webp","contentUrl":"https:\/\/fuentesfidedignas.com.mx\/wp-content\/uploads\/2021\/10\/trailer-en-caseta-de-cobro.webp","width":1200,"height":800},{"@type":"BreadcrumbList","@id":"https:\/\/fuentesfidedignas.com.mx\/index.php\/2022\/03\/01\/gobierno-subira-peajes-carreteros-hasta-que-concluya-la-pandemia\/#breadcrumb","itemListElement":[{"@type":"ListItem","position":1,"name":"Inicio","item":"https:\/\/fuentesfidedignas.com.mx\/"},{"@type":"ListItem","position":2,"name":"Gobierno subir\u00e1 peajes carreteros hasta que concluya la pandemia"}]},{"@type":"WebSite","@id":"https:\/\/fuentesfidedignas.com.mx\/#website","url":"https:\/\/fuentesfidedignas.com.mx\/","name":"Fuentes Fidedignas","description":"Otro sitio realizado con WordPress","publisher":{"@id":"https:\/\/fuentesfidedignas.com.mx\/#organization"},"potentialAction":[{"@type":"SearchAction","target":{"@type":"EntryPoint","urlTemplate":"https:\/\/fuentesfidedignas.com.mx\/?s={search_term_string}"},"query-input":{"@type":"PropertyValueSpecification","valueRequired":true,"valueName":"search_term_string"}}],"inLanguage":"es"},{"@type":"Organization","@id":"https:\/\/fuentesfidedignas.com.mx\/#organization","name":"Fuentes Fidedignas","url":"https:\/\/fuentesfidedignas.com.mx\/","logo":{"@type":"ImageObject","inLanguage":"es","@id":"https:\/\/fuentesfidedignas.com.mx\/#\/schema\/logo\/image\/","url":"https:\/\/fuentesfidedignas.com.mx\/wp-content\/uploads\/2021\/04\/logo-retina.png","contentUrl":"https:\/\/fuentesfidedignas.com.mx\/wp-content\/uploads\/2021\/04\/logo-retina.png","width":280,"height":51,"caption":"Fuentes Fidedignas"},"image":{"@id":"https:\/\/fuentesfidedignas.com.mx\/#\/schema\/logo\/image\/"},"sameAs":["https:\/\/www.facebook.com\/Fuentes-Fidedignas-368234489921644","https:\/\/x.com\/fidedignas"]},{"@type":"Person","@id":"https:\/\/fuentesfidedignas.com.mx\/#\/schema\/person\/5623d53fe2e579d825b1679734abcc44","name":"Forbes","image":{"@type":"ImageObject","inLanguage":"es","@id":"https:\/\/secure.gravatar.com\/avatar\/87ce3dd4e41e60c22a79c758614f01a6bc2469255fc936ec7b15efb9bb5cb66f?s=96&d=mm&r=g","url":"https:\/\/secure.gravatar.com\/avatar\/87ce3dd4e41e60c22a79c758614f01a6bc2469255fc936ec7b15efb9bb5cb66f?s=96&d=mm&r=g","contentUrl":"https:\/\/secure.gravatar.com\/avatar\/87ce3dd4e41e60c22a79c758614f01a6bc2469255fc936ec7b15efb9bb5cb66f?s=96&d=mm&r=g","caption":"Forbes"},"url":"https:\/\/fuentesfidedignas.com.mx\/index.php\/author\/forbes\/"}]}},"_links":{"self":[{"href":"https:\/\/fuentesfidedignas.com.mx\/index.php\/wp-json\/wp\/v2\/posts\/25157","targetHints":{"allow":["GET"]}}],"collection":[{"href":"https:\/\/fuentesfidedignas.com.mx\/index.php\/wp-json\/wp\/v2\/posts"}],"about":[{"href":"https:\/\/fuentesfidedignas.com.mx\/index.php\/wp-json\/wp\/v2\/types\/post"}],"author":[{"embeddable":true,"href":"https:\/\/fuentesfidedignas.com.mx\/index.php\/wp-json\/wp\/v2\/users\/5"}],"replies":[{"embeddable":true,"href":"https:\/\/fuentesfidedignas.com.mx\/index.php\/wp-json\/wp\/v2\/comments?post=25157"}],"version-history":[{"count":1,"href":"https:\/\/fuentesfidedignas.com.mx\/index.php\/wp-json\/wp\/v2\/posts\/25157\/revisions"}],"predecessor-version":[{"id":25158,"href":"https:\/\/fuentesfidedignas.com.mx\/index.php\/wp-json\/wp\/v2\/posts\/25157\/revisions\/25158"}],"wp:featuredmedia":[{"embeddable":true,"href":"https:\/\/fuentesfidedignas.com.mx\/index.php\/wp-json\/wp\/v2\/media\/14978"}],"wp:attachment":[{"href":"https:\/\/fuentesfidedignas.com.mx\/index.php\/wp-json\/wp\/v2\/media?parent=25157"}],"wp:term":[{"taxonomy":"category","embeddable":true,"href":"https:\/\/fuentesfidedignas.com.mx\/index.php\/wp-json\/wp\/v2\/categories?post=25157"},{"taxonomy":"post_tag","embeddable":true,"href":"https:\/\/fuentesfidedignas.com.mx\/index.php\/wp-json\/wp\/v2\/tags?post=25157"}],"curies":[{"name":"wp","href":"https:\/\/api.w.org\/{rel}","templated":true}]}}