{"id":2513,"date":"2021-05-20T05:16:00","date_gmt":"2021-05-20T12:16:00","guid":{"rendered":"https:\/\/fuentesfidedignas.com.mx\/?p=2513"},"modified":"2021-05-20T05:16:02","modified_gmt":"2021-05-20T12:16:02","slug":"cabeza-de-vaca-avisa-al-gobierno-que-se-defendera-hasta-el-limite","status":"publish","type":"post","link":"https:\/\/fuentesfidedignas.com.mx\/index.php\/2021\/05\/20\/cabeza-de-vaca-avisa-al-gobierno-que-se-defendera-hasta-el-limite\/","title":{"rendered":"Cabeza de Vaca avisa al Gobierno que se defender\u00e1 \u2018hasta el l\u00edmite\u2019"},"content":{"rendered":"\n<p><strong><em>El mandatario acus\u00f3 una persecuci\u00f3n pol\u00edtica en su contra por parte del Gobierno federal.<\/em><\/strong><\/p>\n\n\n\n<p>Ciudad de M\u00e9xico.- El gobernador de Tamaulipas, Francisco Garc\u00eda Cabeza de Vaca, anunci\u00f3 la noche de este mi\u00e9rcoles que se defender\u00e1 hasta el l\u00edmite de las acusaciones penales en su contra.<\/p>\n\n\n\n<p>Este mi\u00e9rcoles, la Fiscal\u00eda General de la Rep\u00fablica obtuvo una orden de aprehensi\u00f3n contra el mandatario panista por los delitos de lavado de dinero y delincuencia organizada. Asimismo, el Instituto Nacional de Migraci\u00f3n emiti\u00f3 una alerta migratoria ante una posible fuga del pa\u00eds por parte del gobernador.<\/p>\n\n\n\n<p>En su cuenta de Twitter, Garc\u00eda Cabeza de Vaca comparti\u00f3 un posicionamiento en el que acusa una persecuci\u00f3n pol\u00edtica en su contra emprendida desde el Gobierno federal encabezado por Andr\u00e9s Manuel L\u00f3pez Obrador.<\/p>\n\n\n\n<p>\u201cLa Constituci\u00f3n no protege a la persona, sino a la funci\u00f3n que un servidor p\u00fablico democr\u00e1ticamente electo desempe\u00f1a. Nuestra ley fundamental garantiza que la responsabilidad que otorgan los ciudadanos a trav\u00e9s de las urnas, no sea revertida arbitraria y discrecionalmente para mandar mensajes de miedo o de intimidaci\u00f3n\u201d, escribi\u00f3 el mandatario.<\/p>\n\n\n\n<p>\u201cEl pueblo libre y soberano de Tamaulipas me trajo hasta aqu\u00ed. Defender\u00e9 hasta el l\u00edmite de mis fuerzas su veredicto. Este pa\u00eds no es la Naci\u00f3n de un solo hombre. M\u00e9xico nos pertenece a todos\u201d.<\/p>\n\n\n\n<p>Adem\u00e1s de la orden de aprehensi\u00f3n en su contra, la Unidad de Inteligencia Financiera congel\u00f3 las cuentas del mandatario estatal.<\/p>\n\n\n\n<p>Cabeza de Vaca no ha aclarado si permanece o no en el territorio nacional.<\/p>\n","protected":false},"excerpt":{"rendered":"<p>El mandatario acus\u00f3 una persecuci\u00f3n pol\u00edtica en su contra por parte del Gobierno federal. Ciudad de M\u00e9xico.- El gobernador de Tamaulipas, Francisco Garc\u00eda Cabeza de Vaca, anunci\u00f3 la noche de este mi\u00e9rcoles que se defender\u00e1 hasta el l\u00edmite de las acusaciones penales en su contra. Este mi\u00e9rcoles, la Fiscal\u00eda General de la Rep\u00fablica obtuvo una [&hellip;]<\/p>\n","protected":false},"author":21,"featured_media":2542,"comment_status":"open","ping_status":"open","sticky":false,"template":"","format":"standard","meta":{"tdm_status":"","tdm_grid_status":"","footnotes":""},"categories":[39],"tags":[151],"class_list":{"0":"post-2513","1":"post","2":"type-post","3":"status-publish","4":"format-standard","5":"has-post-thumbnail","7":"category-noticias-nacionales","8":"tag-francisco-garcia-cabeza-de-vaca"},"yoast_head":"<!-- This site is optimized with the Yoast SEO plugin v27.5 - https:\/\/yoast.com\/product\/yoast-seo-wordpress\/ -->\n<title>Cabeza de Vaca avisa al Gobierno que se defender\u00e1 \u2018hasta el l\u00edmite\u2019 - Fuentes Fidedignas<\/title>\n<meta name=\"robots\" content=\"index, follow, max-snippet:-1, max-image-preview:large, max-video-preview:-1\" \/>\n<link rel=\"canonical\" href=\"https:\/\/fuentesfidedignas.com.mx\/index.php\/2021\/05\/20\/cabeza-de-vaca-avisa-al-gobierno-que-se-defendera-hasta-el-limite\/\" \/>\n<meta property=\"og:locale\" content=\"es_MX\" \/>\n<meta property=\"og:type\" content=\"article\" \/>\n<meta property=\"og:title\" content=\"Cabeza de Vaca avisa al Gobierno que se defender\u00e1 \u2018hasta el l\u00edmite\u2019 - Fuentes Fidedignas\" \/>\n<meta property=\"og:description\" content=\"El mandatario acus\u00f3 una persecuci\u00f3n pol\u00edtica en su contra por parte del Gobierno federal. Ciudad de M\u00e9xico.- El gobernador de Tamaulipas, Francisco Garc\u00eda Cabeza de Vaca, anunci\u00f3 la noche de este mi\u00e9rcoles que se defender\u00e1 hasta el l\u00edmite de las acusaciones penales en su contra. Este mi\u00e9rcoles, la Fiscal\u00eda General de la Rep\u00fablica obtuvo una [&hellip;]\" \/>\n<meta property=\"og:url\" content=\"https:\/\/fuentesfidedignas.com.mx\/index.php\/2021\/05\/20\/cabeza-de-vaca-avisa-al-gobierno-que-se-defendera-hasta-el-limite\/\" \/>\n<meta property=\"og:site_name\" content=\"Fuentes Fidedignas\" \/>\n<meta property=\"article:publisher\" content=\"https:\/\/www.facebook.com\/Fuentes-Fidedignas-368234489921644\" \/>\n<meta property=\"article:published_time\" content=\"2021-05-20T12:16:00+00:00\" \/>\n<meta property=\"article:modified_time\" content=\"2021-05-20T12:16:02+00:00\" \/>\n<meta property=\"og:image\" content=\"https:\/\/fuentesfidedignas.com.mx\/wp-content\/uploads\/2021\/05\/CBZA_VACA.jpeg\" \/>\n\t<meta property=\"og:image:width\" content=\"800\" \/>\n\t<meta property=\"og:image:height\" content=\"533\" \/>\n\t<meta property=\"og:image:type\" content=\"image\/jpeg\" \/>\n<meta name=\"author\" content=\"El Financiero\" \/>\n<meta name=\"twitter:card\" content=\"summary_large_image\" \/>\n<meta name=\"twitter:creator\" content=\"@fidedignas\" \/>\n<meta name=\"twitter:site\" content=\"@fidedignas\" \/>\n<meta name=\"twitter:label1\" content=\"Escrito por\" \/>\n\t<meta name=\"twitter:data1\" content=\"El Financiero\" \/>\n\t<meta name=\"twitter:label2\" content=\"Tiempo de lectura\" \/>\n\t<meta name=\"twitter:data2\" content=\"2 minutos\" \/>\n<script type=\"application\/ld+json\" class=\"yoast-schema-graph\">{\"@context\":\"https:\\\/\\\/schema.org\",\"@graph\":[{\"@type\":\"Article\",\"@id\":\"https:\\\/\\\/fuentesfidedignas.com.mx\\\/index.php\\\/2021\\\/05\\\/20\\\/cabeza-de-vaca-avisa-al-gobierno-que-se-defendera-hasta-el-limite\\\/#article\",\"isPartOf\":{\"@id\":\"https:\\\/\\\/fuentesfidedignas.com.mx\\\/index.php\\\/2021\\\/05\\\/20\\\/cabeza-de-vaca-avisa-al-gobierno-que-se-defendera-hasta-el-limite\\\/\"},\"author\":{\"name\":\"El Financiero\",\"@id\":\"https:\\\/\\\/fuentesfidedignas.com.mx\\\/#\\\/schema\\\/person\\\/494f7e0dce8dfaaec5b64f16615b78e9\"},\"headline\":\"Cabeza de Vaca avisa al Gobierno que se defender\u00e1 \u2018hasta el l\u00edmite\u2019\",\"datePublished\":\"2021-05-20T12:16:00+00:00\",\"dateModified\":\"2021-05-20T12:16:02+00:00\",\"mainEntityOfPage\":{\"@id\":\"https:\\\/\\\/fuentesfidedignas.com.mx\\\/index.php\\\/2021\\\/05\\\/20\\\/cabeza-de-vaca-avisa-al-gobierno-que-se-defendera-hasta-el-limite\\\/\"},\"wordCount\":289,\"commentCount\":0,\"publisher\":{\"@id\":\"https:\\\/\\\/fuentesfidedignas.com.mx\\\/#organization\"},\"image\":{\"@id\":\"https:\\\/\\\/fuentesfidedignas.com.mx\\\/index.php\\\/2021\\\/05\\\/20\\\/cabeza-de-vaca-avisa-al-gobierno-que-se-defendera-hasta-el-limite\\\/#primaryimage\"},\"thumbnailUrl\":\"https:\\\/\\\/fuentesfidedignas.com.mx\\\/wp-content\\\/uploads\\\/2021\\\/05\\\/CBZA_VACA.jpeg\",\"keywords\":[\"Francisco Garc\u00eda Cabeza de Vaca\"],\"articleSection\":[\"NOTICIAS NACIONALES\"],\"inLanguage\":\"es\",\"potentialAction\":[{\"@type\":\"CommentAction\",\"name\":\"Comment\",\"target\":[\"https:\\\/\\\/fuentesfidedignas.com.mx\\\/index.php\\\/2021\\\/05\\\/20\\\/cabeza-de-vaca-avisa-al-gobierno-que-se-defendera-hasta-el-limite\\\/#respond\"]}]},{\"@type\":\"WebPage\",\"@id\":\"https:\\\/\\\/fuentesfidedignas.com.mx\\\/index.php\\\/2021\\\/05\\\/20\\\/cabeza-de-vaca-avisa-al-gobierno-que-se-defendera-hasta-el-limite\\\/\",\"url\":\"https:\\\/\\\/fuentesfidedignas.com.mx\\\/index.php\\\/2021\\\/05\\\/20\\\/cabeza-de-vaca-avisa-al-gobierno-que-se-defendera-hasta-el-limite\\\/\",\"name\":\"Cabeza de Vaca avisa al Gobierno que se defender\u00e1 \u2018hasta el l\u00edmite\u2019 - Fuentes Fidedignas\",\"isPartOf\":{\"@id\":\"https:\\\/\\\/fuentesfidedignas.com.mx\\\/#website\"},\"primaryImageOfPage\":{\"@id\":\"https:\\\/\\\/fuentesfidedignas.com.mx\\\/index.php\\\/2021\\\/05\\\/20\\\/cabeza-de-vaca-avisa-al-gobierno-que-se-defendera-hasta-el-limite\\\/#primaryimage\"},\"image\":{\"@id\":\"https:\\\/\\\/fuentesfidedignas.com.mx\\\/index.php\\\/2021\\\/05\\\/20\\\/cabeza-de-vaca-avisa-al-gobierno-que-se-defendera-hasta-el-limite\\\/#primaryimage\"},\"thumbnailUrl\":\"https:\\\/\\\/fuentesfidedignas.com.mx\\\/wp-content\\\/uploads\\\/2021\\\/05\\\/CBZA_VACA.jpeg\",\"datePublished\":\"2021-05-20T12:16:00+00:00\",\"dateModified\":\"2021-05-20T12:16:02+00:00\",\"breadcrumb\":{\"@id\":\"https:\\\/\\\/fuentesfidedignas.com.mx\\\/index.php\\\/2021\\\/05\\\/20\\\/cabeza-de-vaca-avisa-al-gobierno-que-se-defendera-hasta-el-limite\\\/#breadcrumb\"},\"inLanguage\":\"es\",\"potentialAction\":[{\"@type\":\"ReadAction\",\"target\":[\"https:\\\/\\\/fuentesfidedignas.com.mx\\\/index.php\\\/2021\\\/05\\\/20\\\/cabeza-de-vaca-avisa-al-gobierno-que-se-defendera-hasta-el-limite\\\/\"]}]},{\"@type\":\"ImageObject\",\"inLanguage\":\"es\",\"@id\":\"https:\\\/\\\/fuentesfidedignas.com.mx\\\/index.php\\\/2021\\\/05\\\/20\\\/cabeza-de-vaca-avisa-al-gobierno-que-se-defendera-hasta-el-limite\\\/#primaryimage\",\"url\":\"https:\\\/\\\/fuentesfidedignas.com.mx\\\/wp-content\\\/uploads\\\/2021\\\/05\\\/CBZA_VACA.jpeg\",\"contentUrl\":\"https:\\\/\\\/fuentesfidedignas.com.mx\\\/wp-content\\\/uploads\\\/2021\\\/05\\\/CBZA_VACA.jpeg\",\"width\":800,\"height\":533},{\"@type\":\"BreadcrumbList\",\"@id\":\"https:\\\/\\\/fuentesfidedignas.com.mx\\\/index.php\\\/2021\\\/05\\\/20\\\/cabeza-de-vaca-avisa-al-gobierno-que-se-defendera-hasta-el-limite\\\/#breadcrumb\",\"itemListElement\":[{\"@type\":\"ListItem\",\"position\":1,\"name\":\"Inicio\",\"item\":\"https:\\\/\\\/fuentesfidedignas.com.mx\\\/\"},{\"@type\":\"ListItem\",\"position\":2,\"name\":\"Cabeza de Vaca avisa al Gobierno que se defender\u00e1 \u2018hasta el l\u00edmite\u2019\"}]},{\"@type\":\"WebSite\",\"@id\":\"https:\\\/\\\/fuentesfidedignas.com.mx\\\/#website\",\"url\":\"https:\\\/\\\/fuentesfidedignas.com.mx\\\/\",\"name\":\"Fuentes Fidedignas\",\"description\":\"Otro sitio realizado con WordPress\",\"publisher\":{\"@id\":\"https:\\\/\\\/fuentesfidedignas.com.mx\\\/#organization\"},\"potentialAction\":[{\"@type\":\"SearchAction\",\"target\":{\"@type\":\"EntryPoint\",\"urlTemplate\":\"https:\\\/\\\/fuentesfidedignas.com.mx\\\/?s={search_term_string}\"},\"query-input\":{\"@type\":\"PropertyValueSpecification\",\"valueRequired\":true,\"valueName\":\"search_term_string\"}}],\"inLanguage\":\"es\"},{\"@type\":\"Organization\",\"@id\":\"https:\\\/\\\/fuentesfidedignas.com.mx\\\/#organization\",\"name\":\"Fuentes Fidedignas\",\"url\":\"https:\\\/\\\/fuentesfidedignas.com.mx\\\/\",\"logo\":{\"@type\":\"ImageObject\",\"inLanguage\":\"es\",\"@id\":\"https:\\\/\\\/fuentesfidedignas.com.mx\\\/#\\\/schema\\\/logo\\\/image\\\/\",\"url\":\"https:\\\/\\\/fuentesfidedignas.com.mx\\\/wp-content\\\/uploads\\\/2021\\\/04\\\/logo-retina.png\",\"contentUrl\":\"https:\\\/\\\/fuentesfidedignas.com.mx\\\/wp-content\\\/uploads\\\/2021\\\/04\\\/logo-retina.png\",\"width\":280,\"height\":51,\"caption\":\"Fuentes Fidedignas\"},\"image\":{\"@id\":\"https:\\\/\\\/fuentesfidedignas.com.mx\\\/#\\\/schema\\\/logo\\\/image\\\/\"},\"sameAs\":[\"https:\\\/\\\/www.facebook.com\\\/Fuentes-Fidedignas-368234489921644\",\"https:\\\/\\\/x.com\\\/fidedignas\"]},{\"@type\":\"Person\",\"@id\":\"https:\\\/\\\/fuentesfidedignas.com.mx\\\/#\\\/schema\\\/person\\\/494f7e0dce8dfaaec5b64f16615b78e9\",\"name\":\"El Financiero\",\"image\":{\"@type\":\"ImageObject\",\"inLanguage\":\"es\",\"@id\":\"https:\\\/\\\/secure.gravatar.com\\\/avatar\\\/88c0f3f2079389318ef8dd35c22cb997212aa89646e357ba59b318db26ed91a9?s=96&d=mm&r=g\",\"url\":\"https:\\\/\\\/secure.gravatar.com\\\/avatar\\\/88c0f3f2079389318ef8dd35c22cb997212aa89646e357ba59b318db26ed91a9?s=96&d=mm&r=g\",\"contentUrl\":\"https:\\\/\\\/secure.gravatar.com\\\/avatar\\\/88c0f3f2079389318ef8dd35c22cb997212aa89646e357ba59b318db26ed91a9?s=96&d=mm&r=g\",\"caption\":\"El Financiero\"},\"url\":\"https:\\\/\\\/fuentesfidedignas.com.mx\\\/index.php\\\/author\\\/financiero\\\/\"}]}<\/script>\n<!-- \/ Yoast SEO plugin. -->","yoast_head_json":{"title":"Cabeza de Vaca avisa al Gobierno que se defender\u00e1 \u2018hasta el l\u00edmite\u2019 - Fuentes Fidedignas","robots":{"index":"index","follow":"follow","max-snippet":"max-snippet:-1","max-image-preview":"max-image-preview:large","max-video-preview":"max-video-preview:-1"},"canonical":"https:\/\/fuentesfidedignas.com.mx\/index.php\/2021\/05\/20\/cabeza-de-vaca-avisa-al-gobierno-que-se-defendera-hasta-el-limite\/","og_locale":"es_MX","og_type":"article","og_title":"Cabeza de Vaca avisa al Gobierno que se defender\u00e1 \u2018hasta el l\u00edmite\u2019 - Fuentes Fidedignas","og_description":"El mandatario acus\u00f3 una persecuci\u00f3n pol\u00edtica en su contra por parte del Gobierno federal. Ciudad de M\u00e9xico.- El gobernador de Tamaulipas, Francisco Garc\u00eda Cabeza de Vaca, anunci\u00f3 la noche de este mi\u00e9rcoles que se defender\u00e1 hasta el l\u00edmite de las acusaciones penales en su contra. Este mi\u00e9rcoles, la Fiscal\u00eda General de la Rep\u00fablica obtuvo una [&hellip;]","og_url":"https:\/\/fuentesfidedignas.com.mx\/index.php\/2021\/05\/20\/cabeza-de-vaca-avisa-al-gobierno-que-se-defendera-hasta-el-limite\/","og_site_name":"Fuentes Fidedignas","article_publisher":"https:\/\/www.facebook.com\/Fuentes-Fidedignas-368234489921644","article_published_time":"2021-05-20T12:16:00+00:00","article_modified_time":"2021-05-20T12:16:02+00:00","og_image":[{"width":800,"height":533,"url":"https:\/\/fuentesfidedignas.com.mx\/wp-content\/uploads\/2021\/05\/CBZA_VACA.jpeg","type":"image\/jpeg"}],"author":"El Financiero","twitter_card":"summary_large_image","twitter_creator":"@fidedignas","twitter_site":"@fidedignas","twitter_misc":{"Escrito por":"El Financiero","Tiempo de lectura":"2 minutos"},"schema":{"@context":"https:\/\/schema.org","@graph":[{"@type":"Article","@id":"https:\/\/fuentesfidedignas.com.mx\/index.php\/2021\/05\/20\/cabeza-de-vaca-avisa-al-gobierno-que-se-defendera-hasta-el-limite\/#article","isPartOf":{"@id":"https:\/\/fuentesfidedignas.com.mx\/index.php\/2021\/05\/20\/cabeza-de-vaca-avisa-al-gobierno-que-se-defendera-hasta-el-limite\/"},"author":{"name":"El Financiero","@id":"https:\/\/fuentesfidedignas.com.mx\/#\/schema\/person\/494f7e0dce8dfaaec5b64f16615b78e9"},"headline":"Cabeza de Vaca avisa al Gobierno que se defender\u00e1 \u2018hasta el l\u00edmite\u2019","datePublished":"2021-05-20T12:16:00+00:00","dateModified":"2021-05-20T12:16:02+00:00","mainEntityOfPage":{"@id":"https:\/\/fuentesfidedignas.com.mx\/index.php\/2021\/05\/20\/cabeza-de-vaca-avisa-al-gobierno-que-se-defendera-hasta-el-limite\/"},"wordCount":289,"commentCount":0,"publisher":{"@id":"https:\/\/fuentesfidedignas.com.mx\/#organization"},"image":{"@id":"https:\/\/fuentesfidedignas.com.mx\/index.php\/2021\/05\/20\/cabeza-de-vaca-avisa-al-gobierno-que-se-defendera-hasta-el-limite\/#primaryimage"},"thumbnailUrl":"https:\/\/fuentesfidedignas.com.mx\/wp-content\/uploads\/2021\/05\/CBZA_VACA.jpeg","keywords":["Francisco Garc\u00eda Cabeza de Vaca"],"articleSection":["NOTICIAS NACIONALES"],"inLanguage":"es","potentialAction":[{"@type":"CommentAction","name":"Comment","target":["https:\/\/fuentesfidedignas.com.mx\/index.php\/2021\/05\/20\/cabeza-de-vaca-avisa-al-gobierno-que-se-defendera-hasta-el-limite\/#respond"]}]},{"@type":"WebPage","@id":"https:\/\/fuentesfidedignas.com.mx\/index.php\/2021\/05\/20\/cabeza-de-vaca-avisa-al-gobierno-que-se-defendera-hasta-el-limite\/","url":"https:\/\/fuentesfidedignas.com.mx\/index.php\/2021\/05\/20\/cabeza-de-vaca-avisa-al-gobierno-que-se-defendera-hasta-el-limite\/","name":"Cabeza de Vaca avisa al Gobierno que se defender\u00e1 \u2018hasta el l\u00edmite\u2019 - Fuentes Fidedignas","isPartOf":{"@id":"https:\/\/fuentesfidedignas.com.mx\/#website"},"primaryImageOfPage":{"@id":"https:\/\/fuentesfidedignas.com.mx\/index.php\/2021\/05\/20\/cabeza-de-vaca-avisa-al-gobierno-que-se-defendera-hasta-el-limite\/#primaryimage"},"image":{"@id":"https:\/\/fuentesfidedignas.com.mx\/index.php\/2021\/05\/20\/cabeza-de-vaca-avisa-al-gobierno-que-se-defendera-hasta-el-limite\/#primaryimage"},"thumbnailUrl":"https:\/\/fuentesfidedignas.com.mx\/wp-content\/uploads\/2021\/05\/CBZA_VACA.jpeg","datePublished":"2021-05-20T12:16:00+00:00","dateModified":"2021-05-20T12:16:02+00:00","breadcrumb":{"@id":"https:\/\/fuentesfidedignas.com.mx\/index.php\/2021\/05\/20\/cabeza-de-vaca-avisa-al-gobierno-que-se-defendera-hasta-el-limite\/#breadcrumb"},"inLanguage":"es","potentialAction":[{"@type":"ReadAction","target":["https:\/\/fuentesfidedignas.com.mx\/index.php\/2021\/05\/20\/cabeza-de-vaca-avisa-al-gobierno-que-se-defendera-hasta-el-limite\/"]}]},{"@type":"ImageObject","inLanguage":"es","@id":"https:\/\/fuentesfidedignas.com.mx\/index.php\/2021\/05\/20\/cabeza-de-vaca-avisa-al-gobierno-que-se-defendera-hasta-el-limite\/#primaryimage","url":"https:\/\/fuentesfidedignas.com.mx\/wp-content\/uploads\/2021\/05\/CBZA_VACA.jpeg","contentUrl":"https:\/\/fuentesfidedignas.com.mx\/wp-content\/uploads\/2021\/05\/CBZA_VACA.jpeg","width":800,"height":533},{"@type":"BreadcrumbList","@id":"https:\/\/fuentesfidedignas.com.mx\/index.php\/2021\/05\/20\/cabeza-de-vaca-avisa-al-gobierno-que-se-defendera-hasta-el-limite\/#breadcrumb","itemListElement":[{"@type":"ListItem","position":1,"name":"Inicio","item":"https:\/\/fuentesfidedignas.com.mx\/"},{"@type":"ListItem","position":2,"name":"Cabeza de Vaca avisa al Gobierno que se defender\u00e1 \u2018hasta el l\u00edmite\u2019"}]},{"@type":"WebSite","@id":"https:\/\/fuentesfidedignas.com.mx\/#website","url":"https:\/\/fuentesfidedignas.com.mx\/","name":"Fuentes Fidedignas","description":"Otro sitio realizado con WordPress","publisher":{"@id":"https:\/\/fuentesfidedignas.com.mx\/#organization"},"potentialAction":[{"@type":"SearchAction","target":{"@type":"EntryPoint","urlTemplate":"https:\/\/fuentesfidedignas.com.mx\/?s={search_term_string}"},"query-input":{"@type":"PropertyValueSpecification","valueRequired":true,"valueName":"search_term_string"}}],"inLanguage":"es"},{"@type":"Organization","@id":"https:\/\/fuentesfidedignas.com.mx\/#organization","name":"Fuentes Fidedignas","url":"https:\/\/fuentesfidedignas.com.mx\/","logo":{"@type":"ImageObject","inLanguage":"es","@id":"https:\/\/fuentesfidedignas.com.mx\/#\/schema\/logo\/image\/","url":"https:\/\/fuentesfidedignas.com.mx\/wp-content\/uploads\/2021\/04\/logo-retina.png","contentUrl":"https:\/\/fuentesfidedignas.com.mx\/wp-content\/uploads\/2021\/04\/logo-retina.png","width":280,"height":51,"caption":"Fuentes Fidedignas"},"image":{"@id":"https:\/\/fuentesfidedignas.com.mx\/#\/schema\/logo\/image\/"},"sameAs":["https:\/\/www.facebook.com\/Fuentes-Fidedignas-368234489921644","https:\/\/x.com\/fidedignas"]},{"@type":"Person","@id":"https:\/\/fuentesfidedignas.com.mx\/#\/schema\/person\/494f7e0dce8dfaaec5b64f16615b78e9","name":"El Financiero","image":{"@type":"ImageObject","inLanguage":"es","@id":"https:\/\/secure.gravatar.com\/avatar\/88c0f3f2079389318ef8dd35c22cb997212aa89646e357ba59b318db26ed91a9?s=96&d=mm&r=g","url":"https:\/\/secure.gravatar.com\/avatar\/88c0f3f2079389318ef8dd35c22cb997212aa89646e357ba59b318db26ed91a9?s=96&d=mm&r=g","contentUrl":"https:\/\/secure.gravatar.com\/avatar\/88c0f3f2079389318ef8dd35c22cb997212aa89646e357ba59b318db26ed91a9?s=96&d=mm&r=g","caption":"El Financiero"},"url":"https:\/\/fuentesfidedignas.com.mx\/index.php\/author\/financiero\/"}]}},"_links":{"self":[{"href":"https:\/\/fuentesfidedignas.com.mx\/index.php\/wp-json\/wp\/v2\/posts\/2513","targetHints":{"allow":["GET"]}}],"collection":[{"href":"https:\/\/fuentesfidedignas.com.mx\/index.php\/wp-json\/wp\/v2\/posts"}],"about":[{"href":"https:\/\/fuentesfidedignas.com.mx\/index.php\/wp-json\/wp\/v2\/types\/post"}],"author":[{"embeddable":true,"href":"https:\/\/fuentesfidedignas.com.mx\/index.php\/wp-json\/wp\/v2\/users\/21"}],"replies":[{"embeddable":true,"href":"https:\/\/fuentesfidedignas.com.mx\/index.php\/wp-json\/wp\/v2\/comments?post=2513"}],"version-history":[{"count":1,"href":"https:\/\/fuentesfidedignas.com.mx\/index.php\/wp-json\/wp\/v2\/posts\/2513\/revisions"}],"predecessor-version":[{"id":2543,"href":"https:\/\/fuentesfidedignas.com.mx\/index.php\/wp-json\/wp\/v2\/posts\/2513\/revisions\/2543"}],"wp:featuredmedia":[{"embeddable":true,"href":"https:\/\/fuentesfidedignas.com.mx\/index.php\/wp-json\/wp\/v2\/media\/2542"}],"wp:attachment":[{"href":"https:\/\/fuentesfidedignas.com.mx\/index.php\/wp-json\/wp\/v2\/media?parent=2513"}],"wp:term":[{"taxonomy":"category","embeddable":true,"href":"https:\/\/fuentesfidedignas.com.mx\/index.php\/wp-json\/wp\/v2\/categories?post=2513"},{"taxonomy":"post_tag","embeddable":true,"href":"https:\/\/fuentesfidedignas.com.mx\/index.php\/wp-json\/wp\/v2\/tags?post=2513"}],"curies":[{"name":"wp","href":"https:\/\/api.w.org\/{rel}","templated":true}]}}