{"id":24936,"date":"2022-02-26T14:17:35","date_gmt":"2022-02-26T21:17:35","guid":{"rendered":"https:\/\/fuentesfidedignas.com.mx\/?p=24936"},"modified":"2022-02-26T14:17:56","modified_gmt":"2022-02-26T21:17:56","slug":"ine-aprobo-protocolo-para-atender-violencia-politica-contra-mujeres","status":"publish","type":"post","link":"https:\/\/fuentesfidedignas.com.mx\/index.php\/2022\/02\/26\/ine-aprobo-protocolo-para-atender-violencia-politica-contra-mujeres\/","title":{"rendered":"INE aprob\u00f3 protocolo para atender violencia pol\u00edtica contra mujeres"},"content":{"rendered":"\n<p><strong><em><br>Norma De la Cruz Maga\u00f1a se\u00f1al\u00f3 que este hecho es un el reflejo del compromiso del Instituto para garantizar la m\u00e1xima protecci\u00f3n a quien ha sufrido violencia de g\u00e9nero <\/em><\/strong><\/p>\n\n\n\n<p>Ciudad de M\u00e9xico. El Instituto Nacional Electoral (INE), a trav\u00e9s de su Consejo General, aprob\u00f3 el protocolo para atender a v\u00edctimas en caso de que se presente violencia pol\u00edtica en contra de mujeres en raz\u00f3n de g\u00e9nero.<\/p>\n\n\n\n<p>Norma de la Cruz Maga\u00f1a, presidenta de la Comisi\u00f3n de Igualdad de G\u00e9nero y No Discriminaci\u00f3n, se\u00f1al\u00f3 que la aprobaci\u00f3n de este Protocolo es un el reflejo del compromiso del Instituto para garantizar la m\u00e1xima protecci\u00f3n a los derechos pol\u00edtico-electorales de las mujeres.<\/p>\n\n\n\n<p>\u201cEl Protocolo guiar\u00e1 la actuaci\u00f3n del personal del INE en el proceso de atenci\u00f3n a la violencia pol\u00edtica contra las mujeres en raz\u00f3n de g\u00e9nero, ya que establece los ejes rectores de la atenci\u00f3n de primer contacto y de la elaboraci\u00f3n del an\u00e1lisis de riesgo que permita determinar la necesidad de dictar las medidas de protecci\u00f3n y\/o un plan de seguridad a las mujeres que presenten una queja o denuncia por violencia pol\u00edtica ante cualquier instancia del INE y su debido seguimiento\u201d, enfatiz\u00f3 el Consejo General en sesi\u00f3n ordinaria el viernes 25 de febrero.<\/p>\n\n\n\n<p>Asimismo, De la Cruz Maga\u00f1a lament\u00f3 que las cifras adviertan que en el desarrollo de los procesos electorales, aumentan exponencialmente las denuncias en materia de Violencia Pol\u00edtica contra las Mujeres en Raz\u00f3n de G\u00e9nero (VPMRG).<\/p>\n\n\n\n<p>\u201cLos datos desafortunadamente arrojan que las mujeres de las diversidad sexual son las m\u00e1s afectadas, pero al mismo tiempo, demuestran la importancia de contar con informaci\u00f3n estad\u00edstica, ya que a partir de esta informaci\u00f3n se pueden determinar los elementos centrales de las din\u00e1micas y expresiones de la violencia pol\u00edtica contra las mujeres en raz\u00f3n de g\u00e9nero y eso permitir\u00e1 plantear las estrategias necesarias y tomar las decisiones pertinentes para la prevenci\u00f3n, atenci\u00f3n integral y oportuna de estas quejas o denuncias\u201d, indic\u00f3 De la Cruz Maga\u00f1a<\/p>\n\n\n\n<p>Por su parte, el consejero presidente del INE, Lorenzo C\u00f3rdova, celebr\u00f3 su creaci\u00f3n pues asegur\u00f3 que con este documento no solamente servir\u00e1 para atender todas las eventuales quejas, sino tambi\u00e9n generar\u00e1 un avance en en este tema que afecta a las funcionarias p\u00fablicas.<\/p>\n\n\n\n<p>Cabe mencionar que el pasado 23 de febrero, Bertha Caraveo Camarena, senadora por el partido Movimiento Regeneraci\u00f3n Nacional (Morena), se manifest\u00f3 en contra de las agresiones que recibi\u00f3 por parte del youtuber mexicano Chumel Torres, quien la llam\u00f3 \u201carrastrada y babosa\u201d.<\/p>\n\n\n\n<p>A trav\u00e9s de su cuenta de Twitter mencion\u00f3: \u201cEn conferencia de prensa, denunci\u00e9 la terrible violencia pol\u00edtica de g\u00e9nero de la que fui v\u00edctima por parte de @ChumelTorres. Despu\u00e9s de escuchar a muchas compa\u00f1eras que me apoyan, decid\u00ed que acudir\u00e9 a las instancias correspondientes: SI NOS TOCAN A UNA, RESPONDEMOS TODAS\u201d.<\/p>\n\n\n\n<p>La pol\u00e9mica se desat\u00f3 luego de que Chumel agrediera p\u00fablicamente a la senadora por defender a Jos\u00e9 Ram\u00f3n L\u00f3pez Beltr\u00e1n, hijo del presidente Andr\u00e9s Manuel L\u00f3pez Obrador (AMLO). Las cr\u00edticas fueron en torno al tema de la llamada Casa Gris en Houston, Texas.<\/p>\n\n\n\n<p>Despu\u00e9s de que el comediante hiciera estas declaraciones, la senadora expres\u00f3: \u201cQuiero anunciar que s\u00ed denunciar\u00e9 a Chumel Torres ante las instancias correspondientes. En un principio hab\u00eda pensado no hacerlo, pero alentada por la gente que me apoya y me respalda he ca\u00eddo en la cuenta de que hay que utilizar el derecho para defendernos porque cuando nos tocan a una nos tocan a todas\u201d.<\/p>\n\n\n\n<p>La funcionaria destac\u00f3 que posterior a los hechos, no recibi\u00f3 ninguna muestra de sororidad por parte de las senadoras panistas, quienes \u201cdesde hace muy poco tomaron la bandera del feminismo\u201d. Por este hecho, las acus\u00f3 de oportunistas y antip\u00e1ticas.<\/p>\n","protected":false},"excerpt":{"rendered":"<p>Norma De la Cruz Maga\u00f1a se\u00f1al\u00f3 que este hecho es un el reflejo del compromiso del Instituto para garantizar la m\u00e1xima protecci\u00f3n a quien ha sufrido violencia de g\u00e9nero Ciudad de M\u00e9xico. El Instituto Nacional Electoral (INE), a trav\u00e9s de su Consejo General, aprob\u00f3 el protocolo para atender a v\u00edctimas en caso de que se [&hellip;]<\/p>\n","protected":false},"author":41,"featured_media":24938,"comment_status":"open","ping_status":"open","sticky":false,"template":"","format":"standard","meta":{"tdm_status":"","tdm_grid_status":"","footnotes":""},"categories":[39],"tags":[263],"class_list":{"0":"post-24936","1":"post","2":"type-post","3":"status-publish","4":"format-standard","5":"has-post-thumbnail","7":"category-noticias-nacionales","8":"tag-instituto-nacional-electoral"},"yoast_head":"<!-- This site is optimized with the Yoast SEO plugin v27.5 - https:\/\/yoast.com\/product\/yoast-seo-wordpress\/ -->\n<title>INE aprob\u00f3 protocolo para atender violencia pol\u00edtica contra mujeres - Fuentes Fidedignas<\/title>\n<meta name=\"robots\" content=\"index, follow, max-snippet:-1, max-image-preview:large, max-video-preview:-1\" \/>\n<link rel=\"canonical\" href=\"https:\/\/fuentesfidedignas.com.mx\/index.php\/2022\/02\/26\/ine-aprobo-protocolo-para-atender-violencia-politica-contra-mujeres\/\" \/>\n<meta property=\"og:locale\" content=\"es_MX\" \/>\n<meta property=\"og:type\" content=\"article\" \/>\n<meta property=\"og:title\" content=\"INE aprob\u00f3 protocolo para atender violencia pol\u00edtica contra mujeres - Fuentes Fidedignas\" \/>\n<meta property=\"og:description\" content=\"Norma De la Cruz Maga\u00f1a se\u00f1al\u00f3 que este hecho es un el reflejo del compromiso del Instituto para garantizar la m\u00e1xima protecci\u00f3n a quien ha sufrido violencia de g\u00e9nero Ciudad de M\u00e9xico. El Instituto Nacional Electoral (INE), a trav\u00e9s de su Consejo General, aprob\u00f3 el protocolo para atender a v\u00edctimas en caso de que se [&hellip;]\" \/>\n<meta property=\"og:url\" content=\"https:\/\/fuentesfidedignas.com.mx\/index.php\/2022\/02\/26\/ine-aprobo-protocolo-para-atender-violencia-politica-contra-mujeres\/\" \/>\n<meta property=\"og:site_name\" content=\"Fuentes Fidedignas\" \/>\n<meta property=\"article:publisher\" content=\"https:\/\/www.facebook.com\/Fuentes-Fidedignas-368234489921644\" \/>\n<meta property=\"article:published_time\" content=\"2022-02-26T21:17:35+00:00\" \/>\n<meta property=\"article:modified_time\" content=\"2022-02-26T21:17:56+00:00\" \/>\n<meta property=\"og:image\" content=\"https:\/\/fuentesfidedignas.com.mx\/wp-content\/uploads\/2022\/02\/56AKH55CEFFPVKPPPB3V5WIQBU.webp\" \/>\n\t<meta property=\"og:image:width\" content=\"992\" \/>\n\t<meta property=\"og:image:height\" content=\"661\" \/>\n\t<meta property=\"og:image:type\" content=\"image\/webp\" \/>\n<meta name=\"author\" content=\"Infobae\" \/>\n<meta name=\"twitter:card\" content=\"summary_large_image\" \/>\n<meta name=\"twitter:creator\" content=\"@fidedignas\" \/>\n<meta name=\"twitter:site\" content=\"@fidedignas\" \/>\n<meta name=\"twitter:label1\" content=\"Escrito por\" \/>\n\t<meta name=\"twitter:data1\" content=\"Infobae\" \/>\n\t<meta name=\"twitter:label2\" content=\"Tiempo de lectura\" \/>\n\t<meta name=\"twitter:data2\" content=\"3 minutos\" \/>\n<script type=\"application\/ld+json\" class=\"yoast-schema-graph\">{\"@context\":\"https:\\\/\\\/schema.org\",\"@graph\":[{\"@type\":\"Article\",\"@id\":\"https:\\\/\\\/fuentesfidedignas.com.mx\\\/index.php\\\/2022\\\/02\\\/26\\\/ine-aprobo-protocolo-para-atender-violencia-politica-contra-mujeres\\\/#article\",\"isPartOf\":{\"@id\":\"https:\\\/\\\/fuentesfidedignas.com.mx\\\/index.php\\\/2022\\\/02\\\/26\\\/ine-aprobo-protocolo-para-atender-violencia-politica-contra-mujeres\\\/\"},\"author\":{\"name\":\"Infobae\",\"@id\":\"https:\\\/\\\/fuentesfidedignas.com.mx\\\/#\\\/schema\\\/person\\\/8575896a7c1067d352f6c1cd6582c389\"},\"headline\":\"INE aprob\u00f3 protocolo para atender violencia pol\u00edtica contra mujeres\",\"datePublished\":\"2022-02-26T21:17:35+00:00\",\"dateModified\":\"2022-02-26T21:17:56+00:00\",\"mainEntityOfPage\":{\"@id\":\"https:\\\/\\\/fuentesfidedignas.com.mx\\\/index.php\\\/2022\\\/02\\\/26\\\/ine-aprobo-protocolo-para-atender-violencia-politica-contra-mujeres\\\/\"},\"wordCount\":683,\"commentCount\":0,\"publisher\":{\"@id\":\"https:\\\/\\\/fuentesfidedignas.com.mx\\\/#organization\"},\"image\":{\"@id\":\"https:\\\/\\\/fuentesfidedignas.com.mx\\\/index.php\\\/2022\\\/02\\\/26\\\/ine-aprobo-protocolo-para-atender-violencia-politica-contra-mujeres\\\/#primaryimage\"},\"thumbnailUrl\":\"https:\\\/\\\/fuentesfidedignas.com.mx\\\/wp-content\\\/uploads\\\/2022\\\/02\\\/56AKH55CEFFPVKPPPB3V5WIQBU.webp\",\"keywords\":[\"Instituto Nacional Electoral\"],\"articleSection\":[\"NOTICIAS NACIONALES\"],\"inLanguage\":\"es\",\"potentialAction\":[{\"@type\":\"CommentAction\",\"name\":\"Comment\",\"target\":[\"https:\\\/\\\/fuentesfidedignas.com.mx\\\/index.php\\\/2022\\\/02\\\/26\\\/ine-aprobo-protocolo-para-atender-violencia-politica-contra-mujeres\\\/#respond\"]}]},{\"@type\":\"WebPage\",\"@id\":\"https:\\\/\\\/fuentesfidedignas.com.mx\\\/index.php\\\/2022\\\/02\\\/26\\\/ine-aprobo-protocolo-para-atender-violencia-politica-contra-mujeres\\\/\",\"url\":\"https:\\\/\\\/fuentesfidedignas.com.mx\\\/index.php\\\/2022\\\/02\\\/26\\\/ine-aprobo-protocolo-para-atender-violencia-politica-contra-mujeres\\\/\",\"name\":\"INE aprob\u00f3 protocolo para atender violencia pol\u00edtica contra mujeres - Fuentes Fidedignas\",\"isPartOf\":{\"@id\":\"https:\\\/\\\/fuentesfidedignas.com.mx\\\/#website\"},\"primaryImageOfPage\":{\"@id\":\"https:\\\/\\\/fuentesfidedignas.com.mx\\\/index.php\\\/2022\\\/02\\\/26\\\/ine-aprobo-protocolo-para-atender-violencia-politica-contra-mujeres\\\/#primaryimage\"},\"image\":{\"@id\":\"https:\\\/\\\/fuentesfidedignas.com.mx\\\/index.php\\\/2022\\\/02\\\/26\\\/ine-aprobo-protocolo-para-atender-violencia-politica-contra-mujeres\\\/#primaryimage\"},\"thumbnailUrl\":\"https:\\\/\\\/fuentesfidedignas.com.mx\\\/wp-content\\\/uploads\\\/2022\\\/02\\\/56AKH55CEFFPVKPPPB3V5WIQBU.webp\",\"datePublished\":\"2022-02-26T21:17:35+00:00\",\"dateModified\":\"2022-02-26T21:17:56+00:00\",\"breadcrumb\":{\"@id\":\"https:\\\/\\\/fuentesfidedignas.com.mx\\\/index.php\\\/2022\\\/02\\\/26\\\/ine-aprobo-protocolo-para-atender-violencia-politica-contra-mujeres\\\/#breadcrumb\"},\"inLanguage\":\"es\",\"potentialAction\":[{\"@type\":\"ReadAction\",\"target\":[\"https:\\\/\\\/fuentesfidedignas.com.mx\\\/index.php\\\/2022\\\/02\\\/26\\\/ine-aprobo-protocolo-para-atender-violencia-politica-contra-mujeres\\\/\"]}]},{\"@type\":\"ImageObject\",\"inLanguage\":\"es\",\"@id\":\"https:\\\/\\\/fuentesfidedignas.com.mx\\\/index.php\\\/2022\\\/02\\\/26\\\/ine-aprobo-protocolo-para-atender-violencia-politica-contra-mujeres\\\/#primaryimage\",\"url\":\"https:\\\/\\\/fuentesfidedignas.com.mx\\\/wp-content\\\/uploads\\\/2022\\\/02\\\/56AKH55CEFFPVKPPPB3V5WIQBU.webp\",\"contentUrl\":\"https:\\\/\\\/fuentesfidedignas.com.mx\\\/wp-content\\\/uploads\\\/2022\\\/02\\\/56AKH55CEFFPVKPPPB3V5WIQBU.webp\",\"width\":992,\"height\":661},{\"@type\":\"BreadcrumbList\",\"@id\":\"https:\\\/\\\/fuentesfidedignas.com.mx\\\/index.php\\\/2022\\\/02\\\/26\\\/ine-aprobo-protocolo-para-atender-violencia-politica-contra-mujeres\\\/#breadcrumb\",\"itemListElement\":[{\"@type\":\"ListItem\",\"position\":1,\"name\":\"Inicio\",\"item\":\"https:\\\/\\\/fuentesfidedignas.com.mx\\\/\"},{\"@type\":\"ListItem\",\"position\":2,\"name\":\"INE aprob\u00f3 protocolo para atender violencia pol\u00edtica contra mujeres\"}]},{\"@type\":\"WebSite\",\"@id\":\"https:\\\/\\\/fuentesfidedignas.com.mx\\\/#website\",\"url\":\"https:\\\/\\\/fuentesfidedignas.com.mx\\\/\",\"name\":\"Fuentes Fidedignas\",\"description\":\"Otro sitio realizado con WordPress\",\"publisher\":{\"@id\":\"https:\\\/\\\/fuentesfidedignas.com.mx\\\/#organization\"},\"potentialAction\":[{\"@type\":\"SearchAction\",\"target\":{\"@type\":\"EntryPoint\",\"urlTemplate\":\"https:\\\/\\\/fuentesfidedignas.com.mx\\\/?s={search_term_string}\"},\"query-input\":{\"@type\":\"PropertyValueSpecification\",\"valueRequired\":true,\"valueName\":\"search_term_string\"}}],\"inLanguage\":\"es\"},{\"@type\":\"Organization\",\"@id\":\"https:\\\/\\\/fuentesfidedignas.com.mx\\\/#organization\",\"name\":\"Fuentes Fidedignas\",\"url\":\"https:\\\/\\\/fuentesfidedignas.com.mx\\\/\",\"logo\":{\"@type\":\"ImageObject\",\"inLanguage\":\"es\",\"@id\":\"https:\\\/\\\/fuentesfidedignas.com.mx\\\/#\\\/schema\\\/logo\\\/image\\\/\",\"url\":\"https:\\\/\\\/fuentesfidedignas.com.mx\\\/wp-content\\\/uploads\\\/2021\\\/04\\\/logo-retina.png\",\"contentUrl\":\"https:\\\/\\\/fuentesfidedignas.com.mx\\\/wp-content\\\/uploads\\\/2021\\\/04\\\/logo-retina.png\",\"width\":280,\"height\":51,\"caption\":\"Fuentes Fidedignas\"},\"image\":{\"@id\":\"https:\\\/\\\/fuentesfidedignas.com.mx\\\/#\\\/schema\\\/logo\\\/image\\\/\"},\"sameAs\":[\"https:\\\/\\\/www.facebook.com\\\/Fuentes-Fidedignas-368234489921644\",\"https:\\\/\\\/x.com\\\/fidedignas\"]},{\"@type\":\"Person\",\"@id\":\"https:\\\/\\\/fuentesfidedignas.com.mx\\\/#\\\/schema\\\/person\\\/8575896a7c1067d352f6c1cd6582c389\",\"name\":\"Infobae\",\"image\":{\"@type\":\"ImageObject\",\"inLanguage\":\"es\",\"@id\":\"https:\\\/\\\/secure.gravatar.com\\\/avatar\\\/e4ec95706f8d1670343f6526fdcec45474bab17475a851434a64ca12b5acba1c?s=96&d=mm&r=g\",\"url\":\"https:\\\/\\\/secure.gravatar.com\\\/avatar\\\/e4ec95706f8d1670343f6526fdcec45474bab17475a851434a64ca12b5acba1c?s=96&d=mm&r=g\",\"contentUrl\":\"https:\\\/\\\/secure.gravatar.com\\\/avatar\\\/e4ec95706f8d1670343f6526fdcec45474bab17475a851434a64ca12b5acba1c?s=96&d=mm&r=g\",\"caption\":\"Infobae\"},\"url\":\"https:\\\/\\\/fuentesfidedignas.com.mx\\\/index.php\\\/author\\\/infobae\\\/\"}]}<\/script>\n<!-- \/ Yoast SEO plugin. -->","yoast_head_json":{"title":"INE aprob\u00f3 protocolo para atender violencia pol\u00edtica contra mujeres - Fuentes Fidedignas","robots":{"index":"index","follow":"follow","max-snippet":"max-snippet:-1","max-image-preview":"max-image-preview:large","max-video-preview":"max-video-preview:-1"},"canonical":"https:\/\/fuentesfidedignas.com.mx\/index.php\/2022\/02\/26\/ine-aprobo-protocolo-para-atender-violencia-politica-contra-mujeres\/","og_locale":"es_MX","og_type":"article","og_title":"INE aprob\u00f3 protocolo para atender violencia pol\u00edtica contra mujeres - Fuentes Fidedignas","og_description":"Norma De la Cruz Maga\u00f1a se\u00f1al\u00f3 que este hecho es un el reflejo del compromiso del Instituto para garantizar la m\u00e1xima protecci\u00f3n a quien ha sufrido violencia de g\u00e9nero Ciudad de M\u00e9xico. El Instituto Nacional Electoral (INE), a trav\u00e9s de su Consejo General, aprob\u00f3 el protocolo para atender a v\u00edctimas en caso de que se [&hellip;]","og_url":"https:\/\/fuentesfidedignas.com.mx\/index.php\/2022\/02\/26\/ine-aprobo-protocolo-para-atender-violencia-politica-contra-mujeres\/","og_site_name":"Fuentes Fidedignas","article_publisher":"https:\/\/www.facebook.com\/Fuentes-Fidedignas-368234489921644","article_published_time":"2022-02-26T21:17:35+00:00","article_modified_time":"2022-02-26T21:17:56+00:00","og_image":[{"width":992,"height":661,"url":"https:\/\/fuentesfidedignas.com.mx\/wp-content\/uploads\/2022\/02\/56AKH55CEFFPVKPPPB3V5WIQBU.webp","type":"image\/webp"}],"author":"Infobae","twitter_card":"summary_large_image","twitter_creator":"@fidedignas","twitter_site":"@fidedignas","twitter_misc":{"Escrito por":"Infobae","Tiempo de lectura":"3 minutos"},"schema":{"@context":"https:\/\/schema.org","@graph":[{"@type":"Article","@id":"https:\/\/fuentesfidedignas.com.mx\/index.php\/2022\/02\/26\/ine-aprobo-protocolo-para-atender-violencia-politica-contra-mujeres\/#article","isPartOf":{"@id":"https:\/\/fuentesfidedignas.com.mx\/index.php\/2022\/02\/26\/ine-aprobo-protocolo-para-atender-violencia-politica-contra-mujeres\/"},"author":{"name":"Infobae","@id":"https:\/\/fuentesfidedignas.com.mx\/#\/schema\/person\/8575896a7c1067d352f6c1cd6582c389"},"headline":"INE aprob\u00f3 protocolo para atender violencia pol\u00edtica contra mujeres","datePublished":"2022-02-26T21:17:35+00:00","dateModified":"2022-02-26T21:17:56+00:00","mainEntityOfPage":{"@id":"https:\/\/fuentesfidedignas.com.mx\/index.php\/2022\/02\/26\/ine-aprobo-protocolo-para-atender-violencia-politica-contra-mujeres\/"},"wordCount":683,"commentCount":0,"publisher":{"@id":"https:\/\/fuentesfidedignas.com.mx\/#organization"},"image":{"@id":"https:\/\/fuentesfidedignas.com.mx\/index.php\/2022\/02\/26\/ine-aprobo-protocolo-para-atender-violencia-politica-contra-mujeres\/#primaryimage"},"thumbnailUrl":"https:\/\/fuentesfidedignas.com.mx\/wp-content\/uploads\/2022\/02\/56AKH55CEFFPVKPPPB3V5WIQBU.webp","keywords":["Instituto Nacional Electoral"],"articleSection":["NOTICIAS NACIONALES"],"inLanguage":"es","potentialAction":[{"@type":"CommentAction","name":"Comment","target":["https:\/\/fuentesfidedignas.com.mx\/index.php\/2022\/02\/26\/ine-aprobo-protocolo-para-atender-violencia-politica-contra-mujeres\/#respond"]}]},{"@type":"WebPage","@id":"https:\/\/fuentesfidedignas.com.mx\/index.php\/2022\/02\/26\/ine-aprobo-protocolo-para-atender-violencia-politica-contra-mujeres\/","url":"https:\/\/fuentesfidedignas.com.mx\/index.php\/2022\/02\/26\/ine-aprobo-protocolo-para-atender-violencia-politica-contra-mujeres\/","name":"INE aprob\u00f3 protocolo para atender violencia pol\u00edtica contra mujeres - Fuentes Fidedignas","isPartOf":{"@id":"https:\/\/fuentesfidedignas.com.mx\/#website"},"primaryImageOfPage":{"@id":"https:\/\/fuentesfidedignas.com.mx\/index.php\/2022\/02\/26\/ine-aprobo-protocolo-para-atender-violencia-politica-contra-mujeres\/#primaryimage"},"image":{"@id":"https:\/\/fuentesfidedignas.com.mx\/index.php\/2022\/02\/26\/ine-aprobo-protocolo-para-atender-violencia-politica-contra-mujeres\/#primaryimage"},"thumbnailUrl":"https:\/\/fuentesfidedignas.com.mx\/wp-content\/uploads\/2022\/02\/56AKH55CEFFPVKPPPB3V5WIQBU.webp","datePublished":"2022-02-26T21:17:35+00:00","dateModified":"2022-02-26T21:17:56+00:00","breadcrumb":{"@id":"https:\/\/fuentesfidedignas.com.mx\/index.php\/2022\/02\/26\/ine-aprobo-protocolo-para-atender-violencia-politica-contra-mujeres\/#breadcrumb"},"inLanguage":"es","potentialAction":[{"@type":"ReadAction","target":["https:\/\/fuentesfidedignas.com.mx\/index.php\/2022\/02\/26\/ine-aprobo-protocolo-para-atender-violencia-politica-contra-mujeres\/"]}]},{"@type":"ImageObject","inLanguage":"es","@id":"https:\/\/fuentesfidedignas.com.mx\/index.php\/2022\/02\/26\/ine-aprobo-protocolo-para-atender-violencia-politica-contra-mujeres\/#primaryimage","url":"https:\/\/fuentesfidedignas.com.mx\/wp-content\/uploads\/2022\/02\/56AKH55CEFFPVKPPPB3V5WIQBU.webp","contentUrl":"https:\/\/fuentesfidedignas.com.mx\/wp-content\/uploads\/2022\/02\/56AKH55CEFFPVKPPPB3V5WIQBU.webp","width":992,"height":661},{"@type":"BreadcrumbList","@id":"https:\/\/fuentesfidedignas.com.mx\/index.php\/2022\/02\/26\/ine-aprobo-protocolo-para-atender-violencia-politica-contra-mujeres\/#breadcrumb","itemListElement":[{"@type":"ListItem","position":1,"name":"Inicio","item":"https:\/\/fuentesfidedignas.com.mx\/"},{"@type":"ListItem","position":2,"name":"INE aprob\u00f3 protocolo para atender violencia pol\u00edtica contra mujeres"}]},{"@type":"WebSite","@id":"https:\/\/fuentesfidedignas.com.mx\/#website","url":"https:\/\/fuentesfidedignas.com.mx\/","name":"Fuentes Fidedignas","description":"Otro sitio realizado con WordPress","publisher":{"@id":"https:\/\/fuentesfidedignas.com.mx\/#organization"},"potentialAction":[{"@type":"SearchAction","target":{"@type":"EntryPoint","urlTemplate":"https:\/\/fuentesfidedignas.com.mx\/?s={search_term_string}"},"query-input":{"@type":"PropertyValueSpecification","valueRequired":true,"valueName":"search_term_string"}}],"inLanguage":"es"},{"@type":"Organization","@id":"https:\/\/fuentesfidedignas.com.mx\/#organization","name":"Fuentes Fidedignas","url":"https:\/\/fuentesfidedignas.com.mx\/","logo":{"@type":"ImageObject","inLanguage":"es","@id":"https:\/\/fuentesfidedignas.com.mx\/#\/schema\/logo\/image\/","url":"https:\/\/fuentesfidedignas.com.mx\/wp-content\/uploads\/2021\/04\/logo-retina.png","contentUrl":"https:\/\/fuentesfidedignas.com.mx\/wp-content\/uploads\/2021\/04\/logo-retina.png","width":280,"height":51,"caption":"Fuentes Fidedignas"},"image":{"@id":"https:\/\/fuentesfidedignas.com.mx\/#\/schema\/logo\/image\/"},"sameAs":["https:\/\/www.facebook.com\/Fuentes-Fidedignas-368234489921644","https:\/\/x.com\/fidedignas"]},{"@type":"Person","@id":"https:\/\/fuentesfidedignas.com.mx\/#\/schema\/person\/8575896a7c1067d352f6c1cd6582c389","name":"Infobae","image":{"@type":"ImageObject","inLanguage":"es","@id":"https:\/\/secure.gravatar.com\/avatar\/e4ec95706f8d1670343f6526fdcec45474bab17475a851434a64ca12b5acba1c?s=96&d=mm&r=g","url":"https:\/\/secure.gravatar.com\/avatar\/e4ec95706f8d1670343f6526fdcec45474bab17475a851434a64ca12b5acba1c?s=96&d=mm&r=g","contentUrl":"https:\/\/secure.gravatar.com\/avatar\/e4ec95706f8d1670343f6526fdcec45474bab17475a851434a64ca12b5acba1c?s=96&d=mm&r=g","caption":"Infobae"},"url":"https:\/\/fuentesfidedignas.com.mx\/index.php\/author\/infobae\/"}]}},"_links":{"self":[{"href":"https:\/\/fuentesfidedignas.com.mx\/index.php\/wp-json\/wp\/v2\/posts\/24936","targetHints":{"allow":["GET"]}}],"collection":[{"href":"https:\/\/fuentesfidedignas.com.mx\/index.php\/wp-json\/wp\/v2\/posts"}],"about":[{"href":"https:\/\/fuentesfidedignas.com.mx\/index.php\/wp-json\/wp\/v2\/types\/post"}],"author":[{"embeddable":true,"href":"https:\/\/fuentesfidedignas.com.mx\/index.php\/wp-json\/wp\/v2\/users\/41"}],"replies":[{"embeddable":true,"href":"https:\/\/fuentesfidedignas.com.mx\/index.php\/wp-json\/wp\/v2\/comments?post=24936"}],"version-history":[{"count":1,"href":"https:\/\/fuentesfidedignas.com.mx\/index.php\/wp-json\/wp\/v2\/posts\/24936\/revisions"}],"predecessor-version":[{"id":24937,"href":"https:\/\/fuentesfidedignas.com.mx\/index.php\/wp-json\/wp\/v2\/posts\/24936\/revisions\/24937"}],"wp:featuredmedia":[{"embeddable":true,"href":"https:\/\/fuentesfidedignas.com.mx\/index.php\/wp-json\/wp\/v2\/media\/24938"}],"wp:attachment":[{"href":"https:\/\/fuentesfidedignas.com.mx\/index.php\/wp-json\/wp\/v2\/media?parent=24936"}],"wp:term":[{"taxonomy":"category","embeddable":true,"href":"https:\/\/fuentesfidedignas.com.mx\/index.php\/wp-json\/wp\/v2\/categories?post=24936"},{"taxonomy":"post_tag","embeddable":true,"href":"https:\/\/fuentesfidedignas.com.mx\/index.php\/wp-json\/wp\/v2\/tags?post=24936"}],"curies":[{"name":"wp","href":"https:\/\/api.w.org\/{rel}","templated":true}]}}