{"id":24844,"date":"2022-02-25T09:26:56","date_gmt":"2022-02-25T16:26:56","guid":{"rendered":"https:\/\/fuentesfidedignas.com.mx\/?p=24844"},"modified":"2022-02-25T09:26:57","modified_gmt":"2022-02-25T16:26:57","slug":"amlo-perfila-que-avion-presidencial-pase-a-empresa-militar-que-operara-el-aifa","status":"publish","type":"post","link":"https:\/\/fuentesfidedignas.com.mx\/index.php\/2022\/02\/25\/amlo-perfila-que-avion-presidencial-pase-a-empresa-militar-que-operara-el-aifa\/","title":{"rendered":"AMLO perfila que avi\u00f3n presidencial pase a empresa militar que operar\u00e1 el AIFA"},"content":{"rendered":"\n<p><strong><em>Ante la imposibilidad de venderlo, AMLO adelant\u00f3 que el avi\u00f3n presidencial ser\u00eda administrado por la empresa militar para que pueda ser rentado.<\/em><\/strong><\/p>\n\n\n\n<p>Ciudad de M\u00e9xico.- El presidente Andr\u00e9s Manuel L\u00f3pez Obrador perfil\u00f3 que ante las pocas propuestas para comprar el avi\u00f3n presidencial, \u00e9ste podr\u00eda pasar a la empresa militar que administrar\u00e1 el Aeropuerto Internacional Felipe \u00c1ngeles y el Tren Maya, denominada Grupo Aeroportuario, Ferroviario de Servicios Auxiliares y Conexos Olmeca, Maya, Mexica.<\/p>\n\n\n\n<p>Este viernes durante su conferencia matutina desde Colima, el mandatario indic\u00f3 que de administrarlo el Ej\u00e9rcito, este avi\u00f3n podr\u00eda utilizarse para la renta de viajes a familias o empresas y con ello el gobierno pueda obtener recursos, pero descart\u00f3 que se vaya a malbaratar para no causar un da\u00f1o al erario.<\/p>\n\n\n\n<p>De acuerdo con el m\u00e1s reciente aval\u00fao hecho a la aeronave, esta tendr\u00eda un costo de aproximadamente 113 millones de d\u00f3lares.<\/p>\n\n\n\n<p>\u201cSi vemos que no se compra el avi\u00f3n, lo vamos a pasar la empresa que se est\u00e1 constituyendo para manejar los aeropuertos, el Tren Maya, para que esa empresa lo administre y pueda rentarse para viajes a familias, empresas y obtener recursos. De todas maneras insisto: es mejor tenerlo parado y darle el mantenimiento que usarlo, nos saldr\u00eda car\u00edsimo\u201d, se\u00f1alo el jefe del Ejecutivo federal.<\/p>\n\n\n\n<p>En conferencia de prensa desde Colima, el mandatario federal achac\u00f3 las pocas ofertas que el gobierno mexicano ha recibido es por lo extravagante que es la aeronave y lo caro que representa su mantenimiento.<\/p>\n\n\n\n<p>\u201cEl avi\u00f3n, vamos a seguirlo recordando, se permiti\u00f3 que Calder\u00f3n le dejara comprando un avi\u00f3n al presidente Pe\u00f1a Nieto, extravagante, un avi\u00f3n que no lo ten\u00eda ni Obama, un avi\u00f3n de lujo. 75 metros de largo para 240 pasajeros.<\/p>\n\n\n\n<p>\u201cAdaptado para 80 con salas de juntas, rec\u00e1mara, ba\u00f1o, un palacio para los cielos, cuando se compr\u00f3 ese avi\u00f3n nadie dijo nada y debi\u00f3 el presidente Pe\u00f1a cancelar el contrato porque lo compr\u00f3 el presidente Calder\u00f3n o firm\u00f3 el contrato de compraventa cuando estaba por irse y Pe\u00f1a era presidente electo, pero \u00e9l debi\u00f3 decir que no se quedar\u00eda con ese avi\u00f3n\u201d, acus\u00f3.<\/p>\n\n\n\n<p>Este a\u00f1o, para mantenimiento del \u201cJos\u00e9 Mar\u00eda Morelos y Pav\u00f3n\u201d se tiene destinada una partida de 331.4 millones de pesos.<\/p>\n\n\n\n<p>En septiembre de 2020, se realiz\u00f3 un sorteo de loter\u00eda que simb\u00f3licamente otorgaba el avi\u00f3n presidencial como premio, en el cual, el gobierno gast\u00f3 121 millones de pesos.<\/p>\n\n\n\n<p>Al respecto, el presidente L\u00f3pez Obrador se refiri\u00f3 a la entrega de un cheque por 2 mil millones de pesos que otorg\u00f3 la Fiscal\u00eda General de la Rep\u00fablica (FGR) para fondear el sorteo y que al final sus recursos no fueron ejercidos para la rifa.<\/p>\n\n\n\n<p>El mandatario federal explic\u00f3 que la entrega de estos recursos no cumplieron con el procedimiento legal por lo que se entreg\u00f3 al Infonavit, instituci\u00f3n a la que pertenec\u00eda el recurso y se utiliz\u00f3 para otorgar cr\u00e9ditos a familias pobres para acceder a una vivienda.<\/p>\n\n\n\n<p>\u201cSe entreg\u00f3 ese dinero. el fiscal nos entreg\u00f3 ese dinero 2 mil millones de pesos y luego se demostr\u00f3 que no era el procedimiento legal correcto y que hab\u00eda que entregar ese dinero al Infonavit y se acord\u00f3 que ese dinero se utilizara para entregar cr\u00e9ditos a familias pobres que pudieran tener sus viviendas y as\u00ed se est\u00e1 aplicando ese dinero.<\/p>\n\n\n\n<p>\u201cEn el caso de la rifa de avi\u00f3n ya no fue necesario porque se vendieron la mayor parte de los boletos y se entregaron todos los premios\u201d, explic\u00f3.<\/p>\n","protected":false},"excerpt":{"rendered":"<p>Ante la imposibilidad de venderlo, AMLO adelant\u00f3 que el avi\u00f3n presidencial ser\u00eda administrado por la empresa militar para que pueda ser rentado. Ciudad de M\u00e9xico.- El presidente Andr\u00e9s Manuel L\u00f3pez Obrador perfil\u00f3 que ante las pocas propuestas para comprar el avi\u00f3n presidencial, \u00e9ste podr\u00eda pasar a la empresa militar que administrar\u00e1 el Aeropuerto Internacional Felipe [&hellip;]<\/p>\n","protected":false},"author":5,"featured_media":24845,"comment_status":"open","ping_status":"open","sticky":false,"template":"","format":"standard","meta":{"tdm_status":"","tdm_grid_status":"","footnotes":""},"categories":[39],"tags":[1284,2423,247,297,450],"class_list":{"0":"post-24844","1":"post","2":"type-post","3":"status-publish","4":"format-standard","5":"has-post-thumbnail","7":"category-noticias-nacionales","8":"tag-aeropuerto-internacional-felipe-angeles","9":"tag-aifa","10":"tag-amlo","11":"tag-andres-manuel-lopez-obrador","12":"tag-avion-presidencial"},"yoast_head":"<!-- This site is optimized with the Yoast SEO plugin v27.5 - https:\/\/yoast.com\/product\/yoast-seo-wordpress\/ -->\n<title>AMLO perfila que avi\u00f3n presidencial pase a empresa militar que operar\u00e1 el AIFA - Fuentes Fidedignas<\/title>\n<meta name=\"robots\" content=\"index, follow, max-snippet:-1, max-image-preview:large, max-video-preview:-1\" \/>\n<link rel=\"canonical\" href=\"https:\/\/fuentesfidedignas.com.mx\/index.php\/2022\/02\/25\/amlo-perfila-que-avion-presidencial-pase-a-empresa-militar-que-operara-el-aifa\/\" \/>\n<meta property=\"og:locale\" content=\"es_MX\" \/>\n<meta property=\"og:type\" content=\"article\" \/>\n<meta property=\"og:title\" content=\"AMLO perfila que avi\u00f3n presidencial pase a empresa militar que operar\u00e1 el AIFA - Fuentes Fidedignas\" \/>\n<meta property=\"og:description\" content=\"Ante la imposibilidad de venderlo, AMLO adelant\u00f3 que el avi\u00f3n presidencial ser\u00eda administrado por la empresa militar para que pueda ser rentado. Ciudad de M\u00e9xico.- El presidente Andr\u00e9s Manuel L\u00f3pez Obrador perfil\u00f3 que ante las pocas propuestas para comprar el avi\u00f3n presidencial, \u00e9ste podr\u00eda pasar a la empresa militar que administrar\u00e1 el Aeropuerto Internacional Felipe [&hellip;]\" \/>\n<meta property=\"og:url\" content=\"https:\/\/fuentesfidedignas.com.mx\/index.php\/2022\/02\/25\/amlo-perfila-que-avion-presidencial-pase-a-empresa-militar-que-operara-el-aifa\/\" \/>\n<meta property=\"og:site_name\" content=\"Fuentes Fidedignas\" \/>\n<meta property=\"article:publisher\" content=\"https:\/\/www.facebook.com\/Fuentes-Fidedignas-368234489921644\" \/>\n<meta property=\"article:published_time\" content=\"2022-02-25T16:26:56+00:00\" \/>\n<meta property=\"article:modified_time\" content=\"2022-02-25T16:26:57+00:00\" \/>\n<meta property=\"og:image\" content=\"https:\/\/fuentesfidedignas.com.mx\/wp-content\/uploads\/2022\/02\/avion-presidencial-mexico-2-640x360-1.jpg\" \/>\n\t<meta property=\"og:image:width\" content=\"640\" \/>\n\t<meta property=\"og:image:height\" content=\"360\" \/>\n\t<meta property=\"og:image:type\" content=\"image\/jpeg\" \/>\n<meta name=\"author\" content=\"Forbes\" \/>\n<meta name=\"twitter:card\" content=\"summary_large_image\" \/>\n<meta name=\"twitter:creator\" content=\"@fidedignas\" \/>\n<meta name=\"twitter:site\" content=\"@fidedignas\" \/>\n<meta name=\"twitter:label1\" content=\"Escrito por\" \/>\n\t<meta name=\"twitter:data1\" content=\"Forbes\" \/>\n\t<meta name=\"twitter:label2\" content=\"Tiempo de lectura\" \/>\n\t<meta name=\"twitter:data2\" content=\"3 minutos\" \/>\n<script type=\"application\/ld+json\" class=\"yoast-schema-graph\">{\"@context\":\"https:\\\/\\\/schema.org\",\"@graph\":[{\"@type\":\"Article\",\"@id\":\"https:\\\/\\\/fuentesfidedignas.com.mx\\\/index.php\\\/2022\\\/02\\\/25\\\/amlo-perfila-que-avion-presidencial-pase-a-empresa-militar-que-operara-el-aifa\\\/#article\",\"isPartOf\":{\"@id\":\"https:\\\/\\\/fuentesfidedignas.com.mx\\\/index.php\\\/2022\\\/02\\\/25\\\/amlo-perfila-que-avion-presidencial-pase-a-empresa-militar-que-operara-el-aifa\\\/\"},\"author\":{\"name\":\"Forbes\",\"@id\":\"https:\\\/\\\/fuentesfidedignas.com.mx\\\/#\\\/schema\\\/person\\\/5623d53fe2e579d825b1679734abcc44\"},\"headline\":\"AMLO perfila que avi\u00f3n presidencial pase a empresa militar que operar\u00e1 el AIFA\",\"datePublished\":\"2022-02-25T16:26:56+00:00\",\"dateModified\":\"2022-02-25T16:26:57+00:00\",\"mainEntityOfPage\":{\"@id\":\"https:\\\/\\\/fuentesfidedignas.com.mx\\\/index.php\\\/2022\\\/02\\\/25\\\/amlo-perfila-que-avion-presidencial-pase-a-empresa-militar-que-operara-el-aifa\\\/\"},\"wordCount\":626,\"commentCount\":0,\"publisher\":{\"@id\":\"https:\\\/\\\/fuentesfidedignas.com.mx\\\/#organization\"},\"image\":{\"@id\":\"https:\\\/\\\/fuentesfidedignas.com.mx\\\/index.php\\\/2022\\\/02\\\/25\\\/amlo-perfila-que-avion-presidencial-pase-a-empresa-militar-que-operara-el-aifa\\\/#primaryimage\"},\"thumbnailUrl\":\"https:\\\/\\\/fuentesfidedignas.com.mx\\\/wp-content\\\/uploads\\\/2022\\\/02\\\/avion-presidencial-mexico-2-640x360-1.jpg\",\"keywords\":[\"Aeropuerto Internacional Felipe \u00c1ngeles\",\"AIFA\",\"AMLO\",\"Andr\u00e9s Manuel L\u00f3pez Obrador\",\"Avi\u00f3n presidencial\"],\"articleSection\":[\"NOTICIAS NACIONALES\"],\"inLanguage\":\"es\",\"potentialAction\":[{\"@type\":\"CommentAction\",\"name\":\"Comment\",\"target\":[\"https:\\\/\\\/fuentesfidedignas.com.mx\\\/index.php\\\/2022\\\/02\\\/25\\\/amlo-perfila-que-avion-presidencial-pase-a-empresa-militar-que-operara-el-aifa\\\/#respond\"]}]},{\"@type\":\"WebPage\",\"@id\":\"https:\\\/\\\/fuentesfidedignas.com.mx\\\/index.php\\\/2022\\\/02\\\/25\\\/amlo-perfila-que-avion-presidencial-pase-a-empresa-militar-que-operara-el-aifa\\\/\",\"url\":\"https:\\\/\\\/fuentesfidedignas.com.mx\\\/index.php\\\/2022\\\/02\\\/25\\\/amlo-perfila-que-avion-presidencial-pase-a-empresa-militar-que-operara-el-aifa\\\/\",\"name\":\"AMLO perfila que avi\u00f3n presidencial pase a empresa militar que operar\u00e1 el AIFA - Fuentes Fidedignas\",\"isPartOf\":{\"@id\":\"https:\\\/\\\/fuentesfidedignas.com.mx\\\/#website\"},\"primaryImageOfPage\":{\"@id\":\"https:\\\/\\\/fuentesfidedignas.com.mx\\\/index.php\\\/2022\\\/02\\\/25\\\/amlo-perfila-que-avion-presidencial-pase-a-empresa-militar-que-operara-el-aifa\\\/#primaryimage\"},\"image\":{\"@id\":\"https:\\\/\\\/fuentesfidedignas.com.mx\\\/index.php\\\/2022\\\/02\\\/25\\\/amlo-perfila-que-avion-presidencial-pase-a-empresa-militar-que-operara-el-aifa\\\/#primaryimage\"},\"thumbnailUrl\":\"https:\\\/\\\/fuentesfidedignas.com.mx\\\/wp-content\\\/uploads\\\/2022\\\/02\\\/avion-presidencial-mexico-2-640x360-1.jpg\",\"datePublished\":\"2022-02-25T16:26:56+00:00\",\"dateModified\":\"2022-02-25T16:26:57+00:00\",\"breadcrumb\":{\"@id\":\"https:\\\/\\\/fuentesfidedignas.com.mx\\\/index.php\\\/2022\\\/02\\\/25\\\/amlo-perfila-que-avion-presidencial-pase-a-empresa-militar-que-operara-el-aifa\\\/#breadcrumb\"},\"inLanguage\":\"es\",\"potentialAction\":[{\"@type\":\"ReadAction\",\"target\":[\"https:\\\/\\\/fuentesfidedignas.com.mx\\\/index.php\\\/2022\\\/02\\\/25\\\/amlo-perfila-que-avion-presidencial-pase-a-empresa-militar-que-operara-el-aifa\\\/\"]}]},{\"@type\":\"ImageObject\",\"inLanguage\":\"es\",\"@id\":\"https:\\\/\\\/fuentesfidedignas.com.mx\\\/index.php\\\/2022\\\/02\\\/25\\\/amlo-perfila-que-avion-presidencial-pase-a-empresa-militar-que-operara-el-aifa\\\/#primaryimage\",\"url\":\"https:\\\/\\\/fuentesfidedignas.com.mx\\\/wp-content\\\/uploads\\\/2022\\\/02\\\/avion-presidencial-mexico-2-640x360-1.jpg\",\"contentUrl\":\"https:\\\/\\\/fuentesfidedignas.com.mx\\\/wp-content\\\/uploads\\\/2022\\\/02\\\/avion-presidencial-mexico-2-640x360-1.jpg\",\"width\":640,\"height\":360},{\"@type\":\"BreadcrumbList\",\"@id\":\"https:\\\/\\\/fuentesfidedignas.com.mx\\\/index.php\\\/2022\\\/02\\\/25\\\/amlo-perfila-que-avion-presidencial-pase-a-empresa-militar-que-operara-el-aifa\\\/#breadcrumb\",\"itemListElement\":[{\"@type\":\"ListItem\",\"position\":1,\"name\":\"Inicio\",\"item\":\"https:\\\/\\\/fuentesfidedignas.com.mx\\\/\"},{\"@type\":\"ListItem\",\"position\":2,\"name\":\"AMLO perfila que avi\u00f3n presidencial pase a empresa militar que operar\u00e1 el AIFA\"}]},{\"@type\":\"WebSite\",\"@id\":\"https:\\\/\\\/fuentesfidedignas.com.mx\\\/#website\",\"url\":\"https:\\\/\\\/fuentesfidedignas.com.mx\\\/\",\"name\":\"Fuentes Fidedignas\",\"description\":\"Otro sitio realizado con WordPress\",\"publisher\":{\"@id\":\"https:\\\/\\\/fuentesfidedignas.com.mx\\\/#organization\"},\"potentialAction\":[{\"@type\":\"SearchAction\",\"target\":{\"@type\":\"EntryPoint\",\"urlTemplate\":\"https:\\\/\\\/fuentesfidedignas.com.mx\\\/?s={search_term_string}\"},\"query-input\":{\"@type\":\"PropertyValueSpecification\",\"valueRequired\":true,\"valueName\":\"search_term_string\"}}],\"inLanguage\":\"es\"},{\"@type\":\"Organization\",\"@id\":\"https:\\\/\\\/fuentesfidedignas.com.mx\\\/#organization\",\"name\":\"Fuentes Fidedignas\",\"url\":\"https:\\\/\\\/fuentesfidedignas.com.mx\\\/\",\"logo\":{\"@type\":\"ImageObject\",\"inLanguage\":\"es\",\"@id\":\"https:\\\/\\\/fuentesfidedignas.com.mx\\\/#\\\/schema\\\/logo\\\/image\\\/\",\"url\":\"https:\\\/\\\/fuentesfidedignas.com.mx\\\/wp-content\\\/uploads\\\/2021\\\/04\\\/logo-retina.png\",\"contentUrl\":\"https:\\\/\\\/fuentesfidedignas.com.mx\\\/wp-content\\\/uploads\\\/2021\\\/04\\\/logo-retina.png\",\"width\":280,\"height\":51,\"caption\":\"Fuentes Fidedignas\"},\"image\":{\"@id\":\"https:\\\/\\\/fuentesfidedignas.com.mx\\\/#\\\/schema\\\/logo\\\/image\\\/\"},\"sameAs\":[\"https:\\\/\\\/www.facebook.com\\\/Fuentes-Fidedignas-368234489921644\",\"https:\\\/\\\/x.com\\\/fidedignas\"]},{\"@type\":\"Person\",\"@id\":\"https:\\\/\\\/fuentesfidedignas.com.mx\\\/#\\\/schema\\\/person\\\/5623d53fe2e579d825b1679734abcc44\",\"name\":\"Forbes\",\"image\":{\"@type\":\"ImageObject\",\"inLanguage\":\"es\",\"@id\":\"https:\\\/\\\/secure.gravatar.com\\\/avatar\\\/87ce3dd4e41e60c22a79c758614f01a6bc2469255fc936ec7b15efb9bb5cb66f?s=96&d=mm&r=g\",\"url\":\"https:\\\/\\\/secure.gravatar.com\\\/avatar\\\/87ce3dd4e41e60c22a79c758614f01a6bc2469255fc936ec7b15efb9bb5cb66f?s=96&d=mm&r=g\",\"contentUrl\":\"https:\\\/\\\/secure.gravatar.com\\\/avatar\\\/87ce3dd4e41e60c22a79c758614f01a6bc2469255fc936ec7b15efb9bb5cb66f?s=96&d=mm&r=g\",\"caption\":\"Forbes\"},\"url\":\"https:\\\/\\\/fuentesfidedignas.com.mx\\\/index.php\\\/author\\\/forbes\\\/\"}]}<\/script>\n<!-- \/ Yoast SEO plugin. -->","yoast_head_json":{"title":"AMLO perfila que avi\u00f3n presidencial pase a empresa militar que operar\u00e1 el AIFA - Fuentes Fidedignas","robots":{"index":"index","follow":"follow","max-snippet":"max-snippet:-1","max-image-preview":"max-image-preview:large","max-video-preview":"max-video-preview:-1"},"canonical":"https:\/\/fuentesfidedignas.com.mx\/index.php\/2022\/02\/25\/amlo-perfila-que-avion-presidencial-pase-a-empresa-militar-que-operara-el-aifa\/","og_locale":"es_MX","og_type":"article","og_title":"AMLO perfila que avi\u00f3n presidencial pase a empresa militar que operar\u00e1 el AIFA - Fuentes Fidedignas","og_description":"Ante la imposibilidad de venderlo, AMLO adelant\u00f3 que el avi\u00f3n presidencial ser\u00eda administrado por la empresa militar para que pueda ser rentado. Ciudad de M\u00e9xico.- El presidente Andr\u00e9s Manuel L\u00f3pez Obrador perfil\u00f3 que ante las pocas propuestas para comprar el avi\u00f3n presidencial, \u00e9ste podr\u00eda pasar a la empresa militar que administrar\u00e1 el Aeropuerto Internacional Felipe [&hellip;]","og_url":"https:\/\/fuentesfidedignas.com.mx\/index.php\/2022\/02\/25\/amlo-perfila-que-avion-presidencial-pase-a-empresa-militar-que-operara-el-aifa\/","og_site_name":"Fuentes Fidedignas","article_publisher":"https:\/\/www.facebook.com\/Fuentes-Fidedignas-368234489921644","article_published_time":"2022-02-25T16:26:56+00:00","article_modified_time":"2022-02-25T16:26:57+00:00","og_image":[{"width":640,"height":360,"url":"https:\/\/fuentesfidedignas.com.mx\/wp-content\/uploads\/2022\/02\/avion-presidencial-mexico-2-640x360-1.jpg","type":"image\/jpeg"}],"author":"Forbes","twitter_card":"summary_large_image","twitter_creator":"@fidedignas","twitter_site":"@fidedignas","twitter_misc":{"Escrito por":"Forbes","Tiempo de lectura":"3 minutos"},"schema":{"@context":"https:\/\/schema.org","@graph":[{"@type":"Article","@id":"https:\/\/fuentesfidedignas.com.mx\/index.php\/2022\/02\/25\/amlo-perfila-que-avion-presidencial-pase-a-empresa-militar-que-operara-el-aifa\/#article","isPartOf":{"@id":"https:\/\/fuentesfidedignas.com.mx\/index.php\/2022\/02\/25\/amlo-perfila-que-avion-presidencial-pase-a-empresa-militar-que-operara-el-aifa\/"},"author":{"name":"Forbes","@id":"https:\/\/fuentesfidedignas.com.mx\/#\/schema\/person\/5623d53fe2e579d825b1679734abcc44"},"headline":"AMLO perfila que avi\u00f3n presidencial pase a empresa militar que operar\u00e1 el AIFA","datePublished":"2022-02-25T16:26:56+00:00","dateModified":"2022-02-25T16:26:57+00:00","mainEntityOfPage":{"@id":"https:\/\/fuentesfidedignas.com.mx\/index.php\/2022\/02\/25\/amlo-perfila-que-avion-presidencial-pase-a-empresa-militar-que-operara-el-aifa\/"},"wordCount":626,"commentCount":0,"publisher":{"@id":"https:\/\/fuentesfidedignas.com.mx\/#organization"},"image":{"@id":"https:\/\/fuentesfidedignas.com.mx\/index.php\/2022\/02\/25\/amlo-perfila-que-avion-presidencial-pase-a-empresa-militar-que-operara-el-aifa\/#primaryimage"},"thumbnailUrl":"https:\/\/fuentesfidedignas.com.mx\/wp-content\/uploads\/2022\/02\/avion-presidencial-mexico-2-640x360-1.jpg","keywords":["Aeropuerto Internacional Felipe \u00c1ngeles","AIFA","AMLO","Andr\u00e9s Manuel L\u00f3pez Obrador","Avi\u00f3n presidencial"],"articleSection":["NOTICIAS NACIONALES"],"inLanguage":"es","potentialAction":[{"@type":"CommentAction","name":"Comment","target":["https:\/\/fuentesfidedignas.com.mx\/index.php\/2022\/02\/25\/amlo-perfila-que-avion-presidencial-pase-a-empresa-militar-que-operara-el-aifa\/#respond"]}]},{"@type":"WebPage","@id":"https:\/\/fuentesfidedignas.com.mx\/index.php\/2022\/02\/25\/amlo-perfila-que-avion-presidencial-pase-a-empresa-militar-que-operara-el-aifa\/","url":"https:\/\/fuentesfidedignas.com.mx\/index.php\/2022\/02\/25\/amlo-perfila-que-avion-presidencial-pase-a-empresa-militar-que-operara-el-aifa\/","name":"AMLO perfila que avi\u00f3n presidencial pase a empresa militar que operar\u00e1 el AIFA - Fuentes Fidedignas","isPartOf":{"@id":"https:\/\/fuentesfidedignas.com.mx\/#website"},"primaryImageOfPage":{"@id":"https:\/\/fuentesfidedignas.com.mx\/index.php\/2022\/02\/25\/amlo-perfila-que-avion-presidencial-pase-a-empresa-militar-que-operara-el-aifa\/#primaryimage"},"image":{"@id":"https:\/\/fuentesfidedignas.com.mx\/index.php\/2022\/02\/25\/amlo-perfila-que-avion-presidencial-pase-a-empresa-militar-que-operara-el-aifa\/#primaryimage"},"thumbnailUrl":"https:\/\/fuentesfidedignas.com.mx\/wp-content\/uploads\/2022\/02\/avion-presidencial-mexico-2-640x360-1.jpg","datePublished":"2022-02-25T16:26:56+00:00","dateModified":"2022-02-25T16:26:57+00:00","breadcrumb":{"@id":"https:\/\/fuentesfidedignas.com.mx\/index.php\/2022\/02\/25\/amlo-perfila-que-avion-presidencial-pase-a-empresa-militar-que-operara-el-aifa\/#breadcrumb"},"inLanguage":"es","potentialAction":[{"@type":"ReadAction","target":["https:\/\/fuentesfidedignas.com.mx\/index.php\/2022\/02\/25\/amlo-perfila-que-avion-presidencial-pase-a-empresa-militar-que-operara-el-aifa\/"]}]},{"@type":"ImageObject","inLanguage":"es","@id":"https:\/\/fuentesfidedignas.com.mx\/index.php\/2022\/02\/25\/amlo-perfila-que-avion-presidencial-pase-a-empresa-militar-que-operara-el-aifa\/#primaryimage","url":"https:\/\/fuentesfidedignas.com.mx\/wp-content\/uploads\/2022\/02\/avion-presidencial-mexico-2-640x360-1.jpg","contentUrl":"https:\/\/fuentesfidedignas.com.mx\/wp-content\/uploads\/2022\/02\/avion-presidencial-mexico-2-640x360-1.jpg","width":640,"height":360},{"@type":"BreadcrumbList","@id":"https:\/\/fuentesfidedignas.com.mx\/index.php\/2022\/02\/25\/amlo-perfila-que-avion-presidencial-pase-a-empresa-militar-que-operara-el-aifa\/#breadcrumb","itemListElement":[{"@type":"ListItem","position":1,"name":"Inicio","item":"https:\/\/fuentesfidedignas.com.mx\/"},{"@type":"ListItem","position":2,"name":"AMLO perfila que avi\u00f3n presidencial pase a empresa militar que operar\u00e1 el AIFA"}]},{"@type":"WebSite","@id":"https:\/\/fuentesfidedignas.com.mx\/#website","url":"https:\/\/fuentesfidedignas.com.mx\/","name":"Fuentes Fidedignas","description":"Otro sitio realizado con WordPress","publisher":{"@id":"https:\/\/fuentesfidedignas.com.mx\/#organization"},"potentialAction":[{"@type":"SearchAction","target":{"@type":"EntryPoint","urlTemplate":"https:\/\/fuentesfidedignas.com.mx\/?s={search_term_string}"},"query-input":{"@type":"PropertyValueSpecification","valueRequired":true,"valueName":"search_term_string"}}],"inLanguage":"es"},{"@type":"Organization","@id":"https:\/\/fuentesfidedignas.com.mx\/#organization","name":"Fuentes Fidedignas","url":"https:\/\/fuentesfidedignas.com.mx\/","logo":{"@type":"ImageObject","inLanguage":"es","@id":"https:\/\/fuentesfidedignas.com.mx\/#\/schema\/logo\/image\/","url":"https:\/\/fuentesfidedignas.com.mx\/wp-content\/uploads\/2021\/04\/logo-retina.png","contentUrl":"https:\/\/fuentesfidedignas.com.mx\/wp-content\/uploads\/2021\/04\/logo-retina.png","width":280,"height":51,"caption":"Fuentes Fidedignas"},"image":{"@id":"https:\/\/fuentesfidedignas.com.mx\/#\/schema\/logo\/image\/"},"sameAs":["https:\/\/www.facebook.com\/Fuentes-Fidedignas-368234489921644","https:\/\/x.com\/fidedignas"]},{"@type":"Person","@id":"https:\/\/fuentesfidedignas.com.mx\/#\/schema\/person\/5623d53fe2e579d825b1679734abcc44","name":"Forbes","image":{"@type":"ImageObject","inLanguage":"es","@id":"https:\/\/secure.gravatar.com\/avatar\/87ce3dd4e41e60c22a79c758614f01a6bc2469255fc936ec7b15efb9bb5cb66f?s=96&d=mm&r=g","url":"https:\/\/secure.gravatar.com\/avatar\/87ce3dd4e41e60c22a79c758614f01a6bc2469255fc936ec7b15efb9bb5cb66f?s=96&d=mm&r=g","contentUrl":"https:\/\/secure.gravatar.com\/avatar\/87ce3dd4e41e60c22a79c758614f01a6bc2469255fc936ec7b15efb9bb5cb66f?s=96&d=mm&r=g","caption":"Forbes"},"url":"https:\/\/fuentesfidedignas.com.mx\/index.php\/author\/forbes\/"}]}},"_links":{"self":[{"href":"https:\/\/fuentesfidedignas.com.mx\/index.php\/wp-json\/wp\/v2\/posts\/24844","targetHints":{"allow":["GET"]}}],"collection":[{"href":"https:\/\/fuentesfidedignas.com.mx\/index.php\/wp-json\/wp\/v2\/posts"}],"about":[{"href":"https:\/\/fuentesfidedignas.com.mx\/index.php\/wp-json\/wp\/v2\/types\/post"}],"author":[{"embeddable":true,"href":"https:\/\/fuentesfidedignas.com.mx\/index.php\/wp-json\/wp\/v2\/users\/5"}],"replies":[{"embeddable":true,"href":"https:\/\/fuentesfidedignas.com.mx\/index.php\/wp-json\/wp\/v2\/comments?post=24844"}],"version-history":[{"count":1,"href":"https:\/\/fuentesfidedignas.com.mx\/index.php\/wp-json\/wp\/v2\/posts\/24844\/revisions"}],"predecessor-version":[{"id":24846,"href":"https:\/\/fuentesfidedignas.com.mx\/index.php\/wp-json\/wp\/v2\/posts\/24844\/revisions\/24846"}],"wp:featuredmedia":[{"embeddable":true,"href":"https:\/\/fuentesfidedignas.com.mx\/index.php\/wp-json\/wp\/v2\/media\/24845"}],"wp:attachment":[{"href":"https:\/\/fuentesfidedignas.com.mx\/index.php\/wp-json\/wp\/v2\/media?parent=24844"}],"wp:term":[{"taxonomy":"category","embeddable":true,"href":"https:\/\/fuentesfidedignas.com.mx\/index.php\/wp-json\/wp\/v2\/categories?post=24844"},{"taxonomy":"post_tag","embeddable":true,"href":"https:\/\/fuentesfidedignas.com.mx\/index.php\/wp-json\/wp\/v2\/tags?post=24844"}],"curies":[{"name":"wp","href":"https:\/\/api.w.org\/{rel}","templated":true}]}}