{"id":24790,"date":"2022-02-24T13:30:44","date_gmt":"2022-02-24T20:30:44","guid":{"rendered":"https:\/\/fuentesfidedignas.com.mx\/?p=24790"},"modified":"2022-02-24T13:31:04","modified_gmt":"2022-02-24T20:31:04","slug":"llegan-al-senado-nombramientos-de-quirino-y-otros-priistas-para-embajadores","status":"publish","type":"post","link":"https:\/\/fuentesfidedignas.com.mx\/index.php\/2022\/02\/24\/llegan-al-senado-nombramientos-de-quirino-y-otros-priistas-para-embajadores\/","title":{"rendered":"Llegan al Senado nombramientos de Quirino y otros pri\u00edstas para embajadores"},"content":{"rendered":"\n<p><strong><em><br>El Senado recibi\u00f3 los nombramientos de los priistas Quirino Ordaz y Carlos Miguel Aysa para ser embajadores <\/em><\/strong><\/p>\n\n\n\n<p>Ciudad de M\u00e9xico. Esta tarde llegaron al Senado los nombramientos de pol\u00edticos priistas para ser embajadores, como es el caso del exgobernador de Sinaloa, Quirino Ordaz Coppel para Espa\u00f1a, y del exmandatario de Campeche, Carlos Miguel Aysa Gonz\u00e1lez.<\/p>\n\n\n\n<p>En un mensaje en sus redes sociales, la presidenta de la Mesa Directiva, Olga S\u00e1nchez Cordero, inform\u00f3 que el presidente Andr\u00e9s Manuel L\u00f3pez Obrador puso a consideraci\u00f3n los siguientes nombramientos.<\/p>\n\n\n\n<p>Quirino Ordaz, exgobernador de Sinaloa, para Espa\u00f1a<br>Leopoldo De Gyves de la Cruz, l\u00edder social, para embajador en Venezuela.<br>V\u00edctor Hugo Morales Mel\u00e9ndez, para embajador en Trinidad y Tobago.<br>Guillermo Zamora y Villa, escritor y periodista, para embajador en Nicaragua.<br>Luis Manuel L\u00f3pez Moreno, diplom\u00e1tico, para embajador en Santa Luc\u00eda.<br>Laura Esquivel, escritora, para embajadora en Brasil.<br>Carlos Miguel Aysa Gonz\u00e1lez, exgobernador de Campeche, para embajador en Rep\u00fablica <\/p>\n\n\n\n<ul class=\"wp-block-list\"><li>Quirino Ordaz, exgobernador de Sinaloa, para Espa\u00f1a<\/li><li>Leopoldo De Gyves de la Cruz, l\u00edder social, para embajador en Venezuela.<\/li><li>V\u00edctor Hugo Morales Mel\u00e9ndez, para embajador en Trinidad y Tobago.<\/li><li>Guillermo Zamora y Villa, escritor y periodista, para embajador en Nicaragua.<\/li><li>Luis Manuel L\u00f3pez Moreno, diplom\u00e1tico, para embajador en Santa Luc\u00eda.<\/li><li>Laura Esquivel, escritora, para embajadora en Brasil.<\/li><li>Carlos Miguel Aysa Gonz\u00e1lez, exgobernador de Campeche, para embajador en Rep\u00fablica Dominicana.<\/li><li>Marcos Moreno B\u00e1ez, como C\u00f3nsul General en Nogales, Arizona.<\/li><\/ul>\n\n\n\n<p>.<br>Marcos Moreno B\u00e1ez, como C\u00f3nsul General en Nogales, Arizona.<\/p>\n","protected":false},"excerpt":{"rendered":"<p>El Senado recibi\u00f3 los nombramientos de los priistas Quirino Ordaz y Carlos Miguel Aysa para ser embajadores Ciudad de M\u00e9xico. Esta tarde llegaron al Senado los nombramientos de pol\u00edticos priistas para ser embajadores, como es el caso del exgobernador de Sinaloa, Quirino Ordaz Coppel para Espa\u00f1a, y del exmandatario de Campeche, Carlos Miguel Aysa Gonz\u00e1lez. [&hellip;]<\/p>\n","protected":false},"author":5,"featured_media":24792,"comment_status":"open","ping_status":"open","sticky":false,"template":"","format":"standard","meta":{"tdm_status":"","tdm_grid_status":"","footnotes":""},"categories":[37],"tags":[780,1914,359,1783,1936,2419],"class_list":{"0":"post-24790","1":"post","2":"type-post","3":"status-publish","4":"format-standard","5":"has-post-thumbnail","7":"category-nota-principal","9":"tag-espana","10":"tag-quirino-ordaz","11":"tag-quirino-ordaz-coppel","12":"tag-senado","13":"tag-senado-de-la-republica"},"yoast_head":"<!-- This site is optimized with the Yoast SEO plugin v27.5 - https:\/\/yoast.com\/product\/yoast-seo-wordpress\/ -->\n<title>Llegan al Senado nombramientos de Quirino y otros pri\u00edstas para embajadores - Fuentes Fidedignas<\/title>\n<meta name=\"robots\" content=\"index, follow, max-snippet:-1, max-image-preview:large, max-video-preview:-1\" \/>\n<link rel=\"canonical\" href=\"https:\/\/fuentesfidedignas.com.mx\/index.php\/2022\/02\/24\/llegan-al-senado-nombramientos-de-quirino-y-otros-priistas-para-embajadores\/\" \/>\n<meta property=\"og:locale\" content=\"es_MX\" \/>\n<meta property=\"og:type\" content=\"article\" \/>\n<meta property=\"og:title\" content=\"Llegan al Senado nombramientos de Quirino y otros pri\u00edstas para embajadores - Fuentes Fidedignas\" \/>\n<meta property=\"og:description\" content=\"El Senado recibi\u00f3 los nombramientos de los priistas Quirino Ordaz y Carlos Miguel Aysa para ser embajadores Ciudad de M\u00e9xico. Esta tarde llegaron al Senado los nombramientos de pol\u00edticos priistas para ser embajadores, como es el caso del exgobernador de Sinaloa, Quirino Ordaz Coppel para Espa\u00f1a, y del exmandatario de Campeche, Carlos Miguel Aysa Gonz\u00e1lez. [&hellip;]\" \/>\n<meta property=\"og:url\" content=\"https:\/\/fuentesfidedignas.com.mx\/index.php\/2022\/02\/24\/llegan-al-senado-nombramientos-de-quirino-y-otros-priistas-para-embajadores\/\" \/>\n<meta property=\"og:site_name\" content=\"Fuentes Fidedignas\" \/>\n<meta property=\"article:publisher\" content=\"https:\/\/www.facebook.com\/Fuentes-Fidedignas-368234489921644\" \/>\n<meta property=\"article:published_time\" content=\"2022-02-24T20:30:44+00:00\" \/>\n<meta property=\"article:modified_time\" content=\"2022-02-24T20:31:04+00:00\" \/>\n<meta property=\"og:image\" content=\"https:\/\/fuentesfidedignas.com.mx\/wp-content\/uploads\/2022\/02\/230858078_1985871518229340_345859877893344794_n-e1643386823552.jpg\" \/>\n\t<meta property=\"og:image:width\" content=\"1024\" \/>\n\t<meta property=\"og:image:height\" content=\"576\" \/>\n\t<meta property=\"og:image:type\" content=\"image\/jpeg\" \/>\n<meta name=\"author\" content=\"Forbes\" \/>\n<meta name=\"twitter:card\" content=\"summary_large_image\" \/>\n<meta name=\"twitter:creator\" content=\"@fidedignas\" \/>\n<meta name=\"twitter:site\" content=\"@fidedignas\" \/>\n<meta name=\"twitter:label1\" content=\"Escrito por\" \/>\n\t<meta name=\"twitter:data1\" content=\"Forbes\" \/>\n\t<meta name=\"twitter:label2\" content=\"Tiempo de lectura\" \/>\n\t<meta name=\"twitter:data2\" content=\"2 minutos\" \/>\n<script type=\"application\/ld+json\" class=\"yoast-schema-graph\">{\"@context\":\"https:\\\/\\\/schema.org\",\"@graph\":[{\"@type\":\"Article\",\"@id\":\"https:\\\/\\\/fuentesfidedignas.com.mx\\\/index.php\\\/2022\\\/02\\\/24\\\/llegan-al-senado-nombramientos-de-quirino-y-otros-priistas-para-embajadores\\\/#article\",\"isPartOf\":{\"@id\":\"https:\\\/\\\/fuentesfidedignas.com.mx\\\/index.php\\\/2022\\\/02\\\/24\\\/llegan-al-senado-nombramientos-de-quirino-y-otros-priistas-para-embajadores\\\/\"},\"author\":{\"name\":\"Forbes\",\"@id\":\"https:\\\/\\\/fuentesfidedignas.com.mx\\\/#\\\/schema\\\/person\\\/5623d53fe2e579d825b1679734abcc44\"},\"headline\":\"Llegan al Senado nombramientos de Quirino y otros pri\u00edstas para embajadores\",\"datePublished\":\"2022-02-24T20:30:44+00:00\",\"dateModified\":\"2022-02-24T20:31:04+00:00\",\"mainEntityOfPage\":{\"@id\":\"https:\\\/\\\/fuentesfidedignas.com.mx\\\/index.php\\\/2022\\\/02\\\/24\\\/llegan-al-senado-nombramientos-de-quirino-y-otros-priistas-para-embajadores\\\/\"},\"wordCount\":281,\"commentCount\":0,\"publisher\":{\"@id\":\"https:\\\/\\\/fuentesfidedignas.com.mx\\\/#organization\"},\"image\":{\"@id\":\"https:\\\/\\\/fuentesfidedignas.com.mx\\\/index.php\\\/2022\\\/02\\\/24\\\/llegan-al-senado-nombramientos-de-quirino-y-otros-priistas-para-embajadores\\\/#primaryimage\"},\"thumbnailUrl\":\"https:\\\/\\\/fuentesfidedignas.com.mx\\\/wp-content\\\/uploads\\\/2022\\\/02\\\/230858078_1985871518229340_345859877893344794_n-e1643386823552.jpg\",\"keywords\":[\"C\u00e1mara de Senadores\",\"Espa\u00f1a\",\"Quirino Ordaz\",\"Quirino Ordaz Coppel\",\"Senado\",\"Senado de la Rep\u00fablica\"],\"articleSection\":[\"NOTA PRINCIPAL\"],\"inLanguage\":\"es\",\"potentialAction\":[{\"@type\":\"CommentAction\",\"name\":\"Comment\",\"target\":[\"https:\\\/\\\/fuentesfidedignas.com.mx\\\/index.php\\\/2022\\\/02\\\/24\\\/llegan-al-senado-nombramientos-de-quirino-y-otros-priistas-para-embajadores\\\/#respond\"]}]},{\"@type\":\"WebPage\",\"@id\":\"https:\\\/\\\/fuentesfidedignas.com.mx\\\/index.php\\\/2022\\\/02\\\/24\\\/llegan-al-senado-nombramientos-de-quirino-y-otros-priistas-para-embajadores\\\/\",\"url\":\"https:\\\/\\\/fuentesfidedignas.com.mx\\\/index.php\\\/2022\\\/02\\\/24\\\/llegan-al-senado-nombramientos-de-quirino-y-otros-priistas-para-embajadores\\\/\",\"name\":\"Llegan al Senado nombramientos de Quirino y otros pri\u00edstas para embajadores - Fuentes Fidedignas\",\"isPartOf\":{\"@id\":\"https:\\\/\\\/fuentesfidedignas.com.mx\\\/#website\"},\"primaryImageOfPage\":{\"@id\":\"https:\\\/\\\/fuentesfidedignas.com.mx\\\/index.php\\\/2022\\\/02\\\/24\\\/llegan-al-senado-nombramientos-de-quirino-y-otros-priistas-para-embajadores\\\/#primaryimage\"},\"image\":{\"@id\":\"https:\\\/\\\/fuentesfidedignas.com.mx\\\/index.php\\\/2022\\\/02\\\/24\\\/llegan-al-senado-nombramientos-de-quirino-y-otros-priistas-para-embajadores\\\/#primaryimage\"},\"thumbnailUrl\":\"https:\\\/\\\/fuentesfidedignas.com.mx\\\/wp-content\\\/uploads\\\/2022\\\/02\\\/230858078_1985871518229340_345859877893344794_n-e1643386823552.jpg\",\"datePublished\":\"2022-02-24T20:30:44+00:00\",\"dateModified\":\"2022-02-24T20:31:04+00:00\",\"breadcrumb\":{\"@id\":\"https:\\\/\\\/fuentesfidedignas.com.mx\\\/index.php\\\/2022\\\/02\\\/24\\\/llegan-al-senado-nombramientos-de-quirino-y-otros-priistas-para-embajadores\\\/#breadcrumb\"},\"inLanguage\":\"es\",\"potentialAction\":[{\"@type\":\"ReadAction\",\"target\":[\"https:\\\/\\\/fuentesfidedignas.com.mx\\\/index.php\\\/2022\\\/02\\\/24\\\/llegan-al-senado-nombramientos-de-quirino-y-otros-priistas-para-embajadores\\\/\"]}]},{\"@type\":\"ImageObject\",\"inLanguage\":\"es\",\"@id\":\"https:\\\/\\\/fuentesfidedignas.com.mx\\\/index.php\\\/2022\\\/02\\\/24\\\/llegan-al-senado-nombramientos-de-quirino-y-otros-priistas-para-embajadores\\\/#primaryimage\",\"url\":\"https:\\\/\\\/fuentesfidedignas.com.mx\\\/wp-content\\\/uploads\\\/2022\\\/02\\\/230858078_1985871518229340_345859877893344794_n-e1643386823552.jpg\",\"contentUrl\":\"https:\\\/\\\/fuentesfidedignas.com.mx\\\/wp-content\\\/uploads\\\/2022\\\/02\\\/230858078_1985871518229340_345859877893344794_n-e1643386823552.jpg\",\"width\":1024,\"height\":576},{\"@type\":\"BreadcrumbList\",\"@id\":\"https:\\\/\\\/fuentesfidedignas.com.mx\\\/index.php\\\/2022\\\/02\\\/24\\\/llegan-al-senado-nombramientos-de-quirino-y-otros-priistas-para-embajadores\\\/#breadcrumb\",\"itemListElement\":[{\"@type\":\"ListItem\",\"position\":1,\"name\":\"Inicio\",\"item\":\"https:\\\/\\\/fuentesfidedignas.com.mx\\\/\"},{\"@type\":\"ListItem\",\"position\":2,\"name\":\"Llegan al Senado nombramientos de Quirino y otros pri\u00edstas para embajadores\"}]},{\"@type\":\"WebSite\",\"@id\":\"https:\\\/\\\/fuentesfidedignas.com.mx\\\/#website\",\"url\":\"https:\\\/\\\/fuentesfidedignas.com.mx\\\/\",\"name\":\"Fuentes Fidedignas\",\"description\":\"Otro sitio realizado con WordPress\",\"publisher\":{\"@id\":\"https:\\\/\\\/fuentesfidedignas.com.mx\\\/#organization\"},\"potentialAction\":[{\"@type\":\"SearchAction\",\"target\":{\"@type\":\"EntryPoint\",\"urlTemplate\":\"https:\\\/\\\/fuentesfidedignas.com.mx\\\/?s={search_term_string}\"},\"query-input\":{\"@type\":\"PropertyValueSpecification\",\"valueRequired\":true,\"valueName\":\"search_term_string\"}}],\"inLanguage\":\"es\"},{\"@type\":\"Organization\",\"@id\":\"https:\\\/\\\/fuentesfidedignas.com.mx\\\/#organization\",\"name\":\"Fuentes Fidedignas\",\"url\":\"https:\\\/\\\/fuentesfidedignas.com.mx\\\/\",\"logo\":{\"@type\":\"ImageObject\",\"inLanguage\":\"es\",\"@id\":\"https:\\\/\\\/fuentesfidedignas.com.mx\\\/#\\\/schema\\\/logo\\\/image\\\/\",\"url\":\"https:\\\/\\\/fuentesfidedignas.com.mx\\\/wp-content\\\/uploads\\\/2021\\\/04\\\/logo-retina.png\",\"contentUrl\":\"https:\\\/\\\/fuentesfidedignas.com.mx\\\/wp-content\\\/uploads\\\/2021\\\/04\\\/logo-retina.png\",\"width\":280,\"height\":51,\"caption\":\"Fuentes Fidedignas\"},\"image\":{\"@id\":\"https:\\\/\\\/fuentesfidedignas.com.mx\\\/#\\\/schema\\\/logo\\\/image\\\/\"},\"sameAs\":[\"https:\\\/\\\/www.facebook.com\\\/Fuentes-Fidedignas-368234489921644\",\"https:\\\/\\\/x.com\\\/fidedignas\"]},{\"@type\":\"Person\",\"@id\":\"https:\\\/\\\/fuentesfidedignas.com.mx\\\/#\\\/schema\\\/person\\\/5623d53fe2e579d825b1679734abcc44\",\"name\":\"Forbes\",\"image\":{\"@type\":\"ImageObject\",\"inLanguage\":\"es\",\"@id\":\"https:\\\/\\\/secure.gravatar.com\\\/avatar\\\/87ce3dd4e41e60c22a79c758614f01a6bc2469255fc936ec7b15efb9bb5cb66f?s=96&d=mm&r=g\",\"url\":\"https:\\\/\\\/secure.gravatar.com\\\/avatar\\\/87ce3dd4e41e60c22a79c758614f01a6bc2469255fc936ec7b15efb9bb5cb66f?s=96&d=mm&r=g\",\"contentUrl\":\"https:\\\/\\\/secure.gravatar.com\\\/avatar\\\/87ce3dd4e41e60c22a79c758614f01a6bc2469255fc936ec7b15efb9bb5cb66f?s=96&d=mm&r=g\",\"caption\":\"Forbes\"},\"url\":\"https:\\\/\\\/fuentesfidedignas.com.mx\\\/index.php\\\/author\\\/forbes\\\/\"}]}<\/script>\n<!-- \/ Yoast SEO plugin. -->","yoast_head_json":{"title":"Llegan al Senado nombramientos de Quirino y otros pri\u00edstas para embajadores - Fuentes Fidedignas","robots":{"index":"index","follow":"follow","max-snippet":"max-snippet:-1","max-image-preview":"max-image-preview:large","max-video-preview":"max-video-preview:-1"},"canonical":"https:\/\/fuentesfidedignas.com.mx\/index.php\/2022\/02\/24\/llegan-al-senado-nombramientos-de-quirino-y-otros-priistas-para-embajadores\/","og_locale":"es_MX","og_type":"article","og_title":"Llegan al Senado nombramientos de Quirino y otros pri\u00edstas para embajadores - Fuentes Fidedignas","og_description":"El Senado recibi\u00f3 los nombramientos de los priistas Quirino Ordaz y Carlos Miguel Aysa para ser embajadores Ciudad de M\u00e9xico. Esta tarde llegaron al Senado los nombramientos de pol\u00edticos priistas para ser embajadores, como es el caso del exgobernador de Sinaloa, Quirino Ordaz Coppel para Espa\u00f1a, y del exmandatario de Campeche, Carlos Miguel Aysa Gonz\u00e1lez. [&hellip;]","og_url":"https:\/\/fuentesfidedignas.com.mx\/index.php\/2022\/02\/24\/llegan-al-senado-nombramientos-de-quirino-y-otros-priistas-para-embajadores\/","og_site_name":"Fuentes Fidedignas","article_publisher":"https:\/\/www.facebook.com\/Fuentes-Fidedignas-368234489921644","article_published_time":"2022-02-24T20:30:44+00:00","article_modified_time":"2022-02-24T20:31:04+00:00","og_image":[{"width":1024,"height":576,"url":"https:\/\/fuentesfidedignas.com.mx\/wp-content\/uploads\/2022\/02\/230858078_1985871518229340_345859877893344794_n-e1643386823552.jpg","type":"image\/jpeg"}],"author":"Forbes","twitter_card":"summary_large_image","twitter_creator":"@fidedignas","twitter_site":"@fidedignas","twitter_misc":{"Escrito por":"Forbes","Tiempo de lectura":"2 minutos"},"schema":{"@context":"https:\/\/schema.org","@graph":[{"@type":"Article","@id":"https:\/\/fuentesfidedignas.com.mx\/index.php\/2022\/02\/24\/llegan-al-senado-nombramientos-de-quirino-y-otros-priistas-para-embajadores\/#article","isPartOf":{"@id":"https:\/\/fuentesfidedignas.com.mx\/index.php\/2022\/02\/24\/llegan-al-senado-nombramientos-de-quirino-y-otros-priistas-para-embajadores\/"},"author":{"name":"Forbes","@id":"https:\/\/fuentesfidedignas.com.mx\/#\/schema\/person\/5623d53fe2e579d825b1679734abcc44"},"headline":"Llegan al Senado nombramientos de Quirino y otros pri\u00edstas para embajadores","datePublished":"2022-02-24T20:30:44+00:00","dateModified":"2022-02-24T20:31:04+00:00","mainEntityOfPage":{"@id":"https:\/\/fuentesfidedignas.com.mx\/index.php\/2022\/02\/24\/llegan-al-senado-nombramientos-de-quirino-y-otros-priistas-para-embajadores\/"},"wordCount":281,"commentCount":0,"publisher":{"@id":"https:\/\/fuentesfidedignas.com.mx\/#organization"},"image":{"@id":"https:\/\/fuentesfidedignas.com.mx\/index.php\/2022\/02\/24\/llegan-al-senado-nombramientos-de-quirino-y-otros-priistas-para-embajadores\/#primaryimage"},"thumbnailUrl":"https:\/\/fuentesfidedignas.com.mx\/wp-content\/uploads\/2022\/02\/230858078_1985871518229340_345859877893344794_n-e1643386823552.jpg","keywords":["C\u00e1mara de Senadores","Espa\u00f1a","Quirino Ordaz","Quirino Ordaz Coppel","Senado","Senado de la Rep\u00fablica"],"articleSection":["NOTA PRINCIPAL"],"inLanguage":"es","potentialAction":[{"@type":"CommentAction","name":"Comment","target":["https:\/\/fuentesfidedignas.com.mx\/index.php\/2022\/02\/24\/llegan-al-senado-nombramientos-de-quirino-y-otros-priistas-para-embajadores\/#respond"]}]},{"@type":"WebPage","@id":"https:\/\/fuentesfidedignas.com.mx\/index.php\/2022\/02\/24\/llegan-al-senado-nombramientos-de-quirino-y-otros-priistas-para-embajadores\/","url":"https:\/\/fuentesfidedignas.com.mx\/index.php\/2022\/02\/24\/llegan-al-senado-nombramientos-de-quirino-y-otros-priistas-para-embajadores\/","name":"Llegan al Senado nombramientos de Quirino y otros pri\u00edstas para embajadores - Fuentes Fidedignas","isPartOf":{"@id":"https:\/\/fuentesfidedignas.com.mx\/#website"},"primaryImageOfPage":{"@id":"https:\/\/fuentesfidedignas.com.mx\/index.php\/2022\/02\/24\/llegan-al-senado-nombramientos-de-quirino-y-otros-priistas-para-embajadores\/#primaryimage"},"image":{"@id":"https:\/\/fuentesfidedignas.com.mx\/index.php\/2022\/02\/24\/llegan-al-senado-nombramientos-de-quirino-y-otros-priistas-para-embajadores\/#primaryimage"},"thumbnailUrl":"https:\/\/fuentesfidedignas.com.mx\/wp-content\/uploads\/2022\/02\/230858078_1985871518229340_345859877893344794_n-e1643386823552.jpg","datePublished":"2022-02-24T20:30:44+00:00","dateModified":"2022-02-24T20:31:04+00:00","breadcrumb":{"@id":"https:\/\/fuentesfidedignas.com.mx\/index.php\/2022\/02\/24\/llegan-al-senado-nombramientos-de-quirino-y-otros-priistas-para-embajadores\/#breadcrumb"},"inLanguage":"es","potentialAction":[{"@type":"ReadAction","target":["https:\/\/fuentesfidedignas.com.mx\/index.php\/2022\/02\/24\/llegan-al-senado-nombramientos-de-quirino-y-otros-priistas-para-embajadores\/"]}]},{"@type":"ImageObject","inLanguage":"es","@id":"https:\/\/fuentesfidedignas.com.mx\/index.php\/2022\/02\/24\/llegan-al-senado-nombramientos-de-quirino-y-otros-priistas-para-embajadores\/#primaryimage","url":"https:\/\/fuentesfidedignas.com.mx\/wp-content\/uploads\/2022\/02\/230858078_1985871518229340_345859877893344794_n-e1643386823552.jpg","contentUrl":"https:\/\/fuentesfidedignas.com.mx\/wp-content\/uploads\/2022\/02\/230858078_1985871518229340_345859877893344794_n-e1643386823552.jpg","width":1024,"height":576},{"@type":"BreadcrumbList","@id":"https:\/\/fuentesfidedignas.com.mx\/index.php\/2022\/02\/24\/llegan-al-senado-nombramientos-de-quirino-y-otros-priistas-para-embajadores\/#breadcrumb","itemListElement":[{"@type":"ListItem","position":1,"name":"Inicio","item":"https:\/\/fuentesfidedignas.com.mx\/"},{"@type":"ListItem","position":2,"name":"Llegan al Senado nombramientos de Quirino y otros pri\u00edstas para embajadores"}]},{"@type":"WebSite","@id":"https:\/\/fuentesfidedignas.com.mx\/#website","url":"https:\/\/fuentesfidedignas.com.mx\/","name":"Fuentes Fidedignas","description":"Otro sitio realizado con WordPress","publisher":{"@id":"https:\/\/fuentesfidedignas.com.mx\/#organization"},"potentialAction":[{"@type":"SearchAction","target":{"@type":"EntryPoint","urlTemplate":"https:\/\/fuentesfidedignas.com.mx\/?s={search_term_string}"},"query-input":{"@type":"PropertyValueSpecification","valueRequired":true,"valueName":"search_term_string"}}],"inLanguage":"es"},{"@type":"Organization","@id":"https:\/\/fuentesfidedignas.com.mx\/#organization","name":"Fuentes Fidedignas","url":"https:\/\/fuentesfidedignas.com.mx\/","logo":{"@type":"ImageObject","inLanguage":"es","@id":"https:\/\/fuentesfidedignas.com.mx\/#\/schema\/logo\/image\/","url":"https:\/\/fuentesfidedignas.com.mx\/wp-content\/uploads\/2021\/04\/logo-retina.png","contentUrl":"https:\/\/fuentesfidedignas.com.mx\/wp-content\/uploads\/2021\/04\/logo-retina.png","width":280,"height":51,"caption":"Fuentes Fidedignas"},"image":{"@id":"https:\/\/fuentesfidedignas.com.mx\/#\/schema\/logo\/image\/"},"sameAs":["https:\/\/www.facebook.com\/Fuentes-Fidedignas-368234489921644","https:\/\/x.com\/fidedignas"]},{"@type":"Person","@id":"https:\/\/fuentesfidedignas.com.mx\/#\/schema\/person\/5623d53fe2e579d825b1679734abcc44","name":"Forbes","image":{"@type":"ImageObject","inLanguage":"es","@id":"https:\/\/secure.gravatar.com\/avatar\/87ce3dd4e41e60c22a79c758614f01a6bc2469255fc936ec7b15efb9bb5cb66f?s=96&d=mm&r=g","url":"https:\/\/secure.gravatar.com\/avatar\/87ce3dd4e41e60c22a79c758614f01a6bc2469255fc936ec7b15efb9bb5cb66f?s=96&d=mm&r=g","contentUrl":"https:\/\/secure.gravatar.com\/avatar\/87ce3dd4e41e60c22a79c758614f01a6bc2469255fc936ec7b15efb9bb5cb66f?s=96&d=mm&r=g","caption":"Forbes"},"url":"https:\/\/fuentesfidedignas.com.mx\/index.php\/author\/forbes\/"}]}},"_links":{"self":[{"href":"https:\/\/fuentesfidedignas.com.mx\/index.php\/wp-json\/wp\/v2\/posts\/24790","targetHints":{"allow":["GET"]}}],"collection":[{"href":"https:\/\/fuentesfidedignas.com.mx\/index.php\/wp-json\/wp\/v2\/posts"}],"about":[{"href":"https:\/\/fuentesfidedignas.com.mx\/index.php\/wp-json\/wp\/v2\/types\/post"}],"author":[{"embeddable":true,"href":"https:\/\/fuentesfidedignas.com.mx\/index.php\/wp-json\/wp\/v2\/users\/5"}],"replies":[{"embeddable":true,"href":"https:\/\/fuentesfidedignas.com.mx\/index.php\/wp-json\/wp\/v2\/comments?post=24790"}],"version-history":[{"count":1,"href":"https:\/\/fuentesfidedignas.com.mx\/index.php\/wp-json\/wp\/v2\/posts\/24790\/revisions"}],"predecessor-version":[{"id":24791,"href":"https:\/\/fuentesfidedignas.com.mx\/index.php\/wp-json\/wp\/v2\/posts\/24790\/revisions\/24791"}],"wp:featuredmedia":[{"embeddable":true,"href":"https:\/\/fuentesfidedignas.com.mx\/index.php\/wp-json\/wp\/v2\/media\/24792"}],"wp:attachment":[{"href":"https:\/\/fuentesfidedignas.com.mx\/index.php\/wp-json\/wp\/v2\/media?parent=24790"}],"wp:term":[{"taxonomy":"category","embeddable":true,"href":"https:\/\/fuentesfidedignas.com.mx\/index.php\/wp-json\/wp\/v2\/categories?post=24790"},{"taxonomy":"post_tag","embeddable":true,"href":"https:\/\/fuentesfidedignas.com.mx\/index.php\/wp-json\/wp\/v2\/tags?post=24790"}],"curies":[{"name":"wp","href":"https:\/\/api.w.org\/{rel}","templated":true}]}}