{"id":24744,"date":"2022-02-23T20:31:34","date_gmt":"2022-02-24T03:31:34","guid":{"rendered":"https:\/\/fuentesfidedignas.com.mx\/?p=24744"},"modified":"2022-02-23T20:31:53","modified_gmt":"2022-02-24T03:31:53","slug":"vladimir-putin-anuncia-una-operacion-militar-especial-en-el-este-de-ucrania","status":"publish","type":"post","link":"https:\/\/fuentesfidedignas.com.mx\/index.php\/2022\/02\/23\/vladimir-putin-anuncia-una-operacion-militar-especial-en-el-este-de-ucrania\/","title":{"rendered":"Vladimir Putin anuncia una &#8220;operaci\u00f3n militar especial&#8221; en el este de Ucrania"},"content":{"rendered":"\n<p><strong><em><br>En un mensaje por televisi\u00f3n, el presidente de Rusia anunci\u00f3 una operaci\u00f3n militar en Ucrania y llam\u00f3 a los militares ucranianos a &#8220;deponer de armas&#8221;<\/em><\/strong><\/p>\n\n\n\n<p>Rusia.- El presidente ruso Vladimir Putin anunci\u00f3 el jueves una operaci\u00f3n militar en Ucrania para defender a los separatistas en el este del pa\u00eds.<\/p>\n\n\n\n<p>&#8220;He tomado la decisi\u00f3n de una operaci\u00f3n militar especial&#8221;, declar\u00f3 Putin en un inesperado mensaje por televisi\u00f3n poco antes de las 03:00 horas GMT. En el mensaje llam\u00f3 a los militares ucranianos a &#8220;deponer las armas&#8221;.<\/p>\n\n\n\n<p>El Parlamento de Ucrania aprob\u00f3 el mi\u00e9rcoles el decreto del presidente, Volodimir Zelenski, para declarar el Estado de emergencia a partir de la medianoche del jueves en todo el territorio salvo en Donetsk y Lugansk, una medida que estar\u00e1 vigente al menos durante los pr\u00f3ximos 30 d\u00edas.<\/p>\n\n\n\n<p>El presidente Putin reconoci\u00f3 este lunes la independencia de Donetsk y Lugansk, y orden\u00f3 horas despu\u00e9s la entrada de las Fuerzas Armadas como parte de una &#8220;misi\u00f3n de mantenimiento de la paz&#8221;, lo que provoc\u00f3 la condena mayoritaria de la comunidad internacional, que en las \u00faltimas horas ha anunciado nuevas sanciones econ\u00f3micas como respuesta.<\/p>\n\n\n\n<p><strong>Secretario general de la ONU pide dar oportunidad a la paz<\/strong><\/p>\n\n\n\n<p>Durante una reuni\u00f3n de emergencia del Consejo de Seguridad, el secretario general de la ONU, Antonio Guterres, pidi\u00f3 al presidente Putin, que sus tropas no entren a Ucrania.<\/p>\n\n\n\n<p>&#8220;Presidente Putin evite que sus tropas ataquen a Ucrania. Dele una oportunidad a la paz, tambi\u00e9n mucha gente ya ha muerto&#8221;, dijo Guterres.<\/p>\n","protected":false},"excerpt":{"rendered":"<p>En un mensaje por televisi\u00f3n, el presidente de Rusia anunci\u00f3 una operaci\u00f3n militar en Ucrania y llam\u00f3 a los militares ucranianos a &#8220;deponer de armas&#8221; Rusia.- El presidente ruso Vladimir Putin anunci\u00f3 el jueves una operaci\u00f3n militar en Ucrania para defender a los separatistas en el este del pa\u00eds. &#8220;He tomado la decisi\u00f3n de una [&hellip;]<\/p>\n","protected":false},"author":44,"featured_media":24746,"comment_status":"open","ping_status":"open","sticky":false,"template":"","format":"standard","meta":{"tdm_status":"","tdm_grid_status":"","footnotes":""},"categories":[39],"tags":[141,2362,142],"class_list":{"0":"post-24744","1":"post","2":"type-post","3":"status-publish","4":"format-standard","5":"has-post-thumbnail","7":"category-noticias-nacionales","8":"tag-rusia","9":"tag-ucrania","10":"tag-vladimir-putin"},"yoast_head":"<!-- This site is optimized with the Yoast SEO plugin v27.5 - https:\/\/yoast.com\/product\/yoast-seo-wordpress\/ -->\n<title>Vladimir Putin anuncia una &quot;operaci\u00f3n militar especial&quot; en el este de Ucrania - Fuentes Fidedignas<\/title>\n<meta name=\"robots\" content=\"index, follow, max-snippet:-1, max-image-preview:large, max-video-preview:-1\" \/>\n<link rel=\"canonical\" href=\"https:\/\/fuentesfidedignas.com.mx\/index.php\/2022\/02\/23\/vladimir-putin-anuncia-una-operacion-militar-especial-en-el-este-de-ucrania\/\" \/>\n<meta property=\"og:locale\" content=\"es_MX\" \/>\n<meta property=\"og:type\" content=\"article\" \/>\n<meta property=\"og:title\" content=\"Vladimir Putin anuncia una &quot;operaci\u00f3n militar especial&quot; en el este de Ucrania - Fuentes Fidedignas\" \/>\n<meta property=\"og:description\" content=\"En un mensaje por televisi\u00f3n, el presidente de Rusia anunci\u00f3 una operaci\u00f3n militar en Ucrania y llam\u00f3 a los militares ucranianos a &#8220;deponer de armas&#8221; Rusia.- El presidente ruso Vladimir Putin anunci\u00f3 el jueves una operaci\u00f3n militar en Ucrania para defender a los separatistas en el este del pa\u00eds. &#8220;He tomado la decisi\u00f3n de una [&hellip;]\" \/>\n<meta property=\"og:url\" content=\"https:\/\/fuentesfidedignas.com.mx\/index.php\/2022\/02\/23\/vladimir-putin-anuncia-una-operacion-militar-especial-en-el-este-de-ucrania\/\" \/>\n<meta property=\"og:site_name\" content=\"Fuentes Fidedignas\" \/>\n<meta property=\"article:publisher\" content=\"https:\/\/www.facebook.com\/Fuentes-Fidedignas-368234489921644\" \/>\n<meta property=\"article:published_time\" content=\"2022-02-24T03:31:34+00:00\" \/>\n<meta property=\"article:modified_time\" content=\"2022-02-24T03:31:53+00:00\" \/>\n<meta property=\"og:image\" content=\"https:\/\/fuentesfidedignas.com.mx\/wp-content\/uploads\/2022\/02\/vladimir-putin-rusia-reuters.jpg_200178090.jpg\" \/>\n\t<meta property=\"og:image:width\" content=\"750\" \/>\n\t<meta property=\"og:image:height\" content=\"422\" \/>\n\t<meta property=\"og:image:type\" content=\"image\/jpeg\" \/>\n<meta name=\"author\" content=\"El Economista\" \/>\n<meta name=\"twitter:card\" content=\"summary_large_image\" \/>\n<meta name=\"twitter:creator\" content=\"@fidedignas\" \/>\n<meta name=\"twitter:site\" content=\"@fidedignas\" \/>\n<meta name=\"twitter:label1\" content=\"Escrito por\" \/>\n\t<meta name=\"twitter:data1\" content=\"El Economista\" \/>\n\t<meta name=\"twitter:label2\" content=\"Tiempo de lectura\" \/>\n\t<meta name=\"twitter:data2\" content=\"2 minutos\" \/>\n<script type=\"application\/ld+json\" class=\"yoast-schema-graph\">{\"@context\":\"https:\\\/\\\/schema.org\",\"@graph\":[{\"@type\":\"Article\",\"@id\":\"https:\\\/\\\/fuentesfidedignas.com.mx\\\/index.php\\\/2022\\\/02\\\/23\\\/vladimir-putin-anuncia-una-operacion-militar-especial-en-el-este-de-ucrania\\\/#article\",\"isPartOf\":{\"@id\":\"https:\\\/\\\/fuentesfidedignas.com.mx\\\/index.php\\\/2022\\\/02\\\/23\\\/vladimir-putin-anuncia-una-operacion-militar-especial-en-el-este-de-ucrania\\\/\"},\"author\":{\"name\":\"El Economista\",\"@id\":\"https:\\\/\\\/fuentesfidedignas.com.mx\\\/#\\\/schema\\\/person\\\/6af43e831c61354ecb5ffe61c99a9bf1\"},\"headline\":\"Vladimir Putin anuncia una &#8220;operaci\u00f3n militar especial&#8221; en el este de Ucrania\",\"datePublished\":\"2022-02-24T03:31:34+00:00\",\"dateModified\":\"2022-02-24T03:31:53+00:00\",\"mainEntityOfPage\":{\"@id\":\"https:\\\/\\\/fuentesfidedignas.com.mx\\\/index.php\\\/2022\\\/02\\\/23\\\/vladimir-putin-anuncia-una-operacion-militar-especial-en-el-este-de-ucrania\\\/\"},\"wordCount\":275,\"commentCount\":0,\"publisher\":{\"@id\":\"https:\\\/\\\/fuentesfidedignas.com.mx\\\/#organization\"},\"image\":{\"@id\":\"https:\\\/\\\/fuentesfidedignas.com.mx\\\/index.php\\\/2022\\\/02\\\/23\\\/vladimir-putin-anuncia-una-operacion-militar-especial-en-el-este-de-ucrania\\\/#primaryimage\"},\"thumbnailUrl\":\"https:\\\/\\\/fuentesfidedignas.com.mx\\\/wp-content\\\/uploads\\\/2022\\\/02\\\/vladimir-putin-rusia-reuters.jpg_200178090.jpg\",\"keywords\":[\"Rusia\",\"Ucrania\",\"Vladimir Putin\"],\"articleSection\":[\"NOTICIAS NACIONALES\"],\"inLanguage\":\"es\",\"potentialAction\":[{\"@type\":\"CommentAction\",\"name\":\"Comment\",\"target\":[\"https:\\\/\\\/fuentesfidedignas.com.mx\\\/index.php\\\/2022\\\/02\\\/23\\\/vladimir-putin-anuncia-una-operacion-militar-especial-en-el-este-de-ucrania\\\/#respond\"]}]},{\"@type\":\"WebPage\",\"@id\":\"https:\\\/\\\/fuentesfidedignas.com.mx\\\/index.php\\\/2022\\\/02\\\/23\\\/vladimir-putin-anuncia-una-operacion-militar-especial-en-el-este-de-ucrania\\\/\",\"url\":\"https:\\\/\\\/fuentesfidedignas.com.mx\\\/index.php\\\/2022\\\/02\\\/23\\\/vladimir-putin-anuncia-una-operacion-militar-especial-en-el-este-de-ucrania\\\/\",\"name\":\"Vladimir Putin anuncia una \\\"operaci\u00f3n militar especial\\\" en el este de Ucrania - Fuentes Fidedignas\",\"isPartOf\":{\"@id\":\"https:\\\/\\\/fuentesfidedignas.com.mx\\\/#website\"},\"primaryImageOfPage\":{\"@id\":\"https:\\\/\\\/fuentesfidedignas.com.mx\\\/index.php\\\/2022\\\/02\\\/23\\\/vladimir-putin-anuncia-una-operacion-militar-especial-en-el-este-de-ucrania\\\/#primaryimage\"},\"image\":{\"@id\":\"https:\\\/\\\/fuentesfidedignas.com.mx\\\/index.php\\\/2022\\\/02\\\/23\\\/vladimir-putin-anuncia-una-operacion-militar-especial-en-el-este-de-ucrania\\\/#primaryimage\"},\"thumbnailUrl\":\"https:\\\/\\\/fuentesfidedignas.com.mx\\\/wp-content\\\/uploads\\\/2022\\\/02\\\/vladimir-putin-rusia-reuters.jpg_200178090.jpg\",\"datePublished\":\"2022-02-24T03:31:34+00:00\",\"dateModified\":\"2022-02-24T03:31:53+00:00\",\"breadcrumb\":{\"@id\":\"https:\\\/\\\/fuentesfidedignas.com.mx\\\/index.php\\\/2022\\\/02\\\/23\\\/vladimir-putin-anuncia-una-operacion-militar-especial-en-el-este-de-ucrania\\\/#breadcrumb\"},\"inLanguage\":\"es\",\"potentialAction\":[{\"@type\":\"ReadAction\",\"target\":[\"https:\\\/\\\/fuentesfidedignas.com.mx\\\/index.php\\\/2022\\\/02\\\/23\\\/vladimir-putin-anuncia-una-operacion-militar-especial-en-el-este-de-ucrania\\\/\"]}]},{\"@type\":\"ImageObject\",\"inLanguage\":\"es\",\"@id\":\"https:\\\/\\\/fuentesfidedignas.com.mx\\\/index.php\\\/2022\\\/02\\\/23\\\/vladimir-putin-anuncia-una-operacion-militar-especial-en-el-este-de-ucrania\\\/#primaryimage\",\"url\":\"https:\\\/\\\/fuentesfidedignas.com.mx\\\/wp-content\\\/uploads\\\/2022\\\/02\\\/vladimir-putin-rusia-reuters.jpg_200178090.jpg\",\"contentUrl\":\"https:\\\/\\\/fuentesfidedignas.com.mx\\\/wp-content\\\/uploads\\\/2022\\\/02\\\/vladimir-putin-rusia-reuters.jpg_200178090.jpg\",\"width\":750,\"height\":422},{\"@type\":\"BreadcrumbList\",\"@id\":\"https:\\\/\\\/fuentesfidedignas.com.mx\\\/index.php\\\/2022\\\/02\\\/23\\\/vladimir-putin-anuncia-una-operacion-militar-especial-en-el-este-de-ucrania\\\/#breadcrumb\",\"itemListElement\":[{\"@type\":\"ListItem\",\"position\":1,\"name\":\"Inicio\",\"item\":\"https:\\\/\\\/fuentesfidedignas.com.mx\\\/\"},{\"@type\":\"ListItem\",\"position\":2,\"name\":\"Vladimir Putin anuncia una &#8220;operaci\u00f3n militar especial&#8221; en el este de Ucrania\"}]},{\"@type\":\"WebSite\",\"@id\":\"https:\\\/\\\/fuentesfidedignas.com.mx\\\/#website\",\"url\":\"https:\\\/\\\/fuentesfidedignas.com.mx\\\/\",\"name\":\"Fuentes Fidedignas\",\"description\":\"Otro sitio realizado con WordPress\",\"publisher\":{\"@id\":\"https:\\\/\\\/fuentesfidedignas.com.mx\\\/#organization\"},\"potentialAction\":[{\"@type\":\"SearchAction\",\"target\":{\"@type\":\"EntryPoint\",\"urlTemplate\":\"https:\\\/\\\/fuentesfidedignas.com.mx\\\/?s={search_term_string}\"},\"query-input\":{\"@type\":\"PropertyValueSpecification\",\"valueRequired\":true,\"valueName\":\"search_term_string\"}}],\"inLanguage\":\"es\"},{\"@type\":\"Organization\",\"@id\":\"https:\\\/\\\/fuentesfidedignas.com.mx\\\/#organization\",\"name\":\"Fuentes Fidedignas\",\"url\":\"https:\\\/\\\/fuentesfidedignas.com.mx\\\/\",\"logo\":{\"@type\":\"ImageObject\",\"inLanguage\":\"es\",\"@id\":\"https:\\\/\\\/fuentesfidedignas.com.mx\\\/#\\\/schema\\\/logo\\\/image\\\/\",\"url\":\"https:\\\/\\\/fuentesfidedignas.com.mx\\\/wp-content\\\/uploads\\\/2021\\\/04\\\/logo-retina.png\",\"contentUrl\":\"https:\\\/\\\/fuentesfidedignas.com.mx\\\/wp-content\\\/uploads\\\/2021\\\/04\\\/logo-retina.png\",\"width\":280,\"height\":51,\"caption\":\"Fuentes Fidedignas\"},\"image\":{\"@id\":\"https:\\\/\\\/fuentesfidedignas.com.mx\\\/#\\\/schema\\\/logo\\\/image\\\/\"},\"sameAs\":[\"https:\\\/\\\/www.facebook.com\\\/Fuentes-Fidedignas-368234489921644\",\"https:\\\/\\\/x.com\\\/fidedignas\"]},{\"@type\":\"Person\",\"@id\":\"https:\\\/\\\/fuentesfidedignas.com.mx\\\/#\\\/schema\\\/person\\\/6af43e831c61354ecb5ffe61c99a9bf1\",\"name\":\"El Economista\",\"image\":{\"@type\":\"ImageObject\",\"inLanguage\":\"es\",\"@id\":\"https:\\\/\\\/secure.gravatar.com\\\/avatar\\\/cdb633edc72997b061038aff7c4738bf3a38a4e4089c4c7ba9509ccee48b1447?s=96&d=mm&r=g\",\"url\":\"https:\\\/\\\/secure.gravatar.com\\\/avatar\\\/cdb633edc72997b061038aff7c4738bf3a38a4e4089c4c7ba9509ccee48b1447?s=96&d=mm&r=g\",\"contentUrl\":\"https:\\\/\\\/secure.gravatar.com\\\/avatar\\\/cdb633edc72997b061038aff7c4738bf3a38a4e4089c4c7ba9509ccee48b1447?s=96&d=mm&r=g\",\"caption\":\"El Economista\"},\"url\":\"https:\\\/\\\/fuentesfidedignas.com.mx\\\/index.php\\\/author\\\/economista\\\/\"}]}<\/script>\n<!-- \/ Yoast SEO plugin. -->","yoast_head_json":{"title":"Vladimir Putin anuncia una \"operaci\u00f3n militar especial\" en el este de Ucrania - Fuentes Fidedignas","robots":{"index":"index","follow":"follow","max-snippet":"max-snippet:-1","max-image-preview":"max-image-preview:large","max-video-preview":"max-video-preview:-1"},"canonical":"https:\/\/fuentesfidedignas.com.mx\/index.php\/2022\/02\/23\/vladimir-putin-anuncia-una-operacion-militar-especial-en-el-este-de-ucrania\/","og_locale":"es_MX","og_type":"article","og_title":"Vladimir Putin anuncia una \"operaci\u00f3n militar especial\" en el este de Ucrania - Fuentes Fidedignas","og_description":"En un mensaje por televisi\u00f3n, el presidente de Rusia anunci\u00f3 una operaci\u00f3n militar en Ucrania y llam\u00f3 a los militares ucranianos a &#8220;deponer de armas&#8221; Rusia.- El presidente ruso Vladimir Putin anunci\u00f3 el jueves una operaci\u00f3n militar en Ucrania para defender a los separatistas en el este del pa\u00eds. &#8220;He tomado la decisi\u00f3n de una [&hellip;]","og_url":"https:\/\/fuentesfidedignas.com.mx\/index.php\/2022\/02\/23\/vladimir-putin-anuncia-una-operacion-militar-especial-en-el-este-de-ucrania\/","og_site_name":"Fuentes Fidedignas","article_publisher":"https:\/\/www.facebook.com\/Fuentes-Fidedignas-368234489921644","article_published_time":"2022-02-24T03:31:34+00:00","article_modified_time":"2022-02-24T03:31:53+00:00","og_image":[{"width":750,"height":422,"url":"https:\/\/fuentesfidedignas.com.mx\/wp-content\/uploads\/2022\/02\/vladimir-putin-rusia-reuters.jpg_200178090.jpg","type":"image\/jpeg"}],"author":"El Economista","twitter_card":"summary_large_image","twitter_creator":"@fidedignas","twitter_site":"@fidedignas","twitter_misc":{"Escrito por":"El Economista","Tiempo de lectura":"2 minutos"},"schema":{"@context":"https:\/\/schema.org","@graph":[{"@type":"Article","@id":"https:\/\/fuentesfidedignas.com.mx\/index.php\/2022\/02\/23\/vladimir-putin-anuncia-una-operacion-militar-especial-en-el-este-de-ucrania\/#article","isPartOf":{"@id":"https:\/\/fuentesfidedignas.com.mx\/index.php\/2022\/02\/23\/vladimir-putin-anuncia-una-operacion-militar-especial-en-el-este-de-ucrania\/"},"author":{"name":"El Economista","@id":"https:\/\/fuentesfidedignas.com.mx\/#\/schema\/person\/6af43e831c61354ecb5ffe61c99a9bf1"},"headline":"Vladimir Putin anuncia una &#8220;operaci\u00f3n militar especial&#8221; en el este de Ucrania","datePublished":"2022-02-24T03:31:34+00:00","dateModified":"2022-02-24T03:31:53+00:00","mainEntityOfPage":{"@id":"https:\/\/fuentesfidedignas.com.mx\/index.php\/2022\/02\/23\/vladimir-putin-anuncia-una-operacion-militar-especial-en-el-este-de-ucrania\/"},"wordCount":275,"commentCount":0,"publisher":{"@id":"https:\/\/fuentesfidedignas.com.mx\/#organization"},"image":{"@id":"https:\/\/fuentesfidedignas.com.mx\/index.php\/2022\/02\/23\/vladimir-putin-anuncia-una-operacion-militar-especial-en-el-este-de-ucrania\/#primaryimage"},"thumbnailUrl":"https:\/\/fuentesfidedignas.com.mx\/wp-content\/uploads\/2022\/02\/vladimir-putin-rusia-reuters.jpg_200178090.jpg","keywords":["Rusia","Ucrania","Vladimir Putin"],"articleSection":["NOTICIAS NACIONALES"],"inLanguage":"es","potentialAction":[{"@type":"CommentAction","name":"Comment","target":["https:\/\/fuentesfidedignas.com.mx\/index.php\/2022\/02\/23\/vladimir-putin-anuncia-una-operacion-militar-especial-en-el-este-de-ucrania\/#respond"]}]},{"@type":"WebPage","@id":"https:\/\/fuentesfidedignas.com.mx\/index.php\/2022\/02\/23\/vladimir-putin-anuncia-una-operacion-militar-especial-en-el-este-de-ucrania\/","url":"https:\/\/fuentesfidedignas.com.mx\/index.php\/2022\/02\/23\/vladimir-putin-anuncia-una-operacion-militar-especial-en-el-este-de-ucrania\/","name":"Vladimir Putin anuncia una \"operaci\u00f3n militar especial\" en el este de Ucrania - Fuentes Fidedignas","isPartOf":{"@id":"https:\/\/fuentesfidedignas.com.mx\/#website"},"primaryImageOfPage":{"@id":"https:\/\/fuentesfidedignas.com.mx\/index.php\/2022\/02\/23\/vladimir-putin-anuncia-una-operacion-militar-especial-en-el-este-de-ucrania\/#primaryimage"},"image":{"@id":"https:\/\/fuentesfidedignas.com.mx\/index.php\/2022\/02\/23\/vladimir-putin-anuncia-una-operacion-militar-especial-en-el-este-de-ucrania\/#primaryimage"},"thumbnailUrl":"https:\/\/fuentesfidedignas.com.mx\/wp-content\/uploads\/2022\/02\/vladimir-putin-rusia-reuters.jpg_200178090.jpg","datePublished":"2022-02-24T03:31:34+00:00","dateModified":"2022-02-24T03:31:53+00:00","breadcrumb":{"@id":"https:\/\/fuentesfidedignas.com.mx\/index.php\/2022\/02\/23\/vladimir-putin-anuncia-una-operacion-militar-especial-en-el-este-de-ucrania\/#breadcrumb"},"inLanguage":"es","potentialAction":[{"@type":"ReadAction","target":["https:\/\/fuentesfidedignas.com.mx\/index.php\/2022\/02\/23\/vladimir-putin-anuncia-una-operacion-militar-especial-en-el-este-de-ucrania\/"]}]},{"@type":"ImageObject","inLanguage":"es","@id":"https:\/\/fuentesfidedignas.com.mx\/index.php\/2022\/02\/23\/vladimir-putin-anuncia-una-operacion-militar-especial-en-el-este-de-ucrania\/#primaryimage","url":"https:\/\/fuentesfidedignas.com.mx\/wp-content\/uploads\/2022\/02\/vladimir-putin-rusia-reuters.jpg_200178090.jpg","contentUrl":"https:\/\/fuentesfidedignas.com.mx\/wp-content\/uploads\/2022\/02\/vladimir-putin-rusia-reuters.jpg_200178090.jpg","width":750,"height":422},{"@type":"BreadcrumbList","@id":"https:\/\/fuentesfidedignas.com.mx\/index.php\/2022\/02\/23\/vladimir-putin-anuncia-una-operacion-militar-especial-en-el-este-de-ucrania\/#breadcrumb","itemListElement":[{"@type":"ListItem","position":1,"name":"Inicio","item":"https:\/\/fuentesfidedignas.com.mx\/"},{"@type":"ListItem","position":2,"name":"Vladimir Putin anuncia una &#8220;operaci\u00f3n militar especial&#8221; en el este de Ucrania"}]},{"@type":"WebSite","@id":"https:\/\/fuentesfidedignas.com.mx\/#website","url":"https:\/\/fuentesfidedignas.com.mx\/","name":"Fuentes Fidedignas","description":"Otro sitio realizado con WordPress","publisher":{"@id":"https:\/\/fuentesfidedignas.com.mx\/#organization"},"potentialAction":[{"@type":"SearchAction","target":{"@type":"EntryPoint","urlTemplate":"https:\/\/fuentesfidedignas.com.mx\/?s={search_term_string}"},"query-input":{"@type":"PropertyValueSpecification","valueRequired":true,"valueName":"search_term_string"}}],"inLanguage":"es"},{"@type":"Organization","@id":"https:\/\/fuentesfidedignas.com.mx\/#organization","name":"Fuentes Fidedignas","url":"https:\/\/fuentesfidedignas.com.mx\/","logo":{"@type":"ImageObject","inLanguage":"es","@id":"https:\/\/fuentesfidedignas.com.mx\/#\/schema\/logo\/image\/","url":"https:\/\/fuentesfidedignas.com.mx\/wp-content\/uploads\/2021\/04\/logo-retina.png","contentUrl":"https:\/\/fuentesfidedignas.com.mx\/wp-content\/uploads\/2021\/04\/logo-retina.png","width":280,"height":51,"caption":"Fuentes Fidedignas"},"image":{"@id":"https:\/\/fuentesfidedignas.com.mx\/#\/schema\/logo\/image\/"},"sameAs":["https:\/\/www.facebook.com\/Fuentes-Fidedignas-368234489921644","https:\/\/x.com\/fidedignas"]},{"@type":"Person","@id":"https:\/\/fuentesfidedignas.com.mx\/#\/schema\/person\/6af43e831c61354ecb5ffe61c99a9bf1","name":"El Economista","image":{"@type":"ImageObject","inLanguage":"es","@id":"https:\/\/secure.gravatar.com\/avatar\/cdb633edc72997b061038aff7c4738bf3a38a4e4089c4c7ba9509ccee48b1447?s=96&d=mm&r=g","url":"https:\/\/secure.gravatar.com\/avatar\/cdb633edc72997b061038aff7c4738bf3a38a4e4089c4c7ba9509ccee48b1447?s=96&d=mm&r=g","contentUrl":"https:\/\/secure.gravatar.com\/avatar\/cdb633edc72997b061038aff7c4738bf3a38a4e4089c4c7ba9509ccee48b1447?s=96&d=mm&r=g","caption":"El Economista"},"url":"https:\/\/fuentesfidedignas.com.mx\/index.php\/author\/economista\/"}]}},"_links":{"self":[{"href":"https:\/\/fuentesfidedignas.com.mx\/index.php\/wp-json\/wp\/v2\/posts\/24744","targetHints":{"allow":["GET"]}}],"collection":[{"href":"https:\/\/fuentesfidedignas.com.mx\/index.php\/wp-json\/wp\/v2\/posts"}],"about":[{"href":"https:\/\/fuentesfidedignas.com.mx\/index.php\/wp-json\/wp\/v2\/types\/post"}],"author":[{"embeddable":true,"href":"https:\/\/fuentesfidedignas.com.mx\/index.php\/wp-json\/wp\/v2\/users\/44"}],"replies":[{"embeddable":true,"href":"https:\/\/fuentesfidedignas.com.mx\/index.php\/wp-json\/wp\/v2\/comments?post=24744"}],"version-history":[{"count":1,"href":"https:\/\/fuentesfidedignas.com.mx\/index.php\/wp-json\/wp\/v2\/posts\/24744\/revisions"}],"predecessor-version":[{"id":24745,"href":"https:\/\/fuentesfidedignas.com.mx\/index.php\/wp-json\/wp\/v2\/posts\/24744\/revisions\/24745"}],"wp:featuredmedia":[{"embeddable":true,"href":"https:\/\/fuentesfidedignas.com.mx\/index.php\/wp-json\/wp\/v2\/media\/24746"}],"wp:attachment":[{"href":"https:\/\/fuentesfidedignas.com.mx\/index.php\/wp-json\/wp\/v2\/media?parent=24744"}],"wp:term":[{"taxonomy":"category","embeddable":true,"href":"https:\/\/fuentesfidedignas.com.mx\/index.php\/wp-json\/wp\/v2\/categories?post=24744"},{"taxonomy":"post_tag","embeddable":true,"href":"https:\/\/fuentesfidedignas.com.mx\/index.php\/wp-json\/wp\/v2\/tags?post=24744"}],"curies":[{"name":"wp","href":"https:\/\/api.w.org\/{rel}","templated":true}]}}