{"id":24695,"date":"2022-02-23T14:06:49","date_gmt":"2022-02-23T21:06:49","guid":{"rendered":"https:\/\/fuentesfidedignas.com.mx\/?p=24695"},"modified":"2022-02-23T14:07:24","modified_gmt":"2022-02-23T21:07:24","slug":"se-desploma-avioneta-fumigadora-en-culiacan-hay-un-muerto","status":"publish","type":"post","link":"https:\/\/fuentesfidedignas.com.mx\/index.php\/2022\/02\/23\/se-desploma-avioneta-fumigadora-en-culiacan-hay-un-muerto\/","title":{"rendered":"Se desploma avioneta fumigadora en Culiac\u00e1n; hay un muerto"},"content":{"rendered":"\n<p><strong><em>Las corporaciones policiacas y de rescate recibieron el reporte la ma\u00f1ana de este mi\u00e9rcoles, se report\u00f3 una persona fallecida <\/em><\/strong><\/p>\n\n\n\n<p>Culiac\u00e1n, Sin. Autoridades municipales reportaron el desplome de una avioneta fumigadora en la sindicatura de Emiliano Zapata. Seg\u00fan informaci\u00f3n oficial el reporte se hizo a las 11:00 horas de este 23 de febrero. Agentes de diferentes corporaciones policiacas se trasladaron al lugar, el cual presuntamente ya est\u00e1 asegurado.<\/p>\n\n\n\n<p>Hasta el momento se confirm\u00f3 que una persona falleci\u00f3 en el accidente a\u00e9reo. De acuerdo a la informaci\u00f3n de medios locales los hechos en las inmediaciones del Ejido Echeverr\u00eda perteneciente a la sindicatura Emiliano Zapata al sur de Pueblos Unidos y cerca de la autopista Culiac\u00e1n Mazatl\u00e1n en Los corrales del rancho conocido como El Alacr\u00e1n.<\/p>\n\n\n\n<p>La avioneta de color amarillo pertenece a una empresa a\u00e9reo fumigadora y era utilizada sobre los cultivos de la regi\u00f3n. Las autoridades indican que esta se vino abajo mientras realizaba operaciones de fumigaci\u00f3n en el lugar. Luego de casi una hora, los elementos de Cruz Roja y polic\u00edas municipales confirmaron el deceso de la persona que pilotaba el avi\u00f3n ligero. Seg\u00fan las autoridades, el hombre que falleci\u00f3 ten\u00eda de entre 25 y 30 a\u00f1os de edad.<\/p>\n\n\n\n<p>Cabe recordar que el pasado 13 de febrero, otra aeronave similar se desplom\u00f3 en las inmediaciones de la carretera Culiac\u00e1n-Mazatl\u00e1n.<\/p>\n","protected":false},"excerpt":{"rendered":"<p>Las corporaciones policiacas y de rescate recibieron el reporte la ma\u00f1ana de este mi\u00e9rcoles, se report\u00f3 una persona fallecida Culiac\u00e1n, Sin. Autoridades municipales reportaron el desplome de una avioneta fumigadora en la sindicatura de Emiliano Zapata. Seg\u00fan informaci\u00f3n oficial el reporte se hizo a las 11:00 horas de este 23 de febrero. Agentes de diferentes [&hellip;]<\/p>\n","protected":false},"author":41,"featured_media":24697,"comment_status":"open","ping_status":"open","sticky":false,"template":"","format":"standard","meta":{"tdm_status":"","tdm_grid_status":"","footnotes":""},"categories":[38],"tags":[],"class_list":{"0":"post-24695","1":"post","2":"type-post","3":"status-publish","4":"format-standard","5":"has-post-thumbnail","7":"category-noticias-locales"},"yoast_head":"<!-- This site is optimized with the Yoast SEO plugin v27.5 - https:\/\/yoast.com\/product\/yoast-seo-wordpress\/ -->\n<title>Se desploma avioneta fumigadora en Culiac\u00e1n; hay un muerto - Fuentes Fidedignas<\/title>\n<meta name=\"robots\" content=\"index, follow, max-snippet:-1, max-image-preview:large, max-video-preview:-1\" \/>\n<link rel=\"canonical\" href=\"https:\/\/fuentesfidedignas.com.mx\/index.php\/2022\/02\/23\/se-desploma-avioneta-fumigadora-en-culiacan-hay-un-muerto\/\" \/>\n<meta property=\"og:locale\" content=\"es_MX\" \/>\n<meta property=\"og:type\" content=\"article\" \/>\n<meta property=\"og:title\" content=\"Se desploma avioneta fumigadora en Culiac\u00e1n; hay un muerto - Fuentes Fidedignas\" \/>\n<meta property=\"og:description\" content=\"Las corporaciones policiacas y de rescate recibieron el reporte la ma\u00f1ana de este mi\u00e9rcoles, se report\u00f3 una persona fallecida Culiac\u00e1n, Sin. Autoridades municipales reportaron el desplome de una avioneta fumigadora en la sindicatura de Emiliano Zapata. Seg\u00fan informaci\u00f3n oficial el reporte se hizo a las 11:00 horas de este 23 de febrero. Agentes de diferentes [&hellip;]\" \/>\n<meta property=\"og:url\" content=\"https:\/\/fuentesfidedignas.com.mx\/index.php\/2022\/02\/23\/se-desploma-avioneta-fumigadora-en-culiacan-hay-un-muerto\/\" \/>\n<meta property=\"og:site_name\" content=\"Fuentes Fidedignas\" \/>\n<meta property=\"article:publisher\" content=\"https:\/\/www.facebook.com\/Fuentes-Fidedignas-368234489921644\" \/>\n<meta property=\"article:published_time\" content=\"2022-02-23T21:06:49+00:00\" \/>\n<meta property=\"article:modified_time\" content=\"2022-02-23T21:07:24+00:00\" \/>\n<meta property=\"og:image\" content=\"https:\/\/fuentesfidedignas.com.mx\/wp-content\/uploads\/2022\/02\/images-24.jpeg\" \/>\n\t<meta property=\"og:image:width\" content=\"713\" \/>\n\t<meta property=\"og:image:height\" content=\"430\" \/>\n\t<meta property=\"og:image:type\" content=\"image\/jpeg\" \/>\n<meta name=\"author\" content=\"Infobae\" \/>\n<meta name=\"twitter:card\" content=\"summary_large_image\" \/>\n<meta name=\"twitter:creator\" content=\"@fidedignas\" \/>\n<meta name=\"twitter:site\" content=\"@fidedignas\" \/>\n<meta name=\"twitter:label1\" content=\"Escrito por\" \/>\n\t<meta name=\"twitter:data1\" content=\"Infobae\" \/>\n\t<meta name=\"twitter:label2\" content=\"Tiempo de lectura\" \/>\n\t<meta name=\"twitter:data2\" content=\"2 minutos\" \/>\n<script type=\"application\/ld+json\" class=\"yoast-schema-graph\">{\"@context\":\"https:\\\/\\\/schema.org\",\"@graph\":[{\"@type\":\"Article\",\"@id\":\"https:\\\/\\\/fuentesfidedignas.com.mx\\\/index.php\\\/2022\\\/02\\\/23\\\/se-desploma-avioneta-fumigadora-en-culiacan-hay-un-muerto\\\/#article\",\"isPartOf\":{\"@id\":\"https:\\\/\\\/fuentesfidedignas.com.mx\\\/index.php\\\/2022\\\/02\\\/23\\\/se-desploma-avioneta-fumigadora-en-culiacan-hay-un-muerto\\\/\"},\"author\":{\"name\":\"Infobae\",\"@id\":\"https:\\\/\\\/fuentesfidedignas.com.mx\\\/#\\\/schema\\\/person\\\/8575896a7c1067d352f6c1cd6582c389\"},\"headline\":\"Se desploma avioneta fumigadora en Culiac\u00e1n; hay un muerto\",\"datePublished\":\"2022-02-23T21:06:49+00:00\",\"dateModified\":\"2022-02-23T21:07:24+00:00\",\"mainEntityOfPage\":{\"@id\":\"https:\\\/\\\/fuentesfidedignas.com.mx\\\/index.php\\\/2022\\\/02\\\/23\\\/se-desploma-avioneta-fumigadora-en-culiacan-hay-un-muerto\\\/\"},\"wordCount\":245,\"commentCount\":0,\"publisher\":{\"@id\":\"https:\\\/\\\/fuentesfidedignas.com.mx\\\/#organization\"},\"image\":{\"@id\":\"https:\\\/\\\/fuentesfidedignas.com.mx\\\/index.php\\\/2022\\\/02\\\/23\\\/se-desploma-avioneta-fumigadora-en-culiacan-hay-un-muerto\\\/#primaryimage\"},\"thumbnailUrl\":\"https:\\\/\\\/fuentesfidedignas.com.mx\\\/wp-content\\\/uploads\\\/2022\\\/02\\\/images-24.jpeg\",\"articleSection\":[\"NOTICIAS LOCALES\"],\"inLanguage\":\"es\",\"potentialAction\":[{\"@type\":\"CommentAction\",\"name\":\"Comment\",\"target\":[\"https:\\\/\\\/fuentesfidedignas.com.mx\\\/index.php\\\/2022\\\/02\\\/23\\\/se-desploma-avioneta-fumigadora-en-culiacan-hay-un-muerto\\\/#respond\"]}]},{\"@type\":\"WebPage\",\"@id\":\"https:\\\/\\\/fuentesfidedignas.com.mx\\\/index.php\\\/2022\\\/02\\\/23\\\/se-desploma-avioneta-fumigadora-en-culiacan-hay-un-muerto\\\/\",\"url\":\"https:\\\/\\\/fuentesfidedignas.com.mx\\\/index.php\\\/2022\\\/02\\\/23\\\/se-desploma-avioneta-fumigadora-en-culiacan-hay-un-muerto\\\/\",\"name\":\"Se desploma avioneta fumigadora en Culiac\u00e1n; hay un muerto - Fuentes Fidedignas\",\"isPartOf\":{\"@id\":\"https:\\\/\\\/fuentesfidedignas.com.mx\\\/#website\"},\"primaryImageOfPage\":{\"@id\":\"https:\\\/\\\/fuentesfidedignas.com.mx\\\/index.php\\\/2022\\\/02\\\/23\\\/se-desploma-avioneta-fumigadora-en-culiacan-hay-un-muerto\\\/#primaryimage\"},\"image\":{\"@id\":\"https:\\\/\\\/fuentesfidedignas.com.mx\\\/index.php\\\/2022\\\/02\\\/23\\\/se-desploma-avioneta-fumigadora-en-culiacan-hay-un-muerto\\\/#primaryimage\"},\"thumbnailUrl\":\"https:\\\/\\\/fuentesfidedignas.com.mx\\\/wp-content\\\/uploads\\\/2022\\\/02\\\/images-24.jpeg\",\"datePublished\":\"2022-02-23T21:06:49+00:00\",\"dateModified\":\"2022-02-23T21:07:24+00:00\",\"breadcrumb\":{\"@id\":\"https:\\\/\\\/fuentesfidedignas.com.mx\\\/index.php\\\/2022\\\/02\\\/23\\\/se-desploma-avioneta-fumigadora-en-culiacan-hay-un-muerto\\\/#breadcrumb\"},\"inLanguage\":\"es\",\"potentialAction\":[{\"@type\":\"ReadAction\",\"target\":[\"https:\\\/\\\/fuentesfidedignas.com.mx\\\/index.php\\\/2022\\\/02\\\/23\\\/se-desploma-avioneta-fumigadora-en-culiacan-hay-un-muerto\\\/\"]}]},{\"@type\":\"ImageObject\",\"inLanguage\":\"es\",\"@id\":\"https:\\\/\\\/fuentesfidedignas.com.mx\\\/index.php\\\/2022\\\/02\\\/23\\\/se-desploma-avioneta-fumigadora-en-culiacan-hay-un-muerto\\\/#primaryimage\",\"url\":\"https:\\\/\\\/fuentesfidedignas.com.mx\\\/wp-content\\\/uploads\\\/2022\\\/02\\\/images-24.jpeg\",\"contentUrl\":\"https:\\\/\\\/fuentesfidedignas.com.mx\\\/wp-content\\\/uploads\\\/2022\\\/02\\\/images-24.jpeg\",\"width\":713,\"height\":430},{\"@type\":\"BreadcrumbList\",\"@id\":\"https:\\\/\\\/fuentesfidedignas.com.mx\\\/index.php\\\/2022\\\/02\\\/23\\\/se-desploma-avioneta-fumigadora-en-culiacan-hay-un-muerto\\\/#breadcrumb\",\"itemListElement\":[{\"@type\":\"ListItem\",\"position\":1,\"name\":\"Inicio\",\"item\":\"https:\\\/\\\/fuentesfidedignas.com.mx\\\/\"},{\"@type\":\"ListItem\",\"position\":2,\"name\":\"Se desploma avioneta fumigadora en Culiac\u00e1n; hay un muerto\"}]},{\"@type\":\"WebSite\",\"@id\":\"https:\\\/\\\/fuentesfidedignas.com.mx\\\/#website\",\"url\":\"https:\\\/\\\/fuentesfidedignas.com.mx\\\/\",\"name\":\"Fuentes Fidedignas\",\"description\":\"Otro sitio realizado con WordPress\",\"publisher\":{\"@id\":\"https:\\\/\\\/fuentesfidedignas.com.mx\\\/#organization\"},\"potentialAction\":[{\"@type\":\"SearchAction\",\"target\":{\"@type\":\"EntryPoint\",\"urlTemplate\":\"https:\\\/\\\/fuentesfidedignas.com.mx\\\/?s={search_term_string}\"},\"query-input\":{\"@type\":\"PropertyValueSpecification\",\"valueRequired\":true,\"valueName\":\"search_term_string\"}}],\"inLanguage\":\"es\"},{\"@type\":\"Organization\",\"@id\":\"https:\\\/\\\/fuentesfidedignas.com.mx\\\/#organization\",\"name\":\"Fuentes Fidedignas\",\"url\":\"https:\\\/\\\/fuentesfidedignas.com.mx\\\/\",\"logo\":{\"@type\":\"ImageObject\",\"inLanguage\":\"es\",\"@id\":\"https:\\\/\\\/fuentesfidedignas.com.mx\\\/#\\\/schema\\\/logo\\\/image\\\/\",\"url\":\"https:\\\/\\\/fuentesfidedignas.com.mx\\\/wp-content\\\/uploads\\\/2021\\\/04\\\/logo-retina.png\",\"contentUrl\":\"https:\\\/\\\/fuentesfidedignas.com.mx\\\/wp-content\\\/uploads\\\/2021\\\/04\\\/logo-retina.png\",\"width\":280,\"height\":51,\"caption\":\"Fuentes Fidedignas\"},\"image\":{\"@id\":\"https:\\\/\\\/fuentesfidedignas.com.mx\\\/#\\\/schema\\\/logo\\\/image\\\/\"},\"sameAs\":[\"https:\\\/\\\/www.facebook.com\\\/Fuentes-Fidedignas-368234489921644\",\"https:\\\/\\\/x.com\\\/fidedignas\"]},{\"@type\":\"Person\",\"@id\":\"https:\\\/\\\/fuentesfidedignas.com.mx\\\/#\\\/schema\\\/person\\\/8575896a7c1067d352f6c1cd6582c389\",\"name\":\"Infobae\",\"image\":{\"@type\":\"ImageObject\",\"inLanguage\":\"es\",\"@id\":\"https:\\\/\\\/secure.gravatar.com\\\/avatar\\\/e4ec95706f8d1670343f6526fdcec45474bab17475a851434a64ca12b5acba1c?s=96&d=mm&r=g\",\"url\":\"https:\\\/\\\/secure.gravatar.com\\\/avatar\\\/e4ec95706f8d1670343f6526fdcec45474bab17475a851434a64ca12b5acba1c?s=96&d=mm&r=g\",\"contentUrl\":\"https:\\\/\\\/secure.gravatar.com\\\/avatar\\\/e4ec95706f8d1670343f6526fdcec45474bab17475a851434a64ca12b5acba1c?s=96&d=mm&r=g\",\"caption\":\"Infobae\"},\"url\":\"https:\\\/\\\/fuentesfidedignas.com.mx\\\/index.php\\\/author\\\/infobae\\\/\"}]}<\/script>\n<!-- \/ Yoast SEO plugin. -->","yoast_head_json":{"title":"Se desploma avioneta fumigadora en Culiac\u00e1n; hay un muerto - Fuentes Fidedignas","robots":{"index":"index","follow":"follow","max-snippet":"max-snippet:-1","max-image-preview":"max-image-preview:large","max-video-preview":"max-video-preview:-1"},"canonical":"https:\/\/fuentesfidedignas.com.mx\/index.php\/2022\/02\/23\/se-desploma-avioneta-fumigadora-en-culiacan-hay-un-muerto\/","og_locale":"es_MX","og_type":"article","og_title":"Se desploma avioneta fumigadora en Culiac\u00e1n; hay un muerto - Fuentes Fidedignas","og_description":"Las corporaciones policiacas y de rescate recibieron el reporte la ma\u00f1ana de este mi\u00e9rcoles, se report\u00f3 una persona fallecida Culiac\u00e1n, Sin. Autoridades municipales reportaron el desplome de una avioneta fumigadora en la sindicatura de Emiliano Zapata. Seg\u00fan informaci\u00f3n oficial el reporte se hizo a las 11:00 horas de este 23 de febrero. Agentes de diferentes [&hellip;]","og_url":"https:\/\/fuentesfidedignas.com.mx\/index.php\/2022\/02\/23\/se-desploma-avioneta-fumigadora-en-culiacan-hay-un-muerto\/","og_site_name":"Fuentes Fidedignas","article_publisher":"https:\/\/www.facebook.com\/Fuentes-Fidedignas-368234489921644","article_published_time":"2022-02-23T21:06:49+00:00","article_modified_time":"2022-02-23T21:07:24+00:00","og_image":[{"width":713,"height":430,"url":"https:\/\/fuentesfidedignas.com.mx\/wp-content\/uploads\/2022\/02\/images-24.jpeg","type":"image\/jpeg"}],"author":"Infobae","twitter_card":"summary_large_image","twitter_creator":"@fidedignas","twitter_site":"@fidedignas","twitter_misc":{"Escrito por":"Infobae","Tiempo de lectura":"2 minutos"},"schema":{"@context":"https:\/\/schema.org","@graph":[{"@type":"Article","@id":"https:\/\/fuentesfidedignas.com.mx\/index.php\/2022\/02\/23\/se-desploma-avioneta-fumigadora-en-culiacan-hay-un-muerto\/#article","isPartOf":{"@id":"https:\/\/fuentesfidedignas.com.mx\/index.php\/2022\/02\/23\/se-desploma-avioneta-fumigadora-en-culiacan-hay-un-muerto\/"},"author":{"name":"Infobae","@id":"https:\/\/fuentesfidedignas.com.mx\/#\/schema\/person\/8575896a7c1067d352f6c1cd6582c389"},"headline":"Se desploma avioneta fumigadora en Culiac\u00e1n; hay un muerto","datePublished":"2022-02-23T21:06:49+00:00","dateModified":"2022-02-23T21:07:24+00:00","mainEntityOfPage":{"@id":"https:\/\/fuentesfidedignas.com.mx\/index.php\/2022\/02\/23\/se-desploma-avioneta-fumigadora-en-culiacan-hay-un-muerto\/"},"wordCount":245,"commentCount":0,"publisher":{"@id":"https:\/\/fuentesfidedignas.com.mx\/#organization"},"image":{"@id":"https:\/\/fuentesfidedignas.com.mx\/index.php\/2022\/02\/23\/se-desploma-avioneta-fumigadora-en-culiacan-hay-un-muerto\/#primaryimage"},"thumbnailUrl":"https:\/\/fuentesfidedignas.com.mx\/wp-content\/uploads\/2022\/02\/images-24.jpeg","articleSection":["NOTICIAS LOCALES"],"inLanguage":"es","potentialAction":[{"@type":"CommentAction","name":"Comment","target":["https:\/\/fuentesfidedignas.com.mx\/index.php\/2022\/02\/23\/se-desploma-avioneta-fumigadora-en-culiacan-hay-un-muerto\/#respond"]}]},{"@type":"WebPage","@id":"https:\/\/fuentesfidedignas.com.mx\/index.php\/2022\/02\/23\/se-desploma-avioneta-fumigadora-en-culiacan-hay-un-muerto\/","url":"https:\/\/fuentesfidedignas.com.mx\/index.php\/2022\/02\/23\/se-desploma-avioneta-fumigadora-en-culiacan-hay-un-muerto\/","name":"Se desploma avioneta fumigadora en Culiac\u00e1n; hay un muerto - Fuentes Fidedignas","isPartOf":{"@id":"https:\/\/fuentesfidedignas.com.mx\/#website"},"primaryImageOfPage":{"@id":"https:\/\/fuentesfidedignas.com.mx\/index.php\/2022\/02\/23\/se-desploma-avioneta-fumigadora-en-culiacan-hay-un-muerto\/#primaryimage"},"image":{"@id":"https:\/\/fuentesfidedignas.com.mx\/index.php\/2022\/02\/23\/se-desploma-avioneta-fumigadora-en-culiacan-hay-un-muerto\/#primaryimage"},"thumbnailUrl":"https:\/\/fuentesfidedignas.com.mx\/wp-content\/uploads\/2022\/02\/images-24.jpeg","datePublished":"2022-02-23T21:06:49+00:00","dateModified":"2022-02-23T21:07:24+00:00","breadcrumb":{"@id":"https:\/\/fuentesfidedignas.com.mx\/index.php\/2022\/02\/23\/se-desploma-avioneta-fumigadora-en-culiacan-hay-un-muerto\/#breadcrumb"},"inLanguage":"es","potentialAction":[{"@type":"ReadAction","target":["https:\/\/fuentesfidedignas.com.mx\/index.php\/2022\/02\/23\/se-desploma-avioneta-fumigadora-en-culiacan-hay-un-muerto\/"]}]},{"@type":"ImageObject","inLanguage":"es","@id":"https:\/\/fuentesfidedignas.com.mx\/index.php\/2022\/02\/23\/se-desploma-avioneta-fumigadora-en-culiacan-hay-un-muerto\/#primaryimage","url":"https:\/\/fuentesfidedignas.com.mx\/wp-content\/uploads\/2022\/02\/images-24.jpeg","contentUrl":"https:\/\/fuentesfidedignas.com.mx\/wp-content\/uploads\/2022\/02\/images-24.jpeg","width":713,"height":430},{"@type":"BreadcrumbList","@id":"https:\/\/fuentesfidedignas.com.mx\/index.php\/2022\/02\/23\/se-desploma-avioneta-fumigadora-en-culiacan-hay-un-muerto\/#breadcrumb","itemListElement":[{"@type":"ListItem","position":1,"name":"Inicio","item":"https:\/\/fuentesfidedignas.com.mx\/"},{"@type":"ListItem","position":2,"name":"Se desploma avioneta fumigadora en Culiac\u00e1n; hay un muerto"}]},{"@type":"WebSite","@id":"https:\/\/fuentesfidedignas.com.mx\/#website","url":"https:\/\/fuentesfidedignas.com.mx\/","name":"Fuentes Fidedignas","description":"Otro sitio realizado con WordPress","publisher":{"@id":"https:\/\/fuentesfidedignas.com.mx\/#organization"},"potentialAction":[{"@type":"SearchAction","target":{"@type":"EntryPoint","urlTemplate":"https:\/\/fuentesfidedignas.com.mx\/?s={search_term_string}"},"query-input":{"@type":"PropertyValueSpecification","valueRequired":true,"valueName":"search_term_string"}}],"inLanguage":"es"},{"@type":"Organization","@id":"https:\/\/fuentesfidedignas.com.mx\/#organization","name":"Fuentes Fidedignas","url":"https:\/\/fuentesfidedignas.com.mx\/","logo":{"@type":"ImageObject","inLanguage":"es","@id":"https:\/\/fuentesfidedignas.com.mx\/#\/schema\/logo\/image\/","url":"https:\/\/fuentesfidedignas.com.mx\/wp-content\/uploads\/2021\/04\/logo-retina.png","contentUrl":"https:\/\/fuentesfidedignas.com.mx\/wp-content\/uploads\/2021\/04\/logo-retina.png","width":280,"height":51,"caption":"Fuentes Fidedignas"},"image":{"@id":"https:\/\/fuentesfidedignas.com.mx\/#\/schema\/logo\/image\/"},"sameAs":["https:\/\/www.facebook.com\/Fuentes-Fidedignas-368234489921644","https:\/\/x.com\/fidedignas"]},{"@type":"Person","@id":"https:\/\/fuentesfidedignas.com.mx\/#\/schema\/person\/8575896a7c1067d352f6c1cd6582c389","name":"Infobae","image":{"@type":"ImageObject","inLanguage":"es","@id":"https:\/\/secure.gravatar.com\/avatar\/e4ec95706f8d1670343f6526fdcec45474bab17475a851434a64ca12b5acba1c?s=96&d=mm&r=g","url":"https:\/\/secure.gravatar.com\/avatar\/e4ec95706f8d1670343f6526fdcec45474bab17475a851434a64ca12b5acba1c?s=96&d=mm&r=g","contentUrl":"https:\/\/secure.gravatar.com\/avatar\/e4ec95706f8d1670343f6526fdcec45474bab17475a851434a64ca12b5acba1c?s=96&d=mm&r=g","caption":"Infobae"},"url":"https:\/\/fuentesfidedignas.com.mx\/index.php\/author\/infobae\/"}]}},"_links":{"self":[{"href":"https:\/\/fuentesfidedignas.com.mx\/index.php\/wp-json\/wp\/v2\/posts\/24695","targetHints":{"allow":["GET"]}}],"collection":[{"href":"https:\/\/fuentesfidedignas.com.mx\/index.php\/wp-json\/wp\/v2\/posts"}],"about":[{"href":"https:\/\/fuentesfidedignas.com.mx\/index.php\/wp-json\/wp\/v2\/types\/post"}],"author":[{"embeddable":true,"href":"https:\/\/fuentesfidedignas.com.mx\/index.php\/wp-json\/wp\/v2\/users\/41"}],"replies":[{"embeddable":true,"href":"https:\/\/fuentesfidedignas.com.mx\/index.php\/wp-json\/wp\/v2\/comments?post=24695"}],"version-history":[{"count":1,"href":"https:\/\/fuentesfidedignas.com.mx\/index.php\/wp-json\/wp\/v2\/posts\/24695\/revisions"}],"predecessor-version":[{"id":24696,"href":"https:\/\/fuentesfidedignas.com.mx\/index.php\/wp-json\/wp\/v2\/posts\/24695\/revisions\/24696"}],"wp:featuredmedia":[{"embeddable":true,"href":"https:\/\/fuentesfidedignas.com.mx\/index.php\/wp-json\/wp\/v2\/media\/24697"}],"wp:attachment":[{"href":"https:\/\/fuentesfidedignas.com.mx\/index.php\/wp-json\/wp\/v2\/media?parent=24695"}],"wp:term":[{"taxonomy":"category","embeddable":true,"href":"https:\/\/fuentesfidedignas.com.mx\/index.php\/wp-json\/wp\/v2\/categories?post=24695"},{"taxonomy":"post_tag","embeddable":true,"href":"https:\/\/fuentesfidedignas.com.mx\/index.php\/wp-json\/wp\/v2\/tags?post=24695"}],"curies":[{"name":"wp","href":"https:\/\/api.w.org\/{rel}","templated":true}]}}