{"id":24690,"date":"2022-02-23T13:48:27","date_gmt":"2022-02-23T20:48:27","guid":{"rendered":"https:\/\/fuentesfidedignas.com.mx\/?p=24690"},"modified":"2022-02-23T13:49:11","modified_gmt":"2022-02-23T20:49:11","slug":"mujeres-controlaran-trafico-vehicular-y-movilidad-peatonal-en-el-primer-cuadro-de-los-mochis","status":"publish","type":"post","link":"https:\/\/fuentesfidedignas.com.mx\/index.php\/2022\/02\/23\/mujeres-controlaran-trafico-vehicular-y-movilidad-peatonal-en-el-primer-cuadro-de-los-mochis\/","title":{"rendered":"Mujeres controlar\u00e1n tr\u00e1fico vehicular y movilidad peatonal en el primer cuadro de Los Mochis"},"content":{"rendered":"\n<p><strong><em>En dos meses las Auxiliares Viales estar\u00e1n controlando el tr\u00e1fico vehicular y movilidad peatonal en el primer cuadro de la ciudad, apoyando de esta manera a elementos de Tr\u00e1nsito Municipal<\/em><\/strong><\/p>\n\n\n\n<p>Ahome, Sin.- Para fortalecer el primer cuadro de la ciudad de Los Mochis, y que las personas acudan con mayor confianza a realizar sus actividades, se contar\u00e1 con 30 Auxiliares Viales que se desempe\u00f1ar\u00e1n como Promotoras y Educadoras Viales.<\/p>\n\n\n\n<p>Durante esta ma\u00f1ana comenz\u00f3 la capacitaci\u00f3n de estas mujeres, donde se cont\u00f3 con la presencia del Presidente Municipal de Ahome, Gerardo Octavio Vargas Landeros, quien explic\u00f3 que tras culminar con el programa de aprendizaje, las Auxiliares Viales estar\u00e1n a disposici\u00f3n de la ciudadan\u00eda, en especial en el primer cuadro de la ciudad.<\/p>\n\n\n\n<p>Detall\u00f3 que esta zona es donde muchas personas acuden a realizar sus compras, teniendo cuatro mercados, donde ya se ha reunido con los representantes de estos lugares y se han tomado importantes acuerdos.<\/p>\n\n\n\n<figure class=\"wp-block-image size-large\"><img decoding=\"async\" width=\"1599\" height=\"1066\" src=\"https:\/\/fuentesfidedignas.com.mx\/wp-content\/uploads\/2022\/02\/IMG-20220223-WA0016.jpg\" alt=\"\" class=\"wp-image-24693\"\/><\/figure>\n\n\n\n<p>El alcalde dijo que cuando se construy\u00f3 la ciudad de Los Mochis se le dio preferencia a las vialidades, pero hoy, en una reorganizaci\u00f3n, se le da preferencia a los peatones, por lo que se est\u00e1 preparando y capacitando a las Promotoras y Educadoras Viales.<\/p>\n\n\n\n<p>\u201cEntiendo que ustedes no van a tener la facultad de levantar infracciones, pero siempre van a estar acompa\u00f1adas de alguien que s\u00ed lo pueda hacer, y tambi\u00e9n entiendo que las van a estar cuidando patrullas de la Polic\u00eda Municipal y de la Direcci\u00f3n de Vialidad\u201d, expres\u00f3.<\/p>\n\n\n\n<p>Inform\u00f3 que este programa ya se ha implementado en otras ciudades como Culiac\u00e1n, teniendo excelentes resultados, por lo que en Los Mochis no tiene que ser la excepci\u00f3n.<\/p>\n\n\n\n<p>El Secretario del Ayuntamiento de Ahome, Genaro Garc\u00eda Castro, explic\u00f3 que debido a que la ciudad se ha vuelto muy din\u00e1mica, las Auxiliadoras Viales vendr\u00e1n a apoyar a la labor que ya realizan los agentes de Tr\u00e1nsito Municipal, donde ellas controlar\u00e1n el tr\u00e1fico vehicular y movilidad peatonal en el primer cuadro de la ciudad, siendo esto un programa sensible que requiere de mucha comunicaci\u00f3n con la sociedad.<\/p>\n\n\n\n<p>Julio C\u00e9sar Romanillo Montoya, Secretario de Seguridad y Protecci\u00f3n Ciudadana del Municipio de Ahome, detall\u00f3 que ser\u00e1n dos meses de capacitaci\u00f3n, donde se les instruir\u00e1 de su labor, siendo una tarea importante como la que realizan los agentes de tr\u00e1nsito y los polic\u00edas municipales.<\/p>\n\n\n\n<p>El jefe policiaco se dijo confiado de que las educadoras realizar\u00e1n un buen trabajo, el cual tambi\u00e9n consistir\u00e1 en capacitar a los ciudadanos en temas de movilidad.<\/p>\n\n\n\n<p>Por su parte Jos\u00e9 Alfredo Guti\u00e9rrez Rivera, Director de Tr\u00e1nsito Municipal, explic\u00f3 que estas mujeres contar\u00e1n con uniforme de Vialidad, quienes estar\u00e1n cuidando a peatones y ciclistas, ya que la ley de Movilidad Sustentable protege a estas personas.<\/p>\n\n\n\n<p>Durante el inicio de la capacitaci\u00f3n tambi\u00e9n estuvo presente Ver\u00f3nica Medel Arce, Directora de Turismo, quien precis\u00f3 que tambi\u00e9n se contar\u00e1 con capacitaci\u00f3n tur\u00edstica para estas 30 mujeres, lo que ser\u00e1 un complemento que ofrecer\u00e1 una mejor experiencia a los visitantes, tanto nacionales como extranjeros.<\/p>\n\n\n\n<p>La maestra Magdalena Rocha Pe\u00f1a, Secretaria de las Mujeres en Ahome, hizo un llamado a las Auxiliares Viales a que se conduzcan con respeto y se hagan respetar, subrayando que est\u00e1 a su disipaci\u00f3n para defender sus derechos humanos, entre ellos la igualdad y la erradicaci\u00f3n de la violencia contra las mujeres.<\/p>\n","protected":false},"excerpt":{"rendered":"<p>En dos meses las Auxiliares Viales estar\u00e1n controlando el tr\u00e1fico vehicular y movilidad peatonal en el primer cuadro de la ciudad, apoyando de esta manera a elementos de Tr\u00e1nsito Municipal Ahome, Sin.- Para fortalecer el primer cuadro de la ciudad de Los Mochis, y que las personas acudan con mayor confianza a realizar sus actividades, [&hellip;]<\/p>\n","protected":false},"author":4,"featured_media":24692,"comment_status":"open","ping_status":"open","sticky":false,"template":"","format":"standard","meta":{"tdm_status":"","tdm_grid_status":"","footnotes":""},"categories":[38],"tags":[278,1715,1654,518],"class_list":{"0":"post-24690","1":"post","2":"type-post","3":"status-publish","4":"format-standard","5":"has-post-thumbnail","7":"category-noticias-locales","8":"tag-ahome","9":"tag-ayuntamiento-de-ahome","10":"tag-gerardo-vargas-landeros","11":"tag-los-mochis"},"yoast_head":"<!-- This site is optimized with the Yoast SEO plugin v27.5 - https:\/\/yoast.com\/product\/yoast-seo-wordpress\/ -->\n<title>Mujeres controlar\u00e1n tr\u00e1fico vehicular y movilidad peatonal en el primer cuadro de Los Mochis - Fuentes Fidedignas<\/title>\n<meta name=\"robots\" content=\"index, follow, max-snippet:-1, max-image-preview:large, max-video-preview:-1\" \/>\n<link rel=\"canonical\" href=\"https:\/\/fuentesfidedignas.com.mx\/index.php\/2022\/02\/23\/mujeres-controlaran-trafico-vehicular-y-movilidad-peatonal-en-el-primer-cuadro-de-los-mochis\/\" \/>\n<meta property=\"og:locale\" content=\"es_MX\" \/>\n<meta property=\"og:type\" content=\"article\" \/>\n<meta property=\"og:title\" content=\"Mujeres controlar\u00e1n tr\u00e1fico vehicular y movilidad peatonal en el primer cuadro de Los Mochis - Fuentes Fidedignas\" \/>\n<meta property=\"og:description\" content=\"En dos meses las Auxiliares Viales estar\u00e1n controlando el tr\u00e1fico vehicular y movilidad peatonal en el primer cuadro de la ciudad, apoyando de esta manera a elementos de Tr\u00e1nsito Municipal Ahome, Sin.- Para fortalecer el primer cuadro de la ciudad de Los Mochis, y que las personas acudan con mayor confianza a realizar sus actividades, [&hellip;]\" \/>\n<meta property=\"og:url\" content=\"https:\/\/fuentesfidedignas.com.mx\/index.php\/2022\/02\/23\/mujeres-controlaran-trafico-vehicular-y-movilidad-peatonal-en-el-primer-cuadro-de-los-mochis\/\" \/>\n<meta property=\"og:site_name\" content=\"Fuentes Fidedignas\" \/>\n<meta property=\"article:publisher\" content=\"https:\/\/www.facebook.com\/Fuentes-Fidedignas-368234489921644\" \/>\n<meta property=\"article:published_time\" content=\"2022-02-23T20:48:27+00:00\" \/>\n<meta property=\"article:modified_time\" content=\"2022-02-23T20:49:11+00:00\" \/>\n<meta property=\"og:image\" content=\"https:\/\/fuentesfidedignas.com.mx\/wp-content\/uploads\/2022\/02\/IMG-20220223-WA0015.jpg\" \/>\n\t<meta property=\"og:image:width\" content=\"1280\" \/>\n\t<meta property=\"og:image:height\" content=\"886\" \/>\n\t<meta property=\"og:image:type\" content=\"image\/jpeg\" \/>\n<meta name=\"author\" content=\"Redacci\u00f3n\" \/>\n<meta name=\"twitter:card\" content=\"summary_large_image\" \/>\n<meta name=\"twitter:creator\" content=\"@fidedignas\" \/>\n<meta name=\"twitter:site\" content=\"@fidedignas\" \/>\n<meta name=\"twitter:label1\" content=\"Escrito por\" \/>\n\t<meta name=\"twitter:data1\" content=\"Redacci\u00f3n\" \/>\n\t<meta name=\"twitter:label2\" content=\"Tiempo de lectura\" \/>\n\t<meta name=\"twitter:data2\" content=\"3 minutos\" \/>\n<script type=\"application\/ld+json\" class=\"yoast-schema-graph\">{\"@context\":\"https:\\\/\\\/schema.org\",\"@graph\":[{\"@type\":\"Article\",\"@id\":\"https:\\\/\\\/fuentesfidedignas.com.mx\\\/index.php\\\/2022\\\/02\\\/23\\\/mujeres-controlaran-trafico-vehicular-y-movilidad-peatonal-en-el-primer-cuadro-de-los-mochis\\\/#article\",\"isPartOf\":{\"@id\":\"https:\\\/\\\/fuentesfidedignas.com.mx\\\/index.php\\\/2022\\\/02\\\/23\\\/mujeres-controlaran-trafico-vehicular-y-movilidad-peatonal-en-el-primer-cuadro-de-los-mochis\\\/\"},\"author\":{\"name\":\"Redacci\u00f3n\",\"@id\":\"https:\\\/\\\/fuentesfidedignas.com.mx\\\/#\\\/schema\\\/person\\\/331be9283d37198e2acd5750279085b0\"},\"headline\":\"Mujeres controlar\u00e1n tr\u00e1fico vehicular y movilidad peatonal en el primer cuadro de Los Mochis\",\"datePublished\":\"2022-02-23T20:48:27+00:00\",\"dateModified\":\"2022-02-23T20:49:11+00:00\",\"mainEntityOfPage\":{\"@id\":\"https:\\\/\\\/fuentesfidedignas.com.mx\\\/index.php\\\/2022\\\/02\\\/23\\\/mujeres-controlaran-trafico-vehicular-y-movilidad-peatonal-en-el-primer-cuadro-de-los-mochis\\\/\"},\"wordCount\":606,\"commentCount\":0,\"publisher\":{\"@id\":\"https:\\\/\\\/fuentesfidedignas.com.mx\\\/#organization\"},\"image\":{\"@id\":\"https:\\\/\\\/fuentesfidedignas.com.mx\\\/index.php\\\/2022\\\/02\\\/23\\\/mujeres-controlaran-trafico-vehicular-y-movilidad-peatonal-en-el-primer-cuadro-de-los-mochis\\\/#primaryimage\"},\"thumbnailUrl\":\"https:\\\/\\\/fuentesfidedignas.com.mx\\\/wp-content\\\/uploads\\\/2022\\\/02\\\/IMG-20220223-WA0015.jpg\",\"keywords\":[\"Ahome\",\"Ayuntamiento de Ahome\",\"Gerardo Vargas Landeros\",\"Los Mochis\"],\"articleSection\":[\"NOTICIAS LOCALES\"],\"inLanguage\":\"es\",\"potentialAction\":[{\"@type\":\"CommentAction\",\"name\":\"Comment\",\"target\":[\"https:\\\/\\\/fuentesfidedignas.com.mx\\\/index.php\\\/2022\\\/02\\\/23\\\/mujeres-controlaran-trafico-vehicular-y-movilidad-peatonal-en-el-primer-cuadro-de-los-mochis\\\/#respond\"]}]},{\"@type\":\"WebPage\",\"@id\":\"https:\\\/\\\/fuentesfidedignas.com.mx\\\/index.php\\\/2022\\\/02\\\/23\\\/mujeres-controlaran-trafico-vehicular-y-movilidad-peatonal-en-el-primer-cuadro-de-los-mochis\\\/\",\"url\":\"https:\\\/\\\/fuentesfidedignas.com.mx\\\/index.php\\\/2022\\\/02\\\/23\\\/mujeres-controlaran-trafico-vehicular-y-movilidad-peatonal-en-el-primer-cuadro-de-los-mochis\\\/\",\"name\":\"Mujeres controlar\u00e1n tr\u00e1fico vehicular y movilidad peatonal en el primer cuadro de Los Mochis - Fuentes Fidedignas\",\"isPartOf\":{\"@id\":\"https:\\\/\\\/fuentesfidedignas.com.mx\\\/#website\"},\"primaryImageOfPage\":{\"@id\":\"https:\\\/\\\/fuentesfidedignas.com.mx\\\/index.php\\\/2022\\\/02\\\/23\\\/mujeres-controlaran-trafico-vehicular-y-movilidad-peatonal-en-el-primer-cuadro-de-los-mochis\\\/#primaryimage\"},\"image\":{\"@id\":\"https:\\\/\\\/fuentesfidedignas.com.mx\\\/index.php\\\/2022\\\/02\\\/23\\\/mujeres-controlaran-trafico-vehicular-y-movilidad-peatonal-en-el-primer-cuadro-de-los-mochis\\\/#primaryimage\"},\"thumbnailUrl\":\"https:\\\/\\\/fuentesfidedignas.com.mx\\\/wp-content\\\/uploads\\\/2022\\\/02\\\/IMG-20220223-WA0015.jpg\",\"datePublished\":\"2022-02-23T20:48:27+00:00\",\"dateModified\":\"2022-02-23T20:49:11+00:00\",\"breadcrumb\":{\"@id\":\"https:\\\/\\\/fuentesfidedignas.com.mx\\\/index.php\\\/2022\\\/02\\\/23\\\/mujeres-controlaran-trafico-vehicular-y-movilidad-peatonal-en-el-primer-cuadro-de-los-mochis\\\/#breadcrumb\"},\"inLanguage\":\"es\",\"potentialAction\":[{\"@type\":\"ReadAction\",\"target\":[\"https:\\\/\\\/fuentesfidedignas.com.mx\\\/index.php\\\/2022\\\/02\\\/23\\\/mujeres-controlaran-trafico-vehicular-y-movilidad-peatonal-en-el-primer-cuadro-de-los-mochis\\\/\"]}]},{\"@type\":\"ImageObject\",\"inLanguage\":\"es\",\"@id\":\"https:\\\/\\\/fuentesfidedignas.com.mx\\\/index.php\\\/2022\\\/02\\\/23\\\/mujeres-controlaran-trafico-vehicular-y-movilidad-peatonal-en-el-primer-cuadro-de-los-mochis\\\/#primaryimage\",\"url\":\"https:\\\/\\\/fuentesfidedignas.com.mx\\\/wp-content\\\/uploads\\\/2022\\\/02\\\/IMG-20220223-WA0015.jpg\",\"contentUrl\":\"https:\\\/\\\/fuentesfidedignas.com.mx\\\/wp-content\\\/uploads\\\/2022\\\/02\\\/IMG-20220223-WA0015.jpg\",\"width\":1280,\"height\":886},{\"@type\":\"BreadcrumbList\",\"@id\":\"https:\\\/\\\/fuentesfidedignas.com.mx\\\/index.php\\\/2022\\\/02\\\/23\\\/mujeres-controlaran-trafico-vehicular-y-movilidad-peatonal-en-el-primer-cuadro-de-los-mochis\\\/#breadcrumb\",\"itemListElement\":[{\"@type\":\"ListItem\",\"position\":1,\"name\":\"Inicio\",\"item\":\"https:\\\/\\\/fuentesfidedignas.com.mx\\\/\"},{\"@type\":\"ListItem\",\"position\":2,\"name\":\"Mujeres controlar\u00e1n tr\u00e1fico vehicular y movilidad peatonal en el primer cuadro de Los Mochis\"}]},{\"@type\":\"WebSite\",\"@id\":\"https:\\\/\\\/fuentesfidedignas.com.mx\\\/#website\",\"url\":\"https:\\\/\\\/fuentesfidedignas.com.mx\\\/\",\"name\":\"Fuentes Fidedignas\",\"description\":\"Otro sitio realizado con WordPress\",\"publisher\":{\"@id\":\"https:\\\/\\\/fuentesfidedignas.com.mx\\\/#organization\"},\"potentialAction\":[{\"@type\":\"SearchAction\",\"target\":{\"@type\":\"EntryPoint\",\"urlTemplate\":\"https:\\\/\\\/fuentesfidedignas.com.mx\\\/?s={search_term_string}\"},\"query-input\":{\"@type\":\"PropertyValueSpecification\",\"valueRequired\":true,\"valueName\":\"search_term_string\"}}],\"inLanguage\":\"es\"},{\"@type\":\"Organization\",\"@id\":\"https:\\\/\\\/fuentesfidedignas.com.mx\\\/#organization\",\"name\":\"Fuentes Fidedignas\",\"url\":\"https:\\\/\\\/fuentesfidedignas.com.mx\\\/\",\"logo\":{\"@type\":\"ImageObject\",\"inLanguage\":\"es\",\"@id\":\"https:\\\/\\\/fuentesfidedignas.com.mx\\\/#\\\/schema\\\/logo\\\/image\\\/\",\"url\":\"https:\\\/\\\/fuentesfidedignas.com.mx\\\/wp-content\\\/uploads\\\/2021\\\/04\\\/logo-retina.png\",\"contentUrl\":\"https:\\\/\\\/fuentesfidedignas.com.mx\\\/wp-content\\\/uploads\\\/2021\\\/04\\\/logo-retina.png\",\"width\":280,\"height\":51,\"caption\":\"Fuentes Fidedignas\"},\"image\":{\"@id\":\"https:\\\/\\\/fuentesfidedignas.com.mx\\\/#\\\/schema\\\/logo\\\/image\\\/\"},\"sameAs\":[\"https:\\\/\\\/www.facebook.com\\\/Fuentes-Fidedignas-368234489921644\",\"https:\\\/\\\/x.com\\\/fidedignas\"]},{\"@type\":\"Person\",\"@id\":\"https:\\\/\\\/fuentesfidedignas.com.mx\\\/#\\\/schema\\\/person\\\/331be9283d37198e2acd5750279085b0\",\"name\":\"Redacci\u00f3n\",\"image\":{\"@type\":\"ImageObject\",\"inLanguage\":\"es\",\"@id\":\"https:\\\/\\\/secure.gravatar.com\\\/avatar\\\/f6d8782c11d12b2d4ad3fbb6931aeab5309937a4d6cd2fc9cfaa28a6396a5aec?s=96&d=mm&r=g\",\"url\":\"https:\\\/\\\/secure.gravatar.com\\\/avatar\\\/f6d8782c11d12b2d4ad3fbb6931aeab5309937a4d6cd2fc9cfaa28a6396a5aec?s=96&d=mm&r=g\",\"contentUrl\":\"https:\\\/\\\/secure.gravatar.com\\\/avatar\\\/f6d8782c11d12b2d4ad3fbb6931aeab5309937a4d6cd2fc9cfaa28a6396a5aec?s=96&d=mm&r=g\",\"caption\":\"Redacci\u00f3n\"},\"url\":\"https:\\\/\\\/fuentesfidedignas.com.mx\\\/index.php\\\/author\\\/redaccion\\\/\"}]}<\/script>\n<!-- \/ Yoast SEO plugin. -->","yoast_head_json":{"title":"Mujeres controlar\u00e1n tr\u00e1fico vehicular y movilidad peatonal en el primer cuadro de Los Mochis - Fuentes Fidedignas","robots":{"index":"index","follow":"follow","max-snippet":"max-snippet:-1","max-image-preview":"max-image-preview:large","max-video-preview":"max-video-preview:-1"},"canonical":"https:\/\/fuentesfidedignas.com.mx\/index.php\/2022\/02\/23\/mujeres-controlaran-trafico-vehicular-y-movilidad-peatonal-en-el-primer-cuadro-de-los-mochis\/","og_locale":"es_MX","og_type":"article","og_title":"Mujeres controlar\u00e1n tr\u00e1fico vehicular y movilidad peatonal en el primer cuadro de Los Mochis - Fuentes Fidedignas","og_description":"En dos meses las Auxiliares Viales estar\u00e1n controlando el tr\u00e1fico vehicular y movilidad peatonal en el primer cuadro de la ciudad, apoyando de esta manera a elementos de Tr\u00e1nsito Municipal Ahome, Sin.- Para fortalecer el primer cuadro de la ciudad de Los Mochis, y que las personas acudan con mayor confianza a realizar sus actividades, [&hellip;]","og_url":"https:\/\/fuentesfidedignas.com.mx\/index.php\/2022\/02\/23\/mujeres-controlaran-trafico-vehicular-y-movilidad-peatonal-en-el-primer-cuadro-de-los-mochis\/","og_site_name":"Fuentes Fidedignas","article_publisher":"https:\/\/www.facebook.com\/Fuentes-Fidedignas-368234489921644","article_published_time":"2022-02-23T20:48:27+00:00","article_modified_time":"2022-02-23T20:49:11+00:00","og_image":[{"width":1280,"height":886,"url":"https:\/\/fuentesfidedignas.com.mx\/wp-content\/uploads\/2022\/02\/IMG-20220223-WA0015.jpg","type":"image\/jpeg"}],"author":"Redacci\u00f3n","twitter_card":"summary_large_image","twitter_creator":"@fidedignas","twitter_site":"@fidedignas","twitter_misc":{"Escrito por":"Redacci\u00f3n","Tiempo de lectura":"3 minutos"},"schema":{"@context":"https:\/\/schema.org","@graph":[{"@type":"Article","@id":"https:\/\/fuentesfidedignas.com.mx\/index.php\/2022\/02\/23\/mujeres-controlaran-trafico-vehicular-y-movilidad-peatonal-en-el-primer-cuadro-de-los-mochis\/#article","isPartOf":{"@id":"https:\/\/fuentesfidedignas.com.mx\/index.php\/2022\/02\/23\/mujeres-controlaran-trafico-vehicular-y-movilidad-peatonal-en-el-primer-cuadro-de-los-mochis\/"},"author":{"name":"Redacci\u00f3n","@id":"https:\/\/fuentesfidedignas.com.mx\/#\/schema\/person\/331be9283d37198e2acd5750279085b0"},"headline":"Mujeres controlar\u00e1n tr\u00e1fico vehicular y movilidad peatonal en el primer cuadro de Los Mochis","datePublished":"2022-02-23T20:48:27+00:00","dateModified":"2022-02-23T20:49:11+00:00","mainEntityOfPage":{"@id":"https:\/\/fuentesfidedignas.com.mx\/index.php\/2022\/02\/23\/mujeres-controlaran-trafico-vehicular-y-movilidad-peatonal-en-el-primer-cuadro-de-los-mochis\/"},"wordCount":606,"commentCount":0,"publisher":{"@id":"https:\/\/fuentesfidedignas.com.mx\/#organization"},"image":{"@id":"https:\/\/fuentesfidedignas.com.mx\/index.php\/2022\/02\/23\/mujeres-controlaran-trafico-vehicular-y-movilidad-peatonal-en-el-primer-cuadro-de-los-mochis\/#primaryimage"},"thumbnailUrl":"https:\/\/fuentesfidedignas.com.mx\/wp-content\/uploads\/2022\/02\/IMG-20220223-WA0015.jpg","keywords":["Ahome","Ayuntamiento de Ahome","Gerardo Vargas Landeros","Los Mochis"],"articleSection":["NOTICIAS LOCALES"],"inLanguage":"es","potentialAction":[{"@type":"CommentAction","name":"Comment","target":["https:\/\/fuentesfidedignas.com.mx\/index.php\/2022\/02\/23\/mujeres-controlaran-trafico-vehicular-y-movilidad-peatonal-en-el-primer-cuadro-de-los-mochis\/#respond"]}]},{"@type":"WebPage","@id":"https:\/\/fuentesfidedignas.com.mx\/index.php\/2022\/02\/23\/mujeres-controlaran-trafico-vehicular-y-movilidad-peatonal-en-el-primer-cuadro-de-los-mochis\/","url":"https:\/\/fuentesfidedignas.com.mx\/index.php\/2022\/02\/23\/mujeres-controlaran-trafico-vehicular-y-movilidad-peatonal-en-el-primer-cuadro-de-los-mochis\/","name":"Mujeres controlar\u00e1n tr\u00e1fico vehicular y movilidad peatonal en el primer cuadro de Los Mochis - Fuentes Fidedignas","isPartOf":{"@id":"https:\/\/fuentesfidedignas.com.mx\/#website"},"primaryImageOfPage":{"@id":"https:\/\/fuentesfidedignas.com.mx\/index.php\/2022\/02\/23\/mujeres-controlaran-trafico-vehicular-y-movilidad-peatonal-en-el-primer-cuadro-de-los-mochis\/#primaryimage"},"image":{"@id":"https:\/\/fuentesfidedignas.com.mx\/index.php\/2022\/02\/23\/mujeres-controlaran-trafico-vehicular-y-movilidad-peatonal-en-el-primer-cuadro-de-los-mochis\/#primaryimage"},"thumbnailUrl":"https:\/\/fuentesfidedignas.com.mx\/wp-content\/uploads\/2022\/02\/IMG-20220223-WA0015.jpg","datePublished":"2022-02-23T20:48:27+00:00","dateModified":"2022-02-23T20:49:11+00:00","breadcrumb":{"@id":"https:\/\/fuentesfidedignas.com.mx\/index.php\/2022\/02\/23\/mujeres-controlaran-trafico-vehicular-y-movilidad-peatonal-en-el-primer-cuadro-de-los-mochis\/#breadcrumb"},"inLanguage":"es","potentialAction":[{"@type":"ReadAction","target":["https:\/\/fuentesfidedignas.com.mx\/index.php\/2022\/02\/23\/mujeres-controlaran-trafico-vehicular-y-movilidad-peatonal-en-el-primer-cuadro-de-los-mochis\/"]}]},{"@type":"ImageObject","inLanguage":"es","@id":"https:\/\/fuentesfidedignas.com.mx\/index.php\/2022\/02\/23\/mujeres-controlaran-trafico-vehicular-y-movilidad-peatonal-en-el-primer-cuadro-de-los-mochis\/#primaryimage","url":"https:\/\/fuentesfidedignas.com.mx\/wp-content\/uploads\/2022\/02\/IMG-20220223-WA0015.jpg","contentUrl":"https:\/\/fuentesfidedignas.com.mx\/wp-content\/uploads\/2022\/02\/IMG-20220223-WA0015.jpg","width":1280,"height":886},{"@type":"BreadcrumbList","@id":"https:\/\/fuentesfidedignas.com.mx\/index.php\/2022\/02\/23\/mujeres-controlaran-trafico-vehicular-y-movilidad-peatonal-en-el-primer-cuadro-de-los-mochis\/#breadcrumb","itemListElement":[{"@type":"ListItem","position":1,"name":"Inicio","item":"https:\/\/fuentesfidedignas.com.mx\/"},{"@type":"ListItem","position":2,"name":"Mujeres controlar\u00e1n tr\u00e1fico vehicular y movilidad peatonal en el primer cuadro de Los Mochis"}]},{"@type":"WebSite","@id":"https:\/\/fuentesfidedignas.com.mx\/#website","url":"https:\/\/fuentesfidedignas.com.mx\/","name":"Fuentes Fidedignas","description":"Otro sitio realizado con WordPress","publisher":{"@id":"https:\/\/fuentesfidedignas.com.mx\/#organization"},"potentialAction":[{"@type":"SearchAction","target":{"@type":"EntryPoint","urlTemplate":"https:\/\/fuentesfidedignas.com.mx\/?s={search_term_string}"},"query-input":{"@type":"PropertyValueSpecification","valueRequired":true,"valueName":"search_term_string"}}],"inLanguage":"es"},{"@type":"Organization","@id":"https:\/\/fuentesfidedignas.com.mx\/#organization","name":"Fuentes Fidedignas","url":"https:\/\/fuentesfidedignas.com.mx\/","logo":{"@type":"ImageObject","inLanguage":"es","@id":"https:\/\/fuentesfidedignas.com.mx\/#\/schema\/logo\/image\/","url":"https:\/\/fuentesfidedignas.com.mx\/wp-content\/uploads\/2021\/04\/logo-retina.png","contentUrl":"https:\/\/fuentesfidedignas.com.mx\/wp-content\/uploads\/2021\/04\/logo-retina.png","width":280,"height":51,"caption":"Fuentes Fidedignas"},"image":{"@id":"https:\/\/fuentesfidedignas.com.mx\/#\/schema\/logo\/image\/"},"sameAs":["https:\/\/www.facebook.com\/Fuentes-Fidedignas-368234489921644","https:\/\/x.com\/fidedignas"]},{"@type":"Person","@id":"https:\/\/fuentesfidedignas.com.mx\/#\/schema\/person\/331be9283d37198e2acd5750279085b0","name":"Redacci\u00f3n","image":{"@type":"ImageObject","inLanguage":"es","@id":"https:\/\/secure.gravatar.com\/avatar\/f6d8782c11d12b2d4ad3fbb6931aeab5309937a4d6cd2fc9cfaa28a6396a5aec?s=96&d=mm&r=g","url":"https:\/\/secure.gravatar.com\/avatar\/f6d8782c11d12b2d4ad3fbb6931aeab5309937a4d6cd2fc9cfaa28a6396a5aec?s=96&d=mm&r=g","contentUrl":"https:\/\/secure.gravatar.com\/avatar\/f6d8782c11d12b2d4ad3fbb6931aeab5309937a4d6cd2fc9cfaa28a6396a5aec?s=96&d=mm&r=g","caption":"Redacci\u00f3n"},"url":"https:\/\/fuentesfidedignas.com.mx\/index.php\/author\/redaccion\/"}]}},"_links":{"self":[{"href":"https:\/\/fuentesfidedignas.com.mx\/index.php\/wp-json\/wp\/v2\/posts\/24690","targetHints":{"allow":["GET"]}}],"collection":[{"href":"https:\/\/fuentesfidedignas.com.mx\/index.php\/wp-json\/wp\/v2\/posts"}],"about":[{"href":"https:\/\/fuentesfidedignas.com.mx\/index.php\/wp-json\/wp\/v2\/types\/post"}],"author":[{"embeddable":true,"href":"https:\/\/fuentesfidedignas.com.mx\/index.php\/wp-json\/wp\/v2\/users\/4"}],"replies":[{"embeddable":true,"href":"https:\/\/fuentesfidedignas.com.mx\/index.php\/wp-json\/wp\/v2\/comments?post=24690"}],"version-history":[{"count":2,"href":"https:\/\/fuentesfidedignas.com.mx\/index.php\/wp-json\/wp\/v2\/posts\/24690\/revisions"}],"predecessor-version":[{"id":24694,"href":"https:\/\/fuentesfidedignas.com.mx\/index.php\/wp-json\/wp\/v2\/posts\/24690\/revisions\/24694"}],"wp:featuredmedia":[{"embeddable":true,"href":"https:\/\/fuentesfidedignas.com.mx\/index.php\/wp-json\/wp\/v2\/media\/24692"}],"wp:attachment":[{"href":"https:\/\/fuentesfidedignas.com.mx\/index.php\/wp-json\/wp\/v2\/media?parent=24690"}],"wp:term":[{"taxonomy":"category","embeddable":true,"href":"https:\/\/fuentesfidedignas.com.mx\/index.php\/wp-json\/wp\/v2\/categories?post=24690"},{"taxonomy":"post_tag","embeddable":true,"href":"https:\/\/fuentesfidedignas.com.mx\/index.php\/wp-json\/wp\/v2\/tags?post=24690"}],"curies":[{"name":"wp","href":"https:\/\/api.w.org\/{rel}","templated":true}]}}