{"id":24669,"date":"2022-02-23T10:16:07","date_gmt":"2022-02-23T17:16:07","guid":{"rendered":"https:\/\/fuentesfidedignas.com.mx\/?p=24669"},"modified":"2022-02-23T10:16:08","modified_gmt":"2022-02-23T17:16:08","slug":"miente-zaldivar-zavala-niega-operacion-de-estado-para-proteger-a-familia-por-guarderia-abc","status":"publish","type":"post","link":"https:\/\/fuentesfidedignas.com.mx\/index.php\/2022\/02\/23\/miente-zaldivar-zavala-niega-operacion-de-estado-para-proteger-a-familia-por-guarderia-abc\/","title":{"rendered":"\u2018Miente Zald\u00edvar\u2019: Zavala niega \u2018operaci\u00f3n de Estado\u2019 para proteger a familia por Guarder\u00eda ABC"},"content":{"rendered":"\n<p><strong><em>La hoy diputada asegur\u00f3 que a\u00fan sigue en contacto con algunas de las madres de los ni\u00f1os quemados en el incendio.<\/em><\/strong><\/p>\n\n\n\n<p>Ciudad de M\u00e9xico.- Margarita Zavala, diputada federal, rechaz\u00f3 este martes la acusaci\u00f3n del ministro presidente Arturo Zald\u00edvar de que existi\u00f3 una \u201coperaci\u00f3n de Estado\u201d para proteger a su familia por el caso de la Guarder\u00eda ABC.<\/p>\n\n\n\n<p>\u201cMiente al decir que hubo una operaci\u00f3n para proteger a mi familia. La concesi\u00f3n fue de a\u00f1os antes que @FelipeCalderon entrara a la presidencia. Y fue el propio gobierno federal el que denunci\u00f3 y obtuvo \u00f3rdenes de aprehensi\u00f3n incluso contra una pariente m\u00eda en sexto grado y otros\u201d, public\u00f3 en su cuenta de Twitter.<\/p>\n\n\n\n<p>El ministro presidente de la Suprema Corte de Justicia de la Naci\u00f3n dijo que existi\u00f3 \u201cuna operaci\u00f3n de Estado para proteger a la familia de la esposa del presidente, para proteger a los altos funcionarios p\u00fablicos de ese Gobierno\u201d.<\/p>\n\n\n\n<p>El magistrado incluso relat\u00f3 que el entonces secretario de Gobernaci\u00f3n, Fernando G\u00f3mez-Mont, discuti\u00f3 con \u00e9l cuando le avis\u00f3 el sentido de la ponencia que presentar\u00eda ante el Pleno de la Corte.<\/p>\n\n\n\n<p>\u201cDijo \u2018dice el presidente que no te apoyamos para esto\u2019, y le dije \u2018dile al presidente que postul\u00f3 a un ministro, no design\u00f3 a un secretario de Estado, que yo no soy un empleado\u201d, relat\u00f3.<\/p>\n\n\n\n<p>Zald\u00edvar se\u00f1al\u00f3 que en entrevistas con madres y padres de familia de menores quemados y lesionados, estos le comentaron que el Gobierno del entonces presidente Felipe Calder\u00f3n evit\u00f3 el traslado de sus hijos a un hospital en Estados Unidos para \u201cevitar que el esc\u00e1ndalo se hiciera m\u00e1s grande\u201d.<\/p>\n\n\n\n<figure class=\"wp-block-embed is-type-rich is-provider-twitter wp-block-embed-twitter\"><div class=\"wp-block-embed__wrapper\">\n<blockquote class=\"twitter-tweet\" data-width=\"550\" data-dnt=\"true\"><p lang=\"es\" dir=\"ltr\">Miente Zald\u00edvar, miente <a href=\"https:\/\/twitter.com\/ArturoZaldivarL?ref_src=twsrc%5Etfw\">@ArturoZaldivarL<\/a> <br>Ayer, mientras gastaba el erario p\u00fablico en la presentaci\u00f3n de su libro dijo que: mientras escuchaba se le \u201cocurri\u00f3\u201d \u201ccontarles una historia\u201d y dijo muchas mentiras  <br><br>Abro hilo<\/p>&mdash; Margarita Zavala (@Mzavalagc) <a href=\"https:\/\/twitter.com\/Mzavalagc\/status\/1496509314294497285?ref_src=twsrc%5Etfw\">February 23, 2022<\/a><\/blockquote><script async src=\"https:\/\/platform.twitter.com\/widgets.js\" charset=\"utf-8\"><\/script>\n<\/div><\/figure>\n\n\n\n<p>\u201cMiente Zald\u00edvar porque fue precisamente el gobierno federal el que gestion\u00f3 para que los ni\u00f1os fueran a hospitales especializados en EU. Personalmente hablaba con los directores del hospital Shriners y con la fundaci\u00f3n Michou y Mau. Y fui a visitarlos a Sacramento y a Guadalajara\u201d, asegur\u00f3 la hoy diputada federal en su cuenta de Twitter.<\/p>\n\n\n\n<p>Entre los due\u00f1os de la guarder\u00eda incendiada y en la que murieron 49 menores y 38 m\u00e1s resultaron heridos estaba Marcia Matilde Altagracia G\u00f3mez del Campo Tonella, prima de Margarita Zavala.<\/p>\n","protected":false},"excerpt":{"rendered":"<p>La hoy diputada asegur\u00f3 que a\u00fan sigue en contacto con algunas de las madres de los ni\u00f1os quemados en el incendio. Ciudad de M\u00e9xico.- Margarita Zavala, diputada federal, rechaz\u00f3 este martes la acusaci\u00f3n del ministro presidente Arturo Zald\u00edvar de que existi\u00f3 una \u201coperaci\u00f3n de Estado\u201d para proteger a su familia por el caso de la [&hellip;]<\/p>\n","protected":false},"author":21,"featured_media":24670,"comment_status":"open","ping_status":"open","sticky":false,"template":"","format":"standard","meta":{"tdm_status":"","tdm_grid_status":"","footnotes":""},"categories":[39],"tags":[304,2406,2405],"class_list":{"0":"post-24669","1":"post","2":"type-post","3":"status-publish","4":"format-standard","5":"has-post-thumbnail","7":"category-noticias-nacionales","8":"tag-felipe-calderon","9":"tag-guarderia-abc","10":"tag-margarita-zavala"},"yoast_head":"<!-- This site is optimized with the Yoast SEO plugin v27.4 - https:\/\/yoast.com\/product\/yoast-seo-wordpress\/ -->\n<title>\u2018Miente Zald\u00edvar\u2019: Zavala niega \u2018operaci\u00f3n de Estado\u2019 para proteger a familia por Guarder\u00eda ABC - Fuentes Fidedignas<\/title>\n<meta name=\"robots\" content=\"index, follow, max-snippet:-1, max-image-preview:large, max-video-preview:-1\" \/>\n<link rel=\"canonical\" href=\"https:\/\/fuentesfidedignas.com.mx\/index.php\/2022\/02\/23\/miente-zaldivar-zavala-niega-operacion-de-estado-para-proteger-a-familia-por-guarderia-abc\/\" \/>\n<meta property=\"og:locale\" content=\"es_MX\" \/>\n<meta property=\"og:type\" content=\"article\" \/>\n<meta property=\"og:title\" content=\"\u2018Miente Zald\u00edvar\u2019: Zavala niega \u2018operaci\u00f3n de Estado\u2019 para proteger a familia por Guarder\u00eda ABC - Fuentes Fidedignas\" \/>\n<meta property=\"og:description\" content=\"La hoy diputada asegur\u00f3 que a\u00fan sigue en contacto con algunas de las madres de los ni\u00f1os quemados en el incendio. Ciudad de M\u00e9xico.- Margarita Zavala, diputada federal, rechaz\u00f3 este martes la acusaci\u00f3n del ministro presidente Arturo Zald\u00edvar de que existi\u00f3 una \u201coperaci\u00f3n de Estado\u201d para proteger a su familia por el caso de la [&hellip;]\" \/>\n<meta property=\"og:url\" content=\"https:\/\/fuentesfidedignas.com.mx\/index.php\/2022\/02\/23\/miente-zaldivar-zavala-niega-operacion-de-estado-para-proteger-a-familia-por-guarderia-abc\/\" \/>\n<meta property=\"og:site_name\" content=\"Fuentes Fidedignas\" \/>\n<meta property=\"article:publisher\" content=\"https:\/\/www.facebook.com\/Fuentes-Fidedignas-368234489921644\" \/>\n<meta property=\"article:published_time\" content=\"2022-02-23T17:16:07+00:00\" \/>\n<meta property=\"article:modified_time\" content=\"2022-02-23T17:16:08+00:00\" \/>\n<meta property=\"og:image\" content=\"https:\/\/fuentesfidedignas.com.mx\/wp-content\/uploads\/2022\/02\/MARGARITA_ZAVALA.jpeg\" \/>\n\t<meta property=\"og:image:width\" content=\"800\" \/>\n\t<meta property=\"og:image:height\" content=\"534\" \/>\n\t<meta property=\"og:image:type\" content=\"image\/jpeg\" \/>\n<meta name=\"author\" content=\"El Financiero\" \/>\n<meta name=\"twitter:card\" content=\"summary_large_image\" \/>\n<meta name=\"twitter:creator\" content=\"@fidedignas\" \/>\n<meta name=\"twitter:site\" content=\"@fidedignas\" \/>\n<meta name=\"twitter:label1\" content=\"Escrito por\" \/>\n\t<meta name=\"twitter:data1\" content=\"El Financiero\" \/>\n\t<meta name=\"twitter:label2\" content=\"Tiempo de lectura\" \/>\n\t<meta name=\"twitter:data2\" content=\"2 minutos\" \/>\n<script type=\"application\/ld+json\" class=\"yoast-schema-graph\">{\"@context\":\"https:\\\/\\\/schema.org\",\"@graph\":[{\"@type\":\"Article\",\"@id\":\"https:\\\/\\\/fuentesfidedignas.com.mx\\\/index.php\\\/2022\\\/02\\\/23\\\/miente-zaldivar-zavala-niega-operacion-de-estado-para-proteger-a-familia-por-guarderia-abc\\\/#article\",\"isPartOf\":{\"@id\":\"https:\\\/\\\/fuentesfidedignas.com.mx\\\/index.php\\\/2022\\\/02\\\/23\\\/miente-zaldivar-zavala-niega-operacion-de-estado-para-proteger-a-familia-por-guarderia-abc\\\/\"},\"author\":{\"name\":\"El Financiero\",\"@id\":\"https:\\\/\\\/fuentesfidedignas.com.mx\\\/#\\\/schema\\\/person\\\/494f7e0dce8dfaaec5b64f16615b78e9\"},\"headline\":\"\u2018Miente Zald\u00edvar\u2019: Zavala niega \u2018operaci\u00f3n de Estado\u2019 para proteger a familia por Guarder\u00eda ABC\",\"datePublished\":\"2022-02-23T17:16:07+00:00\",\"dateModified\":\"2022-02-23T17:16:08+00:00\",\"mainEntityOfPage\":{\"@id\":\"https:\\\/\\\/fuentesfidedignas.com.mx\\\/index.php\\\/2022\\\/02\\\/23\\\/miente-zaldivar-zavala-niega-operacion-de-estado-para-proteger-a-familia-por-guarderia-abc\\\/\"},\"wordCount\":429,\"commentCount\":0,\"publisher\":{\"@id\":\"https:\\\/\\\/fuentesfidedignas.com.mx\\\/#organization\"},\"image\":{\"@id\":\"https:\\\/\\\/fuentesfidedignas.com.mx\\\/index.php\\\/2022\\\/02\\\/23\\\/miente-zaldivar-zavala-niega-operacion-de-estado-para-proteger-a-familia-por-guarderia-abc\\\/#primaryimage\"},\"thumbnailUrl\":\"https:\\\/\\\/fuentesfidedignas.com.mx\\\/wp-content\\\/uploads\\\/2022\\\/02\\\/MARGARITA_ZAVALA.jpeg\",\"keywords\":[\"Felipe Calder\u00f3n\",\"Guarder\u00eda ABC\",\"Margarita Zavala\"],\"articleSection\":[\"NOTICIAS NACIONALES\"],\"inLanguage\":\"es\",\"potentialAction\":[{\"@type\":\"CommentAction\",\"name\":\"Comment\",\"target\":[\"https:\\\/\\\/fuentesfidedignas.com.mx\\\/index.php\\\/2022\\\/02\\\/23\\\/miente-zaldivar-zavala-niega-operacion-de-estado-para-proteger-a-familia-por-guarderia-abc\\\/#respond\"]}]},{\"@type\":\"WebPage\",\"@id\":\"https:\\\/\\\/fuentesfidedignas.com.mx\\\/index.php\\\/2022\\\/02\\\/23\\\/miente-zaldivar-zavala-niega-operacion-de-estado-para-proteger-a-familia-por-guarderia-abc\\\/\",\"url\":\"https:\\\/\\\/fuentesfidedignas.com.mx\\\/index.php\\\/2022\\\/02\\\/23\\\/miente-zaldivar-zavala-niega-operacion-de-estado-para-proteger-a-familia-por-guarderia-abc\\\/\",\"name\":\"\u2018Miente Zald\u00edvar\u2019: Zavala niega \u2018operaci\u00f3n de Estado\u2019 para proteger a familia por Guarder\u00eda ABC - Fuentes Fidedignas\",\"isPartOf\":{\"@id\":\"https:\\\/\\\/fuentesfidedignas.com.mx\\\/#website\"},\"primaryImageOfPage\":{\"@id\":\"https:\\\/\\\/fuentesfidedignas.com.mx\\\/index.php\\\/2022\\\/02\\\/23\\\/miente-zaldivar-zavala-niega-operacion-de-estado-para-proteger-a-familia-por-guarderia-abc\\\/#primaryimage\"},\"image\":{\"@id\":\"https:\\\/\\\/fuentesfidedignas.com.mx\\\/index.php\\\/2022\\\/02\\\/23\\\/miente-zaldivar-zavala-niega-operacion-de-estado-para-proteger-a-familia-por-guarderia-abc\\\/#primaryimage\"},\"thumbnailUrl\":\"https:\\\/\\\/fuentesfidedignas.com.mx\\\/wp-content\\\/uploads\\\/2022\\\/02\\\/MARGARITA_ZAVALA.jpeg\",\"datePublished\":\"2022-02-23T17:16:07+00:00\",\"dateModified\":\"2022-02-23T17:16:08+00:00\",\"breadcrumb\":{\"@id\":\"https:\\\/\\\/fuentesfidedignas.com.mx\\\/index.php\\\/2022\\\/02\\\/23\\\/miente-zaldivar-zavala-niega-operacion-de-estado-para-proteger-a-familia-por-guarderia-abc\\\/#breadcrumb\"},\"inLanguage\":\"es\",\"potentialAction\":[{\"@type\":\"ReadAction\",\"target\":[\"https:\\\/\\\/fuentesfidedignas.com.mx\\\/index.php\\\/2022\\\/02\\\/23\\\/miente-zaldivar-zavala-niega-operacion-de-estado-para-proteger-a-familia-por-guarderia-abc\\\/\"]}]},{\"@type\":\"ImageObject\",\"inLanguage\":\"es\",\"@id\":\"https:\\\/\\\/fuentesfidedignas.com.mx\\\/index.php\\\/2022\\\/02\\\/23\\\/miente-zaldivar-zavala-niega-operacion-de-estado-para-proteger-a-familia-por-guarderia-abc\\\/#primaryimage\",\"url\":\"https:\\\/\\\/fuentesfidedignas.com.mx\\\/wp-content\\\/uploads\\\/2022\\\/02\\\/MARGARITA_ZAVALA.jpeg\",\"contentUrl\":\"https:\\\/\\\/fuentesfidedignas.com.mx\\\/wp-content\\\/uploads\\\/2022\\\/02\\\/MARGARITA_ZAVALA.jpeg\",\"width\":800,\"height\":534},{\"@type\":\"BreadcrumbList\",\"@id\":\"https:\\\/\\\/fuentesfidedignas.com.mx\\\/index.php\\\/2022\\\/02\\\/23\\\/miente-zaldivar-zavala-niega-operacion-de-estado-para-proteger-a-familia-por-guarderia-abc\\\/#breadcrumb\",\"itemListElement\":[{\"@type\":\"ListItem\",\"position\":1,\"name\":\"Inicio\",\"item\":\"https:\\\/\\\/fuentesfidedignas.com.mx\\\/\"},{\"@type\":\"ListItem\",\"position\":2,\"name\":\"\u2018Miente Zald\u00edvar\u2019: Zavala niega \u2018operaci\u00f3n de Estado\u2019 para proteger a familia por Guarder\u00eda ABC\"}]},{\"@type\":\"WebSite\",\"@id\":\"https:\\\/\\\/fuentesfidedignas.com.mx\\\/#website\",\"url\":\"https:\\\/\\\/fuentesfidedignas.com.mx\\\/\",\"name\":\"Fuentes Fidedignas\",\"description\":\"Otro sitio realizado con WordPress\",\"publisher\":{\"@id\":\"https:\\\/\\\/fuentesfidedignas.com.mx\\\/#organization\"},\"potentialAction\":[{\"@type\":\"SearchAction\",\"target\":{\"@type\":\"EntryPoint\",\"urlTemplate\":\"https:\\\/\\\/fuentesfidedignas.com.mx\\\/?s={search_term_string}\"},\"query-input\":{\"@type\":\"PropertyValueSpecification\",\"valueRequired\":true,\"valueName\":\"search_term_string\"}}],\"inLanguage\":\"es\"},{\"@type\":\"Organization\",\"@id\":\"https:\\\/\\\/fuentesfidedignas.com.mx\\\/#organization\",\"name\":\"Fuentes Fidedignas\",\"url\":\"https:\\\/\\\/fuentesfidedignas.com.mx\\\/\",\"logo\":{\"@type\":\"ImageObject\",\"inLanguage\":\"es\",\"@id\":\"https:\\\/\\\/fuentesfidedignas.com.mx\\\/#\\\/schema\\\/logo\\\/image\\\/\",\"url\":\"https:\\\/\\\/fuentesfidedignas.com.mx\\\/wp-content\\\/uploads\\\/2021\\\/04\\\/logo-retina.png\",\"contentUrl\":\"https:\\\/\\\/fuentesfidedignas.com.mx\\\/wp-content\\\/uploads\\\/2021\\\/04\\\/logo-retina.png\",\"width\":280,\"height\":51,\"caption\":\"Fuentes Fidedignas\"},\"image\":{\"@id\":\"https:\\\/\\\/fuentesfidedignas.com.mx\\\/#\\\/schema\\\/logo\\\/image\\\/\"},\"sameAs\":[\"https:\\\/\\\/www.facebook.com\\\/Fuentes-Fidedignas-368234489921644\",\"https:\\\/\\\/x.com\\\/fidedignas\"]},{\"@type\":\"Person\",\"@id\":\"https:\\\/\\\/fuentesfidedignas.com.mx\\\/#\\\/schema\\\/person\\\/494f7e0dce8dfaaec5b64f16615b78e9\",\"name\":\"El Financiero\",\"image\":{\"@type\":\"ImageObject\",\"inLanguage\":\"es\",\"@id\":\"https:\\\/\\\/secure.gravatar.com\\\/avatar\\\/88c0f3f2079389318ef8dd35c22cb997212aa89646e357ba59b318db26ed91a9?s=96&d=mm&r=g\",\"url\":\"https:\\\/\\\/secure.gravatar.com\\\/avatar\\\/88c0f3f2079389318ef8dd35c22cb997212aa89646e357ba59b318db26ed91a9?s=96&d=mm&r=g\",\"contentUrl\":\"https:\\\/\\\/secure.gravatar.com\\\/avatar\\\/88c0f3f2079389318ef8dd35c22cb997212aa89646e357ba59b318db26ed91a9?s=96&d=mm&r=g\",\"caption\":\"El Financiero\"},\"url\":\"https:\\\/\\\/fuentesfidedignas.com.mx\\\/index.php\\\/author\\\/financiero\\\/\"}]}<\/script>\n<!-- \/ Yoast SEO plugin. -->","yoast_head_json":{"title":"\u2018Miente Zald\u00edvar\u2019: Zavala niega \u2018operaci\u00f3n de Estado\u2019 para proteger a familia por Guarder\u00eda ABC - Fuentes Fidedignas","robots":{"index":"index","follow":"follow","max-snippet":"max-snippet:-1","max-image-preview":"max-image-preview:large","max-video-preview":"max-video-preview:-1"},"canonical":"https:\/\/fuentesfidedignas.com.mx\/index.php\/2022\/02\/23\/miente-zaldivar-zavala-niega-operacion-de-estado-para-proteger-a-familia-por-guarderia-abc\/","og_locale":"es_MX","og_type":"article","og_title":"\u2018Miente Zald\u00edvar\u2019: Zavala niega \u2018operaci\u00f3n de Estado\u2019 para proteger a familia por Guarder\u00eda ABC - Fuentes Fidedignas","og_description":"La hoy diputada asegur\u00f3 que a\u00fan sigue en contacto con algunas de las madres de los ni\u00f1os quemados en el incendio. Ciudad de M\u00e9xico.- Margarita Zavala, diputada federal, rechaz\u00f3 este martes la acusaci\u00f3n del ministro presidente Arturo Zald\u00edvar de que existi\u00f3 una \u201coperaci\u00f3n de Estado\u201d para proteger a su familia por el caso de la [&hellip;]","og_url":"https:\/\/fuentesfidedignas.com.mx\/index.php\/2022\/02\/23\/miente-zaldivar-zavala-niega-operacion-de-estado-para-proteger-a-familia-por-guarderia-abc\/","og_site_name":"Fuentes Fidedignas","article_publisher":"https:\/\/www.facebook.com\/Fuentes-Fidedignas-368234489921644","article_published_time":"2022-02-23T17:16:07+00:00","article_modified_time":"2022-02-23T17:16:08+00:00","og_image":[{"width":800,"height":534,"url":"https:\/\/fuentesfidedignas.com.mx\/wp-content\/uploads\/2022\/02\/MARGARITA_ZAVALA.jpeg","type":"image\/jpeg"}],"author":"El Financiero","twitter_card":"summary_large_image","twitter_creator":"@fidedignas","twitter_site":"@fidedignas","twitter_misc":{"Escrito por":"El Financiero","Tiempo de lectura":"2 minutos"},"schema":{"@context":"https:\/\/schema.org","@graph":[{"@type":"Article","@id":"https:\/\/fuentesfidedignas.com.mx\/index.php\/2022\/02\/23\/miente-zaldivar-zavala-niega-operacion-de-estado-para-proteger-a-familia-por-guarderia-abc\/#article","isPartOf":{"@id":"https:\/\/fuentesfidedignas.com.mx\/index.php\/2022\/02\/23\/miente-zaldivar-zavala-niega-operacion-de-estado-para-proteger-a-familia-por-guarderia-abc\/"},"author":{"name":"El Financiero","@id":"https:\/\/fuentesfidedignas.com.mx\/#\/schema\/person\/494f7e0dce8dfaaec5b64f16615b78e9"},"headline":"\u2018Miente Zald\u00edvar\u2019: Zavala niega \u2018operaci\u00f3n de Estado\u2019 para proteger a familia por Guarder\u00eda ABC","datePublished":"2022-02-23T17:16:07+00:00","dateModified":"2022-02-23T17:16:08+00:00","mainEntityOfPage":{"@id":"https:\/\/fuentesfidedignas.com.mx\/index.php\/2022\/02\/23\/miente-zaldivar-zavala-niega-operacion-de-estado-para-proteger-a-familia-por-guarderia-abc\/"},"wordCount":429,"commentCount":0,"publisher":{"@id":"https:\/\/fuentesfidedignas.com.mx\/#organization"},"image":{"@id":"https:\/\/fuentesfidedignas.com.mx\/index.php\/2022\/02\/23\/miente-zaldivar-zavala-niega-operacion-de-estado-para-proteger-a-familia-por-guarderia-abc\/#primaryimage"},"thumbnailUrl":"https:\/\/fuentesfidedignas.com.mx\/wp-content\/uploads\/2022\/02\/MARGARITA_ZAVALA.jpeg","keywords":["Felipe Calder\u00f3n","Guarder\u00eda ABC","Margarita Zavala"],"articleSection":["NOTICIAS NACIONALES"],"inLanguage":"es","potentialAction":[{"@type":"CommentAction","name":"Comment","target":["https:\/\/fuentesfidedignas.com.mx\/index.php\/2022\/02\/23\/miente-zaldivar-zavala-niega-operacion-de-estado-para-proteger-a-familia-por-guarderia-abc\/#respond"]}]},{"@type":"WebPage","@id":"https:\/\/fuentesfidedignas.com.mx\/index.php\/2022\/02\/23\/miente-zaldivar-zavala-niega-operacion-de-estado-para-proteger-a-familia-por-guarderia-abc\/","url":"https:\/\/fuentesfidedignas.com.mx\/index.php\/2022\/02\/23\/miente-zaldivar-zavala-niega-operacion-de-estado-para-proteger-a-familia-por-guarderia-abc\/","name":"\u2018Miente Zald\u00edvar\u2019: Zavala niega \u2018operaci\u00f3n de Estado\u2019 para proteger a familia por Guarder\u00eda ABC - Fuentes Fidedignas","isPartOf":{"@id":"https:\/\/fuentesfidedignas.com.mx\/#website"},"primaryImageOfPage":{"@id":"https:\/\/fuentesfidedignas.com.mx\/index.php\/2022\/02\/23\/miente-zaldivar-zavala-niega-operacion-de-estado-para-proteger-a-familia-por-guarderia-abc\/#primaryimage"},"image":{"@id":"https:\/\/fuentesfidedignas.com.mx\/index.php\/2022\/02\/23\/miente-zaldivar-zavala-niega-operacion-de-estado-para-proteger-a-familia-por-guarderia-abc\/#primaryimage"},"thumbnailUrl":"https:\/\/fuentesfidedignas.com.mx\/wp-content\/uploads\/2022\/02\/MARGARITA_ZAVALA.jpeg","datePublished":"2022-02-23T17:16:07+00:00","dateModified":"2022-02-23T17:16:08+00:00","breadcrumb":{"@id":"https:\/\/fuentesfidedignas.com.mx\/index.php\/2022\/02\/23\/miente-zaldivar-zavala-niega-operacion-de-estado-para-proteger-a-familia-por-guarderia-abc\/#breadcrumb"},"inLanguage":"es","potentialAction":[{"@type":"ReadAction","target":["https:\/\/fuentesfidedignas.com.mx\/index.php\/2022\/02\/23\/miente-zaldivar-zavala-niega-operacion-de-estado-para-proteger-a-familia-por-guarderia-abc\/"]}]},{"@type":"ImageObject","inLanguage":"es","@id":"https:\/\/fuentesfidedignas.com.mx\/index.php\/2022\/02\/23\/miente-zaldivar-zavala-niega-operacion-de-estado-para-proteger-a-familia-por-guarderia-abc\/#primaryimage","url":"https:\/\/fuentesfidedignas.com.mx\/wp-content\/uploads\/2022\/02\/MARGARITA_ZAVALA.jpeg","contentUrl":"https:\/\/fuentesfidedignas.com.mx\/wp-content\/uploads\/2022\/02\/MARGARITA_ZAVALA.jpeg","width":800,"height":534},{"@type":"BreadcrumbList","@id":"https:\/\/fuentesfidedignas.com.mx\/index.php\/2022\/02\/23\/miente-zaldivar-zavala-niega-operacion-de-estado-para-proteger-a-familia-por-guarderia-abc\/#breadcrumb","itemListElement":[{"@type":"ListItem","position":1,"name":"Inicio","item":"https:\/\/fuentesfidedignas.com.mx\/"},{"@type":"ListItem","position":2,"name":"\u2018Miente Zald\u00edvar\u2019: Zavala niega \u2018operaci\u00f3n de Estado\u2019 para proteger a familia por Guarder\u00eda ABC"}]},{"@type":"WebSite","@id":"https:\/\/fuentesfidedignas.com.mx\/#website","url":"https:\/\/fuentesfidedignas.com.mx\/","name":"Fuentes Fidedignas","description":"Otro sitio realizado con WordPress","publisher":{"@id":"https:\/\/fuentesfidedignas.com.mx\/#organization"},"potentialAction":[{"@type":"SearchAction","target":{"@type":"EntryPoint","urlTemplate":"https:\/\/fuentesfidedignas.com.mx\/?s={search_term_string}"},"query-input":{"@type":"PropertyValueSpecification","valueRequired":true,"valueName":"search_term_string"}}],"inLanguage":"es"},{"@type":"Organization","@id":"https:\/\/fuentesfidedignas.com.mx\/#organization","name":"Fuentes Fidedignas","url":"https:\/\/fuentesfidedignas.com.mx\/","logo":{"@type":"ImageObject","inLanguage":"es","@id":"https:\/\/fuentesfidedignas.com.mx\/#\/schema\/logo\/image\/","url":"https:\/\/fuentesfidedignas.com.mx\/wp-content\/uploads\/2021\/04\/logo-retina.png","contentUrl":"https:\/\/fuentesfidedignas.com.mx\/wp-content\/uploads\/2021\/04\/logo-retina.png","width":280,"height":51,"caption":"Fuentes Fidedignas"},"image":{"@id":"https:\/\/fuentesfidedignas.com.mx\/#\/schema\/logo\/image\/"},"sameAs":["https:\/\/www.facebook.com\/Fuentes-Fidedignas-368234489921644","https:\/\/x.com\/fidedignas"]},{"@type":"Person","@id":"https:\/\/fuentesfidedignas.com.mx\/#\/schema\/person\/494f7e0dce8dfaaec5b64f16615b78e9","name":"El Financiero","image":{"@type":"ImageObject","inLanguage":"es","@id":"https:\/\/secure.gravatar.com\/avatar\/88c0f3f2079389318ef8dd35c22cb997212aa89646e357ba59b318db26ed91a9?s=96&d=mm&r=g","url":"https:\/\/secure.gravatar.com\/avatar\/88c0f3f2079389318ef8dd35c22cb997212aa89646e357ba59b318db26ed91a9?s=96&d=mm&r=g","contentUrl":"https:\/\/secure.gravatar.com\/avatar\/88c0f3f2079389318ef8dd35c22cb997212aa89646e357ba59b318db26ed91a9?s=96&d=mm&r=g","caption":"El Financiero"},"url":"https:\/\/fuentesfidedignas.com.mx\/index.php\/author\/financiero\/"}]}},"_links":{"self":[{"href":"https:\/\/fuentesfidedignas.com.mx\/index.php\/wp-json\/wp\/v2\/posts\/24669","targetHints":{"allow":["GET"]}}],"collection":[{"href":"https:\/\/fuentesfidedignas.com.mx\/index.php\/wp-json\/wp\/v2\/posts"}],"about":[{"href":"https:\/\/fuentesfidedignas.com.mx\/index.php\/wp-json\/wp\/v2\/types\/post"}],"author":[{"embeddable":true,"href":"https:\/\/fuentesfidedignas.com.mx\/index.php\/wp-json\/wp\/v2\/users\/21"}],"replies":[{"embeddable":true,"href":"https:\/\/fuentesfidedignas.com.mx\/index.php\/wp-json\/wp\/v2\/comments?post=24669"}],"version-history":[{"count":1,"href":"https:\/\/fuentesfidedignas.com.mx\/index.php\/wp-json\/wp\/v2\/posts\/24669\/revisions"}],"predecessor-version":[{"id":24671,"href":"https:\/\/fuentesfidedignas.com.mx\/index.php\/wp-json\/wp\/v2\/posts\/24669\/revisions\/24671"}],"wp:featuredmedia":[{"embeddable":true,"href":"https:\/\/fuentesfidedignas.com.mx\/index.php\/wp-json\/wp\/v2\/media\/24670"}],"wp:attachment":[{"href":"https:\/\/fuentesfidedignas.com.mx\/index.php\/wp-json\/wp\/v2\/media?parent=24669"}],"wp:term":[{"taxonomy":"category","embeddable":true,"href":"https:\/\/fuentesfidedignas.com.mx\/index.php\/wp-json\/wp\/v2\/categories?post=24669"},{"taxonomy":"post_tag","embeddable":true,"href":"https:\/\/fuentesfidedignas.com.mx\/index.php\/wp-json\/wp\/v2\/tags?post=24669"}],"curies":[{"name":"wp","href":"https:\/\/api.w.org\/{rel}","templated":true}]}}